{"id":183091,"date":"2015-05-06T20:10:34","date_gmt":"2015-05-06T19:10:34","guid":{"rendered":"http:\/\/www.pressenza.com\/?p=183091"},"modified":"2015-05-06T20:10:34","modified_gmt":"2015-05-06T19:10:34","slug":"greenpeace-renzi-sta-con-i-petrolieri","status":"publish","type":"post","link":"https:\/\/www.pressenza.com\/it\/2015\/05\/greenpeace-renzi-sta-con-i-petrolieri\/","title":{"rendered":"Greenpeace: Renzi sta con i petrolieri"},"content":{"rendered":"<p>Nonostante gli impegni presi nelle settimane e nei mesi scorsi, oggi la maggioranza \u2013 su input del governo, e in particolare del premier Renzi e del ministro per l\u2019Ambiente Galletti \u2013 ha modificato il testo del decreto legge sugli ecoreati, stralciando il comma relativo al divieto di utilizzo della tecnica dell\u2019air gun nei nostri mari per la ricerca di idrocarburi. Il Governo ha cos\u00ec inteso garantire gli interessi delle compagnie petrolifere che vogliono ricercare o estrarre idrocarburi dai nostri mari \u2013 pagando royalties tra le pi\u00f9 basse al mondo e creando pochissimi posti di lavoro \u2013 salvaguardando la possibilit\u00e0 di ricorrere a uno strumento estremamente impattante.<\/p>\n<p>&nbsp;<\/p>\n<p>\u00abIl governo Renzi conferma la sua spiccata vocazione di servizio alle compagnie petrolifere. Ovviamente a discapito dell\u2019ambiente, del clima e di tutti i settori produttivi che possono essere danneggiati dalle trivelle a mare, turismo e pesca in primis\u00bb, dichiara Andrea Boraschi, responsabile della campagna Energia e Clima di Greenpeace. \u00abPer due gocce di petrolio, per le quali nessun Paese serio nemmeno si scomoderebbe, questi signori stanno mettendo a rischio quanto di pi\u00f9 prezioso l\u2019Italia possa offrire: le sue risorse paesaggistiche e naturali, la sua biodiversit\u00e0. Scopriranno presto che l\u2019opposizione ai loro piani \u2018fossili\u2019 \u00e8 cosa ben pi\u00f9 estesa e radicata di quanto pensino\u00bb, conclude Boraschi.<\/p>\n<p>L\u2019air gun \u00e8 una tecnica di prospezione geosismica: consiste nel sondare il fondo del mare sparando ripetutamente e con alta frequenza aria compressa contro i fondali. L\u2019impatto di questi spari (vere e proprie esplosioni) finisce per generare onde di rifrazione, usate per mappare la composizione geologica degli strati sottostanti il fondo del mare. L\u2019air gun \u00e8 quindi il primo strumento normalmente impiegato \u2013 prima dei pozzi di esplorazione \u2013 per capire se sotto i fondali marini possono esservi giacimenti gassosi o liquidi.<\/p>\n<p>La distruttivit\u00e0 di questo strumento \u00e8 largamente acclarata nel mondo scientifico. Lo scorso marzo settantacinque scienziati americani, impiegati nei pi\u00f9 importanti centri di ricerca statunitensi, hanno scritto una lettera al presidente Obama per chiedere la messa al bando di questo strumento. Nel loro appello spiegano come le prospezioni con l\u2019air gun siano \u201c<em>un rischio inaccettabile di danni seri alla vita del mare a livello di specie e di popolazioni, la cui piena entit\u00e0 sar\u00e0 pienamente compresa solo molto dopo che il danno sar\u00e0 stato fatto<\/em><strong><em>\u201d.<\/em><\/strong><\/p>\n<p>Una\u00a0<strong>campagna di prospezioni<\/strong><strong>\u00a0<\/strong>comporta di solito qualche migliaio di esplosioni, con effetti potenzialmente devastanti per la vita del mare: questi test possono causare stress comportamentali e psicologici cronici a <strong>balene<\/strong><strong>\u00a0<\/strong>e altri\u00a0<strong>cetacei<\/strong><strong>\u00a0<\/strong>(fra cui il pericolo di separare i piccoli dalle madri), provocare la morte dei pesci e danneggiare le attivit\u00e0 di pesca, interferire nei processi riproduttivi e confondere gli animali al punto di alterare le loro risposte ai predatori. Gi\u00e0 oggi l\u2019impiego dell\u2019air gun, al contrario di quanto sostenuto da Galletti in questi giorni, \u00e8 vietato sulla costa canadese e statunitense del Pacifico.Greenpeace nota anche come l\u2019intervento del governo sul comma relativo agli air gun finisca col ritardare e mettere a rischio l\u2019approvazione del testo sugli ecoreati, uno strumento normativo atteso da oltre vent\u2019anni.<\/p>\n<p>Leggi la lettera scritta a Obama da settantacinque scienziati per chiedere la messa al bando degli air gun<\/p>\n<p>&nbsp;<\/p>\n<p><a href=\"http:\/\/www.greenpeace.org\/italy\/Global\/italy\/file\/2015\/lettera%20scienziati%20airgun.pdf\">http:\/\/www.greenpeace.org\/italy\/Global\/italy\/file\/2015\/lettera scienziati airgun.pdf<\/a><\/p>\n","protected":false},"excerpt":{"rendered":"<p>Nonostante gli impegni presi nelle settimane e nei mesi scorsi, oggi la maggioranza \u2013 su input del governo, e in particolare del premier Renzi e del ministro per l\u2019Ambiente Galletti \u2013 ha modificato il testo del decreto legge sugli ecoreati,&hellip;<\/p>\n","protected":false},"author":618,"featured_media":139873,"comment_status":"closed","ping_status":"open","sticky":false,"template":"","format":"standard","meta":{"footnotes":""},"categories":[150,59,47],"tags":[17363,9209,211,4556,3769],"class_list":["post-183091","post","type-post","status-publish","format-standard","has-post-thumbnail","hentry","category-comunicati-stampa","category-ambiente-ecologia","category-europa","tag-air-gun","tag-governo-renzi","tag-greenpeace","tag-petrolieri","tag-petrolio"],"yoast_head":"<!-- This site is optimized with the Yoast SEO plugin v27.1.1 - https:\/\/yoast.com\/product\/yoast-seo-wordpress\/ -->\n<title>Greenpeace: Renzi sta con i petrolieri<\/title>\n<meta name=\"description\" content=\"Nonostante gli impegni presi nelle settimane e nei mesi scorsi, oggi la maggioranza \u2013 su input del governo, e in particolare del premier Renzi e del\" \/>\n<meta name=\"robots\" content=\"index, follow, max-snippet:-1, max-image-preview:large, max-video-preview:-1\" \/>\n<link rel=\"canonical\" href=\"https:\/\/www.pressenza.com\/it\/2015\/05\/greenpeace-renzi-sta-con-i-petrolieri\/\" \/>\n<meta property=\"og:locale\" content=\"it_IT\" \/>\n<meta property=\"og:type\" content=\"article\" \/>\n<meta property=\"og:title\" content=\"Greenpeace: Renzi sta con i petrolieri\" \/>\n<meta property=\"og:description\" content=\"Nonostante gli impegni presi nelle settimane e nei mesi scorsi, oggi la maggioranza \u2013 su input del governo, e in particolare del premier Renzi e del\" \/>\n<meta property=\"og:url\" content=\"https:\/\/www.pressenza.com\/it\/2015\/05\/greenpeace-renzi-sta-con-i-petrolieri\/\" \/>\n<meta property=\"og:site_name\" content=\"Pressenza\" \/>\n<meta property=\"article:publisher\" content=\"https:\/\/www.facebook.com\/PressenzaItalia\" \/>\n<meta property=\"article:author\" content=\"https:\/\/www.facebook.com\/GreenpeaceItalia\/\" \/>\n<meta property=\"article:published_time\" content=\"2015-05-06T19:10:34+00:00\" \/>\n<meta property=\"og:image\" content=\"https:\/\/www.pressenza.com\/wp-content\/uploads\/2014\/10\/GP-prezioso.jpg\" \/>\n\t<meta property=\"og:image:width\" content=\"800\" \/>\n\t<meta property=\"og:image:height\" content=\"534\" \/>\n\t<meta property=\"og:image:type\" content=\"image\/jpeg\" \/>\n<meta name=\"author\" content=\"Greenpeace Italia\" \/>\n<meta name=\"twitter:card\" content=\"summary_large_image\" \/>\n<meta name=\"twitter:creator\" content=\"@PressenzaIPA\" \/>\n<meta name=\"twitter:site\" content=\"@PressenzaIPA\" \/>\n<meta name=\"twitter:label1\" content=\"Scritto da\" \/>\n\t<meta name=\"twitter:data1\" content=\"Greenpeace Italia\" \/>\n\t<meta name=\"twitter:label2\" content=\"Tempo di lettura stimato\" \/>\n\t<meta name=\"twitter:data2\" content=\"3 minuti\" \/>\n<script type=\"application\/ld+json\" class=\"yoast-schema-graph\">{\"@context\":\"https:\/\/schema.org\",\"@graph\":[{\"@type\":\"Article\",\"@id\":\"https:\/\/www.pressenza.com\/it\/2015\/05\/greenpeace-renzi-sta-con-i-petrolieri\/#article\",\"isPartOf\":{\"@id\":\"https:\/\/www.pressenza.com\/it\/2015\/05\/greenpeace-renzi-sta-con-i-petrolieri\/\"},\"author\":{\"name\":\"Greenpeace Italia\",\"@id\":\"https:\/\/www.pressenza.com\/it\/#\/schema\/person\/2b5e1aef56a92e7fcda4ef0db68c28f0\"},\"headline\":\"Greenpeace: Renzi sta con i petrolieri\",\"datePublished\":\"2015-05-06T19:10:34+00:00\",\"mainEntityOfPage\":{\"@id\":\"https:\/\/www.pressenza.com\/it\/2015\/05\/greenpeace-renzi-sta-con-i-petrolieri\/\"},\"wordCount\":547,\"publisher\":{\"@id\":\"https:\/\/www.pressenza.com\/it\/#organization\"},\"image\":{\"@id\":\"https:\/\/www.pressenza.com\/it\/2015\/05\/greenpeace-renzi-sta-con-i-petrolieri\/#primaryimage\"},\"thumbnailUrl\":\"https:\/\/www.pressenza.com\/wp-content\/uploads\/2014\/10\/GP-prezioso.jpg\",\"keywords\":[\"air gun\",\"Governo Renzi\",\"Greenpeace\",\"petrolieri\",\"petrolio\"],\"articleSection\":[\"Comunicati Stampa\",\"Ecologia ed Ambiente\",\"Europa\"],\"inLanguage\":\"it-IT\"},{\"@type\":\"WebPage\",\"@id\":\"https:\/\/www.pressenza.com\/it\/2015\/05\/greenpeace-renzi-sta-con-i-petrolieri\/\",\"url\":\"https:\/\/www.pressenza.com\/it\/2015\/05\/greenpeace-renzi-sta-con-i-petrolieri\/\",\"name\":\"Greenpeace: Renzi sta con i petrolieri\",\"isPartOf\":{\"@id\":\"https:\/\/www.pressenza.com\/it\/#website\"},\"primaryImageOfPage\":{\"@id\":\"https:\/\/www.pressenza.com\/it\/2015\/05\/greenpeace-renzi-sta-con-i-petrolieri\/#primaryimage\"},\"image\":{\"@id\":\"https:\/\/www.pressenza.com\/it\/2015\/05\/greenpeace-renzi-sta-con-i-petrolieri\/#primaryimage\"},\"thumbnailUrl\":\"https:\/\/www.pressenza.com\/wp-content\/uploads\/2014\/10\/GP-prezioso.jpg\",\"datePublished\":\"2015-05-06T19:10:34+00:00\",\"description\":\"Nonostante gli impegni presi nelle settimane e nei mesi scorsi, oggi la maggioranza \u2013 su input del governo, e in particolare del premier Renzi e del\",\"breadcrumb\":{\"@id\":\"https:\/\/www.pressenza.com\/it\/2015\/05\/greenpeace-renzi-sta-con-i-petrolieri\/#breadcrumb\"},\"inLanguage\":\"it-IT\",\"potentialAction\":[{\"@type\":\"ReadAction\",\"target\":[\"https:\/\/www.pressenza.com\/it\/2015\/05\/greenpeace-renzi-sta-con-i-petrolieri\/\"]}]},{\"@type\":\"ImageObject\",\"inLanguage\":\"it-IT\",\"@id\":\"https:\/\/www.pressenza.com\/it\/2015\/05\/greenpeace-renzi-sta-con-i-petrolieri\/#primaryimage\",\"url\":\"https:\/\/www.pressenza.com\/wp-content\/uploads\/2014\/10\/GP-prezioso.jpg\",\"contentUrl\":\"https:\/\/www.pressenza.com\/wp-content\/uploads\/2014\/10\/GP-prezioso.jpg\",\"width\":800,\"height\":534},{\"@type\":\"BreadcrumbList\",\"@id\":\"https:\/\/www.pressenza.com\/it\/2015\/05\/greenpeace-renzi-sta-con-i-petrolieri\/#breadcrumb\",\"itemListElement\":[{\"@type\":\"ListItem\",\"position\":1,\"name\":\"Accueil\",\"item\":\"https:\/\/www.pressenza.com\/it\/\"},{\"@type\":\"ListItem\",\"position\":2,\"name\":\"Greenpeace: Renzi sta con i petrolieri\"}]},{\"@type\":\"WebSite\",\"@id\":\"https:\/\/www.pressenza.com\/it\/#website\",\"url\":\"https:\/\/www.pressenza.com\/it\/\",\"name\":\"Pressenza\",\"description\":\"Agenzia di Stampa Internazionale\",\"publisher\":{\"@id\":\"https:\/\/www.pressenza.com\/it\/#organization\"},\"potentialAction\":[{\"@type\":\"SearchAction\",\"target\":{\"@type\":\"EntryPoint\",\"urlTemplate\":\"https:\/\/www.pressenza.com\/it\/?s={search_term_string}\"},\"query-input\":{\"@type\":\"PropertyValueSpecification\",\"valueRequired\":true,\"valueName\":\"search_term_string\"}}],\"inLanguage\":\"it-IT\"},{\"@type\":\"Organization\",\"@id\":\"https:\/\/www.pressenza.com\/it\/#organization\",\"name\":\"Pressenza\",\"url\":\"https:\/\/www.pressenza.com\/it\/\",\"logo\":{\"@type\":\"ImageObject\",\"inLanguage\":\"it-IT\",\"@id\":\"https:\/\/www.pressenza.com\/it\/#\/schema\/logo\/image\/\",\"url\":\"https:\/\/www.pressenza.com\/wp-content\/uploads\/2022\/10\/pressenza_logo_200x200.jpg\",\"contentUrl\":\"https:\/\/www.pressenza.com\/wp-content\/uploads\/2022\/10\/pressenza_logo_200x200.jpg\",\"width\":200,\"height\":200,\"caption\":\"Pressenza\"},\"image\":{\"@id\":\"https:\/\/www.pressenza.com\/it\/#\/schema\/logo\/image\/\"},\"sameAs\":[\"https:\/\/www.facebook.com\/PressenzaItalia\",\"https:\/\/x.com\/PressenzaIPA\"]},{\"@type\":\"Person\",\"@id\":\"https:\/\/www.pressenza.com\/it\/#\/schema\/person\/2b5e1aef56a92e7fcda4ef0db68c28f0\",\"name\":\"Greenpeace Italia\",\"sameAs\":[\"http:\/\/www.greenpeace.it\",\"https:\/\/www.facebook.com\/GreenpeaceItalia\/\"],\"url\":\"https:\/\/www.pressenza.com\/it\/author\/greenpeace-italia\/\"}]}<\/script>\n<!-- \/ Yoast SEO plugin. -->","yoast_head_json":{"title":"Greenpeace: Renzi sta con i petrolieri","description":"Nonostante gli impegni presi nelle settimane e nei mesi scorsi, oggi la maggioranza \u2013 su input del governo, e in particolare del premier Renzi e del","robots":{"index":"index","follow":"follow","max-snippet":"max-snippet:-1","max-image-preview":"max-image-preview:large","max-video-preview":"max-video-preview:-1"},"canonical":"https:\/\/www.pressenza.com\/it\/2015\/05\/greenpeace-renzi-sta-con-i-petrolieri\/","og_locale":"it_IT","og_type":"article","og_title":"Greenpeace: Renzi sta con i petrolieri","og_description":"Nonostante gli impegni presi nelle settimane e nei mesi scorsi, oggi la maggioranza \u2013 su input del governo, e in particolare del premier Renzi e del","og_url":"https:\/\/www.pressenza.com\/it\/2015\/05\/greenpeace-renzi-sta-con-i-petrolieri\/","og_site_name":"Pressenza","article_publisher":"https:\/\/www.facebook.com\/PressenzaItalia","article_author":"https:\/\/www.facebook.com\/GreenpeaceItalia\/","article_published_time":"2015-05-06T19:10:34+00:00","og_image":[{"width":800,"height":534,"url":"https:\/\/www.pressenza.com\/wp-content\/uploads\/2014\/10\/GP-prezioso.jpg","type":"image\/jpeg"}],"author":"Greenpeace Italia","twitter_card":"summary_large_image","twitter_creator":"@PressenzaIPA","twitter_site":"@PressenzaIPA","twitter_misc":{"Scritto da":"Greenpeace Italia","Tempo di lettura stimato":"3 minuti"},"schema":{"@context":"https:\/\/schema.org","@graph":[{"@type":"Article","@id":"https:\/\/www.pressenza.com\/it\/2015\/05\/greenpeace-renzi-sta-con-i-petrolieri\/#article","isPartOf":{"@id":"https:\/\/www.pressenza.com\/it\/2015\/05\/greenpeace-renzi-sta-con-i-petrolieri\/"},"author":{"name":"Greenpeace Italia","@id":"https:\/\/www.pressenza.com\/it\/#\/schema\/person\/2b5e1aef56a92e7fcda4ef0db68c28f0"},"headline":"Greenpeace: Renzi sta con i petrolieri","datePublished":"2015-05-06T19:10:34+00:00","mainEntityOfPage":{"@id":"https:\/\/www.pressenza.com\/it\/2015\/05\/greenpeace-renzi-sta-con-i-petrolieri\/"},"wordCount":547,"publisher":{"@id":"https:\/\/www.pressenza.com\/it\/#organization"},"image":{"@id":"https:\/\/www.pressenza.com\/it\/2015\/05\/greenpeace-renzi-sta-con-i-petrolieri\/#primaryimage"},"thumbnailUrl":"https:\/\/www.pressenza.com\/wp-content\/uploads\/2014\/10\/GP-prezioso.jpg","keywords":["air gun","Governo Renzi","Greenpeace","petrolieri","petrolio"],"articleSection":["Comunicati Stampa","Ecologia ed Ambiente","Europa"],"inLanguage":"it-IT"},{"@type":"WebPage","@id":"https:\/\/www.pressenza.com\/it\/2015\/05\/greenpeace-renzi-sta-con-i-petrolieri\/","url":"https:\/\/www.pressenza.com\/it\/2015\/05\/greenpeace-renzi-sta-con-i-petrolieri\/","name":"Greenpeace: Renzi sta con i petrolieri","isPartOf":{"@id":"https:\/\/www.pressenza.com\/it\/#website"},"primaryImageOfPage":{"@id":"https:\/\/www.pressenza.com\/it\/2015\/05\/greenpeace-renzi-sta-con-i-petrolieri\/#primaryimage"},"image":{"@id":"https:\/\/www.pressenza.com\/it\/2015\/05\/greenpeace-renzi-sta-con-i-petrolieri\/#primaryimage"},"thumbnailUrl":"https:\/\/www.pressenza.com\/wp-content\/uploads\/2014\/10\/GP-prezioso.jpg","datePublished":"2015-05-06T19:10:34+00:00","description":"Nonostante gli impegni presi nelle settimane e nei mesi scorsi, oggi la maggioranza \u2013 su input del governo, e in particolare del premier Renzi e del","breadcrumb":{"@id":"https:\/\/www.pressenza.com\/it\/2015\/05\/greenpeace-renzi-sta-con-i-petrolieri\/#breadcrumb"},"inLanguage":"it-IT","potentialAction":[{"@type":"ReadAction","target":["https:\/\/www.pressenza.com\/it\/2015\/05\/greenpeace-renzi-sta-con-i-petrolieri\/"]}]},{"@type":"ImageObject","inLanguage":"it-IT","@id":"https:\/\/www.pressenza.com\/it\/2015\/05\/greenpeace-renzi-sta-con-i-petrolieri\/#primaryimage","url":"https:\/\/www.pressenza.com\/wp-content\/uploads\/2014\/10\/GP-prezioso.jpg","contentUrl":"https:\/\/www.pressenza.com\/wp-content\/uploads\/2014\/10\/GP-prezioso.jpg","width":800,"height":534},{"@type":"BreadcrumbList","@id":"https:\/\/www.pressenza.com\/it\/2015\/05\/greenpeace-renzi-sta-con-i-petrolieri\/#breadcrumb","itemListElement":[{"@type":"ListItem","position":1,"name":"Accueil","item":"https:\/\/www.pressenza.com\/it\/"},{"@type":"ListItem","position":2,"name":"Greenpeace: Renzi sta con i petrolieri"}]},{"@type":"WebSite","@id":"https:\/\/www.pressenza.com\/it\/#website","url":"https:\/\/www.pressenza.com\/it\/","name":"Pressenza","description":"Agenzia di Stampa Internazionale","publisher":{"@id":"https:\/\/www.pressenza.com\/it\/#organization"},"potentialAction":[{"@type":"SearchAction","target":{"@type":"EntryPoint","urlTemplate":"https:\/\/www.pressenza.com\/it\/?s={search_term_string}"},"query-input":{"@type":"PropertyValueSpecification","valueRequired":true,"valueName":"search_term_string"}}],"inLanguage":"it-IT"},{"@type":"Organization","@id":"https:\/\/www.pressenza.com\/it\/#organization","name":"Pressenza","url":"https:\/\/www.pressenza.com\/it\/","logo":{"@type":"ImageObject","inLanguage":"it-IT","@id":"https:\/\/www.pressenza.com\/it\/#\/schema\/logo\/image\/","url":"https:\/\/www.pressenza.com\/wp-content\/uploads\/2022\/10\/pressenza_logo_200x200.jpg","contentUrl":"https:\/\/www.pressenza.com\/wp-content\/uploads\/2022\/10\/pressenza_logo_200x200.jpg","width":200,"height":200,"caption":"Pressenza"},"image":{"@id":"https:\/\/www.pressenza.com\/it\/#\/schema\/logo\/image\/"},"sameAs":["https:\/\/www.facebook.com\/PressenzaItalia","https:\/\/x.com\/PressenzaIPA"]},{"@type":"Person","@id":"https:\/\/www.pressenza.com\/it\/#\/schema\/person\/2b5e1aef56a92e7fcda4ef0db68c28f0","name":"Greenpeace Italia","sameAs":["http:\/\/www.greenpeace.it","https:\/\/www.facebook.com\/GreenpeaceItalia\/"],"url":"https:\/\/www.pressenza.com\/it\/author\/greenpeace-italia\/"}]}},"place":"","original_article_url":"","_links":{"self":[{"href":"https:\/\/www.pressenza.com\/it\/wp-json\/wp\/v2\/posts\/183091","targetHints":{"allow":["GET"]}}],"collection":[{"href":"https:\/\/www.pressenza.com\/it\/wp-json\/wp\/v2\/posts"}],"about":[{"href":"https:\/\/www.pressenza.com\/it\/wp-json\/wp\/v2\/types\/post"}],"author":[{"embeddable":true,"href":"https:\/\/www.pressenza.com\/it\/wp-json\/wp\/v2\/users\/618"}],"replies":[{"embeddable":true,"href":"https:\/\/www.pressenza.com\/it\/wp-json\/wp\/v2\/comments?post=183091"}],"version-history":[{"count":0,"href":"https:\/\/www.pressenza.com\/it\/wp-json\/wp\/v2\/posts\/183091\/revisions"}],"wp:featuredmedia":[{"embeddable":true,"href":"https:\/\/www.pressenza.com\/it\/wp-json\/wp\/v2\/media\/139873"}],"wp:attachment":[{"href":"https:\/\/www.pressenza.com\/it\/wp-json\/wp\/v2\/media?parent=183091"}],"wp:term":[{"taxonomy":"category","embeddable":true,"href":"https:\/\/www.pressenza.com\/it\/wp-json\/wp\/v2\/categories?post=183091"},{"taxonomy":"post_tag","embeddable":true,"href":"https:\/\/www.pressenza.com\/it\/wp-json\/wp\/v2\/tags?post=183091"}],"curies":[{"name":"wp","href":"https:\/\/api.w.org\/{rel}","templated":true}]}}