{"id":1830189,"date":"2024-03-06T08:52:16","date_gmt":"2024-03-06T08:52:16","guid":{"rendered":"https:\/\/www.pressenza.com\/?p=1830189"},"modified":"2024-03-06T09:01:24","modified_gmt":"2024-03-06T09:01:24","slug":"trattori-in-giro-per-leuropacontro-leuropa","status":"publish","type":"post","link":"https:\/\/www.pressenza.com\/it\/2024\/03\/trattori-in-giro-per-leuropacontro-leuropa\/","title":{"rendered":"Trattori in giro per l\u2019Europa\u2026 contro l\u2019Europa?"},"content":{"rendered":"<blockquote><p><strong>In questi giorni stiamo assistendo ad imponenti manifestazioni di agricoltori di tutta Europa, spesso spontanee e non facenti riferimento ad organizzazioni professionali e sindacali rappresentative, che portano all\u2019attenzione della opinione pubblica e delle Istituzioni un profondo disagio della categoria.<\/strong><\/p><\/blockquote>\n<p>Disagio legato in primis al profondo divario che c\u2019\u00e8 tra la quantit\u00e0 di lavoro e di passione presente nel ciclo produttivo agricolo e il reddito che ne deriva che, spesso, \u00e8 pura sussistenza.<\/p>\n<p>In moltissimi casi e in modo diffuso in tutta Europa queste manifestazioni hanno individuato la Politica Agricola Europea e, in particolare, la sua recente evoluzione greening, come la responsabile di questa dicotomia. E\u2019 stato facile, per l\u2019avanzante populismo e nazionalismo europeo con alcune tragiche presenze di estrema destra come in Germania, cavalcare queste proteste in funzione anti europea in vista delle prossime elezioni, nella speranza di un tornaconto elettorale.<\/p>\n<p><strong>Gli agricoltori firmatari di questa lettera credono che le ragioni del disagio siano molto pi\u00f9 complesse e che sia necessario uno sforzo analitico importante per far che si che queste proteste creino il presupposto per affrontare il problema in modo serio e non in funzione del beneficio elettorale di qualche forza politica lasciando ai tantissimi partecipanti alle manifestazioni soltanto l\u2019amaro in bocca.<\/strong><\/p>\n<h3><strong>LE DUE AGRICOLTURE<\/strong><\/h3>\n<p>Fin dagli anni sessanta si \u00e8 andata delineando una tendenza, ormai diventata strutturale, di una netta separazione tra una agricoltura delle grandi superfici, dei grandi numeri economici, della capacit\u00e0 di investimento e di accesso al credito, legata a commodities come cereali, carne, latte \u2026 ma anche frutta e orticoltura, che per semplicit\u00e0 chiameremo Agroindustria e, dall\u2019altra parte, una agricoltura familiare molto legata al territorio, spesso marginale, di collina e di montagna ma non solo, con volumi produttivi spesso insufficienti a garantire investimenti, ma con un beneficio sociale immenso derivante dal presidio di un territorio spesso non agevole ma prezioso. Questa, sempre per semplicit\u00e0, la chiameremo agricoltura contadina.<\/p>\n<p>Le politiche agricole, nel corso degli utlimi 50 anni, hanno tendenzialmente trattato queste due agricolture nello stesso modo con il risultato di renderne sempre pi\u00f9 forte il divario.<\/p>\n<p>Dai dati ISTAT dell\u2019ultimo censimento, si evince che le aziende familiari di piccole dimensioni si sono dimezzate, mentre le altre si sono rafforzate, non nel numero, ma nelle dimensioni, diventando sempre pi\u00f9 grandi, pi\u00f9 efficienti, con grandi capacit\u00e0 di avanzamento tecnologico e di incidenza sui mercati.<\/p>\n<p>Una parziale risposta delle piccole aziende alla crisi \u00e8 stata l\u2019introduzione delle cosiddette \u201cattivit\u00e0 connesse\u201d: quali la trasformazione e vendita diretta dei prodotti, l\u2019agriturismo, l\u2019ospitalit\u00e0, le attivit\u00e0 didattiche e sociali ecc, che hanno dato respiro a quelle aziende che, per vari motivi, si sono trovate nella condizione di utilizzare questa opzione creando non solo reddito ma anche occupazione.<\/p>\n<p>Il rapporto diretto con i cittadini ha creato possibilit\u00e0 di scambi culturali e progetti condivisi.<\/p>\n<h3><strong>LA POLITICA COMUNITARIA<\/strong><\/h3>\n<p>Fino a pochissimo tempo fa e cio\u00e8 prima della proposta del nuovo regolamento comunitario, la politica comunitaria, attraverso l\u2019applicazione del sistema dei contributi, non ha quasi per nulla tenuto conto delle differenze tra le due agricolture: tanta pi\u00f9 superficie avevi, tanto pi\u00f9 contributo prendevi (primo pilastro) indipendentemente dalla tipologia della produzione, dal valore ambientale di questa, dal beneficio sociale in termini di occupazione ecc, riservando la parte di aiuto o all\u2019investimento strutturale o al beneficio ambientale (es. biologico) una quota minoritaria del suo bilancio (secondo pilastro).<\/p>\n<p>Questo bilancio, che in termini relativi assorbiva ben il 50% di tutte le risorse comunitarie e oggi si attesta sul 25%, in termini assoluti \u00e8 rimasto invariato intorno ai 55 miliardi di euro l\u2019anno (provenienti dalle tasse dei 400 milioni di cittadini).<\/p>\n<p>Con la nuova programmazione, la UE ha cercato di invertire la tendenza consolidata diminuendo progressivamente i contributi a superficie (primo pilastro) e creando sistemi di integrazione al reddito vincolati ad alcuni obiettivi di carattere generale e legati ad bisogni di protezione ambientale, di benessere animale e di salute del cibo e dei consumatori.<\/p>\n<h3><strong>LA QUESTIONE AMBIENTALE<\/strong><\/h3>\n<p>Mentre il settore agricolo in questi anni si dibatteva da un lato nella ricerca di sempre maggiore produttivit\u00e0 ed efficienza (agroindustria per semplificare) e dall\u2019altro nella diversificazione e nella territorialit\u00e0 (agricoltura contadina sempre per semplificare), nella societ\u00e0 europea prendeva sempre pi\u00f9 rilievo e consapevolezza\u00a0<em>la questione ambientale<\/em>.<\/p>\n<p>Aree vaste con problemi di inquinamento delle acque superficiali e profonde, gravi carenze idriche, diminuzione della fertilit\u00e0 dei suoli, con alcuni casi di \u201cdesertificazione\u201d, immissioni di CO2 e ammoniaca nell\u2019atmosfera, presenza di metalli pesanti ecc. con conseguenze importanti sulla salute dei cittadini.<\/p>\n<p>Una parte di queste problematiche ricade sulla responsabilit\u00e0 del settore agricolo, soprattutto in aree di grande concentrazione produttiva in corrispondenza di elevate concentrazioni antropiche (es. pianura padana, nord della Germania, Olanda e Danimarca, significative aree in Spagna e Francia ecc) per cui la UE, sotto la spinta dell\u2019opinione pubblica e delle necessit\u00e0 epidemiologico-sanitarie, ha legato le sovvenzioni ai settori produttivi sia agricoli che industriali, a comportamenti ambientalmente sostenibili e ormai indilazionabili anche in funzione dei cambiamenti climatici.<\/p>\n<p>Per il settore agricolo questo si \u00e8 concretizzato in alcuni nuovi obblighi se si vuole continuare ad aver accesso ai contributi (rotazione obbligatoria delle colture, inerbimento invernale, diminuzione dell\u2019apporto chimico di sintesi) e in alcuni obiettivi facoltativi coperti da risorse specifiche (agricoltura biologica, benessere animale, protezione delle api ecc). A nostro giudizio condizioni che, se correttamente sostenute e applicate, non vanno a deprimere i redditi (che sono depressi per altri fattori), ma addirittura li possono sostenere.<\/p>\n<h3><strong>QUALI POLITICHE<\/strong><\/h3>\n<p><strong>A nostro giudizio sarebbe grave se la UE abbandonasse, sotto la spinta della protesta e rispondendo pavida a spinte populiste, la visione di una agricoltura agroecologica che fa la sua parte nella difesa dell\u2019ambiente e contribuisce alla lotta ai cambiamenti climatici riducendo in modo progressivo la propria impronta ecologica.<\/strong><\/p>\n<p>Questo pu\u00f2 avvenire se si tiene ben presente quanto esposto precedentemente: l\u2019agricoltura \u201cagroindustriale\u201d ha bisogno di forte sostegno nella riduzione dell\u2019impatto chimico, nell\u2019adeguamento tecnologico al fine di ridurre le emissioni, nella diminuzione delle concentrazioni eccessive di animali da reddito in certe aree sensibili, nell\u2019avere protezioni assicurative contro le calamit\u00e0 ecc; l\u2019agricoltura \u201ccontadina\u201d di piccole dimensioni, familiare, di aree interne, quella che si rivolge a mercati locali e che produce beni originali e fortemente legati alla territorialit\u00e0 e offre servizi ai cittadini, ha tutt\u2019altri bisogni: semplificazione burocratica, servizi sanitari e sociali di prossimit\u00e0, sostegno alle condizioni impervie (montagna), sostegno alle produzioni di nicchia, sostegno alla diffusione e implementazione di tecniche agro-ecologiche, servizi gratuiti di assistenza tecnica e soprattutto un sostegno al reddito che ne riconosca il valore sociale, ambientale ed ecosistemico. Senza di ci\u00f2 questa agricoltura sparir\u00e0 in un breve lasso di tempo.<\/p>\n<h3><strong>Ci vogliono quindi due politiche differenziate, ma integrate.<\/strong><\/h3>\n<p>Una riduzione della tassazione indifferenziata pu\u00f2 diventare un ulteriore fattore positivo per grandi aziende che gi\u00e0 fanno reddito, ed essere al contempo insufficiente per aziende che non superano la sussistenza.<\/p>\n<p>L\u2019Europa da sessant\u2019anni, attraverso i denari impiegati nella Politica Agricola, ha contribuito ad una crescita complessiva del settore, ad una sua valorizzazione professionale, alla difesa degli spazi non edificati con il semplice permanere degli agricoltori sul territorio.<\/p>\n<p>Oggi questo tipo di politica non risponde pi\u00f9 ai bisogni del settore e pu\u00f2 contribuire ad acuire le differenze tra le agricolture: contributi indifferenziati premiamo solo le grandi aziende e marginalizzano le piccole. Ad esempio dare lo stesso premio capo\/vacca sull\u2019ecoschema 1 ad una azienda di mille vacche e ad una di cinquanta, magari in zona svantaggiata, non ha senso.<\/p>\n<p>Per affrontare con seriet\u00e0 queste problematiche ci vorrebbe una classe dirigente non legata a facili slogan e a interessi di brevissima portata e spesso in funzione di labili vantaggi elettorali.<\/p>\n<p>Anche le Organizzazioni Professionali agricole hanno la responsabilit\u00e0 di non accodarsi a questi facili slogan, ma di guidare un profondo processo di ridefinizione del ruolo dell\u2019 agricoltura nella attuale fase economica, sociale e soprattutto ambientale.<\/p>\n<p><strong>Non \u00e8, a nostro giudizio, negando e ricusando una politica per altro moderatamente greening che si risolvono queste contraddizioni. Anzi il rischio \u00e8 di dare un contentino alla protesta senza aggredire la sostanza dei problemi.<\/strong><\/p>\n<p><em>Dario Olivero, Renata Lovati \u2013 Cascina Isola Maria, Bio Albairate<\/em><\/p>\n<p><em>Gabriele Corti \u2013 Cascina Caremma Bio Besate<\/em><\/p>\n<p><em>Alberto Massa Saluzzo \u2013 Presidente Distretto Dinamo<\/em><\/p>\n<p><em>Fabio Di Stefano \u2013 Il Frutteto Botanico Bio Albairate<\/em><\/p>\n<p><em>Raffaele De Cechi \u2013 Cascina Lema Bio Robecco sul Naviglio<\/em><\/p>\n<p><em>Alberto Bosoni \u2013 S.S. Agricola del Parco Bio Abbiategrasso<\/em><\/p>\n<p><em>Giovanni Molina \u2013 Agronomo Vigevano<\/em><\/p>\n<p><em>Tommaso Gaifami \u2013 Agronomo Milano<\/em><\/p>\n<p><em>Niccol\u00f2 Reverdini \u2013 Cascina Forestina Bio Cisliano<\/em><\/p>\n<p><em>Massimo e Camilla Crugnola \u2013 Orti bio Broggini Varese<\/em><\/p>\n<p><em>Coop.Sociale Cascina Contina Rosate<\/em><\/p>\n<p><em>Rosa Zeli \u2013 Az.Agr .Corte Lidia Bio Viadana<\/em><\/p>\n<p><em>Patrizio Monticelli \u2013 Presidente Desr Parco Agr.Sud Milano Milano<\/em><\/p>\n<p><em>Peppe Galuffo \u2013 Cascina Poscallone Bio Abbiategrasso<\/em><\/p>\n<p><em>Stefano Salteri \u2013 Cascina delle mele Bio Vittuone<\/em><\/p>\n<p><em>Marco Cuneo \u2013 Cascina Gambarina Bio Abbiategrasso<\/em><\/p>\n<p><em>Maurizio Gritta in rappresentanza CDA Coop agricola.Iris Bio<\/em><\/p>\n<p><em>Gas ExAlge Milano<\/em><\/p>\n","protected":false},"excerpt":{"rendered":"<p>In questi giorni stiamo assistendo ad imponenti manifestazioni di agricoltori di tutta Europa, spesso spontanee e non facenti riferimento ad organizzazioni professionali e sindacali rappresentative, che portano all\u2019attenzione della opinione pubblica e delle Istituzioni un profondo disagio della categoria. Disagio&hellip;<\/p>\n","protected":false},"author":1972,"featured_media":1830190,"comment_status":"closed","ping_status":"closed","sticky":false,"template":"","format":"standard","meta":{"footnotes":""},"categories":[59,47,55],"tags":[87224,95501,120673,120672,4658],"class_list":["post-1830189","post","type-post","status-publish","format-standard","has-post-thumbnail","hentry","category-ambiente-ecologia","category-europa","category-politica","tag-agricoltori","tag-agrobusiness-it","tag-agroindustria-it","tag-trattori","tag-ue"],"yoast_head":"<!-- This site is optimized with the Yoast SEO plugin v27.1.1 - https:\/\/yoast.com\/product\/yoast-seo-wordpress\/ -->\n<title>Trattori in giro per l\u2019Europa\u2026 contro l\u2019Europa?<\/title>\n<meta name=\"description\" content=\"Si delinea una tendenza di una netta separazione tra una agricoltura delle grandi superfici, l&#039;Agroindustria dei grandi numeri economici, della capacit\u00e0 di investimento e di accesso al credito, e dall\u2019altra parte, una agricoltura familiare molto legata al territorio, spesso marginale, di collina e di montagna.\" \/>\n<meta name=\"robots\" content=\"index, follow, max-snippet:-1, max-image-preview:large, max-video-preview:-1\" \/>\n<link rel=\"canonical\" href=\"https:\/\/www.pressenza.com\/it\/2024\/03\/trattori-in-giro-per-leuropacontro-leuropa\/\" \/>\n<meta property=\"og:locale\" content=\"it_IT\" \/>\n<meta property=\"og:type\" content=\"article\" \/>\n<meta property=\"og:title\" content=\"Trattori in giro per l\u2019Europa\u2026 contro l\u2019Europa?\" \/>\n<meta property=\"og:description\" content=\"Si delinea una tendenza di una netta separazione tra una agricoltura delle grandi superfici, l&#039;Agroindustria dei grandi numeri economici, della capacit\u00e0 di investimento e di accesso al credito, e dall\u2019altra parte, una agricoltura familiare molto legata al territorio, spesso marginale, di collina e di montagna.\" \/>\n<meta property=\"og:url\" content=\"https:\/\/www.pressenza.com\/it\/2024\/03\/trattori-in-giro-per-leuropacontro-leuropa\/\" \/>\n<meta property=\"og:site_name\" content=\"Pressenza\" \/>\n<meta property=\"article:publisher\" content=\"https:\/\/www.facebook.com\/PressenzaItalia\" \/>\n<meta property=\"article:published_time\" content=\"2024-03-06T08:52:16+00:00\" \/>\n<meta property=\"article:modified_time\" content=\"2024-03-06T09:01:24+00:00\" \/>\n<meta property=\"og:image\" content=\"https:\/\/www.pressenza.com\/wp-content\/uploads\/2024\/03\/trattore-800x440-1.jpeg\" \/>\n\t<meta property=\"og:image:width\" content=\"800\" \/>\n\t<meta property=\"og:image:height\" content=\"440\" \/>\n\t<meta property=\"og:image:type\" content=\"image\/jpeg\" \/>\n<meta name=\"author\" content=\"Forum Salviamo il Paesaggio\" \/>\n<meta name=\"twitter:card\" content=\"summary_large_image\" \/>\n<meta name=\"twitter:creator\" content=\"@PressenzaIPA\" \/>\n<meta name=\"twitter:site\" content=\"@PressenzaIPA\" \/>\n<meta name=\"twitter:label1\" content=\"Scritto da\" \/>\n\t<meta name=\"twitter:data1\" content=\"Forum Salviamo il Paesaggio\" \/>\n\t<meta name=\"twitter:label2\" content=\"Tempo di lettura stimato\" \/>\n\t<meta name=\"twitter:data2\" content=\"7 minuti\" \/>\n<script type=\"application\/ld+json\" class=\"yoast-schema-graph\">{\"@context\":\"https:\/\/schema.org\",\"@graph\":[{\"@type\":\"Article\",\"@id\":\"https:\/\/www.pressenza.com\/it\/2024\/03\/trattori-in-giro-per-leuropacontro-leuropa\/#article\",\"isPartOf\":{\"@id\":\"https:\/\/www.pressenza.com\/it\/2024\/03\/trattori-in-giro-per-leuropacontro-leuropa\/\"},\"author\":{\"name\":\"Forum Salviamo il Paesaggio\",\"@id\":\"https:\/\/www.pressenza.com\/it\/#\/schema\/person\/cc79d286da9dc340a843c117aa9ac5eb\"},\"headline\":\"Trattori in giro per l\u2019Europa\u2026 contro l\u2019Europa?\",\"datePublished\":\"2024-03-06T08:52:16+00:00\",\"dateModified\":\"2024-03-06T09:01:24+00:00\",\"mainEntityOfPage\":{\"@id\":\"https:\/\/www.pressenza.com\/it\/2024\/03\/trattori-in-giro-per-leuropacontro-leuropa\/\"},\"wordCount\":1460,\"publisher\":{\"@id\":\"https:\/\/www.pressenza.com\/it\/#organization\"},\"image\":{\"@id\":\"https:\/\/www.pressenza.com\/it\/2024\/03\/trattori-in-giro-per-leuropacontro-leuropa\/#primaryimage\"},\"thumbnailUrl\":\"https:\/\/www.pressenza.com\/wp-content\/uploads\/2024\/03\/trattore-800x440-1.jpeg\",\"keywords\":[\"agricoltori\",\"agrobusiness\",\"agroindustria\",\"trattori\",\"UE\"],\"articleSection\":[\"Ecologia ed Ambiente\",\"Europa\",\"Politica\"],\"inLanguage\":\"it-IT\"},{\"@type\":\"WebPage\",\"@id\":\"https:\/\/www.pressenza.com\/it\/2024\/03\/trattori-in-giro-per-leuropacontro-leuropa\/\",\"url\":\"https:\/\/www.pressenza.com\/it\/2024\/03\/trattori-in-giro-per-leuropacontro-leuropa\/\",\"name\":\"Trattori in giro per l\u2019Europa\u2026 contro l\u2019Europa?\",\"isPartOf\":{\"@id\":\"https:\/\/www.pressenza.com\/it\/#website\"},\"primaryImageOfPage\":{\"@id\":\"https:\/\/www.pressenza.com\/it\/2024\/03\/trattori-in-giro-per-leuropacontro-leuropa\/#primaryimage\"},\"image\":{\"@id\":\"https:\/\/www.pressenza.com\/it\/2024\/03\/trattori-in-giro-per-leuropacontro-leuropa\/#primaryimage\"},\"thumbnailUrl\":\"https:\/\/www.pressenza.com\/wp-content\/uploads\/2024\/03\/trattore-800x440-1.jpeg\",\"datePublished\":\"2024-03-06T08:52:16+00:00\",\"dateModified\":\"2024-03-06T09:01:24+00:00\",\"description\":\"Si delinea una tendenza di una netta separazione tra una agricoltura delle grandi superfici, l'Agroindustria dei grandi numeri economici, della capacit\u00e0 di investimento e di accesso al credito, e dall\u2019altra parte, una agricoltura familiare molto legata al territorio, spesso marginale, di collina e di montagna.\",\"breadcrumb\":{\"@id\":\"https:\/\/www.pressenza.com\/it\/2024\/03\/trattori-in-giro-per-leuropacontro-leuropa\/#breadcrumb\"},\"inLanguage\":\"it-IT\",\"potentialAction\":[{\"@type\":\"ReadAction\",\"target\":[\"https:\/\/www.pressenza.com\/it\/2024\/03\/trattori-in-giro-per-leuropacontro-leuropa\/\"]}]},{\"@type\":\"ImageObject\",\"inLanguage\":\"it-IT\",\"@id\":\"https:\/\/www.pressenza.com\/it\/2024\/03\/trattori-in-giro-per-leuropacontro-leuropa\/#primaryimage\",\"url\":\"https:\/\/www.pressenza.com\/wp-content\/uploads\/2024\/03\/trattore-800x440-1.jpeg\",\"contentUrl\":\"https:\/\/www.pressenza.com\/wp-content\/uploads\/2024\/03\/trattore-800x440-1.jpeg\",\"width\":800,\"height\":440},{\"@type\":\"BreadcrumbList\",\"@id\":\"https:\/\/www.pressenza.com\/it\/2024\/03\/trattori-in-giro-per-leuropacontro-leuropa\/#breadcrumb\",\"itemListElement\":[{\"@type\":\"ListItem\",\"position\":1,\"name\":\"Accueil\",\"item\":\"https:\/\/www.pressenza.com\/it\/\"},{\"@type\":\"ListItem\",\"position\":2,\"name\":\"Trattori in giro per l\u2019Europa\u2026 contro l\u2019Europa?\"}]},{\"@type\":\"WebSite\",\"@id\":\"https:\/\/www.pressenza.com\/it\/#website\",\"url\":\"https:\/\/www.pressenza.com\/it\/\",\"name\":\"Pressenza\",\"description\":\"Agenzia di Stampa Internazionale\",\"publisher\":{\"@id\":\"https:\/\/www.pressenza.com\/it\/#organization\"},\"potentialAction\":[{\"@type\":\"SearchAction\",\"target\":{\"@type\":\"EntryPoint\",\"urlTemplate\":\"https:\/\/www.pressenza.com\/it\/?s={search_term_string}\"},\"query-input\":{\"@type\":\"PropertyValueSpecification\",\"valueRequired\":true,\"valueName\":\"search_term_string\"}}],\"inLanguage\":\"it-IT\"},{\"@type\":\"Organization\",\"@id\":\"https:\/\/www.pressenza.com\/it\/#organization\",\"name\":\"Pressenza\",\"url\":\"https:\/\/www.pressenza.com\/it\/\",\"logo\":{\"@type\":\"ImageObject\",\"inLanguage\":\"it-IT\",\"@id\":\"https:\/\/www.pressenza.com\/it\/#\/schema\/logo\/image\/\",\"url\":\"https:\/\/www.pressenza.com\/wp-content\/uploads\/2022\/10\/pressenza_logo_200x200.jpg\",\"contentUrl\":\"https:\/\/www.pressenza.com\/wp-content\/uploads\/2022\/10\/pressenza_logo_200x200.jpg\",\"width\":200,\"height\":200,\"caption\":\"Pressenza\"},\"image\":{\"@id\":\"https:\/\/www.pressenza.com\/it\/#\/schema\/logo\/image\/\"},\"sameAs\":[\"https:\/\/www.facebook.com\/PressenzaItalia\",\"https:\/\/x.com\/PressenzaIPA\"]},{\"@type\":\"Person\",\"@id\":\"https:\/\/www.pressenza.com\/it\/#\/schema\/person\/cc79d286da9dc340a843c117aa9ac5eb\",\"name\":\"Forum Salviamo il Paesaggio\",\"description\":\"Il Forum Salviamo il Paesaggio \u00e8 una grande rete nazionale formata da decine di migliaia di soggetti individuali (cio\u00e8 persone) e da oltre mille organizzazioni della societ\u00e0 civile che condividono il comune obiettivo di salvaguardare e tutelare le risorse dei paesaggi e dei territori. Nel febbraio del 2018 ha presentato al Paese e a tutte le forze politiche una innovativa Proposta di Legge PER L\u2019ARRESTO DEL CONSUMO DI SUOLO E PER IL RIUSO DEI SUOLI URBANIZZATI, incardinata nell'iter delle commissioni congiunte Ambiente e Agricoltura del Senato e ancora in (faticosa) discussione...\",\"sameAs\":[\"http:\/\/www.salviamoilpaesaggio.it\/blog\/\"],\"url\":\"https:\/\/www.pressenza.com\/it\/author\/forum-salviamo-il-paesaggio\/\"}]}<\/script>\n<!-- \/ Yoast SEO plugin. -->","yoast_head_json":{"title":"Trattori in giro per l\u2019Europa\u2026 contro l\u2019Europa?","description":"Si delinea una tendenza di una netta separazione tra una agricoltura delle grandi superfici, l'Agroindustria dei grandi numeri economici, della capacit\u00e0 di investimento e di accesso al credito, e dall\u2019altra parte, una agricoltura familiare molto legata al territorio, spesso marginale, di collina e di montagna.","robots":{"index":"index","follow":"follow","max-snippet":"max-snippet:-1","max-image-preview":"max-image-preview:large","max-video-preview":"max-video-preview:-1"},"canonical":"https:\/\/www.pressenza.com\/it\/2024\/03\/trattori-in-giro-per-leuropacontro-leuropa\/","og_locale":"it_IT","og_type":"article","og_title":"Trattori in giro per l\u2019Europa\u2026 contro l\u2019Europa?","og_description":"Si delinea una tendenza di una netta separazione tra una agricoltura delle grandi superfici, l'Agroindustria dei grandi numeri economici, della capacit\u00e0 di investimento e di accesso al credito, e dall\u2019altra parte, una agricoltura familiare molto legata al territorio, spesso marginale, di collina e di montagna.","og_url":"https:\/\/www.pressenza.com\/it\/2024\/03\/trattori-in-giro-per-leuropacontro-leuropa\/","og_site_name":"Pressenza","article_publisher":"https:\/\/www.facebook.com\/PressenzaItalia","article_published_time":"2024-03-06T08:52:16+00:00","article_modified_time":"2024-03-06T09:01:24+00:00","og_image":[{"width":800,"height":440,"url":"https:\/\/www.pressenza.com\/wp-content\/uploads\/2024\/03\/trattore-800x440-1.jpeg","type":"image\/jpeg"}],"author":"Forum Salviamo il Paesaggio","twitter_card":"summary_large_image","twitter_creator":"@PressenzaIPA","twitter_site":"@PressenzaIPA","twitter_misc":{"Scritto da":"Forum Salviamo il Paesaggio","Tempo di lettura stimato":"7 minuti"},"schema":{"@context":"https:\/\/schema.org","@graph":[{"@type":"Article","@id":"https:\/\/www.pressenza.com\/it\/2024\/03\/trattori-in-giro-per-leuropacontro-leuropa\/#article","isPartOf":{"@id":"https:\/\/www.pressenza.com\/it\/2024\/03\/trattori-in-giro-per-leuropacontro-leuropa\/"},"author":{"name":"Forum Salviamo il Paesaggio","@id":"https:\/\/www.pressenza.com\/it\/#\/schema\/person\/cc79d286da9dc340a843c117aa9ac5eb"},"headline":"Trattori in giro per l\u2019Europa\u2026 contro l\u2019Europa?","datePublished":"2024-03-06T08:52:16+00:00","dateModified":"2024-03-06T09:01:24+00:00","mainEntityOfPage":{"@id":"https:\/\/www.pressenza.com\/it\/2024\/03\/trattori-in-giro-per-leuropacontro-leuropa\/"},"wordCount":1460,"publisher":{"@id":"https:\/\/www.pressenza.com\/it\/#organization"},"image":{"@id":"https:\/\/www.pressenza.com\/it\/2024\/03\/trattori-in-giro-per-leuropacontro-leuropa\/#primaryimage"},"thumbnailUrl":"https:\/\/www.pressenza.com\/wp-content\/uploads\/2024\/03\/trattore-800x440-1.jpeg","keywords":["agricoltori","agrobusiness","agroindustria","trattori","UE"],"articleSection":["Ecologia ed Ambiente","Europa","Politica"],"inLanguage":"it-IT"},{"@type":"WebPage","@id":"https:\/\/www.pressenza.com\/it\/2024\/03\/trattori-in-giro-per-leuropacontro-leuropa\/","url":"https:\/\/www.pressenza.com\/it\/2024\/03\/trattori-in-giro-per-leuropacontro-leuropa\/","name":"Trattori in giro per l\u2019Europa\u2026 contro l\u2019Europa?","isPartOf":{"@id":"https:\/\/www.pressenza.com\/it\/#website"},"primaryImageOfPage":{"@id":"https:\/\/www.pressenza.com\/it\/2024\/03\/trattori-in-giro-per-leuropacontro-leuropa\/#primaryimage"},"image":{"@id":"https:\/\/www.pressenza.com\/it\/2024\/03\/trattori-in-giro-per-leuropacontro-leuropa\/#primaryimage"},"thumbnailUrl":"https:\/\/www.pressenza.com\/wp-content\/uploads\/2024\/03\/trattore-800x440-1.jpeg","datePublished":"2024-03-06T08:52:16+00:00","dateModified":"2024-03-06T09:01:24+00:00","description":"Si delinea una tendenza di una netta separazione tra una agricoltura delle grandi superfici, l'Agroindustria dei grandi numeri economici, della capacit\u00e0 di investimento e di accesso al credito, e dall\u2019altra parte, una agricoltura familiare molto legata al territorio, spesso marginale, di collina e di montagna.","breadcrumb":{"@id":"https:\/\/www.pressenza.com\/it\/2024\/03\/trattori-in-giro-per-leuropacontro-leuropa\/#breadcrumb"},"inLanguage":"it-IT","potentialAction":[{"@type":"ReadAction","target":["https:\/\/www.pressenza.com\/it\/2024\/03\/trattori-in-giro-per-leuropacontro-leuropa\/"]}]},{"@type":"ImageObject","inLanguage":"it-IT","@id":"https:\/\/www.pressenza.com\/it\/2024\/03\/trattori-in-giro-per-leuropacontro-leuropa\/#primaryimage","url":"https:\/\/www.pressenza.com\/wp-content\/uploads\/2024\/03\/trattore-800x440-1.jpeg","contentUrl":"https:\/\/www.pressenza.com\/wp-content\/uploads\/2024\/03\/trattore-800x440-1.jpeg","width":800,"height":440},{"@type":"BreadcrumbList","@id":"https:\/\/www.pressenza.com\/it\/2024\/03\/trattori-in-giro-per-leuropacontro-leuropa\/#breadcrumb","itemListElement":[{"@type":"ListItem","position":1,"name":"Accueil","item":"https:\/\/www.pressenza.com\/it\/"},{"@type":"ListItem","position":2,"name":"Trattori in giro per l\u2019Europa\u2026 contro l\u2019Europa?"}]},{"@type":"WebSite","@id":"https:\/\/www.pressenza.com\/it\/#website","url":"https:\/\/www.pressenza.com\/it\/","name":"Pressenza","description":"Agenzia di Stampa Internazionale","publisher":{"@id":"https:\/\/www.pressenza.com\/it\/#organization"},"potentialAction":[{"@type":"SearchAction","target":{"@type":"EntryPoint","urlTemplate":"https:\/\/www.pressenza.com\/it\/?s={search_term_string}"},"query-input":{"@type":"PropertyValueSpecification","valueRequired":true,"valueName":"search_term_string"}}],"inLanguage":"it-IT"},{"@type":"Organization","@id":"https:\/\/www.pressenza.com\/it\/#organization","name":"Pressenza","url":"https:\/\/www.pressenza.com\/it\/","logo":{"@type":"ImageObject","inLanguage":"it-IT","@id":"https:\/\/www.pressenza.com\/it\/#\/schema\/logo\/image\/","url":"https:\/\/www.pressenza.com\/wp-content\/uploads\/2022\/10\/pressenza_logo_200x200.jpg","contentUrl":"https:\/\/www.pressenza.com\/wp-content\/uploads\/2022\/10\/pressenza_logo_200x200.jpg","width":200,"height":200,"caption":"Pressenza"},"image":{"@id":"https:\/\/www.pressenza.com\/it\/#\/schema\/logo\/image\/"},"sameAs":["https:\/\/www.facebook.com\/PressenzaItalia","https:\/\/x.com\/PressenzaIPA"]},{"@type":"Person","@id":"https:\/\/www.pressenza.com\/it\/#\/schema\/person\/cc79d286da9dc340a843c117aa9ac5eb","name":"Forum Salviamo il Paesaggio","description":"Il Forum Salviamo il Paesaggio \u00e8 una grande rete nazionale formata da decine di migliaia di soggetti individuali (cio\u00e8 persone) e da oltre mille organizzazioni della societ\u00e0 civile che condividono il comune obiettivo di salvaguardare e tutelare le risorse dei paesaggi e dei territori. Nel febbraio del 2018 ha presentato al Paese e a tutte le forze politiche una innovativa Proposta di Legge PER L\u2019ARRESTO DEL CONSUMO DI SUOLO E PER IL RIUSO DEI SUOLI URBANIZZATI, incardinata nell'iter delle commissioni congiunte Ambiente e Agricoltura del Senato e ancora in (faticosa) discussione...","sameAs":["http:\/\/www.salviamoilpaesaggio.it\/blog\/"],"url":"https:\/\/www.pressenza.com\/it\/author\/forum-salviamo-il-paesaggio\/"}]}},"place":"Italia - Renata Lovati","original_article_url":"http:\/\/www.salviamoilpaesaggio.it\/blog\/2024\/02\/trattori-in-giro-per-leuropa-contro-leuropa\/","_links":{"self":[{"href":"https:\/\/www.pressenza.com\/it\/wp-json\/wp\/v2\/posts\/1830189","targetHints":{"allow":["GET"]}}],"collection":[{"href":"https:\/\/www.pressenza.com\/it\/wp-json\/wp\/v2\/posts"}],"about":[{"href":"https:\/\/www.pressenza.com\/it\/wp-json\/wp\/v2\/types\/post"}],"author":[{"embeddable":true,"href":"https:\/\/www.pressenza.com\/it\/wp-json\/wp\/v2\/users\/1972"}],"replies":[{"embeddable":true,"href":"https:\/\/www.pressenza.com\/it\/wp-json\/wp\/v2\/comments?post=1830189"}],"version-history":[{"count":0,"href":"https:\/\/www.pressenza.com\/it\/wp-json\/wp\/v2\/posts\/1830189\/revisions"}],"wp:featuredmedia":[{"embeddable":true,"href":"https:\/\/www.pressenza.com\/it\/wp-json\/wp\/v2\/media\/1830190"}],"wp:attachment":[{"href":"https:\/\/www.pressenza.com\/it\/wp-json\/wp\/v2\/media?parent=1830189"}],"wp:term":[{"taxonomy":"category","embeddable":true,"href":"https:\/\/www.pressenza.com\/it\/wp-json\/wp\/v2\/categories?post=1830189"},{"taxonomy":"post_tag","embeddable":true,"href":"https:\/\/www.pressenza.com\/it\/wp-json\/wp\/v2\/tags?post=1830189"}],"curies":[{"name":"wp","href":"https:\/\/api.w.org\/{rel}","templated":true}]}}