{"id":1829449,"date":"2024-03-03T11:41:54","date_gmt":"2024-03-03T11:41:54","guid":{"rendered":"https:\/\/www.pressenza.com\/?p=1829449"},"modified":"2024-03-03T16:13:57","modified_gmt":"2024-03-03T16:13:57","slug":"piazze-di-pace-e-denuncia-a-torino","status":"publish","type":"post","link":"https:\/\/www.pressenza.com\/it\/2024\/03\/piazze-di-pace-e-denuncia-a-torino\/","title":{"rendered":"Piazze di pace e denuncia a Torino"},"content":{"rendered":"<p>Sabato 2 marzo le richieste di pace e giustizia sono state protagoniste in due piazze torinesi: una richiesta che diventa sempre pi\u00f9 veemente man mano che i conflitti si inaspriscono ed il percorso verso una terza guerra mondiale, denunciato con facile chiaroveggenza dai movimenti pacifisti da due anni a questa parte, diventa sempre pi\u00f9 manifesto.<\/p>\n<p>Le due piazze sono state molto diverse per tematiche, partecipazione, et\u00e0, compositiva, ma risultano accomunate da due sentimenti sempre pi\u00f9 forti, la paura e la rabbia.<\/p>\n<p>Si comincia la mattina da Piazza Carignano con l\u2019ormai abituale Presenza di Pace ispirata dal coordinamento A.Gi.Te, giunta al suo 105esimo appuntamento. Ancora una volta si \u00e8 tentato di smontare la retorica del nemico citando chi, dall\u2019altro lato della barricata, rischia gravi conseguenze pur di mantenere le sue posizioni contro la guerra: gli obiettori di coscienza e i disertori in Russia, Ucraina e Bielorussia<a href=\"#_ftn1\" name=\"_ftnref1\">[1]<\/a>, gli oppositori politici di Putin. Si \u00e8 ricordata la grande tradizione nonviolenta della cultura russa che ha nell\u2019opera di Tolstoj un punto di riferimento per Gandhi e Martin Luther King, in contrapposizione con chi oggi cerca di indicare come imperialista e guerrafondaia l\u2019intera cultura russa per facilitare la costruzione del \u201cnemico\u201d.<\/p>\n<p>Alcuni degli interventi sono caratterizzati da emozioni forti, strabordanti: da una lato la rabbia generata dalla sensazione che, malgrado gli sforzi profusi, il treno verso un conflitto mondiale sembra inarrestabile, \u00a0la diplomazia internazionale assente e impotente a fermare e condannare il genocidio a Gaza e l\u2019apartheid in Palestina, dall\u2019altro la paura per i propri figli e nipoti innescata dagli interventi politici ai massimi livelli della settimana passata (Macron, von der Leyen, Lloyd Austin) che sdoganano l\u2019idea di un intervento militare diretto di forze europee in Ucraina, aprono la porta ad un riarmo europeo senza precedenti dalla seconda guerra mondiale e invitano lo opinioni pubbliche europee a riabituarsi all\u2019idea della guerra.<\/p>\n<div class=\"post-gallery\">\n\t\t\t<figure class=\"post-gallery-item\">\n\t\t\t\t<img decoding=\"async\" src=\"https:\/\/www.pressenza.com\/wp-content\/uploads\/2024\/03\/PresenzaTorino20240302__1-820x547.jpg\" loading=\"lazy\">\n\t\t\t\t<figcaption>\n\t\t\t\t\t\n\t\t\t\t<\/figcaption>\n\t\t\t<\/figure>\n\t\t\t<figure class=\"post-gallery-item\">\n\t\t\t\t<img decoding=\"async\" src=\"https:\/\/www.pressenza.com\/wp-content\/uploads\/2024\/03\/PresenzaTorino20240302__2-820x547.jpg\" loading=\"lazy\">\n\t\t\t\t<figcaption>\n\t\t\t\t\t\n\t\t\t\t<\/figcaption>\n\t\t\t<\/figure>\n\t\t\t<figure class=\"post-gallery-item\">\n\t\t\t\t<img decoding=\"async\" src=\"https:\/\/www.pressenza.com\/wp-content\/uploads\/2024\/03\/PresenzaTorino20240302__3-820x547.jpg\" loading=\"lazy\">\n\t\t\t\t<figcaption>\n\t\t\t\t\t\n\t\t\t\t<\/figcaption>\n\t\t\t<\/figure>\n\t\t\t<figure class=\"post-gallery-item\">\n\t\t\t\t<img decoding=\"async\" src=\"https:\/\/www.pressenza.com\/wp-content\/uploads\/2024\/03\/PresenzaTorino20240302__4-820x547.jpg\" loading=\"lazy\">\n\t\t\t\t<figcaption>\n\t\t\t\t\t\n\t\t\t\t<\/figcaption>\n\t\t\t<\/figure>\n\t\t\t<figure class=\"post-gallery-item\">\n\t\t\t\t<img decoding=\"async\" src=\"https:\/\/www.pressenza.com\/wp-content\/uploads\/2024\/03\/PresenzaTorino20240302__5-820x547.jpg\" loading=\"lazy\">\n\t\t\t\t<figcaption>\n\t\t\t\t\t\n\t\t\t\t<\/figcaption>\n\t\t\t<\/figure>\n\t\t\t<figure class=\"post-gallery-item\">\n\t\t\t\t<img decoding=\"async\" src=\"https:\/\/www.pressenza.com\/wp-content\/uploads\/2024\/03\/PresenzaTorino20240302__6-820x547.jpg\" loading=\"lazy\">\n\t\t\t\t<figcaption>\n\t\t\t\t\t\n\t\t\t\t<\/figcaption>\n\t\t\t<\/figure>\n\t\t\t<figure class=\"post-gallery-item\">\n\t\t\t\t<img decoding=\"async\" src=\"https:\/\/www.pressenza.com\/wp-content\/uploads\/2024\/03\/PresenzaTorino20240302__7-820x547.jpg\" loading=\"lazy\">\n\t\t\t\t<figcaption>\n\t\t\t\t\t\n\t\t\t\t<\/figcaption>\n\t\t\t<\/figure>\n\t\t\t<figure class=\"post-gallery-item\">\n\t\t\t\t<img decoding=\"async\" src=\"https:\/\/www.pressenza.com\/wp-content\/uploads\/2024\/03\/PresenzaTorino20240302__8-820x547.jpg\" loading=\"lazy\">\n\t\t\t\t<figcaption>\n\t\t\t\t\t\n\t\t\t\t<\/figcaption>\n\t\t\t<\/figure><\/div>\n<p>In piazza Castello, nel pomeriggio, un migliaio di persone si sono trovate su convocazione del Coordinamento Torino per Gaza per protestare contro il genocidio a Gaza, avendo in mente la strage per la farina di mercoled\u00ec scorso: qui il sentimento dominante \u00e8 la rabbia, una rabbia che tenta di trasformarsi in proposta sociale e politica attraverso le forme di boicottaggio ad Israele proposte dal BDS, la denuncia dei crimini di guerra di Israele e la testimonianza contro un silenzio di comodo, la proposta di scioperi pi\u00f9 o meno lunghi in solidariet\u00e0 con i palestinesi. Anche in alcuni interventi di questa piazza fanno capolino il rischio di un conflitto pi\u00f9 ampio e la necessit\u00e0 di cambiare il modello di sviluppo e di uscire dalle logiche neocoloniali dell\u2019Occidente, viste come l\u2019origine degli attuali conflitti.<\/p>\n<div class=\"post-gallery\">\n\t\t\t<figure class=\"post-gallery-item\">\n\t\t\t\t<img decoding=\"async\" src=\"https:\/\/www.pressenza.com\/wp-content\/uploads\/2024\/03\/GazaTorino20240302__1-820x547.jpg\" loading=\"lazy\">\n\t\t\t\t<figcaption>\n\t\t\t\t\t\n\t\t\t\t<\/figcaption>\n\t\t\t<\/figure>\n\t\t\t<figure class=\"post-gallery-item\">\n\t\t\t\t<img decoding=\"async\" src=\"https:\/\/www.pressenza.com\/wp-content\/uploads\/2024\/03\/GazaTorino20240302__2-820x547.jpg\" loading=\"lazy\">\n\t\t\t\t<figcaption>\n\t\t\t\t\t\n\t\t\t\t<\/figcaption>\n\t\t\t<\/figure>\n\t\t\t<figure class=\"post-gallery-item\">\n\t\t\t\t<img decoding=\"async\" src=\"https:\/\/www.pressenza.com\/wp-content\/uploads\/2024\/03\/GazaTorino20240302__4-820x547.jpg\" loading=\"lazy\">\n\t\t\t\t<figcaption>\n\t\t\t\t\t\n\t\t\t\t<\/figcaption>\n\t\t\t<\/figure>\n\t\t\t<figure class=\"post-gallery-item\">\n\t\t\t\t<img decoding=\"async\" src=\"https:\/\/www.pressenza.com\/wp-content\/uploads\/2024\/03\/GazaTorino20240302__5-820x547.jpg\" loading=\"lazy\">\n\t\t\t\t<figcaption>\n\t\t\t\t\t\n\t\t\t\t<\/figcaption>\n\t\t\t<\/figure>\n\t\t\t<figure class=\"post-gallery-item\">\n\t\t\t\t<img decoding=\"async\" src=\"https:\/\/www.pressenza.com\/wp-content\/uploads\/2024\/03\/GazaTorino20240302__6-820x547.jpg\" loading=\"lazy\">\n\t\t\t\t<figcaption>\n\t\t\t\t\t\n\t\t\t\t<\/figcaption>\n\t\t\t<\/figure>\n\t\t\t<figure class=\"post-gallery-item\">\n\t\t\t\t<img decoding=\"async\" src=\"https:\/\/www.pressenza.com\/wp-content\/uploads\/2024\/03\/GazaTorino20240302__7-820x547.jpg\" loading=\"lazy\">\n\t\t\t\t<figcaption>\n\t\t\t\t\t\n\t\t\t\t<\/figcaption>\n\t\t\t<\/figure>\n\t\t\t<figure class=\"post-gallery-item\">\n\t\t\t\t<img decoding=\"async\" src=\"https:\/\/www.pressenza.com\/wp-content\/uploads\/2024\/03\/GazaTorino20240302__8-820x547.jpg\" loading=\"lazy\">\n\t\t\t\t<figcaption>\n\t\t\t\t\t\n\t\t\t\t<\/figcaption>\n\t\t\t<\/figure>\n\t\t\t<figure class=\"post-gallery-item\">\n\t\t\t\t<img decoding=\"async\" src=\"https:\/\/www.pressenza.com\/wp-content\/uploads\/2024\/03\/GazaTorino20240302__9-820x547.jpg\" loading=\"lazy\">\n\t\t\t\t<figcaption>\n\t\t\t\t\t\n\t\t\t\t<\/figcaption>\n\t\t\t<\/figure>\n\t\t\t<figure class=\"post-gallery-item\">\n\t\t\t\t<img decoding=\"async\" src=\"https:\/\/www.pressenza.com\/wp-content\/uploads\/2024\/03\/GazaTorino20240302__10-820x547.jpg\" loading=\"lazy\">\n\t\t\t\t<figcaption>\n\t\t\t\t\t\n\t\t\t\t<\/figcaption>\n\t\t\t<\/figure>\n\t\t\t<figure class=\"post-gallery-item\">\n\t\t\t\t<img decoding=\"async\" src=\"https:\/\/www.pressenza.com\/wp-content\/uploads\/2024\/03\/GazaTorino20240302__11-820x547.jpg\" loading=\"lazy\">\n\t\t\t\t<figcaption>\n\t\t\t\t\t\n\t\t\t\t<\/figcaption>\n\t\t\t<\/figure><\/div>\n<p>La rabbia e la paura sono utili se smuovono le coscienze facendo da motore verso forme di azione sociale e politica razionali ed efficaci, se consentono la convergenza di forze diverse verso queste forme di azione, che dovranno essere forti e nonviolente.<\/p>\n<p>Nelle piazze di ieri ho sentito alcune proposte che giudico valide. Ne faccio un elenco parziale e incompleto per dare qualche suggerimento:<\/p>\n<ul>\n<li>La campagna internazionale di <a href=\"https:\/\/www.pressenza.com\/it\/2023\/05\/objectwarcampaign-campagna-internazionale-per-la-protezione-degli-obiettori-di-coscienza-russi-bielorussi-e-ucraini\/\">supporto agli obiettori di coscienza<\/a> #ObjectWarCampaign<\/li>\n<li>Le campagne di boicottaggio ad Israele lanciate dal BDS che hanno ottenuto alcuni interessanti risultati, ad esempio il mancato rinnovo da parte di Iren dell\u2019accordo con Mekorot<\/li>\n<li>Le campagne di supporto al Trattato per la proibizione delle armi nucleari (TPAN)<\/li>\n<li>Le campagne per i Corpi Civili di Pace, seguendo la strada tracciata da Alex Langer.<\/li>\n<li>In generale, la creazione di coordinamenti ed assemblee dove discutere, dal basso, del futuro dell\u2019umanit\u00e0 e delle forme migliori per affrontare un futuro complesso e pericoloso che ci riguarda tutti, superando divisioni, personalismi e atteggiamenti autoreferenziali.<\/li>\n<\/ul>\n<p>Perch\u00e9 i conflitti attuali possono essere risolti solo in maniera nonviolenta e solo attraverso l\u2019azione organizzata della base sociale.<\/p>\n<p><a href=\"#_ftnref1\" name=\"_ftn1\">[1]<\/a> In piazza \u00e8 stato letto il <a href=\"https:\/\/www.pressenza.com\/it\/2024\/02\/olga-karatch-il-discorso-integrale-a-montecitorio\/\">discorso a Montecitorio di Olga Karatch<\/a><\/p>\n","protected":false},"excerpt":{"rendered":"<p>Sabato 2 marzo le richieste di pace e giustizia sono state protagoniste in due piazze torinesi: una richiesta che diventa sempre pi\u00f9 veemente man mano che i conflitti si inaspriscono ed il percorso verso una terza guerra mondiale, denunciato con&hellip;<\/p>\n","protected":false},"author":1305,"featured_media":1829460,"comment_status":"closed","ping_status":"closed","sticky":false,"template":"","format":"standard","meta":{"footnotes":""},"categories":[11388,107392,47,1262,162,1263,57],"tags":[82444,119693,1005,1227,8514],"class_list":["post-1829449","post","type-post","status-publish","format-standard","has-post-thumbnail","hentry","category-contenuti-originali","category-noticia-it","category-europa","category-nonviolenza-argomento","category-opinioni","category-pace-disarmo","category-affari-esteri","tag-coordinamento-agite","tag-coordinamento-torino-per-gaza","tag-gaza","tag-palestina-it","tag-ucraina"],"yoast_head":"<!-- This site is optimized with the Yoast SEO plugin v27.1.1 - https:\/\/yoast.com\/product\/yoast-seo-wordpress\/ -->\n<title>Piazze di pace e denuncia a Torino<\/title>\n<meta name=\"description\" content=\"Sabato 2 marzo le richieste di pace e giustizia sono state protagoniste in due piazze torinesi: una richiesta che diventa sempre pi\u00f9 veemente man mano che\" \/>\n<meta name=\"robots\" content=\"index, follow, max-snippet:-1, max-image-preview:large, max-video-preview:-1\" \/>\n<link rel=\"canonical\" href=\"https:\/\/www.pressenza.com\/it\/2024\/03\/piazze-di-pace-e-denuncia-a-torino\/\" \/>\n<meta property=\"og:locale\" content=\"it_IT\" \/>\n<meta property=\"og:type\" content=\"article\" \/>\n<meta property=\"og:title\" content=\"Piazze di pace e denuncia a Torino\" \/>\n<meta property=\"og:description\" content=\"Sabato 2 marzo le richieste di pace e giustizia sono state protagoniste in due piazze torinesi: una richiesta che diventa sempre pi\u00f9 veemente man mano che\" \/>\n<meta property=\"og:url\" content=\"https:\/\/www.pressenza.com\/it\/2024\/03\/piazze-di-pace-e-denuncia-a-torino\/\" \/>\n<meta property=\"og:site_name\" content=\"Pressenza\" \/>\n<meta property=\"article:publisher\" content=\"https:\/\/www.facebook.com\/PressenzaItalia\" \/>\n<meta property=\"article:author\" content=\"https:\/\/www.facebook.com\/giorgio.mancuso\" \/>\n<meta property=\"article:published_time\" content=\"2024-03-03T11:41:54+00:00\" \/>\n<meta property=\"article:modified_time\" content=\"2024-03-03T16:13:57+00:00\" \/>\n<meta property=\"og:image\" content=\"https:\/\/www.pressenza.com\/wp-content\/uploads\/2024\/03\/GazaTorino20240302__3.jpg\" \/>\n\t<meta property=\"og:image:width\" content=\"1000\" \/>\n\t<meta property=\"og:image:height\" content=\"667\" \/>\n\t<meta property=\"og:image:type\" content=\"image\/jpeg\" \/>\n<meta name=\"author\" content=\"Giorgio Mancuso\" \/>\n<meta name=\"twitter:card\" content=\"summary_large_image\" \/>\n<meta name=\"twitter:creator\" content=\"@gmancuso68\" \/>\n<meta name=\"twitter:site\" content=\"@PressenzaIPA\" \/>\n<meta name=\"twitter:label1\" content=\"Scritto da\" \/>\n\t<meta name=\"twitter:data1\" content=\"Giorgio Mancuso\" \/>\n\t<meta name=\"twitter:label2\" content=\"Tempo di lettura stimato\" \/>\n\t<meta name=\"twitter:data2\" content=\"4 minuti\" \/>\n<script type=\"application\/ld+json\" class=\"yoast-schema-graph\">{\"@context\":\"https:\/\/schema.org\",\"@graph\":[{\"@type\":\"Article\",\"@id\":\"https:\/\/www.pressenza.com\/it\/2024\/03\/piazze-di-pace-e-denuncia-a-torino\/#article\",\"isPartOf\":{\"@id\":\"https:\/\/www.pressenza.com\/it\/2024\/03\/piazze-di-pace-e-denuncia-a-torino\/\"},\"author\":{\"name\":\"Giorgio Mancuso\",\"@id\":\"https:\/\/www.pressenza.com\/it\/#\/schema\/person\/8cfc203db0ed2da77683068e54ba46af\"},\"headline\":\"Piazze di pace e denuncia a Torino\",\"datePublished\":\"2024-03-03T11:41:54+00:00\",\"dateModified\":\"2024-03-03T16:13:57+00:00\",\"mainEntityOfPage\":{\"@id\":\"https:\/\/www.pressenza.com\/it\/2024\/03\/piazze-di-pace-e-denuncia-a-torino\/\"},\"wordCount\":655,\"publisher\":{\"@id\":\"https:\/\/www.pressenza.com\/it\/#organization\"},\"image\":{\"@id\":\"https:\/\/www.pressenza.com\/it\/2024\/03\/piazze-di-pace-e-denuncia-a-torino\/#primaryimage\"},\"thumbnailUrl\":\"https:\/\/www.pressenza.com\/wp-content\/uploads\/2024\/03\/GazaTorino20240302__3.jpg\",\"keywords\":[\"Coordinamento AGITE\",\"Coordinamento Torino per Gaza\",\"Gaza\",\"Palestina\",\"Ucraina\"],\"articleSection\":[\"contenuti originali\",\"Cronaca\",\"Europa\",\"Nonviolenza\",\"Opinioni\",\"Pace e Disarmo\",\"Questioni internazionali\"],\"inLanguage\":\"it-IT\"},{\"@type\":\"WebPage\",\"@id\":\"https:\/\/www.pressenza.com\/it\/2024\/03\/piazze-di-pace-e-denuncia-a-torino\/\",\"url\":\"https:\/\/www.pressenza.com\/it\/2024\/03\/piazze-di-pace-e-denuncia-a-torino\/\",\"name\":\"Piazze di pace e denuncia a Torino\",\"isPartOf\":{\"@id\":\"https:\/\/www.pressenza.com\/it\/#website\"},\"primaryImageOfPage\":{\"@id\":\"https:\/\/www.pressenza.com\/it\/2024\/03\/piazze-di-pace-e-denuncia-a-torino\/#primaryimage\"},\"image\":{\"@id\":\"https:\/\/www.pressenza.com\/it\/2024\/03\/piazze-di-pace-e-denuncia-a-torino\/#primaryimage\"},\"thumbnailUrl\":\"https:\/\/www.pressenza.com\/wp-content\/uploads\/2024\/03\/GazaTorino20240302__3.jpg\",\"datePublished\":\"2024-03-03T11:41:54+00:00\",\"dateModified\":\"2024-03-03T16:13:57+00:00\",\"description\":\"Sabato 2 marzo le richieste di pace e giustizia sono state protagoniste in due piazze torinesi: una richiesta che diventa sempre pi\u00f9 veemente man mano che\",\"breadcrumb\":{\"@id\":\"https:\/\/www.pressenza.com\/it\/2024\/03\/piazze-di-pace-e-denuncia-a-torino\/#breadcrumb\"},\"inLanguage\":\"it-IT\",\"potentialAction\":[{\"@type\":\"ReadAction\",\"target\":[\"https:\/\/www.pressenza.com\/it\/2024\/03\/piazze-di-pace-e-denuncia-a-torino\/\"]}]},{\"@type\":\"ImageObject\",\"inLanguage\":\"it-IT\",\"@id\":\"https:\/\/www.pressenza.com\/it\/2024\/03\/piazze-di-pace-e-denuncia-a-torino\/#primaryimage\",\"url\":\"https:\/\/www.pressenza.com\/wp-content\/uploads\/2024\/03\/GazaTorino20240302__3.jpg\",\"contentUrl\":\"https:\/\/www.pressenza.com\/wp-content\/uploads\/2024\/03\/GazaTorino20240302__3.jpg\",\"width\":1000,\"height\":667},{\"@type\":\"BreadcrumbList\",\"@id\":\"https:\/\/www.pressenza.com\/it\/2024\/03\/piazze-di-pace-e-denuncia-a-torino\/#breadcrumb\",\"itemListElement\":[{\"@type\":\"ListItem\",\"position\":1,\"name\":\"Accueil\",\"item\":\"https:\/\/www.pressenza.com\/it\/\"},{\"@type\":\"ListItem\",\"position\":2,\"name\":\"Piazze di pace e denuncia a Torino\"}]},{\"@type\":\"WebSite\",\"@id\":\"https:\/\/www.pressenza.com\/it\/#website\",\"url\":\"https:\/\/www.pressenza.com\/it\/\",\"name\":\"Pressenza\",\"description\":\"Agenzia di Stampa Internazionale\",\"publisher\":{\"@id\":\"https:\/\/www.pressenza.com\/it\/#organization\"},\"potentialAction\":[{\"@type\":\"SearchAction\",\"target\":{\"@type\":\"EntryPoint\",\"urlTemplate\":\"https:\/\/www.pressenza.com\/it\/?s={search_term_string}\"},\"query-input\":{\"@type\":\"PropertyValueSpecification\",\"valueRequired\":true,\"valueName\":\"search_term_string\"}}],\"inLanguage\":\"it-IT\"},{\"@type\":\"Organization\",\"@id\":\"https:\/\/www.pressenza.com\/it\/#organization\",\"name\":\"Pressenza\",\"url\":\"https:\/\/www.pressenza.com\/it\/\",\"logo\":{\"@type\":\"ImageObject\",\"inLanguage\":\"it-IT\",\"@id\":\"https:\/\/www.pressenza.com\/it\/#\/schema\/logo\/image\/\",\"url\":\"https:\/\/www.pressenza.com\/wp-content\/uploads\/2022\/10\/pressenza_logo_200x200.jpg\",\"contentUrl\":\"https:\/\/www.pressenza.com\/wp-content\/uploads\/2022\/10\/pressenza_logo_200x200.jpg\",\"width\":200,\"height\":200,\"caption\":\"Pressenza\"},\"image\":{\"@id\":\"https:\/\/www.pressenza.com\/it\/#\/schema\/logo\/image\/\"},\"sameAs\":[\"https:\/\/www.facebook.com\/PressenzaItalia\",\"https:\/\/x.com\/PressenzaIPA\"]},{\"@type\":\"Person\",\"@id\":\"https:\/\/www.pressenza.com\/it\/#\/schema\/person\/8cfc203db0ed2da77683068e54ba46af\",\"name\":\"Giorgio Mancuso\",\"description\":\"Giorgio is a lifelong humanist with a deep faith in the possibility and the need to build a new world, based on solidarity, where the human being is the central value and concern. His interests include: economics, especially those movements that propose alternative economic systems, and open source programming. Since 2010 he has been a member of The Community for Human Development, a cultural organisation of the Humanist Movement.\",\"sameAs\":[\"https:\/\/vocidalvillaggio.blogspot.com\/\",\"https:\/\/www.facebook.com\/giorgio.mancuso\",\"https:\/\/x.com\/gmancuso68\"],\"url\":\"https:\/\/www.pressenza.com\/it\/author\/giorgio-mancuso\/\"}]}<\/script>\n<!-- \/ Yoast SEO plugin. -->","yoast_head_json":{"title":"Piazze di pace e denuncia a Torino","description":"Sabato 2 marzo le richieste di pace e giustizia sono state protagoniste in due piazze torinesi: una richiesta che diventa sempre pi\u00f9 veemente man mano che","robots":{"index":"index","follow":"follow","max-snippet":"max-snippet:-1","max-image-preview":"max-image-preview:large","max-video-preview":"max-video-preview:-1"},"canonical":"https:\/\/www.pressenza.com\/it\/2024\/03\/piazze-di-pace-e-denuncia-a-torino\/","og_locale":"it_IT","og_type":"article","og_title":"Piazze di pace e denuncia a Torino","og_description":"Sabato 2 marzo le richieste di pace e giustizia sono state protagoniste in due piazze torinesi: una richiesta che diventa sempre pi\u00f9 veemente man mano che","og_url":"https:\/\/www.pressenza.com\/it\/2024\/03\/piazze-di-pace-e-denuncia-a-torino\/","og_site_name":"Pressenza","article_publisher":"https:\/\/www.facebook.com\/PressenzaItalia","article_author":"https:\/\/www.facebook.com\/giorgio.mancuso","article_published_time":"2024-03-03T11:41:54+00:00","article_modified_time":"2024-03-03T16:13:57+00:00","og_image":[{"width":1000,"height":667,"url":"https:\/\/www.pressenza.com\/wp-content\/uploads\/2024\/03\/GazaTorino20240302__3.jpg","type":"image\/jpeg"}],"author":"Giorgio Mancuso","twitter_card":"summary_large_image","twitter_creator":"@gmancuso68","twitter_site":"@PressenzaIPA","twitter_misc":{"Scritto da":"Giorgio Mancuso","Tempo di lettura stimato":"4 minuti"},"schema":{"@context":"https:\/\/schema.org","@graph":[{"@type":"Article","@id":"https:\/\/www.pressenza.com\/it\/2024\/03\/piazze-di-pace-e-denuncia-a-torino\/#article","isPartOf":{"@id":"https:\/\/www.pressenza.com\/it\/2024\/03\/piazze-di-pace-e-denuncia-a-torino\/"},"author":{"name":"Giorgio Mancuso","@id":"https:\/\/www.pressenza.com\/it\/#\/schema\/person\/8cfc203db0ed2da77683068e54ba46af"},"headline":"Piazze di pace e denuncia a Torino","datePublished":"2024-03-03T11:41:54+00:00","dateModified":"2024-03-03T16:13:57+00:00","mainEntityOfPage":{"@id":"https:\/\/www.pressenza.com\/it\/2024\/03\/piazze-di-pace-e-denuncia-a-torino\/"},"wordCount":655,"publisher":{"@id":"https:\/\/www.pressenza.com\/it\/#organization"},"image":{"@id":"https:\/\/www.pressenza.com\/it\/2024\/03\/piazze-di-pace-e-denuncia-a-torino\/#primaryimage"},"thumbnailUrl":"https:\/\/www.pressenza.com\/wp-content\/uploads\/2024\/03\/GazaTorino20240302__3.jpg","keywords":["Coordinamento AGITE","Coordinamento Torino per Gaza","Gaza","Palestina","Ucraina"],"articleSection":["contenuti originali","Cronaca","Europa","Nonviolenza","Opinioni","Pace e Disarmo","Questioni internazionali"],"inLanguage":"it-IT"},{"@type":"WebPage","@id":"https:\/\/www.pressenza.com\/it\/2024\/03\/piazze-di-pace-e-denuncia-a-torino\/","url":"https:\/\/www.pressenza.com\/it\/2024\/03\/piazze-di-pace-e-denuncia-a-torino\/","name":"Piazze di pace e denuncia a Torino","isPartOf":{"@id":"https:\/\/www.pressenza.com\/it\/#website"},"primaryImageOfPage":{"@id":"https:\/\/www.pressenza.com\/it\/2024\/03\/piazze-di-pace-e-denuncia-a-torino\/#primaryimage"},"image":{"@id":"https:\/\/www.pressenza.com\/it\/2024\/03\/piazze-di-pace-e-denuncia-a-torino\/#primaryimage"},"thumbnailUrl":"https:\/\/www.pressenza.com\/wp-content\/uploads\/2024\/03\/GazaTorino20240302__3.jpg","datePublished":"2024-03-03T11:41:54+00:00","dateModified":"2024-03-03T16:13:57+00:00","description":"Sabato 2 marzo le richieste di pace e giustizia sono state protagoniste in due piazze torinesi: una richiesta che diventa sempre pi\u00f9 veemente man mano che","breadcrumb":{"@id":"https:\/\/www.pressenza.com\/it\/2024\/03\/piazze-di-pace-e-denuncia-a-torino\/#breadcrumb"},"inLanguage":"it-IT","potentialAction":[{"@type":"ReadAction","target":["https:\/\/www.pressenza.com\/it\/2024\/03\/piazze-di-pace-e-denuncia-a-torino\/"]}]},{"@type":"ImageObject","inLanguage":"it-IT","@id":"https:\/\/www.pressenza.com\/it\/2024\/03\/piazze-di-pace-e-denuncia-a-torino\/#primaryimage","url":"https:\/\/www.pressenza.com\/wp-content\/uploads\/2024\/03\/GazaTorino20240302__3.jpg","contentUrl":"https:\/\/www.pressenza.com\/wp-content\/uploads\/2024\/03\/GazaTorino20240302__3.jpg","width":1000,"height":667},{"@type":"BreadcrumbList","@id":"https:\/\/www.pressenza.com\/it\/2024\/03\/piazze-di-pace-e-denuncia-a-torino\/#breadcrumb","itemListElement":[{"@type":"ListItem","position":1,"name":"Accueil","item":"https:\/\/www.pressenza.com\/it\/"},{"@type":"ListItem","position":2,"name":"Piazze di pace e denuncia a Torino"}]},{"@type":"WebSite","@id":"https:\/\/www.pressenza.com\/it\/#website","url":"https:\/\/www.pressenza.com\/it\/","name":"Pressenza","description":"Agenzia di Stampa Internazionale","publisher":{"@id":"https:\/\/www.pressenza.com\/it\/#organization"},"potentialAction":[{"@type":"SearchAction","target":{"@type":"EntryPoint","urlTemplate":"https:\/\/www.pressenza.com\/it\/?s={search_term_string}"},"query-input":{"@type":"PropertyValueSpecification","valueRequired":true,"valueName":"search_term_string"}}],"inLanguage":"it-IT"},{"@type":"Organization","@id":"https:\/\/www.pressenza.com\/it\/#organization","name":"Pressenza","url":"https:\/\/www.pressenza.com\/it\/","logo":{"@type":"ImageObject","inLanguage":"it-IT","@id":"https:\/\/www.pressenza.com\/it\/#\/schema\/logo\/image\/","url":"https:\/\/www.pressenza.com\/wp-content\/uploads\/2022\/10\/pressenza_logo_200x200.jpg","contentUrl":"https:\/\/www.pressenza.com\/wp-content\/uploads\/2022\/10\/pressenza_logo_200x200.jpg","width":200,"height":200,"caption":"Pressenza"},"image":{"@id":"https:\/\/www.pressenza.com\/it\/#\/schema\/logo\/image\/"},"sameAs":["https:\/\/www.facebook.com\/PressenzaItalia","https:\/\/x.com\/PressenzaIPA"]},{"@type":"Person","@id":"https:\/\/www.pressenza.com\/it\/#\/schema\/person\/8cfc203db0ed2da77683068e54ba46af","name":"Giorgio Mancuso","description":"Giorgio is a lifelong humanist with a deep faith in the possibility and the need to build a new world, based on solidarity, where the human being is the central value and concern. His interests include: economics, especially those movements that propose alternative economic systems, and open source programming. Since 2010 he has been a member of The Community for Human Development, a cultural organisation of the Humanist Movement.","sameAs":["https:\/\/vocidalvillaggio.blogspot.com\/","https:\/\/www.facebook.com\/giorgio.mancuso","https:\/\/x.com\/gmancuso68"],"url":"https:\/\/www.pressenza.com\/it\/author\/giorgio-mancuso\/"}]}},"place":"","original_article_url":"","_links":{"self":[{"href":"https:\/\/www.pressenza.com\/it\/wp-json\/wp\/v2\/posts\/1829449","targetHints":{"allow":["GET"]}}],"collection":[{"href":"https:\/\/www.pressenza.com\/it\/wp-json\/wp\/v2\/posts"}],"about":[{"href":"https:\/\/www.pressenza.com\/it\/wp-json\/wp\/v2\/types\/post"}],"author":[{"embeddable":true,"href":"https:\/\/www.pressenza.com\/it\/wp-json\/wp\/v2\/users\/1305"}],"replies":[{"embeddable":true,"href":"https:\/\/www.pressenza.com\/it\/wp-json\/wp\/v2\/comments?post=1829449"}],"version-history":[{"count":0,"href":"https:\/\/www.pressenza.com\/it\/wp-json\/wp\/v2\/posts\/1829449\/revisions"}],"wp:featuredmedia":[{"embeddable":true,"href":"https:\/\/www.pressenza.com\/it\/wp-json\/wp\/v2\/media\/1829460"}],"wp:attachment":[{"href":"https:\/\/www.pressenza.com\/it\/wp-json\/wp\/v2\/media?parent=1829449"}],"wp:term":[{"taxonomy":"category","embeddable":true,"href":"https:\/\/www.pressenza.com\/it\/wp-json\/wp\/v2\/categories?post=1829449"},{"taxonomy":"post_tag","embeddable":true,"href":"https:\/\/www.pressenza.com\/it\/wp-json\/wp\/v2\/tags?post=1829449"}],"curies":[{"name":"wp","href":"https:\/\/api.w.org\/{rel}","templated":true}]}}