{"id":180740,"date":"2015-04-28T16:30:29","date_gmt":"2015-04-28T15:30:29","guid":{"rendered":"http:\/\/www.pressenza.com\/?p=180740"},"modified":"2015-04-28T16:52:11","modified_gmt":"2015-04-28T15:52:11","slug":"lappello-di-ora","status":"publish","type":"post","link":"https:\/\/www.pressenza.com\/it\/2015\/04\/lappello-di-ora\/","title":{"rendered":"L\u2019Appello di \u201cOra\u201d"},"content":{"rendered":"<p>Pubblichiamo l\u2019appello che segue, perch\u00e9 siamo convinti che il momento attuale richieda di unire tutte le forze, le sensibilit\u00e0 e le intelligenze disponibili alla costruzione di un soggetto politico nuovo in cui si possa contribuire in modo effettivo a dare una risposta d\u2019insieme all\u2019emergenza democratica che stiamo vivendo.<\/p>\n<p>L\u2019appello \u00e8 stato elaborato l\u201911 e 12 aprile 2015 a Chianciano durante un\u2019<a href=\"http:\/\/www.sinistracontroeuro.it\/ora-prende-forma-il-nuovo-movimento-politico\/\"><strong>assemblea molto partecipata promossa dal Coordinamento della Sinistra Contro l\u2019Euro<\/strong><\/a>.<\/p>\n<p>L\u2019obiettivo pi\u00f9 ambizioso non \u00e8 quello di lanciare semplicemente un coordinamento e neanche un \u201csemplice\u201d nuovo partito che chieda di aderire proponendo ricette gi\u00e0 pronte.<\/p>\n<p><strong>Si tratta di un vero e proprio processo costituente che punta a sommare tutte le forze \u201cdemocratiche\u201d<\/strong>, e da parte nostra aggiungiamo \u201cumaniste\u201d, che si riconoscono nel preciso quadro delineato dall\u2019appello e che, a partire da esso, vogliano costruire insieme una piattaforma politica e<strong>una nuova forma organizzativa<\/strong>.<\/p>\n<p>Tutti coloro che aderiranno all\u2019appello riceveranno presto un invito a collaborare alla piattaforma programmatica e al disegno organizzativo: all\u2019inizio lo si far\u00e0 utilizzando piattaforme informatiche di elaborazione collaborativa, ma occorrer\u00e0 presto organizzare incontri per cominciare a dare vita ad un insieme che possa contare su relazioni umane reali e non solo virtuali.<\/p>\n<p>Il prossimo appuntamento d\u2019insieme sar\u00e0 il 26 e 27 settembre 2015, come tappa intermedia per cercare di definire entro la fine dell\u2019anno il lancio vero e proprio del soggetto, inclusi il nome definitivo (\u201cOra\u201d \u00e8 il nome del processo costituente), il programma e la forma partecipativa.<\/p>\n<p>Questo processo iniziale \u00e8 coordinato da un consiglio nazionale promotore provvisorio, definito durante l\u2019assemblea di Chianciano.<\/p>\n<p>Diversi membri del Partito Umanista hanno dato impulso a questo progetto e stanno collaborando attivamente e il Partito come insieme ne condivide gli scopi.<\/p>\n<p>Lanciamo un calorosissimo invito a sottoscrivere l\u2019appello sia come gruppi o associazioni, che come singoli e a partecipare da subito in modo concreto alla costruzione di questo strumento di azione comune.<\/p>\n<p>Ce la faremo solo se si aggiungeranno non solo forze politiche affini, ma anche coloro che fanno parte della miriade di attivisti sociali e culturali che oggi non sono rappresentati da nessuno in politica.<br \/>\nInvece di aspettare qualcuno che ci rappresenti, costruiamo una forza politica in cui ciascuno possa incidere ed includersi direttamente.<\/p>\n<p><strong>\u00c8 proprio ora!<\/strong><\/p>\n<h2>\u00a0 \u00a0 \u00a0 \u00a0 \u00a0 \u00a0 \u00a0 \u00a0 \u00a0 \u00a0 \u00a0 \u00a0 \u00a0 \u00a0 \u00a0 \u00a0 \u00a0 \u00a0 \u00a0 \u00a0 \u00a0 \u00a0 \u00a0\u00a0<strong>ORA<\/strong><\/h2>\n<p><strong><em>\u00a0 \u00a0 \u00a0 \u00a0 \u00a0 \u00a0 \u00a0 \u00a0 \u00a0 \u00a0 \u00a0 \u00a0 \u00a0 \u00a0Sovranit\u00e0 popolare \u2013 Democrazia \u2013 Lavoro \u2013 Diritti Sociali.<\/em><\/strong><\/p>\n<p>Il paese \u00e8 in una crisi sociale economica e morale senza precedenti. Ci vogliono far credere che sia ineluttabile, irreversibile e senza via d\u2019uscita.\u00a0Sembra il destino crudele a cui siamo condannati da un processo storico \u201cnaturale\u201d e inarrestabile.\u00a0<strong>L\u2019unica soluzione sembra doversi arrendere o adattarsi.\u00a0\u00c8 falso!<\/strong><br \/>\nIn realt\u00e0 questo processo \u00e8 stato prodotto dal capitalismo finanziario globale che ha ingannato i popoli attraverso il controllo dei mezzi di comunicazione e che ormai, dopo averle asservite a s\u00e9, tiene in ostaggio le classi politiche svuotando gli Stati Nazionali della propria sovranit\u00e0.\u00a0In particolare nell\u2019Unione Europea sono state delegate alle istituzioni comunitarie oligarchiche fondamentali prerogative di governo degli Stati, senza nessuna possibilit\u00e0 di controllo democratico e usando l\u2019Euro come chiave di volta nella costruzione neoliberista.\u00a0In Italia questo ha comportato il tradimento dei principi fondanti della Costituzione che vedeva nello Stato il garante del benessere collettivo e della dignit\u00e0 delle persone.\u00a0Per attuare quei principi lo Stato si dotava di fondamentali strumenti economici, ovverosia il controllo totale della\u00a0Banca Centrale\u00a0e del sistema bancario potendo cos\u00ec intervenire direttamente sullo sviluppo e sulla gestione dell\u2019economia.\u00a0Questo, malgrado i conflitti e le disuguaglianze, ha permesso all\u2019Italia di avere un\u2019industria statale sviluppatissima nei settori strategici accelerandone lo sviluppo socio-economico.<\/p>\n<p>Quindi, in questa situazione,\u00a0<strong>non partiamo da zero<\/strong>. Noi ripartiamo da una liberazione di 70 anni fa che ha prodotto una\u00a0Costituzione\u00a0in cui il primo articolo stabiliva che\u00a0il lavoro non avrebbe mai pi\u00f9 dovuto essere una merce, ma lo strumento principe per l\u2019elevazione sociale culturale economica e morale dei cittadini.\u00a0Siamo convinti che ieri come oggi siamo obbligati a\u00a0<strong>liberarci da un\u2019occupazione<\/strong>, questa volta di natura economico-finanziaria, che ha seppellito i fondamenti della nostra democrazia frantumando i diritti dei lavoratori e riportando indietro di secoli la storia.\u00a0Per questo processo di liberazione occorre riappropriarsi della<strong>\u00a0sovranit\u00e0 nazionale<\/strong>.\u00a0Sovranit\u00e0 che la Costituzione assegna al popolo, di cui lo Stato deve essere strumento e che non poteva essere ceduta.<\/p>\n<p>Oggi nel panorama politico anche chi fa opposizione non ha un progetto paese organico alternativo al dominio neoliberista. Nel frattempo assistiamo a un pericoloso agguato all\u2019assetto istituzionale democratico, attraverso le riforme elettorali e costituzionali in corso.\u00a0\u00c8 quindi urgente la costruzione di\u00a0<strong>un nuovo movimento politico<\/strong>\u00a0che sia il lievito di un risveglio popolare che riconsegni all\u2019Italia la sovranit\u00e0 politica e monetaria liberandoci dalla gabbia del neoliberismo e dei suoi vicer\u00e9; che promuova la pi\u00f9 vasta alleanza che includa le forze democratiche gi\u00e0 oggi all\u2019opposizione e quelle destinate a sorgere.<\/p>\n<p><strong>Vogliamo costruire\u00a0<\/strong>un Paese in cui la disoccupazione, la precariet\u00e0 e la povert\u00e0, non lo\u00a0<em>Spread<\/em>, siano considerati i mali peggiori;<strong>\u00a0un Paese in cui lo Stato, in nome e per conto del popolo, salvaguardi l\u2019ambiente e i beni comuni, e si riprenda il controllo dei settori strategici, industriali e bancari, sottraendoli alle logiche inumane del mercato e del profitto a tutti i costi.\u00a0La tecnologia e le scienze devono essere sostenibili e al servizio del benessere collettivo. Vogliamo una societ\u00e0 in cui si consumi il giusto e si produca il necessario, mettendo al centro le persone, la sostenibilit\u00e0 e non certo il Profitto.<\/strong><\/p>\n<p>Questo nuovo movimento politico va costruito\u00a0<strong>qui e ora!<\/strong>\u00a0Prima che sia troppo tardi, prima che prenda forza il mostro in agguato, quello di forze reazionarie che, travestite da anti-sistema, vorrebbero portarci dalla padella del disordine neoliberista alla brace di dittature neofasciste.<\/p>\n<p>Abbiamo deciso di metterci in marcia convinti che il futuro sia ancora aperto.\u00a0Per riuscire \u00e8 necessario svegliarsi dall\u2019ipnosi neoliberista e diventare\u00a0<strong>protagonisti del cambiamento<\/strong>.<br \/>\nPer partire non chiederci di offrirti uno strumento politico perfetto: questo progetto potr\u00e0 maturare solo con il contributo diretto di tutti quelli che ne condividono gli obiettivi.<br \/>\n<strong>Per adesioni:<\/strong>\u00a0<a href=\"mailto:ora@email.com?subject=Adesione\"><strong>ora@email.com<\/strong><\/a><\/p>\n<p>&nbsp;<\/p>\n","protected":false},"excerpt":{"rendered":"<p>Pubblichiamo l\u2019appello che segue, perch\u00e9 siamo convinti che il momento attuale richieda di unire tutte le forze, le sensibilit\u00e0 e le intelligenze disponibili alla costruzione di un soggetto politico nuovo in cui si possa contribuire in modo effettivo a dare&hellip;<\/p>\n","protected":false},"author":481,"featured_media":180748,"comment_status":"closed","ping_status":"open","sticky":false,"template":"","format":"standard","meta":{"footnotes":""},"categories":[150,62,47,55],"tags":[801,370,942,17196],"class_list":["post-180740","post","type-post","status-publish","format-standard","has-post-thumbnail","hentry","category-comunicati-stampa","category-economia","category-europa","category-politica","tag-costituzione","tag-italia","tag-partito-umanista","tag-sovranita-nazionale"],"yoast_head":"<!-- This site is optimized with the Yoast SEO plugin v27.1.1 - https:\/\/yoast.com\/product\/yoast-seo-wordpress\/ -->\n<title>L\u2019Appello di \u201cOra\u201d<\/title>\n<meta name=\"description\" content=\"Questo nuovo movimento politico va costruito qui e ora! Prima che sia troppo tardi, prima che prenda forza il mostro in agguato, fatto di forze reazionarie\" \/>\n<meta name=\"robots\" content=\"index, follow, max-snippet:-1, max-image-preview:large, max-video-preview:-1\" \/>\n<link rel=\"canonical\" href=\"https:\/\/www.pressenza.com\/it\/2015\/04\/lappello-di-ora\/\" \/>\n<meta property=\"og:locale\" content=\"it_IT\" \/>\n<meta property=\"og:type\" content=\"article\" \/>\n<meta property=\"og:title\" content=\"L\u2019Appello di \u201cOra\u201d\" \/>\n<meta property=\"og:description\" content=\"Questo nuovo movimento politico va costruito qui e ora! Prima che sia troppo tardi, prima che prenda forza il mostro in agguato, fatto di forze reazionarie\" \/>\n<meta property=\"og:url\" content=\"https:\/\/www.pressenza.com\/it\/2015\/04\/lappello-di-ora\/\" \/>\n<meta property=\"og:site_name\" content=\"Pressenza\" \/>\n<meta property=\"article:publisher\" content=\"https:\/\/www.facebook.com\/PressenzaItalia\" \/>\n<meta property=\"article:author\" content=\"https:\/\/www.facebook.com\/pages\/Partito-Umanista\/\" \/>\n<meta property=\"article:published_time\" content=\"2015-04-28T15:30:29+00:00\" \/>\n<meta property=\"article:modified_time\" content=\"2015-04-28T15:52:11+00:00\" \/>\n<meta property=\"og:image\" content=\"https:\/\/www.pressenza.com\/wp-content\/uploads\/2015\/04\/Appello.png\" \/>\n\t<meta property=\"og:image:width\" content=\"800\" \/>\n\t<meta property=\"og:image:height\" content=\"500\" \/>\n\t<meta property=\"og:image:type\" content=\"image\/png\" \/>\n<meta name=\"author\" content=\"Partito Umanista\" \/>\n<meta name=\"twitter:card\" content=\"summary_large_image\" \/>\n<meta name=\"twitter:title\" content=\"L\u2019Appello di \u201cOra\u201d\" \/>\n<meta name=\"twitter:description\" content=\"Questo nuovo movimento politico va costruito qui e ora! Prima che sia troppo tardi, prima che prenda forza il mostro in agguato, fatto di forze reazionarie\" \/>\n<meta name=\"twitter:image\" content=\"http:\/\/www.pressenza.com\/wp-content\/uploads\/2015\/04\/Appello.png\" \/>\n<meta name=\"twitter:creator\" content=\"@partitoumanista\" \/>\n<meta name=\"twitter:site\" content=\"@PressenzaIPA\" \/>\n<meta name=\"twitter:label1\" content=\"Scritto da\" \/>\n\t<meta name=\"twitter:data1\" content=\"Partito Umanista\" \/>\n\t<meta name=\"twitter:label2\" content=\"Tempo di lettura stimato\" \/>\n\t<meta name=\"twitter:data2\" content=\"5 minuti\" \/>\n<script type=\"application\/ld+json\" class=\"yoast-schema-graph\">{\"@context\":\"https:\/\/schema.org\",\"@graph\":[{\"@type\":\"Article\",\"@id\":\"https:\/\/www.pressenza.com\/it\/2015\/04\/lappello-di-ora\/#article\",\"isPartOf\":{\"@id\":\"https:\/\/www.pressenza.com\/it\/2015\/04\/lappello-di-ora\/\"},\"author\":{\"name\":\"Partito Umanista\",\"@id\":\"https:\/\/www.pressenza.com\/it\/#\/schema\/person\/444a68b8b263dbd36ac1531293ea9cae\"},\"headline\":\"L\u2019Appello di \u201cOra\u201d\",\"datePublished\":\"2015-04-28T15:30:29+00:00\",\"dateModified\":\"2015-04-28T15:52:11+00:00\",\"mainEntityOfPage\":{\"@id\":\"https:\/\/www.pressenza.com\/it\/2015\/04\/lappello-di-ora\/\"},\"wordCount\":1009,\"publisher\":{\"@id\":\"https:\/\/www.pressenza.com\/it\/#organization\"},\"image\":{\"@id\":\"https:\/\/www.pressenza.com\/it\/2015\/04\/lappello-di-ora\/#primaryimage\"},\"thumbnailUrl\":\"https:\/\/www.pressenza.com\/wp-content\/uploads\/2015\/04\/Appello.png\",\"keywords\":[\"Costituzione\",\"Italia\",\"Partito Umanista\",\"sovranit\u00e0 nazionale\"],\"articleSection\":[\"Comunicati Stampa\",\"Economia\",\"Europa\",\"Politica\"],\"inLanguage\":\"it-IT\"},{\"@type\":\"WebPage\",\"@id\":\"https:\/\/www.pressenza.com\/it\/2015\/04\/lappello-di-ora\/\",\"url\":\"https:\/\/www.pressenza.com\/it\/2015\/04\/lappello-di-ora\/\",\"name\":\"L\u2019Appello di \u201cOra\u201d\",\"isPartOf\":{\"@id\":\"https:\/\/www.pressenza.com\/it\/#website\"},\"primaryImageOfPage\":{\"@id\":\"https:\/\/www.pressenza.com\/it\/2015\/04\/lappello-di-ora\/#primaryimage\"},\"image\":{\"@id\":\"https:\/\/www.pressenza.com\/it\/2015\/04\/lappello-di-ora\/#primaryimage\"},\"thumbnailUrl\":\"https:\/\/www.pressenza.com\/wp-content\/uploads\/2015\/04\/Appello.png\",\"datePublished\":\"2015-04-28T15:30:29+00:00\",\"dateModified\":\"2015-04-28T15:52:11+00:00\",\"description\":\"Questo nuovo movimento politico va costruito qui e ora! Prima che sia troppo tardi, prima che prenda forza il mostro in agguato, fatto di forze reazionarie\",\"breadcrumb\":{\"@id\":\"https:\/\/www.pressenza.com\/it\/2015\/04\/lappello-di-ora\/#breadcrumb\"},\"inLanguage\":\"it-IT\",\"potentialAction\":[{\"@type\":\"ReadAction\",\"target\":[\"https:\/\/www.pressenza.com\/it\/2015\/04\/lappello-di-ora\/\"]}]},{\"@type\":\"ImageObject\",\"inLanguage\":\"it-IT\",\"@id\":\"https:\/\/www.pressenza.com\/it\/2015\/04\/lappello-di-ora\/#primaryimage\",\"url\":\"https:\/\/www.pressenza.com\/wp-content\/uploads\/2015\/04\/Appello.png\",\"contentUrl\":\"https:\/\/www.pressenza.com\/wp-content\/uploads\/2015\/04\/Appello.png\",\"width\":800,\"height\":500},{\"@type\":\"BreadcrumbList\",\"@id\":\"https:\/\/www.pressenza.com\/it\/2015\/04\/lappello-di-ora\/#breadcrumb\",\"itemListElement\":[{\"@type\":\"ListItem\",\"position\":1,\"name\":\"Accueil\",\"item\":\"https:\/\/www.pressenza.com\/it\/\"},{\"@type\":\"ListItem\",\"position\":2,\"name\":\"L\u2019Appello di \u201cOra\u201d\"}]},{\"@type\":\"WebSite\",\"@id\":\"https:\/\/www.pressenza.com\/it\/#website\",\"url\":\"https:\/\/www.pressenza.com\/it\/\",\"name\":\"Pressenza\",\"description\":\"Agenzia di Stampa Internazionale\",\"publisher\":{\"@id\":\"https:\/\/www.pressenza.com\/it\/#organization\"},\"potentialAction\":[{\"@type\":\"SearchAction\",\"target\":{\"@type\":\"EntryPoint\",\"urlTemplate\":\"https:\/\/www.pressenza.com\/it\/?s={search_term_string}\"},\"query-input\":{\"@type\":\"PropertyValueSpecification\",\"valueRequired\":true,\"valueName\":\"search_term_string\"}}],\"inLanguage\":\"it-IT\"},{\"@type\":\"Organization\",\"@id\":\"https:\/\/www.pressenza.com\/it\/#organization\",\"name\":\"Pressenza\",\"url\":\"https:\/\/www.pressenza.com\/it\/\",\"logo\":{\"@type\":\"ImageObject\",\"inLanguage\":\"it-IT\",\"@id\":\"https:\/\/www.pressenza.com\/it\/#\/schema\/logo\/image\/\",\"url\":\"https:\/\/www.pressenza.com\/wp-content\/uploads\/2022\/10\/pressenza_logo_200x200.jpg\",\"contentUrl\":\"https:\/\/www.pressenza.com\/wp-content\/uploads\/2022\/10\/pressenza_logo_200x200.jpg\",\"width\":200,\"height\":200,\"caption\":\"Pressenza\"},\"image\":{\"@id\":\"https:\/\/www.pressenza.com\/it\/#\/schema\/logo\/image\/\"},\"sameAs\":[\"https:\/\/www.facebook.com\/PressenzaItalia\",\"https:\/\/x.com\/PressenzaIPA\"]},{\"@type\":\"Person\",\"@id\":\"https:\/\/www.pressenza.com\/it\/#\/schema\/person\/444a68b8b263dbd36ac1531293ea9cae\",\"name\":\"Partito Umanista\",\"description\":\"www.partitoumanista.it\",\"sameAs\":[\"http:\/\/www.partitoumanista.it\",\"https:\/\/www.facebook.com\/pages\/Partito-Umanista\/\",\"https:\/\/x.com\/partitoumanista\"],\"url\":\"https:\/\/www.pressenza.com\/it\/author\/partito-umanista\/\"}]}<\/script>\n<!-- \/ Yoast SEO plugin. -->","yoast_head_json":{"title":"L\u2019Appello di \u201cOra\u201d","description":"Questo nuovo movimento politico va costruito qui e ora! Prima che sia troppo tardi, prima che prenda forza il mostro in agguato, fatto di forze reazionarie","robots":{"index":"index","follow":"follow","max-snippet":"max-snippet:-1","max-image-preview":"max-image-preview:large","max-video-preview":"max-video-preview:-1"},"canonical":"https:\/\/www.pressenza.com\/it\/2015\/04\/lappello-di-ora\/","og_locale":"it_IT","og_type":"article","og_title":"L\u2019Appello di \u201cOra\u201d","og_description":"Questo nuovo movimento politico va costruito qui e ora! Prima che sia troppo tardi, prima che prenda forza il mostro in agguato, fatto di forze reazionarie","og_url":"https:\/\/www.pressenza.com\/it\/2015\/04\/lappello-di-ora\/","og_site_name":"Pressenza","article_publisher":"https:\/\/www.facebook.com\/PressenzaItalia","article_author":"https:\/\/www.facebook.com\/pages\/Partito-Umanista\/","article_published_time":"2015-04-28T15:30:29+00:00","article_modified_time":"2015-04-28T15:52:11+00:00","og_image":[{"width":800,"height":500,"url":"https:\/\/www.pressenza.com\/wp-content\/uploads\/2015\/04\/Appello.png","type":"image\/png"}],"author":"Partito Umanista","twitter_card":"summary_large_image","twitter_title":"L\u2019Appello di \u201cOra\u201d","twitter_description":"Questo nuovo movimento politico va costruito qui e ora! Prima che sia troppo tardi, prima che prenda forza il mostro in agguato, fatto di forze reazionarie","twitter_image":"http:\/\/www.pressenza.com\/wp-content\/uploads\/2015\/04\/Appello.png","twitter_creator":"@partitoumanista","twitter_site":"@PressenzaIPA","twitter_misc":{"Scritto da":"Partito Umanista","Tempo di lettura stimato":"5 minuti"},"schema":{"@context":"https:\/\/schema.org","@graph":[{"@type":"Article","@id":"https:\/\/www.pressenza.com\/it\/2015\/04\/lappello-di-ora\/#article","isPartOf":{"@id":"https:\/\/www.pressenza.com\/it\/2015\/04\/lappello-di-ora\/"},"author":{"name":"Partito Umanista","@id":"https:\/\/www.pressenza.com\/it\/#\/schema\/person\/444a68b8b263dbd36ac1531293ea9cae"},"headline":"L\u2019Appello di \u201cOra\u201d","datePublished":"2015-04-28T15:30:29+00:00","dateModified":"2015-04-28T15:52:11+00:00","mainEntityOfPage":{"@id":"https:\/\/www.pressenza.com\/it\/2015\/04\/lappello-di-ora\/"},"wordCount":1009,"publisher":{"@id":"https:\/\/www.pressenza.com\/it\/#organization"},"image":{"@id":"https:\/\/www.pressenza.com\/it\/2015\/04\/lappello-di-ora\/#primaryimage"},"thumbnailUrl":"https:\/\/www.pressenza.com\/wp-content\/uploads\/2015\/04\/Appello.png","keywords":["Costituzione","Italia","Partito Umanista","sovranit\u00e0 nazionale"],"articleSection":["Comunicati Stampa","Economia","Europa","Politica"],"inLanguage":"it-IT"},{"@type":"WebPage","@id":"https:\/\/www.pressenza.com\/it\/2015\/04\/lappello-di-ora\/","url":"https:\/\/www.pressenza.com\/it\/2015\/04\/lappello-di-ora\/","name":"L\u2019Appello di \u201cOra\u201d","isPartOf":{"@id":"https:\/\/www.pressenza.com\/it\/#website"},"primaryImageOfPage":{"@id":"https:\/\/www.pressenza.com\/it\/2015\/04\/lappello-di-ora\/#primaryimage"},"image":{"@id":"https:\/\/www.pressenza.com\/it\/2015\/04\/lappello-di-ora\/#primaryimage"},"thumbnailUrl":"https:\/\/www.pressenza.com\/wp-content\/uploads\/2015\/04\/Appello.png","datePublished":"2015-04-28T15:30:29+00:00","dateModified":"2015-04-28T15:52:11+00:00","description":"Questo nuovo movimento politico va costruito qui e ora! Prima che sia troppo tardi, prima che prenda forza il mostro in agguato, fatto di forze reazionarie","breadcrumb":{"@id":"https:\/\/www.pressenza.com\/it\/2015\/04\/lappello-di-ora\/#breadcrumb"},"inLanguage":"it-IT","potentialAction":[{"@type":"ReadAction","target":["https:\/\/www.pressenza.com\/it\/2015\/04\/lappello-di-ora\/"]}]},{"@type":"ImageObject","inLanguage":"it-IT","@id":"https:\/\/www.pressenza.com\/it\/2015\/04\/lappello-di-ora\/#primaryimage","url":"https:\/\/www.pressenza.com\/wp-content\/uploads\/2015\/04\/Appello.png","contentUrl":"https:\/\/www.pressenza.com\/wp-content\/uploads\/2015\/04\/Appello.png","width":800,"height":500},{"@type":"BreadcrumbList","@id":"https:\/\/www.pressenza.com\/it\/2015\/04\/lappello-di-ora\/#breadcrumb","itemListElement":[{"@type":"ListItem","position":1,"name":"Accueil","item":"https:\/\/www.pressenza.com\/it\/"},{"@type":"ListItem","position":2,"name":"L\u2019Appello di \u201cOra\u201d"}]},{"@type":"WebSite","@id":"https:\/\/www.pressenza.com\/it\/#website","url":"https:\/\/www.pressenza.com\/it\/","name":"Pressenza","description":"Agenzia di Stampa Internazionale","publisher":{"@id":"https:\/\/www.pressenza.com\/it\/#organization"},"potentialAction":[{"@type":"SearchAction","target":{"@type":"EntryPoint","urlTemplate":"https:\/\/www.pressenza.com\/it\/?s={search_term_string}"},"query-input":{"@type":"PropertyValueSpecification","valueRequired":true,"valueName":"search_term_string"}}],"inLanguage":"it-IT"},{"@type":"Organization","@id":"https:\/\/www.pressenza.com\/it\/#organization","name":"Pressenza","url":"https:\/\/www.pressenza.com\/it\/","logo":{"@type":"ImageObject","inLanguage":"it-IT","@id":"https:\/\/www.pressenza.com\/it\/#\/schema\/logo\/image\/","url":"https:\/\/www.pressenza.com\/wp-content\/uploads\/2022\/10\/pressenza_logo_200x200.jpg","contentUrl":"https:\/\/www.pressenza.com\/wp-content\/uploads\/2022\/10\/pressenza_logo_200x200.jpg","width":200,"height":200,"caption":"Pressenza"},"image":{"@id":"https:\/\/www.pressenza.com\/it\/#\/schema\/logo\/image\/"},"sameAs":["https:\/\/www.facebook.com\/PressenzaItalia","https:\/\/x.com\/PressenzaIPA"]},{"@type":"Person","@id":"https:\/\/www.pressenza.com\/it\/#\/schema\/person\/444a68b8b263dbd36ac1531293ea9cae","name":"Partito Umanista","description":"www.partitoumanista.it","sameAs":["http:\/\/www.partitoumanista.it","https:\/\/www.facebook.com\/pages\/Partito-Umanista\/","https:\/\/x.com\/partitoumanista"],"url":"https:\/\/www.pressenza.com\/it\/author\/partito-umanista\/"}]}},"place":"","original_article_url":"http:\/\/www.partitoumanista.it\/iniziative\/669-appello-di-ora.html","_links":{"self":[{"href":"https:\/\/www.pressenza.com\/it\/wp-json\/wp\/v2\/posts\/180740","targetHints":{"allow":["GET"]}}],"collection":[{"href":"https:\/\/www.pressenza.com\/it\/wp-json\/wp\/v2\/posts"}],"about":[{"href":"https:\/\/www.pressenza.com\/it\/wp-json\/wp\/v2\/types\/post"}],"author":[{"embeddable":true,"href":"https:\/\/www.pressenza.com\/it\/wp-json\/wp\/v2\/users\/481"}],"replies":[{"embeddable":true,"href":"https:\/\/www.pressenza.com\/it\/wp-json\/wp\/v2\/comments?post=180740"}],"version-history":[{"count":0,"href":"https:\/\/www.pressenza.com\/it\/wp-json\/wp\/v2\/posts\/180740\/revisions"}],"wp:featuredmedia":[{"embeddable":true,"href":"https:\/\/www.pressenza.com\/it\/wp-json\/wp\/v2\/media\/180748"}],"wp:attachment":[{"href":"https:\/\/www.pressenza.com\/it\/wp-json\/wp\/v2\/media?parent=180740"}],"wp:term":[{"taxonomy":"category","embeddable":true,"href":"https:\/\/www.pressenza.com\/it\/wp-json\/wp\/v2\/categories?post=180740"},{"taxonomy":"post_tag","embeddable":true,"href":"https:\/\/www.pressenza.com\/it\/wp-json\/wp\/v2\/tags?post=180740"}],"curies":[{"name":"wp","href":"https:\/\/api.w.org\/{rel}","templated":true}]}}