{"id":1799823,"date":"2024-02-18T17:32:33","date_gmt":"2024-02-18T17:32:33","guid":{"rendered":"https:\/\/www.pressenza.com\/?p=1799823"},"modified":"2024-02-18T17:32:33","modified_gmt":"2024-02-18T17:32:33","slug":"rafah-gaza-dichiarazione-urgente-di-sette-agenzie-umanitarie-e-organizzazioni-per-i-diritti-umani","status":"publish","type":"post","link":"https:\/\/www.pressenza.com\/it\/2024\/02\/rafah-gaza-dichiarazione-urgente-di-sette-agenzie-umanitarie-e-organizzazioni-per-i-diritti-umani\/","title":{"rendered":"Rafah, Gaza: dichiarazione urgente di sette agenzie umanitarie e organizzazioni per i diritti umani"},"content":{"rendered":"<p class=\"xmprfx_xmsonormal\">Ana Alcalde, segretaria generale ad interim di ActionAid International;<b>\u00a0<\/b>Agn\u00e8s Callamard, segretaria generale di Amnesty International; Charlotte Slente, segretaria generale del Danish Refugee Council: Manuel Patrouillard, CEO di Handicap International-Humanity &amp; Inclusion; \u00a0Amitabh Behar, direttore generale di Oxfam International; Rob Williams, CEO della War Child Alliance; e Faris Arouri, direttore dell\u2019Association for International Development Agencies hanno diffuso questa dichiarazione urgente:<\/p>\n<p class=\"xmprfx_xmsonormal\">\u201cSiamo sconvolti dai terribili sviluppi in corso a Rafah, la zona pi\u00f9 popolata di Gaza dove un milione e 500.000 persone cercano un riparo non essendovene pi\u00f9 altri: oltre mezzo milione sono bambini.<\/p>\n<p class=\"xmprfx_xmsonormal\">Se Israele lancer\u00e0 l\u2019annunciata offensiva di terra, migliaia di civili verranno ulteriormente uccisi e l\u2019attuale lento flusso di aiuti umanitari rischier\u00e0 di interrompersi del tutto. Se questo piano militare non verr\u00e0 fermato immediatamente, le conseguenze saranno catastrofiche.<\/p>\n<p class=\"xmprfx_xmsonormal\">Oltre il 70 per cento delle infrastrutture civili \u00e8 gravemente danneggiato, molte zone di Gaza sono ridotte in macerie e inabitabili. La maggior parte degli ospedali non \u00e8 operativa o lo \u00e8 solo parzialmente, in condizioni di totale sovraffollamento. C\u2019\u00e8 penuria di cibo, acqua pulita, rifugi e prodotti sanitari. Le persone stanno vivendo nelle pi\u00f9 inumane delle condizioni, molte di loro all\u2019aperto.<\/p>\n<p class=\"xmprfx_xmsonormal\">\u00c8 inconcepibile che Israele, dopo aver sfollato con la forza la maggior parte della popolazione di Gaza verso Rafah \u2013 dove la popolazione \u00e8 ora sei volte superiore rispetto al passato \u2013 annunci ora l\u2019intenzione di attaccare la zona.<\/p>\n<p class=\"xmprfx_xmsonormal\">La strategia del governo israeliano di sistematici e ripetuti trasferimenti forzati della popolazione civile ha causato lo sfollamento forzato di pi\u00f9 di tre quarti della popolazione, che per lo pi\u00f9 \u00e8 priva di un riparo adeguato o di un\u2019abitazione dove tornare. Punire collettivamente i civili negando loro ripari adeguati, cibo, acqua pulita e altri servizi essenziali per la sopravvivenza e ostacolando la consegna degli aiuti umanitari per alleviare la fame pu\u00f2 costituire una grave violazione degli obblighi di una potenza occupante ai sensi del diritto internazionale umanitario e dunque un crimine di guerra.<\/p>\n<p class=\"xmprfx_xmsonormal\">Un mese fa la Corte internazionale di giustizia ha ordinato a Israele di prendere misure immediate ed efficaci per consentire la fornitura dei servizi di base e dell\u2019assistenza umanitaria, urgentemente necessaria.<\/p>\n<p class=\"xmprfx_xmsonormal\">Non solo ci\u00f2 non \u00e8 successo, ma la situazione \u00e8 persino peggiorata. Gli attacchi aerei israeliani su Rafah hanno ucciso almeno 100 palestinesi in un singolo giorno, sfidando le richieste internazionali di moderazione e, potenzialmente, anche l\u2019ordine della Corte internazionale di giustizia.<\/p>\n<p class=\"xmprfx_xmsonormal\">Per oltre un milione e mezzo di persone intrappolate a Rafah non c\u2019\u00e8 alcun luogo sicuro dove andare e molte di loro sono state gi\u00e0 state sfollate pi\u00f9 volte. Tutti gli spazi dichiarati sicuri da Israele sono stati violati, senza eccezione, ulteriore prova che non c\u2019\u00e8 davvero alcun luogo sicuro a Gaza.<\/p>\n<p class=\"xmprfx_xmsonormal\">La nostra richiesta di un cessate il fuoco immediato e permanente \u00e8 pi\u00f9 urgente che mai, dato che l\u2019assedio e gli incessanti attacchi israeliani hanno decimato Gaza e portato alla fame la popolazione civile palestinese. Le malattie sono diffuse e i tentativi di alleviare le sofferenze vengono ostacolati. L\u2019offensiva militare israeliana ha reso praticamente impossibile portare effettivi aiuti umanitari, compromettendo non solo la salvezza delle persone ma anche gli stessi principi che guidano la nostra azione. Rafah \u00e8 il principale punto d\u2019ingresso degli aiuti e i bombardamenti non consentiranno di portare assistenza.<\/p>\n<p class=\"xmprfx_xmsonormal\">Il silenzio e, a volte, il sostegno materiale a Israele da parte delle nazioni potenti sono segnali di una deplorevole complicit\u00e0 nel peggioramento della crisi di Gaza. Attraverso la fornitura di armamenti, gli ostacoli diplomatici alle risoluzioni o il silenzio, queste azioni stanno garantendo di fatto l\u2019impunit\u00e0 a Israele.<\/p>\n<p class=\"xmprfx_xmsonormal\">La devastante situazione di Gaza rende evidente l\u2019urgente bisogno che i governi cessino di fornire armi e munizioni che vengono usate per queste atrocit\u00e0. Chiediamo anche un cessate il fuoco permanente per proteggere le vite civili e liberare gli ostaggi israeliani e i palestinesi detenuti illegalmente e per consentire un ingresso completo e privo di ostacoli agli aiuti e agli operatori umanitari.<\/p>\n<p class=\"xmprfx_xmsonormal\">Gli stati hanno la responsabilit\u00e0 giuridica e morale di proteggere i civili, prevenire i crimini di guerra e rispettare il diritto internazionale. Invitiamo tutti gli stati a riflettere sul fatto che la loro inazione o il persistente sostegno non solo aggravano la tragedia, ma li implicano in essa. Chiediamo dunque che facciano tutto ci\u00f2 che \u00e8 in loro potere per prevenire ulteriori offensive militari e dar vita a un cessate il fuoco totale e permanente a Gaza\u201d.<\/p>\n<p class=\"xmprfx_MsoNormal\">\n","protected":false},"excerpt":{"rendered":"<p>Ana Alcalde, segretaria generale ad interim di ActionAid International;\u00a0Agn\u00e8s Callamard, segretaria generale di Amnesty International; Charlotte Slente, segretaria generale del Danish Refugee Council: Manuel Patrouillard, CEO di Handicap International-Humanity &amp; Inclusion; \u00a0Amitabh Behar, direttore generale di Oxfam International; Rob Williams,&hellip;<\/p>\n","protected":false},"author":432,"featured_media":971252,"comment_status":"closed","ping_status":"closed","sticky":false,"template":"","format":"standard","meta":{"footnotes":""},"categories":[150,60,1263],"tags":[120162,1005,27068],"class_list":["post-1799823","post","type-post","status-publish","format-standard","has-post-thumbnail","hentry","category-comunicati-stampa","category-diritti-umani","category-pace-disarmo","tag-disastro-umanitario","tag-gaza","tag-rafah"],"yoast_head":"<!-- This site is optimized with the Yoast SEO plugin v27.1.1 - https:\/\/yoast.com\/product\/yoast-seo-wordpress\/ -->\n<title>Rafah, Gaza: dichiarazione urgente di sette agenzie umanitarie e organizzazioni per i diritti umani<\/title>\n<meta name=\"description\" content=\"Ana Alcalde, segretaria generale ad interim di ActionAid International;\u00a0Agn\u00e8s Callamard, segretaria generale di Amnesty International; Charlotte Slente,\" \/>\n<meta name=\"robots\" content=\"index, follow, max-snippet:-1, max-image-preview:large, max-video-preview:-1\" \/>\n<link rel=\"canonical\" href=\"https:\/\/www.pressenza.com\/it\/2024\/02\/rafah-gaza-dichiarazione-urgente-di-sette-agenzie-umanitarie-e-organizzazioni-per-i-diritti-umani\/\" \/>\n<meta property=\"og:locale\" content=\"it_IT\" \/>\n<meta property=\"og:type\" content=\"article\" \/>\n<meta property=\"og:title\" content=\"Rafah, Gaza: dichiarazione urgente di sette agenzie umanitarie e organizzazioni per i diritti umani\" \/>\n<meta property=\"og:description\" content=\"Ana Alcalde, segretaria generale ad interim di ActionAid International;\u00a0Agn\u00e8s Callamard, segretaria generale di Amnesty International; Charlotte Slente,\" \/>\n<meta property=\"og:url\" content=\"https:\/\/www.pressenza.com\/it\/2024\/02\/rafah-gaza-dichiarazione-urgente-di-sette-agenzie-umanitarie-e-organizzazioni-per-i-diritti-umani\/\" \/>\n<meta property=\"og:site_name\" content=\"Pressenza\" \/>\n<meta property=\"article:publisher\" content=\"https:\/\/www.facebook.com\/PressenzaItalia\" \/>\n<meta property=\"article:author\" content=\"https:\/\/www.facebook.com\/amnestyglobal\" \/>\n<meta property=\"article:published_time\" content=\"2024-02-18T17:32:33+00:00\" \/>\n<meta property=\"og:image\" content=\"https:\/\/www.pressenza.com\/wp-content\/uploads\/2019\/11\/56B86543-2A1C-4A5B-B1A0-7104E29600B9.jpeg\" \/>\n\t<meta property=\"og:image:width\" content=\"740\" \/>\n\t<meta property=\"og:image:height\" content=\"493\" \/>\n\t<meta property=\"og:image:type\" content=\"image\/jpeg\" \/>\n<meta name=\"author\" content=\"Amnesty International\" \/>\n<meta name=\"twitter:card\" content=\"summary_large_image\" \/>\n<meta name=\"twitter:creator\" content=\"@amnesty\" \/>\n<meta name=\"twitter:site\" content=\"@PressenzaIPA\" \/>\n<meta name=\"twitter:label1\" content=\"Scritto da\" \/>\n\t<meta name=\"twitter:data1\" content=\"Amnesty International\" \/>\n\t<meta name=\"twitter:label2\" content=\"Tempo di lettura stimato\" \/>\n\t<meta name=\"twitter:data2\" content=\"4 minuti\" \/>\n<script type=\"application\/ld+json\" class=\"yoast-schema-graph\">{\"@context\":\"https:\/\/schema.org\",\"@graph\":[{\"@type\":\"Article\",\"@id\":\"https:\/\/www.pressenza.com\/it\/2024\/02\/rafah-gaza-dichiarazione-urgente-di-sette-agenzie-umanitarie-e-organizzazioni-per-i-diritti-umani\/#article\",\"isPartOf\":{\"@id\":\"https:\/\/www.pressenza.com\/it\/2024\/02\/rafah-gaza-dichiarazione-urgente-di-sette-agenzie-umanitarie-e-organizzazioni-per-i-diritti-umani\/\"},\"author\":{\"name\":\"Amnesty International\",\"@id\":\"https:\/\/www.pressenza.com\/it\/#\/schema\/person\/9b981b05c7ecf09292e6acb3223b2d9d\"},\"headline\":\"Rafah, Gaza: dichiarazione urgente di sette agenzie umanitarie e organizzazioni per i diritti umani\",\"datePublished\":\"2024-02-18T17:32:33+00:00\",\"mainEntityOfPage\":{\"@id\":\"https:\/\/www.pressenza.com\/it\/2024\/02\/rafah-gaza-dichiarazione-urgente-di-sette-agenzie-umanitarie-e-organizzazioni-per-i-diritti-umani\/\"},\"wordCount\":741,\"publisher\":{\"@id\":\"https:\/\/www.pressenza.com\/it\/#organization\"},\"image\":{\"@id\":\"https:\/\/www.pressenza.com\/it\/2024\/02\/rafah-gaza-dichiarazione-urgente-di-sette-agenzie-umanitarie-e-organizzazioni-per-i-diritti-umani\/#primaryimage\"},\"thumbnailUrl\":\"https:\/\/www.pressenza.com\/wp-content\/uploads\/2019\/11\/56B86543-2A1C-4A5B-B1A0-7104E29600B9.jpeg\",\"keywords\":[\"disastro umanitario\",\"Gaza\",\"Rafah\"],\"articleSection\":[\"Comunicati Stampa\",\"Diritti Umani\",\"Pace e Disarmo\"],\"inLanguage\":\"it-IT\"},{\"@type\":\"WebPage\",\"@id\":\"https:\/\/www.pressenza.com\/it\/2024\/02\/rafah-gaza-dichiarazione-urgente-di-sette-agenzie-umanitarie-e-organizzazioni-per-i-diritti-umani\/\",\"url\":\"https:\/\/www.pressenza.com\/it\/2024\/02\/rafah-gaza-dichiarazione-urgente-di-sette-agenzie-umanitarie-e-organizzazioni-per-i-diritti-umani\/\",\"name\":\"Rafah, Gaza: dichiarazione urgente di sette agenzie umanitarie e organizzazioni per i diritti umani\",\"isPartOf\":{\"@id\":\"https:\/\/www.pressenza.com\/it\/#website\"},\"primaryImageOfPage\":{\"@id\":\"https:\/\/www.pressenza.com\/it\/2024\/02\/rafah-gaza-dichiarazione-urgente-di-sette-agenzie-umanitarie-e-organizzazioni-per-i-diritti-umani\/#primaryimage\"},\"image\":{\"@id\":\"https:\/\/www.pressenza.com\/it\/2024\/02\/rafah-gaza-dichiarazione-urgente-di-sette-agenzie-umanitarie-e-organizzazioni-per-i-diritti-umani\/#primaryimage\"},\"thumbnailUrl\":\"https:\/\/www.pressenza.com\/wp-content\/uploads\/2019\/11\/56B86543-2A1C-4A5B-B1A0-7104E29600B9.jpeg\",\"datePublished\":\"2024-02-18T17:32:33+00:00\",\"description\":\"Ana Alcalde, segretaria generale ad interim di ActionAid International;\u00a0Agn\u00e8s Callamard, segretaria generale di Amnesty International; Charlotte Slente,\",\"breadcrumb\":{\"@id\":\"https:\/\/www.pressenza.com\/it\/2024\/02\/rafah-gaza-dichiarazione-urgente-di-sette-agenzie-umanitarie-e-organizzazioni-per-i-diritti-umani\/#breadcrumb\"},\"inLanguage\":\"it-IT\",\"potentialAction\":[{\"@type\":\"ReadAction\",\"target\":[\"https:\/\/www.pressenza.com\/it\/2024\/02\/rafah-gaza-dichiarazione-urgente-di-sette-agenzie-umanitarie-e-organizzazioni-per-i-diritti-umani\/\"]}]},{\"@type\":\"ImageObject\",\"inLanguage\":\"it-IT\",\"@id\":\"https:\/\/www.pressenza.com\/it\/2024\/02\/rafah-gaza-dichiarazione-urgente-di-sette-agenzie-umanitarie-e-organizzazioni-per-i-diritti-umani\/#primaryimage\",\"url\":\"https:\/\/www.pressenza.com\/wp-content\/uploads\/2019\/11\/56B86543-2A1C-4A5B-B1A0-7104E29600B9.jpeg\",\"contentUrl\":\"https:\/\/www.pressenza.com\/wp-content\/uploads\/2019\/11\/56B86543-2A1C-4A5B-B1A0-7104E29600B9.jpeg\",\"width\":740,\"height\":493,\"caption\":\"Palestinians gather around the remains of a house destroyed in an Israeli air strike in Rafah in the southern Gaza Strip, on November 13, 2019. Since Israel's targeted killing of Islamic Jihad commander Baha Abu al-Ata yesterday morning, more than 220 rockets have been fired at Israel from Gaza. The Israeli air defence forces have intercepted 90 percent of the rockets. Photo by Abed Rahim Khatib\/Flash90\"},{\"@type\":\"BreadcrumbList\",\"@id\":\"https:\/\/www.pressenza.com\/it\/2024\/02\/rafah-gaza-dichiarazione-urgente-di-sette-agenzie-umanitarie-e-organizzazioni-per-i-diritti-umani\/#breadcrumb\",\"itemListElement\":[{\"@type\":\"ListItem\",\"position\":1,\"name\":\"Accueil\",\"item\":\"https:\/\/www.pressenza.com\/it\/\"},{\"@type\":\"ListItem\",\"position\":2,\"name\":\"Rafah, Gaza: dichiarazione urgente di sette agenzie umanitarie e organizzazioni per i diritti umani\"}]},{\"@type\":\"WebSite\",\"@id\":\"https:\/\/www.pressenza.com\/it\/#website\",\"url\":\"https:\/\/www.pressenza.com\/it\/\",\"name\":\"Pressenza\",\"description\":\"Agenzia di Stampa Internazionale\",\"publisher\":{\"@id\":\"https:\/\/www.pressenza.com\/it\/#organization\"},\"potentialAction\":[{\"@type\":\"SearchAction\",\"target\":{\"@type\":\"EntryPoint\",\"urlTemplate\":\"https:\/\/www.pressenza.com\/it\/?s={search_term_string}\"},\"query-input\":{\"@type\":\"PropertyValueSpecification\",\"valueRequired\":true,\"valueName\":\"search_term_string\"}}],\"inLanguage\":\"it-IT\"},{\"@type\":\"Organization\",\"@id\":\"https:\/\/www.pressenza.com\/it\/#organization\",\"name\":\"Pressenza\",\"url\":\"https:\/\/www.pressenza.com\/it\/\",\"logo\":{\"@type\":\"ImageObject\",\"inLanguage\":\"it-IT\",\"@id\":\"https:\/\/www.pressenza.com\/it\/#\/schema\/logo\/image\/\",\"url\":\"https:\/\/www.pressenza.com\/wp-content\/uploads\/2022\/10\/pressenza_logo_200x200.jpg\",\"contentUrl\":\"https:\/\/www.pressenza.com\/wp-content\/uploads\/2022\/10\/pressenza_logo_200x200.jpg\",\"width\":200,\"height\":200,\"caption\":\"Pressenza\"},\"image\":{\"@id\":\"https:\/\/www.pressenza.com\/it\/#\/schema\/logo\/image\/\"},\"sameAs\":[\"https:\/\/www.facebook.com\/PressenzaItalia\",\"https:\/\/x.com\/PressenzaIPA\"]},{\"@type\":\"Person\",\"@id\":\"https:\/\/www.pressenza.com\/it\/#\/schema\/person\/9b981b05c7ecf09292e6acb3223b2d9d\",\"name\":\"Amnesty International\",\"description\":\"Amnesty International is a global movement of more than 3 million supporters, members and activists in over 150 countries and territories who campaign to end grave abuses of human rights. Our vision is for every person to enjoy all the rights enshrined in the Universal Declaration of Human Rights and other international human rights standards. www.amnesty.org\",\"sameAs\":[\"http:\/\/www.amnesty.it\",\"https:\/\/www.facebook.com\/amnestyglobal\",\"https:\/\/x.com\/amnesty\"],\"url\":\"https:\/\/www.pressenza.com\/it\/author\/amnesty-international\/\"}]}<\/script>\n<!-- \/ Yoast SEO plugin. -->","yoast_head_json":{"title":"Rafah, Gaza: dichiarazione urgente di sette agenzie umanitarie e organizzazioni per i diritti umani","description":"Ana Alcalde, segretaria generale ad interim di ActionAid International;\u00a0Agn\u00e8s Callamard, segretaria generale di Amnesty International; Charlotte Slente,","robots":{"index":"index","follow":"follow","max-snippet":"max-snippet:-1","max-image-preview":"max-image-preview:large","max-video-preview":"max-video-preview:-1"},"canonical":"https:\/\/www.pressenza.com\/it\/2024\/02\/rafah-gaza-dichiarazione-urgente-di-sette-agenzie-umanitarie-e-organizzazioni-per-i-diritti-umani\/","og_locale":"it_IT","og_type":"article","og_title":"Rafah, Gaza: dichiarazione urgente di sette agenzie umanitarie e organizzazioni per i diritti umani","og_description":"Ana Alcalde, segretaria generale ad interim di ActionAid International;\u00a0Agn\u00e8s Callamard, segretaria generale di Amnesty International; Charlotte Slente,","og_url":"https:\/\/www.pressenza.com\/it\/2024\/02\/rafah-gaza-dichiarazione-urgente-di-sette-agenzie-umanitarie-e-organizzazioni-per-i-diritti-umani\/","og_site_name":"Pressenza","article_publisher":"https:\/\/www.facebook.com\/PressenzaItalia","article_author":"https:\/\/www.facebook.com\/amnestyglobal","article_published_time":"2024-02-18T17:32:33+00:00","og_image":[{"width":740,"height":493,"url":"https:\/\/www.pressenza.com\/wp-content\/uploads\/2019\/11\/56B86543-2A1C-4A5B-B1A0-7104E29600B9.jpeg","type":"image\/jpeg"}],"author":"Amnesty International","twitter_card":"summary_large_image","twitter_creator":"@amnesty","twitter_site":"@PressenzaIPA","twitter_misc":{"Scritto da":"Amnesty International","Tempo di lettura stimato":"4 minuti"},"schema":{"@context":"https:\/\/schema.org","@graph":[{"@type":"Article","@id":"https:\/\/www.pressenza.com\/it\/2024\/02\/rafah-gaza-dichiarazione-urgente-di-sette-agenzie-umanitarie-e-organizzazioni-per-i-diritti-umani\/#article","isPartOf":{"@id":"https:\/\/www.pressenza.com\/it\/2024\/02\/rafah-gaza-dichiarazione-urgente-di-sette-agenzie-umanitarie-e-organizzazioni-per-i-diritti-umani\/"},"author":{"name":"Amnesty International","@id":"https:\/\/www.pressenza.com\/it\/#\/schema\/person\/9b981b05c7ecf09292e6acb3223b2d9d"},"headline":"Rafah, Gaza: dichiarazione urgente di sette agenzie umanitarie e organizzazioni per i diritti umani","datePublished":"2024-02-18T17:32:33+00:00","mainEntityOfPage":{"@id":"https:\/\/www.pressenza.com\/it\/2024\/02\/rafah-gaza-dichiarazione-urgente-di-sette-agenzie-umanitarie-e-organizzazioni-per-i-diritti-umani\/"},"wordCount":741,"publisher":{"@id":"https:\/\/www.pressenza.com\/it\/#organization"},"image":{"@id":"https:\/\/www.pressenza.com\/it\/2024\/02\/rafah-gaza-dichiarazione-urgente-di-sette-agenzie-umanitarie-e-organizzazioni-per-i-diritti-umani\/#primaryimage"},"thumbnailUrl":"https:\/\/www.pressenza.com\/wp-content\/uploads\/2019\/11\/56B86543-2A1C-4A5B-B1A0-7104E29600B9.jpeg","keywords":["disastro umanitario","Gaza","Rafah"],"articleSection":["Comunicati Stampa","Diritti Umani","Pace e Disarmo"],"inLanguage":"it-IT"},{"@type":"WebPage","@id":"https:\/\/www.pressenza.com\/it\/2024\/02\/rafah-gaza-dichiarazione-urgente-di-sette-agenzie-umanitarie-e-organizzazioni-per-i-diritti-umani\/","url":"https:\/\/www.pressenza.com\/it\/2024\/02\/rafah-gaza-dichiarazione-urgente-di-sette-agenzie-umanitarie-e-organizzazioni-per-i-diritti-umani\/","name":"Rafah, Gaza: dichiarazione urgente di sette agenzie umanitarie e organizzazioni per i diritti umani","isPartOf":{"@id":"https:\/\/www.pressenza.com\/it\/#website"},"primaryImageOfPage":{"@id":"https:\/\/www.pressenza.com\/it\/2024\/02\/rafah-gaza-dichiarazione-urgente-di-sette-agenzie-umanitarie-e-organizzazioni-per-i-diritti-umani\/#primaryimage"},"image":{"@id":"https:\/\/www.pressenza.com\/it\/2024\/02\/rafah-gaza-dichiarazione-urgente-di-sette-agenzie-umanitarie-e-organizzazioni-per-i-diritti-umani\/#primaryimage"},"thumbnailUrl":"https:\/\/www.pressenza.com\/wp-content\/uploads\/2019\/11\/56B86543-2A1C-4A5B-B1A0-7104E29600B9.jpeg","datePublished":"2024-02-18T17:32:33+00:00","description":"Ana Alcalde, segretaria generale ad interim di ActionAid International;\u00a0Agn\u00e8s Callamard, segretaria generale di Amnesty International; Charlotte Slente,","breadcrumb":{"@id":"https:\/\/www.pressenza.com\/it\/2024\/02\/rafah-gaza-dichiarazione-urgente-di-sette-agenzie-umanitarie-e-organizzazioni-per-i-diritti-umani\/#breadcrumb"},"inLanguage":"it-IT","potentialAction":[{"@type":"ReadAction","target":["https:\/\/www.pressenza.com\/it\/2024\/02\/rafah-gaza-dichiarazione-urgente-di-sette-agenzie-umanitarie-e-organizzazioni-per-i-diritti-umani\/"]}]},{"@type":"ImageObject","inLanguage":"it-IT","@id":"https:\/\/www.pressenza.com\/it\/2024\/02\/rafah-gaza-dichiarazione-urgente-di-sette-agenzie-umanitarie-e-organizzazioni-per-i-diritti-umani\/#primaryimage","url":"https:\/\/www.pressenza.com\/wp-content\/uploads\/2019\/11\/56B86543-2A1C-4A5B-B1A0-7104E29600B9.jpeg","contentUrl":"https:\/\/www.pressenza.com\/wp-content\/uploads\/2019\/11\/56B86543-2A1C-4A5B-B1A0-7104E29600B9.jpeg","width":740,"height":493,"caption":"Palestinians gather around the remains of a house destroyed in an Israeli air strike in Rafah in the southern Gaza Strip, on November 13, 2019. Since Israel's targeted killing of Islamic Jihad commander Baha Abu al-Ata yesterday morning, more than 220 rockets have been fired at Israel from Gaza. The Israeli air defence forces have intercepted 90 percent of the rockets. Photo by Abed Rahim Khatib\/Flash90"},{"@type":"BreadcrumbList","@id":"https:\/\/www.pressenza.com\/it\/2024\/02\/rafah-gaza-dichiarazione-urgente-di-sette-agenzie-umanitarie-e-organizzazioni-per-i-diritti-umani\/#breadcrumb","itemListElement":[{"@type":"ListItem","position":1,"name":"Accueil","item":"https:\/\/www.pressenza.com\/it\/"},{"@type":"ListItem","position":2,"name":"Rafah, Gaza: dichiarazione urgente di sette agenzie umanitarie e organizzazioni per i diritti umani"}]},{"@type":"WebSite","@id":"https:\/\/www.pressenza.com\/it\/#website","url":"https:\/\/www.pressenza.com\/it\/","name":"Pressenza","description":"Agenzia di Stampa Internazionale","publisher":{"@id":"https:\/\/www.pressenza.com\/it\/#organization"},"potentialAction":[{"@type":"SearchAction","target":{"@type":"EntryPoint","urlTemplate":"https:\/\/www.pressenza.com\/it\/?s={search_term_string}"},"query-input":{"@type":"PropertyValueSpecification","valueRequired":true,"valueName":"search_term_string"}}],"inLanguage":"it-IT"},{"@type":"Organization","@id":"https:\/\/www.pressenza.com\/it\/#organization","name":"Pressenza","url":"https:\/\/www.pressenza.com\/it\/","logo":{"@type":"ImageObject","inLanguage":"it-IT","@id":"https:\/\/www.pressenza.com\/it\/#\/schema\/logo\/image\/","url":"https:\/\/www.pressenza.com\/wp-content\/uploads\/2022\/10\/pressenza_logo_200x200.jpg","contentUrl":"https:\/\/www.pressenza.com\/wp-content\/uploads\/2022\/10\/pressenza_logo_200x200.jpg","width":200,"height":200,"caption":"Pressenza"},"image":{"@id":"https:\/\/www.pressenza.com\/it\/#\/schema\/logo\/image\/"},"sameAs":["https:\/\/www.facebook.com\/PressenzaItalia","https:\/\/x.com\/PressenzaIPA"]},{"@type":"Person","@id":"https:\/\/www.pressenza.com\/it\/#\/schema\/person\/9b981b05c7ecf09292e6acb3223b2d9d","name":"Amnesty International","description":"Amnesty International is a global movement of more than 3 million supporters, members and activists in over 150 countries and territories who campaign to end grave abuses of human rights. Our vision is for every person to enjoy all the rights enshrined in the Universal Declaration of Human Rights and other international human rights standards. www.amnesty.org","sameAs":["http:\/\/www.amnesty.it","https:\/\/www.facebook.com\/amnestyglobal","https:\/\/x.com\/amnesty"],"url":"https:\/\/www.pressenza.com\/it\/author\/amnesty-international\/"}]}},"place":"","original_article_url":"","_links":{"self":[{"href":"https:\/\/www.pressenza.com\/it\/wp-json\/wp\/v2\/posts\/1799823","targetHints":{"allow":["GET"]}}],"collection":[{"href":"https:\/\/www.pressenza.com\/it\/wp-json\/wp\/v2\/posts"}],"about":[{"href":"https:\/\/www.pressenza.com\/it\/wp-json\/wp\/v2\/types\/post"}],"author":[{"embeddable":true,"href":"https:\/\/www.pressenza.com\/it\/wp-json\/wp\/v2\/users\/432"}],"replies":[{"embeddable":true,"href":"https:\/\/www.pressenza.com\/it\/wp-json\/wp\/v2\/comments?post=1799823"}],"version-history":[{"count":0,"href":"https:\/\/www.pressenza.com\/it\/wp-json\/wp\/v2\/posts\/1799823\/revisions"}],"wp:featuredmedia":[{"embeddable":true,"href":"https:\/\/www.pressenza.com\/it\/wp-json\/wp\/v2\/media\/971252"}],"wp:attachment":[{"href":"https:\/\/www.pressenza.com\/it\/wp-json\/wp\/v2\/media?parent=1799823"}],"wp:term":[{"taxonomy":"category","embeddable":true,"href":"https:\/\/www.pressenza.com\/it\/wp-json\/wp\/v2\/categories?post=1799823"},{"taxonomy":"post_tag","embeddable":true,"href":"https:\/\/www.pressenza.com\/it\/wp-json\/wp\/v2\/tags?post=1799823"}],"curies":[{"name":"wp","href":"https:\/\/api.w.org\/{rel}","templated":true}]}}