{"id":1799284,"date":"2024-02-15T17:33:21","date_gmt":"2024-02-15T17:33:21","guid":{"rendered":"https:\/\/www.pressenza.com\/?p=1799284"},"modified":"2024-02-15T17:42:20","modified_gmt":"2024-02-15T17:42:20","slug":"pellegrinaggio-a-washington-per-porre-fine-alla-tragedia-a-gaza","status":"publish","type":"post","link":"https:\/\/www.pressenza.com\/it\/2024\/02\/pellegrinaggio-a-washington-per-porre-fine-alla-tragedia-a-gaza\/","title":{"rendered":"Pellegrinaggio a Washington per porre fine alla tragedia a Gaza"},"content":{"rendered":"<blockquote>\n<p style=\"background: white; margin: 0cm 0cm 18.75pt 0cm;\"><strong><span style=\"font-family: 'Open Sans','sans-serif'; color: black;\">Leader religiosi, attivisti e artisti si recheranno in pellegrinaggio dal 14 al 21 febbraio 2024, partendo dall&#8217;Independence Hall di Filadelfia, in Pennsylvania, fino ad arrivare alla Casa Bianca di Washington, per chiedere al Presidente Biden di porre fine alla guerra in Palestina.<\/span><\/strong><\/p>\n<\/blockquote>\n<p style=\"background: white; margin: 0cm 0cm 18.75pt 0cm;\"><span style=\"font-family: 'Open Sans','sans-serif'; color: black;\">Il pellegrinaggio, all\u2019insegna del messaggio di pace, interesser\u00e0 diverse citt\u00e0 e Stati. Il cammino, che \u00e8 iniziato mercoled\u00ec 14 febbraio a Filadelfia, coprir\u00e0 una distanza totale di 220 chilometri, passando per Chester, Wilmington, Newark, Havre de Grace e Joppa, prima di arrivare il 19 a Baltimora. Infine, dopo aver attraversato Laurel, i pellegrini entreranno il 21 a Washington. <\/span><\/p>\n<p><img loading=\"lazy\" decoding=\"async\" class=\"aligncenter size-full wp-image-1798876\" src=\"https:\/\/www.pressenza.com\/wp-content\/uploads\/2024\/02\/peregrinacion-por-la-paz.jpg\" alt=\"\" width=\"778\" height=\"581\" srcset=\"https:\/\/www.pressenza.com\/wp-content\/uploads\/2024\/02\/peregrinacion-por-la-paz.jpg 778w, https:\/\/www.pressenza.com\/wp-content\/uploads\/2024\/02\/peregrinacion-por-la-paz-300x224.jpg 300w\" sizes=\"auto, (max-width: 778px) 100vw, 778px\" \/><\/p>\n<p>Tra gli organizzatori sono presenti organizzazioni di diverse confessioni e culture, come Faith for Black Lives, National Council of the Churches of Christ in the USA, Rabbis for Ceasefire, Hindus for Human Rights, The Pennsylvania Chapter of the Council on American-Islamic Relations (CAIR-Philadelphia), assieme ad altre decine di associazioni aderenti all&#8217;iniziativa.<\/p>\n<p>Nel loro manifesto i partecipanti dichiarano: \u201cMossi dalla nostra coscienza, ci siamo uniti per affrontare la tragedia in atto a Gaza, dove il bilancio delle vittime ha superato i 24.000 morti: il bilancio giornaliero delle vittime a Gaza \u00e8 pi\u00f9 alto di qualsiasi altro grande conflitto del XXI secolo&#8221;.<\/p>\n<p>Rivolgendo un appello accorato alla coscienza pubblica, aggiungono: &#8220;Mentre continuiamo a piangere la perdita di vite innocenti israeliane del 7 ottobre, crediamo fermamente che rispondere con altra violenza alla violenza attuale non sia una soluzione.<\/p>\n<p>Pertanto esortiamo il presidente Biden e il Congresso a fermare i finanziamenti per le armi a Israele e a indirizzare, invece, gli sforzi verso un aumento degli aiuti umanitari alla Palestina&#8221;.<\/p>\n<p>L&#8217;appello si conclude con una frase molto significativa: &#8220;\u00c8 nostra responsabilit\u00e0 collettiva intercedere per una soluzione pacifica e difendere i principi di giustizia e compassione. Sta a noi decidere se seminare la nonviolenza oggi o se raccogliere la distruzione domani\u201d.<\/p>\n<p><em>Traduzione dallo spagnolo di Maria Sartori. Revisione di Thomas Schmid.<\/em><\/p>\n","protected":false},"excerpt":{"rendered":"<p>Leader religiosi, attivisti e artisti si recheranno in pellegrinaggio dal 14 al 21 febbraio 2024, partendo dall&#8217;Independence Hall di Filadelfia, in Pennsylvania, fino ad arrivare alla Casa Bianca di Washington, per chiedere al Presidente Biden di porre fine alla guerra&hellip;<\/p>\n","protected":false},"author":19,"featured_media":1799289,"comment_status":"closed","ping_status":"closed","sticky":false,"template":"","format":"standard","meta":{"footnotes":""},"categories":[11388,49,1263],"tags":[72236,1005,778,294,1227,8783],"class_list":["post-1799284","post","type-post","status-publish","format-standard","has-post-thumbnail","hentry","category-contenuti-originali","category-nord-america","category-pace-disarmo","tag-distruzione","tag-gaza","tag-israele","tag-pace","tag-palestina-it","tag-pellegrinaggio"],"yoast_head":"<!-- This site is optimized with the Yoast SEO plugin v27.1.1 - https:\/\/yoast.com\/product\/yoast-seo-wordpress\/ -->\n<title>Pellegrinaggio a Washington per porre fine alla tragedia a Gaza<\/title>\n<meta name=\"description\" content=\"Leader religiosi, attivisti e artisti si recheranno in pellegrinaggio dal 14 al 21 febbraio 2024, partendo da Filadelfia, fino ad arrivare alla Casa Bianca di Washington,\" \/>\n<meta name=\"robots\" content=\"index, follow, max-snippet:-1, max-image-preview:large, max-video-preview:-1\" \/>\n<link rel=\"canonical\" href=\"https:\/\/www.pressenza.com\/it\/2024\/02\/pellegrinaggio-a-washington-per-porre-fine-alla-tragedia-a-gaza\/\" \/>\n<meta property=\"og:locale\" content=\"it_IT\" \/>\n<meta property=\"og:type\" content=\"article\" \/>\n<meta property=\"og:title\" content=\"Pellegrinaggio a Washington per porre fine alla tragedia a Gaza\" \/>\n<meta property=\"og:description\" content=\"Leader religiosi, attivisti e artisti si recheranno in pellegrinaggio dal 14 al 21 febbraio 2024, partendo da Filadelfia, fino ad arrivare alla Casa Bianca di Washington,\" \/>\n<meta property=\"og:url\" content=\"https:\/\/www.pressenza.com\/it\/2024\/02\/pellegrinaggio-a-washington-per-porre-fine-alla-tragedia-a-gaza\/\" \/>\n<meta property=\"og:site_name\" content=\"Pressenza\" \/>\n<meta property=\"article:publisher\" content=\"https:\/\/www.facebook.com\/PressenzaItalia\" \/>\n<meta property=\"article:author\" content=\"https:\/\/www.facebook.com\/pressenza\" \/>\n<meta property=\"article:published_time\" content=\"2024-02-15T17:33:21+00:00\" \/>\n<meta property=\"article:modified_time\" content=\"2024-02-15T17:42:20+00:00\" \/>\n<meta property=\"og:image\" content=\"https:\/\/www.pressenza.com\/wp-content\/uploads\/2024\/02\/peregrinacion-por-la-paz-1.jpg\" \/>\n\t<meta property=\"og:image:width\" content=\"712\" \/>\n\t<meta property=\"og:image:height\" content=\"434\" \/>\n\t<meta property=\"og:image:type\" content=\"image\/jpeg\" \/>\n<meta name=\"author\" content=\"Pressenza IPA\" \/>\n<meta name=\"twitter:card\" content=\"summary_large_image\" \/>\n<meta name=\"twitter:creator\" content=\"@PressenzaIPA\" \/>\n<meta name=\"twitter:site\" content=\"@PressenzaIPA\" \/>\n<meta name=\"twitter:label1\" content=\"Scritto da\" \/>\n\t<meta name=\"twitter:data1\" content=\"Pressenza IPA\" \/>\n\t<meta name=\"twitter:label2\" content=\"Tempo di lettura stimato\" \/>\n\t<meta name=\"twitter:data2\" content=\"2 minuti\" \/>\n<script type=\"application\/ld+json\" class=\"yoast-schema-graph\">{\"@context\":\"https:\/\/schema.org\",\"@graph\":[{\"@type\":\"Article\",\"@id\":\"https:\/\/www.pressenza.com\/it\/2024\/02\/pellegrinaggio-a-washington-per-porre-fine-alla-tragedia-a-gaza\/#article\",\"isPartOf\":{\"@id\":\"https:\/\/www.pressenza.com\/it\/2024\/02\/pellegrinaggio-a-washington-per-porre-fine-alla-tragedia-a-gaza\/\"},\"author\":{\"name\":\"Pressenza IPA\",\"@id\":\"https:\/\/www.pressenza.com\/it\/#\/schema\/person\/010e5d02bcf40965427a1289a4cc8d75\"},\"headline\":\"Pellegrinaggio a Washington per porre fine alla tragedia a Gaza\",\"datePublished\":\"2024-02-15T17:33:21+00:00\",\"dateModified\":\"2024-02-15T17:42:20+00:00\",\"mainEntityOfPage\":{\"@id\":\"https:\/\/www.pressenza.com\/it\/2024\/02\/pellegrinaggio-a-washington-per-porre-fine-alla-tragedia-a-gaza\/\"},\"wordCount\":318,\"publisher\":{\"@id\":\"https:\/\/www.pressenza.com\/it\/#organization\"},\"image\":{\"@id\":\"https:\/\/www.pressenza.com\/it\/2024\/02\/pellegrinaggio-a-washington-per-porre-fine-alla-tragedia-a-gaza\/#primaryimage\"},\"thumbnailUrl\":\"https:\/\/www.pressenza.com\/wp-content\/uploads\/2024\/02\/peregrinacion-por-la-paz-1.jpg\",\"keywords\":[\"distruzione\",\"Gaza\",\"Israele\",\"Pace\",\"Palestina\",\"pellegrinaggio\"],\"articleSection\":[\"contenuti originali\",\"Nord America\",\"Pace e Disarmo\"],\"inLanguage\":\"it-IT\"},{\"@type\":\"WebPage\",\"@id\":\"https:\/\/www.pressenza.com\/it\/2024\/02\/pellegrinaggio-a-washington-per-porre-fine-alla-tragedia-a-gaza\/\",\"url\":\"https:\/\/www.pressenza.com\/it\/2024\/02\/pellegrinaggio-a-washington-per-porre-fine-alla-tragedia-a-gaza\/\",\"name\":\"Pellegrinaggio a Washington per porre fine alla tragedia a Gaza\",\"isPartOf\":{\"@id\":\"https:\/\/www.pressenza.com\/it\/#website\"},\"primaryImageOfPage\":{\"@id\":\"https:\/\/www.pressenza.com\/it\/2024\/02\/pellegrinaggio-a-washington-per-porre-fine-alla-tragedia-a-gaza\/#primaryimage\"},\"image\":{\"@id\":\"https:\/\/www.pressenza.com\/it\/2024\/02\/pellegrinaggio-a-washington-per-porre-fine-alla-tragedia-a-gaza\/#primaryimage\"},\"thumbnailUrl\":\"https:\/\/www.pressenza.com\/wp-content\/uploads\/2024\/02\/peregrinacion-por-la-paz-1.jpg\",\"datePublished\":\"2024-02-15T17:33:21+00:00\",\"dateModified\":\"2024-02-15T17:42:20+00:00\",\"description\":\"Leader religiosi, attivisti e artisti si recheranno in pellegrinaggio dal 14 al 21 febbraio 2024, partendo da Filadelfia, fino ad arrivare alla Casa Bianca di Washington,\",\"breadcrumb\":{\"@id\":\"https:\/\/www.pressenza.com\/it\/2024\/02\/pellegrinaggio-a-washington-per-porre-fine-alla-tragedia-a-gaza\/#breadcrumb\"},\"inLanguage\":\"it-IT\",\"potentialAction\":[{\"@type\":\"ReadAction\",\"target\":[\"https:\/\/www.pressenza.com\/it\/2024\/02\/pellegrinaggio-a-washington-per-porre-fine-alla-tragedia-a-gaza\/\"]}]},{\"@type\":\"ImageObject\",\"inLanguage\":\"it-IT\",\"@id\":\"https:\/\/www.pressenza.com\/it\/2024\/02\/pellegrinaggio-a-washington-per-porre-fine-alla-tragedia-a-gaza\/#primaryimage\",\"url\":\"https:\/\/www.pressenza.com\/wp-content\/uploads\/2024\/02\/peregrinacion-por-la-paz-1.jpg\",\"contentUrl\":\"https:\/\/www.pressenza.com\/wp-content\/uploads\/2024\/02\/peregrinacion-por-la-paz-1.jpg\",\"width\":712,\"height\":434},{\"@type\":\"BreadcrumbList\",\"@id\":\"https:\/\/www.pressenza.com\/it\/2024\/02\/pellegrinaggio-a-washington-per-porre-fine-alla-tragedia-a-gaza\/#breadcrumb\",\"itemListElement\":[{\"@type\":\"ListItem\",\"position\":1,\"name\":\"Accueil\",\"item\":\"https:\/\/www.pressenza.com\/it\/\"},{\"@type\":\"ListItem\",\"position\":2,\"name\":\"Pellegrinaggio a Washington per porre fine alla tragedia a Gaza\"}]},{\"@type\":\"WebSite\",\"@id\":\"https:\/\/www.pressenza.com\/it\/#website\",\"url\":\"https:\/\/www.pressenza.com\/it\/\",\"name\":\"Pressenza\",\"description\":\"Agenzia di Stampa Internazionale\",\"publisher\":{\"@id\":\"https:\/\/www.pressenza.com\/it\/#organization\"},\"potentialAction\":[{\"@type\":\"SearchAction\",\"target\":{\"@type\":\"EntryPoint\",\"urlTemplate\":\"https:\/\/www.pressenza.com\/it\/?s={search_term_string}\"},\"query-input\":{\"@type\":\"PropertyValueSpecification\",\"valueRequired\":true,\"valueName\":\"search_term_string\"}}],\"inLanguage\":\"it-IT\"},{\"@type\":\"Organization\",\"@id\":\"https:\/\/www.pressenza.com\/it\/#organization\",\"name\":\"Pressenza\",\"url\":\"https:\/\/www.pressenza.com\/it\/\",\"logo\":{\"@type\":\"ImageObject\",\"inLanguage\":\"it-IT\",\"@id\":\"https:\/\/www.pressenza.com\/it\/#\/schema\/logo\/image\/\",\"url\":\"https:\/\/www.pressenza.com\/wp-content\/uploads\/2022\/10\/pressenza_logo_200x200.jpg\",\"contentUrl\":\"https:\/\/www.pressenza.com\/wp-content\/uploads\/2022\/10\/pressenza_logo_200x200.jpg\",\"width\":200,\"height\":200,\"caption\":\"Pressenza\"},\"image\":{\"@id\":\"https:\/\/www.pressenza.com\/it\/#\/schema\/logo\/image\/\"},\"sameAs\":[\"https:\/\/www.facebook.com\/PressenzaItalia\",\"https:\/\/x.com\/PressenzaIPA\"]},{\"@type\":\"Person\",\"@id\":\"https:\/\/www.pressenza.com\/it\/#\/schema\/person\/010e5d02bcf40965427a1289a4cc8d75\",\"name\":\"Pressenza IPA\",\"description\":\"News from Pressenza IPA correspondents\",\"sameAs\":[\"https:\/\/www.facebook.com\/pressenza\",\"https:\/\/x.com\/PressenzaIPA\"],\"url\":\"https:\/\/www.pressenza.com\/it\/author\/pressenza-ipa\/\"}]}<\/script>\n<!-- \/ Yoast SEO plugin. -->","yoast_head_json":{"title":"Pellegrinaggio a Washington per porre fine alla tragedia a Gaza","description":"Leader religiosi, attivisti e artisti si recheranno in pellegrinaggio dal 14 al 21 febbraio 2024, partendo da Filadelfia, fino ad arrivare alla Casa Bianca di Washington,","robots":{"index":"index","follow":"follow","max-snippet":"max-snippet:-1","max-image-preview":"max-image-preview:large","max-video-preview":"max-video-preview:-1"},"canonical":"https:\/\/www.pressenza.com\/it\/2024\/02\/pellegrinaggio-a-washington-per-porre-fine-alla-tragedia-a-gaza\/","og_locale":"it_IT","og_type":"article","og_title":"Pellegrinaggio a Washington per porre fine alla tragedia a Gaza","og_description":"Leader religiosi, attivisti e artisti si recheranno in pellegrinaggio dal 14 al 21 febbraio 2024, partendo da Filadelfia, fino ad arrivare alla Casa Bianca di Washington,","og_url":"https:\/\/www.pressenza.com\/it\/2024\/02\/pellegrinaggio-a-washington-per-porre-fine-alla-tragedia-a-gaza\/","og_site_name":"Pressenza","article_publisher":"https:\/\/www.facebook.com\/PressenzaItalia","article_author":"https:\/\/www.facebook.com\/pressenza","article_published_time":"2024-02-15T17:33:21+00:00","article_modified_time":"2024-02-15T17:42:20+00:00","og_image":[{"width":712,"height":434,"url":"https:\/\/www.pressenza.com\/wp-content\/uploads\/2024\/02\/peregrinacion-por-la-paz-1.jpg","type":"image\/jpeg"}],"author":"Pressenza IPA","twitter_card":"summary_large_image","twitter_creator":"@PressenzaIPA","twitter_site":"@PressenzaIPA","twitter_misc":{"Scritto da":"Pressenza IPA","Tempo di lettura stimato":"2 minuti"},"schema":{"@context":"https:\/\/schema.org","@graph":[{"@type":"Article","@id":"https:\/\/www.pressenza.com\/it\/2024\/02\/pellegrinaggio-a-washington-per-porre-fine-alla-tragedia-a-gaza\/#article","isPartOf":{"@id":"https:\/\/www.pressenza.com\/it\/2024\/02\/pellegrinaggio-a-washington-per-porre-fine-alla-tragedia-a-gaza\/"},"author":{"name":"Pressenza IPA","@id":"https:\/\/www.pressenza.com\/it\/#\/schema\/person\/010e5d02bcf40965427a1289a4cc8d75"},"headline":"Pellegrinaggio a Washington per porre fine alla tragedia a Gaza","datePublished":"2024-02-15T17:33:21+00:00","dateModified":"2024-02-15T17:42:20+00:00","mainEntityOfPage":{"@id":"https:\/\/www.pressenza.com\/it\/2024\/02\/pellegrinaggio-a-washington-per-porre-fine-alla-tragedia-a-gaza\/"},"wordCount":318,"publisher":{"@id":"https:\/\/www.pressenza.com\/it\/#organization"},"image":{"@id":"https:\/\/www.pressenza.com\/it\/2024\/02\/pellegrinaggio-a-washington-per-porre-fine-alla-tragedia-a-gaza\/#primaryimage"},"thumbnailUrl":"https:\/\/www.pressenza.com\/wp-content\/uploads\/2024\/02\/peregrinacion-por-la-paz-1.jpg","keywords":["distruzione","Gaza","Israele","Pace","Palestina","pellegrinaggio"],"articleSection":["contenuti originali","Nord America","Pace e Disarmo"],"inLanguage":"it-IT"},{"@type":"WebPage","@id":"https:\/\/www.pressenza.com\/it\/2024\/02\/pellegrinaggio-a-washington-per-porre-fine-alla-tragedia-a-gaza\/","url":"https:\/\/www.pressenza.com\/it\/2024\/02\/pellegrinaggio-a-washington-per-porre-fine-alla-tragedia-a-gaza\/","name":"Pellegrinaggio a Washington per porre fine alla tragedia a Gaza","isPartOf":{"@id":"https:\/\/www.pressenza.com\/it\/#website"},"primaryImageOfPage":{"@id":"https:\/\/www.pressenza.com\/it\/2024\/02\/pellegrinaggio-a-washington-per-porre-fine-alla-tragedia-a-gaza\/#primaryimage"},"image":{"@id":"https:\/\/www.pressenza.com\/it\/2024\/02\/pellegrinaggio-a-washington-per-porre-fine-alla-tragedia-a-gaza\/#primaryimage"},"thumbnailUrl":"https:\/\/www.pressenza.com\/wp-content\/uploads\/2024\/02\/peregrinacion-por-la-paz-1.jpg","datePublished":"2024-02-15T17:33:21+00:00","dateModified":"2024-02-15T17:42:20+00:00","description":"Leader religiosi, attivisti e artisti si recheranno in pellegrinaggio dal 14 al 21 febbraio 2024, partendo da Filadelfia, fino ad arrivare alla Casa Bianca di Washington,","breadcrumb":{"@id":"https:\/\/www.pressenza.com\/it\/2024\/02\/pellegrinaggio-a-washington-per-porre-fine-alla-tragedia-a-gaza\/#breadcrumb"},"inLanguage":"it-IT","potentialAction":[{"@type":"ReadAction","target":["https:\/\/www.pressenza.com\/it\/2024\/02\/pellegrinaggio-a-washington-per-porre-fine-alla-tragedia-a-gaza\/"]}]},{"@type":"ImageObject","inLanguage":"it-IT","@id":"https:\/\/www.pressenza.com\/it\/2024\/02\/pellegrinaggio-a-washington-per-porre-fine-alla-tragedia-a-gaza\/#primaryimage","url":"https:\/\/www.pressenza.com\/wp-content\/uploads\/2024\/02\/peregrinacion-por-la-paz-1.jpg","contentUrl":"https:\/\/www.pressenza.com\/wp-content\/uploads\/2024\/02\/peregrinacion-por-la-paz-1.jpg","width":712,"height":434},{"@type":"BreadcrumbList","@id":"https:\/\/www.pressenza.com\/it\/2024\/02\/pellegrinaggio-a-washington-per-porre-fine-alla-tragedia-a-gaza\/#breadcrumb","itemListElement":[{"@type":"ListItem","position":1,"name":"Accueil","item":"https:\/\/www.pressenza.com\/it\/"},{"@type":"ListItem","position":2,"name":"Pellegrinaggio a Washington per porre fine alla tragedia a Gaza"}]},{"@type":"WebSite","@id":"https:\/\/www.pressenza.com\/it\/#website","url":"https:\/\/www.pressenza.com\/it\/","name":"Pressenza","description":"Agenzia di Stampa Internazionale","publisher":{"@id":"https:\/\/www.pressenza.com\/it\/#organization"},"potentialAction":[{"@type":"SearchAction","target":{"@type":"EntryPoint","urlTemplate":"https:\/\/www.pressenza.com\/it\/?s={search_term_string}"},"query-input":{"@type":"PropertyValueSpecification","valueRequired":true,"valueName":"search_term_string"}}],"inLanguage":"it-IT"},{"@type":"Organization","@id":"https:\/\/www.pressenza.com\/it\/#organization","name":"Pressenza","url":"https:\/\/www.pressenza.com\/it\/","logo":{"@type":"ImageObject","inLanguage":"it-IT","@id":"https:\/\/www.pressenza.com\/it\/#\/schema\/logo\/image\/","url":"https:\/\/www.pressenza.com\/wp-content\/uploads\/2022\/10\/pressenza_logo_200x200.jpg","contentUrl":"https:\/\/www.pressenza.com\/wp-content\/uploads\/2022\/10\/pressenza_logo_200x200.jpg","width":200,"height":200,"caption":"Pressenza"},"image":{"@id":"https:\/\/www.pressenza.com\/it\/#\/schema\/logo\/image\/"},"sameAs":["https:\/\/www.facebook.com\/PressenzaItalia","https:\/\/x.com\/PressenzaIPA"]},{"@type":"Person","@id":"https:\/\/www.pressenza.com\/it\/#\/schema\/person\/010e5d02bcf40965427a1289a4cc8d75","name":"Pressenza IPA","description":"News from Pressenza IPA correspondents","sameAs":["https:\/\/www.facebook.com\/pressenza","https:\/\/x.com\/PressenzaIPA"],"url":"https:\/\/www.pressenza.com\/it\/author\/pressenza-ipa\/"}]}},"place":"Filadelfia, Washington, Stati Uniti","original_article_url":"","_links":{"self":[{"href":"https:\/\/www.pressenza.com\/it\/wp-json\/wp\/v2\/posts\/1799284","targetHints":{"allow":["GET"]}}],"collection":[{"href":"https:\/\/www.pressenza.com\/it\/wp-json\/wp\/v2\/posts"}],"about":[{"href":"https:\/\/www.pressenza.com\/it\/wp-json\/wp\/v2\/types\/post"}],"author":[{"embeddable":true,"href":"https:\/\/www.pressenza.com\/it\/wp-json\/wp\/v2\/users\/19"}],"replies":[{"embeddable":true,"href":"https:\/\/www.pressenza.com\/it\/wp-json\/wp\/v2\/comments?post=1799284"}],"version-history":[{"count":0,"href":"https:\/\/www.pressenza.com\/it\/wp-json\/wp\/v2\/posts\/1799284\/revisions"}],"wp:featuredmedia":[{"embeddable":true,"href":"https:\/\/www.pressenza.com\/it\/wp-json\/wp\/v2\/media\/1799289"}],"wp:attachment":[{"href":"https:\/\/www.pressenza.com\/it\/wp-json\/wp\/v2\/media?parent=1799284"}],"wp:term":[{"taxonomy":"category","embeddable":true,"href":"https:\/\/www.pressenza.com\/it\/wp-json\/wp\/v2\/categories?post=1799284"},{"taxonomy":"post_tag","embeddable":true,"href":"https:\/\/www.pressenza.com\/it\/wp-json\/wp\/v2\/tags?post=1799284"}],"curies":[{"name":"wp","href":"https:\/\/api.w.org\/{rel}","templated":true}]}}