{"id":1799194,"date":"2024-02-15T11:37:56","date_gmt":"2024-02-15T11:37:56","guid":{"rendered":"https:\/\/www.pressenza.com\/?p=1799194"},"modified":"2024-02-15T15:06:23","modified_gmt":"2024-02-15T15:06:23","slug":"sul-film-il-testimone-cala-la-notte-della-liberta","status":"publish","type":"post","link":"https:\/\/www.pressenza.com\/it\/2024\/02\/sul-film-il-testimone-cala-la-notte-della-liberta\/","title":{"rendered":"Sul film \u201cIl testimone\u201d cala la notte della libert\u00e0"},"content":{"rendered":"<p>\u201c<strong>Il testimone\u201d non si deve vedere, de \u201cil testimone\u201d, il film russo sulla guerra in Ucraina<\/strong>, sottotitolato e distribuito in Italia da\u00a0<strong>Donbass Italia<\/strong>\u00a0e dai giornalisti Vincenzo Lorusso e Andrea Lucidi, non si deve parlare.<\/p>\n<p>E invece no, ne parliamo.<\/p>\n<p><strong>Il diritto alla libert\u00e0 di opinione e di espressione, sia in Europa che in Italia, sta subendo un preoccupante declino negli ultimi anni, un fenomeno che si \u00e8 accentuato soprattutto a seguito della pandemia.<\/strong> L&#8217;approccio paternalistico adottato nel contrastare quelle che vengono etichettate come &#8220;fake news&#8221; &#8211; le quali, non di rado, rappresentano semplicemente punti di vista divergenti rispetto al dominante pensiero unico &#8211; sta sfociando sempre pi\u00f9 spesso in una vera e propria <strong>censura.<\/strong><\/p>\n<p>Nella\u00a0<a href=\"https:\/\/www.sinistralibertaria.it\/umberto-eco-un-nemico-serve-per-darsi-unidentita\/\" target=\"_blank\" rel=\"noopener\"><strong>corsa ad additare un \u201cnemico\u201d di cui diceva Umberto Eco<\/strong><\/a>, sono spariti dal web europeo due testate giornalistiche quali RT e Sputnik senza che nessun professionista dell\u2019informazione o dei \u201cdiritti umani\u201d alzasse la voce (\u00a0<em>che poi si possono raggiungere tramite il browser TOR o l\u2019app RT scaricabile da RT.com<\/em>\u00a0); \u00e8 stato creato un clima di \u201crussofobia\u201d ed \u00e8 stato<a href=\"https:\/\/www.fronteampio.it\/il-gm-di-scacchi-karjakin-paga-il-clima-di-russofobia\/\">\u00a0<strong>boicottato il mondo culturale russo, sportivo e artistico<\/strong><\/a>; sono state additate o vietate le manifestazioni pro Palestina o le semplici dichiarazioni di solidariet\u00e0 verso un popolo massacrato da anni; \u00e8 stata cancellata dal dibattito politico perfino<a href=\"https:\/\/www.fronteampio.it\/gaza-la-corte-di-giustizia-non-ordina-il-cessate-il-fuoco\/\">\u00a0<strong>l\u2019ordinanza della Corte di Giustizia Internazionale de L\u2019Aja<\/strong><\/a>.<\/p>\n<p>Se sembra solo una (pericolosa) bizzarra dichiarazione quella del leghista che propone\u00a0<strong>il \u201cDaspo\u201d agli artisti che si \u201cpermettono\u201d di fare qualcosa oltre che il saltimbanco [<\/strong><strong>1<\/strong><strong>]<\/strong>, ben pi\u00f9 grave appare la censura che \u2013 complici stavolta esponenti del\u00a0<strong>Partito Democratico<\/strong>\u00a0e dei suoi alleati \u2013 si sta abbattendo su<strong>\u00a0una produzione cinematografica di recente distribuzione in Italia, \u201cIl testimone\u201d.<\/strong><\/p>\n<p>\u201c<em>Una raccolta di molte delle bugie del Cremlino utilizzate per\u00a0giustificare l\u2019invasione dell\u2019Ucraina<\/em><em>\u201d<\/em><strong>,\u00a0<\/strong><strong>scrive<\/strong><strong>\u00a0<\/strong><strong>Euronews giornale finanziato dalla Commissione Europea<\/strong><strong>\u00a0e quindi\u00a0<\/strong><strong>governativo e di parte<\/strong><strong>.<\/strong><\/p>\n<p>A<strong>\u00a0Bologna\u00a0<\/strong>il Comune ha definitivo \u201c<em>inaccettabile la proiezione del film in un edificio che riceve fondi pubblici e hanno chiesto agli organizzatori di cancellare l\u2019evento<\/em>\u201d\u00a0<strong>[<\/strong><strong>2<\/strong><strong>]<\/strong>; invece \u201c<em>la giunta del comune di\u00a0<\/em><strong>Modena<\/strong><em>\u00a0ha revocato la concessione della sala civica<\/em>\u201d.<\/p>\n<p>A\u00a0<strong>Milano<\/strong>, \u201c<em>c\u2019erano quasi 100 persone, in viale Monza, davanti al Circolo familiare di Unit\u00e0 proletaria, per protestare contro la proiezione<\/em>\u201d. Tra loro \u201ci<em>l circolo del Partito democratico \u2018Luciano Lama\u2019<\/em>\u201d<strong>\u00a0[<\/strong><strong>3<\/strong><strong>]<\/strong>. Sempre a\u00a0<strong>Milano<\/strong>, \u201c<em>il 5 febbraio, il consiglio comunale di Milano aveva approvato una mozione proposta da Giulia Pastorella (Azione-Riformisti) per impedire che, nelle sale del Comune di Milano, si possano ospitare eventi di \u201cchiara ispirazione e propaganda russa\u201d<\/em>\u201d\u00a0<strong>[<\/strong><strong>3<\/strong><strong>].<\/strong><\/p>\n<p>A\u00a0<strong>Firenze<\/strong>, sotto \u201csuggerimento\u201d del sindaco\u00a0<strong>Dario Nardella (PD)<\/strong>, \u201c<em>i membri del consiglio direttivo hanno deliberato all\u2019unanimit\u00e0 di accogliere l\u2019invito istituzionale, prima tra tutti la gentile esortazione del sindaco di Firenze, a rinunciare<\/em>\u201d alla proiezione del\u00a0<strong>film \u201cIl testimone\u201d\u00a0<\/strong>prima prevista<strong>\u00a0[<\/strong><strong>4<\/strong><strong>].<\/strong><\/p>\n<p><strong>Le &#8220;critiche&#8221; sono dovute, si sostiene, al fatto che sarebbe finanziato dal governo russo, e quindi sarebbe assimilabile a materiale di propaganda.<\/strong><\/p>\n<p>Sembra essere davanti i\u00a0<em>B\u00fccherverbrennungen<\/em>,\u00a0<strong>i roghi dei libri<\/strong>, \u00ab\u00a0<em>per eliminare con le fiamme lo spirito maligno<\/em>\u00a0\u00bb, di nazista memoria.<\/p>\n<p>Il film noi non l\u2019abbiamo ancora visto e soprattutto nessuno ci obbliga di andare a vederlo. Ci fidiamo del commento de <strong>\u201cLa Riscossa\u201d<\/strong>\u00a0(\u201c<em>tutto sommato siamo di fronte a un film che lancia un messaggio di speranza<\/em>\u201d)<strong>\u00a0[5],<\/strong>\u00a0ma, comunque, come tutte le opere artistiche, potr\u00e0 piacere tecnicamente o meno, si potr\u00e0 o meno condividerne i contenuti e il messaggio; ma censurarlo \u00e8 fascismo, \u00e8 ancor di pi\u00f9 \u00e8\u00a0<strong>la notte della libert\u00e0<\/strong>.<\/p>\n<p>\u2013<\/p>\n<h2 id=\"h-fonti-e-note\" class=\"wp-block-heading fittexted_for_content_h2\"><strong>Fonti e Note:<\/strong><\/h2>\n<p><strong>[<\/strong><strong>1<\/strong><strong>]\u00a0<a href=\"https:\/\/www.open.online\/2024\/02\/14\/alessandro-morelli-daspo-artisti-rai-politica\/\" target=\"_blank\" rel=\"noopener\">Open<\/a><\/strong>, 14 febbraio 2024, \u201cL<em>\u2019idea del leghista Morelli sugli artisti in Rai: \u00abDaspo per chi fa politica in tv anzich\u00e9 cantare\u00bb<\/em>\u201d.<\/p>\n<p><strong>[<\/strong><strong>2<\/strong><strong>]\u00a0<a href=\"https:\/\/it.euronews.com\/cultura\/2024\/01\/10\/il-testimone-il-film-di-propaganda-del-cremlino-arriva-in-italia\" target=\"_blank\" rel=\"noopener\">Euronews<\/a><\/strong>, 10 gennaio 2024, \u201c<em>\u201cIl testimone\u201d: il film di propaganda del Cremlino arriva in Italia<\/em>\u201d.<\/p>\n<p><strong>[<\/strong><strong>3<\/strong><strong>]<a href=\"https:\/\/www.milanotoday.it\/politica\/manifestazione-film-testimone-viale-monza.html\" target=\"_blank\" rel=\"noopener\">\u00a0MilanoToday<\/a><\/strong>, 14 febbraio 2024, \u201c<em>A Milano il film russo \u201cIl testimone\u201d: manifestazione contro la propaganda di Putin<\/em>\u201d.<\/p>\n<p><strong>[<\/strong><strong>4<\/strong><strong>]\u00a0<a href=\"https:\/\/www.lanazione.it\/firenze\/cronaca\/film-il-testimone-nm296oru\" target=\"_blank\" rel=\"noopener\">La Nazione<\/a><\/strong>, 29 gennaio 2024, \u201c<em>Film \u201cIl Testimone\u201d a Firenze, annullata la proiezione al teatro dell\u2019Affratellamento<\/em>\u201d.<\/p>\n<p><strong>[<\/strong><strong>5<\/strong><strong>]\u00a0<a href=\"https:\/\/www.lariscossa.info\/il-testimone\/\" target=\"_blank\" rel=\"noopener\">La Riscossa<\/a><\/strong>, 31 dicembre 2023, \u201c<em>Il Testimone<\/em>\u201d.<\/p>\n","protected":false},"excerpt":{"rendered":"<p>\u201cIl testimone\u201d non si deve vedere, de \u201cil testimone\u201d, il film russo sulla guerra in Ucraina, sottotitolato e distribuito in Italia da\u00a0Donbass Italia\u00a0e dai giornalisti Vincenzo Lorusso e Andrea Lucidi, non si deve parlare. E invece no, ne parliamo. Il&hellip;<\/p>\n","protected":false},"author":1284,"featured_media":1799195,"comment_status":"closed","ping_status":"closed","sticky":false,"template":"","format":"standard","meta":{"footnotes":""},"categories":[11388,56,162],"tags":[1104,12932,3241,2804,8514],"class_list":["post-1799194","post","type-post","status-publish","format-standard","has-post-thumbnail","hentry","category-contenuti-originali","category-cultura","category-opinioni","tag-censura-it","tag-donbass","tag-film-it","tag-russia-it","tag-ucraina"],"yoast_head":"<!-- This site is optimized with the Yoast SEO plugin v27.1.1 - https:\/\/yoast.com\/product\/yoast-seo-wordpress\/ -->\n<title>Sul film \u201cIl testimone\u201d cala la notte della libert\u00e0<\/title>\n<meta name=\"description\" content=\"\u201cIl testimone\u201d non si deve vedere, de \u201cil testimone\u201d, il film russo sulla guerra in Ucraina, sottotitolato e distribuito in Italia da\u00a0Donbass Italia\u00a0e dai\" \/>\n<meta name=\"robots\" content=\"index, follow, max-snippet:-1, max-image-preview:large, max-video-preview:-1\" \/>\n<link rel=\"canonical\" href=\"https:\/\/www.pressenza.com\/it\/2024\/02\/sul-film-il-testimone-cala-la-notte-della-liberta\/\" \/>\n<meta property=\"og:locale\" content=\"it_IT\" \/>\n<meta property=\"og:type\" content=\"article\" \/>\n<meta property=\"og:title\" content=\"Sul film \u201cIl testimone\u201d cala la notte della libert\u00e0\" \/>\n<meta property=\"og:description\" content=\"\u201cIl testimone\u201d non si deve vedere, de \u201cil testimone\u201d, il film russo sulla guerra in Ucraina, sottotitolato e distribuito in Italia da\u00a0Donbass Italia\u00a0e dai\" \/>\n<meta property=\"og:url\" content=\"https:\/\/www.pressenza.com\/it\/2024\/02\/sul-film-il-testimone-cala-la-notte-della-liberta\/\" \/>\n<meta property=\"og:site_name\" content=\"Pressenza\" \/>\n<meta property=\"article:publisher\" content=\"https:\/\/www.facebook.com\/PressenzaItalia\" \/>\n<meta property=\"article:published_time\" content=\"2024-02-15T11:37:56+00:00\" \/>\n<meta property=\"article:modified_time\" content=\"2024-02-15T15:06:23+00:00\" \/>\n<meta property=\"og:image\" content=\"https:\/\/www.pressenza.com\/wp-content\/uploads\/2024\/02\/film_iltestimone_donbassitalia.webp\" \/>\n\t<meta property=\"og:image:width\" content=\"900\" \/>\n\t<meta property=\"og:image:height\" content=\"746\" \/>\n\t<meta property=\"og:image:type\" content=\"image\/webp\" \/>\n<meta name=\"author\" content=\"Natale Salvo\" \/>\n<meta name=\"twitter:card\" content=\"summary_large_image\" \/>\n<meta name=\"twitter:creator\" content=\"@PressenzaIPA\" \/>\n<meta name=\"twitter:site\" content=\"@PressenzaIPA\" \/>\n<meta name=\"twitter:label1\" content=\"Scritto da\" \/>\n\t<meta name=\"twitter:data1\" content=\"Natale Salvo\" \/>\n\t<meta name=\"twitter:label2\" content=\"Tempo di lettura stimato\" \/>\n\t<meta name=\"twitter:data2\" content=\"4 minuti\" \/>\n<script type=\"application\/ld+json\" class=\"yoast-schema-graph\">{\"@context\":\"https:\/\/schema.org\",\"@graph\":[{\"@type\":\"Article\",\"@id\":\"https:\/\/www.pressenza.com\/it\/2024\/02\/sul-film-il-testimone-cala-la-notte-della-liberta\/#article\",\"isPartOf\":{\"@id\":\"https:\/\/www.pressenza.com\/it\/2024\/02\/sul-film-il-testimone-cala-la-notte-della-liberta\/\"},\"author\":{\"name\":\"Natale Salvo\",\"@id\":\"https:\/\/www.pressenza.com\/it\/#\/schema\/person\/dfdba7d9ea928e4a93ced607c353757c\"},\"headline\":\"Sul film \u201cIl testimone\u201d cala la notte della libert\u00e0\",\"datePublished\":\"2024-02-15T11:37:56+00:00\",\"dateModified\":\"2024-02-15T15:06:23+00:00\",\"mainEntityOfPage\":{\"@id\":\"https:\/\/www.pressenza.com\/it\/2024\/02\/sul-film-il-testimone-cala-la-notte-della-liberta\/\"},\"wordCount\":652,\"publisher\":{\"@id\":\"https:\/\/www.pressenza.com\/it\/#organization\"},\"image\":{\"@id\":\"https:\/\/www.pressenza.com\/it\/2024\/02\/sul-film-il-testimone-cala-la-notte-della-liberta\/#primaryimage\"},\"thumbnailUrl\":\"https:\/\/www.pressenza.com\/wp-content\/uploads\/2024\/02\/film_iltestimone_donbassitalia.webp\",\"keywords\":[\"censura\",\"Donbass\",\"film\",\"Russia\",\"Ucraina\"],\"articleSection\":[\"contenuti originali\",\"Cultura e Media\",\"Opinioni\"],\"inLanguage\":\"it-IT\"},{\"@type\":\"WebPage\",\"@id\":\"https:\/\/www.pressenza.com\/it\/2024\/02\/sul-film-il-testimone-cala-la-notte-della-liberta\/\",\"url\":\"https:\/\/www.pressenza.com\/it\/2024\/02\/sul-film-il-testimone-cala-la-notte-della-liberta\/\",\"name\":\"Sul film \u201cIl testimone\u201d cala la notte della libert\u00e0\",\"isPartOf\":{\"@id\":\"https:\/\/www.pressenza.com\/it\/#website\"},\"primaryImageOfPage\":{\"@id\":\"https:\/\/www.pressenza.com\/it\/2024\/02\/sul-film-il-testimone-cala-la-notte-della-liberta\/#primaryimage\"},\"image\":{\"@id\":\"https:\/\/www.pressenza.com\/it\/2024\/02\/sul-film-il-testimone-cala-la-notte-della-liberta\/#primaryimage\"},\"thumbnailUrl\":\"https:\/\/www.pressenza.com\/wp-content\/uploads\/2024\/02\/film_iltestimone_donbassitalia.webp\",\"datePublished\":\"2024-02-15T11:37:56+00:00\",\"dateModified\":\"2024-02-15T15:06:23+00:00\",\"description\":\"\u201cIl testimone\u201d non si deve vedere, de \u201cil testimone\u201d, il film russo sulla guerra in Ucraina, sottotitolato e distribuito in Italia da\u00a0Donbass Italia\u00a0e dai\",\"breadcrumb\":{\"@id\":\"https:\/\/www.pressenza.com\/it\/2024\/02\/sul-film-il-testimone-cala-la-notte-della-liberta\/#breadcrumb\"},\"inLanguage\":\"it-IT\",\"potentialAction\":[{\"@type\":\"ReadAction\",\"target\":[\"https:\/\/www.pressenza.com\/it\/2024\/02\/sul-film-il-testimone-cala-la-notte-della-liberta\/\"]}]},{\"@type\":\"ImageObject\",\"inLanguage\":\"it-IT\",\"@id\":\"https:\/\/www.pressenza.com\/it\/2024\/02\/sul-film-il-testimone-cala-la-notte-della-liberta\/#primaryimage\",\"url\":\"https:\/\/www.pressenza.com\/wp-content\/uploads\/2024\/02\/film_iltestimone_donbassitalia.webp\",\"contentUrl\":\"https:\/\/www.pressenza.com\/wp-content\/uploads\/2024\/02\/film_iltestimone_donbassitalia.webp\",\"width\":900,\"height\":746,\"caption\":\"film_iltestimone_donbassitalia\"},{\"@type\":\"BreadcrumbList\",\"@id\":\"https:\/\/www.pressenza.com\/it\/2024\/02\/sul-film-il-testimone-cala-la-notte-della-liberta\/#breadcrumb\",\"itemListElement\":[{\"@type\":\"ListItem\",\"position\":1,\"name\":\"Accueil\",\"item\":\"https:\/\/www.pressenza.com\/it\/\"},{\"@type\":\"ListItem\",\"position\":2,\"name\":\"Sul film \u201cIl testimone\u201d cala la notte della libert\u00e0\"}]},{\"@type\":\"WebSite\",\"@id\":\"https:\/\/www.pressenza.com\/it\/#website\",\"url\":\"https:\/\/www.pressenza.com\/it\/\",\"name\":\"Pressenza\",\"description\":\"Agenzia di Stampa Internazionale\",\"publisher\":{\"@id\":\"https:\/\/www.pressenza.com\/it\/#organization\"},\"potentialAction\":[{\"@type\":\"SearchAction\",\"target\":{\"@type\":\"EntryPoint\",\"urlTemplate\":\"https:\/\/www.pressenza.com\/it\/?s={search_term_string}\"},\"query-input\":{\"@type\":\"PropertyValueSpecification\",\"valueRequired\":true,\"valueName\":\"search_term_string\"}}],\"inLanguage\":\"it-IT\"},{\"@type\":\"Organization\",\"@id\":\"https:\/\/www.pressenza.com\/it\/#organization\",\"name\":\"Pressenza\",\"url\":\"https:\/\/www.pressenza.com\/it\/\",\"logo\":{\"@type\":\"ImageObject\",\"inLanguage\":\"it-IT\",\"@id\":\"https:\/\/www.pressenza.com\/it\/#\/schema\/logo\/image\/\",\"url\":\"https:\/\/www.pressenza.com\/wp-content\/uploads\/2022\/10\/pressenza_logo_200x200.jpg\",\"contentUrl\":\"https:\/\/www.pressenza.com\/wp-content\/uploads\/2022\/10\/pressenza_logo_200x200.jpg\",\"width\":200,\"height\":200,\"caption\":\"Pressenza\"},\"image\":{\"@id\":\"https:\/\/www.pressenza.com\/it\/#\/schema\/logo\/image\/\"},\"sameAs\":[\"https:\/\/www.facebook.com\/PressenzaItalia\",\"https:\/\/x.com\/PressenzaIPA\"]},{\"@type\":\"Person\",\"@id\":\"https:\/\/www.pressenza.com\/it\/#\/schema\/person\/dfdba7d9ea928e4a93ced607c353757c\",\"name\":\"Natale Salvo\",\"description\":\"Nato e cresciuto nella terra del \u201cGattopardo\u201d, la Sicilia. Ha dedicato la propria esistenza all'impegno sociale. Allenatore di una squadretta di calcio di periferia, presidente del circolo di Legambiente, candidato sindaco per il Partito Umanista. Infine blogger d\u2019inchiesta; ha pagato le sue denunce di cattiva amministrazione con una persecuzione per via giudiziaria. E' autore del libro \\\"La rivoluzione copernicana chiamata Reddito di Base\\\", edito da Multimage, Firenze.\",\"url\":\"https:\/\/www.pressenza.com\/it\/author\/natale-salvo\/\"}]}<\/script>\n<!-- \/ Yoast SEO plugin. -->","yoast_head_json":{"title":"Sul film \u201cIl testimone\u201d cala la notte della libert\u00e0","description":"\u201cIl testimone\u201d non si deve vedere, de \u201cil testimone\u201d, il film russo sulla guerra in Ucraina, sottotitolato e distribuito in Italia da\u00a0Donbass Italia\u00a0e dai","robots":{"index":"index","follow":"follow","max-snippet":"max-snippet:-1","max-image-preview":"max-image-preview:large","max-video-preview":"max-video-preview:-1"},"canonical":"https:\/\/www.pressenza.com\/it\/2024\/02\/sul-film-il-testimone-cala-la-notte-della-liberta\/","og_locale":"it_IT","og_type":"article","og_title":"Sul film \u201cIl testimone\u201d cala la notte della libert\u00e0","og_description":"\u201cIl testimone\u201d non si deve vedere, de \u201cil testimone\u201d, il film russo sulla guerra in Ucraina, sottotitolato e distribuito in Italia da\u00a0Donbass Italia\u00a0e dai","og_url":"https:\/\/www.pressenza.com\/it\/2024\/02\/sul-film-il-testimone-cala-la-notte-della-liberta\/","og_site_name":"Pressenza","article_publisher":"https:\/\/www.facebook.com\/PressenzaItalia","article_published_time":"2024-02-15T11:37:56+00:00","article_modified_time":"2024-02-15T15:06:23+00:00","og_image":[{"width":900,"height":746,"url":"https:\/\/www.pressenza.com\/wp-content\/uploads\/2024\/02\/film_iltestimone_donbassitalia.webp","type":"image\/webp"}],"author":"Natale Salvo","twitter_card":"summary_large_image","twitter_creator":"@PressenzaIPA","twitter_site":"@PressenzaIPA","twitter_misc":{"Scritto da":"Natale Salvo","Tempo di lettura stimato":"4 minuti"},"schema":{"@context":"https:\/\/schema.org","@graph":[{"@type":"Article","@id":"https:\/\/www.pressenza.com\/it\/2024\/02\/sul-film-il-testimone-cala-la-notte-della-liberta\/#article","isPartOf":{"@id":"https:\/\/www.pressenza.com\/it\/2024\/02\/sul-film-il-testimone-cala-la-notte-della-liberta\/"},"author":{"name":"Natale Salvo","@id":"https:\/\/www.pressenza.com\/it\/#\/schema\/person\/dfdba7d9ea928e4a93ced607c353757c"},"headline":"Sul film \u201cIl testimone\u201d cala la notte della libert\u00e0","datePublished":"2024-02-15T11:37:56+00:00","dateModified":"2024-02-15T15:06:23+00:00","mainEntityOfPage":{"@id":"https:\/\/www.pressenza.com\/it\/2024\/02\/sul-film-il-testimone-cala-la-notte-della-liberta\/"},"wordCount":652,"publisher":{"@id":"https:\/\/www.pressenza.com\/it\/#organization"},"image":{"@id":"https:\/\/www.pressenza.com\/it\/2024\/02\/sul-film-il-testimone-cala-la-notte-della-liberta\/#primaryimage"},"thumbnailUrl":"https:\/\/www.pressenza.com\/wp-content\/uploads\/2024\/02\/film_iltestimone_donbassitalia.webp","keywords":["censura","Donbass","film","Russia","Ucraina"],"articleSection":["contenuti originali","Cultura e Media","Opinioni"],"inLanguage":"it-IT"},{"@type":"WebPage","@id":"https:\/\/www.pressenza.com\/it\/2024\/02\/sul-film-il-testimone-cala-la-notte-della-liberta\/","url":"https:\/\/www.pressenza.com\/it\/2024\/02\/sul-film-il-testimone-cala-la-notte-della-liberta\/","name":"Sul film \u201cIl testimone\u201d cala la notte della libert\u00e0","isPartOf":{"@id":"https:\/\/www.pressenza.com\/it\/#website"},"primaryImageOfPage":{"@id":"https:\/\/www.pressenza.com\/it\/2024\/02\/sul-film-il-testimone-cala-la-notte-della-liberta\/#primaryimage"},"image":{"@id":"https:\/\/www.pressenza.com\/it\/2024\/02\/sul-film-il-testimone-cala-la-notte-della-liberta\/#primaryimage"},"thumbnailUrl":"https:\/\/www.pressenza.com\/wp-content\/uploads\/2024\/02\/film_iltestimone_donbassitalia.webp","datePublished":"2024-02-15T11:37:56+00:00","dateModified":"2024-02-15T15:06:23+00:00","description":"\u201cIl testimone\u201d non si deve vedere, de \u201cil testimone\u201d, il film russo sulla guerra in Ucraina, sottotitolato e distribuito in Italia da\u00a0Donbass Italia\u00a0e dai","breadcrumb":{"@id":"https:\/\/www.pressenza.com\/it\/2024\/02\/sul-film-il-testimone-cala-la-notte-della-liberta\/#breadcrumb"},"inLanguage":"it-IT","potentialAction":[{"@type":"ReadAction","target":["https:\/\/www.pressenza.com\/it\/2024\/02\/sul-film-il-testimone-cala-la-notte-della-liberta\/"]}]},{"@type":"ImageObject","inLanguage":"it-IT","@id":"https:\/\/www.pressenza.com\/it\/2024\/02\/sul-film-il-testimone-cala-la-notte-della-liberta\/#primaryimage","url":"https:\/\/www.pressenza.com\/wp-content\/uploads\/2024\/02\/film_iltestimone_donbassitalia.webp","contentUrl":"https:\/\/www.pressenza.com\/wp-content\/uploads\/2024\/02\/film_iltestimone_donbassitalia.webp","width":900,"height":746,"caption":"film_iltestimone_donbassitalia"},{"@type":"BreadcrumbList","@id":"https:\/\/www.pressenza.com\/it\/2024\/02\/sul-film-il-testimone-cala-la-notte-della-liberta\/#breadcrumb","itemListElement":[{"@type":"ListItem","position":1,"name":"Accueil","item":"https:\/\/www.pressenza.com\/it\/"},{"@type":"ListItem","position":2,"name":"Sul film \u201cIl testimone\u201d cala la notte della libert\u00e0"}]},{"@type":"WebSite","@id":"https:\/\/www.pressenza.com\/it\/#website","url":"https:\/\/www.pressenza.com\/it\/","name":"Pressenza","description":"Agenzia di Stampa Internazionale","publisher":{"@id":"https:\/\/www.pressenza.com\/it\/#organization"},"potentialAction":[{"@type":"SearchAction","target":{"@type":"EntryPoint","urlTemplate":"https:\/\/www.pressenza.com\/it\/?s={search_term_string}"},"query-input":{"@type":"PropertyValueSpecification","valueRequired":true,"valueName":"search_term_string"}}],"inLanguage":"it-IT"},{"@type":"Organization","@id":"https:\/\/www.pressenza.com\/it\/#organization","name":"Pressenza","url":"https:\/\/www.pressenza.com\/it\/","logo":{"@type":"ImageObject","inLanguage":"it-IT","@id":"https:\/\/www.pressenza.com\/it\/#\/schema\/logo\/image\/","url":"https:\/\/www.pressenza.com\/wp-content\/uploads\/2022\/10\/pressenza_logo_200x200.jpg","contentUrl":"https:\/\/www.pressenza.com\/wp-content\/uploads\/2022\/10\/pressenza_logo_200x200.jpg","width":200,"height":200,"caption":"Pressenza"},"image":{"@id":"https:\/\/www.pressenza.com\/it\/#\/schema\/logo\/image\/"},"sameAs":["https:\/\/www.facebook.com\/PressenzaItalia","https:\/\/x.com\/PressenzaIPA"]},{"@type":"Person","@id":"https:\/\/www.pressenza.com\/it\/#\/schema\/person\/dfdba7d9ea928e4a93ced607c353757c","name":"Natale Salvo","description":"Nato e cresciuto nella terra del \u201cGattopardo\u201d, la Sicilia. Ha dedicato la propria esistenza all'impegno sociale. Allenatore di una squadretta di calcio di periferia, presidente del circolo di Legambiente, candidato sindaco per il Partito Umanista. Infine blogger d\u2019inchiesta; ha pagato le sue denunce di cattiva amministrazione con una persecuzione per via giudiziaria. E' autore del libro \"La rivoluzione copernicana chiamata Reddito di Base\", edito da Multimage, Firenze.","url":"https:\/\/www.pressenza.com\/it\/author\/natale-salvo\/"}]}},"place":"","original_article_url":"","_links":{"self":[{"href":"https:\/\/www.pressenza.com\/it\/wp-json\/wp\/v2\/posts\/1799194","targetHints":{"allow":["GET"]}}],"collection":[{"href":"https:\/\/www.pressenza.com\/it\/wp-json\/wp\/v2\/posts"}],"about":[{"href":"https:\/\/www.pressenza.com\/it\/wp-json\/wp\/v2\/types\/post"}],"author":[{"embeddable":true,"href":"https:\/\/www.pressenza.com\/it\/wp-json\/wp\/v2\/users\/1284"}],"replies":[{"embeddable":true,"href":"https:\/\/www.pressenza.com\/it\/wp-json\/wp\/v2\/comments?post=1799194"}],"version-history":[{"count":0,"href":"https:\/\/www.pressenza.com\/it\/wp-json\/wp\/v2\/posts\/1799194\/revisions"}],"wp:featuredmedia":[{"embeddable":true,"href":"https:\/\/www.pressenza.com\/it\/wp-json\/wp\/v2\/media\/1799195"}],"wp:attachment":[{"href":"https:\/\/www.pressenza.com\/it\/wp-json\/wp\/v2\/media?parent=1799194"}],"wp:term":[{"taxonomy":"category","embeddable":true,"href":"https:\/\/www.pressenza.com\/it\/wp-json\/wp\/v2\/categories?post=1799194"},{"taxonomy":"post_tag","embeddable":true,"href":"https:\/\/www.pressenza.com\/it\/wp-json\/wp\/v2\/tags?post=1799194"}],"curies":[{"name":"wp","href":"https:\/\/api.w.org\/{rel}","templated":true}]}}