{"id":1798567,"date":"2024-02-12T11:13:42","date_gmt":"2024-02-12T11:13:42","guid":{"rendered":"https:\/\/www.pressenza.com\/?p=1798567"},"modified":"2024-02-12T11:13:42","modified_gmt":"2024-02-12T11:13:42","slug":"sulla-violenza-del-carcere-di-reggio-emilia","status":"publish","type":"post","link":"https:\/\/www.pressenza.com\/it\/2024\/02\/sulla-violenza-del-carcere-di-reggio-emilia\/","title":{"rendered":"Sulla violenza del carcere di Reggio Emilia"},"content":{"rendered":"<p>Le immagini di Reggio Emilia, della\u00a0<strong>violenza della polizia carceraria di Reggio Emilia [1],<\/strong> sono circolate anche in tiv\u00f9, stavolta, e poi sui social, le hanno viste in molti. per chi fosse sfuggito,<a href=\"https:\/\/youtu.be\/d_anjPfqjws\"><strong> il video \u00e8 qui su Youtube.<\/strong><\/a><\/p>\n<p>Questi uomini che mettono un sacco sulla testa di un uomo, che lo denudano violando la sua dignit\u00e0, che lo trasportano come un sacco di patate, che gli fanno sbattere la testa violentemente contro la porta della cella, non sono le mele marce di un sistema imperfetto. Questo \u00e8 il carcere.<\/p>\n<p>Il carcere \u00e8 disumano;\u00a0<a href=\"https:\/\/www.sinistralibertaria.it\/berkman-il-carcere-non-recupera-e-solo-vendetta-di-stato\/\"><strong>il carcere \u00e8 \u201cvendetta\u201d di stato, come scriveva l\u2019anarchico russo Alexander Berkman<\/strong><\/a>. \u201c<em>In esso, \u00e8 manifesto lo spirito veterotestamentario incarnato nella frase occhio per occhio, dente per dente<\/em>\u201d. La funzione \u201crieducativa\u201d del carcere \u00e8 solo una menzogna scritta sulla Costituzione. Nel carcere non si rieduca: nel carcere si muore, si subisce violenza gratuita d\u2019ogni genere, fisica e psicologica.<\/p>\n<p>E, per questo, e cito ancora Berkman, il carcere \u201c<strong>coltiva i germi dell\u2019odio e dell\u2019ostilit\u00e0 nei confronti della collettivit\u00e0<\/strong>\u201d, il carcere \u201c<strong>fa delle prigioni delle vere e proprie scuole del crimine e dell\u2019immoralit\u00e0<\/strong>\u201d.<\/p>\n<p>E, purtroppo, in queste condizioni, \u201c<strong>nessuna pena, per quanto severa, potr\u00e0 risolvere il problema del crimine<\/strong>\u201d.<\/p>\n<p>\u00ab<strong>\u00a0La criminalit\u00e0 \u00e8 il risultato delle condizioni economiche, della disuguaglianza sociale, dei torti e dei mali di cui il governo\u00a0<\/strong><strong>\u00e8 il<\/strong><strong>\u00a0genitor<\/strong><strong>e<\/strong>\u00a0\u00bb, affermava sempre\u00a0<a href=\"https:\/\/www.sinistralibertaria.it\/berkman-per-abolire-la-criminalita-abolire-il-governo\/\"><strong>Alexander Berkman<\/strong><\/a>. Come dargli torto?<\/p>\n<p>\u00ab\u00a0<strong>Ogni anno, migliaia di bambini crescono tra la lordura morale e materiale delle nostre grandi citt\u00e0, in mezzo a una popolazione demoralizzata dalla precariet\u00e0 dell\u2019esistenza<\/strong>.\u00a0<em>Quando vediamo la popolazione infantile delle grandi citt\u00e0 vivere in questo modo, \u00e8 sorprendente che solo una parte esigua di essa si trasformi in banditi e assassini\u00a0<\/em>\u00bb, spiegava un altro grande\u00a0<a href=\"https:\/\/www.sinistralibertaria.it\/kropotkin-in-luogo-delle-carceri-una-rivoluzione-sociale\/\"><strong>anarchico russo, Pietr Kropotkin<\/strong><\/a>.<\/p>\n<p>Il carcere n\u00e9 svolge la funzione rieducativa, n\u00e9 svolge la funzione preventiva. Insomma: non \u00e8 utile al detenuto, non \u00e8 utile alla societ\u00e0. Costa pure un\u2019enormit\u00e0, circa 160 euro al giorno per ogni detenuto, costa 3,2 miliardi all\u2019anno. <strong>Va quindi abolito<\/strong>. \u00ab<em> L\u2019unica vera cura per il crimine \u00e8 abolirne le cause, eliminando le condizioni che lo creano<\/em> \u00bb: cio\u00e8 proprio quell\u2019intolleranza, ingiustizia, e povert\u00e0 che crea il governo.<\/p>\n<p>\u2014<\/p>\n<p><strong>Fonti e Note:<\/strong><\/p>\n<p><strong>[1]\u00a0<a href=\"https:\/\/tg24.sky.it\/cronaca\/2024\/02\/09\/reggio-emilia-detenuto-torturato-video-pestaggio\" target=\"_blank\" rel=\"noreferrer noopener\">TG24 Sky<\/a><\/strong>, 9 febbraio 2024, \u201c<em>Reggio Emilia, detenuto picchiato e torturato in carcere: diffuso il video del pestaggio<\/em>\u201c<\/p>\n","protected":false},"excerpt":{"rendered":"<p>Le immagini di Reggio Emilia, della\u00a0violenza della polizia carceraria di Reggio Emilia [1], sono circolate anche in tiv\u00f9, stavolta, e poi sui social, le hanno viste in molti. per chi fosse sfuggito, il video \u00e8 qui su Youtube. Questi uomini&hellip;<\/p>\n","protected":false},"author":1284,"featured_media":684649,"comment_status":"closed","ping_status":"closed","sticky":false,"template":"","format":"standard","meta":{"footnotes":""},"categories":[11388,60,1262,55],"tags":[6642],"class_list":["post-1798567","post","type-post","status-publish","format-standard","has-post-thumbnail","hentry","category-contenuti-originali","category-diritti-umani","category-nonviolenza-argomento","category-politica","tag-carcere"],"yoast_head":"<!-- This site is optimized with the Yoast SEO plugin v27.1.1 - https:\/\/yoast.com\/product\/yoast-seo-wordpress\/ -->\n<title>Sulla violenza del carcere di Reggio Emilia<\/title>\n<meta name=\"description\" content=\"Le immagini di Reggio Emilia, della\u00a0violenza della polizia carceraria di Reggio Emilia , sono circolate anche in tiv\u00f9, stavolta, e poi sui social, le\" \/>\n<meta name=\"robots\" content=\"index, follow, max-snippet:-1, max-image-preview:large, max-video-preview:-1\" \/>\n<link rel=\"canonical\" href=\"https:\/\/www.pressenza.com\/it\/2024\/02\/sulla-violenza-del-carcere-di-reggio-emilia\/\" \/>\n<meta property=\"og:locale\" content=\"it_IT\" \/>\n<meta property=\"og:type\" content=\"article\" \/>\n<meta property=\"og:title\" content=\"Sulla violenza del carcere di Reggio Emilia\" \/>\n<meta property=\"og:description\" content=\"Le immagini di Reggio Emilia, della\u00a0violenza della polizia carceraria di Reggio Emilia , sono circolate anche in tiv\u00f9, stavolta, e poi sui social, le\" \/>\n<meta property=\"og:url\" content=\"https:\/\/www.pressenza.com\/it\/2024\/02\/sulla-violenza-del-carcere-di-reggio-emilia\/\" \/>\n<meta property=\"og:site_name\" content=\"Pressenza\" \/>\n<meta property=\"article:publisher\" content=\"https:\/\/www.facebook.com\/PressenzaItalia\" \/>\n<meta property=\"article:published_time\" content=\"2024-02-12T11:13:42+00:00\" \/>\n<meta property=\"og:image\" content=\"https:\/\/www.pressenza.com\/wp-content\/uploads\/2018\/07\/carcere-carceri.jpg\" \/>\n\t<meta property=\"og:image:width\" content=\"1000\" \/>\n\t<meta property=\"og:image:height\" content=\"667\" \/>\n\t<meta property=\"og:image:type\" content=\"image\/jpeg\" \/>\n<meta name=\"author\" content=\"Natale Salvo\" \/>\n<meta name=\"twitter:card\" content=\"summary_large_image\" \/>\n<meta name=\"twitter:creator\" content=\"@PressenzaIPA\" \/>\n<meta name=\"twitter:site\" content=\"@PressenzaIPA\" \/>\n<meta name=\"twitter:label1\" content=\"Scritto da\" \/>\n\t<meta name=\"twitter:data1\" content=\"Natale Salvo\" \/>\n\t<meta name=\"twitter:label2\" content=\"Tempo di lettura stimato\" \/>\n\t<meta name=\"twitter:data2\" content=\"3 minuti\" \/>\n<script type=\"application\/ld+json\" class=\"yoast-schema-graph\">{\"@context\":\"https:\/\/schema.org\",\"@graph\":[{\"@type\":\"Article\",\"@id\":\"https:\/\/www.pressenza.com\/it\/2024\/02\/sulla-violenza-del-carcere-di-reggio-emilia\/#article\",\"isPartOf\":{\"@id\":\"https:\/\/www.pressenza.com\/it\/2024\/02\/sulla-violenza-del-carcere-di-reggio-emilia\/\"},\"author\":{\"name\":\"Natale Salvo\",\"@id\":\"https:\/\/www.pressenza.com\/it\/#\/schema\/person\/dfdba7d9ea928e4a93ced607c353757c\"},\"headline\":\"Sulla violenza del carcere di Reggio Emilia\",\"datePublished\":\"2024-02-12T11:13:42+00:00\",\"mainEntityOfPage\":{\"@id\":\"https:\/\/www.pressenza.com\/it\/2024\/02\/sulla-violenza-del-carcere-di-reggio-emilia\/\"},\"wordCount\":380,\"publisher\":{\"@id\":\"https:\/\/www.pressenza.com\/it\/#organization\"},\"image\":{\"@id\":\"https:\/\/www.pressenza.com\/it\/2024\/02\/sulla-violenza-del-carcere-di-reggio-emilia\/#primaryimage\"},\"thumbnailUrl\":\"https:\/\/www.pressenza.com\/wp-content\/uploads\/2018\/07\/carcere-carceri.jpg\",\"keywords\":[\"carcere\"],\"articleSection\":[\"contenuti originali\",\"Diritti Umani\",\"Nonviolenza\",\"Politica\"],\"inLanguage\":\"it-IT\"},{\"@type\":\"WebPage\",\"@id\":\"https:\/\/www.pressenza.com\/it\/2024\/02\/sulla-violenza-del-carcere-di-reggio-emilia\/\",\"url\":\"https:\/\/www.pressenza.com\/it\/2024\/02\/sulla-violenza-del-carcere-di-reggio-emilia\/\",\"name\":\"Sulla violenza del carcere di Reggio Emilia\",\"isPartOf\":{\"@id\":\"https:\/\/www.pressenza.com\/it\/#website\"},\"primaryImageOfPage\":{\"@id\":\"https:\/\/www.pressenza.com\/it\/2024\/02\/sulla-violenza-del-carcere-di-reggio-emilia\/#primaryimage\"},\"image\":{\"@id\":\"https:\/\/www.pressenza.com\/it\/2024\/02\/sulla-violenza-del-carcere-di-reggio-emilia\/#primaryimage\"},\"thumbnailUrl\":\"https:\/\/www.pressenza.com\/wp-content\/uploads\/2018\/07\/carcere-carceri.jpg\",\"datePublished\":\"2024-02-12T11:13:42+00:00\",\"description\":\"Le immagini di Reggio Emilia, della\u00a0violenza della polizia carceraria di Reggio Emilia , sono circolate anche in tiv\u00f9, stavolta, e poi sui social, le\",\"breadcrumb\":{\"@id\":\"https:\/\/www.pressenza.com\/it\/2024\/02\/sulla-violenza-del-carcere-di-reggio-emilia\/#breadcrumb\"},\"inLanguage\":\"it-IT\",\"potentialAction\":[{\"@type\":\"ReadAction\",\"target\":[\"https:\/\/www.pressenza.com\/it\/2024\/02\/sulla-violenza-del-carcere-di-reggio-emilia\/\"]}]},{\"@type\":\"ImageObject\",\"inLanguage\":\"it-IT\",\"@id\":\"https:\/\/www.pressenza.com\/it\/2024\/02\/sulla-violenza-del-carcere-di-reggio-emilia\/#primaryimage\",\"url\":\"https:\/\/www.pressenza.com\/wp-content\/uploads\/2018\/07\/carcere-carceri.jpg\",\"contentUrl\":\"https:\/\/www.pressenza.com\/wp-content\/uploads\/2018\/07\/carcere-carceri.jpg\",\"width\":1000,\"height\":667,\"caption\":\"carcere\"},{\"@type\":\"BreadcrumbList\",\"@id\":\"https:\/\/www.pressenza.com\/it\/2024\/02\/sulla-violenza-del-carcere-di-reggio-emilia\/#breadcrumb\",\"itemListElement\":[{\"@type\":\"ListItem\",\"position\":1,\"name\":\"Accueil\",\"item\":\"https:\/\/www.pressenza.com\/it\/\"},{\"@type\":\"ListItem\",\"position\":2,\"name\":\"Sulla violenza del carcere di Reggio Emilia\"}]},{\"@type\":\"WebSite\",\"@id\":\"https:\/\/www.pressenza.com\/it\/#website\",\"url\":\"https:\/\/www.pressenza.com\/it\/\",\"name\":\"Pressenza\",\"description\":\"Agenzia di Stampa Internazionale\",\"publisher\":{\"@id\":\"https:\/\/www.pressenza.com\/it\/#organization\"},\"potentialAction\":[{\"@type\":\"SearchAction\",\"target\":{\"@type\":\"EntryPoint\",\"urlTemplate\":\"https:\/\/www.pressenza.com\/it\/?s={search_term_string}\"},\"query-input\":{\"@type\":\"PropertyValueSpecification\",\"valueRequired\":true,\"valueName\":\"search_term_string\"}}],\"inLanguage\":\"it-IT\"},{\"@type\":\"Organization\",\"@id\":\"https:\/\/www.pressenza.com\/it\/#organization\",\"name\":\"Pressenza\",\"url\":\"https:\/\/www.pressenza.com\/it\/\",\"logo\":{\"@type\":\"ImageObject\",\"inLanguage\":\"it-IT\",\"@id\":\"https:\/\/www.pressenza.com\/it\/#\/schema\/logo\/image\/\",\"url\":\"https:\/\/www.pressenza.com\/wp-content\/uploads\/2022\/10\/pressenza_logo_200x200.jpg\",\"contentUrl\":\"https:\/\/www.pressenza.com\/wp-content\/uploads\/2022\/10\/pressenza_logo_200x200.jpg\",\"width\":200,\"height\":200,\"caption\":\"Pressenza\"},\"image\":{\"@id\":\"https:\/\/www.pressenza.com\/it\/#\/schema\/logo\/image\/\"},\"sameAs\":[\"https:\/\/www.facebook.com\/PressenzaItalia\",\"https:\/\/x.com\/PressenzaIPA\"]},{\"@type\":\"Person\",\"@id\":\"https:\/\/www.pressenza.com\/it\/#\/schema\/person\/dfdba7d9ea928e4a93ced607c353757c\",\"name\":\"Natale Salvo\",\"description\":\"Nato e cresciuto nella terra del \u201cGattopardo\u201d, la Sicilia. Ha dedicato la propria esistenza all'impegno sociale. Allenatore di una squadretta di calcio di periferia, presidente del circolo di Legambiente, candidato sindaco per il Partito Umanista. Infine blogger d\u2019inchiesta; ha pagato le sue denunce di cattiva amministrazione con una persecuzione per via giudiziaria. E' autore del libro \\\"La rivoluzione copernicana chiamata Reddito di Base\\\", edito da Multimage, Firenze.\",\"url\":\"https:\/\/www.pressenza.com\/it\/author\/natale-salvo\/\"}]}<\/script>\n<!-- \/ Yoast SEO plugin. -->","yoast_head_json":{"title":"Sulla violenza del carcere di Reggio Emilia","description":"Le immagini di Reggio Emilia, della\u00a0violenza della polizia carceraria di Reggio Emilia , sono circolate anche in tiv\u00f9, stavolta, e poi sui social, le","robots":{"index":"index","follow":"follow","max-snippet":"max-snippet:-1","max-image-preview":"max-image-preview:large","max-video-preview":"max-video-preview:-1"},"canonical":"https:\/\/www.pressenza.com\/it\/2024\/02\/sulla-violenza-del-carcere-di-reggio-emilia\/","og_locale":"it_IT","og_type":"article","og_title":"Sulla violenza del carcere di Reggio Emilia","og_description":"Le immagini di Reggio Emilia, della\u00a0violenza della polizia carceraria di Reggio Emilia , sono circolate anche in tiv\u00f9, stavolta, e poi sui social, le","og_url":"https:\/\/www.pressenza.com\/it\/2024\/02\/sulla-violenza-del-carcere-di-reggio-emilia\/","og_site_name":"Pressenza","article_publisher":"https:\/\/www.facebook.com\/PressenzaItalia","article_published_time":"2024-02-12T11:13:42+00:00","og_image":[{"width":1000,"height":667,"url":"https:\/\/www.pressenza.com\/wp-content\/uploads\/2018\/07\/carcere-carceri.jpg","type":"image\/jpeg"}],"author":"Natale Salvo","twitter_card":"summary_large_image","twitter_creator":"@PressenzaIPA","twitter_site":"@PressenzaIPA","twitter_misc":{"Scritto da":"Natale Salvo","Tempo di lettura stimato":"3 minuti"},"schema":{"@context":"https:\/\/schema.org","@graph":[{"@type":"Article","@id":"https:\/\/www.pressenza.com\/it\/2024\/02\/sulla-violenza-del-carcere-di-reggio-emilia\/#article","isPartOf":{"@id":"https:\/\/www.pressenza.com\/it\/2024\/02\/sulla-violenza-del-carcere-di-reggio-emilia\/"},"author":{"name":"Natale Salvo","@id":"https:\/\/www.pressenza.com\/it\/#\/schema\/person\/dfdba7d9ea928e4a93ced607c353757c"},"headline":"Sulla violenza del carcere di Reggio Emilia","datePublished":"2024-02-12T11:13:42+00:00","mainEntityOfPage":{"@id":"https:\/\/www.pressenza.com\/it\/2024\/02\/sulla-violenza-del-carcere-di-reggio-emilia\/"},"wordCount":380,"publisher":{"@id":"https:\/\/www.pressenza.com\/it\/#organization"},"image":{"@id":"https:\/\/www.pressenza.com\/it\/2024\/02\/sulla-violenza-del-carcere-di-reggio-emilia\/#primaryimage"},"thumbnailUrl":"https:\/\/www.pressenza.com\/wp-content\/uploads\/2018\/07\/carcere-carceri.jpg","keywords":["carcere"],"articleSection":["contenuti originali","Diritti Umani","Nonviolenza","Politica"],"inLanguage":"it-IT"},{"@type":"WebPage","@id":"https:\/\/www.pressenza.com\/it\/2024\/02\/sulla-violenza-del-carcere-di-reggio-emilia\/","url":"https:\/\/www.pressenza.com\/it\/2024\/02\/sulla-violenza-del-carcere-di-reggio-emilia\/","name":"Sulla violenza del carcere di Reggio Emilia","isPartOf":{"@id":"https:\/\/www.pressenza.com\/it\/#website"},"primaryImageOfPage":{"@id":"https:\/\/www.pressenza.com\/it\/2024\/02\/sulla-violenza-del-carcere-di-reggio-emilia\/#primaryimage"},"image":{"@id":"https:\/\/www.pressenza.com\/it\/2024\/02\/sulla-violenza-del-carcere-di-reggio-emilia\/#primaryimage"},"thumbnailUrl":"https:\/\/www.pressenza.com\/wp-content\/uploads\/2018\/07\/carcere-carceri.jpg","datePublished":"2024-02-12T11:13:42+00:00","description":"Le immagini di Reggio Emilia, della\u00a0violenza della polizia carceraria di Reggio Emilia , sono circolate anche in tiv\u00f9, stavolta, e poi sui social, le","breadcrumb":{"@id":"https:\/\/www.pressenza.com\/it\/2024\/02\/sulla-violenza-del-carcere-di-reggio-emilia\/#breadcrumb"},"inLanguage":"it-IT","potentialAction":[{"@type":"ReadAction","target":["https:\/\/www.pressenza.com\/it\/2024\/02\/sulla-violenza-del-carcere-di-reggio-emilia\/"]}]},{"@type":"ImageObject","inLanguage":"it-IT","@id":"https:\/\/www.pressenza.com\/it\/2024\/02\/sulla-violenza-del-carcere-di-reggio-emilia\/#primaryimage","url":"https:\/\/www.pressenza.com\/wp-content\/uploads\/2018\/07\/carcere-carceri.jpg","contentUrl":"https:\/\/www.pressenza.com\/wp-content\/uploads\/2018\/07\/carcere-carceri.jpg","width":1000,"height":667,"caption":"carcere"},{"@type":"BreadcrumbList","@id":"https:\/\/www.pressenza.com\/it\/2024\/02\/sulla-violenza-del-carcere-di-reggio-emilia\/#breadcrumb","itemListElement":[{"@type":"ListItem","position":1,"name":"Accueil","item":"https:\/\/www.pressenza.com\/it\/"},{"@type":"ListItem","position":2,"name":"Sulla violenza del carcere di Reggio Emilia"}]},{"@type":"WebSite","@id":"https:\/\/www.pressenza.com\/it\/#website","url":"https:\/\/www.pressenza.com\/it\/","name":"Pressenza","description":"Agenzia di Stampa Internazionale","publisher":{"@id":"https:\/\/www.pressenza.com\/it\/#organization"},"potentialAction":[{"@type":"SearchAction","target":{"@type":"EntryPoint","urlTemplate":"https:\/\/www.pressenza.com\/it\/?s={search_term_string}"},"query-input":{"@type":"PropertyValueSpecification","valueRequired":true,"valueName":"search_term_string"}}],"inLanguage":"it-IT"},{"@type":"Organization","@id":"https:\/\/www.pressenza.com\/it\/#organization","name":"Pressenza","url":"https:\/\/www.pressenza.com\/it\/","logo":{"@type":"ImageObject","inLanguage":"it-IT","@id":"https:\/\/www.pressenza.com\/it\/#\/schema\/logo\/image\/","url":"https:\/\/www.pressenza.com\/wp-content\/uploads\/2022\/10\/pressenza_logo_200x200.jpg","contentUrl":"https:\/\/www.pressenza.com\/wp-content\/uploads\/2022\/10\/pressenza_logo_200x200.jpg","width":200,"height":200,"caption":"Pressenza"},"image":{"@id":"https:\/\/www.pressenza.com\/it\/#\/schema\/logo\/image\/"},"sameAs":["https:\/\/www.facebook.com\/PressenzaItalia","https:\/\/x.com\/PressenzaIPA"]},{"@type":"Person","@id":"https:\/\/www.pressenza.com\/it\/#\/schema\/person\/dfdba7d9ea928e4a93ced607c353757c","name":"Natale Salvo","description":"Nato e cresciuto nella terra del \u201cGattopardo\u201d, la Sicilia. Ha dedicato la propria esistenza all'impegno sociale. Allenatore di una squadretta di calcio di periferia, presidente del circolo di Legambiente, candidato sindaco per il Partito Umanista. Infine blogger d\u2019inchiesta; ha pagato le sue denunce di cattiva amministrazione con una persecuzione per via giudiziaria. E' autore del libro \"La rivoluzione copernicana chiamata Reddito di Base\", edito da Multimage, Firenze.","url":"https:\/\/www.pressenza.com\/it\/author\/natale-salvo\/"}]}},"place":"","original_article_url":"https:\/\/www.sinistralibertaria.it\/sulla-violenza-del-carcere-di-reggio-emilia\/","_links":{"self":[{"href":"https:\/\/www.pressenza.com\/it\/wp-json\/wp\/v2\/posts\/1798567","targetHints":{"allow":["GET"]}}],"collection":[{"href":"https:\/\/www.pressenza.com\/it\/wp-json\/wp\/v2\/posts"}],"about":[{"href":"https:\/\/www.pressenza.com\/it\/wp-json\/wp\/v2\/types\/post"}],"author":[{"embeddable":true,"href":"https:\/\/www.pressenza.com\/it\/wp-json\/wp\/v2\/users\/1284"}],"replies":[{"embeddable":true,"href":"https:\/\/www.pressenza.com\/it\/wp-json\/wp\/v2\/comments?post=1798567"}],"version-history":[{"count":0,"href":"https:\/\/www.pressenza.com\/it\/wp-json\/wp\/v2\/posts\/1798567\/revisions"}],"wp:featuredmedia":[{"embeddable":true,"href":"https:\/\/www.pressenza.com\/it\/wp-json\/wp\/v2\/media\/684649"}],"wp:attachment":[{"href":"https:\/\/www.pressenza.com\/it\/wp-json\/wp\/v2\/media?parent=1798567"}],"wp:term":[{"taxonomy":"category","embeddable":true,"href":"https:\/\/www.pressenza.com\/it\/wp-json\/wp\/v2\/categories?post=1798567"},{"taxonomy":"post_tag","embeddable":true,"href":"https:\/\/www.pressenza.com\/it\/wp-json\/wp\/v2\/tags?post=1798567"}],"curies":[{"name":"wp","href":"https:\/\/api.w.org\/{rel}","templated":true}]}}