{"id":1798290,"date":"2024-02-10T19:33:42","date_gmt":"2024-02-10T19:33:42","guid":{"rendered":"https:\/\/www.pressenza.com\/?p=1798290"},"modified":"2024-02-10T20:32:14","modified_gmt":"2024-02-10T20:32:14","slug":"doppio-evento-a-firenze-presidio-per-la-liberta-di-stampa-e-manifestazione-antifascista-e-per-la-palestina-redazione-toscana","status":"publish","type":"post","link":"https:\/\/www.pressenza.com\/it\/2024\/02\/doppio-evento-a-firenze-presidio-per-la-liberta-di-stampa-e-manifestazione-antifascista-e-per-la-palestina-redazione-toscana\/","title":{"rendered":"Doppio evento a Firenze: presidio per la libert\u00e0 di stampa e manifestazione antifascista e per la Palestina"},"content":{"rendered":"<p>Pomeriggio intenso a Firenze, dove si \u00e8 svolto inizialmente un presidio per la libert\u00e0 di stampa, seguito da una manifestazione antifascista e pro Palestina.<\/p>\n<p>Al presidio indetto in piazza dei Ciompi dall&#8217;associazionismo palestinese e dalle forze politiche ed internazionaliste si sono raccolte anche le firme per richiedere la cittadinanza onoraria per Julian Assange e si \u00e8 denunciata l&#8217;omologazione dei media sulla narrazione governativa, oltre al silenzio della stampa ufficiale sulle varie guerre in corso\u00a0 e sulle vicende dei\u00a0 prigionieri politici vecchi e nuovi.<\/p>\n<p>L&#8217; intervento di una compagna peruviana ha portato la solidariet\u00e0 dei residenti sudamericani ricordando quanto anche in quel continente la stampa e i media sono soggetti al potere dominante.<\/p>\n<p>Gli attivisti del presidio sono quindi confluiti in Piazza San Lorenzo, altra piazza del centro storico\u00a0 luogo di raduno del corteo antifascista e pro Palestina indetto nel giorno della memoria per demistificare la narrazione governativa che vuole equiparare gli avvenimenti accaduti sul confine orientale alla fine della seconda guerra mondiale ad una Shoah italiana da parte dei partigiani comunisti.<\/p>\n<div class=\"post-gallery\">\n\t\t\t<figure class=\"post-gallery-item\">\n\t\t\t\t<img decoding=\"async\" src=\"https:\/\/www.pressenza.com\/wp-content\/uploads\/2024\/02\/fi-antifascista-e-per-lapalestina-5-2-820x547.jpg\" loading=\"lazy\">\n\t\t\t\t<figcaption>\n\t\t\t\t\tFi antifascista e per la Palestina\n\t\t\t\t<\/figcaption>\n\t\t\t<\/figure>\n\t\t\t<figure class=\"post-gallery-item\">\n\t\t\t\t<img decoding=\"async\" src=\"https:\/\/www.pressenza.com\/wp-content\/uploads\/2024\/02\/fi-antifascista-e-per-lapalestina-4-2-820x547.jpg\" loading=\"lazy\">\n\t\t\t\t<figcaption>\n\t\t\t\t\tFi antifascista e per la Palestina\n\t\t\t\t<\/figcaption>\n\t\t\t<\/figure>\n\t\t\t<figure class=\"post-gallery-item\">\n\t\t\t\t<img decoding=\"async\" src=\"https:\/\/www.pressenza.com\/wp-content\/uploads\/2024\/02\/fi-antifascista-e-per-lapalestina-1-2-820x547.jpg\" loading=\"lazy\">\n\t\t\t\t<figcaption>\n\t\t\t\t\tFi antifascista e per la Palestina \n\t\t\t\t<\/figcaption>\n\t\t\t<\/figure>\n\t\t\t<figure class=\"post-gallery-item\">\n\t\t\t\t<img decoding=\"async\" src=\"https:\/\/www.pressenza.com\/wp-content\/uploads\/2024\/02\/fi-antifascista-e-per-lapalestina-2-2-683x1024.jpg\" loading=\"lazy\">\n\t\t\t\t<figcaption>\n\t\t\t\t\tFi antifascista e per la Palestina\n\t\t\t\t<\/figcaption>\n\t\t\t<\/figure>\n\t\t\t<figure class=\"post-gallery-item\">\n\t\t\t\t<img decoding=\"async\" src=\"https:\/\/www.pressenza.com\/wp-content\/uploads\/2024\/02\/fi-antifascista-e-per-lapalestina-3-2-820x547.jpg\" loading=\"lazy\">\n\t\t\t\t<figcaption>\n\t\t\t\t\tFi antifascista e per la Palestina\n\t\t\t\t<\/figcaption>\n\t\t\t<\/figure><\/div>\n<div class=\"post-gallery\">\n\t\t\t<figure class=\"post-gallery-item\">\n\t\t\t\t<img decoding=\"async\" src=\"https:\/\/www.pressenza.com\/wp-content\/uploads\/2024\/02\/fi-per-la-liberta-di-stampa-1-2-820x513.jpg\" loading=\"lazy\">\n\t\t\t\t<figcaption>\n\t\t\t\t\tFi per la libert\u00e0 di informazione-raccolta firme per Assange\n\t\t\t\t<\/figcaption>\n\t\t\t<\/figure>\n\t\t\t<figure class=\"post-gallery-item\">\n\t\t\t\t<img decoding=\"async\" src=\"https:\/\/www.pressenza.com\/wp-content\/uploads\/2024\/02\/fi-per-la-liberta-di-stampa-2-2-820x547.jpg\" loading=\"lazy\">\n\t\t\t\t<figcaption>\n\t\t\t\t\tFi per la libert\u00e0 di informazione-raccolta firme per Assange\n\t\t\t\t<\/figcaption>\n\t\t\t<\/figure>\n\t\t\t<figure class=\"post-gallery-item\">\n\t\t\t\t<img decoding=\"async\" src=\"https:\/\/www.pressenza.com\/wp-content\/uploads\/2024\/02\/fi-per-la-liberta-di-stampa-3-2-820x547.jpg\" loading=\"lazy\">\n\t\t\t\t<figcaption>\n\t\t\t\t\tFi per la libert\u00e0 di informazione-raccolta firme per Assange\n\t\t\t\t<\/figcaption>\n\t\t\t<\/figure>\n\t\t\t<figure class=\"post-gallery-item\">\n\t\t\t\t<img decoding=\"async\" src=\"https:\/\/www.pressenza.com\/wp-content\/uploads\/2024\/02\/fi-per-la-liberta-di-stampa-4-2-820x547.jpg\" loading=\"lazy\">\n\t\t\t\t<figcaption>\n\t\t\t\t\tFi per la libert\u00e0 di informazione-raccolta firme per Assange\n\t\t\t\t<\/figcaption>\n\t\t\t<\/figure>\n\t\t\t<figure class=\"post-gallery-item\">\n\t\t\t\t<img decoding=\"async\" src=\"https:\/\/www.pressenza.com\/wp-content\/uploads\/2024\/02\/fi-per-la-liberta-di-stampa-5-2-820x547.jpg\" loading=\"lazy\">\n\t\t\t\t<figcaption>\n\t\t\t\t\tFi per la libert\u00e0 di informazione-raccolta firme per Assange\n\t\t\t\t<\/figcaption>\n\t\t\t<\/figure><\/div>\n<p>&nbsp;<\/p>\n","protected":false},"excerpt":{"rendered":"<p>Pomeriggio intenso a Firenze, dove si \u00e8 svolto inizialmente un presidio per la libert\u00e0 di stampa, seguito da una manifestazione antifascista e pro Palestina. Al presidio indetto in piazza dei Ciompi dall&#8217;associazionismo palestinese e dalle forze politiche ed internazionaliste si&hellip;<\/p>\n","protected":false},"author":1712,"featured_media":1798335,"comment_status":"closed","ping_status":"closed","sticky":false,"template":"","format":"standard","meta":{"footnotes":""},"categories":[11388,5677,55],"tags":[3467,666],"class_list":["post-1798290","post","type-post","status-publish","format-standard","has-post-thumbnail","hentry","category-contenuti-originali","category-fotoreportages","category-politica","tag-antifascismo","tag-liberta-di-stampa"],"yoast_head":"<!-- This site is optimized with the Yoast SEO plugin v27.1.1 - https:\/\/yoast.com\/product\/yoast-seo-wordpress\/ -->\n<title>Doppio evento a Firenze: presidio per la libert\u00e0 di stampa e manifestazione antifascista e per la Palestina<\/title>\n<meta name=\"description\" content=\"Pomeriggio intenso a Firenze, dove si \u00e8 svolto inizialmente un presidio per la libert\u00e0 di stampa, seguito da una manifestazione antifascista e pro\" \/>\n<meta name=\"robots\" content=\"index, follow, max-snippet:-1, max-image-preview:large, max-video-preview:-1\" \/>\n<link rel=\"canonical\" href=\"https:\/\/www.pressenza.com\/it\/2024\/02\/doppio-evento-a-firenze-presidio-per-la-liberta-di-stampa-e-manifestazione-antifascista-e-per-la-palestina-redazione-toscana\/\" \/>\n<meta property=\"og:locale\" content=\"it_IT\" \/>\n<meta property=\"og:type\" content=\"article\" \/>\n<meta property=\"og:title\" content=\"Doppio evento a Firenze: presidio per la libert\u00e0 di stampa e manifestazione antifascista e per la Palestina\" \/>\n<meta property=\"og:description\" content=\"Pomeriggio intenso a Firenze, dove si \u00e8 svolto inizialmente un presidio per la libert\u00e0 di stampa, seguito da una manifestazione antifascista e pro\" \/>\n<meta property=\"og:url\" content=\"https:\/\/www.pressenza.com\/it\/2024\/02\/doppio-evento-a-firenze-presidio-per-la-liberta-di-stampa-e-manifestazione-antifascista-e-per-la-palestina-redazione-toscana\/\" \/>\n<meta property=\"og:site_name\" content=\"Pressenza\" \/>\n<meta property=\"article:publisher\" content=\"https:\/\/www.facebook.com\/PressenzaItalia\" \/>\n<meta property=\"article:published_time\" content=\"2024-02-10T19:33:42+00:00\" \/>\n<meta property=\"article:modified_time\" content=\"2024-02-10T20:32:14+00:00\" \/>\n<meta property=\"og:image\" content=\"https:\/\/www.pressenza.com\/wp-content\/uploads\/2024\/02\/fi-per-la-liberta-di-stampa-1-2.jpg\" \/>\n\t<meta property=\"og:image:width\" content=\"1500\" \/>\n\t<meta property=\"og:image:height\" content=\"939\" \/>\n\t<meta property=\"og:image:type\" content=\"image\/jpeg\" \/>\n<meta name=\"author\" content=\"Redazione Toscana\" \/>\n<meta name=\"twitter:card\" content=\"summary_large_image\" \/>\n<meta name=\"twitter:creator\" content=\"@PressenzaIPA\" \/>\n<meta name=\"twitter:site\" content=\"@PressenzaIPA\" \/>\n<meta name=\"twitter:label1\" content=\"Scritto da\" \/>\n\t<meta name=\"twitter:data1\" content=\"Redazione Toscana\" \/>\n\t<meta name=\"twitter:label2\" content=\"Tempo di lettura stimato\" \/>\n\t<meta name=\"twitter:data2\" content=\"1 minuto\" \/>\n<script type=\"application\/ld+json\" class=\"yoast-schema-graph\">{\"@context\":\"https:\/\/schema.org\",\"@graph\":[{\"@type\":\"Article\",\"@id\":\"https:\/\/www.pressenza.com\/it\/2024\/02\/doppio-evento-a-firenze-presidio-per-la-liberta-di-stampa-e-manifestazione-antifascista-e-per-la-palestina-redazione-toscana\/#article\",\"isPartOf\":{\"@id\":\"https:\/\/www.pressenza.com\/it\/2024\/02\/doppio-evento-a-firenze-presidio-per-la-liberta-di-stampa-e-manifestazione-antifascista-e-per-la-palestina-redazione-toscana\/\"},\"author\":{\"name\":\"Redazione Toscana\",\"@id\":\"https:\/\/www.pressenza.com\/it\/#\/schema\/person\/4e3dce4e18e03345dd2deb3148d621d1\"},\"headline\":\"Doppio evento a Firenze: presidio per la libert\u00e0 di stampa e manifestazione antifascista e per la Palestina\",\"datePublished\":\"2024-02-10T19:33:42+00:00\",\"dateModified\":\"2024-02-10T20:32:14+00:00\",\"mainEntityOfPage\":{\"@id\":\"https:\/\/www.pressenza.com\/it\/2024\/02\/doppio-evento-a-firenze-presidio-per-la-liberta-di-stampa-e-manifestazione-antifascista-e-per-la-palestina-redazione-toscana\/\"},\"wordCount\":193,\"publisher\":{\"@id\":\"https:\/\/www.pressenza.com\/it\/#organization\"},\"image\":{\"@id\":\"https:\/\/www.pressenza.com\/it\/2024\/02\/doppio-evento-a-firenze-presidio-per-la-liberta-di-stampa-e-manifestazione-antifascista-e-per-la-palestina-redazione-toscana\/#primaryimage\"},\"thumbnailUrl\":\"https:\/\/www.pressenza.com\/wp-content\/uploads\/2024\/02\/fi-per-la-liberta-di-stampa-1-2.jpg\",\"keywords\":[\"antifascismo\",\"libert\u00e0 di stampa\"],\"articleSection\":[\"contenuti originali\",\"Fotoreportages\",\"Politica\"],\"inLanguage\":\"it-IT\"},{\"@type\":\"WebPage\",\"@id\":\"https:\/\/www.pressenza.com\/it\/2024\/02\/doppio-evento-a-firenze-presidio-per-la-liberta-di-stampa-e-manifestazione-antifascista-e-per-la-palestina-redazione-toscana\/\",\"url\":\"https:\/\/www.pressenza.com\/it\/2024\/02\/doppio-evento-a-firenze-presidio-per-la-liberta-di-stampa-e-manifestazione-antifascista-e-per-la-palestina-redazione-toscana\/\",\"name\":\"Doppio evento a Firenze: presidio per la libert\u00e0 di stampa e manifestazione antifascista e per la Palestina\",\"isPartOf\":{\"@id\":\"https:\/\/www.pressenza.com\/it\/#website\"},\"primaryImageOfPage\":{\"@id\":\"https:\/\/www.pressenza.com\/it\/2024\/02\/doppio-evento-a-firenze-presidio-per-la-liberta-di-stampa-e-manifestazione-antifascista-e-per-la-palestina-redazione-toscana\/#primaryimage\"},\"image\":{\"@id\":\"https:\/\/www.pressenza.com\/it\/2024\/02\/doppio-evento-a-firenze-presidio-per-la-liberta-di-stampa-e-manifestazione-antifascista-e-per-la-palestina-redazione-toscana\/#primaryimage\"},\"thumbnailUrl\":\"https:\/\/www.pressenza.com\/wp-content\/uploads\/2024\/02\/fi-per-la-liberta-di-stampa-1-2.jpg\",\"datePublished\":\"2024-02-10T19:33:42+00:00\",\"dateModified\":\"2024-02-10T20:32:14+00:00\",\"description\":\"Pomeriggio intenso a Firenze, dove si \u00e8 svolto inizialmente un presidio per la libert\u00e0 di stampa, seguito da una manifestazione antifascista e pro\",\"breadcrumb\":{\"@id\":\"https:\/\/www.pressenza.com\/it\/2024\/02\/doppio-evento-a-firenze-presidio-per-la-liberta-di-stampa-e-manifestazione-antifascista-e-per-la-palestina-redazione-toscana\/#breadcrumb\"},\"inLanguage\":\"it-IT\",\"potentialAction\":[{\"@type\":\"ReadAction\",\"target\":[\"https:\/\/www.pressenza.com\/it\/2024\/02\/doppio-evento-a-firenze-presidio-per-la-liberta-di-stampa-e-manifestazione-antifascista-e-per-la-palestina-redazione-toscana\/\"]}]},{\"@type\":\"ImageObject\",\"inLanguage\":\"it-IT\",\"@id\":\"https:\/\/www.pressenza.com\/it\/2024\/02\/doppio-evento-a-firenze-presidio-per-la-liberta-di-stampa-e-manifestazione-antifascista-e-per-la-palestina-redazione-toscana\/#primaryimage\",\"url\":\"https:\/\/www.pressenza.com\/wp-content\/uploads\/2024\/02\/fi-per-la-liberta-di-stampa-1-2.jpg\",\"contentUrl\":\"https:\/\/www.pressenza.com\/wp-content\/uploads\/2024\/02\/fi-per-la-liberta-di-stampa-1-2.jpg\",\"width\":1500,\"height\":939,\"caption\":\"Fi per la libert\u00e0 di informazione-raccolta firme per Assange\"},{\"@type\":\"BreadcrumbList\",\"@id\":\"https:\/\/www.pressenza.com\/it\/2024\/02\/doppio-evento-a-firenze-presidio-per-la-liberta-di-stampa-e-manifestazione-antifascista-e-per-la-palestina-redazione-toscana\/#breadcrumb\",\"itemListElement\":[{\"@type\":\"ListItem\",\"position\":1,\"name\":\"Accueil\",\"item\":\"https:\/\/www.pressenza.com\/it\/\"},{\"@type\":\"ListItem\",\"position\":2,\"name\":\"Doppio evento a Firenze: presidio per la libert\u00e0 di stampa e manifestazione antifascista e per la Palestina\"}]},{\"@type\":\"WebSite\",\"@id\":\"https:\/\/www.pressenza.com\/it\/#website\",\"url\":\"https:\/\/www.pressenza.com\/it\/\",\"name\":\"Pressenza\",\"description\":\"Agenzia di Stampa Internazionale\",\"publisher\":{\"@id\":\"https:\/\/www.pressenza.com\/it\/#organization\"},\"potentialAction\":[{\"@type\":\"SearchAction\",\"target\":{\"@type\":\"EntryPoint\",\"urlTemplate\":\"https:\/\/www.pressenza.com\/it\/?s={search_term_string}\"},\"query-input\":{\"@type\":\"PropertyValueSpecification\",\"valueRequired\":true,\"valueName\":\"search_term_string\"}}],\"inLanguage\":\"it-IT\"},{\"@type\":\"Organization\",\"@id\":\"https:\/\/www.pressenza.com\/it\/#organization\",\"name\":\"Pressenza\",\"url\":\"https:\/\/www.pressenza.com\/it\/\",\"logo\":{\"@type\":\"ImageObject\",\"inLanguage\":\"it-IT\",\"@id\":\"https:\/\/www.pressenza.com\/it\/#\/schema\/logo\/image\/\",\"url\":\"https:\/\/www.pressenza.com\/wp-content\/uploads\/2022\/10\/pressenza_logo_200x200.jpg\",\"contentUrl\":\"https:\/\/www.pressenza.com\/wp-content\/uploads\/2022\/10\/pressenza_logo_200x200.jpg\",\"width\":200,\"height\":200,\"caption\":\"Pressenza\"},\"image\":{\"@id\":\"https:\/\/www.pressenza.com\/it\/#\/schema\/logo\/image\/\"},\"sameAs\":[\"https:\/\/www.facebook.com\/PressenzaItalia\",\"https:\/\/x.com\/PressenzaIPA\"]},{\"@type\":\"Person\",\"@id\":\"https:\/\/www.pressenza.com\/it\/#\/schema\/person\/4e3dce4e18e03345dd2deb3148d621d1\",\"name\":\"Redazione Toscana\",\"description\":\"News from the Pressenza Bureau in Tuscany, Italy\",\"url\":\"https:\/\/www.pressenza.com\/it\/author\/redazione-toscana\/\"}]}<\/script>\n<!-- \/ Yoast SEO plugin. -->","yoast_head_json":{"title":"Doppio evento a Firenze: presidio per la libert\u00e0 di stampa e manifestazione antifascista e per la Palestina","description":"Pomeriggio intenso a Firenze, dove si \u00e8 svolto inizialmente un presidio per la libert\u00e0 di stampa, seguito da una manifestazione antifascista e pro","robots":{"index":"index","follow":"follow","max-snippet":"max-snippet:-1","max-image-preview":"max-image-preview:large","max-video-preview":"max-video-preview:-1"},"canonical":"https:\/\/www.pressenza.com\/it\/2024\/02\/doppio-evento-a-firenze-presidio-per-la-liberta-di-stampa-e-manifestazione-antifascista-e-per-la-palestina-redazione-toscana\/","og_locale":"it_IT","og_type":"article","og_title":"Doppio evento a Firenze: presidio per la libert\u00e0 di stampa e manifestazione antifascista e per la Palestina","og_description":"Pomeriggio intenso a Firenze, dove si \u00e8 svolto inizialmente un presidio per la libert\u00e0 di stampa, seguito da una manifestazione antifascista e pro","og_url":"https:\/\/www.pressenza.com\/it\/2024\/02\/doppio-evento-a-firenze-presidio-per-la-liberta-di-stampa-e-manifestazione-antifascista-e-per-la-palestina-redazione-toscana\/","og_site_name":"Pressenza","article_publisher":"https:\/\/www.facebook.com\/PressenzaItalia","article_published_time":"2024-02-10T19:33:42+00:00","article_modified_time":"2024-02-10T20:32:14+00:00","og_image":[{"width":1500,"height":939,"url":"https:\/\/www.pressenza.com\/wp-content\/uploads\/2024\/02\/fi-per-la-liberta-di-stampa-1-2.jpg","type":"image\/jpeg"}],"author":"Redazione Toscana","twitter_card":"summary_large_image","twitter_creator":"@PressenzaIPA","twitter_site":"@PressenzaIPA","twitter_misc":{"Scritto da":"Redazione Toscana","Tempo di lettura stimato":"1 minuto"},"schema":{"@context":"https:\/\/schema.org","@graph":[{"@type":"Article","@id":"https:\/\/www.pressenza.com\/it\/2024\/02\/doppio-evento-a-firenze-presidio-per-la-liberta-di-stampa-e-manifestazione-antifascista-e-per-la-palestina-redazione-toscana\/#article","isPartOf":{"@id":"https:\/\/www.pressenza.com\/it\/2024\/02\/doppio-evento-a-firenze-presidio-per-la-liberta-di-stampa-e-manifestazione-antifascista-e-per-la-palestina-redazione-toscana\/"},"author":{"name":"Redazione Toscana","@id":"https:\/\/www.pressenza.com\/it\/#\/schema\/person\/4e3dce4e18e03345dd2deb3148d621d1"},"headline":"Doppio evento a Firenze: presidio per la libert\u00e0 di stampa e manifestazione antifascista e per la Palestina","datePublished":"2024-02-10T19:33:42+00:00","dateModified":"2024-02-10T20:32:14+00:00","mainEntityOfPage":{"@id":"https:\/\/www.pressenza.com\/it\/2024\/02\/doppio-evento-a-firenze-presidio-per-la-liberta-di-stampa-e-manifestazione-antifascista-e-per-la-palestina-redazione-toscana\/"},"wordCount":193,"publisher":{"@id":"https:\/\/www.pressenza.com\/it\/#organization"},"image":{"@id":"https:\/\/www.pressenza.com\/it\/2024\/02\/doppio-evento-a-firenze-presidio-per-la-liberta-di-stampa-e-manifestazione-antifascista-e-per-la-palestina-redazione-toscana\/#primaryimage"},"thumbnailUrl":"https:\/\/www.pressenza.com\/wp-content\/uploads\/2024\/02\/fi-per-la-liberta-di-stampa-1-2.jpg","keywords":["antifascismo","libert\u00e0 di stampa"],"articleSection":["contenuti originali","Fotoreportages","Politica"],"inLanguage":"it-IT"},{"@type":"WebPage","@id":"https:\/\/www.pressenza.com\/it\/2024\/02\/doppio-evento-a-firenze-presidio-per-la-liberta-di-stampa-e-manifestazione-antifascista-e-per-la-palestina-redazione-toscana\/","url":"https:\/\/www.pressenza.com\/it\/2024\/02\/doppio-evento-a-firenze-presidio-per-la-liberta-di-stampa-e-manifestazione-antifascista-e-per-la-palestina-redazione-toscana\/","name":"Doppio evento a Firenze: presidio per la libert\u00e0 di stampa e manifestazione antifascista e per la Palestina","isPartOf":{"@id":"https:\/\/www.pressenza.com\/it\/#website"},"primaryImageOfPage":{"@id":"https:\/\/www.pressenza.com\/it\/2024\/02\/doppio-evento-a-firenze-presidio-per-la-liberta-di-stampa-e-manifestazione-antifascista-e-per-la-palestina-redazione-toscana\/#primaryimage"},"image":{"@id":"https:\/\/www.pressenza.com\/it\/2024\/02\/doppio-evento-a-firenze-presidio-per-la-liberta-di-stampa-e-manifestazione-antifascista-e-per-la-palestina-redazione-toscana\/#primaryimage"},"thumbnailUrl":"https:\/\/www.pressenza.com\/wp-content\/uploads\/2024\/02\/fi-per-la-liberta-di-stampa-1-2.jpg","datePublished":"2024-02-10T19:33:42+00:00","dateModified":"2024-02-10T20:32:14+00:00","description":"Pomeriggio intenso a Firenze, dove si \u00e8 svolto inizialmente un presidio per la libert\u00e0 di stampa, seguito da una manifestazione antifascista e pro","breadcrumb":{"@id":"https:\/\/www.pressenza.com\/it\/2024\/02\/doppio-evento-a-firenze-presidio-per-la-liberta-di-stampa-e-manifestazione-antifascista-e-per-la-palestina-redazione-toscana\/#breadcrumb"},"inLanguage":"it-IT","potentialAction":[{"@type":"ReadAction","target":["https:\/\/www.pressenza.com\/it\/2024\/02\/doppio-evento-a-firenze-presidio-per-la-liberta-di-stampa-e-manifestazione-antifascista-e-per-la-palestina-redazione-toscana\/"]}]},{"@type":"ImageObject","inLanguage":"it-IT","@id":"https:\/\/www.pressenza.com\/it\/2024\/02\/doppio-evento-a-firenze-presidio-per-la-liberta-di-stampa-e-manifestazione-antifascista-e-per-la-palestina-redazione-toscana\/#primaryimage","url":"https:\/\/www.pressenza.com\/wp-content\/uploads\/2024\/02\/fi-per-la-liberta-di-stampa-1-2.jpg","contentUrl":"https:\/\/www.pressenza.com\/wp-content\/uploads\/2024\/02\/fi-per-la-liberta-di-stampa-1-2.jpg","width":1500,"height":939,"caption":"Fi per la libert\u00e0 di informazione-raccolta firme per Assange"},{"@type":"BreadcrumbList","@id":"https:\/\/www.pressenza.com\/it\/2024\/02\/doppio-evento-a-firenze-presidio-per-la-liberta-di-stampa-e-manifestazione-antifascista-e-per-la-palestina-redazione-toscana\/#breadcrumb","itemListElement":[{"@type":"ListItem","position":1,"name":"Accueil","item":"https:\/\/www.pressenza.com\/it\/"},{"@type":"ListItem","position":2,"name":"Doppio evento a Firenze: presidio per la libert\u00e0 di stampa e manifestazione antifascista e per la Palestina"}]},{"@type":"WebSite","@id":"https:\/\/www.pressenza.com\/it\/#website","url":"https:\/\/www.pressenza.com\/it\/","name":"Pressenza","description":"Agenzia di Stampa Internazionale","publisher":{"@id":"https:\/\/www.pressenza.com\/it\/#organization"},"potentialAction":[{"@type":"SearchAction","target":{"@type":"EntryPoint","urlTemplate":"https:\/\/www.pressenza.com\/it\/?s={search_term_string}"},"query-input":{"@type":"PropertyValueSpecification","valueRequired":true,"valueName":"search_term_string"}}],"inLanguage":"it-IT"},{"@type":"Organization","@id":"https:\/\/www.pressenza.com\/it\/#organization","name":"Pressenza","url":"https:\/\/www.pressenza.com\/it\/","logo":{"@type":"ImageObject","inLanguage":"it-IT","@id":"https:\/\/www.pressenza.com\/it\/#\/schema\/logo\/image\/","url":"https:\/\/www.pressenza.com\/wp-content\/uploads\/2022\/10\/pressenza_logo_200x200.jpg","contentUrl":"https:\/\/www.pressenza.com\/wp-content\/uploads\/2022\/10\/pressenza_logo_200x200.jpg","width":200,"height":200,"caption":"Pressenza"},"image":{"@id":"https:\/\/www.pressenza.com\/it\/#\/schema\/logo\/image\/"},"sameAs":["https:\/\/www.facebook.com\/PressenzaItalia","https:\/\/x.com\/PressenzaIPA"]},{"@type":"Person","@id":"https:\/\/www.pressenza.com\/it\/#\/schema\/person\/4e3dce4e18e03345dd2deb3148d621d1","name":"Redazione Toscana","description":"News from the Pressenza Bureau in Tuscany, Italy","url":"https:\/\/www.pressenza.com\/it\/author\/redazione-toscana\/"}]}},"place":"","original_article_url":"","_links":{"self":[{"href":"https:\/\/www.pressenza.com\/it\/wp-json\/wp\/v2\/posts\/1798290","targetHints":{"allow":["GET"]}}],"collection":[{"href":"https:\/\/www.pressenza.com\/it\/wp-json\/wp\/v2\/posts"}],"about":[{"href":"https:\/\/www.pressenza.com\/it\/wp-json\/wp\/v2\/types\/post"}],"author":[{"embeddable":true,"href":"https:\/\/www.pressenza.com\/it\/wp-json\/wp\/v2\/users\/1712"}],"replies":[{"embeddable":true,"href":"https:\/\/www.pressenza.com\/it\/wp-json\/wp\/v2\/comments?post=1798290"}],"version-history":[{"count":0,"href":"https:\/\/www.pressenza.com\/it\/wp-json\/wp\/v2\/posts\/1798290\/revisions"}],"wp:featuredmedia":[{"embeddable":true,"href":"https:\/\/www.pressenza.com\/it\/wp-json\/wp\/v2\/media\/1798335"}],"wp:attachment":[{"href":"https:\/\/www.pressenza.com\/it\/wp-json\/wp\/v2\/media?parent=1798290"}],"wp:term":[{"taxonomy":"category","embeddable":true,"href":"https:\/\/www.pressenza.com\/it\/wp-json\/wp\/v2\/categories?post=1798290"},{"taxonomy":"post_tag","embeddable":true,"href":"https:\/\/www.pressenza.com\/it\/wp-json\/wp\/v2\/tags?post=1798290"}],"curies":[{"name":"wp","href":"https:\/\/api.w.org\/{rel}","templated":true}]}}