{"id":1797016,"date":"2024-02-04T08:49:53","date_gmt":"2024-02-04T08:49:53","guid":{"rendered":"https:\/\/www.pressenza.com\/?p=1797016"},"modified":"2024-02-04T08:52:14","modified_gmt":"2024-02-04T08:52:14","slug":"il-caso-sound-of-freedom-film-sulla-pedofilia-manipolato-da-destra","status":"publish","type":"post","link":"https:\/\/www.pressenza.com\/it\/2024\/02\/il-caso-sound-of-freedom-film-sulla-pedofilia-manipolato-da-destra\/","title":{"rendered":"Il caso \u201cSound of freedom\u201d, film sulla pedofilia manipolato da destra"},"content":{"rendered":"<p>Sbarca in Italia, come film evento, \u201c<strong>Sound of freedom\u201d<\/strong> del messicano Alejandro Monteverde, che ha per tema un argomento molto poco affrontato dal cinema: la tratta dei bambini a scopo sessuale. Inizialmente rifiutato da grandi major come Amazon e Disney che non hanno fiutato l\u2019affare, \u201cSound of freedom\u201d \u00e8 balzato in testa al box office negli USA grazie al taglio popolare sfociato nel passaparola, e all\u2019abilit\u00e0 degli Angel Studios, societ\u00e0 di distribuzione religiosa che diffonde\u00a0spettacoli e documentari supportati e finanziati dagli stessi spettatori \u2013 sorta di crowdfunding azionario &#8211; progettati per ispirare, edificare e unire attraverso narrazioni significative. Gli Angel Studios hanno inoltre astutamente enfatizzato la diffusione dell\u2019opera quale \u201cfilm che non volevano farvi vedere\u201d.<\/p>\n<p>Molto liberamente ispirato a Tim Ballard, ex agente della Cia e del Dipartimento di Sicurezza degli Stati Uniti impegnato nella caccia ai pedofili, il regista ha potuto avvalersi dei racconti dello stesso Ballard e di persone competenti. L\u2019eroe protagonista, l\u2019agente che riporta a casa i bambini rapiti da criminali che sfruttano la prostituzione, \u00e8 interpretato da Jim Caviezel \u2013 ex Ges\u00f9 nella Passione di Cristo firmata Mel Gibson &#8211; attore cattolicissimo, noto per alternare agli impegni cinematografici conferenze, incontri, dibattiti a sfondo\u00a0teologico\u00a0e religioso da posizioni spesso radicali.<\/p>\n<p>Caviezel in particolare ha sollevato un polverone per essersi espresso con dichiarazioni vicine a QAnon, gruppo politico di estrema destra in USA i cui membri sostengono un&#8217;ipotetica trama segreta organizzata da poteri occulti &#8211; collusi con reti di pedofili a livello globale, pratiche\u00a0ebraiche\u00a0oscure, cabale &#8211; che avrebbero complottato al fine di scardinare il\u00a0nuovo ordine.\u00a0 Nessuna delle accuse diffuse da QAnon si \u00e8 dimostrata fondata. \u201cSound of freedom\u201d \u00e8 stato visto da Donald Trump, alla cui proiezione presenziavano l\u2019attore Jim Caviezel e l\u2019ex agente FBI Tim Ballard, ma non il regista Alejandro Monteverde.<\/p>\n<p>Anche se, in barba a tutti i pronostici, Sound of freedom \u00e8 tra i film pi\u00f9 venduti negli USA, il regista messicano non trarr\u00e0 particolari benefici economici da questo incredibile successo, che andranno soprattutto nelle tasche dei finanziatori. Lo racconta lo stesso Monteverde in una lunga intervista pubblicata dal Los Angeles Times. \u00a0Monteverde non ama il clamore politico e ha difeso la sua opera definendo\u00a0<strong>\u201csemplicemente ridicoli\u201d<\/strong> gli accostamenti a QAnon, sottolineando come la lavorazione sia iniziata nel 2015, ben due anni prima dell\u2019esplosione della popolarit\u00e0 di tale gruppo.<\/p>\n<p>Sulle prese di posizione di Caviezel e di Tim Ballard, in un\u2019intervista a Variety, Alejandro Monteverde ha detto: &#8220;Mi si \u00e8 spezzato il cuore quando ho visto tutta questa polemica e le controversie in corso&#8221;. E ha aggiunto: \u201cQuando si assumono le persone non puoi controllare quello che fanno nel loro tempo libero. Ero un regista. Ho scritto una sceneggiatura. Ho assunto l&#8217;attore che pensavo fosse il migliore per questo film. L&#8217;argomento era davvero personale per lui. Jim Caviezel ha adottato tre bambini dalla Cina. Quando ci siamo incontrati e abbiamo parlato del progetto si \u00e8 messo a piangere. E ho pensato: &#8216;Wow, questo tizio \u00e8 disposto a morire sul set&#8221;. Per Monteverde il suo film vuole parlare a tutti.<\/p>\n<p>Il regista \u00e8 stato capace di toccare il nostro subliminale attraverso una narrazione piena di pathos e un messaggio infantile: gli angeli, ovvero i supereroi, esistono e ci proteggono, tanto pi\u00f9 che la salvezza del cucciolo \u00e8 per antonomasia il nostro futuro, il fragile seme da coltivare sopra ogni cosa. Le scene del film, senza inutile violenza, sono molto toccanti. Tutta la rappresentazione ci conduce in vicende, luoghi e traffici che per tanti sono un argomento insolito. Non sono pochi i passi del Vangelo che vengono citati e, a prescindere dal credo di ciascuno, sono massime di etica universale<\/p>\n<p>Nel nostro paese \u201cSound Of Freedom\u201d arriva come film evento il 19 e 20 febbraio grazie a Federica Picchi Roncali, che ha fondato Dominus Production Group per promuovere proposte basate su storie vere che trattano temi socialmente rilevanti; vanta una fitta rete di associazioni culturali sostenitrici, presente in ogni provincia italiana, che collabora alla diffusione delle pellicole nelle sale di tutto il territorio nazionale. Mediante questo sistema di relazioni reali, non virtuali, Dominus raggiunge e coinvolge grandi gruppi di persone che contribuiscono a diffondere i valori comunicati nei suoi film.<\/p>\n<p>A Roma, in due anteprime di &#8220;Sound of Freedom&#8221;, nella pi\u00f9 grande sala dell\u2019importante cinema Adriano c\u2019\u00e8 stato il sold out. Almeno mille persone. Evento rimarcabile in tempi difficili per il grande schermo, ma baster\u00e0 questo per dire che una nostra Capitol Hill potrebbe essere pi\u00f9 vicina?\u00a0 Se \u00e8 vero che a canzoni non si fan rivoluzioni, lo stesso credo valga per un film. Tra l\u2019altro le molte illazioni fatte su \u201cSound of freedom\u201d non tengono conto di una cosa fondamentale: il film coinvolge soprattutto perch\u00e9 \u00e8 raccontato con intelligenza narrativa popolare e trasmette valori inattaccabili sia da destra che da sinistra. Le scelte politiche pi\u00f9 profonde riguardano tutt\u2019altra, pi\u00f9 complessa e variegata, sfera.<\/p>\n<p><strong>Data di uscita: <\/strong>19 e 20 febbraio 2024<br \/>\n<strong>Genere: <\/strong>Azione, Drammatico, Biografico<br \/>\n<strong>Anno: <\/strong>2023<br \/>\n<strong>Regia: <\/strong><a href=\"https:\/\/www.comingsoon.it\/personaggi\/alejandro-gomez-monteverde\/232326\/biografia\/\">Alejandro Gomez Monteverde<\/a><br \/>\n<strong>Attori: <\/strong><a href=\"https:\/\/www.comingsoon.it\/personaggi\/jim-caviezel\/20075\/biografia\/\">Jim Caviezel<\/a>,\u00a0<a href=\"https:\/\/www.comingsoon.it\/personaggi\/mira-sorvino\/96762\/biografia\/\">Mira Sorvino<\/a>,\u00a0<a href=\"https:\/\/www.comingsoon.it\/personaggi\/bill-camp\/191673\/biografia\/\">Bill Camp<\/a>,\u00a0<a href=\"https:\/\/www.comingsoon.it\/personaggi\/jose-zuniga\/113192\/biografia\/\">Jos\u00e9 Z\u00fa\u00f1iga<\/a>,\u00a0<a href=\"https:\/\/www.comingsoon.it\/personaggi\/kurt-fuller\/40875\/biografia\/\">Kurt Fuller<\/a>,\u00a0<a href=\"https:\/\/www.comingsoon.it\/personaggi\/eduardo-verastegui\/232328\/biografia\/\">Eduardo Ver\u00e1stegui<\/a>,\u00a0<a href=\"https:\/\/www.comingsoon.it\/personaggi\/gerardo-taracena\/153230\/biografia\/\">Gerardo Taracena<\/a>,\u00a0<a href=\"https:\/\/www.comingsoon.it\/personaggi\/scott-haze\/241383\/biografia\/\">Scott Haze<\/a>,\u00a0<a href=\"https:\/\/www.comingsoon.it\/personaggi\/ariel-sierra\/254441\/biografia\/\">Ariel Sierra<\/a>,\u00a0<a href=\"https:\/\/www.comingsoon.it\/personaggi\/gary-basaraba\/9258\/biografia\/\">Gary Basaraba<\/a>,\u00a0<a href=\"https:\/\/www.comingsoon.it\/personaggi\/manny-perez\/172770\/biografia\/\">Manny Perez<\/a>,\u00a0<a href=\"https:\/\/www.comingsoon.it\/personaggi\/javier-godino\/232831\/biografia\/\">Javier Godino<\/a>,\u00a0<a href=\"https:\/\/www.comingsoon.it\/personaggi\/james-quattrochi\/151507\/biografia\/\">James Quattrochi<\/a>,\u00a0<a href=\"https:\/\/www.comingsoon.it\/personaggi\/gustavo-sanchez-parra\/168626\/biografia\/\">Gustavo S\u00e1nchez Parra<\/a><br \/>\n<strong>Paese: <\/strong>USA<br \/>\n<strong>Durata:<\/strong>135 min<br \/>\n<strong>Distribuzione: <\/strong>Dominus Production<br \/>\n<strong>Sceneggiatura: <\/strong><a href=\"https:\/\/www.comingsoon.it\/personaggi\/rod-barr\/287931\/biografia\/\">Rod Barr<\/a>,\u00a0<a href=\"https:\/\/www.comingsoon.it\/personaggi\/alejandro-gomez-monteverde\/232326\/biografia\/\">Alejandro Gomez Monteverde<\/a><br \/>\n<strong>Fotografia: <\/strong><a href=\"https:\/\/www.comingsoon.it\/personaggi\/gorka-gomez-andreu\/256939\/biografia\/\">Gorka G\u00f3mez Andreu<\/a><br \/>\n<strong>Montaggio: <\/strong><a href=\"https:\/\/www.comingsoon.it\/personaggi\/brian-scofield\/250645\/biografia\/\">Brian Scofield<\/a><br \/>\n<strong>Musiche: <\/strong><a href=\"https:\/\/www.comingsoon.it\/personaggi\/javier-navarrete\/77341\/biografia\/\">Javier Navarrete<\/a><br \/>\n<strong>Produzione: <\/strong>Santa Fe Film<\/p>\n","protected":false},"excerpt":{"rendered":"<p>Sbarca in Italia, come film evento, \u201cSound of freedom\u201d del messicano Alejandro Monteverde, che ha per tema un argomento molto poco affrontato dal cinema: la tratta dei bambini a scopo sessuale. Inizialmente rifiutato da grandi major come Amazon e Disney&hellip;<\/p>\n","protected":false},"author":1467,"featured_media":1797017,"comment_status":"closed","ping_status":"closed","sticky":false,"template":"","format":"standard","meta":{"footnotes":""},"categories":[11388,56,49],"tags":[388,119767,8790,36745,1453],"class_list":["post-1797016","post","type-post","status-publish","format-standard","has-post-thumbnail","hentry","category-contenuti-originali","category-cultura","category-nord-america","tag-destra","tag-film-sound-of-freedom","tag-pedofilia","tag-polemiche","tag-usa-it"],"yoast_head":"<!-- This site is optimized with the Yoast SEO plugin v27.1.1 - https:\/\/yoast.com\/product\/yoast-seo-wordpress\/ -->\n<title>Il caso \u201cSound of freedom\u201d, film sulla pedofilia manipolato da destra<\/title>\n<meta name=\"description\" content=\"Sbarca in Italia, come film evento, \u201cSound of freedom\u201d del messicano Alejandro Monteverde, che ha per tema un argomento molto poco affrontato dal cinema:\" \/>\n<meta name=\"robots\" content=\"index, follow, max-snippet:-1, max-image-preview:large, max-video-preview:-1\" \/>\n<link rel=\"canonical\" href=\"https:\/\/www.pressenza.com\/it\/2024\/02\/il-caso-sound-of-freedom-film-sulla-pedofilia-manipolato-da-destra\/\" \/>\n<meta property=\"og:locale\" content=\"it_IT\" \/>\n<meta property=\"og:type\" content=\"article\" \/>\n<meta property=\"og:title\" content=\"Il caso \u201cSound of freedom\u201d, film sulla pedofilia manipolato da destra\" \/>\n<meta property=\"og:description\" content=\"Sbarca in Italia, come film evento, \u201cSound of freedom\u201d del messicano Alejandro Monteverde, che ha per tema un argomento molto poco affrontato dal cinema:\" \/>\n<meta property=\"og:url\" content=\"https:\/\/www.pressenza.com\/it\/2024\/02\/il-caso-sound-of-freedom-film-sulla-pedofilia-manipolato-da-destra\/\" \/>\n<meta property=\"og:site_name\" content=\"Pressenza\" \/>\n<meta property=\"article:publisher\" content=\"https:\/\/www.facebook.com\/PressenzaItalia\" \/>\n<meta property=\"article:published_time\" content=\"2024-02-04T08:49:53+00:00\" \/>\n<meta property=\"article:modified_time\" content=\"2024-02-04T08:52:14+00:00\" \/>\n<meta property=\"og:image\" content=\"https:\/\/www.pressenza.com\/wp-content\/uploads\/2024\/02\/film-Sound-of-freedom.jpg\" \/>\n\t<meta property=\"og:image:width\" content=\"774\" \/>\n\t<meta property=\"og:image:height\" content=\"516\" \/>\n\t<meta property=\"og:image:type\" content=\"image\/jpeg\" \/>\n<meta name=\"author\" content=\"Bruna Alasia\" \/>\n<meta name=\"twitter:card\" content=\"summary_large_image\" \/>\n<meta name=\"twitter:creator\" content=\"@PressenzaIPA\" \/>\n<meta name=\"twitter:site\" content=\"@PressenzaIPA\" \/>\n<meta name=\"twitter:label1\" content=\"Scritto da\" \/>\n\t<meta name=\"twitter:data1\" content=\"Bruna Alasia\" \/>\n\t<meta name=\"twitter:label2\" content=\"Tempo di lettura stimato\" \/>\n\t<meta name=\"twitter:data2\" content=\"5 minuti\" \/>\n<script type=\"application\/ld+json\" class=\"yoast-schema-graph\">{\"@context\":\"https:\/\/schema.org\",\"@graph\":[{\"@type\":\"Article\",\"@id\":\"https:\/\/www.pressenza.com\/it\/2024\/02\/il-caso-sound-of-freedom-film-sulla-pedofilia-manipolato-da-destra\/#article\",\"isPartOf\":{\"@id\":\"https:\/\/www.pressenza.com\/it\/2024\/02\/il-caso-sound-of-freedom-film-sulla-pedofilia-manipolato-da-destra\/\"},\"author\":{\"name\":\"Bruna Alasia\",\"@id\":\"https:\/\/www.pressenza.com\/it\/#\/schema\/person\/1f9c7a58fb1832ec7b9f17fb8630ca6d\"},\"headline\":\"Il caso \u201cSound of freedom\u201d, film sulla pedofilia manipolato da destra\",\"datePublished\":\"2024-02-04T08:49:53+00:00\",\"dateModified\":\"2024-02-04T08:52:14+00:00\",\"mainEntityOfPage\":{\"@id\":\"https:\/\/www.pressenza.com\/it\/2024\/02\/il-caso-sound-of-freedom-film-sulla-pedofilia-manipolato-da-destra\/\"},\"wordCount\":896,\"publisher\":{\"@id\":\"https:\/\/www.pressenza.com\/it\/#organization\"},\"image\":{\"@id\":\"https:\/\/www.pressenza.com\/it\/2024\/02\/il-caso-sound-of-freedom-film-sulla-pedofilia-manipolato-da-destra\/#primaryimage\"},\"thumbnailUrl\":\"https:\/\/www.pressenza.com\/wp-content\/uploads\/2024\/02\/film-Sound-of-freedom.jpg\",\"keywords\":[\"destra\",\"film Sound of Freedom\",\"pedofilia\",\"polemiche\",\"USA\"],\"articleSection\":[\"contenuti originali\",\"Cultura e Media\",\"Nord America\"],\"inLanguage\":\"it-IT\"},{\"@type\":\"WebPage\",\"@id\":\"https:\/\/www.pressenza.com\/it\/2024\/02\/il-caso-sound-of-freedom-film-sulla-pedofilia-manipolato-da-destra\/\",\"url\":\"https:\/\/www.pressenza.com\/it\/2024\/02\/il-caso-sound-of-freedom-film-sulla-pedofilia-manipolato-da-destra\/\",\"name\":\"Il caso \u201cSound of freedom\u201d, film sulla pedofilia manipolato da destra\",\"isPartOf\":{\"@id\":\"https:\/\/www.pressenza.com\/it\/#website\"},\"primaryImageOfPage\":{\"@id\":\"https:\/\/www.pressenza.com\/it\/2024\/02\/il-caso-sound-of-freedom-film-sulla-pedofilia-manipolato-da-destra\/#primaryimage\"},\"image\":{\"@id\":\"https:\/\/www.pressenza.com\/it\/2024\/02\/il-caso-sound-of-freedom-film-sulla-pedofilia-manipolato-da-destra\/#primaryimage\"},\"thumbnailUrl\":\"https:\/\/www.pressenza.com\/wp-content\/uploads\/2024\/02\/film-Sound-of-freedom.jpg\",\"datePublished\":\"2024-02-04T08:49:53+00:00\",\"dateModified\":\"2024-02-04T08:52:14+00:00\",\"description\":\"Sbarca in Italia, come film evento, \u201cSound of freedom\u201d del messicano Alejandro Monteverde, che ha per tema un argomento molto poco affrontato dal cinema:\",\"breadcrumb\":{\"@id\":\"https:\/\/www.pressenza.com\/it\/2024\/02\/il-caso-sound-of-freedom-film-sulla-pedofilia-manipolato-da-destra\/#breadcrumb\"},\"inLanguage\":\"it-IT\",\"potentialAction\":[{\"@type\":\"ReadAction\",\"target\":[\"https:\/\/www.pressenza.com\/it\/2024\/02\/il-caso-sound-of-freedom-film-sulla-pedofilia-manipolato-da-destra\/\"]}]},{\"@type\":\"ImageObject\",\"inLanguage\":\"it-IT\",\"@id\":\"https:\/\/www.pressenza.com\/it\/2024\/02\/il-caso-sound-of-freedom-film-sulla-pedofilia-manipolato-da-destra\/#primaryimage\",\"url\":\"https:\/\/www.pressenza.com\/wp-content\/uploads\/2024\/02\/film-Sound-of-freedom.jpg\",\"contentUrl\":\"https:\/\/www.pressenza.com\/wp-content\/uploads\/2024\/02\/film-Sound-of-freedom.jpg\",\"width\":774,\"height\":516},{\"@type\":\"BreadcrumbList\",\"@id\":\"https:\/\/www.pressenza.com\/it\/2024\/02\/il-caso-sound-of-freedom-film-sulla-pedofilia-manipolato-da-destra\/#breadcrumb\",\"itemListElement\":[{\"@type\":\"ListItem\",\"position\":1,\"name\":\"Accueil\",\"item\":\"https:\/\/www.pressenza.com\/it\/\"},{\"@type\":\"ListItem\",\"position\":2,\"name\":\"Il caso \u201cSound of freedom\u201d, film sulla pedofilia manipolato da destra\"}]},{\"@type\":\"WebSite\",\"@id\":\"https:\/\/www.pressenza.com\/it\/#website\",\"url\":\"https:\/\/www.pressenza.com\/it\/\",\"name\":\"Pressenza\",\"description\":\"Agenzia di Stampa Internazionale\",\"publisher\":{\"@id\":\"https:\/\/www.pressenza.com\/it\/#organization\"},\"potentialAction\":[{\"@type\":\"SearchAction\",\"target\":{\"@type\":\"EntryPoint\",\"urlTemplate\":\"https:\/\/www.pressenza.com\/it\/?s={search_term_string}\"},\"query-input\":{\"@type\":\"PropertyValueSpecification\",\"valueRequired\":true,\"valueName\":\"search_term_string\"}}],\"inLanguage\":\"it-IT\"},{\"@type\":\"Organization\",\"@id\":\"https:\/\/www.pressenza.com\/it\/#organization\",\"name\":\"Pressenza\",\"url\":\"https:\/\/www.pressenza.com\/it\/\",\"logo\":{\"@type\":\"ImageObject\",\"inLanguage\":\"it-IT\",\"@id\":\"https:\/\/www.pressenza.com\/it\/#\/schema\/logo\/image\/\",\"url\":\"https:\/\/www.pressenza.com\/wp-content\/uploads\/2022\/10\/pressenza_logo_200x200.jpg\",\"contentUrl\":\"https:\/\/www.pressenza.com\/wp-content\/uploads\/2022\/10\/pressenza_logo_200x200.jpg\",\"width\":200,\"height\":200,\"caption\":\"Pressenza\"},\"image\":{\"@id\":\"https:\/\/www.pressenza.com\/it\/#\/schema\/logo\/image\/\"},\"sameAs\":[\"https:\/\/www.facebook.com\/PressenzaItalia\",\"https:\/\/x.com\/PressenzaIPA\"]},{\"@type\":\"Person\",\"@id\":\"https:\/\/www.pressenza.com\/it\/#\/schema\/person\/1f9c7a58fb1832ec7b9f17fb8630ca6d\",\"name\":\"Bruna Alasia\",\"description\":\"Bruna Alasia vive a Roma, dove si \u00e8 laureata in Sociologia nel 1977. Ha pubblicato i romanzi \u201cL\u2019erba nasce verde\u201d, sulla droga, e \u201cTre anni cos\u00ec\u201d, sul movimento del \u201977: digitalizzati e conservati anche nella biblioteca di Harvard. Ha lavorato al GR3 cultura della RAI, nell\u2019ufficio stampa di vari gruppi parlamentari presso la Camera dei Deputati. Scrive per riviste Mondadori e online occupandosi di cultura e spettacolo.\",\"url\":\"https:\/\/www.pressenza.com\/it\/author\/bruna-alasia\/\"}]}<\/script>\n<!-- \/ Yoast SEO plugin. -->","yoast_head_json":{"title":"Il caso \u201cSound of freedom\u201d, film sulla pedofilia manipolato da destra","description":"Sbarca in Italia, come film evento, \u201cSound of freedom\u201d del messicano Alejandro Monteverde, che ha per tema un argomento molto poco affrontato dal cinema:","robots":{"index":"index","follow":"follow","max-snippet":"max-snippet:-1","max-image-preview":"max-image-preview:large","max-video-preview":"max-video-preview:-1"},"canonical":"https:\/\/www.pressenza.com\/it\/2024\/02\/il-caso-sound-of-freedom-film-sulla-pedofilia-manipolato-da-destra\/","og_locale":"it_IT","og_type":"article","og_title":"Il caso \u201cSound of freedom\u201d, film sulla pedofilia manipolato da destra","og_description":"Sbarca in Italia, come film evento, \u201cSound of freedom\u201d del messicano Alejandro Monteverde, che ha per tema un argomento molto poco affrontato dal cinema:","og_url":"https:\/\/www.pressenza.com\/it\/2024\/02\/il-caso-sound-of-freedom-film-sulla-pedofilia-manipolato-da-destra\/","og_site_name":"Pressenza","article_publisher":"https:\/\/www.facebook.com\/PressenzaItalia","article_published_time":"2024-02-04T08:49:53+00:00","article_modified_time":"2024-02-04T08:52:14+00:00","og_image":[{"width":774,"height":516,"url":"https:\/\/www.pressenza.com\/wp-content\/uploads\/2024\/02\/film-Sound-of-freedom.jpg","type":"image\/jpeg"}],"author":"Bruna Alasia","twitter_card":"summary_large_image","twitter_creator":"@PressenzaIPA","twitter_site":"@PressenzaIPA","twitter_misc":{"Scritto da":"Bruna Alasia","Tempo di lettura stimato":"5 minuti"},"schema":{"@context":"https:\/\/schema.org","@graph":[{"@type":"Article","@id":"https:\/\/www.pressenza.com\/it\/2024\/02\/il-caso-sound-of-freedom-film-sulla-pedofilia-manipolato-da-destra\/#article","isPartOf":{"@id":"https:\/\/www.pressenza.com\/it\/2024\/02\/il-caso-sound-of-freedom-film-sulla-pedofilia-manipolato-da-destra\/"},"author":{"name":"Bruna Alasia","@id":"https:\/\/www.pressenza.com\/it\/#\/schema\/person\/1f9c7a58fb1832ec7b9f17fb8630ca6d"},"headline":"Il caso \u201cSound of freedom\u201d, film sulla pedofilia manipolato da destra","datePublished":"2024-02-04T08:49:53+00:00","dateModified":"2024-02-04T08:52:14+00:00","mainEntityOfPage":{"@id":"https:\/\/www.pressenza.com\/it\/2024\/02\/il-caso-sound-of-freedom-film-sulla-pedofilia-manipolato-da-destra\/"},"wordCount":896,"publisher":{"@id":"https:\/\/www.pressenza.com\/it\/#organization"},"image":{"@id":"https:\/\/www.pressenza.com\/it\/2024\/02\/il-caso-sound-of-freedom-film-sulla-pedofilia-manipolato-da-destra\/#primaryimage"},"thumbnailUrl":"https:\/\/www.pressenza.com\/wp-content\/uploads\/2024\/02\/film-Sound-of-freedom.jpg","keywords":["destra","film Sound of Freedom","pedofilia","polemiche","USA"],"articleSection":["contenuti originali","Cultura e Media","Nord America"],"inLanguage":"it-IT"},{"@type":"WebPage","@id":"https:\/\/www.pressenza.com\/it\/2024\/02\/il-caso-sound-of-freedom-film-sulla-pedofilia-manipolato-da-destra\/","url":"https:\/\/www.pressenza.com\/it\/2024\/02\/il-caso-sound-of-freedom-film-sulla-pedofilia-manipolato-da-destra\/","name":"Il caso \u201cSound of freedom\u201d, film sulla pedofilia manipolato da destra","isPartOf":{"@id":"https:\/\/www.pressenza.com\/it\/#website"},"primaryImageOfPage":{"@id":"https:\/\/www.pressenza.com\/it\/2024\/02\/il-caso-sound-of-freedom-film-sulla-pedofilia-manipolato-da-destra\/#primaryimage"},"image":{"@id":"https:\/\/www.pressenza.com\/it\/2024\/02\/il-caso-sound-of-freedom-film-sulla-pedofilia-manipolato-da-destra\/#primaryimage"},"thumbnailUrl":"https:\/\/www.pressenza.com\/wp-content\/uploads\/2024\/02\/film-Sound-of-freedom.jpg","datePublished":"2024-02-04T08:49:53+00:00","dateModified":"2024-02-04T08:52:14+00:00","description":"Sbarca in Italia, come film evento, \u201cSound of freedom\u201d del messicano Alejandro Monteverde, che ha per tema un argomento molto poco affrontato dal cinema:","breadcrumb":{"@id":"https:\/\/www.pressenza.com\/it\/2024\/02\/il-caso-sound-of-freedom-film-sulla-pedofilia-manipolato-da-destra\/#breadcrumb"},"inLanguage":"it-IT","potentialAction":[{"@type":"ReadAction","target":["https:\/\/www.pressenza.com\/it\/2024\/02\/il-caso-sound-of-freedom-film-sulla-pedofilia-manipolato-da-destra\/"]}]},{"@type":"ImageObject","inLanguage":"it-IT","@id":"https:\/\/www.pressenza.com\/it\/2024\/02\/il-caso-sound-of-freedom-film-sulla-pedofilia-manipolato-da-destra\/#primaryimage","url":"https:\/\/www.pressenza.com\/wp-content\/uploads\/2024\/02\/film-Sound-of-freedom.jpg","contentUrl":"https:\/\/www.pressenza.com\/wp-content\/uploads\/2024\/02\/film-Sound-of-freedom.jpg","width":774,"height":516},{"@type":"BreadcrumbList","@id":"https:\/\/www.pressenza.com\/it\/2024\/02\/il-caso-sound-of-freedom-film-sulla-pedofilia-manipolato-da-destra\/#breadcrumb","itemListElement":[{"@type":"ListItem","position":1,"name":"Accueil","item":"https:\/\/www.pressenza.com\/it\/"},{"@type":"ListItem","position":2,"name":"Il caso \u201cSound of freedom\u201d, film sulla pedofilia manipolato da destra"}]},{"@type":"WebSite","@id":"https:\/\/www.pressenza.com\/it\/#website","url":"https:\/\/www.pressenza.com\/it\/","name":"Pressenza","description":"Agenzia di Stampa Internazionale","publisher":{"@id":"https:\/\/www.pressenza.com\/it\/#organization"},"potentialAction":[{"@type":"SearchAction","target":{"@type":"EntryPoint","urlTemplate":"https:\/\/www.pressenza.com\/it\/?s={search_term_string}"},"query-input":{"@type":"PropertyValueSpecification","valueRequired":true,"valueName":"search_term_string"}}],"inLanguage":"it-IT"},{"@type":"Organization","@id":"https:\/\/www.pressenza.com\/it\/#organization","name":"Pressenza","url":"https:\/\/www.pressenza.com\/it\/","logo":{"@type":"ImageObject","inLanguage":"it-IT","@id":"https:\/\/www.pressenza.com\/it\/#\/schema\/logo\/image\/","url":"https:\/\/www.pressenza.com\/wp-content\/uploads\/2022\/10\/pressenza_logo_200x200.jpg","contentUrl":"https:\/\/www.pressenza.com\/wp-content\/uploads\/2022\/10\/pressenza_logo_200x200.jpg","width":200,"height":200,"caption":"Pressenza"},"image":{"@id":"https:\/\/www.pressenza.com\/it\/#\/schema\/logo\/image\/"},"sameAs":["https:\/\/www.facebook.com\/PressenzaItalia","https:\/\/x.com\/PressenzaIPA"]},{"@type":"Person","@id":"https:\/\/www.pressenza.com\/it\/#\/schema\/person\/1f9c7a58fb1832ec7b9f17fb8630ca6d","name":"Bruna Alasia","description":"Bruna Alasia vive a Roma, dove si \u00e8 laureata in Sociologia nel 1977. Ha pubblicato i romanzi \u201cL\u2019erba nasce verde\u201d, sulla droga, e \u201cTre anni cos\u00ec\u201d, sul movimento del \u201977: digitalizzati e conservati anche nella biblioteca di Harvard. Ha lavorato al GR3 cultura della RAI, nell\u2019ufficio stampa di vari gruppi parlamentari presso la Camera dei Deputati. Scrive per riviste Mondadori e online occupandosi di cultura e spettacolo.","url":"https:\/\/www.pressenza.com\/it\/author\/bruna-alasia\/"}]}},"place":"","original_article_url":"","_links":{"self":[{"href":"https:\/\/www.pressenza.com\/it\/wp-json\/wp\/v2\/posts\/1797016","targetHints":{"allow":["GET"]}}],"collection":[{"href":"https:\/\/www.pressenza.com\/it\/wp-json\/wp\/v2\/posts"}],"about":[{"href":"https:\/\/www.pressenza.com\/it\/wp-json\/wp\/v2\/types\/post"}],"author":[{"embeddable":true,"href":"https:\/\/www.pressenza.com\/it\/wp-json\/wp\/v2\/users\/1467"}],"replies":[{"embeddable":true,"href":"https:\/\/www.pressenza.com\/it\/wp-json\/wp\/v2\/comments?post=1797016"}],"version-history":[{"count":0,"href":"https:\/\/www.pressenza.com\/it\/wp-json\/wp\/v2\/posts\/1797016\/revisions"}],"wp:featuredmedia":[{"embeddable":true,"href":"https:\/\/www.pressenza.com\/it\/wp-json\/wp\/v2\/media\/1797017"}],"wp:attachment":[{"href":"https:\/\/www.pressenza.com\/it\/wp-json\/wp\/v2\/media?parent=1797016"}],"wp:term":[{"taxonomy":"category","embeddable":true,"href":"https:\/\/www.pressenza.com\/it\/wp-json\/wp\/v2\/categories?post=1797016"},{"taxonomy":"post_tag","embeddable":true,"href":"https:\/\/www.pressenza.com\/it\/wp-json\/wp\/v2\/tags?post=1797016"}],"curies":[{"name":"wp","href":"https:\/\/api.w.org\/{rel}","templated":true}]}}