{"id":1796338,"date":"2024-01-31T09:36:00","date_gmt":"2024-01-31T09:36:00","guid":{"rendered":"https:\/\/www.pressenza.com\/?p=1796338"},"modified":"2024-01-31T09:36:00","modified_gmt":"2024-01-31T09:36:00","slug":"alziamo-la-voce-per-julian-assange","status":"publish","type":"post","link":"https:\/\/www.pressenza.com\/it\/2024\/01\/alziamo-la-voce-per-julian-assange\/","title":{"rendered":"Alziamo la voce per Julian Assange!"},"content":{"rendered":"<p>La vicenda di Julian\u00a0<a href=\"https:\/\/www.facebook.com\/watch\/hashtag\/assange?__eep__=6%2F&amp;__tn__=*NK\"><strong>#Assange<\/strong><\/a>, uomo simbolo della libert\u00e0 di espressione e del diritto a una informazione indipendente, \u00e8 giunta al giro di boa. Tra pochi giorni, il 20 e 21 febbraio, un tribunale decider\u00e0 a Londra se estradare Julian\u00a0negli USA, condannandolo a una fine che \u00e8 facile prevedere.<\/p>\n<p>Siamo tutti chiamati, pur in un momento cos\u00ec delicato per la pace mondiale, a compiere un gesto, ad alzare la voce, per ricordare ai magistrati che decideranno su questa cruciale vicenda che Julian non si tocca, che nessuno ha mai creduto ai tentativi di diffamarlo o infangarlo con calunnie e accuse sulla sua onest\u00e0.<\/p>\n<p>La persecuzione a cui Assange \u00e8 sottoposto da molti anni \u00e8 un fenomeno che si ripete ogni volta che qualcuno prova a mettere in dubbio le verit\u00e0 che il potere istituzionale ci propina a ogni guerra, a ogni violazione dei Diritti Umani, ad ogni morte misteriosa di giornalisti, oppositori, dissidenti, a ogni protesta di popolo.<\/p>\n<p><strong>Quello che vedete qui \u00e8 il contributo del Festival del Cinema dei Diritti Umani di Napoli e del Comitato Free Assange Napoli a questa battaglia di civilt\u00e0.<\/strong><\/p>\n<p><iframe loading=\"lazy\" title=\"Spot di sostegno alla campagna Assange 2024\" width=\"500\" height=\"281\" src=\"https:\/\/www.youtube.com\/embed\/9IwzWFeRmEQ?feature=oembed\" frameborder=\"0\" allow=\"accelerometer; autoplay; clipboard-write; encrypted-media; gyroscope; picture-in-picture; web-share\" referrerpolicy=\"strict-origin-when-cross-origin\" allowfullscreen><\/iframe><\/p>\n<p>Julian Assange \u00e8 cittadino onorario di Napoli e noi lo aspettiamo qui, finalmente libero da ogni accusa.<\/p>\n<p>Per Julian, per la democrazia, per la libert\u00e0, contro ogni abuso di potere.<\/p>\n<p>Per partecipare alla campagna per Julian Assange, collegarsi alla pagina Facebook del comitato <a href=\"https:\/\/www.facebook.com\/profile.php?id=100088248402143\">Free Assange Napoli.<\/a><\/p>\n<p>&nbsp;<\/p>\n","protected":false},"excerpt":{"rendered":"<p>La vicenda di Julian\u00a0#Assange, uomo simbolo della libert\u00e0 di espressione e del diritto a una informazione indipendente, \u00e8 giunta al giro di boa. Tra pochi giorni, il 20 e 21 febbraio, un tribunale decider\u00e0 a Londra se estradare Julian\u00a0negli USA,&hellip;<\/p>\n","protected":false},"author":594,"featured_media":1709395,"comment_status":"closed","ping_status":"closed","sticky":false,"template":"","format":"standard","meta":{"footnotes":""},"categories":[107392,60,27065],"tags":[4645,2599,3500,1453],"class_list":["post-1796338","post","type-post","status-publish","format-standard","has-post-thumbnail","hentry","category-noticia-it","category-diritti-umani","category-video-it","tag-estradizione","tag-julian-assange-it","tag-regno-unito","tag-usa-it"],"yoast_head":"<!-- This site is optimized with the Yoast SEO plugin v27.1.1 - https:\/\/yoast.com\/product\/yoast-seo-wordpress\/ -->\n<title>Alziamo la voce per Julian Assange!<\/title>\n<meta name=\"description\" content=\"La vicenda di Julian\u00a0#Assange, uomo simbolo della libert\u00e0 di espressione e del diritto a una informazione indipendente, \u00e8 giunta al giro di boa. Tra pochi\" \/>\n<meta name=\"robots\" content=\"index, follow, max-snippet:-1, max-image-preview:large, max-video-preview:-1\" \/>\n<link rel=\"canonical\" href=\"https:\/\/www.pressenza.com\/it\/2024\/01\/alziamo-la-voce-per-julian-assange\/\" \/>\n<meta property=\"og:locale\" content=\"it_IT\" \/>\n<meta property=\"og:type\" content=\"article\" \/>\n<meta property=\"og:title\" content=\"Alziamo la voce per Julian Assange!\" \/>\n<meta property=\"og:description\" content=\"La vicenda di Julian\u00a0#Assange, uomo simbolo della libert\u00e0 di espressione e del diritto a una informazione indipendente, \u00e8 giunta al giro di boa. Tra pochi\" \/>\n<meta property=\"og:url\" content=\"https:\/\/www.pressenza.com\/it\/2024\/01\/alziamo-la-voce-per-julian-assange\/\" \/>\n<meta property=\"og:site_name\" content=\"Pressenza\" \/>\n<meta property=\"article:publisher\" content=\"https:\/\/www.facebook.com\/PressenzaItalia\" \/>\n<meta property=\"article:author\" content=\"https:\/\/www.facebook.com\/PressenzaItalia\" \/>\n<meta property=\"article:published_time\" content=\"2024-01-31T09:36:00+00:00\" \/>\n<meta property=\"og:image\" content=\"https:\/\/www.pressenza.com\/wp-content\/uploads\/2023\/01\/dont-extradite-Assange-striscione.jpg\" \/>\n\t<meta property=\"og:image:width\" content=\"1920\" \/>\n\t<meta property=\"og:image:height\" content=\"907\" \/>\n\t<meta property=\"og:image:type\" content=\"image\/jpeg\" \/>\n<meta name=\"author\" content=\"Redazione Italia\" \/>\n<meta name=\"twitter:card\" content=\"summary_large_image\" \/>\n<meta name=\"twitter:creator\" content=\"@pressenza_it\" \/>\n<meta name=\"twitter:site\" content=\"@PressenzaIPA\" \/>\n<meta name=\"twitter:label1\" content=\"Scritto da\" \/>\n\t<meta name=\"twitter:data1\" content=\"Redazione Italia\" \/>\n\t<meta name=\"twitter:label2\" content=\"Tempo di lettura stimato\" \/>\n\t<meta name=\"twitter:data2\" content=\"2 minuti\" \/>\n<script type=\"application\/ld+json\" class=\"yoast-schema-graph\">{\"@context\":\"https:\/\/schema.org\",\"@graph\":[{\"@type\":\"Article\",\"@id\":\"https:\/\/www.pressenza.com\/it\/2024\/01\/alziamo-la-voce-per-julian-assange\/#article\",\"isPartOf\":{\"@id\":\"https:\/\/www.pressenza.com\/it\/2024\/01\/alziamo-la-voce-per-julian-assange\/\"},\"author\":{\"name\":\"Redazione Italia\",\"@id\":\"https:\/\/www.pressenza.com\/it\/#\/schema\/person\/d983e81827ae24f2c7b1a2123d197f8d\"},\"headline\":\"Alziamo la voce per Julian Assange!\",\"datePublished\":\"2024-01-31T09:36:00+00:00\",\"mainEntityOfPage\":{\"@id\":\"https:\/\/www.pressenza.com\/it\/2024\/01\/alziamo-la-voce-per-julian-assange\/\"},\"wordCount\":237,\"publisher\":{\"@id\":\"https:\/\/www.pressenza.com\/it\/#organization\"},\"image\":{\"@id\":\"https:\/\/www.pressenza.com\/it\/2024\/01\/alziamo-la-voce-per-julian-assange\/#primaryimage\"},\"thumbnailUrl\":\"https:\/\/www.pressenza.com\/wp-content\/uploads\/2023\/01\/dont-extradite-Assange-striscione.jpg\",\"keywords\":[\"estradizione\",\"Julian Assange\",\"Regno Unito\",\"USA\"],\"articleSection\":[\"Cronaca\",\"Diritti Umani\",\"Video\"],\"inLanguage\":\"it-IT\"},{\"@type\":\"WebPage\",\"@id\":\"https:\/\/www.pressenza.com\/it\/2024\/01\/alziamo-la-voce-per-julian-assange\/\",\"url\":\"https:\/\/www.pressenza.com\/it\/2024\/01\/alziamo-la-voce-per-julian-assange\/\",\"name\":\"Alziamo la voce per Julian Assange!\",\"isPartOf\":{\"@id\":\"https:\/\/www.pressenza.com\/it\/#website\"},\"primaryImageOfPage\":{\"@id\":\"https:\/\/www.pressenza.com\/it\/2024\/01\/alziamo-la-voce-per-julian-assange\/#primaryimage\"},\"image\":{\"@id\":\"https:\/\/www.pressenza.com\/it\/2024\/01\/alziamo-la-voce-per-julian-assange\/#primaryimage\"},\"thumbnailUrl\":\"https:\/\/www.pressenza.com\/wp-content\/uploads\/2023\/01\/dont-extradite-Assange-striscione.jpg\",\"datePublished\":\"2024-01-31T09:36:00+00:00\",\"description\":\"La vicenda di Julian\u00a0#Assange, uomo simbolo della libert\u00e0 di espressione e del diritto a una informazione indipendente, \u00e8 giunta al giro di boa. Tra pochi\",\"breadcrumb\":{\"@id\":\"https:\/\/www.pressenza.com\/it\/2024\/01\/alziamo-la-voce-per-julian-assange\/#breadcrumb\"},\"inLanguage\":\"it-IT\",\"potentialAction\":[{\"@type\":\"ReadAction\",\"target\":[\"https:\/\/www.pressenza.com\/it\/2024\/01\/alziamo-la-voce-per-julian-assange\/\"]}]},{\"@type\":\"ImageObject\",\"inLanguage\":\"it-IT\",\"@id\":\"https:\/\/www.pressenza.com\/it\/2024\/01\/alziamo-la-voce-per-julian-assange\/#primaryimage\",\"url\":\"https:\/\/www.pressenza.com\/wp-content\/uploads\/2023\/01\/dont-extradite-Assange-striscione.jpg\",\"contentUrl\":\"https:\/\/www.pressenza.com\/wp-content\/uploads\/2023\/01\/dont-extradite-Assange-striscione.jpg\",\"width\":1920,\"height\":907},{\"@type\":\"BreadcrumbList\",\"@id\":\"https:\/\/www.pressenza.com\/it\/2024\/01\/alziamo-la-voce-per-julian-assange\/#breadcrumb\",\"itemListElement\":[{\"@type\":\"ListItem\",\"position\":1,\"name\":\"Accueil\",\"item\":\"https:\/\/www.pressenza.com\/it\/\"},{\"@type\":\"ListItem\",\"position\":2,\"name\":\"Alziamo la voce per Julian Assange!\"}]},{\"@type\":\"WebSite\",\"@id\":\"https:\/\/www.pressenza.com\/it\/#website\",\"url\":\"https:\/\/www.pressenza.com\/it\/\",\"name\":\"Pressenza\",\"description\":\"Agenzia di Stampa Internazionale\",\"publisher\":{\"@id\":\"https:\/\/www.pressenza.com\/it\/#organization\"},\"potentialAction\":[{\"@type\":\"SearchAction\",\"target\":{\"@type\":\"EntryPoint\",\"urlTemplate\":\"https:\/\/www.pressenza.com\/it\/?s={search_term_string}\"},\"query-input\":{\"@type\":\"PropertyValueSpecification\",\"valueRequired\":true,\"valueName\":\"search_term_string\"}}],\"inLanguage\":\"it-IT\"},{\"@type\":\"Organization\",\"@id\":\"https:\/\/www.pressenza.com\/it\/#organization\",\"name\":\"Pressenza\",\"url\":\"https:\/\/www.pressenza.com\/it\/\",\"logo\":{\"@type\":\"ImageObject\",\"inLanguage\":\"it-IT\",\"@id\":\"https:\/\/www.pressenza.com\/it\/#\/schema\/logo\/image\/\",\"url\":\"https:\/\/www.pressenza.com\/wp-content\/uploads\/2022\/10\/pressenza_logo_200x200.jpg\",\"contentUrl\":\"https:\/\/www.pressenza.com\/wp-content\/uploads\/2022\/10\/pressenza_logo_200x200.jpg\",\"width\":200,\"height\":200,\"caption\":\"Pressenza\"},\"image\":{\"@id\":\"https:\/\/www.pressenza.com\/it\/#\/schema\/logo\/image\/\"},\"sameAs\":[\"https:\/\/www.facebook.com\/PressenzaItalia\",\"https:\/\/x.com\/PressenzaIPA\"]},{\"@type\":\"Person\",\"@id\":\"https:\/\/www.pressenza.com\/it\/#\/schema\/person\/d983e81827ae24f2c7b1a2123d197f8d\",\"name\":\"Redazione Italia\",\"description\":\"News from the Pressenza Bureau in Italy\",\"sameAs\":[\"https:\/\/www.pressenza.com\/it\/author\/redazione-italia\/\",\"https:\/\/www.facebook.com\/PressenzaItalia\",\"https:\/\/www.instagram.com\/pressenza_italia\/\",\"https:\/\/x.com\/pressenza_it\",\"https:\/\/www.youtube.com\/channel\/UCSalEIWjE1RSxkwjfftFuqg\"],\"url\":\"https:\/\/www.pressenza.com\/it\/author\/redazione-italia\/\"}]}<\/script>\n<!-- \/ Yoast SEO plugin. -->","yoast_head_json":{"title":"Alziamo la voce per Julian Assange!","description":"La vicenda di Julian\u00a0#Assange, uomo simbolo della libert\u00e0 di espressione e del diritto a una informazione indipendente, \u00e8 giunta al giro di boa. Tra pochi","robots":{"index":"index","follow":"follow","max-snippet":"max-snippet:-1","max-image-preview":"max-image-preview:large","max-video-preview":"max-video-preview:-1"},"canonical":"https:\/\/www.pressenza.com\/it\/2024\/01\/alziamo-la-voce-per-julian-assange\/","og_locale":"it_IT","og_type":"article","og_title":"Alziamo la voce per Julian Assange!","og_description":"La vicenda di Julian\u00a0#Assange, uomo simbolo della libert\u00e0 di espressione e del diritto a una informazione indipendente, \u00e8 giunta al giro di boa. Tra pochi","og_url":"https:\/\/www.pressenza.com\/it\/2024\/01\/alziamo-la-voce-per-julian-assange\/","og_site_name":"Pressenza","article_publisher":"https:\/\/www.facebook.com\/PressenzaItalia","article_author":"https:\/\/www.facebook.com\/PressenzaItalia","article_published_time":"2024-01-31T09:36:00+00:00","og_image":[{"width":1920,"height":907,"url":"https:\/\/www.pressenza.com\/wp-content\/uploads\/2023\/01\/dont-extradite-Assange-striscione.jpg","type":"image\/jpeg"}],"author":"Redazione Italia","twitter_card":"summary_large_image","twitter_creator":"@pressenza_it","twitter_site":"@PressenzaIPA","twitter_misc":{"Scritto da":"Redazione Italia","Tempo di lettura stimato":"2 minuti"},"schema":{"@context":"https:\/\/schema.org","@graph":[{"@type":"Article","@id":"https:\/\/www.pressenza.com\/it\/2024\/01\/alziamo-la-voce-per-julian-assange\/#article","isPartOf":{"@id":"https:\/\/www.pressenza.com\/it\/2024\/01\/alziamo-la-voce-per-julian-assange\/"},"author":{"name":"Redazione Italia","@id":"https:\/\/www.pressenza.com\/it\/#\/schema\/person\/d983e81827ae24f2c7b1a2123d197f8d"},"headline":"Alziamo la voce per Julian Assange!","datePublished":"2024-01-31T09:36:00+00:00","mainEntityOfPage":{"@id":"https:\/\/www.pressenza.com\/it\/2024\/01\/alziamo-la-voce-per-julian-assange\/"},"wordCount":237,"publisher":{"@id":"https:\/\/www.pressenza.com\/it\/#organization"},"image":{"@id":"https:\/\/www.pressenza.com\/it\/2024\/01\/alziamo-la-voce-per-julian-assange\/#primaryimage"},"thumbnailUrl":"https:\/\/www.pressenza.com\/wp-content\/uploads\/2023\/01\/dont-extradite-Assange-striscione.jpg","keywords":["estradizione","Julian Assange","Regno Unito","USA"],"articleSection":["Cronaca","Diritti Umani","Video"],"inLanguage":"it-IT"},{"@type":"WebPage","@id":"https:\/\/www.pressenza.com\/it\/2024\/01\/alziamo-la-voce-per-julian-assange\/","url":"https:\/\/www.pressenza.com\/it\/2024\/01\/alziamo-la-voce-per-julian-assange\/","name":"Alziamo la voce per Julian Assange!","isPartOf":{"@id":"https:\/\/www.pressenza.com\/it\/#website"},"primaryImageOfPage":{"@id":"https:\/\/www.pressenza.com\/it\/2024\/01\/alziamo-la-voce-per-julian-assange\/#primaryimage"},"image":{"@id":"https:\/\/www.pressenza.com\/it\/2024\/01\/alziamo-la-voce-per-julian-assange\/#primaryimage"},"thumbnailUrl":"https:\/\/www.pressenza.com\/wp-content\/uploads\/2023\/01\/dont-extradite-Assange-striscione.jpg","datePublished":"2024-01-31T09:36:00+00:00","description":"La vicenda di Julian\u00a0#Assange, uomo simbolo della libert\u00e0 di espressione e del diritto a una informazione indipendente, \u00e8 giunta al giro di boa. Tra pochi","breadcrumb":{"@id":"https:\/\/www.pressenza.com\/it\/2024\/01\/alziamo-la-voce-per-julian-assange\/#breadcrumb"},"inLanguage":"it-IT","potentialAction":[{"@type":"ReadAction","target":["https:\/\/www.pressenza.com\/it\/2024\/01\/alziamo-la-voce-per-julian-assange\/"]}]},{"@type":"ImageObject","inLanguage":"it-IT","@id":"https:\/\/www.pressenza.com\/it\/2024\/01\/alziamo-la-voce-per-julian-assange\/#primaryimage","url":"https:\/\/www.pressenza.com\/wp-content\/uploads\/2023\/01\/dont-extradite-Assange-striscione.jpg","contentUrl":"https:\/\/www.pressenza.com\/wp-content\/uploads\/2023\/01\/dont-extradite-Assange-striscione.jpg","width":1920,"height":907},{"@type":"BreadcrumbList","@id":"https:\/\/www.pressenza.com\/it\/2024\/01\/alziamo-la-voce-per-julian-assange\/#breadcrumb","itemListElement":[{"@type":"ListItem","position":1,"name":"Accueil","item":"https:\/\/www.pressenza.com\/it\/"},{"@type":"ListItem","position":2,"name":"Alziamo la voce per Julian Assange!"}]},{"@type":"WebSite","@id":"https:\/\/www.pressenza.com\/it\/#website","url":"https:\/\/www.pressenza.com\/it\/","name":"Pressenza","description":"Agenzia di Stampa Internazionale","publisher":{"@id":"https:\/\/www.pressenza.com\/it\/#organization"},"potentialAction":[{"@type":"SearchAction","target":{"@type":"EntryPoint","urlTemplate":"https:\/\/www.pressenza.com\/it\/?s={search_term_string}"},"query-input":{"@type":"PropertyValueSpecification","valueRequired":true,"valueName":"search_term_string"}}],"inLanguage":"it-IT"},{"@type":"Organization","@id":"https:\/\/www.pressenza.com\/it\/#organization","name":"Pressenza","url":"https:\/\/www.pressenza.com\/it\/","logo":{"@type":"ImageObject","inLanguage":"it-IT","@id":"https:\/\/www.pressenza.com\/it\/#\/schema\/logo\/image\/","url":"https:\/\/www.pressenza.com\/wp-content\/uploads\/2022\/10\/pressenza_logo_200x200.jpg","contentUrl":"https:\/\/www.pressenza.com\/wp-content\/uploads\/2022\/10\/pressenza_logo_200x200.jpg","width":200,"height":200,"caption":"Pressenza"},"image":{"@id":"https:\/\/www.pressenza.com\/it\/#\/schema\/logo\/image\/"},"sameAs":["https:\/\/www.facebook.com\/PressenzaItalia","https:\/\/x.com\/PressenzaIPA"]},{"@type":"Person","@id":"https:\/\/www.pressenza.com\/it\/#\/schema\/person\/d983e81827ae24f2c7b1a2123d197f8d","name":"Redazione Italia","description":"News from the Pressenza Bureau in Italy","sameAs":["https:\/\/www.pressenza.com\/it\/author\/redazione-italia\/","https:\/\/www.facebook.com\/PressenzaItalia","https:\/\/www.instagram.com\/pressenza_italia\/","https:\/\/x.com\/pressenza_it","https:\/\/www.youtube.com\/channel\/UCSalEIWjE1RSxkwjfftFuqg"],"url":"https:\/\/www.pressenza.com\/it\/author\/redazione-italia\/"}]}},"place":"Festival del Cinema dei Diritti Umani di Napoli","original_article_url":"","_links":{"self":[{"href":"https:\/\/www.pressenza.com\/it\/wp-json\/wp\/v2\/posts\/1796338","targetHints":{"allow":["GET"]}}],"collection":[{"href":"https:\/\/www.pressenza.com\/it\/wp-json\/wp\/v2\/posts"}],"about":[{"href":"https:\/\/www.pressenza.com\/it\/wp-json\/wp\/v2\/types\/post"}],"author":[{"embeddable":true,"href":"https:\/\/www.pressenza.com\/it\/wp-json\/wp\/v2\/users\/594"}],"replies":[{"embeddable":true,"href":"https:\/\/www.pressenza.com\/it\/wp-json\/wp\/v2\/comments?post=1796338"}],"version-history":[{"count":0,"href":"https:\/\/www.pressenza.com\/it\/wp-json\/wp\/v2\/posts\/1796338\/revisions"}],"wp:featuredmedia":[{"embeddable":true,"href":"https:\/\/www.pressenza.com\/it\/wp-json\/wp\/v2\/media\/1709395"}],"wp:attachment":[{"href":"https:\/\/www.pressenza.com\/it\/wp-json\/wp\/v2\/media?parent=1796338"}],"wp:term":[{"taxonomy":"category","embeddable":true,"href":"https:\/\/www.pressenza.com\/it\/wp-json\/wp\/v2\/categories?post=1796338"},{"taxonomy":"post_tag","embeddable":true,"href":"https:\/\/www.pressenza.com\/it\/wp-json\/wp\/v2\/tags?post=1796338"}],"curies":[{"name":"wp","href":"https:\/\/api.w.org\/{rel}","templated":true}]}}