{"id":1795781,"date":"2024-01-29T10:53:26","date_gmt":"2024-01-29T10:53:26","guid":{"rendered":"https:\/\/www.pressenza.com\/?p=1795781"},"modified":"2024-01-29T11:20:17","modified_gmt":"2024-01-29T11:20:17","slug":"vincenzo-arte-cerchiamo-una-scuola-piu-a-misura-di-bambini-e-ragazzi-centrata-su-di-loro","status":"publish","type":"post","link":"https:\/\/www.pressenza.com\/it\/2024\/01\/vincenzo-arte-cerchiamo-una-scuola-piu-a-misura-di-bambini-e-ragazzi-centrata-su-di-loro\/","title":{"rendered":"Vincenzo Arte: cerchiamo una scuola pi\u00f9 a misura di bambini e ragazzi, centrata su di loro"},"content":{"rendered":"<p><em>Vincenzo Arte \u00e8 insegnante e autore del libro Crescere senza Voti e uno dei coordinatori del Movimento Scuole Senza Voto che \u00e8 stato messo in moto all&#8217;interno del progetto del Polo Europeo della conoscenza.<\/em><\/p>\n<p><strong>In una scuola che sembra tendere alla competitivit\u00e0, con un Ministero dell&#8217;Istruzione che diventa anche del merito il vostro modo di vedere le cose sembra controcorrente, ce lo vuoi spiegare?<\/strong><\/p>\n<p>S\u00ec, non \u00e8 la prima volta che mi sento un salmone, mi capita spesso di andare controcorrente, credo perch\u00e9 cerco di guardare la vita senza i paraocchi che la societ\u00e0, le tradizioni, i modelli culturali o le nostre stesse autodifese ci vorrebbero mettere. Non condivido l&#8217;impostazione selettiva che alcune scuole e alcuni docenti danno al proprio lavoro.<\/p>\n<p>Il punto \u00e8 che siamo in un mondo basato sulla competizione e sull&#8217;individualismo e invece mi piacerebbe un mondo cooperativo e solidale, in cui chi ha di pi\u00f9 aiuti chi \u00e8 pi\u00f9 in difficolt\u00e0. E rifiuto l&#8217;idea di scuola come luogo di sacrificio e sofferenza.<\/p>\n<p>Ritengo che almeno nella scuola dell&#8217;obbligo, se non fino ai 18 anni, i ragazzi debbano poter dare quello che possono senza essere giudicati giorno per giorno, senza essere trattati come dei numeri. Devono partecipare alle attivit\u00e0 scolastiche collaborando tra loro, impegnandosi nello studio, apprendendo in un clima il pi\u00f9 possibile sereno e libero. Se riuscissimo a far crescere una generazione di donne e uomini rispettosi ma liberi, colti ma creativi, forse loro potrebbero migliorare questo mondo malaticcio che ereditano da noi.<\/p>\n<p>Otto anni fa, insieme a delle care colleghe abbiamo iniziato ad applicare in un liceo metodologie didattiche che tanti ritenevano potessero essere valide solo per la scuola primaria o per la media inferiore. Il successo \u00e8 stato tale da far diventare il nostro un modello che oggi ispira istituti di ogni tipo.<\/p>\n<p><strong>Quali sono i principi fondanti che uniscono le varie realt\u00e0 che sperimentano questo metodo?<\/strong><\/p>\n<p>Cerchiamo una scuola pi\u00f9 a misura di bambini e ragazzi, centrata su di loro. Sono in fase evolutiva, stanno crescendo, si stanno formando nel senso che le loro persone stanno prendendo\u00a0 forma. Per essere ben guidati e accompagnati in questo processo c&#8217;\u00e8 bisogno che la scuola\u00a0 li accolga e si con-formi a loro e non viceversa. Ognuno di noi lo fa a modo suo ma su una cosa siamo pi\u00f9 o meno tutti d&#8217;accordo: durante un percorso, la valutazione deve essere formativa e i voti non lo sono. Quindi, semplicemente, non li usiamo.<\/p>\n<p><strong>Secondo voi quindi i voti a scuola non sono utili?<\/strong><\/p>\n<p>L&#8217;apprendimento ha ben poco a che fare col voto. Anzi. Normalmente il voto crea la cornice per un apprendimento inefficace, nel senso di poco duraturo, poco pervasivo, poco maturo. La didattica imperniata sul giudizio e sul voto incentiva lo studente a considerare primaria non la propria crescita culturale ma l&#8217;ottenimento del voto, per cui vengono messe in campo tutte le tecniche adatte allo scopo, inganni, sotterfugi, soprattutto nei compiti scritti, oppure lo studio matto e disperatissimo del giorno prima, che fa ottenere un voto decente ma \u00e8 troppo spesso accompagnato, entro una settimana, dalla totale rimozione delle nozioni memorizzate.<\/p>\n<p>Il voto, da mezzo per la didattica, diventa\u201dfine\u201d, scopo ultimo delle attivit\u00e0. Il docente \u00e8 soddisfatto quando ha il registro pieno di voti, l&#8217;alunno \u00e8 realizzato se ha preso il voto a cui puntava. Inoltre i voti sono divisivi, innescano confronti tra ragazzi, creano graduatorie e meccanismi competitivi deleteri per il gruppo classe e non hanno nulla di formativo, non dicono niente sull&#8217;andamento della prova, non fanno capire cosa sia stato fatto bene e cosa male, non fanno capire dove e perch\u00e9 si sia sbagliato, non danno suggerimenti per il futuro. Insomma, di ragioni per allontanare il nostro sistema scolastico dal mercimonio dei voti, ce ne sarebbero, anche se volessimo trascurare alcuni eccessi, come quelli del voto brandito come un&#8217;arma di ricatto da parte del docente o come quegli atteggiamenti di sudditanza, piaggeria, adulazione, servilismo cui alcuni alunni vengono indotti.<\/p>\n<p><strong>Ma i voti non sono obbligatori per legge?<\/strong><\/p>\n<p>La normativa parla chiaro: in pagella i voti ci devono essere perch\u00e9 l\u00ec il voto rappresenta la parte di valutazione sommativa, conclusiva. Ma durante l&#8217;anno, giorno per giorno, a scuola, la valutazione deve essere formativa, per cui nessuna norma pu\u00f2 obbligare i docenti ad utilizzare i numeri che, come dicevo prima, nulla hanno di formativo, e infatti nessuna norma lo fa.<\/p>\n<p><strong>Cosa sta facendo concretamente questo coordinamento?<\/strong><\/p>\n<p>Cominciano a essere tante le scuole che utilizzano la valutazione orientante, educativa, descrittiva, o come la si vuol chiamare, comunque una valutazione senza voti, quindi formativa. Di conseguenza stanno nascendo spontaneamente tanti coordinamenti locali oppure online ma bisognerebbe riuscire a mettersi tutti insieme. \u00c8 uno degli obiettivi, ci stiamo provando. E poi facciamo formazione per contagiare altri docenti e dirigenti. Per fortuna si stanno creando forti sinergie tra questo mondo di insegnanti di scuola e tanti docenti universitari delle facolt\u00e0 di pedagogia di tutta Italia che ci supportano e ci assistono nei progetti che realizziamo nelle scuole. Ma siamo agli inizi, non \u00e8 facile organizzarci, come insegnanti di scuola abbiamo gi\u00e0 un grande lavoro che ci occupa molto tempo.<\/p>\n<p><strong>Come questo movimento si relaziona e\/o collabora con le altre realt\u00e0 pedagogiche nonviolente e libertarie?<\/strong><\/p>\n<p>Come dicevo prima, siamo solo all&#8217;inizio di un percorso, per\u00f2 con alcuni siamo gi\u00e0 interconnessi: il &#8220;Coordinamento scuole senza voto&#8221;, nato grazie soprattutto a Ferdinando Ciani della &#8220;Pedagogia del gratuito&#8221; e Sonia Bacchi; il MCE, fondati sulla pedagogia Freinet ideata per la primaria ma che oggi ha gruppi di lavoro specifici anche per la secondaria di primo e secondo grado; il &#8220;Coordinamento per la valutazione educativa&#8221; promosso dal professor Corsini di RomaTre. Le realt\u00e0 in tutta Italia sono numerose, per fortuna, e bisognerebbe intercettarle per farne una mappatura e costitituire una rete finalizzata allo scambio di esperienze e formazione.<\/p>\n<p><strong>Come partecipare, formarsi, restare in contatto?<\/strong><\/p>\n<p>Per ora io e altri docenti stiamo girando su e gi\u00f9 l&#8217;italia per incontri formativi con colleghi e dirigenti, oltre a tenere corsi online. Con il professor Guido Benvenuto della Sapienza e con alcuni dei coordinamenti con cui siamo in contatto stiamo progettando delle attivit\u00e0 pi\u00f9 strutturate per il prossimo anno scolastico.<\/p>\n","protected":false},"excerpt":{"rendered":"<p>Vincenzo Arte \u00e8 insegnante e autore del libro Crescere senza Voti e uno dei coordinatori del Movimento Scuole Senza Voto che \u00e8 stato messo in moto all&#8217;interno del progetto del Polo Europeo della conoscenza. In una scuola che sembra tendere&hellip;<\/p>\n","protected":false},"author":10,"featured_media":1795892,"comment_status":"closed","ping_status":"closed","sticky":false,"template":"","format":"standard","meta":{"footnotes":""},"categories":[11388,1258],"tags":[2115,119642,119643,119644],"class_list":["post-1795781","post","type-post","status-publish","format-standard","has-post-thumbnail","hentry","category-contenuti-originali","category-educazione","tag-pedagogia","tag-scuola-senza-voti","tag-valutazione","tag-vincenzo-arte"],"yoast_head":"<!-- This site is optimized with the Yoast SEO plugin v27.1.1 - https:\/\/yoast.com\/product\/yoast-seo-wordpress\/ -->\n<title>Vincenzo Arte: cerchiamo una scuola pi\u00f9 a misura di bambini e ragazzi, centrata su di loro<\/title>\n<meta name=\"description\" content=\"Vincenzo Arte \u00e8 insegnante e autore del libro Crescere senza Voti e uno dei coordinatori del Movimento Scuole Senza Voto che \u00e8 stato messo in moto\" \/>\n<meta name=\"robots\" content=\"index, follow, max-snippet:-1, max-image-preview:large, max-video-preview:-1\" \/>\n<link rel=\"canonical\" href=\"https:\/\/www.pressenza.com\/it\/2024\/01\/vincenzo-arte-cerchiamo-una-scuola-piu-a-misura-di-bambini-e-ragazzi-centrata-su-di-loro\/\" \/>\n<meta property=\"og:locale\" content=\"it_IT\" \/>\n<meta property=\"og:type\" content=\"article\" \/>\n<meta property=\"og:title\" content=\"Vincenzo Arte: cerchiamo una scuola pi\u00f9 a misura di bambini e ragazzi, centrata su di loro\" \/>\n<meta property=\"og:description\" content=\"Vincenzo Arte \u00e8 insegnante e autore del libro Crescere senza Voti e uno dei coordinatori del Movimento Scuole Senza Voto che \u00e8 stato messo in moto\" \/>\n<meta property=\"og:url\" content=\"https:\/\/www.pressenza.com\/it\/2024\/01\/vincenzo-arte-cerchiamo-una-scuola-piu-a-misura-di-bambini-e-ragazzi-centrata-su-di-loro\/\" \/>\n<meta property=\"og:site_name\" content=\"Pressenza\" \/>\n<meta property=\"article:publisher\" content=\"https:\/\/www.facebook.com\/PressenzaItalia\" \/>\n<meta property=\"article:published_time\" content=\"2024-01-29T10:53:26+00:00\" \/>\n<meta property=\"article:modified_time\" content=\"2024-01-29T11:20:17+00:00\" \/>\n<meta property=\"og:image\" content=\"https:\/\/www.pressenza.com\/wp-content\/uploads\/2024\/01\/vincenzo-arte2.jpg\" \/>\n\t<meta property=\"og:image:width\" content=\"850\" \/>\n\t<meta property=\"og:image:height\" content=\"632\" \/>\n\t<meta property=\"og:image:type\" content=\"image\/jpeg\" \/>\n<meta name=\"author\" content=\"Olivier Turquet\" \/>\n<meta name=\"twitter:card\" content=\"summary_large_image\" \/>\n<meta name=\"twitter:creator\" content=\"@PressenzaIPA\" \/>\n<meta name=\"twitter:site\" content=\"@PressenzaIPA\" \/>\n<meta name=\"twitter:label1\" content=\"Scritto da\" \/>\n\t<meta name=\"twitter:data1\" content=\"Olivier Turquet\" \/>\n\t<meta name=\"twitter:label2\" content=\"Tempo di lettura stimato\" \/>\n\t<meta name=\"twitter:data2\" content=\"6 minuti\" \/>\n<script type=\"application\/ld+json\" class=\"yoast-schema-graph\">{\"@context\":\"https:\/\/schema.org\",\"@graph\":[{\"@type\":\"Article\",\"@id\":\"https:\/\/www.pressenza.com\/it\/2024\/01\/vincenzo-arte-cerchiamo-una-scuola-piu-a-misura-di-bambini-e-ragazzi-centrata-su-di-loro\/#article\",\"isPartOf\":{\"@id\":\"https:\/\/www.pressenza.com\/it\/2024\/01\/vincenzo-arte-cerchiamo-una-scuola-piu-a-misura-di-bambini-e-ragazzi-centrata-su-di-loro\/\"},\"author\":{\"name\":\"Olivier Turquet\",\"@id\":\"https:\/\/www.pressenza.com\/it\/#\/schema\/person\/636f8feb51f63f34e7378d5fcdd1de53\"},\"headline\":\"Vincenzo Arte: cerchiamo una scuola pi\u00f9 a misura di bambini e ragazzi, centrata su di loro\",\"datePublished\":\"2024-01-29T10:53:26+00:00\",\"dateModified\":\"2024-01-29T11:20:17+00:00\",\"mainEntityOfPage\":{\"@id\":\"https:\/\/www.pressenza.com\/it\/2024\/01\/vincenzo-arte-cerchiamo-una-scuola-piu-a-misura-di-bambini-e-ragazzi-centrata-su-di-loro\/\"},\"wordCount\":1042,\"publisher\":{\"@id\":\"https:\/\/www.pressenza.com\/it\/#organization\"},\"image\":{\"@id\":\"https:\/\/www.pressenza.com\/it\/2024\/01\/vincenzo-arte-cerchiamo-una-scuola-piu-a-misura-di-bambini-e-ragazzi-centrata-su-di-loro\/#primaryimage\"},\"thumbnailUrl\":\"https:\/\/www.pressenza.com\/wp-content\/uploads\/2024\/01\/vincenzo-arte2.jpg\",\"keywords\":[\"pedagogia\",\"scuola senza voti\",\"valutazione\",\"Vincenzo Arte\"],\"articleSection\":[\"contenuti originali\",\"Educazione\"],\"inLanguage\":\"it-IT\"},{\"@type\":\"WebPage\",\"@id\":\"https:\/\/www.pressenza.com\/it\/2024\/01\/vincenzo-arte-cerchiamo-una-scuola-piu-a-misura-di-bambini-e-ragazzi-centrata-su-di-loro\/\",\"url\":\"https:\/\/www.pressenza.com\/it\/2024\/01\/vincenzo-arte-cerchiamo-una-scuola-piu-a-misura-di-bambini-e-ragazzi-centrata-su-di-loro\/\",\"name\":\"Vincenzo Arte: cerchiamo una scuola pi\u00f9 a misura di bambini e ragazzi, centrata su di loro\",\"isPartOf\":{\"@id\":\"https:\/\/www.pressenza.com\/it\/#website\"},\"primaryImageOfPage\":{\"@id\":\"https:\/\/www.pressenza.com\/it\/2024\/01\/vincenzo-arte-cerchiamo-una-scuola-piu-a-misura-di-bambini-e-ragazzi-centrata-su-di-loro\/#primaryimage\"},\"image\":{\"@id\":\"https:\/\/www.pressenza.com\/it\/2024\/01\/vincenzo-arte-cerchiamo-una-scuola-piu-a-misura-di-bambini-e-ragazzi-centrata-su-di-loro\/#primaryimage\"},\"thumbnailUrl\":\"https:\/\/www.pressenza.com\/wp-content\/uploads\/2024\/01\/vincenzo-arte2.jpg\",\"datePublished\":\"2024-01-29T10:53:26+00:00\",\"dateModified\":\"2024-01-29T11:20:17+00:00\",\"description\":\"Vincenzo Arte \u00e8 insegnante e autore del libro Crescere senza Voti e uno dei coordinatori del Movimento Scuole Senza Voto che \u00e8 stato messo in moto\",\"breadcrumb\":{\"@id\":\"https:\/\/www.pressenza.com\/it\/2024\/01\/vincenzo-arte-cerchiamo-una-scuola-piu-a-misura-di-bambini-e-ragazzi-centrata-su-di-loro\/#breadcrumb\"},\"inLanguage\":\"it-IT\",\"potentialAction\":[{\"@type\":\"ReadAction\",\"target\":[\"https:\/\/www.pressenza.com\/it\/2024\/01\/vincenzo-arte-cerchiamo-una-scuola-piu-a-misura-di-bambini-e-ragazzi-centrata-su-di-loro\/\"]}]},{\"@type\":\"ImageObject\",\"inLanguage\":\"it-IT\",\"@id\":\"https:\/\/www.pressenza.com\/it\/2024\/01\/vincenzo-arte-cerchiamo-una-scuola-piu-a-misura-di-bambini-e-ragazzi-centrata-su-di-loro\/#primaryimage\",\"url\":\"https:\/\/www.pressenza.com\/wp-content\/uploads\/2024\/01\/vincenzo-arte2.jpg\",\"contentUrl\":\"https:\/\/www.pressenza.com\/wp-content\/uploads\/2024\/01\/vincenzo-arte2.jpg\",\"width\":850,\"height\":632},{\"@type\":\"BreadcrumbList\",\"@id\":\"https:\/\/www.pressenza.com\/it\/2024\/01\/vincenzo-arte-cerchiamo-una-scuola-piu-a-misura-di-bambini-e-ragazzi-centrata-su-di-loro\/#breadcrumb\",\"itemListElement\":[{\"@type\":\"ListItem\",\"position\":1,\"name\":\"Accueil\",\"item\":\"https:\/\/www.pressenza.com\/it\/\"},{\"@type\":\"ListItem\",\"position\":2,\"name\":\"Vincenzo Arte: cerchiamo una scuola pi\u00f9 a misura di bambini e ragazzi, centrata su di loro\"}]},{\"@type\":\"WebSite\",\"@id\":\"https:\/\/www.pressenza.com\/it\/#website\",\"url\":\"https:\/\/www.pressenza.com\/it\/\",\"name\":\"Pressenza\",\"description\":\"Agenzia di Stampa Internazionale\",\"publisher\":{\"@id\":\"https:\/\/www.pressenza.com\/it\/#organization\"},\"potentialAction\":[{\"@type\":\"SearchAction\",\"target\":{\"@type\":\"EntryPoint\",\"urlTemplate\":\"https:\/\/www.pressenza.com\/it\/?s={search_term_string}\"},\"query-input\":{\"@type\":\"PropertyValueSpecification\",\"valueRequired\":true,\"valueName\":\"search_term_string\"}}],\"inLanguage\":\"it-IT\"},{\"@type\":\"Organization\",\"@id\":\"https:\/\/www.pressenza.com\/it\/#organization\",\"name\":\"Pressenza\",\"url\":\"https:\/\/www.pressenza.com\/it\/\",\"logo\":{\"@type\":\"ImageObject\",\"inLanguage\":\"it-IT\",\"@id\":\"https:\/\/www.pressenza.com\/it\/#\/schema\/logo\/image\/\",\"url\":\"https:\/\/www.pressenza.com\/wp-content\/uploads\/2022\/10\/pressenza_logo_200x200.jpg\",\"contentUrl\":\"https:\/\/www.pressenza.com\/wp-content\/uploads\/2022\/10\/pressenza_logo_200x200.jpg\",\"width\":200,\"height\":200,\"caption\":\"Pressenza\"},\"image\":{\"@id\":\"https:\/\/www.pressenza.com\/it\/#\/schema\/logo\/image\/\"},\"sameAs\":[\"https:\/\/www.facebook.com\/PressenzaItalia\",\"https:\/\/x.com\/PressenzaIPA\"]},{\"@type\":\"Person\",\"@id\":\"https:\/\/www.pressenza.com\/it\/#\/schema\/person\/636f8feb51f63f34e7378d5fcdd1de53\",\"name\":\"Olivier Turquet\",\"description\":\"Takes care of writing to tell the reality for about 40 years. He has worked with paper publications, radio and electronic He founded the electronic news agency humanist Good News. He was press secretary to various events such as: the International Humanist, Florence Play, the World March for Peace and Nonviolence. Currently coordinates the Italian team of Pressenza. olivierturquet.wordpress.com\",\"sameAs\":[\"http:\/\/olivierturquet.wordpress.com\"],\"url\":\"https:\/\/www.pressenza.com\/it\/author\/olivier-turquet\/\"}]}<\/script>\n<!-- \/ Yoast SEO plugin. -->","yoast_head_json":{"title":"Vincenzo Arte: cerchiamo una scuola pi\u00f9 a misura di bambini e ragazzi, centrata su di loro","description":"Vincenzo Arte \u00e8 insegnante e autore del libro Crescere senza Voti e uno dei coordinatori del Movimento Scuole Senza Voto che \u00e8 stato messo in moto","robots":{"index":"index","follow":"follow","max-snippet":"max-snippet:-1","max-image-preview":"max-image-preview:large","max-video-preview":"max-video-preview:-1"},"canonical":"https:\/\/www.pressenza.com\/it\/2024\/01\/vincenzo-arte-cerchiamo-una-scuola-piu-a-misura-di-bambini-e-ragazzi-centrata-su-di-loro\/","og_locale":"it_IT","og_type":"article","og_title":"Vincenzo Arte: cerchiamo una scuola pi\u00f9 a misura di bambini e ragazzi, centrata su di loro","og_description":"Vincenzo Arte \u00e8 insegnante e autore del libro Crescere senza Voti e uno dei coordinatori del Movimento Scuole Senza Voto che \u00e8 stato messo in moto","og_url":"https:\/\/www.pressenza.com\/it\/2024\/01\/vincenzo-arte-cerchiamo-una-scuola-piu-a-misura-di-bambini-e-ragazzi-centrata-su-di-loro\/","og_site_name":"Pressenza","article_publisher":"https:\/\/www.facebook.com\/PressenzaItalia","article_published_time":"2024-01-29T10:53:26+00:00","article_modified_time":"2024-01-29T11:20:17+00:00","og_image":[{"width":850,"height":632,"url":"https:\/\/www.pressenza.com\/wp-content\/uploads\/2024\/01\/vincenzo-arte2.jpg","type":"image\/jpeg"}],"author":"Olivier Turquet","twitter_card":"summary_large_image","twitter_creator":"@PressenzaIPA","twitter_site":"@PressenzaIPA","twitter_misc":{"Scritto da":"Olivier Turquet","Tempo di lettura stimato":"6 minuti"},"schema":{"@context":"https:\/\/schema.org","@graph":[{"@type":"Article","@id":"https:\/\/www.pressenza.com\/it\/2024\/01\/vincenzo-arte-cerchiamo-una-scuola-piu-a-misura-di-bambini-e-ragazzi-centrata-su-di-loro\/#article","isPartOf":{"@id":"https:\/\/www.pressenza.com\/it\/2024\/01\/vincenzo-arte-cerchiamo-una-scuola-piu-a-misura-di-bambini-e-ragazzi-centrata-su-di-loro\/"},"author":{"name":"Olivier Turquet","@id":"https:\/\/www.pressenza.com\/it\/#\/schema\/person\/636f8feb51f63f34e7378d5fcdd1de53"},"headline":"Vincenzo Arte: cerchiamo una scuola pi\u00f9 a misura di bambini e ragazzi, centrata su di loro","datePublished":"2024-01-29T10:53:26+00:00","dateModified":"2024-01-29T11:20:17+00:00","mainEntityOfPage":{"@id":"https:\/\/www.pressenza.com\/it\/2024\/01\/vincenzo-arte-cerchiamo-una-scuola-piu-a-misura-di-bambini-e-ragazzi-centrata-su-di-loro\/"},"wordCount":1042,"publisher":{"@id":"https:\/\/www.pressenza.com\/it\/#organization"},"image":{"@id":"https:\/\/www.pressenza.com\/it\/2024\/01\/vincenzo-arte-cerchiamo-una-scuola-piu-a-misura-di-bambini-e-ragazzi-centrata-su-di-loro\/#primaryimage"},"thumbnailUrl":"https:\/\/www.pressenza.com\/wp-content\/uploads\/2024\/01\/vincenzo-arte2.jpg","keywords":["pedagogia","scuola senza voti","valutazione","Vincenzo Arte"],"articleSection":["contenuti originali","Educazione"],"inLanguage":"it-IT"},{"@type":"WebPage","@id":"https:\/\/www.pressenza.com\/it\/2024\/01\/vincenzo-arte-cerchiamo-una-scuola-piu-a-misura-di-bambini-e-ragazzi-centrata-su-di-loro\/","url":"https:\/\/www.pressenza.com\/it\/2024\/01\/vincenzo-arte-cerchiamo-una-scuola-piu-a-misura-di-bambini-e-ragazzi-centrata-su-di-loro\/","name":"Vincenzo Arte: cerchiamo una scuola pi\u00f9 a misura di bambini e ragazzi, centrata su di loro","isPartOf":{"@id":"https:\/\/www.pressenza.com\/it\/#website"},"primaryImageOfPage":{"@id":"https:\/\/www.pressenza.com\/it\/2024\/01\/vincenzo-arte-cerchiamo-una-scuola-piu-a-misura-di-bambini-e-ragazzi-centrata-su-di-loro\/#primaryimage"},"image":{"@id":"https:\/\/www.pressenza.com\/it\/2024\/01\/vincenzo-arte-cerchiamo-una-scuola-piu-a-misura-di-bambini-e-ragazzi-centrata-su-di-loro\/#primaryimage"},"thumbnailUrl":"https:\/\/www.pressenza.com\/wp-content\/uploads\/2024\/01\/vincenzo-arte2.jpg","datePublished":"2024-01-29T10:53:26+00:00","dateModified":"2024-01-29T11:20:17+00:00","description":"Vincenzo Arte \u00e8 insegnante e autore del libro Crescere senza Voti e uno dei coordinatori del Movimento Scuole Senza Voto che \u00e8 stato messo in moto","breadcrumb":{"@id":"https:\/\/www.pressenza.com\/it\/2024\/01\/vincenzo-arte-cerchiamo-una-scuola-piu-a-misura-di-bambini-e-ragazzi-centrata-su-di-loro\/#breadcrumb"},"inLanguage":"it-IT","potentialAction":[{"@type":"ReadAction","target":["https:\/\/www.pressenza.com\/it\/2024\/01\/vincenzo-arte-cerchiamo-una-scuola-piu-a-misura-di-bambini-e-ragazzi-centrata-su-di-loro\/"]}]},{"@type":"ImageObject","inLanguage":"it-IT","@id":"https:\/\/www.pressenza.com\/it\/2024\/01\/vincenzo-arte-cerchiamo-una-scuola-piu-a-misura-di-bambini-e-ragazzi-centrata-su-di-loro\/#primaryimage","url":"https:\/\/www.pressenza.com\/wp-content\/uploads\/2024\/01\/vincenzo-arte2.jpg","contentUrl":"https:\/\/www.pressenza.com\/wp-content\/uploads\/2024\/01\/vincenzo-arte2.jpg","width":850,"height":632},{"@type":"BreadcrumbList","@id":"https:\/\/www.pressenza.com\/it\/2024\/01\/vincenzo-arte-cerchiamo-una-scuola-piu-a-misura-di-bambini-e-ragazzi-centrata-su-di-loro\/#breadcrumb","itemListElement":[{"@type":"ListItem","position":1,"name":"Accueil","item":"https:\/\/www.pressenza.com\/it\/"},{"@type":"ListItem","position":2,"name":"Vincenzo Arte: cerchiamo una scuola pi\u00f9 a misura di bambini e ragazzi, centrata su di loro"}]},{"@type":"WebSite","@id":"https:\/\/www.pressenza.com\/it\/#website","url":"https:\/\/www.pressenza.com\/it\/","name":"Pressenza","description":"Agenzia di Stampa Internazionale","publisher":{"@id":"https:\/\/www.pressenza.com\/it\/#organization"},"potentialAction":[{"@type":"SearchAction","target":{"@type":"EntryPoint","urlTemplate":"https:\/\/www.pressenza.com\/it\/?s={search_term_string}"},"query-input":{"@type":"PropertyValueSpecification","valueRequired":true,"valueName":"search_term_string"}}],"inLanguage":"it-IT"},{"@type":"Organization","@id":"https:\/\/www.pressenza.com\/it\/#organization","name":"Pressenza","url":"https:\/\/www.pressenza.com\/it\/","logo":{"@type":"ImageObject","inLanguage":"it-IT","@id":"https:\/\/www.pressenza.com\/it\/#\/schema\/logo\/image\/","url":"https:\/\/www.pressenza.com\/wp-content\/uploads\/2022\/10\/pressenza_logo_200x200.jpg","contentUrl":"https:\/\/www.pressenza.com\/wp-content\/uploads\/2022\/10\/pressenza_logo_200x200.jpg","width":200,"height":200,"caption":"Pressenza"},"image":{"@id":"https:\/\/www.pressenza.com\/it\/#\/schema\/logo\/image\/"},"sameAs":["https:\/\/www.facebook.com\/PressenzaItalia","https:\/\/x.com\/PressenzaIPA"]},{"@type":"Person","@id":"https:\/\/www.pressenza.com\/it\/#\/schema\/person\/636f8feb51f63f34e7378d5fcdd1de53","name":"Olivier Turquet","description":"Takes care of writing to tell the reality for about 40 years. He has worked with paper publications, radio and electronic He founded the electronic news agency humanist Good News. He was press secretary to various events such as: the International Humanist, Florence Play, the World March for Peace and Nonviolence. Currently coordinates the Italian team of Pressenza. olivierturquet.wordpress.com","sameAs":["http:\/\/olivierturquet.wordpress.com"],"url":"https:\/\/www.pressenza.com\/it\/author\/olivier-turquet\/"}]}},"place":"","original_article_url":"","_links":{"self":[{"href":"https:\/\/www.pressenza.com\/it\/wp-json\/wp\/v2\/posts\/1795781","targetHints":{"allow":["GET"]}}],"collection":[{"href":"https:\/\/www.pressenza.com\/it\/wp-json\/wp\/v2\/posts"}],"about":[{"href":"https:\/\/www.pressenza.com\/it\/wp-json\/wp\/v2\/types\/post"}],"author":[{"embeddable":true,"href":"https:\/\/www.pressenza.com\/it\/wp-json\/wp\/v2\/users\/10"}],"replies":[{"embeddable":true,"href":"https:\/\/www.pressenza.com\/it\/wp-json\/wp\/v2\/comments?post=1795781"}],"version-history":[{"count":0,"href":"https:\/\/www.pressenza.com\/it\/wp-json\/wp\/v2\/posts\/1795781\/revisions"}],"wp:featuredmedia":[{"embeddable":true,"href":"https:\/\/www.pressenza.com\/it\/wp-json\/wp\/v2\/media\/1795892"}],"wp:attachment":[{"href":"https:\/\/www.pressenza.com\/it\/wp-json\/wp\/v2\/media?parent=1795781"}],"wp:term":[{"taxonomy":"category","embeddable":true,"href":"https:\/\/www.pressenza.com\/it\/wp-json\/wp\/v2\/categories?post=1795781"},{"taxonomy":"post_tag","embeddable":true,"href":"https:\/\/www.pressenza.com\/it\/wp-json\/wp\/v2\/tags?post=1795781"}],"curies":[{"name":"wp","href":"https:\/\/api.w.org\/{rel}","templated":true}]}}