{"id":1793977,"date":"2024-01-18T13:40:43","date_gmt":"2024-01-18T13:40:43","guid":{"rendered":"https:\/\/www.pressenza.com\/?p=1793977"},"modified":"2024-01-18T13:40:43","modified_gmt":"2024-01-18T13:40:43","slug":"amnesty-international-chiede-alleuropa-di-fermare-i-rimpatri-in-russia-di-rifugiati-e-richiedenti-asilo-del-caucaso-del-nord-rischiano-la-tortura","status":"publish","type":"post","link":"https:\/\/www.pressenza.com\/it\/2024\/01\/amnesty-international-chiede-alleuropa-di-fermare-i-rimpatri-in-russia-di-rifugiati-e-richiedenti-asilo-del-caucaso-del-nord-rischiano-la-tortura\/","title":{"rendered":"Amnesty International chiede all\u2019Europa di fermare i rimpatri in Russia di rifugiati e richiedenti asilo del Caucaso del Nord: \u201cRischiano la tortura\u201d"},"content":{"rendered":"<p class=\"xmprfx_xmsonormal\"><b><\/b><b><\/b>Amnesty International ha sollecitato gli stati europei a fermare immediatamente i trasferimenti di rifugiati e richiedenti asilo del Caucaso del Nord verso la Russia, a causa del rischio di subire maltrattamenti e torture e di essere costretti ad andare a combattere nella guerra di aggressione contro l\u2019Ucraina.<\/p>\n<p class=\"xmprfx_xmsonormal\">In una ricerca pubblicata oggi, dal titolo \u201c<a href=\"https:\/\/www.amnesty.org\/en\/documents\/EUR01\/7577\/2024\/en\/\" target=\"_blank\" rel=\"noopener noreferrer\">Europa: il punto di non ritorno<\/a>\u201d, l\u2019organizzazione per i diritti umani ha denunciato che alcuni stati europei &#8211; tra i quali Croazia, Francia, Germania, Polonia e Romania &#8211; hanno estradato o stanno cercando di estradare richiedenti asilo fuggiti dalla persecuzione nel Caucaso del Nord e in cerca di salvezza in Europa.<\/p>\n<p class=\"xmprfx_xmsonormal\">Si tratta di un diniego del diritto alla protezione internazionale. A causa della loro identit\u00e0 religiosa ed etnica &#8211; la maggior parte di queste persone sono musulmane, originarie prevalentemente della Cecenia, del Daghestan e dell\u2019Inguscezia &#8211; interi gruppi sono stati etichettati come \u201cpericolosi estremisti\u201d che mettono a rischio la sicurezza nazionale, giustificando in questo modo il loro ritorno in una regione dove i loro diritti sono in pericolo.<\/p>\n<p class=\"xmprfx_xmsonormal\">\u201c\u00c8 scandaloso che, nonostante abbiano dichiarato di aver sospeso ogni forma di cooperazione giudiziaria con la Russia, a seguito della sua invasione dell\u2019Ucraina, diversi stati europei stiano minacciando di rimandare persone nel Caucaso del Nord, esattamente nei luoghi dai quali erano fuggite a causa della persecuzione. Gli stati europei devono riconoscere che molte di queste persone, in caso di rimpatrio, rischierebbero arresti, rapimenti, maltrattamenti e torture, nonch\u00e9 l\u2019arruolamento forzato\u201d, ha dichiarato Nils Muiznieks, direttore di Amnesty International per l\u2019Europa.<\/p>\n<p class=\"xmprfx_xmsonormal\">\u201cLa situazione, per coloro che sono fuggiti dal Caucaso del Nord, \u00e8 drammaticamente peggiorata a causa del deterioramento della situazione dei diritti umani in Russia dopo l\u2019invasione dell\u2019Ucraina. Vanno incontro a torture, sparizioni forzate e detenzioni arbitrarie senza che nessuno sia chiamato a risponderne. Storicamente, negli stati europei, queste persone sono stigmatizzate e prese di mira con provvedimenti di espulsione e rimpatrio\u201d, ha aggiunto Muiznieks.<\/p>\n<p class=\"xmprfx_xmsonormal\">Nel Caucaso del Nord, soprattutto in Cecenia, la situazione dei diritti umani \u00e8 pessima. Chiunque esprima critiche, prenda parte ad attivit\u00e0 in favore dei diritti umani e appartenga o venga percepito come appartenente alla comunit\u00e0 Lgbtqia+, rischia di essere colpito e lo stesso accade ad amici e parenti.<\/p>\n<p class=\"xmprfx_xmsonormal\">Dall\u2019inizio dell\u2019invasione dell\u2019Ucraina, la situazione dei diritti umani in Russia \u00e8 ulteriormente peggiorata. I rischi di subire maltrattamenti e torture, gi\u00e0 ampiamente diffusi nei centri di detenzione prima dell\u2019invasione, sono aumentati e vi sono denunce attendibili che le minoranze etniche vengano arruolate in modo sproporzionato nelle forze armate. Chi rifiuta l\u2019arruolamento o cerca di fuggire pu\u00f2 andare incontro a gravi violazioni dei diritti umani.<\/p>\n<p class=\"xmprfx_xmsonormal\">\u201cTi catturano in strada e hai due opzioni: vai in galera per 10 anni o cerchi di fuggire. Nelle prigioni cecene, \u00e8 come se non esistessi pi\u00f9. Ma almeno puoi uscirne dopo 10 anni. Sempre meglio che essere arruolati, combattere e morire\u201d, ha dichiarato ad Amnesty International un richiedente asilo della Cecenia.<\/p>\n<p class=\"xmprfx_xmsonormal\">Il ritiro della Russia dalla Convenzione europea dei diritti umani e la repressione in atto contro gli osservatori indipendenti sulla situazione dei diritti umani hanno enormemente aumentato il rischio di violazioni e hanno privato le vittime di importanti possibilit\u00e0 di chiedere giustizia.<\/p>\n<p class=\"xmprfx_xmsonormal\">Molte persone fuggite dalla drammatica situazione dei diritti umani nel Caucaso del Nord rischiano ora l\u2019espulsione, l\u2019estradizione o il rimpatrio dagli stati europei, in violazione del principio di non respingimento, in un contesto di stigmatizzazione e discriminazione nei confronti di persone che sono per la maggior parte musulmane.<\/p>\n<p class=\"xmprfx_xmsonormal\">I rischi sono aumentati dopo gli attacchi di Hamas del 7 ottobre contro il sud d\u2019Israele e dopo i bombardamenti israeliani a Gaza e i sempre pi\u00f9 violenti attacchi, con arresti e uccisioni, contro i palestinesi della Cisgiordania occupata.<\/p>\n<p class=\"xmprfx_xmsonormal\">Il divieto di rimpatrio a fronte di rischi di subire maltrattamenti e torture \u00e8 assoluto e non prevede eccezioni, neanche in presenza di circostanze relative alla sicurezza nazionale. Le basi giuridiche su cui si fondano i trasferimenti in Russia sono spesso opache e generiche e includono prove segrete fornite dai servizi di sicurezza e accuse infondate provenienti dalla Russia e contenute negli \u201cavvisi rossi\u201d spiccati dall\u2019Interpol.<\/p>\n<p class=\"xmprfx_xmsonormal\">La Russia strumentalizza tali avvisi per prendere di mira oppositori politici, dissidenti, difensori dei diritti umani, giornalisti e loro parenti e colleghi. Alcuni stati europei accettano \u201cassicurazioni diplomatiche\u201d del tutto non credibili, in cui le autorit\u00e0 russe dichiarano che le persone del Caucaso del Nord, una volta rimpatriate, non saranno torturate.<\/p>\n<p class=\"xmprfx_xmsonormal\">Provenendo dalla Russia, dove la tortura \u00e8 endemica e il sistema di giustizia penale \u00e8 regolarmente strumentalizzato, tali \u201cassicurazioni\u201d rappresentano semplicemente il tentativo di aggirare gli obblighi degli stati di non inviare persone in luoghi dove potrebbero subire gravi violazioni dei diritti umani.<\/p>\n<p class=\"xmprfx_xmsonormal\">I rischi di espulsione dalla Francia sono aumentati dopo l\u2019uccisione di un insegnante nella citt\u00e0 di Arras, il 13 ottobre 2023, da parte di un uomo originario del Caucaso del Nord. Nei giorni successivi, il presidente francese Macron ha invocato un approccio \u201cspietato\u201d contro \u201cl\u2019estremismo\u201d, soprattutto nei confronti di \u201cuomini tra i 16 e i 25 anni del Caucaso\u201d.<\/p>\n<p class=\"xmprfx_xmsonormal\">Il presidente Macron ha inoltre autorizzato il suo ministro dell\u2019Interno, G\u00e9rald Darmanin, a negoziare con le autorit\u00e0 russe i possibili trasferimenti. Ne sono in programma almeno 11.<\/p>\n<p class=\"xmprfx_xmsonormal\">La Francia ha una lunga tradizione di cooperazione con la Russia riguardo al rimpatrio di ceceni sospettati di essere \u201cestremisti\u201d. Nel febbraio 2022 un giovane ceceno di nome Daoud Muradov, espulso dalla Francia in Russia nonostante evidenti prove che avrebbe rischiato di subire maltrattamenti e torture, \u00e8 morto in carcere in circostanze sospette. Le autorit\u00e0 francesi avevano anche fornito a quelle russe informazioni personali contenute nella domanda d\u2019asilo di Muradov, cos\u00ec come sui suoi familiari.<\/p>\n<p class=\"xmprfx_xmsonormal\">La Francia non \u00e8 la sola tra gli stati europei a mostrare l\u2019intenzione di violare il principio di non respingimento.<\/p>\n<p class=\"xmprfx_xmsonormal\">In Romania, nel marzo 2022, la richiedente asilo cecena Amina Gerikhanova \u00e8 stata arrestata per asserite ragioni di sicurezza nazionale, sulla base di un mandato di cattura dell\u2019Interpol emesso dalle autorit\u00e0 di Mosca. Era fuggita dall\u2019Ucraina un mese prima, dopo l\u2019invasione russa. La guardia di frontiera della Romania l\u2019aveva separata da suo figlio piccolo e l\u2019aveva posta in detenzione in attesa dell\u2019estradizione. Il procedimento era stato interrotto a causa delle proteste dell\u2019opinione pubblica e dopo che la Corte europea dei diritti umani aveva ordinato misure provvisorie. Alla fine, Amina Gerikhanova ha ottenuto asilo in Romania.<\/p>\n<p class=\"xmprfx_xmsonormal\">Magomed Zubagirov era fuggito dal Daghestan nel 2017 e si era stabilito in Ucraina con la moglie. Nel marzo 2022, a seguito dell\u2019invasione russa, era giunto al confine con la Polonia. Le autorit\u00e0 polacche gli avevano rifiutato l\u2019ingresso a causa di un \u201cavviso rosso\u201d dell\u2019Interpol emanato dalla Russia, dove \u00e8 poi stato rimpatriato.<\/p>\n<p class=\"xmprfx_xmsonormal\">\u201cDa anni i governi e le istituzioni europee ignorano o sminuiscono i gravi rischi cui va incontro chiunque venga rimpatriato nel Caucaso del Nord. Questi rischi sono ora ancora pi\u00f9 acuti ed \u00e8 incomprensibile usare il pretesto delle tensioni in Medio Oriente per giustificare il ritorno in Russia dei richiedenti asilo\u201d, ha sottolineato Muiznieks.<\/p>\n<p class=\"xmprfx_xmsonormal\">\u201cI governi europei devono fermare immediatamente tutti i trasferimenti in Russia di persone che rischiano di subire torture o altre violazioni dei diritti umani e riconoscere che tali rischi sono assai pi\u00f9 alti per le persone del Caucaso del Nord. L\u2019Europa deve valutare in modo corretto i loro bisogni di protezione, alla luce della pessima situazione dei diritti umani in Russia e della guerra in corso contro l\u2019Ucraina\u201d, ha concluso Muiznieks.<\/p>\n","protected":false},"excerpt":{"rendered":"<p>Amnesty International ha sollecitato gli stati europei a fermare immediatamente i trasferimenti di rifugiati e richiedenti asilo del Caucaso del Nord verso la Russia, a causa del rischio di subire maltrattamenti e torture e di essere costretti ad andare a&hellip;<\/p>\n","protected":false},"author":432,"featured_media":1793978,"comment_status":"closed","ping_status":"closed","sticky":false,"template":"","format":"standard","meta":{"footnotes":""},"categories":[150,60],"tags":[81461,43633,4645,2977,2804],"class_list":["post-1793977","post","type-post","status-publish","format-standard","has-post-thumbnail","hentry","category-comunicati-stampa","category-diritti-umani","tag-caucaso","tag-convenzione-europea-dei-diritti-umani","tag-estradizione","tag-prigionieri-politici","tag-russia-it"],"yoast_head":"<!-- This site is optimized with the Yoast SEO plugin v27.1.1 - https:\/\/yoast.com\/product\/yoast-seo-wordpress\/ -->\n<title>Amnesty International chiede all\u2019Europa di fermare i rimpatri in Russia di rifugiati e richiedenti asilo del Caucaso del Nord: \u201cRischiano la tortura\u201d<\/title>\n<meta name=\"description\" content=\"Amnesty International ha sollecitato gli stati europei a fermare immediatamente i trasferimenti di rifugiati e richiedenti asilo del Caucaso del Nord\" \/>\n<meta name=\"robots\" content=\"index, follow, max-snippet:-1, max-image-preview:large, max-video-preview:-1\" \/>\n<link rel=\"canonical\" href=\"https:\/\/www.pressenza.com\/it\/2024\/01\/amnesty-international-chiede-alleuropa-di-fermare-i-rimpatri-in-russia-di-rifugiati-e-richiedenti-asilo-del-caucaso-del-nord-rischiano-la-tortura\/\" \/>\n<meta property=\"og:locale\" content=\"it_IT\" \/>\n<meta property=\"og:type\" content=\"article\" \/>\n<meta property=\"og:title\" content=\"Amnesty International chiede all\u2019Europa di fermare i rimpatri in Russia di rifugiati e richiedenti asilo del Caucaso del Nord: \u201cRischiano la tortura\u201d\" \/>\n<meta property=\"og:description\" content=\"Amnesty International ha sollecitato gli stati europei a fermare immediatamente i trasferimenti di rifugiati e richiedenti asilo del Caucaso del Nord\" \/>\n<meta property=\"og:url\" content=\"https:\/\/www.pressenza.com\/it\/2024\/01\/amnesty-international-chiede-alleuropa-di-fermare-i-rimpatri-in-russia-di-rifugiati-e-richiedenti-asilo-del-caucaso-del-nord-rischiano-la-tortura\/\" \/>\n<meta property=\"og:site_name\" content=\"Pressenza\" \/>\n<meta property=\"article:publisher\" content=\"https:\/\/www.facebook.com\/PressenzaItalia\" \/>\n<meta property=\"article:author\" content=\"https:\/\/www.facebook.com\/amnestyglobal\" \/>\n<meta property=\"article:published_time\" content=\"2024-01-18T13:40:43+00:00\" \/>\n<meta property=\"og:image\" content=\"https:\/\/www.pressenza.com\/wp-content\/uploads\/2024\/01\/stop-deportation-amnesty-international.jpg\" \/>\n\t<meta property=\"og:image:width\" content=\"573\" \/>\n\t<meta property=\"og:image:height\" content=\"430\" \/>\n\t<meta property=\"og:image:type\" content=\"image\/jpeg\" \/>\n<meta name=\"author\" content=\"Amnesty International\" \/>\n<meta name=\"twitter:card\" content=\"summary_large_image\" \/>\n<meta name=\"twitter:creator\" content=\"@amnesty\" \/>\n<meta name=\"twitter:site\" content=\"@PressenzaIPA\" \/>\n<meta name=\"twitter:label1\" content=\"Scritto da\" \/>\n\t<meta name=\"twitter:data1\" content=\"Amnesty International\" \/>\n\t<meta name=\"twitter:label2\" content=\"Tempo di lettura stimato\" \/>\n\t<meta name=\"twitter:data2\" content=\"7 minuti\" \/>\n<script type=\"application\/ld+json\" class=\"yoast-schema-graph\">{\"@context\":\"https:\/\/schema.org\",\"@graph\":[{\"@type\":\"Article\",\"@id\":\"https:\/\/www.pressenza.com\/it\/2024\/01\/amnesty-international-chiede-alleuropa-di-fermare-i-rimpatri-in-russia-di-rifugiati-e-richiedenti-asilo-del-caucaso-del-nord-rischiano-la-tortura\/#article\",\"isPartOf\":{\"@id\":\"https:\/\/www.pressenza.com\/it\/2024\/01\/amnesty-international-chiede-alleuropa-di-fermare-i-rimpatri-in-russia-di-rifugiati-e-richiedenti-asilo-del-caucaso-del-nord-rischiano-la-tortura\/\"},\"author\":{\"name\":\"Amnesty International\",\"@id\":\"https:\/\/www.pressenza.com\/it\/#\/schema\/person\/9b981b05c7ecf09292e6acb3223b2d9d\"},\"headline\":\"Amnesty International chiede all\u2019Europa di fermare i rimpatri in Russia di rifugiati e richiedenti asilo del Caucaso del Nord: \u201cRischiano la tortura\u201d\",\"datePublished\":\"2024-01-18T13:40:43+00:00\",\"mainEntityOfPage\":{\"@id\":\"https:\/\/www.pressenza.com\/it\/2024\/01\/amnesty-international-chiede-alleuropa-di-fermare-i-rimpatri-in-russia-di-rifugiati-e-richiedenti-asilo-del-caucaso-del-nord-rischiano-la-tortura\/\"},\"wordCount\":1257,\"publisher\":{\"@id\":\"https:\/\/www.pressenza.com\/it\/#organization\"},\"image\":{\"@id\":\"https:\/\/www.pressenza.com\/it\/2024\/01\/amnesty-international-chiede-alleuropa-di-fermare-i-rimpatri-in-russia-di-rifugiati-e-richiedenti-asilo-del-caucaso-del-nord-rischiano-la-tortura\/#primaryimage\"},\"thumbnailUrl\":\"https:\/\/www.pressenza.com\/wp-content\/uploads\/2024\/01\/stop-deportation-amnesty-international.jpg\",\"keywords\":[\"Caucaso\",\"Convenzione Europea dei Diritti Umani\",\"estradizione\",\"prigionieri politici\",\"Russia\"],\"articleSection\":[\"Comunicati Stampa\",\"Diritti Umani\"],\"inLanguage\":\"it-IT\"},{\"@type\":\"WebPage\",\"@id\":\"https:\/\/www.pressenza.com\/it\/2024\/01\/amnesty-international-chiede-alleuropa-di-fermare-i-rimpatri-in-russia-di-rifugiati-e-richiedenti-asilo-del-caucaso-del-nord-rischiano-la-tortura\/\",\"url\":\"https:\/\/www.pressenza.com\/it\/2024\/01\/amnesty-international-chiede-alleuropa-di-fermare-i-rimpatri-in-russia-di-rifugiati-e-richiedenti-asilo-del-caucaso-del-nord-rischiano-la-tortura\/\",\"name\":\"Amnesty International chiede all\u2019Europa di fermare i rimpatri in Russia di rifugiati e richiedenti asilo del Caucaso del Nord: \u201cRischiano la tortura\u201d\",\"isPartOf\":{\"@id\":\"https:\/\/www.pressenza.com\/it\/#website\"},\"primaryImageOfPage\":{\"@id\":\"https:\/\/www.pressenza.com\/it\/2024\/01\/amnesty-international-chiede-alleuropa-di-fermare-i-rimpatri-in-russia-di-rifugiati-e-richiedenti-asilo-del-caucaso-del-nord-rischiano-la-tortura\/#primaryimage\"},\"image\":{\"@id\":\"https:\/\/www.pressenza.com\/it\/2024\/01\/amnesty-international-chiede-alleuropa-di-fermare-i-rimpatri-in-russia-di-rifugiati-e-richiedenti-asilo-del-caucaso-del-nord-rischiano-la-tortura\/#primaryimage\"},\"thumbnailUrl\":\"https:\/\/www.pressenza.com\/wp-content\/uploads\/2024\/01\/stop-deportation-amnesty-international.jpg\",\"datePublished\":\"2024-01-18T13:40:43+00:00\",\"description\":\"Amnesty International ha sollecitato gli stati europei a fermare immediatamente i trasferimenti di rifugiati e richiedenti asilo del Caucaso del Nord\",\"breadcrumb\":{\"@id\":\"https:\/\/www.pressenza.com\/it\/2024\/01\/amnesty-international-chiede-alleuropa-di-fermare-i-rimpatri-in-russia-di-rifugiati-e-richiedenti-asilo-del-caucaso-del-nord-rischiano-la-tortura\/#breadcrumb\"},\"inLanguage\":\"it-IT\",\"potentialAction\":[{\"@type\":\"ReadAction\",\"target\":[\"https:\/\/www.pressenza.com\/it\/2024\/01\/amnesty-international-chiede-alleuropa-di-fermare-i-rimpatri-in-russia-di-rifugiati-e-richiedenti-asilo-del-caucaso-del-nord-rischiano-la-tortura\/\"]}]},{\"@type\":\"ImageObject\",\"inLanguage\":\"it-IT\",\"@id\":\"https:\/\/www.pressenza.com\/it\/2024\/01\/amnesty-international-chiede-alleuropa-di-fermare-i-rimpatri-in-russia-di-rifugiati-e-richiedenti-asilo-del-caucaso-del-nord-rischiano-la-tortura\/#primaryimage\",\"url\":\"https:\/\/www.pressenza.com\/wp-content\/uploads\/2024\/01\/stop-deportation-amnesty-international.jpg\",\"contentUrl\":\"https:\/\/www.pressenza.com\/wp-content\/uploads\/2024\/01\/stop-deportation-amnesty-international.jpg\",\"width\":573,\"height\":430},{\"@type\":\"BreadcrumbList\",\"@id\":\"https:\/\/www.pressenza.com\/it\/2024\/01\/amnesty-international-chiede-alleuropa-di-fermare-i-rimpatri-in-russia-di-rifugiati-e-richiedenti-asilo-del-caucaso-del-nord-rischiano-la-tortura\/#breadcrumb\",\"itemListElement\":[{\"@type\":\"ListItem\",\"position\":1,\"name\":\"Accueil\",\"item\":\"https:\/\/www.pressenza.com\/it\/\"},{\"@type\":\"ListItem\",\"position\":2,\"name\":\"Amnesty International chiede all\u2019Europa di fermare i rimpatri in Russia di rifugiati e richiedenti asilo del Caucaso del Nord: \u201cRischiano la tortura\u201d\"}]},{\"@type\":\"WebSite\",\"@id\":\"https:\/\/www.pressenza.com\/it\/#website\",\"url\":\"https:\/\/www.pressenza.com\/it\/\",\"name\":\"Pressenza\",\"description\":\"Agenzia di Stampa Internazionale\",\"publisher\":{\"@id\":\"https:\/\/www.pressenza.com\/it\/#organization\"},\"potentialAction\":[{\"@type\":\"SearchAction\",\"target\":{\"@type\":\"EntryPoint\",\"urlTemplate\":\"https:\/\/www.pressenza.com\/it\/?s={search_term_string}\"},\"query-input\":{\"@type\":\"PropertyValueSpecification\",\"valueRequired\":true,\"valueName\":\"search_term_string\"}}],\"inLanguage\":\"it-IT\"},{\"@type\":\"Organization\",\"@id\":\"https:\/\/www.pressenza.com\/it\/#organization\",\"name\":\"Pressenza\",\"url\":\"https:\/\/www.pressenza.com\/it\/\",\"logo\":{\"@type\":\"ImageObject\",\"inLanguage\":\"it-IT\",\"@id\":\"https:\/\/www.pressenza.com\/it\/#\/schema\/logo\/image\/\",\"url\":\"https:\/\/www.pressenza.com\/wp-content\/uploads\/2022\/10\/pressenza_logo_200x200.jpg\",\"contentUrl\":\"https:\/\/www.pressenza.com\/wp-content\/uploads\/2022\/10\/pressenza_logo_200x200.jpg\",\"width\":200,\"height\":200,\"caption\":\"Pressenza\"},\"image\":{\"@id\":\"https:\/\/www.pressenza.com\/it\/#\/schema\/logo\/image\/\"},\"sameAs\":[\"https:\/\/www.facebook.com\/PressenzaItalia\",\"https:\/\/x.com\/PressenzaIPA\"]},{\"@type\":\"Person\",\"@id\":\"https:\/\/www.pressenza.com\/it\/#\/schema\/person\/9b981b05c7ecf09292e6acb3223b2d9d\",\"name\":\"Amnesty International\",\"description\":\"Amnesty International is a global movement of more than 3 million supporters, members and activists in over 150 countries and territories who campaign to end grave abuses of human rights. Our vision is for every person to enjoy all the rights enshrined in the Universal Declaration of Human Rights and other international human rights standards. www.amnesty.org\",\"sameAs\":[\"http:\/\/www.amnesty.it\",\"https:\/\/www.facebook.com\/amnestyglobal\",\"https:\/\/x.com\/amnesty\"],\"url\":\"https:\/\/www.pressenza.com\/it\/author\/amnesty-international\/\"}]}<\/script>\n<!-- \/ Yoast SEO plugin. -->","yoast_head_json":{"title":"Amnesty International chiede all\u2019Europa di fermare i rimpatri in Russia di rifugiati e richiedenti asilo del Caucaso del Nord: \u201cRischiano la tortura\u201d","description":"Amnesty International ha sollecitato gli stati europei a fermare immediatamente i trasferimenti di rifugiati e richiedenti asilo del Caucaso del Nord","robots":{"index":"index","follow":"follow","max-snippet":"max-snippet:-1","max-image-preview":"max-image-preview:large","max-video-preview":"max-video-preview:-1"},"canonical":"https:\/\/www.pressenza.com\/it\/2024\/01\/amnesty-international-chiede-alleuropa-di-fermare-i-rimpatri-in-russia-di-rifugiati-e-richiedenti-asilo-del-caucaso-del-nord-rischiano-la-tortura\/","og_locale":"it_IT","og_type":"article","og_title":"Amnesty International chiede all\u2019Europa di fermare i rimpatri in Russia di rifugiati e richiedenti asilo del Caucaso del Nord: \u201cRischiano la tortura\u201d","og_description":"Amnesty International ha sollecitato gli stati europei a fermare immediatamente i trasferimenti di rifugiati e richiedenti asilo del Caucaso del Nord","og_url":"https:\/\/www.pressenza.com\/it\/2024\/01\/amnesty-international-chiede-alleuropa-di-fermare-i-rimpatri-in-russia-di-rifugiati-e-richiedenti-asilo-del-caucaso-del-nord-rischiano-la-tortura\/","og_site_name":"Pressenza","article_publisher":"https:\/\/www.facebook.com\/PressenzaItalia","article_author":"https:\/\/www.facebook.com\/amnestyglobal","article_published_time":"2024-01-18T13:40:43+00:00","og_image":[{"width":573,"height":430,"url":"https:\/\/www.pressenza.com\/wp-content\/uploads\/2024\/01\/stop-deportation-amnesty-international.jpg","type":"image\/jpeg"}],"author":"Amnesty International","twitter_card":"summary_large_image","twitter_creator":"@amnesty","twitter_site":"@PressenzaIPA","twitter_misc":{"Scritto da":"Amnesty International","Tempo di lettura stimato":"7 minuti"},"schema":{"@context":"https:\/\/schema.org","@graph":[{"@type":"Article","@id":"https:\/\/www.pressenza.com\/it\/2024\/01\/amnesty-international-chiede-alleuropa-di-fermare-i-rimpatri-in-russia-di-rifugiati-e-richiedenti-asilo-del-caucaso-del-nord-rischiano-la-tortura\/#article","isPartOf":{"@id":"https:\/\/www.pressenza.com\/it\/2024\/01\/amnesty-international-chiede-alleuropa-di-fermare-i-rimpatri-in-russia-di-rifugiati-e-richiedenti-asilo-del-caucaso-del-nord-rischiano-la-tortura\/"},"author":{"name":"Amnesty International","@id":"https:\/\/www.pressenza.com\/it\/#\/schema\/person\/9b981b05c7ecf09292e6acb3223b2d9d"},"headline":"Amnesty International chiede all\u2019Europa di fermare i rimpatri in Russia di rifugiati e richiedenti asilo del Caucaso del Nord: \u201cRischiano la tortura\u201d","datePublished":"2024-01-18T13:40:43+00:00","mainEntityOfPage":{"@id":"https:\/\/www.pressenza.com\/it\/2024\/01\/amnesty-international-chiede-alleuropa-di-fermare-i-rimpatri-in-russia-di-rifugiati-e-richiedenti-asilo-del-caucaso-del-nord-rischiano-la-tortura\/"},"wordCount":1257,"publisher":{"@id":"https:\/\/www.pressenza.com\/it\/#organization"},"image":{"@id":"https:\/\/www.pressenza.com\/it\/2024\/01\/amnesty-international-chiede-alleuropa-di-fermare-i-rimpatri-in-russia-di-rifugiati-e-richiedenti-asilo-del-caucaso-del-nord-rischiano-la-tortura\/#primaryimage"},"thumbnailUrl":"https:\/\/www.pressenza.com\/wp-content\/uploads\/2024\/01\/stop-deportation-amnesty-international.jpg","keywords":["Caucaso","Convenzione Europea dei Diritti Umani","estradizione","prigionieri politici","Russia"],"articleSection":["Comunicati Stampa","Diritti Umani"],"inLanguage":"it-IT"},{"@type":"WebPage","@id":"https:\/\/www.pressenza.com\/it\/2024\/01\/amnesty-international-chiede-alleuropa-di-fermare-i-rimpatri-in-russia-di-rifugiati-e-richiedenti-asilo-del-caucaso-del-nord-rischiano-la-tortura\/","url":"https:\/\/www.pressenza.com\/it\/2024\/01\/amnesty-international-chiede-alleuropa-di-fermare-i-rimpatri-in-russia-di-rifugiati-e-richiedenti-asilo-del-caucaso-del-nord-rischiano-la-tortura\/","name":"Amnesty International chiede all\u2019Europa di fermare i rimpatri in Russia di rifugiati e richiedenti asilo del Caucaso del Nord: \u201cRischiano la tortura\u201d","isPartOf":{"@id":"https:\/\/www.pressenza.com\/it\/#website"},"primaryImageOfPage":{"@id":"https:\/\/www.pressenza.com\/it\/2024\/01\/amnesty-international-chiede-alleuropa-di-fermare-i-rimpatri-in-russia-di-rifugiati-e-richiedenti-asilo-del-caucaso-del-nord-rischiano-la-tortura\/#primaryimage"},"image":{"@id":"https:\/\/www.pressenza.com\/it\/2024\/01\/amnesty-international-chiede-alleuropa-di-fermare-i-rimpatri-in-russia-di-rifugiati-e-richiedenti-asilo-del-caucaso-del-nord-rischiano-la-tortura\/#primaryimage"},"thumbnailUrl":"https:\/\/www.pressenza.com\/wp-content\/uploads\/2024\/01\/stop-deportation-amnesty-international.jpg","datePublished":"2024-01-18T13:40:43+00:00","description":"Amnesty International ha sollecitato gli stati europei a fermare immediatamente i trasferimenti di rifugiati e richiedenti asilo del Caucaso del Nord","breadcrumb":{"@id":"https:\/\/www.pressenza.com\/it\/2024\/01\/amnesty-international-chiede-alleuropa-di-fermare-i-rimpatri-in-russia-di-rifugiati-e-richiedenti-asilo-del-caucaso-del-nord-rischiano-la-tortura\/#breadcrumb"},"inLanguage":"it-IT","potentialAction":[{"@type":"ReadAction","target":["https:\/\/www.pressenza.com\/it\/2024\/01\/amnesty-international-chiede-alleuropa-di-fermare-i-rimpatri-in-russia-di-rifugiati-e-richiedenti-asilo-del-caucaso-del-nord-rischiano-la-tortura\/"]}]},{"@type":"ImageObject","inLanguage":"it-IT","@id":"https:\/\/www.pressenza.com\/it\/2024\/01\/amnesty-international-chiede-alleuropa-di-fermare-i-rimpatri-in-russia-di-rifugiati-e-richiedenti-asilo-del-caucaso-del-nord-rischiano-la-tortura\/#primaryimage","url":"https:\/\/www.pressenza.com\/wp-content\/uploads\/2024\/01\/stop-deportation-amnesty-international.jpg","contentUrl":"https:\/\/www.pressenza.com\/wp-content\/uploads\/2024\/01\/stop-deportation-amnesty-international.jpg","width":573,"height":430},{"@type":"BreadcrumbList","@id":"https:\/\/www.pressenza.com\/it\/2024\/01\/amnesty-international-chiede-alleuropa-di-fermare-i-rimpatri-in-russia-di-rifugiati-e-richiedenti-asilo-del-caucaso-del-nord-rischiano-la-tortura\/#breadcrumb","itemListElement":[{"@type":"ListItem","position":1,"name":"Accueil","item":"https:\/\/www.pressenza.com\/it\/"},{"@type":"ListItem","position":2,"name":"Amnesty International chiede all\u2019Europa di fermare i rimpatri in Russia di rifugiati e richiedenti asilo del Caucaso del Nord: \u201cRischiano la tortura\u201d"}]},{"@type":"WebSite","@id":"https:\/\/www.pressenza.com\/it\/#website","url":"https:\/\/www.pressenza.com\/it\/","name":"Pressenza","description":"Agenzia di Stampa Internazionale","publisher":{"@id":"https:\/\/www.pressenza.com\/it\/#organization"},"potentialAction":[{"@type":"SearchAction","target":{"@type":"EntryPoint","urlTemplate":"https:\/\/www.pressenza.com\/it\/?s={search_term_string}"},"query-input":{"@type":"PropertyValueSpecification","valueRequired":true,"valueName":"search_term_string"}}],"inLanguage":"it-IT"},{"@type":"Organization","@id":"https:\/\/www.pressenza.com\/it\/#organization","name":"Pressenza","url":"https:\/\/www.pressenza.com\/it\/","logo":{"@type":"ImageObject","inLanguage":"it-IT","@id":"https:\/\/www.pressenza.com\/it\/#\/schema\/logo\/image\/","url":"https:\/\/www.pressenza.com\/wp-content\/uploads\/2022\/10\/pressenza_logo_200x200.jpg","contentUrl":"https:\/\/www.pressenza.com\/wp-content\/uploads\/2022\/10\/pressenza_logo_200x200.jpg","width":200,"height":200,"caption":"Pressenza"},"image":{"@id":"https:\/\/www.pressenza.com\/it\/#\/schema\/logo\/image\/"},"sameAs":["https:\/\/www.facebook.com\/PressenzaItalia","https:\/\/x.com\/PressenzaIPA"]},{"@type":"Person","@id":"https:\/\/www.pressenza.com\/it\/#\/schema\/person\/9b981b05c7ecf09292e6acb3223b2d9d","name":"Amnesty International","description":"Amnesty International is a global movement of more than 3 million supporters, members and activists in over 150 countries and territories who campaign to end grave abuses of human rights. Our vision is for every person to enjoy all the rights enshrined in the Universal Declaration of Human Rights and other international human rights standards. www.amnesty.org","sameAs":["http:\/\/www.amnesty.it","https:\/\/www.facebook.com\/amnestyglobal","https:\/\/x.com\/amnesty"],"url":"https:\/\/www.pressenza.com\/it\/author\/amnesty-international\/"}]}},"place":"","original_article_url":"","_links":{"self":[{"href":"https:\/\/www.pressenza.com\/it\/wp-json\/wp\/v2\/posts\/1793977","targetHints":{"allow":["GET"]}}],"collection":[{"href":"https:\/\/www.pressenza.com\/it\/wp-json\/wp\/v2\/posts"}],"about":[{"href":"https:\/\/www.pressenza.com\/it\/wp-json\/wp\/v2\/types\/post"}],"author":[{"embeddable":true,"href":"https:\/\/www.pressenza.com\/it\/wp-json\/wp\/v2\/users\/432"}],"replies":[{"embeddable":true,"href":"https:\/\/www.pressenza.com\/it\/wp-json\/wp\/v2\/comments?post=1793977"}],"version-history":[{"count":0,"href":"https:\/\/www.pressenza.com\/it\/wp-json\/wp\/v2\/posts\/1793977\/revisions"}],"wp:featuredmedia":[{"embeddable":true,"href":"https:\/\/www.pressenza.com\/it\/wp-json\/wp\/v2\/media\/1793978"}],"wp:attachment":[{"href":"https:\/\/www.pressenza.com\/it\/wp-json\/wp\/v2\/media?parent=1793977"}],"wp:term":[{"taxonomy":"category","embeddable":true,"href":"https:\/\/www.pressenza.com\/it\/wp-json\/wp\/v2\/categories?post=1793977"},{"taxonomy":"post_tag","embeddable":true,"href":"https:\/\/www.pressenza.com\/it\/wp-json\/wp\/v2\/tags?post=1793977"}],"curies":[{"name":"wp","href":"https:\/\/api.w.org\/{rel}","templated":true}]}}