{"id":1793695,"date":"2024-01-16T17:57:55","date_gmt":"2024-01-16T17:57:55","guid":{"rendered":"https:\/\/www.pressenza.com\/?p=1793695"},"modified":"2024-01-16T17:57:55","modified_gmt":"2024-01-16T17:57:55","slug":"una-scuola-piu-inclusiva-piu-giusta-piu-efficace","status":"publish","type":"post","link":"https:\/\/www.pressenza.com\/it\/2024\/01\/una-scuola-piu-inclusiva-piu-giusta-piu-efficace\/","title":{"rendered":"Una scuola pi\u00f9 inclusiva, pi\u00f9 giusta, pi\u00f9 efficace"},"content":{"rendered":"<p style=\"font-weight: 400;\">Ripartono, dopo la pausa natalizia, le\u00a0<strong>attivit\u00e0 di formazione del Polo Europeo della Conoscenza I.C. Bosco Chiesanuova<\/strong>, rete di scuole permanente che ogni anno organizza\u00a0<strong>oltre 70 corsi di formazione gratuita<\/strong>\u00a0per insegnanti, operatori della formazione e genitori. I corsi, tutti gratuiti, hanno l&#8217;obiettivo di apportare innovazione e buone pratiche, coerentemente con i bisogni degli alunni e degli insegnanti, al sistema- scuola italiano (le registrazioni dei corsi sono disponibili liberamente sulla piattaforma\u00a0<a href=\"http:\/\/www.europole.org\/\" data-saferedirecturl=\"https:\/\/www.google.com\/url?q=http:\/\/www.europole.org&amp;source=gmail&amp;ust=1705513653768000&amp;usg=AOvVaw0PxtUaXaw8zgFx0vTYQ_So\">www.europole.org<\/a>).<\/p>\n<p style=\"font-weight: 400;\">Qui il calendario e le modalit\u00e0 di partecipazione:<\/p>\n<p><strong>1)<\/strong>\u00a0<strong>LA VALUTAZIONE DEGLI ALUNNI NELLA PROSPETTIVA DI UNA SCUOLA INNOVATIVA ED EFFICACE<\/strong><\/p>\n<p><strong>Formatore:\u00a0<\/strong><strong>Prof. Donato de Silvestri<\/strong><\/p>\n<p style=\"font-weight: 400;\">Per iscrizione:<u>\u00a0<\/u><a href=\"https:\/\/www.europole.org\/la-valutazione-degli-alunni-nella-prospettiva-di-una-scuola-innovativa-ed-efficace\/\" data-saferedirecturl=\"https:\/\/www.google.com\/url?q=https:\/\/www.europole.org\/la-valutazione-degli-alunni-nella-prospettiva-di-una-scuola-innovativa-ed-efficace\/&amp;source=gmail&amp;ust=1705513653768000&amp;usg=AOvVaw1_RdTT6rekiQNC9VfWcKUV\">https:\/\/www.europole.org\/la-valutazione-degli-alunni-nella-prospettiva-di-una-scuola-innovativa-ed-efficace\/<\/a><\/p>\n<p style=\"font-weight: 400;\">Nell\u2019ambito del progetto europeo Horizon Europe Let\u2019s Care\u00a0<a href=\"http:\/\/www.letscareproject.eu\/\" data-saferedirecturl=\"https:\/\/www.google.com\/url?q=http:\/\/www.letscareproject.eu&amp;source=gmail&amp;ust=1705513653768000&amp;usg=AOvVaw3qHQJV0Gmp66s8JFAFoO8u\">www.letscareproject.eu<\/a>\u00a0e all\u2019interno del coordinamento nazionale delle scuole senza voto, la<strong>\u00a0rete di scuole permanente Polo Europeo della Conoscenza \u2013 I.C. Bosco Chiesanuova\u00a0<\/strong>con il formatore\u00a0<u>Donato de Silvestri<\/u>\u00a0propone un ciclo di incontri su \u201c<strong><em>La valutazione degli alunni nella prospettiva di una scuola innovativa ed efficace\u201d<\/em><\/strong>.<\/p>\n<p style=\"font-weight: 400;\">Il corso, composto da<strong>\u00a03 incontri in presenza,\u00a0<\/strong>si terr\u00e0 presso l&#8217;<strong>Istituto Comprensivo Madonna Di campagna &#8211; San Michele, Via Monte Bianco 14 Verona\u00a0<\/strong>(il corso sar\u00e0 registrato e il video messo online nella pagina\u00a0di iscrizione nei giorni successi agli incontri):<\/p>\n<p style=\"font-weight: 400;\"><strong><u>gioved\u00ec 18 gennaio 2024<\/u><\/strong>\u00a0ore 17-19|<strong>100 ANNI E GIOVANE PI\u00d9 CHE MAI: L\u2019ATTUALIT\u00c0 DELLA DIDATTICA DI DON MILANI<\/strong><\/p>\n<p style=\"font-weight: 400;\"><strong><u>gioved\u00ec 22 febbraio 2024<\/u><\/strong>\u00a0ore 17-19 |<strong>CARATTERISTICHE E QUADRO NORMATIVO DELLA SCUOLA INCLUSIVA OGGI<\/strong><\/p>\n<p style=\"font-weight: 400;\"><strong><u>gioved\u00ec 7 marzo 2024<\/u><\/strong>\u00a0ore 17-19|<strong>GESTIRE LA CRESCENTE CONFLITTUALIT\u00c0 CHE CARATTERIZZA IL CONTESTO SCOLASTICO<\/strong><\/p>\n<p style=\"font-weight: 400;\"><strong>Donato de Silvestri:<\/strong>\u00a0Ex Dirigente Scolastico presso Istituto Comprensivo di Bosco Chiesanuova \u2013 VR \u2013 assegnato presso il Provveditorato agli Studi di Verona per lo svolgimento dei compiti connessi con l\u2019attuazione dell\u2019autonomia. Formatore e docente dell\u2019Universit\u00e0 di Verona.<\/p>\n<p style=\"font-weight: 400;\"><strong>2) CORSO DI FORMAZIONE PER INSEGNANTI E GENITORI SULLA NON VIOLENZA<\/strong><\/p>\n<p style=\"font-weight: 400;\"><strong>Formatore: Dott.ssa Annabella Coiro della rete di scuole\u00a0<a href=\"http:\/\/ed.uma.na\/\" data-saferedirecturl=\"https:\/\/www.google.com\/url?q=http:\/\/ED.UMA.NA&amp;source=gmail&amp;ust=1705513653768000&amp;usg=AOvVaw2G7xl5_gWlIPWpVkOOmpjg\">ED.UMA.NA<\/a><\/strong><\/p>\n<p style=\"font-weight: 400;\">Per iscrizione:\u00a0<a href=\"https:\/\/www.europole.org\/una-scuola-che-educa-alla-nonviolenza-con-la-nonviolenza\/\" data-saferedirecturl=\"https:\/\/www.google.com\/url?q=https:\/\/www.europole.org\/una-scuola-che-educa-alla-nonviolenza-con-la-nonviolenza\/&amp;source=gmail&amp;ust=1705513653768000&amp;usg=AOvVaw0YveUeWLkVL8Zuxm597bBT\">https:\/\/www.europole.org\/una-scuola-che-educa-alla-nonviolenza-con-la-nonviolenza\/<\/a><\/p>\n<p style=\"font-weight: 400;\">Comprendere le forme della comunicazione violenta, a livello interpersonale e di gruppo; prendere consapevolezza\u00a0delle proprie abitudini comunicative e relazionali; rafforzare il ruolo\u00a0del\u00a0docente e dell\u2019educatore come facilitatore di dialogo e di relazioni nonviolente.\u00a0Sono questi gli ambiziosi\u00a0<strong>obiettivi del corso sulla NONVIOLENZA<\/strong>\u00a0organizzato dal Polo Europea della Conoscenza I.C Bosco Chiesanuova in collaborazione con la rete di scuole\u00a0<a href=\"http:\/\/ed.uma.na\/\" data-saferedirecturl=\"https:\/\/www.google.com\/url?q=http:\/\/ED.UMA.NA&amp;source=gmail&amp;ust=1705513653768000&amp;usg=AOvVaw2G7xl5_gWlIPWpVkOOmpjg\">ED.UMA.NA<\/a>\u00a0e destinato a docenti delle scuole primarie e secondarie di primo grado\u00a0ed\u00a0educatori.<\/p>\n<p style=\"font-weight: 400;\">Il percorso porter\u00e0 a riconoscere le dinamiche relazionali prevaricanti che insidiano la comunit\u00e0, la comunicazione violenta e i meccanismi impliciti, propri e altrui.\u00a0&#8220;<em>Si muovono i primi passi per una conoscenza pratica delle possibilit\u00e0 multidimensionali delle relazioni nonviolente, delle modalit\u00e0 d\u2019interazione empatiche e dialogiche, che migliorano l\u2019apprendimento e permettono il benessere psico-fisico non solo di alunni e alunne ma anche di tutte le persone che abitano la scuola<\/em>&#8221; commenta\u00a0<strong>Alessio Perpolli<\/strong>, Dirigente Scolastico dell&#8217;I.C. Bosco Chiesanuova presso cui il la rete di scuole ha la sua sede amministrativa.<\/p>\n<p style=\"font-weight: 400;\">Il corso, online, si svolge in 3 incontri di due ore cadauno, secondo il seguente calendario:<\/p>\n<p style=\"font-weight: 400;\"><strong><u>gioved\u00ec 8 febbraio 2024<\/u><\/strong><strong>\u00a0<\/strong>ore<strong>\u00a0<\/strong>17.15 &#8211; 19.15\u00a0<strong>ONLINE |<\/strong>\u00a0<strong>AUTOMATISMI DELLA PREVARICAZIONE<br \/>\n<\/strong>Concetti base sulle dimensioni della violenza e della nonviolenza.<\/p>\n<p style=\"font-weight: 400;\">Come comunichiamo? I meccanismi e gli automatismi nelle relazioni quotidiane tra adulti\u00a0e tra bambini\u00a0e ragazzi.<\/p>\n<p style=\"font-weight: 400;\"><strong><u>gioved\u00ec 15 febbraio 2024<\/u><\/strong>\u00a0ore<strong>\u00a0<\/strong>17.15 -19.15\u00a0<strong>ONLINE<\/strong>|\u00a0<strong>LA RELAZIONE EDUCATIVA NONVIOLENTA<\/strong><br \/>\nStrumenti e didattica per una relazione educativa nonviolenta.<\/p>\n<p style=\"font-weight: 400;\">La regola d\u2019oro sapienziale come primo accordo sociale.<\/p>\n<p style=\"font-weight: 400;\"><strong><u>gioved\u00ec 29 febbraio 2024<\/u><\/strong><strong>\u00a0<\/strong>ore<strong>\u00a0<\/strong>17.15 &#8211; 19.15\u00a0<strong>ONLINE<\/strong>\u00a0|\u00a0<strong>LA RELAZIONE EDUCATIVA NONVIOLENTA<\/strong><\/p>\n<p style=\"font-weight: 400;\">Feedback sugli strumenti ed elementi di base per utilizzare una comunicazione generativa nonviolenta<\/p>\n<p style=\"font-weight: 400;\"><strong>Formatrice: Annabella Coiro,\u00a0<\/strong>esperta in comunicazione e studiosa di educazione nonviolenta, formatrice e attivista. Laureata in Scienze dell\u2019educazione e della formazione, cura progetti di educazione alla nonviolenza e alla cittadinanza per le scuole da oltre quindici anni. Si occupa di formazione e di ricerca nell\u2019ambito delle relazioni interpersonali. Tra le molteplici attivit\u00e0 di promozione della nonviolenza ha co-fondato la Casa delle Donne, la rete di scuole e associazioni\u00a0<a href=\"http:\/\/ed.uma.na\/\" data-saferedirecturl=\"https:\/\/www.google.com\/url?q=http:\/\/ED.UMA.NA\/&amp;source=gmail&amp;ust=1705513653768000&amp;usg=AOvVaw1N95TDUeFWqubEkBOUsdH4\">ED.UMA.NA<\/a>. e il Centro di Nonviolenza Attiva di Milano. \u00c8 curatrice e co-autrice del libro \u2018<em>Scuola Sconfinata. Proposta per una rivoluzione educativa<\/em>\u2019, edito da Fondazione G. Feltrinelli. Ha partecipato a conferenze e progetti internazionali legati alla pace e alla nonviolenza.<\/p>\n<p style=\"font-weight: 400;\"><strong>3) RACCOLTA DI BUONE PRASSI di attivit\u00e0 in classe sull&#8217;educazione civica<\/strong><\/p>\n<p style=\"font-weight: 400;\">&#8220;<em>In tanti anni di attivit\u00e0 la nostra rete ha avuto modo di osservare la straordinaria creativit\u00e0 degli insegnanti. Lanciamo pertanto<\/em>\u00a0&#8211; spiega\u00a0<strong>Alessio Perpolli<\/strong>, Dirigente Scolastico dell&#8217;I.C. Bosco Chiesanuova presso cui il la rete di scuole ha la sua sede amministrativa,\u00a0<em>una iniziativa di\u00a0<strong>raccolta di buone prassi<\/strong>\u00a0di attivit\u00e0 in classe sull&#8217;<strong>educazione civica<\/strong>.\u00a0 Vogliamo individuare le attivit\u00e0 pi\u00f9 innovative e interessanti create e sperimentate dagli insegnanti che possano essere condivise nella nostra rete e valorizzate in un processo di sperimentazione e crescita comune<\/em>.&#8221;<\/p>\n<p style=\"font-weight: 400;\">Gli insegnanti che volessero condividere le proprie esperienze possono compilare il modulo\u00a0<a href=\"https:\/\/www.europole.org\/le-vostre-attivita-piu-innovative-di-educazione-civica\/\" data-saferedirecturl=\"https:\/\/www.google.com\/url?q=https:\/\/www.europole.org\/le-vostre-attivita-piu-innovative-di-educazione-civica\/&amp;source=gmail&amp;ust=1705513653768000&amp;usg=AOvVaw31G8b-jq0WWdb8gwuMdfy-\">https:\/\/www.europole.org\/le-vostre-attivita-piu-innovative-di-educazione-civica\/<\/a><\/p>\n<p style=\"font-weight: 400;\"><strong>Europole &#8211; Polo Europeo della Conoscenza \u2013 I.C. Bosco Chiesanuova\u00a0<\/strong><a href=\"http:\/\/www.europole.org\/\" data-saferedirecturl=\"https:\/\/www.google.com\/url?q=http:\/\/www.europole.org\/&amp;source=gmail&amp;ust=1705513653768000&amp;usg=AOvVaw1F3Y5ILCV0TyTPcsXfn4sE\"><strong>www.europole.org<\/strong><\/a><\/p>\n<p style=\"font-weight: 400;\">Europole &#8211;\u00a0Polo Europeo della Conoscenza \u2013 I.C. Bosco Chiesanuova, il Network Nazionale di Istituzioni Educative per la Ricerca Pedagogica e l\u2019Innovazione in Europa\u00a0nato nel 1998, \u00e8 una\u00a0<u>Rete di scuole permanente<\/u>: un ente pubblico senza scopo di lucro amministrato dall\u2019Istituto Comprensivo Bosco Chiesanuova di Verona che a livello nazionale include diverse centinaia di Istituzioni ed organizzazioni educative di ogni ordine e grado. Le principali attivit\u00e0 della Rete Europole sono quelle di\u00a0<strong>promuovere la dimensione Europea dell\u2019educazione<\/strong>, l\u2019<strong>integrazione<\/strong>\u00a0e la\u00a0<strong>cooperazione<\/strong>\u00a0attraverso progetti e network europei ed extra-europei, workshop, seminari, conferenze, partenariati.<\/p>\n<p style=\"font-weight: 400;\">Europole include e coordina\u00a0<strong>5 network europei\u00a0<\/strong>co-finanziati dalla Commissione Europea fra cui il noetwrokl mondiale sui valori prosociali\u00a0<a href=\"http:\/\/www.nobodyless.org\/\" data-saferedirecturl=\"https:\/\/www.google.com\/url?q=http:\/\/www.nobodyless.org\/&amp;source=gmail&amp;ust=1705513653768000&amp;usg=AOvVaw0b_YNSFFD1JmBp77P3VxAz\">www.nobodyless.org<\/a>\u00a0nelle varie azioni del programma Erasmus+ CERV, Horizon 2020 e Horizon Europe, \u00e8 membra della rete internazionale\u00a0<strong>Convergence<\/strong>, coordina il movimento\u00a0<strong>delle scuole senza voto<\/strong>,[1]\u00a0\u00a0\u00e8 partner del progetto Horizon Europe Let\u2019s Care\u00a0<a href=\"https:\/\/letscareproject.eu\/\" data-saferedirecturl=\"https:\/\/www.google.com\/url?q=https:\/\/letscareproject.eu\/&amp;source=gmail&amp;ust=1705513653768000&amp;usg=AOvVaw08-5CAwWq5kyFL7Of_uK7L\">https:\/\/letscareproject.eu\/<\/a>\u00a0e organizza\u00a0<strong>oltre 70 corsi di formazione gratuiti all&#8217;anno<\/strong>\u00a0per insegnanti, studenti, genitori e diverse\u00a0<strong>conferenze<\/strong>\u00a0sui temi legati al mondo della scuola. Dalla sua istituzione, nel 1998, ha coordinato oltre<strong> 200 progetti europei.<\/strong><\/p>\n","protected":false},"excerpt":{"rendered":"<p>Ripartono, dopo la pausa natalizia, le\u00a0attivit\u00e0 di formazione del Polo Europeo della Conoscenza I.C. Bosco Chiesanuova, rete di scuole permanente che ogni anno organizza\u00a0oltre 70 corsi di formazione gratuita\u00a0per insegnanti, operatori della formazione e genitori. I corsi, tutti gratuiti, hanno&hellip;<\/p>\n","protected":false},"author":2305,"featured_media":1793696,"comment_status":"closed","ping_status":"closed","sticky":false,"template":"","format":"standard","meta":{"footnotes":""},"categories":[150,1258],"tags":[101348,460,118333],"class_list":["post-1793695","post","type-post","status-publish","format-standard","has-post-thumbnail","hentry","category-comunicati-stampa","category-educazione","tag-corsi","tag-nonviolenza","tag-polo-europeo-della-conoscenza"],"yoast_head":"<!-- This site is optimized with the Yoast SEO plugin v27.1.1 - https:\/\/yoast.com\/product\/yoast-seo-wordpress\/ -->\n<title>Una scuola pi\u00f9 inclusiva, pi\u00f9 giusta, pi\u00f9 efficace<\/title>\n<meta name=\"description\" content=\"Ripartono, dopo la pausa natalizia, le\u00a0attivit\u00e0 di formazione del Polo Europeo della Conoscenza I.C. Bosco Chiesanuova, rete di scuole permanente che ogni\" \/>\n<meta name=\"robots\" content=\"index, follow, max-snippet:-1, max-image-preview:large, max-video-preview:-1\" \/>\n<link rel=\"canonical\" href=\"https:\/\/www.pressenza.com\/it\/2024\/01\/una-scuola-piu-inclusiva-piu-giusta-piu-efficace\/\" \/>\n<meta property=\"og:locale\" content=\"it_IT\" \/>\n<meta property=\"og:type\" content=\"article\" \/>\n<meta property=\"og:title\" content=\"Una scuola pi\u00f9 inclusiva, pi\u00f9 giusta, pi\u00f9 efficace\" \/>\n<meta property=\"og:description\" content=\"Ripartono, dopo la pausa natalizia, le\u00a0attivit\u00e0 di formazione del Polo Europeo della Conoscenza I.C. Bosco Chiesanuova, rete di scuole permanente che ogni\" \/>\n<meta property=\"og:url\" content=\"https:\/\/www.pressenza.com\/it\/2024\/01\/una-scuola-piu-inclusiva-piu-giusta-piu-efficace\/\" \/>\n<meta property=\"og:site_name\" content=\"Pressenza\" \/>\n<meta property=\"article:publisher\" content=\"https:\/\/www.facebook.com\/PressenzaItalia\" \/>\n<meta property=\"article:published_time\" content=\"2024-01-16T17:57:55+00:00\" \/>\n<meta property=\"og:image\" content=\"https:\/\/www.pressenza.com\/wp-content\/uploads\/2024\/01\/bambini-a-figura-intera-che-dipingono-a-scuola.jpg\" \/>\n\t<meta property=\"og:image:width\" content=\"850\" \/>\n\t<meta property=\"og:image:height\" content=\"540\" \/>\n\t<meta property=\"og:image:type\" content=\"image\/jpeg\" \/>\n<meta name=\"author\" content=\"Europole - Polo Europeo della Conoscenza I.C. Bosco Chiesanuova\" \/>\n<meta name=\"twitter:card\" content=\"summary_large_image\" \/>\n<meta name=\"twitter:creator\" content=\"@PressenzaIPA\" \/>\n<meta name=\"twitter:site\" content=\"@PressenzaIPA\" \/>\n<meta name=\"twitter:label1\" content=\"Scritto da\" \/>\n\t<meta name=\"twitter:data1\" content=\"Europole - Polo Europeo della Conoscenza I.C. Bosco Chiesanuova\" \/>\n\t<meta name=\"twitter:label2\" content=\"Tempo di lettura stimato\" \/>\n\t<meta name=\"twitter:data2\" content=\"6 minuti\" \/>\n<script type=\"application\/ld+json\" class=\"yoast-schema-graph\">{\"@context\":\"https:\/\/schema.org\",\"@graph\":[{\"@type\":\"Article\",\"@id\":\"https:\/\/www.pressenza.com\/it\/2024\/01\/una-scuola-piu-inclusiva-piu-giusta-piu-efficace\/#article\",\"isPartOf\":{\"@id\":\"https:\/\/www.pressenza.com\/it\/2024\/01\/una-scuola-piu-inclusiva-piu-giusta-piu-efficace\/\"},\"author\":{\"name\":\"Europole - Polo Europeo della Conoscenza I.C. Bosco Chiesanuova\",\"@id\":\"https:\/\/www.pressenza.com\/it\/#\/schema\/person\/7b21e69c026ac2d3c8ff20c428511b85\"},\"headline\":\"Una scuola pi\u00f9 inclusiva, pi\u00f9 giusta, pi\u00f9 efficace\",\"datePublished\":\"2024-01-16T17:57:55+00:00\",\"mainEntityOfPage\":{\"@id\":\"https:\/\/www.pressenza.com\/it\/2024\/01\/una-scuola-piu-inclusiva-piu-giusta-piu-efficace\/\"},\"wordCount\":1016,\"publisher\":{\"@id\":\"https:\/\/www.pressenza.com\/it\/#organization\"},\"image\":{\"@id\":\"https:\/\/www.pressenza.com\/it\/2024\/01\/una-scuola-piu-inclusiva-piu-giusta-piu-efficace\/#primaryimage\"},\"thumbnailUrl\":\"https:\/\/www.pressenza.com\/wp-content\/uploads\/2024\/01\/bambini-a-figura-intera-che-dipingono-a-scuola.jpg\",\"keywords\":[\"corsi\",\"nonviolenza\",\"Polo Europeo della Conoscenza\"],\"articleSection\":[\"Comunicati Stampa\",\"Educazione\"],\"inLanguage\":\"it-IT\"},{\"@type\":\"WebPage\",\"@id\":\"https:\/\/www.pressenza.com\/it\/2024\/01\/una-scuola-piu-inclusiva-piu-giusta-piu-efficace\/\",\"url\":\"https:\/\/www.pressenza.com\/it\/2024\/01\/una-scuola-piu-inclusiva-piu-giusta-piu-efficace\/\",\"name\":\"Una scuola pi\u00f9 inclusiva, pi\u00f9 giusta, pi\u00f9 efficace\",\"isPartOf\":{\"@id\":\"https:\/\/www.pressenza.com\/it\/#website\"},\"primaryImageOfPage\":{\"@id\":\"https:\/\/www.pressenza.com\/it\/2024\/01\/una-scuola-piu-inclusiva-piu-giusta-piu-efficace\/#primaryimage\"},\"image\":{\"@id\":\"https:\/\/www.pressenza.com\/it\/2024\/01\/una-scuola-piu-inclusiva-piu-giusta-piu-efficace\/#primaryimage\"},\"thumbnailUrl\":\"https:\/\/www.pressenza.com\/wp-content\/uploads\/2024\/01\/bambini-a-figura-intera-che-dipingono-a-scuola.jpg\",\"datePublished\":\"2024-01-16T17:57:55+00:00\",\"description\":\"Ripartono, dopo la pausa natalizia, le\u00a0attivit\u00e0 di formazione del Polo Europeo della Conoscenza I.C. Bosco Chiesanuova, rete di scuole permanente che ogni\",\"breadcrumb\":{\"@id\":\"https:\/\/www.pressenza.com\/it\/2024\/01\/una-scuola-piu-inclusiva-piu-giusta-piu-efficace\/#breadcrumb\"},\"inLanguage\":\"it-IT\",\"potentialAction\":[{\"@type\":\"ReadAction\",\"target\":[\"https:\/\/www.pressenza.com\/it\/2024\/01\/una-scuola-piu-inclusiva-piu-giusta-piu-efficace\/\"]}]},{\"@type\":\"ImageObject\",\"inLanguage\":\"it-IT\",\"@id\":\"https:\/\/www.pressenza.com\/it\/2024\/01\/una-scuola-piu-inclusiva-piu-giusta-piu-efficace\/#primaryimage\",\"url\":\"https:\/\/www.pressenza.com\/wp-content\/uploads\/2024\/01\/bambini-a-figura-intera-che-dipingono-a-scuola.jpg\",\"contentUrl\":\"https:\/\/www.pressenza.com\/wp-content\/uploads\/2024\/01\/bambini-a-figura-intera-che-dipingono-a-scuola.jpg\",\"width\":850,\"height\":540},{\"@type\":\"BreadcrumbList\",\"@id\":\"https:\/\/www.pressenza.com\/it\/2024\/01\/una-scuola-piu-inclusiva-piu-giusta-piu-efficace\/#breadcrumb\",\"itemListElement\":[{\"@type\":\"ListItem\",\"position\":1,\"name\":\"Accueil\",\"item\":\"https:\/\/www.pressenza.com\/it\/\"},{\"@type\":\"ListItem\",\"position\":2,\"name\":\"Una scuola pi\u00f9 inclusiva, pi\u00f9 giusta, pi\u00f9 efficace\"}]},{\"@type\":\"WebSite\",\"@id\":\"https:\/\/www.pressenza.com\/it\/#website\",\"url\":\"https:\/\/www.pressenza.com\/it\/\",\"name\":\"Pressenza\",\"description\":\"Agenzia di Stampa Internazionale\",\"publisher\":{\"@id\":\"https:\/\/www.pressenza.com\/it\/#organization\"},\"potentialAction\":[{\"@type\":\"SearchAction\",\"target\":{\"@type\":\"EntryPoint\",\"urlTemplate\":\"https:\/\/www.pressenza.com\/it\/?s={search_term_string}\"},\"query-input\":{\"@type\":\"PropertyValueSpecification\",\"valueRequired\":true,\"valueName\":\"search_term_string\"}}],\"inLanguage\":\"it-IT\"},{\"@type\":\"Organization\",\"@id\":\"https:\/\/www.pressenza.com\/it\/#organization\",\"name\":\"Pressenza\",\"url\":\"https:\/\/www.pressenza.com\/it\/\",\"logo\":{\"@type\":\"ImageObject\",\"inLanguage\":\"it-IT\",\"@id\":\"https:\/\/www.pressenza.com\/it\/#\/schema\/logo\/image\/\",\"url\":\"https:\/\/www.pressenza.com\/wp-content\/uploads\/2022\/10\/pressenza_logo_200x200.jpg\",\"contentUrl\":\"https:\/\/www.pressenza.com\/wp-content\/uploads\/2022\/10\/pressenza_logo_200x200.jpg\",\"width\":200,\"height\":200,\"caption\":\"Pressenza\"},\"image\":{\"@id\":\"https:\/\/www.pressenza.com\/it\/#\/schema\/logo\/image\/\"},\"sameAs\":[\"https:\/\/www.facebook.com\/PressenzaItalia\",\"https:\/\/x.com\/PressenzaIPA\"]},{\"@type\":\"Person\",\"@id\":\"https:\/\/www.pressenza.com\/it\/#\/schema\/person\/7b21e69c026ac2d3c8ff20c428511b85\",\"name\":\"Europole - Polo Europeo della Conoscenza I.C. Bosco Chiesanuova\",\"description\":\"Europole - Polo Europeo della Conoscenza I.C. Bosco Chiesanuova, Network Nazionale di Istituzioni Educative per la Ricerca Pedagogica e l\u2019Innovazione in Europa nato nel 1998, \u00e8 una Rete di scuole permanente: un ente pubblico senza scopo di lucro amministrato dall\u2019Istituto Comprensivo Bosco Chiesanuova di Verona che include diverse centinaia di Istituzioni ed organizzazioni educative di ogni ordine e grado. Le principali attivit\u00e0 della Rete Europole sono quelle di promuovere la dimensione Europea dell\u2019educazione, l\u2019integrazione e la cooperazione attraverso progetti e network europei ed extra-europei, workshop, seminari, conferenze, partenariati. Europole include e coordina 5 network europei co-finanziati dalla Commissione Europea nelle varie azioni del programma Erasmus+, coordina un team nazionale di insegnanti per la robotica contro il bullismo, organizza oltre 70 corsi di formazione gratuiti all'anno per insegnanti, studenti, genitori e diverse conferenze sui temi legati al mondo della scuola. Dalla sua istituzione, nel 1998, ha coordinato oltre 200 progetti europei.\",\"sameAs\":[\"https:\/\/www.europole.org\/\"],\"url\":\"https:\/\/www.pressenza.com\/it\/author\/polo-europeo-della-conoscenza\/\"}]}<\/script>\n<!-- \/ Yoast SEO plugin. -->","yoast_head_json":{"title":"Una scuola pi\u00f9 inclusiva, pi\u00f9 giusta, pi\u00f9 efficace","description":"Ripartono, dopo la pausa natalizia, le\u00a0attivit\u00e0 di formazione del Polo Europeo della Conoscenza I.C. Bosco Chiesanuova, rete di scuole permanente che ogni","robots":{"index":"index","follow":"follow","max-snippet":"max-snippet:-1","max-image-preview":"max-image-preview:large","max-video-preview":"max-video-preview:-1"},"canonical":"https:\/\/www.pressenza.com\/it\/2024\/01\/una-scuola-piu-inclusiva-piu-giusta-piu-efficace\/","og_locale":"it_IT","og_type":"article","og_title":"Una scuola pi\u00f9 inclusiva, pi\u00f9 giusta, pi\u00f9 efficace","og_description":"Ripartono, dopo la pausa natalizia, le\u00a0attivit\u00e0 di formazione del Polo Europeo della Conoscenza I.C. Bosco Chiesanuova, rete di scuole permanente che ogni","og_url":"https:\/\/www.pressenza.com\/it\/2024\/01\/una-scuola-piu-inclusiva-piu-giusta-piu-efficace\/","og_site_name":"Pressenza","article_publisher":"https:\/\/www.facebook.com\/PressenzaItalia","article_published_time":"2024-01-16T17:57:55+00:00","og_image":[{"width":850,"height":540,"url":"https:\/\/www.pressenza.com\/wp-content\/uploads\/2024\/01\/bambini-a-figura-intera-che-dipingono-a-scuola.jpg","type":"image\/jpeg"}],"author":"Europole - Polo Europeo della Conoscenza I.C. Bosco Chiesanuova","twitter_card":"summary_large_image","twitter_creator":"@PressenzaIPA","twitter_site":"@PressenzaIPA","twitter_misc":{"Scritto da":"Europole - Polo Europeo della Conoscenza I.C. Bosco Chiesanuova","Tempo di lettura stimato":"6 minuti"},"schema":{"@context":"https:\/\/schema.org","@graph":[{"@type":"Article","@id":"https:\/\/www.pressenza.com\/it\/2024\/01\/una-scuola-piu-inclusiva-piu-giusta-piu-efficace\/#article","isPartOf":{"@id":"https:\/\/www.pressenza.com\/it\/2024\/01\/una-scuola-piu-inclusiva-piu-giusta-piu-efficace\/"},"author":{"name":"Europole - Polo Europeo della Conoscenza I.C. Bosco Chiesanuova","@id":"https:\/\/www.pressenza.com\/it\/#\/schema\/person\/7b21e69c026ac2d3c8ff20c428511b85"},"headline":"Una scuola pi\u00f9 inclusiva, pi\u00f9 giusta, pi\u00f9 efficace","datePublished":"2024-01-16T17:57:55+00:00","mainEntityOfPage":{"@id":"https:\/\/www.pressenza.com\/it\/2024\/01\/una-scuola-piu-inclusiva-piu-giusta-piu-efficace\/"},"wordCount":1016,"publisher":{"@id":"https:\/\/www.pressenza.com\/it\/#organization"},"image":{"@id":"https:\/\/www.pressenza.com\/it\/2024\/01\/una-scuola-piu-inclusiva-piu-giusta-piu-efficace\/#primaryimage"},"thumbnailUrl":"https:\/\/www.pressenza.com\/wp-content\/uploads\/2024\/01\/bambini-a-figura-intera-che-dipingono-a-scuola.jpg","keywords":["corsi","nonviolenza","Polo Europeo della Conoscenza"],"articleSection":["Comunicati Stampa","Educazione"],"inLanguage":"it-IT"},{"@type":"WebPage","@id":"https:\/\/www.pressenza.com\/it\/2024\/01\/una-scuola-piu-inclusiva-piu-giusta-piu-efficace\/","url":"https:\/\/www.pressenza.com\/it\/2024\/01\/una-scuola-piu-inclusiva-piu-giusta-piu-efficace\/","name":"Una scuola pi\u00f9 inclusiva, pi\u00f9 giusta, pi\u00f9 efficace","isPartOf":{"@id":"https:\/\/www.pressenza.com\/it\/#website"},"primaryImageOfPage":{"@id":"https:\/\/www.pressenza.com\/it\/2024\/01\/una-scuola-piu-inclusiva-piu-giusta-piu-efficace\/#primaryimage"},"image":{"@id":"https:\/\/www.pressenza.com\/it\/2024\/01\/una-scuola-piu-inclusiva-piu-giusta-piu-efficace\/#primaryimage"},"thumbnailUrl":"https:\/\/www.pressenza.com\/wp-content\/uploads\/2024\/01\/bambini-a-figura-intera-che-dipingono-a-scuola.jpg","datePublished":"2024-01-16T17:57:55+00:00","description":"Ripartono, dopo la pausa natalizia, le\u00a0attivit\u00e0 di formazione del Polo Europeo della Conoscenza I.C. Bosco Chiesanuova, rete di scuole permanente che ogni","breadcrumb":{"@id":"https:\/\/www.pressenza.com\/it\/2024\/01\/una-scuola-piu-inclusiva-piu-giusta-piu-efficace\/#breadcrumb"},"inLanguage":"it-IT","potentialAction":[{"@type":"ReadAction","target":["https:\/\/www.pressenza.com\/it\/2024\/01\/una-scuola-piu-inclusiva-piu-giusta-piu-efficace\/"]}]},{"@type":"ImageObject","inLanguage":"it-IT","@id":"https:\/\/www.pressenza.com\/it\/2024\/01\/una-scuola-piu-inclusiva-piu-giusta-piu-efficace\/#primaryimage","url":"https:\/\/www.pressenza.com\/wp-content\/uploads\/2024\/01\/bambini-a-figura-intera-che-dipingono-a-scuola.jpg","contentUrl":"https:\/\/www.pressenza.com\/wp-content\/uploads\/2024\/01\/bambini-a-figura-intera-che-dipingono-a-scuola.jpg","width":850,"height":540},{"@type":"BreadcrumbList","@id":"https:\/\/www.pressenza.com\/it\/2024\/01\/una-scuola-piu-inclusiva-piu-giusta-piu-efficace\/#breadcrumb","itemListElement":[{"@type":"ListItem","position":1,"name":"Accueil","item":"https:\/\/www.pressenza.com\/it\/"},{"@type":"ListItem","position":2,"name":"Una scuola pi\u00f9 inclusiva, pi\u00f9 giusta, pi\u00f9 efficace"}]},{"@type":"WebSite","@id":"https:\/\/www.pressenza.com\/it\/#website","url":"https:\/\/www.pressenza.com\/it\/","name":"Pressenza","description":"Agenzia di Stampa Internazionale","publisher":{"@id":"https:\/\/www.pressenza.com\/it\/#organization"},"potentialAction":[{"@type":"SearchAction","target":{"@type":"EntryPoint","urlTemplate":"https:\/\/www.pressenza.com\/it\/?s={search_term_string}"},"query-input":{"@type":"PropertyValueSpecification","valueRequired":true,"valueName":"search_term_string"}}],"inLanguage":"it-IT"},{"@type":"Organization","@id":"https:\/\/www.pressenza.com\/it\/#organization","name":"Pressenza","url":"https:\/\/www.pressenza.com\/it\/","logo":{"@type":"ImageObject","inLanguage":"it-IT","@id":"https:\/\/www.pressenza.com\/it\/#\/schema\/logo\/image\/","url":"https:\/\/www.pressenza.com\/wp-content\/uploads\/2022\/10\/pressenza_logo_200x200.jpg","contentUrl":"https:\/\/www.pressenza.com\/wp-content\/uploads\/2022\/10\/pressenza_logo_200x200.jpg","width":200,"height":200,"caption":"Pressenza"},"image":{"@id":"https:\/\/www.pressenza.com\/it\/#\/schema\/logo\/image\/"},"sameAs":["https:\/\/www.facebook.com\/PressenzaItalia","https:\/\/x.com\/PressenzaIPA"]},{"@type":"Person","@id":"https:\/\/www.pressenza.com\/it\/#\/schema\/person\/7b21e69c026ac2d3c8ff20c428511b85","name":"Europole - Polo Europeo della Conoscenza I.C. Bosco Chiesanuova","description":"Europole - Polo Europeo della Conoscenza I.C. Bosco Chiesanuova, Network Nazionale di Istituzioni Educative per la Ricerca Pedagogica e l\u2019Innovazione in Europa nato nel 1998, \u00e8 una Rete di scuole permanente: un ente pubblico senza scopo di lucro amministrato dall\u2019Istituto Comprensivo Bosco Chiesanuova di Verona che include diverse centinaia di Istituzioni ed organizzazioni educative di ogni ordine e grado. Le principali attivit\u00e0 della Rete Europole sono quelle di promuovere la dimensione Europea dell\u2019educazione, l\u2019integrazione e la cooperazione attraverso progetti e network europei ed extra-europei, workshop, seminari, conferenze, partenariati. Europole include e coordina 5 network europei co-finanziati dalla Commissione Europea nelle varie azioni del programma Erasmus+, coordina un team nazionale di insegnanti per la robotica contro il bullismo, organizza oltre 70 corsi di formazione gratuiti all'anno per insegnanti, studenti, genitori e diverse conferenze sui temi legati al mondo della scuola. Dalla sua istituzione, nel 1998, ha coordinato oltre 200 progetti europei.","sameAs":["https:\/\/www.europole.org\/"],"url":"https:\/\/www.pressenza.com\/it\/author\/polo-europeo-della-conoscenza\/"}]}},"place":"Verona","original_article_url":"","_links":{"self":[{"href":"https:\/\/www.pressenza.com\/it\/wp-json\/wp\/v2\/posts\/1793695","targetHints":{"allow":["GET"]}}],"collection":[{"href":"https:\/\/www.pressenza.com\/it\/wp-json\/wp\/v2\/posts"}],"about":[{"href":"https:\/\/www.pressenza.com\/it\/wp-json\/wp\/v2\/types\/post"}],"author":[{"embeddable":true,"href":"https:\/\/www.pressenza.com\/it\/wp-json\/wp\/v2\/users\/2305"}],"replies":[{"embeddable":true,"href":"https:\/\/www.pressenza.com\/it\/wp-json\/wp\/v2\/comments?post=1793695"}],"version-history":[{"count":0,"href":"https:\/\/www.pressenza.com\/it\/wp-json\/wp\/v2\/posts\/1793695\/revisions"}],"wp:featuredmedia":[{"embeddable":true,"href":"https:\/\/www.pressenza.com\/it\/wp-json\/wp\/v2\/media\/1793696"}],"wp:attachment":[{"href":"https:\/\/www.pressenza.com\/it\/wp-json\/wp\/v2\/media?parent=1793695"}],"wp:term":[{"taxonomy":"category","embeddable":true,"href":"https:\/\/www.pressenza.com\/it\/wp-json\/wp\/v2\/categories?post=1793695"},{"taxonomy":"post_tag","embeddable":true,"href":"https:\/\/www.pressenza.com\/it\/wp-json\/wp\/v2\/tags?post=1793695"}],"curies":[{"name":"wp","href":"https:\/\/api.w.org\/{rel}","templated":true}]}}