{"id":1793105,"date":"2024-01-13T20:29:51","date_gmt":"2024-01-13T20:29:51","guid":{"rendered":"https:\/\/www.pressenza.com\/?p=1793105"},"modified":"2024-01-13T20:32:08","modified_gmt":"2024-01-13T20:32:08","slug":"rozzano-milano-che-fine-fara-molise-5-il-bene-confiscato-alla-mafia","status":"publish","type":"post","link":"https:\/\/www.pressenza.com\/it\/2024\/01\/rozzano-milano-che-fine-fara-molise-5-il-bene-confiscato-alla-mafia\/","title":{"rendered":"Rozzano, Milano: che fine far\u00e0 Molise 5, il bene confiscato alla mafia?"},"content":{"rendered":"<p>Alla fine dell\u2019anno avevamo descritto la <a href=\"https:\/\/www.pressenza.com\/it\/2023\/12\/rozzano-mi-un-prezioso-bene-confiscato-alla-mafia-rischia-la-demolizione-video\/\">difficile situazione in cui versava un importante bene confiscato alla mafia e a rischio demolizione<\/a>: una villa che da 5 anni vede un nutrito gruppo di volontarie e volontari che si inventano numerose attivit\u00e0 con le scuole (dall\u2019infanzia alle superiori), con gli scout, con le associazioni e gli abitanti della zona, malgrado l\u2019assenza di servizi igienici e riscaldamento.<\/p>\n<p>Avevamo anche annunciato la manifestazione che si stava organizzando per il 13 gennaio, e che oggi ha appunto avuto luogo.<\/p>\n<p>In due settimane il Comitato per il bene comune Molise 5 ha organizzato un vivace corteo per le vie di Rozzano. Cosa non facile, vista la temperatura davvero rigida, e alcune istituzioni che sembrano remare contro.<\/p>\n<p>Almeno 150 persone di tutte le et\u00e0 si sono date appuntamento nei pressi del Comune: decine e decine di cartelloni appesi sulle spalle, con incollati i disegni dei bimbi e delle ragazze fatti in questi anni presso il centro di via Molise 5.<\/p>\n<h5><em>Foto di Andrea Mancuso<\/em><\/h5>\n<div class=\"post-gallery\">\n\t\t\t<figure class=\"post-gallery-item\">\n\t\t\t\t<img decoding=\"async\" src=\"https:\/\/www.pressenza.com\/wp-content\/uploads\/2024\/01\/1-Molise-5.jpg\" loading=\"lazy\">\n\t\t\t\t<figcaption>\n\t\t\t\t\t\n\t\t\t\t<\/figcaption>\n\t\t\t<\/figure>\n\t\t\t<figure class=\"post-gallery-item\">\n\t\t\t\t<img decoding=\"async\" src=\"https:\/\/www.pressenza.com\/wp-content\/uploads\/2024\/01\/2-Molise-5.jpg\" loading=\"lazy\">\n\t\t\t\t<figcaption>\n\t\t\t\t\t\n\t\t\t\t<\/figcaption>\n\t\t\t<\/figure>\n\t\t\t<figure class=\"post-gallery-item\">\n\t\t\t\t<img decoding=\"async\" src=\"https:\/\/www.pressenza.com\/wp-content\/uploads\/2024\/01\/3-Molise-5.jpg\" loading=\"lazy\">\n\t\t\t\t<figcaption>\n\t\t\t\t\t\n\t\t\t\t<\/figcaption>\n\t\t\t<\/figure>\n\t\t\t<figure class=\"post-gallery-item\">\n\t\t\t\t<img decoding=\"async\" src=\"https:\/\/www.pressenza.com\/wp-content\/uploads\/2024\/01\/4-Molise-5.jpg\" loading=\"lazy\">\n\t\t\t\t<figcaption>\n\t\t\t\t\t\n\t\t\t\t<\/figcaption>\n\t\t\t<\/figure>\n\t\t\t<figure class=\"post-gallery-item\">\n\t\t\t\t<img decoding=\"async\" src=\"https:\/\/www.pressenza.com\/wp-content\/uploads\/2024\/01\/5-Molise-5.jpg\" loading=\"lazy\">\n\t\t\t\t<figcaption>\n\t\t\t\t\t\n\t\t\t\t<\/figcaption>\n\t\t\t<\/figure>\n\t\t\t<figure class=\"post-gallery-item\">\n\t\t\t\t<img decoding=\"async\" src=\"https:\/\/www.pressenza.com\/wp-content\/uploads\/2024\/01\/6-Molise-5.jpg\" loading=\"lazy\">\n\t\t\t\t<figcaption>\n\t\t\t\t\t\n\t\t\t\t<\/figcaption>\n\t\t\t<\/figure>\n\t\t\t<figure class=\"post-gallery-item\">\n\t\t\t\t<img decoding=\"async\" src=\"https:\/\/www.pressenza.com\/wp-content\/uploads\/2024\/01\/7-Molise-5.jpg\" loading=\"lazy\">\n\t\t\t\t<figcaption>\n\t\t\t\t\t\n\t\t\t\t<\/figcaption>\n\t\t\t<\/figure>\n\t\t\t<figure class=\"post-gallery-item\">\n\t\t\t\t<img decoding=\"async\" src=\"https:\/\/www.pressenza.com\/wp-content\/uploads\/2024\/01\/8-Molise-5.jpg\" loading=\"lazy\">\n\t\t\t\t<figcaption>\n\t\t\t\t\t\n\t\t\t\t<\/figcaption>\n\t\t\t<\/figure>\n\t\t\t<figure class=\"post-gallery-item\">\n\t\t\t\t<img decoding=\"async\" src=\"https:\/\/www.pressenza.com\/wp-content\/uploads\/2024\/01\/9-Molise-5.jpg\" loading=\"lazy\">\n\t\t\t\t<figcaption>\n\t\t\t\t\t\n\t\t\t\t<\/figcaption>\n\t\t\t<\/figure>\n\t\t\t<figure class=\"post-gallery-item\">\n\t\t\t\t<img decoding=\"async\" src=\"https:\/\/www.pressenza.com\/wp-content\/uploads\/2024\/01\/10-Molise-5.jpg\" loading=\"lazy\">\n\t\t\t\t<figcaption>\n\t\t\t\t\t\n\t\t\t\t<\/figcaption>\n\t\t\t<\/figure>\n\t\t\t<figure class=\"post-gallery-item\">\n\t\t\t\t<img decoding=\"async\" src=\"https:\/\/www.pressenza.com\/wp-content\/uploads\/2024\/01\/11-Molise-5.jpg\" loading=\"lazy\">\n\t\t\t\t<figcaption>\n\t\t\t\t\t\n\t\t\t\t<\/figcaption>\n\t\t\t<\/figure>\n\t\t\t<figure class=\"post-gallery-item\">\n\t\t\t\t<img decoding=\"async\" src=\"https:\/\/www.pressenza.com\/wp-content\/uploads\/2024\/01\/12-Molise-5.jpg\" loading=\"lazy\">\n\t\t\t\t<figcaption>\n\t\t\t\t\t\n\t\t\t\t<\/figcaption>\n\t\t\t<\/figure>\n\t\t\t<figure class=\"post-gallery-item\">\n\t\t\t\t<img decoding=\"async\" src=\"https:\/\/www.pressenza.com\/wp-content\/uploads\/2024\/01\/13-Molise-5.jpg\" loading=\"lazy\">\n\t\t\t\t<figcaption>\n\t\t\t\t\t\n\t\t\t\t<\/figcaption>\n\t\t\t<\/figure>\n\t\t\t<figure class=\"post-gallery-item\">\n\t\t\t\t<img decoding=\"async\" src=\"https:\/\/www.pressenza.com\/wp-content\/uploads\/2024\/01\/14-Molise-5.jpg\" loading=\"lazy\">\n\t\t\t\t<figcaption>\n\t\t\t\t\t\n\t\t\t\t<\/figcaption>\n\t\t\t<\/figure>\n\t\t\t<figure class=\"post-gallery-item\">\n\t\t\t\t<img decoding=\"async\" src=\"https:\/\/www.pressenza.com\/wp-content\/uploads\/2024\/01\/15-Molise-5.jpg\" loading=\"lazy\">\n\t\t\t\t<figcaption>\n\t\t\t\t\t\n\t\t\t\t<\/figcaption>\n\t\t\t<\/figure>\n\t\t\t<figure class=\"post-gallery-item\">\n\t\t\t\t<img decoding=\"async\" src=\"https:\/\/www.pressenza.com\/wp-content\/uploads\/2024\/01\/16-Molise-5.jpg\" loading=\"lazy\">\n\t\t\t\t<figcaption>\n\t\t\t\t\t\n\t\t\t\t<\/figcaption>\n\t\t\t<\/figure><\/div>\n<p>Federica, una delle mamme, mi spiega: \u201c<i>Il sindaco dice che il bene viene restituito alla collettivit\u00e0, ma dal mio punto di vista lui prima rade al suolo la villa poi ne cambia completamente la destinazione d\u2019uso. Perci\u00f2, quello che viene restituito alla cittadinanza \u00e8 una cosa totalmente differente. Penso che, se prima abbatti un simbolo e poi costruisci qualcos&#8217;altro, \u00e8 chiaro che la memoria di quel luogo la vuoi cancellare<\/i>\u201d.<\/p>\n<p>Due, tre striscioni, un paio di megafoni, ma le pi\u00f9 belle sono le voci dei bimbi che continuano a gridare impavidi: \u201cCittadino non stare l\u00ec a guardare! Via Molise 5 \u00e8 da salvare!\u201d Palazzoni enormi e silenti intorno, un sole che sembra una luna, un freddo che si fa fatica a reggere. Pino Cassata, in testa al corteo, grida nel megafono la rabbia e la vergogna per quello che rischia di succedere. Il corteo termina all&#8217;interno del bene comune: bello, colorato, accogliente. Due tavolate con bevande calde e dolci, musica, qualche discorso mentre alcuni bimbi corrono e giocano nel bel parco.<\/p>\n<p>Ma su tutte emergono le parole di Rebecca, che legge con grande disinvoltura, al microfono, quello che aveva scritto un anno fa quando di anni ne aveva 11, ci tiene a sottolineare\u2026<\/p>\n<p>Di seguito il testo dell&#8217;intervento, leggetelo, merita. Una gran bella giornata che fa ben sperare: chiss\u00e0 che il Comune capisca che quel Bene Comune deve rimanere l\u00ec, con la meravigliosa funzione che ha avuto in questi 5 anni.<\/p>\n<p>\u201c<i>Di Rebecca Sophie inviata agendina rossa da Molise 5.<\/i><\/p>\n<p><i>Ciao, sono Rebecca , ho 12 anni e vorrei parlarvi di un luogo speciale che rischia di non esserci pi\u00f9 .<\/i><\/p>\n<p><i>MOLISE 5 \u00e8 una villetta che \u00e8 stata confiscata alla mafia, pi\u00f9 precisamente a un trafficante di droga di Rozzano agli inizi del 2000 circa. Cinque anni fa \u00e8 stata affidata a un gruppo di volontari, il \u201cComitato Molise 5\u201d, che tutt\u2019ora lavora per renderla un posto migliore.<\/i><\/p>\n<p><i>Hanno fatto l\u2019orto, il centro estivo, ci sono stati gli scout, hanno sistemato l\u2019interno, o almeno quello che gli \u00e8 stato permesso, hanno fatto un laboratorio di teatro con dei ragazzi disabili, sono venuti i detenuti a lavorarci e molto altro ancora, insomma l\u2019hanno reso un posto per la comunit\u00e0. <\/i><\/p>\n<p><i>A luglio ho sentito dire che Molise 5 sarebbe andato ad altre associazioni o sarebbe tornato al comune e gi\u00e0 non ero d\u2019accordo, perch\u00e9 \u00e8 un posto che mi piace molto, ma solo a settembre ho scoperto la decisione che era stata presa: IL COMUNE DI ROZZANO, SENZA PARLARNE CON IL COMITATO, AVEVA DECISO DI ABBATTERE LA VILLETTA. <\/i><\/p>\n<p><i>Trovo sbagliato soprattutto che sia stato deciso senza discuterne prima con chi ci lavora da anni.<\/i><\/p>\n<p><i>Il comune ha deciso di costruire al suo posto due monolocali per persone senza tetto e non ho capito cos\u2019altro, ma per quanto io sia d\u2019accordo ad aiutare le persone in difficolt\u00e0 vorrebbe dire distruggere un sacco di lavoro di vari cittadini e privare persone e soprattutto ragazzi di un luogo di memoria, libert\u00e0, dove puoi imparare un sacco di cose e conoscere molte storie di vittime di mafia.<\/i><\/p>\n<p><i>Il mio pensiero riguardo a questa storia \u00e8 che \u00e8 sbagliato distruggere questo posto perch\u00e9 qua ho un sacco di spazio a disposizione, ho imparato tantissime cose e ho conosciuto questo nemico che \u00e8 la mafia.<\/i><\/p>\n<p><i>A Molise 5 ho anche scritto due poesie che hanno vinto dei premi e riconoscimenti e infatti lo trovo un luogo d\u2019ispirazione.<\/i><\/p>\n<p><i>Ma fortunatamente non sono l\u2019unica persona a pensarla cos\u00ec e oltre a ci\u00f2 che pensano gli adulti volevo sentire ci\u00f2 che pensano i bambini e i ragazzi e quindi ho deciso di intervistarne alcuni. Ecco le loro risposte:<\/i><\/p>\n<p><b>Christian, 12 anni<\/b>: conosco Molise perch\u00e8 l\u00ec ho frequentato il centro estivo: \u00e8 un&#8217;attivit\u00e0 molto bella perch\u00e8 ti toglie dal mondo della tecnologia. Al Sindaco vorrei dire: non abbattetelo perch\u00e8 aiuta molti ragazzi dipendenti dalla tecnologia.<\/p>\n<p><b>Damiano, 10 anni<\/b>: a Molise ho potuto fare tante attivit\u00e0, laboratori, e campi estivi. Mi piace perch\u00e8 ci sono le piante, l&#8217;orto, gli alberi e posso fare tante cose insieme ad altri e trovare tanti amici. \u201cCaro\u201d Sindaco, non abbattete Molise 5 perch\u00e8 \u00e8 un luogo ricco di tante cose belle, \u00e8 pieno di bei ricordi e di possibili nuovi ricordi! Grazie!<\/p>\n<p><b>Ida, 12 anni<\/b>: ho conosciuto questo posto grazie a te, Rebecca. Il giardino \u00e8 grande e spazioso. E&#8217; ingiusto che lo abbattano perch\u00e8 ci sono persone affezionate, d&#8217;estate si fanno tante cose, ci si diverte.<\/p>\n<p><b>Rebecca Angelica, 12 anni<\/b>: conosco Molise 5 grazie a una mia cara amica, mi piace perch\u00e8 \u00e8 un posto dove possiamo divertirci tutti insieme. Sono contraria all&#8217;abbattimento di Molise 5, perch\u00e9 \u00e8 un monumento molto importante e trovo ingiustificato abbatterlo, \u00e8 come se abbattendolo vincesse la mafia.<\/p>\n<p><b>Micaela, 12 anni<\/b>: qui ho fatto il centro estivo, mi sono divertita molto e trovo che sia un buon ritrovo per i giovani. Non voglio che lo abbattano, \u00e8 come se abbattendolo vincesse la mafia.<\/p>\n<p><b>Penelope, 9 anni<\/b>: i miei genitori fanno parte dell&#8217; associazione. Questo posto ha un sacco di robe: le tartarughe, l\u2019orto, un grande giardino e tanti alberi. Abbatterlo direi che questa \u00e8 una cosa brutta perch\u00e9 ammazzano gli alberi e distruggono una casa interessante e bella.<\/p>\n<p><b>Marissa, 8 anni<\/b>: conosco Molise 5 perch\u00e9 ho fatto il campo estivo, mi piace tantissimo perch\u00e9 \u00e8 pieno di libri, c&#8217;\u00e8 l&#8217;altalena, ci sono le tartarughe e poi ho fatto nuove esperienze, come dormire in tenda con le mie amiche. Non voglio che lo abbattano perch\u00e9 verrebbe tolto un bel posto dove divertirci e festeggiare tutti insieme, chiederei al Sindaco di ripensarci e lasciarci questo posto.<\/p>\n<p><b>Alessia, 7 anni<\/b>: qui ho fatto un campo estivo e ho fatto la prima notte in tenda nel bellissimo giardino con i miei amici. Non abbattetelo perch\u00e9 si possono fare tante attivit\u00e0, e poi le tartarughe dove andrebbero?<\/p>\n<p><b>Davide, 12 anni<\/b>: conosco questo posto grazie a mia mamma, mi piace il prato per giocare a calcio. Secondo me quella casa deve restare, perch\u00e9 pu\u00f2 sconfiggere la mafia.<\/p>\n<p><i>Queste sono le risposte di alcuni ragazzi che hanno frequentato Molise 5, ci sono cresciuti e, come me, tengono a questo posto. <\/i><\/p>\n<p><i>Spero che il sindaco ripensi alla demolizione, perch\u00e9 se venisse abbattuto molte cose smetterebbero di esistere: smetteremmo di giocare nel giardino, di star insieme, di parlare di mafia. Tutto sar\u00e0 dimenticato. <\/i><\/p>\n<p><i>Rebecca Sophie<\/i><\/p>\n","protected":false},"excerpt":{"rendered":"<p>Alla fine dell\u2019anno avevamo descritto la difficile situazione in cui versava un importante bene confiscato alla mafia e a rischio demolizione: una villa che da 5 anni vede un nutrito gruppo di volontarie e volontari che si inventano numerose attivit\u00e0&hellip;<\/p>\n","protected":false},"author":1537,"featured_media":1793106,"comment_status":"closed","ping_status":"closed","sticky":false,"template":"","format":"standard","meta":{"footnotes":""},"categories":[11388,60,47],"tags":[90784,119279,118949],"class_list":["post-1793105","post","type-post","status-publish","format-standard","has-post-thumbnail","hentry","category-contenuti-originali","category-diritti-umani","category-europa","tag-beni-confiscati-alla-mafia","tag-molise-5","tag-rozzano"],"yoast_head":"<!-- This site is optimized with the Yoast SEO plugin v27.1.1 - https:\/\/yoast.com\/product\/yoast-seo-wordpress\/ -->\n<title>Rozzano, Milano: che fine far\u00e0 Molise 5, il bene confiscato alla mafia?<\/title>\n<meta name=\"description\" content=\"Molise 5 \u00e8 una villa che da 5 anni vede un nutrito gruppo di volontarie e volontari che si inventano numerose attivit\u00e0 con le scuole (dall\u2019infanzia alle superiori), con gli scout, con le associazioni e gli abitanti della zona\" \/>\n<meta name=\"robots\" content=\"index, follow, max-snippet:-1, max-image-preview:large, max-video-preview:-1\" \/>\n<link rel=\"canonical\" href=\"https:\/\/www.pressenza.com\/it\/2024\/01\/rozzano-milano-che-fine-fara-molise-5-il-bene-confiscato-alla-mafia\/\" \/>\n<meta property=\"og:locale\" content=\"it_IT\" \/>\n<meta property=\"og:type\" content=\"article\" \/>\n<meta property=\"og:title\" content=\"Rozzano, Milano: che fine far\u00e0 Molise 5, il bene confiscato alla mafia?\" \/>\n<meta property=\"og:description\" content=\"Molise 5 \u00e8 una villa che da 5 anni vede un nutrito gruppo di volontarie e volontari che si inventano numerose attivit\u00e0 con le scuole (dall\u2019infanzia alle superiori), con gli scout, con le associazioni e gli abitanti della zona\" \/>\n<meta property=\"og:url\" content=\"https:\/\/www.pressenza.com\/it\/2024\/01\/rozzano-milano-che-fine-fara-molise-5-il-bene-confiscato-alla-mafia\/\" \/>\n<meta property=\"og:site_name\" content=\"Pressenza\" \/>\n<meta property=\"article:publisher\" content=\"https:\/\/www.facebook.com\/PressenzaItalia\" \/>\n<meta property=\"article:published_time\" content=\"2024-01-13T20:29:51+00:00\" \/>\n<meta property=\"article:modified_time\" content=\"2024-01-13T20:32:08+00:00\" \/>\n<meta property=\"og:image\" content=\"https:\/\/www.pressenza.com\/wp-content\/uploads\/2024\/01\/Molise-5-titolo.jpg\" \/>\n\t<meta property=\"og:image:width\" content=\"820\" \/>\n\t<meta property=\"og:image:height\" content=\"540\" \/>\n\t<meta property=\"og:image:type\" content=\"image\/jpeg\" \/>\n<meta name=\"author\" content=\"Andrea De Lotto\" \/>\n<meta name=\"twitter:card\" content=\"summary_large_image\" \/>\n<meta name=\"twitter:creator\" content=\"@PressenzaIPA\" \/>\n<meta name=\"twitter:site\" content=\"@PressenzaIPA\" \/>\n<meta name=\"twitter:label1\" content=\"Scritto da\" \/>\n\t<meta name=\"twitter:data1\" content=\"Andrea De Lotto\" \/>\n\t<meta name=\"twitter:label2\" content=\"Tempo di lettura stimato\" \/>\n\t<meta name=\"twitter:data2\" content=\"7 minuti\" \/>\n<script type=\"application\/ld+json\" class=\"yoast-schema-graph\">{\"@context\":\"https:\/\/schema.org\",\"@graph\":[{\"@type\":\"Article\",\"@id\":\"https:\/\/www.pressenza.com\/it\/2024\/01\/rozzano-milano-che-fine-fara-molise-5-il-bene-confiscato-alla-mafia\/#article\",\"isPartOf\":{\"@id\":\"https:\/\/www.pressenza.com\/it\/2024\/01\/rozzano-milano-che-fine-fara-molise-5-il-bene-confiscato-alla-mafia\/\"},\"author\":{\"name\":\"Andrea De Lotto\",\"@id\":\"https:\/\/www.pressenza.com\/it\/#\/schema\/person\/6388dc0281afd7eeb72a1763aca696a4\"},\"headline\":\"Rozzano, Milano: che fine far\u00e0 Molise 5, il bene confiscato alla mafia?\",\"datePublished\":\"2024-01-13T20:29:51+00:00\",\"dateModified\":\"2024-01-13T20:32:08+00:00\",\"mainEntityOfPage\":{\"@id\":\"https:\/\/www.pressenza.com\/it\/2024\/01\/rozzano-milano-che-fine-fara-molise-5-il-bene-confiscato-alla-mafia\/\"},\"wordCount\":1206,\"publisher\":{\"@id\":\"https:\/\/www.pressenza.com\/it\/#organization\"},\"image\":{\"@id\":\"https:\/\/www.pressenza.com\/it\/2024\/01\/rozzano-milano-che-fine-fara-molise-5-il-bene-confiscato-alla-mafia\/#primaryimage\"},\"thumbnailUrl\":\"https:\/\/www.pressenza.com\/wp-content\/uploads\/2024\/01\/Molise-5-titolo.jpg\",\"keywords\":[\"beni confiscati alla mafia\",\"Molise 5\",\"Rozzano\"],\"articleSection\":[\"contenuti originali\",\"Diritti Umani\",\"Europa\"],\"inLanguage\":\"it-IT\"},{\"@type\":\"WebPage\",\"@id\":\"https:\/\/www.pressenza.com\/it\/2024\/01\/rozzano-milano-che-fine-fara-molise-5-il-bene-confiscato-alla-mafia\/\",\"url\":\"https:\/\/www.pressenza.com\/it\/2024\/01\/rozzano-milano-che-fine-fara-molise-5-il-bene-confiscato-alla-mafia\/\",\"name\":\"Rozzano, Milano: che fine far\u00e0 Molise 5, il bene confiscato alla mafia?\",\"isPartOf\":{\"@id\":\"https:\/\/www.pressenza.com\/it\/#website\"},\"primaryImageOfPage\":{\"@id\":\"https:\/\/www.pressenza.com\/it\/2024\/01\/rozzano-milano-che-fine-fara-molise-5-il-bene-confiscato-alla-mafia\/#primaryimage\"},\"image\":{\"@id\":\"https:\/\/www.pressenza.com\/it\/2024\/01\/rozzano-milano-che-fine-fara-molise-5-il-bene-confiscato-alla-mafia\/#primaryimage\"},\"thumbnailUrl\":\"https:\/\/www.pressenza.com\/wp-content\/uploads\/2024\/01\/Molise-5-titolo.jpg\",\"datePublished\":\"2024-01-13T20:29:51+00:00\",\"dateModified\":\"2024-01-13T20:32:08+00:00\",\"description\":\"Molise 5 \u00e8 una villa che da 5 anni vede un nutrito gruppo di volontarie e volontari che si inventano numerose attivit\u00e0 con le scuole (dall\u2019infanzia alle superiori), con gli scout, con le associazioni e gli abitanti della zona\",\"breadcrumb\":{\"@id\":\"https:\/\/www.pressenza.com\/it\/2024\/01\/rozzano-milano-che-fine-fara-molise-5-il-bene-confiscato-alla-mafia\/#breadcrumb\"},\"inLanguage\":\"it-IT\",\"potentialAction\":[{\"@type\":\"ReadAction\",\"target\":[\"https:\/\/www.pressenza.com\/it\/2024\/01\/rozzano-milano-che-fine-fara-molise-5-il-bene-confiscato-alla-mafia\/\"]}]},{\"@type\":\"ImageObject\",\"inLanguage\":\"it-IT\",\"@id\":\"https:\/\/www.pressenza.com\/it\/2024\/01\/rozzano-milano-che-fine-fara-molise-5-il-bene-confiscato-alla-mafia\/#primaryimage\",\"url\":\"https:\/\/www.pressenza.com\/wp-content\/uploads\/2024\/01\/Molise-5-titolo.jpg\",\"contentUrl\":\"https:\/\/www.pressenza.com\/wp-content\/uploads\/2024\/01\/Molise-5-titolo.jpg\",\"width\":820,\"height\":540},{\"@type\":\"BreadcrumbList\",\"@id\":\"https:\/\/www.pressenza.com\/it\/2024\/01\/rozzano-milano-che-fine-fara-molise-5-il-bene-confiscato-alla-mafia\/#breadcrumb\",\"itemListElement\":[{\"@type\":\"ListItem\",\"position\":1,\"name\":\"Accueil\",\"item\":\"https:\/\/www.pressenza.com\/it\/\"},{\"@type\":\"ListItem\",\"position\":2,\"name\":\"Rozzano, Milano: che fine far\u00e0 Molise 5, il bene confiscato alla mafia?\"}]},{\"@type\":\"WebSite\",\"@id\":\"https:\/\/www.pressenza.com\/it\/#website\",\"url\":\"https:\/\/www.pressenza.com\/it\/\",\"name\":\"Pressenza\",\"description\":\"Agenzia di Stampa Internazionale\",\"publisher\":{\"@id\":\"https:\/\/www.pressenza.com\/it\/#organization\"},\"potentialAction\":[{\"@type\":\"SearchAction\",\"target\":{\"@type\":\"EntryPoint\",\"urlTemplate\":\"https:\/\/www.pressenza.com\/it\/?s={search_term_string}\"},\"query-input\":{\"@type\":\"PropertyValueSpecification\",\"valueRequired\":true,\"valueName\":\"search_term_string\"}}],\"inLanguage\":\"it-IT\"},{\"@type\":\"Organization\",\"@id\":\"https:\/\/www.pressenza.com\/it\/#organization\",\"name\":\"Pressenza\",\"url\":\"https:\/\/www.pressenza.com\/it\/\",\"logo\":{\"@type\":\"ImageObject\",\"inLanguage\":\"it-IT\",\"@id\":\"https:\/\/www.pressenza.com\/it\/#\/schema\/logo\/image\/\",\"url\":\"https:\/\/www.pressenza.com\/wp-content\/uploads\/2022\/10\/pressenza_logo_200x200.jpg\",\"contentUrl\":\"https:\/\/www.pressenza.com\/wp-content\/uploads\/2022\/10\/pressenza_logo_200x200.jpg\",\"width\":200,\"height\":200,\"caption\":\"Pressenza\"},\"image\":{\"@id\":\"https:\/\/www.pressenza.com\/it\/#\/schema\/logo\/image\/\"},\"sameAs\":[\"https:\/\/www.facebook.com\/PressenzaItalia\",\"https:\/\/x.com\/PressenzaIPA\"]},{\"@type\":\"Person\",\"@id\":\"https:\/\/www.pressenza.com\/it\/#\/schema\/person\/6388dc0281afd7eeb72a1763aca696a4\",\"name\":\"Andrea De Lotto\",\"url\":\"https:\/\/www.pressenza.com\/it\/author\/andrea-de-lotto\/\"}]}<\/script>\n<!-- \/ Yoast SEO plugin. -->","yoast_head_json":{"title":"Rozzano, Milano: che fine far\u00e0 Molise 5, il bene confiscato alla mafia?","description":"Molise 5 \u00e8 una villa che da 5 anni vede un nutrito gruppo di volontarie e volontari che si inventano numerose attivit\u00e0 con le scuole (dall\u2019infanzia alle superiori), con gli scout, con le associazioni e gli abitanti della zona","robots":{"index":"index","follow":"follow","max-snippet":"max-snippet:-1","max-image-preview":"max-image-preview:large","max-video-preview":"max-video-preview:-1"},"canonical":"https:\/\/www.pressenza.com\/it\/2024\/01\/rozzano-milano-che-fine-fara-molise-5-il-bene-confiscato-alla-mafia\/","og_locale":"it_IT","og_type":"article","og_title":"Rozzano, Milano: che fine far\u00e0 Molise 5, il bene confiscato alla mafia?","og_description":"Molise 5 \u00e8 una villa che da 5 anni vede un nutrito gruppo di volontarie e volontari che si inventano numerose attivit\u00e0 con le scuole (dall\u2019infanzia alle superiori), con gli scout, con le associazioni e gli abitanti della zona","og_url":"https:\/\/www.pressenza.com\/it\/2024\/01\/rozzano-milano-che-fine-fara-molise-5-il-bene-confiscato-alla-mafia\/","og_site_name":"Pressenza","article_publisher":"https:\/\/www.facebook.com\/PressenzaItalia","article_published_time":"2024-01-13T20:29:51+00:00","article_modified_time":"2024-01-13T20:32:08+00:00","og_image":[{"width":820,"height":540,"url":"https:\/\/www.pressenza.com\/wp-content\/uploads\/2024\/01\/Molise-5-titolo.jpg","type":"image\/jpeg"}],"author":"Andrea De Lotto","twitter_card":"summary_large_image","twitter_creator":"@PressenzaIPA","twitter_site":"@PressenzaIPA","twitter_misc":{"Scritto da":"Andrea De Lotto","Tempo di lettura stimato":"7 minuti"},"schema":{"@context":"https:\/\/schema.org","@graph":[{"@type":"Article","@id":"https:\/\/www.pressenza.com\/it\/2024\/01\/rozzano-milano-che-fine-fara-molise-5-il-bene-confiscato-alla-mafia\/#article","isPartOf":{"@id":"https:\/\/www.pressenza.com\/it\/2024\/01\/rozzano-milano-che-fine-fara-molise-5-il-bene-confiscato-alla-mafia\/"},"author":{"name":"Andrea De Lotto","@id":"https:\/\/www.pressenza.com\/it\/#\/schema\/person\/6388dc0281afd7eeb72a1763aca696a4"},"headline":"Rozzano, Milano: che fine far\u00e0 Molise 5, il bene confiscato alla mafia?","datePublished":"2024-01-13T20:29:51+00:00","dateModified":"2024-01-13T20:32:08+00:00","mainEntityOfPage":{"@id":"https:\/\/www.pressenza.com\/it\/2024\/01\/rozzano-milano-che-fine-fara-molise-5-il-bene-confiscato-alla-mafia\/"},"wordCount":1206,"publisher":{"@id":"https:\/\/www.pressenza.com\/it\/#organization"},"image":{"@id":"https:\/\/www.pressenza.com\/it\/2024\/01\/rozzano-milano-che-fine-fara-molise-5-il-bene-confiscato-alla-mafia\/#primaryimage"},"thumbnailUrl":"https:\/\/www.pressenza.com\/wp-content\/uploads\/2024\/01\/Molise-5-titolo.jpg","keywords":["beni confiscati alla mafia","Molise 5","Rozzano"],"articleSection":["contenuti originali","Diritti Umani","Europa"],"inLanguage":"it-IT"},{"@type":"WebPage","@id":"https:\/\/www.pressenza.com\/it\/2024\/01\/rozzano-milano-che-fine-fara-molise-5-il-bene-confiscato-alla-mafia\/","url":"https:\/\/www.pressenza.com\/it\/2024\/01\/rozzano-milano-che-fine-fara-molise-5-il-bene-confiscato-alla-mafia\/","name":"Rozzano, Milano: che fine far\u00e0 Molise 5, il bene confiscato alla mafia?","isPartOf":{"@id":"https:\/\/www.pressenza.com\/it\/#website"},"primaryImageOfPage":{"@id":"https:\/\/www.pressenza.com\/it\/2024\/01\/rozzano-milano-che-fine-fara-molise-5-il-bene-confiscato-alla-mafia\/#primaryimage"},"image":{"@id":"https:\/\/www.pressenza.com\/it\/2024\/01\/rozzano-milano-che-fine-fara-molise-5-il-bene-confiscato-alla-mafia\/#primaryimage"},"thumbnailUrl":"https:\/\/www.pressenza.com\/wp-content\/uploads\/2024\/01\/Molise-5-titolo.jpg","datePublished":"2024-01-13T20:29:51+00:00","dateModified":"2024-01-13T20:32:08+00:00","description":"Molise 5 \u00e8 una villa che da 5 anni vede un nutrito gruppo di volontarie e volontari che si inventano numerose attivit\u00e0 con le scuole (dall\u2019infanzia alle superiori), con gli scout, con le associazioni e gli abitanti della zona","breadcrumb":{"@id":"https:\/\/www.pressenza.com\/it\/2024\/01\/rozzano-milano-che-fine-fara-molise-5-il-bene-confiscato-alla-mafia\/#breadcrumb"},"inLanguage":"it-IT","potentialAction":[{"@type":"ReadAction","target":["https:\/\/www.pressenza.com\/it\/2024\/01\/rozzano-milano-che-fine-fara-molise-5-il-bene-confiscato-alla-mafia\/"]}]},{"@type":"ImageObject","inLanguage":"it-IT","@id":"https:\/\/www.pressenza.com\/it\/2024\/01\/rozzano-milano-che-fine-fara-molise-5-il-bene-confiscato-alla-mafia\/#primaryimage","url":"https:\/\/www.pressenza.com\/wp-content\/uploads\/2024\/01\/Molise-5-titolo.jpg","contentUrl":"https:\/\/www.pressenza.com\/wp-content\/uploads\/2024\/01\/Molise-5-titolo.jpg","width":820,"height":540},{"@type":"BreadcrumbList","@id":"https:\/\/www.pressenza.com\/it\/2024\/01\/rozzano-milano-che-fine-fara-molise-5-il-bene-confiscato-alla-mafia\/#breadcrumb","itemListElement":[{"@type":"ListItem","position":1,"name":"Accueil","item":"https:\/\/www.pressenza.com\/it\/"},{"@type":"ListItem","position":2,"name":"Rozzano, Milano: che fine far\u00e0 Molise 5, il bene confiscato alla mafia?"}]},{"@type":"WebSite","@id":"https:\/\/www.pressenza.com\/it\/#website","url":"https:\/\/www.pressenza.com\/it\/","name":"Pressenza","description":"Agenzia di Stampa Internazionale","publisher":{"@id":"https:\/\/www.pressenza.com\/it\/#organization"},"potentialAction":[{"@type":"SearchAction","target":{"@type":"EntryPoint","urlTemplate":"https:\/\/www.pressenza.com\/it\/?s={search_term_string}"},"query-input":{"@type":"PropertyValueSpecification","valueRequired":true,"valueName":"search_term_string"}}],"inLanguage":"it-IT"},{"@type":"Organization","@id":"https:\/\/www.pressenza.com\/it\/#organization","name":"Pressenza","url":"https:\/\/www.pressenza.com\/it\/","logo":{"@type":"ImageObject","inLanguage":"it-IT","@id":"https:\/\/www.pressenza.com\/it\/#\/schema\/logo\/image\/","url":"https:\/\/www.pressenza.com\/wp-content\/uploads\/2022\/10\/pressenza_logo_200x200.jpg","contentUrl":"https:\/\/www.pressenza.com\/wp-content\/uploads\/2022\/10\/pressenza_logo_200x200.jpg","width":200,"height":200,"caption":"Pressenza"},"image":{"@id":"https:\/\/www.pressenza.com\/it\/#\/schema\/logo\/image\/"},"sameAs":["https:\/\/www.facebook.com\/PressenzaItalia","https:\/\/x.com\/PressenzaIPA"]},{"@type":"Person","@id":"https:\/\/www.pressenza.com\/it\/#\/schema\/person\/6388dc0281afd7eeb72a1763aca696a4","name":"Andrea De Lotto","url":"https:\/\/www.pressenza.com\/it\/author\/andrea-de-lotto\/"}]}},"place":"","original_article_url":"","_links":{"self":[{"href":"https:\/\/www.pressenza.com\/it\/wp-json\/wp\/v2\/posts\/1793105","targetHints":{"allow":["GET"]}}],"collection":[{"href":"https:\/\/www.pressenza.com\/it\/wp-json\/wp\/v2\/posts"}],"about":[{"href":"https:\/\/www.pressenza.com\/it\/wp-json\/wp\/v2\/types\/post"}],"author":[{"embeddable":true,"href":"https:\/\/www.pressenza.com\/it\/wp-json\/wp\/v2\/users\/1537"}],"replies":[{"embeddable":true,"href":"https:\/\/www.pressenza.com\/it\/wp-json\/wp\/v2\/comments?post=1793105"}],"version-history":[{"count":0,"href":"https:\/\/www.pressenza.com\/it\/wp-json\/wp\/v2\/posts\/1793105\/revisions"}],"wp:featuredmedia":[{"embeddable":true,"href":"https:\/\/www.pressenza.com\/it\/wp-json\/wp\/v2\/media\/1793106"}],"wp:attachment":[{"href":"https:\/\/www.pressenza.com\/it\/wp-json\/wp\/v2\/media?parent=1793105"}],"wp:term":[{"taxonomy":"category","embeddable":true,"href":"https:\/\/www.pressenza.com\/it\/wp-json\/wp\/v2\/categories?post=1793105"},{"taxonomy":"post_tag","embeddable":true,"href":"https:\/\/www.pressenza.com\/it\/wp-json\/wp\/v2\/tags?post=1793105"}],"curies":[{"name":"wp","href":"https:\/\/api.w.org\/{rel}","templated":true}]}}