{"id":1792394,"date":"2024-01-09T16:14:14","date_gmt":"2024-01-09T16:14:14","guid":{"rendered":"https:\/\/www.pressenza.com\/?p=1792394"},"modified":"2024-01-09T16:14:14","modified_gmt":"2024-01-09T16:14:14","slug":"lo-stalu-un-altro-angolo-della-franciacorta-che-rischia-di-andare-perduto-a-favore-dellagrobusiness","status":"publish","type":"post","link":"https:\/\/www.pressenza.com\/it\/2024\/01\/lo-stalu-un-altro-angolo-della-franciacorta-che-rischia-di-andare-perduto-a-favore-dellagrobusiness\/","title":{"rendered":"Lo \u201cStal\u00f9\u201d, un altro angolo della Franciacorta che rischia di andare perduto a favore dell&#8217;agrobusiness"},"content":{"rendered":"<p>A febbraio 2022 le associazioni ambientaliste locali Monte Alto e Progetto Ecosebino avevano <a href=\"https:\/\/www.pressenza.com\/it\/2022\/02\/progetto-ecosebino-salviamo-lo-stalu-e-il-monte-alto-dalla-speculazione\/\">puntato<\/a> il dito contro i progetti di impianti viticoli in alta quota che avrebbero spazzato via i boschi secolari dello Stal\u00f9 per rimpiazzarli con vigneti-immagine per il <em>brand<\/em> delle grandi produttrici del Vino Franciacorta. Lo Stallone (detto in dialetto <em>Stal\u00f9<\/em>) \u00e8 un prato collocato sul Monte Alto al confine tra i Comuni di Adro, Paratico e Capriolo, caratterizzato dalla convivenza tra bosco e prato. Si tratta di una suggestiva veduta del polmone verde sul Monte Alto destinata a scomparire per far spazio a nuovi vigneti.<\/p>\n<p>L\u2019Associazione Monte Alto e Progetto Ecosebino, insieme a Michele Parzani, che ha scelto di vivere circa 27 anni fa in questo luogo, avevano lanciato una petizione sottoscritta da 3.000 firme per evitare che l&#8217;area naturale dello Stallone ad Adro venisse denaturata per far spazio ad un nuovo insediamento di vigneti.<\/p>\n<p>Grazie alla contrariet\u00e0 dei residenti e dell&#8217;unico abitante dello Stal\u00f9, la propriet\u00e0 aveva deciso di prorogare fino a giugno 2023\u00a0la vendita del polmone verde promesso a una nota cantina vitivinicola della Franciacorta legata al magnate Vittorio Moretti. A suo tempo erano state\u00a0congelate tutte le trasformazioni\u00a0per un anno, per un accordo raggiunto in sede di una vertenza agraria di conciliazione, tra la propriet\u00e0 e il fondo, che avrebbe per iniziale contratto dovuto rimanere in affitto nell&#8217;area fino al 31 dicembre 2024.<\/p>\n<p>Nulla da fare: oggi Michele Parzani \u00e8 costretto con un anno di anticipo a lasciare quella terra. Per Parzani, curatore dello Stal\u00f9, \u00e8 un amaro <a href=\"https:\/\/www.bresciaoggi.it\/territorio-bresciano\/sebino-franciacorta\/monte-alto-franciacorta-stallone-vigneti-1.10499400\">addio<\/a>: \u201cLa Franciacorta perde cos\u00ec un altro angolo di natura a favore dell&#8217;agrobusiness. A nulla \u00e8 valsa la mobilitazione espressione di una visione popolare che confidava nella salvaguardia di questo prezioso luogo\u201d.<\/p>\n<p>Di fatto gli\u00a0impianti vitivinicoli in quota sono la nuova tendenza in Franciacorta, una strategia produttiva che ha preso piede negli ultimi tre anni.\u00a0Diverse colline moreniche presenti da Adro a Capriolo, Corte Franca e Iseo per citarne alcune conosciute, sono gi\u00e0 destinate ai vigneti e verranno ben presto trasformate.<\/p>\n<p>Le qualit\u00e0 dello Stallone sono ricercate. \u00c8 un terreno fertile secondo gli intenditori di vino per la produzione in alta quota. Si tratta di una collina che si sviluppa su per il Monte Alto e sale a pi\u00f9 di 500 metri sul livello del mare, (poco pi\u00f9 sopra, a 650 metri, c&#8217;\u00e8 la croce che spicca in vetta). Si estende sulla parte apicale del rilievo, dove si incontrano Adro, Capriolo, Corte Franca, Clusane e Paratico. \u201cCon questa operazione &#8211; ribadiscono oggi i contrari &#8211; si dice addio a un pezzo di storia lunga almeno due secoli\u201d.<\/p>\n<p>Neppure il PTGR Franciacorta sta mettendo al riparo dallo sfruttamento intensivo e dalla speculazione il delicato territorio. Paradossalmente lo strumento di governance e di programmazione urbanistica che propone nuove soluzioni di organizzazione territoriale orientate a ridurre il consumo di territorio viene\u00a0sacrificato allo sviluppo della viticoltura,\u00a0valore aggiunto del comprensorio. Nessuno contesta il valore e il diritto all&#8217;impresa dei viticoltori, ma servirebbe una\u00a0convivenza con la biodiversit\u00e0 del territorio.<\/p>\n<p>Secondo una mappa del 1831, presente negli archivi del Municipio di Adro in localit\u00e0 Stallone, vi \u00e8 la presenza di un bosco ceduo. Questo bosco ha diritto di esistere? Fino a quanto si pu\u00f2 spingere questo trend? Il timore \u00e8 che questo possa diventare un altro pericoloso precedente. Il Comune interessato, ovvero quello di Adro, prima di autorizzare qualsiasi operazione dovrebbe almeno pretendere una perizia da titolati per superare e garantire la stabilit\u00e0 idrogeologica assicurata dal vincolo esistente sulla zona interessata.<\/p>\n<p>Fedele al motto degli alpini \u201cPi\u00f9 salgo pi\u00f9 valgo\u201d, dopo la costruzione della Bellavista basata sullo sventramento della collina morenica, chiamata <em>Buslena<\/em> e le molte altre operazioni di speculazione del territorio con la sua ditta di prefabbricati, ora il signor Moretti porta l&#8217;attacco allo Stal\u00fa. \u201cAprir\u00e0 anche l\u00ec una succursale dell&#8217;Albereta?\u201d \u2013 ci chiediamo, sventrando un altro piccolo angolo di paradiso?<\/p>\n<p>Alcuni ambientalisti locali gi\u00e0 si domandano come si conciliano queste scelte imprenditoriali dissennate con i bei discorsi sull\u2019agroecologia e sulla valorizzazione della Terra e dei suoi ecosistemi fatti dal gastronomo Carlin Petrini, invitato dal signor Vittorio Moretti al Convento dell&#8217;Annunciata il 18 settembre 2020 per presentare il suo libro \u201cTerrafutura\u201d. Una vera contraddizioni di termini. Non \u00e8 un caso infatti che il Signor Moretti utilizzi la retorica sul \u201cbiologico\u201d come operazione di <a href=\"https:\/\/www.pressenza.com\/it\/2021\/04\/franciacorta-concert-hall-e-il-greenwashing-di-moretti-intervista-a-marco-dotti\/\">greenwashing<\/a> per farsi pubblicit\u00e0 e al contempo coprire il suo core business fatto di speculazione edilizia e cementificazione. Ricordiamo infatti quando sui giornali locali usc\u00ec un articolo sui <a href=\"https:\/\/www.giornaledibrescia.it\/economia\/bellavista-bio-trattori-addio-la-vigna-si-coltiva-coi-cavalli-1.3354056\">cavalli<\/a> che avrebbero sostituito i trattori al Bellavista, mentre la Moretti Spa progettava, il <a href=\"https:\/\/www.pressenza.com\/it\/2021\/02\/no-al-franciacorta-concert-hall-intervista-a-marco-dotti\/\">Concert Hall Franciacorta<\/a>, ora definitivamente bocciato: un immenso blocco di cemento nel bel mezzo del territorio.<\/p>\n<p>Nonostante ci\u00f2, le speranze per riuscire a trovare un nuovo accordo e salvaguardare lo Stal\u00f9 non sono ancora tramontate.<\/p>\n<p>&nbsp;<\/p>\n<p>&nbsp;<\/p>\n","protected":false},"excerpt":{"rendered":"<p>A febbraio 2022 le associazioni ambientaliste locali Monte Alto e Progetto Ecosebino avevano puntato il dito contro i progetti di impianti viticoli in alta quota che avrebbero spazzato via i boschi secolari dello Stal\u00f9 per rimpiazzarli con vigneti-immagine per il&hellip;<\/p>\n","protected":false},"author":1969,"featured_media":1520826,"comment_status":"closed","ping_status":"closed","sticky":false,"template":"","format":"standard","meta":{"footnotes":""},"categories":[150,59,47],"tags":[44210,46660,119188,119189,23624,119186,119187],"class_list":["post-1792394","post","type-post","status-publish","format-standard","has-post-thumbnail","hentry","category-comunicati-stampa","category-ambiente-ecologia","category-europa","tag-boschi","tag-franciacorta","tag-moretti","tag-sfruttamento-intensivo","tag-speculazione","tag-stalu","tag-vigneti"],"yoast_head":"<!-- This site is optimized with the Yoast SEO plugin v27.1.1 - https:\/\/yoast.com\/product\/yoast-seo-wordpress\/ -->\n<title>Lo \u201cStal\u00f9\u201d, un altro angolo della Franciacorta che rischia di andare perduto a favore dell&#039;agrobusiness<\/title>\n<meta name=\"description\" content=\"A febbraio 2022 le associazioni ambientaliste locali Monte Alto e Progetto Ecosebino avevano puntato il dito contro i progetti di impianti viticoli in\" \/>\n<meta name=\"robots\" content=\"index, follow, max-snippet:-1, max-image-preview:large, max-video-preview:-1\" \/>\n<link rel=\"canonical\" href=\"https:\/\/www.pressenza.com\/it\/2024\/01\/lo-stalu-un-altro-angolo-della-franciacorta-che-rischia-di-andare-perduto-a-favore-dellagrobusiness\/\" \/>\n<meta property=\"og:locale\" content=\"it_IT\" \/>\n<meta property=\"og:type\" content=\"article\" \/>\n<meta property=\"og:title\" content=\"Lo \u201cStal\u00f9\u201d, un altro angolo della Franciacorta che rischia di andare perduto a favore dell&#039;agrobusiness\" \/>\n<meta property=\"og:description\" content=\"A febbraio 2022 le associazioni ambientaliste locali Monte Alto e Progetto Ecosebino avevano puntato il dito contro i progetti di impianti viticoli in\" \/>\n<meta property=\"og:url\" content=\"https:\/\/www.pressenza.com\/it\/2024\/01\/lo-stalu-un-altro-angolo-della-franciacorta-che-rischia-di-andare-perduto-a-favore-dellagrobusiness\/\" \/>\n<meta property=\"og:site_name\" content=\"Pressenza\" \/>\n<meta property=\"article:publisher\" content=\"https:\/\/www.facebook.com\/PressenzaItalia\" \/>\n<meta property=\"article:published_time\" content=\"2024-01-09T16:14:14+00:00\" \/>\n<meta property=\"og:image\" content=\"https:\/\/www.pressenza.com\/wp-content\/uploads\/2022\/02\/Foto-Prato-Stalu-Primabrescia.it-1.jpg\" \/>\n\t<meta property=\"og:image:width\" content=\"680\" \/>\n\t<meta property=\"og:image:height\" content=\"408\" \/>\n\t<meta property=\"og:image:type\" content=\"image\/jpeg\" \/>\n<meta name=\"author\" content=\"Redazione Sebino Franciacorta\" \/>\n<meta name=\"twitter:card\" content=\"summary_large_image\" \/>\n<meta name=\"twitter:creator\" content=\"@PressenzaIPA\" \/>\n<meta name=\"twitter:site\" content=\"@PressenzaIPA\" \/>\n<meta name=\"twitter:label1\" content=\"Scritto da\" \/>\n\t<meta name=\"twitter:data1\" content=\"Redazione Sebino Franciacorta\" \/>\n\t<meta name=\"twitter:label2\" content=\"Tempo di lettura stimato\" \/>\n\t<meta name=\"twitter:data2\" content=\"5 minuti\" \/>\n<script type=\"application\/ld+json\" class=\"yoast-schema-graph\">{\"@context\":\"https:\/\/schema.org\",\"@graph\":[{\"@type\":\"Article\",\"@id\":\"https:\/\/www.pressenza.com\/it\/2024\/01\/lo-stalu-un-altro-angolo-della-franciacorta-che-rischia-di-andare-perduto-a-favore-dellagrobusiness\/#article\",\"isPartOf\":{\"@id\":\"https:\/\/www.pressenza.com\/it\/2024\/01\/lo-stalu-un-altro-angolo-della-franciacorta-che-rischia-di-andare-perduto-a-favore-dellagrobusiness\/\"},\"author\":{\"name\":\"Redazione Sebino Franciacorta\",\"@id\":\"https:\/\/www.pressenza.com\/it\/#\/schema\/person\/9ec653259bb79d6ea2255fd80043dc9c\"},\"headline\":\"Lo \u201cStal\u00f9\u201d, un altro angolo della Franciacorta che rischia di andare perduto a favore dell&#8217;agrobusiness\",\"datePublished\":\"2024-01-09T16:14:14+00:00\",\"mainEntityOfPage\":{\"@id\":\"https:\/\/www.pressenza.com\/it\/2024\/01\/lo-stalu-un-altro-angolo-della-franciacorta-che-rischia-di-andare-perduto-a-favore-dellagrobusiness\/\"},\"wordCount\":802,\"publisher\":{\"@id\":\"https:\/\/www.pressenza.com\/it\/#organization\"},\"image\":{\"@id\":\"https:\/\/www.pressenza.com\/it\/2024\/01\/lo-stalu-un-altro-angolo-della-franciacorta-che-rischia-di-andare-perduto-a-favore-dellagrobusiness\/#primaryimage\"},\"thumbnailUrl\":\"https:\/\/www.pressenza.com\/wp-content\/uploads\/2022\/02\/Foto-Prato-Stalu-Primabrescia.it-1.jpg\",\"keywords\":[\"boschi\",\"Franciacorta\",\"Moretti\",\"sfruttamento intensivo\",\"speculazione\",\"Stal\u00f9\",\"vigneti\"],\"articleSection\":[\"Comunicati Stampa\",\"Ecologia ed Ambiente\",\"Europa\"],\"inLanguage\":\"it-IT\"},{\"@type\":\"WebPage\",\"@id\":\"https:\/\/www.pressenza.com\/it\/2024\/01\/lo-stalu-un-altro-angolo-della-franciacorta-che-rischia-di-andare-perduto-a-favore-dellagrobusiness\/\",\"url\":\"https:\/\/www.pressenza.com\/it\/2024\/01\/lo-stalu-un-altro-angolo-della-franciacorta-che-rischia-di-andare-perduto-a-favore-dellagrobusiness\/\",\"name\":\"Lo \u201cStal\u00f9\u201d, un altro angolo della Franciacorta che rischia di andare perduto a favore dell'agrobusiness\",\"isPartOf\":{\"@id\":\"https:\/\/www.pressenza.com\/it\/#website\"},\"primaryImageOfPage\":{\"@id\":\"https:\/\/www.pressenza.com\/it\/2024\/01\/lo-stalu-un-altro-angolo-della-franciacorta-che-rischia-di-andare-perduto-a-favore-dellagrobusiness\/#primaryimage\"},\"image\":{\"@id\":\"https:\/\/www.pressenza.com\/it\/2024\/01\/lo-stalu-un-altro-angolo-della-franciacorta-che-rischia-di-andare-perduto-a-favore-dellagrobusiness\/#primaryimage\"},\"thumbnailUrl\":\"https:\/\/www.pressenza.com\/wp-content\/uploads\/2022\/02\/Foto-Prato-Stalu-Primabrescia.it-1.jpg\",\"datePublished\":\"2024-01-09T16:14:14+00:00\",\"description\":\"A febbraio 2022 le associazioni ambientaliste locali Monte Alto e Progetto Ecosebino avevano puntato il dito contro i progetti di impianti viticoli in\",\"breadcrumb\":{\"@id\":\"https:\/\/www.pressenza.com\/it\/2024\/01\/lo-stalu-un-altro-angolo-della-franciacorta-che-rischia-di-andare-perduto-a-favore-dellagrobusiness\/#breadcrumb\"},\"inLanguage\":\"it-IT\",\"potentialAction\":[{\"@type\":\"ReadAction\",\"target\":[\"https:\/\/www.pressenza.com\/it\/2024\/01\/lo-stalu-un-altro-angolo-della-franciacorta-che-rischia-di-andare-perduto-a-favore-dellagrobusiness\/\"]}]},{\"@type\":\"ImageObject\",\"inLanguage\":\"it-IT\",\"@id\":\"https:\/\/www.pressenza.com\/it\/2024\/01\/lo-stalu-un-altro-angolo-della-franciacorta-che-rischia-di-andare-perduto-a-favore-dellagrobusiness\/#primaryimage\",\"url\":\"https:\/\/www.pressenza.com\/wp-content\/uploads\/2022\/02\/Foto-Prato-Stalu-Primabrescia.it-1.jpg\",\"contentUrl\":\"https:\/\/www.pressenza.com\/wp-content\/uploads\/2022\/02\/Foto-Prato-Stalu-Primabrescia.it-1.jpg\",\"width\":680,\"height\":408},{\"@type\":\"BreadcrumbList\",\"@id\":\"https:\/\/www.pressenza.com\/it\/2024\/01\/lo-stalu-un-altro-angolo-della-franciacorta-che-rischia-di-andare-perduto-a-favore-dellagrobusiness\/#breadcrumb\",\"itemListElement\":[{\"@type\":\"ListItem\",\"position\":1,\"name\":\"Accueil\",\"item\":\"https:\/\/www.pressenza.com\/it\/\"},{\"@type\":\"ListItem\",\"position\":2,\"name\":\"Lo \u201cStal\u00f9\u201d, un altro angolo della Franciacorta che rischia di andare perduto a favore dell&#8217;agrobusiness\"}]},{\"@type\":\"WebSite\",\"@id\":\"https:\/\/www.pressenza.com\/it\/#website\",\"url\":\"https:\/\/www.pressenza.com\/it\/\",\"name\":\"Pressenza\",\"description\":\"Agenzia di Stampa Internazionale\",\"publisher\":{\"@id\":\"https:\/\/www.pressenza.com\/it\/#organization\"},\"potentialAction\":[{\"@type\":\"SearchAction\",\"target\":{\"@type\":\"EntryPoint\",\"urlTemplate\":\"https:\/\/www.pressenza.com\/it\/?s={search_term_string}\"},\"query-input\":{\"@type\":\"PropertyValueSpecification\",\"valueRequired\":true,\"valueName\":\"search_term_string\"}}],\"inLanguage\":\"it-IT\"},{\"@type\":\"Organization\",\"@id\":\"https:\/\/www.pressenza.com\/it\/#organization\",\"name\":\"Pressenza\",\"url\":\"https:\/\/www.pressenza.com\/it\/\",\"logo\":{\"@type\":\"ImageObject\",\"inLanguage\":\"it-IT\",\"@id\":\"https:\/\/www.pressenza.com\/it\/#\/schema\/logo\/image\/\",\"url\":\"https:\/\/www.pressenza.com\/wp-content\/uploads\/2022\/10\/pressenza_logo_200x200.jpg\",\"contentUrl\":\"https:\/\/www.pressenza.com\/wp-content\/uploads\/2022\/10\/pressenza_logo_200x200.jpg\",\"width\":200,\"height\":200,\"caption\":\"Pressenza\"},\"image\":{\"@id\":\"https:\/\/www.pressenza.com\/it\/#\/schema\/logo\/image\/\"},\"sameAs\":[\"https:\/\/www.facebook.com\/PressenzaItalia\",\"https:\/\/x.com\/PressenzaIPA\"]},{\"@type\":\"Person\",\"@id\":\"https:\/\/www.pressenza.com\/it\/#\/schema\/person\/9ec653259bb79d6ea2255fd80043dc9c\",\"name\":\"Redazione Sebino Franciacorta\",\"url\":\"https:\/\/www.pressenza.com\/it\/author\/redazione-sebino-franciacorta\/\"}]}<\/script>\n<!-- \/ Yoast SEO plugin. -->","yoast_head_json":{"title":"Lo \u201cStal\u00f9\u201d, un altro angolo della Franciacorta che rischia di andare perduto a favore dell'agrobusiness","description":"A febbraio 2022 le associazioni ambientaliste locali Monte Alto e Progetto Ecosebino avevano puntato il dito contro i progetti di impianti viticoli in","robots":{"index":"index","follow":"follow","max-snippet":"max-snippet:-1","max-image-preview":"max-image-preview:large","max-video-preview":"max-video-preview:-1"},"canonical":"https:\/\/www.pressenza.com\/it\/2024\/01\/lo-stalu-un-altro-angolo-della-franciacorta-che-rischia-di-andare-perduto-a-favore-dellagrobusiness\/","og_locale":"it_IT","og_type":"article","og_title":"Lo \u201cStal\u00f9\u201d, un altro angolo della Franciacorta che rischia di andare perduto a favore dell'agrobusiness","og_description":"A febbraio 2022 le associazioni ambientaliste locali Monte Alto e Progetto Ecosebino avevano puntato il dito contro i progetti di impianti viticoli in","og_url":"https:\/\/www.pressenza.com\/it\/2024\/01\/lo-stalu-un-altro-angolo-della-franciacorta-che-rischia-di-andare-perduto-a-favore-dellagrobusiness\/","og_site_name":"Pressenza","article_publisher":"https:\/\/www.facebook.com\/PressenzaItalia","article_published_time":"2024-01-09T16:14:14+00:00","og_image":[{"width":680,"height":408,"url":"https:\/\/www.pressenza.com\/wp-content\/uploads\/2022\/02\/Foto-Prato-Stalu-Primabrescia.it-1.jpg","type":"image\/jpeg"}],"author":"Redazione Sebino Franciacorta","twitter_card":"summary_large_image","twitter_creator":"@PressenzaIPA","twitter_site":"@PressenzaIPA","twitter_misc":{"Scritto da":"Redazione Sebino Franciacorta","Tempo di lettura stimato":"5 minuti"},"schema":{"@context":"https:\/\/schema.org","@graph":[{"@type":"Article","@id":"https:\/\/www.pressenza.com\/it\/2024\/01\/lo-stalu-un-altro-angolo-della-franciacorta-che-rischia-di-andare-perduto-a-favore-dellagrobusiness\/#article","isPartOf":{"@id":"https:\/\/www.pressenza.com\/it\/2024\/01\/lo-stalu-un-altro-angolo-della-franciacorta-che-rischia-di-andare-perduto-a-favore-dellagrobusiness\/"},"author":{"name":"Redazione Sebino Franciacorta","@id":"https:\/\/www.pressenza.com\/it\/#\/schema\/person\/9ec653259bb79d6ea2255fd80043dc9c"},"headline":"Lo \u201cStal\u00f9\u201d, un altro angolo della Franciacorta che rischia di andare perduto a favore dell&#8217;agrobusiness","datePublished":"2024-01-09T16:14:14+00:00","mainEntityOfPage":{"@id":"https:\/\/www.pressenza.com\/it\/2024\/01\/lo-stalu-un-altro-angolo-della-franciacorta-che-rischia-di-andare-perduto-a-favore-dellagrobusiness\/"},"wordCount":802,"publisher":{"@id":"https:\/\/www.pressenza.com\/it\/#organization"},"image":{"@id":"https:\/\/www.pressenza.com\/it\/2024\/01\/lo-stalu-un-altro-angolo-della-franciacorta-che-rischia-di-andare-perduto-a-favore-dellagrobusiness\/#primaryimage"},"thumbnailUrl":"https:\/\/www.pressenza.com\/wp-content\/uploads\/2022\/02\/Foto-Prato-Stalu-Primabrescia.it-1.jpg","keywords":["boschi","Franciacorta","Moretti","sfruttamento intensivo","speculazione","Stal\u00f9","vigneti"],"articleSection":["Comunicati Stampa","Ecologia ed Ambiente","Europa"],"inLanguage":"it-IT"},{"@type":"WebPage","@id":"https:\/\/www.pressenza.com\/it\/2024\/01\/lo-stalu-un-altro-angolo-della-franciacorta-che-rischia-di-andare-perduto-a-favore-dellagrobusiness\/","url":"https:\/\/www.pressenza.com\/it\/2024\/01\/lo-stalu-un-altro-angolo-della-franciacorta-che-rischia-di-andare-perduto-a-favore-dellagrobusiness\/","name":"Lo \u201cStal\u00f9\u201d, un altro angolo della Franciacorta che rischia di andare perduto a favore dell'agrobusiness","isPartOf":{"@id":"https:\/\/www.pressenza.com\/it\/#website"},"primaryImageOfPage":{"@id":"https:\/\/www.pressenza.com\/it\/2024\/01\/lo-stalu-un-altro-angolo-della-franciacorta-che-rischia-di-andare-perduto-a-favore-dellagrobusiness\/#primaryimage"},"image":{"@id":"https:\/\/www.pressenza.com\/it\/2024\/01\/lo-stalu-un-altro-angolo-della-franciacorta-che-rischia-di-andare-perduto-a-favore-dellagrobusiness\/#primaryimage"},"thumbnailUrl":"https:\/\/www.pressenza.com\/wp-content\/uploads\/2022\/02\/Foto-Prato-Stalu-Primabrescia.it-1.jpg","datePublished":"2024-01-09T16:14:14+00:00","description":"A febbraio 2022 le associazioni ambientaliste locali Monte Alto e Progetto Ecosebino avevano puntato il dito contro i progetti di impianti viticoli in","breadcrumb":{"@id":"https:\/\/www.pressenza.com\/it\/2024\/01\/lo-stalu-un-altro-angolo-della-franciacorta-che-rischia-di-andare-perduto-a-favore-dellagrobusiness\/#breadcrumb"},"inLanguage":"it-IT","potentialAction":[{"@type":"ReadAction","target":["https:\/\/www.pressenza.com\/it\/2024\/01\/lo-stalu-un-altro-angolo-della-franciacorta-che-rischia-di-andare-perduto-a-favore-dellagrobusiness\/"]}]},{"@type":"ImageObject","inLanguage":"it-IT","@id":"https:\/\/www.pressenza.com\/it\/2024\/01\/lo-stalu-un-altro-angolo-della-franciacorta-che-rischia-di-andare-perduto-a-favore-dellagrobusiness\/#primaryimage","url":"https:\/\/www.pressenza.com\/wp-content\/uploads\/2022\/02\/Foto-Prato-Stalu-Primabrescia.it-1.jpg","contentUrl":"https:\/\/www.pressenza.com\/wp-content\/uploads\/2022\/02\/Foto-Prato-Stalu-Primabrescia.it-1.jpg","width":680,"height":408},{"@type":"BreadcrumbList","@id":"https:\/\/www.pressenza.com\/it\/2024\/01\/lo-stalu-un-altro-angolo-della-franciacorta-che-rischia-di-andare-perduto-a-favore-dellagrobusiness\/#breadcrumb","itemListElement":[{"@type":"ListItem","position":1,"name":"Accueil","item":"https:\/\/www.pressenza.com\/it\/"},{"@type":"ListItem","position":2,"name":"Lo \u201cStal\u00f9\u201d, un altro angolo della Franciacorta che rischia di andare perduto a favore dell&#8217;agrobusiness"}]},{"@type":"WebSite","@id":"https:\/\/www.pressenza.com\/it\/#website","url":"https:\/\/www.pressenza.com\/it\/","name":"Pressenza","description":"Agenzia di Stampa Internazionale","publisher":{"@id":"https:\/\/www.pressenza.com\/it\/#organization"},"potentialAction":[{"@type":"SearchAction","target":{"@type":"EntryPoint","urlTemplate":"https:\/\/www.pressenza.com\/it\/?s={search_term_string}"},"query-input":{"@type":"PropertyValueSpecification","valueRequired":true,"valueName":"search_term_string"}}],"inLanguage":"it-IT"},{"@type":"Organization","@id":"https:\/\/www.pressenza.com\/it\/#organization","name":"Pressenza","url":"https:\/\/www.pressenza.com\/it\/","logo":{"@type":"ImageObject","inLanguage":"it-IT","@id":"https:\/\/www.pressenza.com\/it\/#\/schema\/logo\/image\/","url":"https:\/\/www.pressenza.com\/wp-content\/uploads\/2022\/10\/pressenza_logo_200x200.jpg","contentUrl":"https:\/\/www.pressenza.com\/wp-content\/uploads\/2022\/10\/pressenza_logo_200x200.jpg","width":200,"height":200,"caption":"Pressenza"},"image":{"@id":"https:\/\/www.pressenza.com\/it\/#\/schema\/logo\/image\/"},"sameAs":["https:\/\/www.facebook.com\/PressenzaItalia","https:\/\/x.com\/PressenzaIPA"]},{"@type":"Person","@id":"https:\/\/www.pressenza.com\/it\/#\/schema\/person\/9ec653259bb79d6ea2255fd80043dc9c","name":"Redazione Sebino Franciacorta","url":"https:\/\/www.pressenza.com\/it\/author\/redazione-sebino-franciacorta\/"}]}},"place":"","original_article_url":"","_links":{"self":[{"href":"https:\/\/www.pressenza.com\/it\/wp-json\/wp\/v2\/posts\/1792394","targetHints":{"allow":["GET"]}}],"collection":[{"href":"https:\/\/www.pressenza.com\/it\/wp-json\/wp\/v2\/posts"}],"about":[{"href":"https:\/\/www.pressenza.com\/it\/wp-json\/wp\/v2\/types\/post"}],"author":[{"embeddable":true,"href":"https:\/\/www.pressenza.com\/it\/wp-json\/wp\/v2\/users\/1969"}],"replies":[{"embeddable":true,"href":"https:\/\/www.pressenza.com\/it\/wp-json\/wp\/v2\/comments?post=1792394"}],"version-history":[{"count":0,"href":"https:\/\/www.pressenza.com\/it\/wp-json\/wp\/v2\/posts\/1792394\/revisions"}],"wp:featuredmedia":[{"embeddable":true,"href":"https:\/\/www.pressenza.com\/it\/wp-json\/wp\/v2\/media\/1520826"}],"wp:attachment":[{"href":"https:\/\/www.pressenza.com\/it\/wp-json\/wp\/v2\/media?parent=1792394"}],"wp:term":[{"taxonomy":"category","embeddable":true,"href":"https:\/\/www.pressenza.com\/it\/wp-json\/wp\/v2\/categories?post=1792394"},{"taxonomy":"post_tag","embeddable":true,"href":"https:\/\/www.pressenza.com\/it\/wp-json\/wp\/v2\/tags?post=1792394"}],"curies":[{"name":"wp","href":"https:\/\/api.w.org\/{rel}","templated":true}]}}