{"id":1792341,"date":"2024-01-09T10:17:39","date_gmt":"2024-01-09T10:17:39","guid":{"rendered":"https:\/\/www.pressenza.com\/?p=1792341"},"modified":"2024-01-31T09:07:52","modified_gmt":"2024-01-31T09:07:52","slug":"sostegno-di-oltre-200-personalita-israeliane-alla-causa-per-genocidio-intentata-dal-sudafrica","status":"publish","type":"post","link":"https:\/\/www.pressenza.com\/it\/2024\/01\/sostegno-di-oltre-200-personalita-israeliane-alla-causa-per-genocidio-intentata-dal-sudafrica\/","title":{"rendered":"Sostegno di oltre 200 personalit\u00e0 israeliane alla causa per genocidio intentata dal Sudafrica"},"content":{"rendered":"<p>Ofer Cassif, parlamentare di Hadash, Fronte Democratico per la Pace e l\u2019Uguaglianza (coalizione formata dall\u2019ex Partito Comunista israeliano con altri gruppi di sinistra) ha annunciato il suo sostegno alla causa contro Israele intentata dal Sudafrica davanti alla Corte Internazionale di Giustizia con l\u2019accusa di genocidio. La sua firma \u00e8 la prima di oltre 200 personalit\u00e0 israeliane in un documento che sar\u00e0 consegnato alla Corte domani.<\/p>\n<p>La Corte de L\u2019Aja si riunir\u00e0 l\u201911 e 12 gennaio. Il governo israeliano sar\u00e0 rappresentato dal discusso avvocato Alan Dershovitz, il cui nome \u00e8 apparso nell\u2019inchiesta sulle violenze sessuali su minorenni legate allo scandalo del miliardario suicida Jeffrey Epstein. Un giornale italiano ha pubblicato ieri una sua intervista, che ripete a pappagallo le linee difensive della diplomazia israeliana, senza citare le rivelazioni giudiziarie sulle violenze sessuali contro minorenni. Un degno difensore dei crimini israeliani.<\/p>\n","protected":false},"excerpt":{"rendered":"<p>Ofer Cassif, parlamentare di Hadash, Fronte Democratico per la Pace e l\u2019Uguaglianza (coalizione formata dall\u2019ex Partito Comunista israeliano con altri gruppi di sinistra) ha annunciato il suo sostegno alla causa contro Israele intentata dal Sudafrica davanti alla Corte Internazionale di&hellip;<\/p>\n","protected":false},"author":2080,"featured_media":1792342,"comment_status":"closed","ping_status":"closed","sticky":false,"template":"","format":"standard","meta":{"footnotes":""},"categories":[45,60,47,52],"tags":[119179,50524,1005,778,116859,4291],"class_list":["post-1792341","post","type-post","status-publish","format-standard","has-post-thumbnail","hentry","category-africa-it","category-diritti-umani","category-europa","category-medio-oriente","tag-causa-per-genocidio","tag-corte-internazionale-di-giustizia","tag-gaza","tag-israele","tag-ofer-cassif","tag-sudafrica"],"yoast_head":"<!-- This site is optimized with the Yoast SEO plugin v27.1.1 - https:\/\/yoast.com\/product\/yoast-seo-wordpress\/ -->\n<title>Sostegno di oltre 200 personalit\u00e0 israeliane alla causa per genocidio intentata dal Sudafrica<\/title>\n<meta name=\"description\" content=\"Ofer Cassif, parlamentare di Hadash, Fronte Democratico per la Pace e l\u2019Uguaglianza (coalizione formata dall\u2019ex Partito Comunista israeliano con altri\" \/>\n<meta name=\"robots\" content=\"index, follow, max-snippet:-1, max-image-preview:large, max-video-preview:-1\" \/>\n<link rel=\"canonical\" href=\"https:\/\/www.pressenza.com\/it\/2024\/01\/sostegno-di-oltre-200-personalita-israeliane-alla-causa-per-genocidio-intentata-dal-sudafrica\/\" \/>\n<meta property=\"og:locale\" content=\"it_IT\" \/>\n<meta property=\"og:type\" content=\"article\" \/>\n<meta property=\"og:title\" content=\"Sostegno di oltre 200 personalit\u00e0 israeliane alla causa per genocidio intentata dal Sudafrica\" \/>\n<meta property=\"og:description\" content=\"Ofer Cassif, parlamentare di Hadash, Fronte Democratico per la Pace e l\u2019Uguaglianza (coalizione formata dall\u2019ex Partito Comunista israeliano con altri\" \/>\n<meta property=\"og:url\" content=\"https:\/\/www.pressenza.com\/it\/2024\/01\/sostegno-di-oltre-200-personalita-israeliane-alla-causa-per-genocidio-intentata-dal-sudafrica\/\" \/>\n<meta property=\"og:site_name\" content=\"Pressenza\" \/>\n<meta property=\"article:publisher\" content=\"https:\/\/www.facebook.com\/PressenzaItalia\" \/>\n<meta property=\"article:published_time\" content=\"2024-01-09T10:17:39+00:00\" \/>\n<meta property=\"article:modified_time\" content=\"2024-01-31T09:07:52+00:00\" \/>\n<meta property=\"og:image\" content=\"https:\/\/www.pressenza.com\/wp-content\/uploads\/2024\/01\/Ofer_Cassif-rit.jpg\" \/>\n\t<meta property=\"og:image:width\" content=\"1379\" \/>\n\t<meta property=\"og:image:height\" content=\"1328\" \/>\n\t<meta property=\"og:image:type\" content=\"image\/jpeg\" \/>\n<meta name=\"author\" content=\"ANBAMED\" \/>\n<meta name=\"twitter:card\" content=\"summary_large_image\" \/>\n<meta name=\"twitter:creator\" content=\"@PressenzaIPA\" \/>\n<meta name=\"twitter:site\" content=\"@PressenzaIPA\" \/>\n<meta name=\"twitter:label1\" content=\"Scritto da\" \/>\n\t<meta name=\"twitter:data1\" content=\"ANBAMED\" \/>\n\t<meta name=\"twitter:label2\" content=\"Tempo di lettura stimato\" \/>\n\t<meta name=\"twitter:data2\" content=\"1 minuto\" \/>\n<script type=\"application\/ld+json\" class=\"yoast-schema-graph\">{\"@context\":\"https:\/\/schema.org\",\"@graph\":[{\"@type\":\"Article\",\"@id\":\"https:\/\/www.pressenza.com\/it\/2024\/01\/sostegno-di-oltre-200-personalita-israeliane-alla-causa-per-genocidio-intentata-dal-sudafrica\/#article\",\"isPartOf\":{\"@id\":\"https:\/\/www.pressenza.com\/it\/2024\/01\/sostegno-di-oltre-200-personalita-israeliane-alla-causa-per-genocidio-intentata-dal-sudafrica\/\"},\"author\":{\"name\":\"ANBAMED\",\"@id\":\"https:\/\/www.pressenza.com\/it\/#\/schema\/person\/9f05db79ca2872d8e94cb459a93831e4\"},\"headline\":\"Sostegno di oltre 200 personalit\u00e0 israeliane alla causa per genocidio intentata dal Sudafrica\",\"datePublished\":\"2024-01-09T10:17:39+00:00\",\"dateModified\":\"2024-01-31T09:07:52+00:00\",\"mainEntityOfPage\":{\"@id\":\"https:\/\/www.pressenza.com\/it\/2024\/01\/sostegno-di-oltre-200-personalita-israeliane-alla-causa-per-genocidio-intentata-dal-sudafrica\/\"},\"wordCount\":152,\"publisher\":{\"@id\":\"https:\/\/www.pressenza.com\/it\/#organization\"},\"image\":{\"@id\":\"https:\/\/www.pressenza.com\/it\/2024\/01\/sostegno-di-oltre-200-personalita-israeliane-alla-causa-per-genocidio-intentata-dal-sudafrica\/#primaryimage\"},\"thumbnailUrl\":\"https:\/\/www.pressenza.com\/wp-content\/uploads\/2024\/01\/Ofer_Cassif-rit.jpg\",\"keywords\":[\"causa per genocidio\",\"Corte Internazionale di Giustizia\",\"Gaza\",\"Israele\",\"Ofer Cassif\",\"Sudafrica\"],\"articleSection\":[\"Africa\",\"Diritti Umani\",\"Europa\",\"Medio Oriente\"],\"inLanguage\":\"it-IT\"},{\"@type\":\"WebPage\",\"@id\":\"https:\/\/www.pressenza.com\/it\/2024\/01\/sostegno-di-oltre-200-personalita-israeliane-alla-causa-per-genocidio-intentata-dal-sudafrica\/\",\"url\":\"https:\/\/www.pressenza.com\/it\/2024\/01\/sostegno-di-oltre-200-personalita-israeliane-alla-causa-per-genocidio-intentata-dal-sudafrica\/\",\"name\":\"Sostegno di oltre 200 personalit\u00e0 israeliane alla causa per genocidio intentata dal Sudafrica\",\"isPartOf\":{\"@id\":\"https:\/\/www.pressenza.com\/it\/#website\"},\"primaryImageOfPage\":{\"@id\":\"https:\/\/www.pressenza.com\/it\/2024\/01\/sostegno-di-oltre-200-personalita-israeliane-alla-causa-per-genocidio-intentata-dal-sudafrica\/#primaryimage\"},\"image\":{\"@id\":\"https:\/\/www.pressenza.com\/it\/2024\/01\/sostegno-di-oltre-200-personalita-israeliane-alla-causa-per-genocidio-intentata-dal-sudafrica\/#primaryimage\"},\"thumbnailUrl\":\"https:\/\/www.pressenza.com\/wp-content\/uploads\/2024\/01\/Ofer_Cassif-rit.jpg\",\"datePublished\":\"2024-01-09T10:17:39+00:00\",\"dateModified\":\"2024-01-31T09:07:52+00:00\",\"description\":\"Ofer Cassif, parlamentare di Hadash, Fronte Democratico per la Pace e l\u2019Uguaglianza (coalizione formata dall\u2019ex Partito Comunista israeliano con altri\",\"breadcrumb\":{\"@id\":\"https:\/\/www.pressenza.com\/it\/2024\/01\/sostegno-di-oltre-200-personalita-israeliane-alla-causa-per-genocidio-intentata-dal-sudafrica\/#breadcrumb\"},\"inLanguage\":\"it-IT\",\"potentialAction\":[{\"@type\":\"ReadAction\",\"target\":[\"https:\/\/www.pressenza.com\/it\/2024\/01\/sostegno-di-oltre-200-personalita-israeliane-alla-causa-per-genocidio-intentata-dal-sudafrica\/\"]}]},{\"@type\":\"ImageObject\",\"inLanguage\":\"it-IT\",\"@id\":\"https:\/\/www.pressenza.com\/it\/2024\/01\/sostegno-di-oltre-200-personalita-israeliane-alla-causa-per-genocidio-intentata-dal-sudafrica\/#primaryimage\",\"url\":\"https:\/\/www.pressenza.com\/wp-content\/uploads\/2024\/01\/Ofer_Cassif-rit.jpg\",\"contentUrl\":\"https:\/\/www.pressenza.com\/wp-content\/uploads\/2024\/01\/Ofer_Cassif-rit.jpg\",\"width\":1379,\"height\":1328},{\"@type\":\"BreadcrumbList\",\"@id\":\"https:\/\/www.pressenza.com\/it\/2024\/01\/sostegno-di-oltre-200-personalita-israeliane-alla-causa-per-genocidio-intentata-dal-sudafrica\/#breadcrumb\",\"itemListElement\":[{\"@type\":\"ListItem\",\"position\":1,\"name\":\"Accueil\",\"item\":\"https:\/\/www.pressenza.com\/it\/\"},{\"@type\":\"ListItem\",\"position\":2,\"name\":\"Sostegno di oltre 200 personalit\u00e0 israeliane alla causa per genocidio intentata dal Sudafrica\"}]},{\"@type\":\"WebSite\",\"@id\":\"https:\/\/www.pressenza.com\/it\/#website\",\"url\":\"https:\/\/www.pressenza.com\/it\/\",\"name\":\"Pressenza\",\"description\":\"Agenzia di Stampa Internazionale\",\"publisher\":{\"@id\":\"https:\/\/www.pressenza.com\/it\/#organization\"},\"potentialAction\":[{\"@type\":\"SearchAction\",\"target\":{\"@type\":\"EntryPoint\",\"urlTemplate\":\"https:\/\/www.pressenza.com\/it\/?s={search_term_string}\"},\"query-input\":{\"@type\":\"PropertyValueSpecification\",\"valueRequired\":true,\"valueName\":\"search_term_string\"}}],\"inLanguage\":\"it-IT\"},{\"@type\":\"Organization\",\"@id\":\"https:\/\/www.pressenza.com\/it\/#organization\",\"name\":\"Pressenza\",\"url\":\"https:\/\/www.pressenza.com\/it\/\",\"logo\":{\"@type\":\"ImageObject\",\"inLanguage\":\"it-IT\",\"@id\":\"https:\/\/www.pressenza.com\/it\/#\/schema\/logo\/image\/\",\"url\":\"https:\/\/www.pressenza.com\/wp-content\/uploads\/2022\/10\/pressenza_logo_200x200.jpg\",\"contentUrl\":\"https:\/\/www.pressenza.com\/wp-content\/uploads\/2022\/10\/pressenza_logo_200x200.jpg\",\"width\":200,\"height\":200,\"caption\":\"Pressenza\"},\"image\":{\"@id\":\"https:\/\/www.pressenza.com\/it\/#\/schema\/logo\/image\/\"},\"sameAs\":[\"https:\/\/www.facebook.com\/PressenzaItalia\",\"https:\/\/x.com\/PressenzaIPA\"]},{\"@type\":\"Person\",\"@id\":\"https:\/\/www.pressenza.com\/it\/#\/schema\/person\/9f05db79ca2872d8e94cb459a93831e4\",\"name\":\"ANBAMED\",\"description\":\"Notizie dal Sud Est del Mediterraneo\",\"sameAs\":[\"https:\/\/www.anbamed.it\/\"],\"url\":\"https:\/\/www.pressenza.com\/it\/author\/anbamed\/\"}]}<\/script>\n<!-- \/ Yoast SEO plugin. -->","yoast_head_json":{"title":"Sostegno di oltre 200 personalit\u00e0 israeliane alla causa per genocidio intentata dal Sudafrica","description":"Ofer Cassif, parlamentare di Hadash, Fronte Democratico per la Pace e l\u2019Uguaglianza (coalizione formata dall\u2019ex Partito Comunista israeliano con altri","robots":{"index":"index","follow":"follow","max-snippet":"max-snippet:-1","max-image-preview":"max-image-preview:large","max-video-preview":"max-video-preview:-1"},"canonical":"https:\/\/www.pressenza.com\/it\/2024\/01\/sostegno-di-oltre-200-personalita-israeliane-alla-causa-per-genocidio-intentata-dal-sudafrica\/","og_locale":"it_IT","og_type":"article","og_title":"Sostegno di oltre 200 personalit\u00e0 israeliane alla causa per genocidio intentata dal Sudafrica","og_description":"Ofer Cassif, parlamentare di Hadash, Fronte Democratico per la Pace e l\u2019Uguaglianza (coalizione formata dall\u2019ex Partito Comunista israeliano con altri","og_url":"https:\/\/www.pressenza.com\/it\/2024\/01\/sostegno-di-oltre-200-personalita-israeliane-alla-causa-per-genocidio-intentata-dal-sudafrica\/","og_site_name":"Pressenza","article_publisher":"https:\/\/www.facebook.com\/PressenzaItalia","article_published_time":"2024-01-09T10:17:39+00:00","article_modified_time":"2024-01-31T09:07:52+00:00","og_image":[{"width":1379,"height":1328,"url":"https:\/\/www.pressenza.com\/wp-content\/uploads\/2024\/01\/Ofer_Cassif-rit.jpg","type":"image\/jpeg"}],"author":"ANBAMED","twitter_card":"summary_large_image","twitter_creator":"@PressenzaIPA","twitter_site":"@PressenzaIPA","twitter_misc":{"Scritto da":"ANBAMED","Tempo di lettura stimato":"1 minuto"},"schema":{"@context":"https:\/\/schema.org","@graph":[{"@type":"Article","@id":"https:\/\/www.pressenza.com\/it\/2024\/01\/sostegno-di-oltre-200-personalita-israeliane-alla-causa-per-genocidio-intentata-dal-sudafrica\/#article","isPartOf":{"@id":"https:\/\/www.pressenza.com\/it\/2024\/01\/sostegno-di-oltre-200-personalita-israeliane-alla-causa-per-genocidio-intentata-dal-sudafrica\/"},"author":{"name":"ANBAMED","@id":"https:\/\/www.pressenza.com\/it\/#\/schema\/person\/9f05db79ca2872d8e94cb459a93831e4"},"headline":"Sostegno di oltre 200 personalit\u00e0 israeliane alla causa per genocidio intentata dal Sudafrica","datePublished":"2024-01-09T10:17:39+00:00","dateModified":"2024-01-31T09:07:52+00:00","mainEntityOfPage":{"@id":"https:\/\/www.pressenza.com\/it\/2024\/01\/sostegno-di-oltre-200-personalita-israeliane-alla-causa-per-genocidio-intentata-dal-sudafrica\/"},"wordCount":152,"publisher":{"@id":"https:\/\/www.pressenza.com\/it\/#organization"},"image":{"@id":"https:\/\/www.pressenza.com\/it\/2024\/01\/sostegno-di-oltre-200-personalita-israeliane-alla-causa-per-genocidio-intentata-dal-sudafrica\/#primaryimage"},"thumbnailUrl":"https:\/\/www.pressenza.com\/wp-content\/uploads\/2024\/01\/Ofer_Cassif-rit.jpg","keywords":["causa per genocidio","Corte Internazionale di Giustizia","Gaza","Israele","Ofer Cassif","Sudafrica"],"articleSection":["Africa","Diritti Umani","Europa","Medio Oriente"],"inLanguage":"it-IT"},{"@type":"WebPage","@id":"https:\/\/www.pressenza.com\/it\/2024\/01\/sostegno-di-oltre-200-personalita-israeliane-alla-causa-per-genocidio-intentata-dal-sudafrica\/","url":"https:\/\/www.pressenza.com\/it\/2024\/01\/sostegno-di-oltre-200-personalita-israeliane-alla-causa-per-genocidio-intentata-dal-sudafrica\/","name":"Sostegno di oltre 200 personalit\u00e0 israeliane alla causa per genocidio intentata dal Sudafrica","isPartOf":{"@id":"https:\/\/www.pressenza.com\/it\/#website"},"primaryImageOfPage":{"@id":"https:\/\/www.pressenza.com\/it\/2024\/01\/sostegno-di-oltre-200-personalita-israeliane-alla-causa-per-genocidio-intentata-dal-sudafrica\/#primaryimage"},"image":{"@id":"https:\/\/www.pressenza.com\/it\/2024\/01\/sostegno-di-oltre-200-personalita-israeliane-alla-causa-per-genocidio-intentata-dal-sudafrica\/#primaryimage"},"thumbnailUrl":"https:\/\/www.pressenza.com\/wp-content\/uploads\/2024\/01\/Ofer_Cassif-rit.jpg","datePublished":"2024-01-09T10:17:39+00:00","dateModified":"2024-01-31T09:07:52+00:00","description":"Ofer Cassif, parlamentare di Hadash, Fronte Democratico per la Pace e l\u2019Uguaglianza (coalizione formata dall\u2019ex Partito Comunista israeliano con altri","breadcrumb":{"@id":"https:\/\/www.pressenza.com\/it\/2024\/01\/sostegno-di-oltre-200-personalita-israeliane-alla-causa-per-genocidio-intentata-dal-sudafrica\/#breadcrumb"},"inLanguage":"it-IT","potentialAction":[{"@type":"ReadAction","target":["https:\/\/www.pressenza.com\/it\/2024\/01\/sostegno-di-oltre-200-personalita-israeliane-alla-causa-per-genocidio-intentata-dal-sudafrica\/"]}]},{"@type":"ImageObject","inLanguage":"it-IT","@id":"https:\/\/www.pressenza.com\/it\/2024\/01\/sostegno-di-oltre-200-personalita-israeliane-alla-causa-per-genocidio-intentata-dal-sudafrica\/#primaryimage","url":"https:\/\/www.pressenza.com\/wp-content\/uploads\/2024\/01\/Ofer_Cassif-rit.jpg","contentUrl":"https:\/\/www.pressenza.com\/wp-content\/uploads\/2024\/01\/Ofer_Cassif-rit.jpg","width":1379,"height":1328},{"@type":"BreadcrumbList","@id":"https:\/\/www.pressenza.com\/it\/2024\/01\/sostegno-di-oltre-200-personalita-israeliane-alla-causa-per-genocidio-intentata-dal-sudafrica\/#breadcrumb","itemListElement":[{"@type":"ListItem","position":1,"name":"Accueil","item":"https:\/\/www.pressenza.com\/it\/"},{"@type":"ListItem","position":2,"name":"Sostegno di oltre 200 personalit\u00e0 israeliane alla causa per genocidio intentata dal Sudafrica"}]},{"@type":"WebSite","@id":"https:\/\/www.pressenza.com\/it\/#website","url":"https:\/\/www.pressenza.com\/it\/","name":"Pressenza","description":"Agenzia di Stampa Internazionale","publisher":{"@id":"https:\/\/www.pressenza.com\/it\/#organization"},"potentialAction":[{"@type":"SearchAction","target":{"@type":"EntryPoint","urlTemplate":"https:\/\/www.pressenza.com\/it\/?s={search_term_string}"},"query-input":{"@type":"PropertyValueSpecification","valueRequired":true,"valueName":"search_term_string"}}],"inLanguage":"it-IT"},{"@type":"Organization","@id":"https:\/\/www.pressenza.com\/it\/#organization","name":"Pressenza","url":"https:\/\/www.pressenza.com\/it\/","logo":{"@type":"ImageObject","inLanguage":"it-IT","@id":"https:\/\/www.pressenza.com\/it\/#\/schema\/logo\/image\/","url":"https:\/\/www.pressenza.com\/wp-content\/uploads\/2022\/10\/pressenza_logo_200x200.jpg","contentUrl":"https:\/\/www.pressenza.com\/wp-content\/uploads\/2022\/10\/pressenza_logo_200x200.jpg","width":200,"height":200,"caption":"Pressenza"},"image":{"@id":"https:\/\/www.pressenza.com\/it\/#\/schema\/logo\/image\/"},"sameAs":["https:\/\/www.facebook.com\/PressenzaItalia","https:\/\/x.com\/PressenzaIPA"]},{"@type":"Person","@id":"https:\/\/www.pressenza.com\/it\/#\/schema\/person\/9f05db79ca2872d8e94cb459a93831e4","name":"ANBAMED","description":"Notizie dal Sud Est del Mediterraneo","sameAs":["https:\/\/www.anbamed.it\/"],"url":"https:\/\/www.pressenza.com\/it\/author\/anbamed\/"}]}},"place":"","original_article_url":"","_links":{"self":[{"href":"https:\/\/www.pressenza.com\/it\/wp-json\/wp\/v2\/posts\/1792341","targetHints":{"allow":["GET"]}}],"collection":[{"href":"https:\/\/www.pressenza.com\/it\/wp-json\/wp\/v2\/posts"}],"about":[{"href":"https:\/\/www.pressenza.com\/it\/wp-json\/wp\/v2\/types\/post"}],"author":[{"embeddable":true,"href":"https:\/\/www.pressenza.com\/it\/wp-json\/wp\/v2\/users\/2080"}],"replies":[{"embeddable":true,"href":"https:\/\/www.pressenza.com\/it\/wp-json\/wp\/v2\/comments?post=1792341"}],"version-history":[{"count":0,"href":"https:\/\/www.pressenza.com\/it\/wp-json\/wp\/v2\/posts\/1792341\/revisions"}],"wp:featuredmedia":[{"embeddable":true,"href":"https:\/\/www.pressenza.com\/it\/wp-json\/wp\/v2\/media\/1792342"}],"wp:attachment":[{"href":"https:\/\/www.pressenza.com\/it\/wp-json\/wp\/v2\/media?parent=1792341"}],"wp:term":[{"taxonomy":"category","embeddable":true,"href":"https:\/\/www.pressenza.com\/it\/wp-json\/wp\/v2\/categories?post=1792341"},{"taxonomy":"post_tag","embeddable":true,"href":"https:\/\/www.pressenza.com\/it\/wp-json\/wp\/v2\/tags?post=1792341"}],"curies":[{"name":"wp","href":"https:\/\/api.w.org\/{rel}","templated":true}]}}