{"id":1791383,"date":"2024-01-03T21:38:48","date_gmt":"2024-01-03T21:38:48","guid":{"rendered":"https:\/\/www.pressenza.com\/?p=1791383"},"modified":"2024-01-03T21:39:43","modified_gmt":"2024-01-03T21:39:43","slug":"solidarieta-ai-migranti-e-gratitudine-per-medici-senza-frontiere","status":"publish","type":"post","link":"https:\/\/www.pressenza.com\/it\/2024\/01\/solidarieta-ai-migranti-e-gratitudine-per-medici-senza-frontiere\/","title":{"rendered":"Solidariet\u00e0 ai migranti e gratitudine per Medici senza Frontiere"},"content":{"rendered":"<p class=\"western\" align=\"LEFT\"><em><span style=\"font-family: Times New Roman, serif;\"><span style=\"font-size: medium;\"><span style=\"font-size: large;\">Non<\/span> <span style=\"font-size: large;\">dimentichiamo<\/span> <span style=\"font-size: large;\">che<\/span> <span style=\"font-size: large;\">una<\/span> <span style=\"font-size: large;\">delle<\/span> <span style=\"font-size: large;\">principali<\/span> <span style=\"font-size: large;\">causa<\/span> <span style=\"font-size: large;\">dei<\/span> <span style=\"font-size: large;\">flussi<\/span> <span style=\"font-size: large;\">migratori<\/span> <span style=\"font-size: large;\">\u00e8<\/span> <span style=\"font-size: large;\">il<\/span> <span style=\"font-size: large;\">disastro<\/span> <span style=\"font-size: large;\">ecologico<\/span> <span style=\"font-size: large;\">con<\/span> <span style=\"font-size: large;\">le<\/span> <span style=\"font-size: large;\">sue <\/span><span style=\"font-size: large;\">conseguenze.<\/span><\/span><\/span><\/em><\/p>\n<p class=\"western\" align=\"JUSTIFY\"><span style=\"font-family: Times New Roman, serif;\"><span style=\"font-size: medium;\">Questa mattina ha attraccato al porto di Ravenna la nave soccorso di Medici Senza Frontiere. L\u2019organizzazione umanitaria, che come noto \u00e8 premio Nobel per la Pace (e che proprio in questi giorni \u2013 fra l\u2019altro &#8211; ha anche perduto dei suoi operatori a Gaza sotto i bombardamenti israeliani), gi\u00e0 dal 29 dicembre comunicava che \u00ab<i>336 persone sono state<\/i><i> <\/i><i>soccorse dalla Geo Barents in 3 diverse operazioni. Erano in pericolo su barconi in legno<\/i><i> <\/i><i>instabili nel Mediterraneo centrale. Tutte le persone soccorse sono adesso a bordo della<\/i><i> <\/i><i>Geo Barents, ma ci vorranno circa 4 giorni di navigazione per raggiungere Ravenna,<\/i><i> <\/i><i>l\u2019ennesimo<\/i><i> <\/i><i>porto lontano<\/i><i> <\/i><i>assegnatoci<\/i><i> <\/i><i>dalle<\/i><i> <\/i><i>autorit\u00e0 italiane<\/i>\u00bb.<\/span><\/span><\/p>\n<p class=\"western\" align=\"JUSTIFY\"><span style=\"font-family: Times New Roman, serif;\"><span style=\"font-size: medium;\">Dal canto suo, la Prefettura attesta che c<i>on questo sbarco saliranno a 734 i migranti giunti<\/i><i> <\/i><i>in<\/i><i> <\/i><i>un<\/i><i> <\/i><i>anno a<\/i><i> <\/i><i>Ravenna<\/i><i> <\/i><i>con navi ONG<\/i>.<\/span><\/span><\/p>\n<p class=\"western\" lang=\"it-IT\" align=\"JUSTIFY\">Anche questa volta, la procedura adottata dal Governo italiano \u00e8 stata quella di inviare le navi umanitarie verso porti lontanissimi dal luogo del soccorso, con il chiaro intento di mettere i \u201cbastoni fra le ruote\u201d a chi compie le operazioni di salvataggio.<\/p>\n<p class=\"western\" lang=\"it-IT\" align=\"JUSTIFY\">Non possiamo che esprimere la nostra soddisfazione nel constatare che a Ravenna non si sono rilevate espressioni di fastidio o di ostilit\u00e0, n\u00e9 da parte istituzionale n\u00e9 da parte dell\u2019opinione pubblica. Adesso, confidiamo che altrettanto civili e solidali siano le scelte di accoglienza, senza sballottare queste persone in ulteriori eccessivi e spossanti spostamenti.<\/p>\n<p class=\"western\" lang=\"it-IT\" align=\"JUSTIFY\">Si tratta di persone che hanno bisogno di cure e di umanit\u00e0, di soluzioni a breve e lungo termine, soluzioni che a tutt\u2019oggi non sono affatto scontate n\u00e9 a Ravenna n\u00e9 in regione, se \u00e8 vero, per esempio, che le difficolt\u00e0 a trovare un alloggio appena decente a prezzi affrontabili, sono enormi e spesso insormontabili anche per chi vive dalle nostre parti da anni e lavora regolarmente.<\/p>\n<p class=\"western\" lang=\"it-IT\" align=\"JUSTIFY\">Per cui, mentre sentiamo di dover ringraziare con tutto il cuore Medici senza Frontiere e le altre organizzazioni che continuano a salvare vite nonostante le istituzioni centrali tendano costantemente a criminalizzare la solidariet\u00e0, da una parte rivolgiamo un caldo saluto di benvenuto alle 336 persone giunte al porto di Ravenna, dall\u2019altra sollecitiamo ai poteri locali il massimo dell\u2019impegno nella ricerca di soluzioni stabili di accoglienza e di inclusione.<\/p>\n<div class=\"page\" title=\"Page 2\">\n<div class=\"layoutArea\">\n<div class=\"column\">\n<p>Tuttavia, essendo una Rete formata da tante realta\u0300 nate per studiare le criticita\u0300 imposte dalla crisi climatica e dai disastri ambientali ed intervenire su di essi, non possiamo esimerci dal proporre una riflessione piu\u0300 generale: una gran parte delle persone che cercano di arrivare in Italia, cosi\u0300 come in tutti i Paesi del \u201cnord del mondo\u201d, e\u0300 spinta proprio dalle catastrofi ecologiche che &#8211; sempre piu\u0300 &#8211; rendono impossibile la vita in vaste aree del Pianeta.<\/p>\n<p>Infatti, moltissime sono le situazioni in cui il cambiamento climatico sta innescando grave crisi idrica, crollo delle produzioni agricole e dell\u2019allevamento, desertificazione, scomparsa della biodiversita\u0300, impossibilita\u0300 a mantenere le economie di sussistenza. Non solo, ma anche alla base dei conflitti armati e degli i scontri politici-religiosi, in cui le popolazioni civili sono le prime vittime, c\u2019e\u0300 quasi sempre la feroce contesa per il possesso e il controllo delle fonti energetiche fossili.<\/p>\n<p>Pertanto, riteniamo che affrontare il tema dei flussi migratori e proporre soluzioni, debba significare compiere ogni sforzo perche\u0301 si avviino a tutti i livelli, da quelli planetari a quelli strettamente locali, le giuste scelte per una decisa svolta nelle politiche energetiche e per la fuoriuscita dalla schiavitu\u0300 delle fonti fossili, la tutela delle risorse naturali, costruendo un nuovo rapporto fra gli esseri umani e la natura nel suo insieme.<\/p>\n<p>In questo senso, crediamo che la Regione Emilia-Romagna e i nostri Comuni non si debbano limitare ad ostentare la propria disponibilita\u0300 a tenere un atteggiamento responsabile nel momento della prima accoglienza, ma debbano anche ripensare in profondita\u0300 il proprio modello di sviluppo.<\/p>\n<p>&nbsp;<\/p>\n<p><em><strong>Rete Emergenza Climatica e Ambientale Emilia-Romagna<\/strong><\/em><\/p>\n<\/div>\n<\/div>\n<\/div>\n","protected":false},"excerpt":{"rendered":"<p>Non dimentichiamo che una delle principali causa dei flussi migratori \u00e8 il disastro ecologico con le sue conseguenze. Questa mattina ha attraccato al porto di Ravenna la nave soccorso di Medici Senza Frontiere. L\u2019organizzazione umanitaria, che come noto \u00e8 premio&hellip;<\/p>\n","protected":false},"author":594,"featured_media":1406717,"comment_status":"closed","ping_status":"closed","sticky":false,"template":"","format":"standard","meta":{"footnotes":""},"categories":[150,47,54572],"tags":[92704,4147,111158],"class_list":["post-1791383","post","type-post","status-publish","format-standard","has-post-thumbnail","hentry","category-comunicati-stampa","category-europa","category-migranti","tag-geo-barents","tag-ravenna","tag-ricerca-e-soccorso-nel-mediterraneo"],"yoast_head":"<!-- This site is optimized with the Yoast SEO plugin v27.1.1 - https:\/\/yoast.com\/product\/yoast-seo-wordpress\/ -->\n<title>Solidariet\u00e0 ai migranti e gratitudine per Medici senza Frontiere<\/title>\n<meta name=\"description\" content=\"Questa mattina ha attraccato al porto di Ravenna la nave soccorso di Medici Senza Frontiere con 336 persone soccorse in 3 diverse operazioni. L\u2019organizzazione \u00e8 premio Nobel per la Pace e proprio in questi giorni ha anche perduto dei suoi operatori a Gaza sotto i bombardamenti israeliani\" \/>\n<meta name=\"robots\" content=\"index, follow, max-snippet:-1, max-image-preview:large, max-video-preview:-1\" \/>\n<link rel=\"canonical\" href=\"https:\/\/www.pressenza.com\/it\/2024\/01\/solidarieta-ai-migranti-e-gratitudine-per-medici-senza-frontiere\/\" \/>\n<meta property=\"og:locale\" content=\"it_IT\" \/>\n<meta property=\"og:type\" content=\"article\" \/>\n<meta property=\"og:title\" content=\"Solidariet\u00e0 ai migranti e gratitudine per Medici senza Frontiere\" \/>\n<meta property=\"og:description\" content=\"Questa mattina ha attraccato al porto di Ravenna la nave soccorso di Medici Senza Frontiere con 336 persone soccorse in 3 diverse operazioni. L\u2019organizzazione \u00e8 premio Nobel per la Pace e proprio in questi giorni ha anche perduto dei suoi operatori a Gaza sotto i bombardamenti israeliani\" \/>\n<meta property=\"og:url\" content=\"https:\/\/www.pressenza.com\/it\/2024\/01\/solidarieta-ai-migranti-e-gratitudine-per-medici-senza-frontiere\/\" \/>\n<meta property=\"og:site_name\" content=\"Pressenza\" \/>\n<meta property=\"article:publisher\" content=\"https:\/\/www.facebook.com\/PressenzaItalia\" \/>\n<meta property=\"article:author\" content=\"https:\/\/www.facebook.com\/PressenzaItalia\" \/>\n<meta property=\"article:published_time\" content=\"2024-01-03T21:38:48+00:00\" \/>\n<meta property=\"article:modified_time\" content=\"2024-01-03T21:39:43+00:00\" \/>\n<meta property=\"og:image\" content=\"https:\/\/www.pressenza.com\/wp-content\/uploads\/2021\/07\/Geo-Barents.jpg\" \/>\n\t<meta property=\"og:image:width\" content=\"727\" \/>\n\t<meta property=\"og:image:height\" content=\"349\" \/>\n\t<meta property=\"og:image:type\" content=\"image\/jpeg\" \/>\n<meta name=\"author\" content=\"Redazione Italia\" \/>\n<meta name=\"twitter:card\" content=\"summary_large_image\" \/>\n<meta name=\"twitter:creator\" content=\"@pressenza_it\" \/>\n<meta name=\"twitter:site\" content=\"@PressenzaIPA\" \/>\n<meta name=\"twitter:label1\" content=\"Scritto da\" \/>\n\t<meta name=\"twitter:data1\" content=\"Redazione Italia\" \/>\n\t<meta name=\"twitter:label2\" content=\"Tempo di lettura stimato\" \/>\n\t<meta name=\"twitter:data2\" content=\"4 minuti\" \/>\n<script type=\"application\/ld+json\" class=\"yoast-schema-graph\">{\"@context\":\"https:\/\/schema.org\",\"@graph\":[{\"@type\":\"Article\",\"@id\":\"https:\/\/www.pressenza.com\/it\/2024\/01\/solidarieta-ai-migranti-e-gratitudine-per-medici-senza-frontiere\/#article\",\"isPartOf\":{\"@id\":\"https:\/\/www.pressenza.com\/it\/2024\/01\/solidarieta-ai-migranti-e-gratitudine-per-medici-senza-frontiere\/\"},\"author\":{\"name\":\"Redazione Italia\",\"@id\":\"https:\/\/www.pressenza.com\/it\/#\/schema\/person\/d983e81827ae24f2c7b1a2123d197f8d\"},\"headline\":\"Solidariet\u00e0 ai migranti e gratitudine per Medici senza Frontiere\",\"datePublished\":\"2024-01-03T21:38:48+00:00\",\"dateModified\":\"2024-01-03T21:39:43+00:00\",\"mainEntityOfPage\":{\"@id\":\"https:\/\/www.pressenza.com\/it\/2024\/01\/solidarieta-ai-migranti-e-gratitudine-per-medici-senza-frontiere\/\"},\"wordCount\":650,\"publisher\":{\"@id\":\"https:\/\/www.pressenza.com\/it\/#organization\"},\"image\":{\"@id\":\"https:\/\/www.pressenza.com\/it\/2024\/01\/solidarieta-ai-migranti-e-gratitudine-per-medici-senza-frontiere\/#primaryimage\"},\"thumbnailUrl\":\"https:\/\/www.pressenza.com\/wp-content\/uploads\/2021\/07\/Geo-Barents.jpg\",\"keywords\":[\"Geo Barents\",\"Ravenna\",\"ricerca e soccorso nel Mediterraneo\"],\"articleSection\":[\"Comunicati Stampa\",\"Europa\",\"Migranti\"],\"inLanguage\":\"it-IT\"},{\"@type\":\"WebPage\",\"@id\":\"https:\/\/www.pressenza.com\/it\/2024\/01\/solidarieta-ai-migranti-e-gratitudine-per-medici-senza-frontiere\/\",\"url\":\"https:\/\/www.pressenza.com\/it\/2024\/01\/solidarieta-ai-migranti-e-gratitudine-per-medici-senza-frontiere\/\",\"name\":\"Solidariet\u00e0 ai migranti e gratitudine per Medici senza Frontiere\",\"isPartOf\":{\"@id\":\"https:\/\/www.pressenza.com\/it\/#website\"},\"primaryImageOfPage\":{\"@id\":\"https:\/\/www.pressenza.com\/it\/2024\/01\/solidarieta-ai-migranti-e-gratitudine-per-medici-senza-frontiere\/#primaryimage\"},\"image\":{\"@id\":\"https:\/\/www.pressenza.com\/it\/2024\/01\/solidarieta-ai-migranti-e-gratitudine-per-medici-senza-frontiere\/#primaryimage\"},\"thumbnailUrl\":\"https:\/\/www.pressenza.com\/wp-content\/uploads\/2021\/07\/Geo-Barents.jpg\",\"datePublished\":\"2024-01-03T21:38:48+00:00\",\"dateModified\":\"2024-01-03T21:39:43+00:00\",\"description\":\"Questa mattina ha attraccato al porto di Ravenna la nave soccorso di Medici Senza Frontiere con 336 persone soccorse in 3 diverse operazioni. L\u2019organizzazione \u00e8 premio Nobel per la Pace e proprio in questi giorni ha anche perduto dei suoi operatori a Gaza sotto i bombardamenti israeliani\",\"breadcrumb\":{\"@id\":\"https:\/\/www.pressenza.com\/it\/2024\/01\/solidarieta-ai-migranti-e-gratitudine-per-medici-senza-frontiere\/#breadcrumb\"},\"inLanguage\":\"it-IT\",\"potentialAction\":[{\"@type\":\"ReadAction\",\"target\":[\"https:\/\/www.pressenza.com\/it\/2024\/01\/solidarieta-ai-migranti-e-gratitudine-per-medici-senza-frontiere\/\"]}]},{\"@type\":\"ImageObject\",\"inLanguage\":\"it-IT\",\"@id\":\"https:\/\/www.pressenza.com\/it\/2024\/01\/solidarieta-ai-migranti-e-gratitudine-per-medici-senza-frontiere\/#primaryimage\",\"url\":\"https:\/\/www.pressenza.com\/wp-content\/uploads\/2021\/07\/Geo-Barents.jpg\",\"contentUrl\":\"https:\/\/www.pressenza.com\/wp-content\/uploads\/2021\/07\/Geo-Barents.jpg\",\"width\":727,\"height\":349,\"caption\":\"\u03a6\u03c9\u03c4\u03bf\u03b3\u03c1\u03b1\u03c6\u03af\u03b1: \u0393\u03b9\u03b1\u03c4\u03c1\u03bf\u03af \u03a7\u03c9\u03c1\u03af\u03c2 \u03a3\u03cd\u03bd\u03bf\u03c1\u03b1 (M\u00e9decins Sans Fronti\u00e8res\/MSF)\"},{\"@type\":\"BreadcrumbList\",\"@id\":\"https:\/\/www.pressenza.com\/it\/2024\/01\/solidarieta-ai-migranti-e-gratitudine-per-medici-senza-frontiere\/#breadcrumb\",\"itemListElement\":[{\"@type\":\"ListItem\",\"position\":1,\"name\":\"Accueil\",\"item\":\"https:\/\/www.pressenza.com\/it\/\"},{\"@type\":\"ListItem\",\"position\":2,\"name\":\"Solidariet\u00e0 ai migranti e gratitudine per Medici senza Frontiere\"}]},{\"@type\":\"WebSite\",\"@id\":\"https:\/\/www.pressenza.com\/it\/#website\",\"url\":\"https:\/\/www.pressenza.com\/it\/\",\"name\":\"Pressenza\",\"description\":\"Agenzia di Stampa Internazionale\",\"publisher\":{\"@id\":\"https:\/\/www.pressenza.com\/it\/#organization\"},\"potentialAction\":[{\"@type\":\"SearchAction\",\"target\":{\"@type\":\"EntryPoint\",\"urlTemplate\":\"https:\/\/www.pressenza.com\/it\/?s={search_term_string}\"},\"query-input\":{\"@type\":\"PropertyValueSpecification\",\"valueRequired\":true,\"valueName\":\"search_term_string\"}}],\"inLanguage\":\"it-IT\"},{\"@type\":\"Organization\",\"@id\":\"https:\/\/www.pressenza.com\/it\/#organization\",\"name\":\"Pressenza\",\"url\":\"https:\/\/www.pressenza.com\/it\/\",\"logo\":{\"@type\":\"ImageObject\",\"inLanguage\":\"it-IT\",\"@id\":\"https:\/\/www.pressenza.com\/it\/#\/schema\/logo\/image\/\",\"url\":\"https:\/\/www.pressenza.com\/wp-content\/uploads\/2022\/10\/pressenza_logo_200x200.jpg\",\"contentUrl\":\"https:\/\/www.pressenza.com\/wp-content\/uploads\/2022\/10\/pressenza_logo_200x200.jpg\",\"width\":200,\"height\":200,\"caption\":\"Pressenza\"},\"image\":{\"@id\":\"https:\/\/www.pressenza.com\/it\/#\/schema\/logo\/image\/\"},\"sameAs\":[\"https:\/\/www.facebook.com\/PressenzaItalia\",\"https:\/\/x.com\/PressenzaIPA\"]},{\"@type\":\"Person\",\"@id\":\"https:\/\/www.pressenza.com\/it\/#\/schema\/person\/d983e81827ae24f2c7b1a2123d197f8d\",\"name\":\"Redazione Italia\",\"description\":\"News from the Pressenza Bureau in Italy\",\"sameAs\":[\"https:\/\/www.pressenza.com\/it\/author\/redazione-italia\/\",\"https:\/\/www.facebook.com\/PressenzaItalia\",\"https:\/\/www.instagram.com\/pressenza_italia\/\",\"https:\/\/x.com\/pressenza_it\",\"https:\/\/www.youtube.com\/channel\/UCSalEIWjE1RSxkwjfftFuqg\"],\"url\":\"https:\/\/www.pressenza.com\/it\/author\/redazione-italia\/\"}]}<\/script>\n<!-- \/ Yoast SEO plugin. -->","yoast_head_json":{"title":"Solidariet\u00e0 ai migranti e gratitudine per Medici senza Frontiere","description":"Questa mattina ha attraccato al porto di Ravenna la nave soccorso di Medici Senza Frontiere con 336 persone soccorse in 3 diverse operazioni. L\u2019organizzazione \u00e8 premio Nobel per la Pace e proprio in questi giorni ha anche perduto dei suoi operatori a Gaza sotto i bombardamenti israeliani","robots":{"index":"index","follow":"follow","max-snippet":"max-snippet:-1","max-image-preview":"max-image-preview:large","max-video-preview":"max-video-preview:-1"},"canonical":"https:\/\/www.pressenza.com\/it\/2024\/01\/solidarieta-ai-migranti-e-gratitudine-per-medici-senza-frontiere\/","og_locale":"it_IT","og_type":"article","og_title":"Solidariet\u00e0 ai migranti e gratitudine per Medici senza Frontiere","og_description":"Questa mattina ha attraccato al porto di Ravenna la nave soccorso di Medici Senza Frontiere con 336 persone soccorse in 3 diverse operazioni. L\u2019organizzazione \u00e8 premio Nobel per la Pace e proprio in questi giorni ha anche perduto dei suoi operatori a Gaza sotto i bombardamenti israeliani","og_url":"https:\/\/www.pressenza.com\/it\/2024\/01\/solidarieta-ai-migranti-e-gratitudine-per-medici-senza-frontiere\/","og_site_name":"Pressenza","article_publisher":"https:\/\/www.facebook.com\/PressenzaItalia","article_author":"https:\/\/www.facebook.com\/PressenzaItalia","article_published_time":"2024-01-03T21:38:48+00:00","article_modified_time":"2024-01-03T21:39:43+00:00","og_image":[{"width":727,"height":349,"url":"https:\/\/www.pressenza.com\/wp-content\/uploads\/2021\/07\/Geo-Barents.jpg","type":"image\/jpeg"}],"author":"Redazione Italia","twitter_card":"summary_large_image","twitter_creator":"@pressenza_it","twitter_site":"@PressenzaIPA","twitter_misc":{"Scritto da":"Redazione Italia","Tempo di lettura stimato":"4 minuti"},"schema":{"@context":"https:\/\/schema.org","@graph":[{"@type":"Article","@id":"https:\/\/www.pressenza.com\/it\/2024\/01\/solidarieta-ai-migranti-e-gratitudine-per-medici-senza-frontiere\/#article","isPartOf":{"@id":"https:\/\/www.pressenza.com\/it\/2024\/01\/solidarieta-ai-migranti-e-gratitudine-per-medici-senza-frontiere\/"},"author":{"name":"Redazione Italia","@id":"https:\/\/www.pressenza.com\/it\/#\/schema\/person\/d983e81827ae24f2c7b1a2123d197f8d"},"headline":"Solidariet\u00e0 ai migranti e gratitudine per Medici senza Frontiere","datePublished":"2024-01-03T21:38:48+00:00","dateModified":"2024-01-03T21:39:43+00:00","mainEntityOfPage":{"@id":"https:\/\/www.pressenza.com\/it\/2024\/01\/solidarieta-ai-migranti-e-gratitudine-per-medici-senza-frontiere\/"},"wordCount":650,"publisher":{"@id":"https:\/\/www.pressenza.com\/it\/#organization"},"image":{"@id":"https:\/\/www.pressenza.com\/it\/2024\/01\/solidarieta-ai-migranti-e-gratitudine-per-medici-senza-frontiere\/#primaryimage"},"thumbnailUrl":"https:\/\/www.pressenza.com\/wp-content\/uploads\/2021\/07\/Geo-Barents.jpg","keywords":["Geo Barents","Ravenna","ricerca e soccorso nel Mediterraneo"],"articleSection":["Comunicati Stampa","Europa","Migranti"],"inLanguage":"it-IT"},{"@type":"WebPage","@id":"https:\/\/www.pressenza.com\/it\/2024\/01\/solidarieta-ai-migranti-e-gratitudine-per-medici-senza-frontiere\/","url":"https:\/\/www.pressenza.com\/it\/2024\/01\/solidarieta-ai-migranti-e-gratitudine-per-medici-senza-frontiere\/","name":"Solidariet\u00e0 ai migranti e gratitudine per Medici senza Frontiere","isPartOf":{"@id":"https:\/\/www.pressenza.com\/it\/#website"},"primaryImageOfPage":{"@id":"https:\/\/www.pressenza.com\/it\/2024\/01\/solidarieta-ai-migranti-e-gratitudine-per-medici-senza-frontiere\/#primaryimage"},"image":{"@id":"https:\/\/www.pressenza.com\/it\/2024\/01\/solidarieta-ai-migranti-e-gratitudine-per-medici-senza-frontiere\/#primaryimage"},"thumbnailUrl":"https:\/\/www.pressenza.com\/wp-content\/uploads\/2021\/07\/Geo-Barents.jpg","datePublished":"2024-01-03T21:38:48+00:00","dateModified":"2024-01-03T21:39:43+00:00","description":"Questa mattina ha attraccato al porto di Ravenna la nave soccorso di Medici Senza Frontiere con 336 persone soccorse in 3 diverse operazioni. L\u2019organizzazione \u00e8 premio Nobel per la Pace e proprio in questi giorni ha anche perduto dei suoi operatori a Gaza sotto i bombardamenti israeliani","breadcrumb":{"@id":"https:\/\/www.pressenza.com\/it\/2024\/01\/solidarieta-ai-migranti-e-gratitudine-per-medici-senza-frontiere\/#breadcrumb"},"inLanguage":"it-IT","potentialAction":[{"@type":"ReadAction","target":["https:\/\/www.pressenza.com\/it\/2024\/01\/solidarieta-ai-migranti-e-gratitudine-per-medici-senza-frontiere\/"]}]},{"@type":"ImageObject","inLanguage":"it-IT","@id":"https:\/\/www.pressenza.com\/it\/2024\/01\/solidarieta-ai-migranti-e-gratitudine-per-medici-senza-frontiere\/#primaryimage","url":"https:\/\/www.pressenza.com\/wp-content\/uploads\/2021\/07\/Geo-Barents.jpg","contentUrl":"https:\/\/www.pressenza.com\/wp-content\/uploads\/2021\/07\/Geo-Barents.jpg","width":727,"height":349,"caption":"\u03a6\u03c9\u03c4\u03bf\u03b3\u03c1\u03b1\u03c6\u03af\u03b1: \u0393\u03b9\u03b1\u03c4\u03c1\u03bf\u03af \u03a7\u03c9\u03c1\u03af\u03c2 \u03a3\u03cd\u03bd\u03bf\u03c1\u03b1 (M\u00e9decins Sans Fronti\u00e8res\/MSF)"},{"@type":"BreadcrumbList","@id":"https:\/\/www.pressenza.com\/it\/2024\/01\/solidarieta-ai-migranti-e-gratitudine-per-medici-senza-frontiere\/#breadcrumb","itemListElement":[{"@type":"ListItem","position":1,"name":"Accueil","item":"https:\/\/www.pressenza.com\/it\/"},{"@type":"ListItem","position":2,"name":"Solidariet\u00e0 ai migranti e gratitudine per Medici senza Frontiere"}]},{"@type":"WebSite","@id":"https:\/\/www.pressenza.com\/it\/#website","url":"https:\/\/www.pressenza.com\/it\/","name":"Pressenza","description":"Agenzia di Stampa Internazionale","publisher":{"@id":"https:\/\/www.pressenza.com\/it\/#organization"},"potentialAction":[{"@type":"SearchAction","target":{"@type":"EntryPoint","urlTemplate":"https:\/\/www.pressenza.com\/it\/?s={search_term_string}"},"query-input":{"@type":"PropertyValueSpecification","valueRequired":true,"valueName":"search_term_string"}}],"inLanguage":"it-IT"},{"@type":"Organization","@id":"https:\/\/www.pressenza.com\/it\/#organization","name":"Pressenza","url":"https:\/\/www.pressenza.com\/it\/","logo":{"@type":"ImageObject","inLanguage":"it-IT","@id":"https:\/\/www.pressenza.com\/it\/#\/schema\/logo\/image\/","url":"https:\/\/www.pressenza.com\/wp-content\/uploads\/2022\/10\/pressenza_logo_200x200.jpg","contentUrl":"https:\/\/www.pressenza.com\/wp-content\/uploads\/2022\/10\/pressenza_logo_200x200.jpg","width":200,"height":200,"caption":"Pressenza"},"image":{"@id":"https:\/\/www.pressenza.com\/it\/#\/schema\/logo\/image\/"},"sameAs":["https:\/\/www.facebook.com\/PressenzaItalia","https:\/\/x.com\/PressenzaIPA"]},{"@type":"Person","@id":"https:\/\/www.pressenza.com\/it\/#\/schema\/person\/d983e81827ae24f2c7b1a2123d197f8d","name":"Redazione Italia","description":"News from the Pressenza Bureau in Italy","sameAs":["https:\/\/www.pressenza.com\/it\/author\/redazione-italia\/","https:\/\/www.facebook.com\/PressenzaItalia","https:\/\/www.instagram.com\/pressenza_italia\/","https:\/\/x.com\/pressenza_it","https:\/\/www.youtube.com\/channel\/UCSalEIWjE1RSxkwjfftFuqg"],"url":"https:\/\/www.pressenza.com\/it\/author\/redazione-italia\/"}]}},"place":"","original_article_url":"","_links":{"self":[{"href":"https:\/\/www.pressenza.com\/it\/wp-json\/wp\/v2\/posts\/1791383","targetHints":{"allow":["GET"]}}],"collection":[{"href":"https:\/\/www.pressenza.com\/it\/wp-json\/wp\/v2\/posts"}],"about":[{"href":"https:\/\/www.pressenza.com\/it\/wp-json\/wp\/v2\/types\/post"}],"author":[{"embeddable":true,"href":"https:\/\/www.pressenza.com\/it\/wp-json\/wp\/v2\/users\/594"}],"replies":[{"embeddable":true,"href":"https:\/\/www.pressenza.com\/it\/wp-json\/wp\/v2\/comments?post=1791383"}],"version-history":[{"count":0,"href":"https:\/\/www.pressenza.com\/it\/wp-json\/wp\/v2\/posts\/1791383\/revisions"}],"wp:featuredmedia":[{"embeddable":true,"href":"https:\/\/www.pressenza.com\/it\/wp-json\/wp\/v2\/media\/1406717"}],"wp:attachment":[{"href":"https:\/\/www.pressenza.com\/it\/wp-json\/wp\/v2\/media?parent=1791383"}],"wp:term":[{"taxonomy":"category","embeddable":true,"href":"https:\/\/www.pressenza.com\/it\/wp-json\/wp\/v2\/categories?post=1791383"},{"taxonomy":"post_tag","embeddable":true,"href":"https:\/\/www.pressenza.com\/it\/wp-json\/wp\/v2\/tags?post=1791383"}],"curies":[{"name":"wp","href":"https:\/\/api.w.org\/{rel}","templated":true}]}}