{"id":1791242,"date":"2024-01-02T22:10:40","date_gmt":"2024-01-02T22:10:40","guid":{"rendered":"https:\/\/www.pressenza.com\/?p=1791242"},"modified":"2024-01-03T10:30:42","modified_gmt":"2024-01-03T10:30:42","slug":"e-quindi-guerra-lomicidio-di-al-arouri-mette-nasrallah-con-le-spalle-al-muro","status":"publish","type":"post","link":"https:\/\/www.pressenza.com\/it\/2024\/01\/e-quindi-guerra-lomicidio-di-al-arouri-mette-nasrallah-con-le-spalle-al-muro\/","title":{"rendered":"E quindi guerra? L&#8217;omicidio di Al Arouri mette Nasrallah con le spalle al muro"},"content":{"rendered":"<p>Se le forze di Hezbollah si stavano compattando ed organizzando in vista di un possibile conflitto nel sud del Libano, l&#8217;assassinio di Al Arouri (e di altre 5 persone) ha sicuramente dato una spinta decisiva verso l&#8217;escalation nell&#8217;area.<\/p>\n<p>Ci sono vari modi di presentare quello che \u00e8 accaduto e quello che sta accadendo, e nessuno di questi \u00e8 neutro.<\/p>\n<p>Da una parte c&#8217;\u00e8 la versione di Israele che ritiene di portare avanti un braccio di ferro per procura con l&#8217; Iran, che utilizza Hamas  ed Hezbollah come marionette per comprometterne la sopravvivenza : in questa prospettiva, Israele ha interesse ad intervenire once and for all non soltanto nella striscia, ma anche nel sud del Libano (e speriamo non in Siria) ; dall&#8217; altra parte c&#8217;\u00e8 la versione del popolo palestinese che  sta subendo un genocidio, e vede nella resistenza armata almeno la salvezza dell&#8217;onore.<br \/>\nInfine, c&#8217;\u00e8 un paese terzo , il Libano appunto, che sta venendo trascinato per i capelli in un conflitto non voluto e che pu\u00f2 determinarne il crollo definitivo.<br \/>\nChe cosa succeder\u00e0 adesso?<\/p>\n<p>La scelta di Al Arouri come bersaglio e la scelta del luogo dell&#8217;attentato sono fortemente simbolici, perch\u00e9 vogliono sottolineare la contiguit\u00e0 fra Hamas ed Hezbollah, unendole in una responsabilit\u00e0 condivisa.<br \/>\nIl &#8220;numero due di Hamas&#8221; aveva infatti giocato un ruolo importante nel riavvicinamento fra le due organizzazioni, tradizionalmente non in buoni termini ; in pi\u00f9 , Al Arouri si trovava a Beirut, &#8220;sotto la protezione&#8221; di Hezbollah.<br \/>\nOltre a questo, colpirlo in Libano, Stato sovrano, significa ribadire che Israele pu\u00f2 colpire chi vuole, dove vuole e quando vuole.<\/p>\n<p>Per\u00f2, c&#8217;\u00e8 un per\u00f2.<br \/>\nChi ha progettato l&#8217;omicidio non pu\u00f2 non avere tenuto conto delle conseguenze.<br \/>\nLa  prima \u00e8 pratica : l&#8217;interruzione dei negoziati sui prigionieri e sulla tregua fra Israele ed Hamas.<br \/>\nLa seconda \u00e8 giuridica : l&#8217;attentato &#8211; definibile come terroristico &#8211; ha violato uno Stato sovrano.<br \/>\nLa terza \u00e8 di relazione : Hamas ed Hezbollah ricompattano il fronte.<br \/>\nLa quarta \u00e8 politica : a questo punto,  Nasrallah \u00e8 messo con le spalle al muro e deve rispondere alla provocazione, o perder\u00e0 di credibilit\u00e0 presso la sua base.  <\/p>\n<p>Se le conseguenze sono state ben valutate, la morte di Al Arouri si paga con un prezzo altissimo.<br \/>\nChi ha ucciso voleva soffiare sul fuoco e ravvivare la fiamma, e c&#8217;\u00e8 riuscito ; ma questo giova ad Israele, in questo momento, e \u00e8 consistente con gli altri passi, quali il ritiro dei riservisti?<\/p>\n<p>Al momento il gabinetto di guerra di Nethanyau tace.<br \/>\nSecondo Al Jazeera Mark Regev, suo consigliere, avrebbe dichiarato al canale statunitense MSNBC che &#8220;chiunque sia stato, deve essere chiaro che non si tratta di un attacco al Libano&#8221;.<br \/>\nSono parole che sorprendono, perch\u00e9 l&#8217;accaduto \u00e8 indubbiamente un attacco al Libano ; che cosa vogliono dire? Sono un (goffo) passo indietro sulle conseguenze, o \u00e8 un modo per indicare una false flag?<\/p>\n<p>Mentre i contorni della vicenda si chiariscono,  nessuno dubita che ormai si sia passata la linea rossa.<br \/>\nIl discorso di Nasrallah mercoledi, ma soprattutto quello di venerd\u00ec, sono attesi con con un&#8217;ansia crescente da tutta la popolazione.<\/p>\n","protected":false},"excerpt":{"rendered":"<p>Se le forze di Hezbollah si stavano compattando ed organizzando in vista di un possibile conflitto nel sud del Libano, l&#8217;assassinio di Al Arouri (e di altre 5 persone) ha sicuramente dato una spinta decisiva verso l&#8217;escalation nell&#8217;area. Ci sono&hellip;<\/p>\n","protected":false},"author":2069,"featured_media":1791243,"comment_status":"closed","ping_status":"closed","sticky":false,"template":"","format":"standard","meta":{"footnotes":""},"categories":[11388,162,57],"tags":[119057,4428,5929,778,4438],"class_list":["post-1791242","post","type-post","status-publish","format-standard","has-post-thumbnail","hentry","category-contenuti-originali","category-opinioni","category-affari-esteri","tag-al-arouri","tag-hamas","tag-hezbollah","tag-israele","tag-libano"],"yoast_head":"<!-- This site is optimized with the Yoast SEO plugin v27.1.1 - https:\/\/yoast.com\/product\/yoast-seo-wordpress\/ -->\n<title>E quindi guerra? L&#039;omicidio di Al Arouri mette Nasrallah con le spalle al muro<\/title>\n<meta name=\"description\" content=\"Se le forze di Hezbollah si stavano compattando ed organizzando in vista di un possibile conflitto nel sud del Libano, l&#039;assassinio di Al Arouri (e di\" \/>\n<meta name=\"robots\" content=\"index, follow, max-snippet:-1, max-image-preview:large, max-video-preview:-1\" \/>\n<link rel=\"canonical\" href=\"https:\/\/www.pressenza.com\/it\/2024\/01\/e-quindi-guerra-lomicidio-di-al-arouri-mette-nasrallah-con-le-spalle-al-muro\/\" \/>\n<meta property=\"og:locale\" content=\"it_IT\" \/>\n<meta property=\"og:type\" content=\"article\" \/>\n<meta property=\"og:title\" content=\"E quindi guerra? L&#039;omicidio di Al Arouri mette Nasrallah con le spalle al muro\" \/>\n<meta property=\"og:description\" content=\"Se le forze di Hezbollah si stavano compattando ed organizzando in vista di un possibile conflitto nel sud del Libano, l&#039;assassinio di Al Arouri (e di\" \/>\n<meta property=\"og:url\" content=\"https:\/\/www.pressenza.com\/it\/2024\/01\/e-quindi-guerra-lomicidio-di-al-arouri-mette-nasrallah-con-le-spalle-al-muro\/\" \/>\n<meta property=\"og:site_name\" content=\"Pressenza\" \/>\n<meta property=\"article:publisher\" content=\"https:\/\/www.facebook.com\/PressenzaItalia\" \/>\n<meta property=\"article:published_time\" content=\"2024-01-02T22:10:40+00:00\" \/>\n<meta property=\"article:modified_time\" content=\"2024-01-03T10:30:42+00:00\" \/>\n<meta property=\"og:image\" content=\"https:\/\/www.pressenza.com\/wp-content\/uploads\/2024\/01\/beirut-attack-sharpress.jpg\" \/>\n\t<meta property=\"og:image:width\" content=\"850\" \/>\n\t<meta property=\"og:image:height\" content=\"531\" \/>\n\t<meta property=\"og:image:type\" content=\"image\/jpeg\" \/>\n<meta name=\"author\" content=\"Benedetta Piola Caselli\" \/>\n<meta name=\"twitter:card\" content=\"summary_large_image\" \/>\n<meta name=\"twitter:creator\" content=\"@PressenzaIPA\" \/>\n<meta name=\"twitter:site\" content=\"@PressenzaIPA\" \/>\n<meta name=\"twitter:label1\" content=\"Scritto da\" \/>\n\t<meta name=\"twitter:data1\" content=\"Benedetta Piola Caselli\" \/>\n\t<meta name=\"twitter:label2\" content=\"Tempo di lettura stimato\" \/>\n\t<meta name=\"twitter:data2\" content=\"3 minuti\" \/>\n<script type=\"application\/ld+json\" class=\"yoast-schema-graph\">{\"@context\":\"https:\/\/schema.org\",\"@graph\":[{\"@type\":\"Article\",\"@id\":\"https:\/\/www.pressenza.com\/it\/2024\/01\/e-quindi-guerra-lomicidio-di-al-arouri-mette-nasrallah-con-le-spalle-al-muro\/#article\",\"isPartOf\":{\"@id\":\"https:\/\/www.pressenza.com\/it\/2024\/01\/e-quindi-guerra-lomicidio-di-al-arouri-mette-nasrallah-con-le-spalle-al-muro\/\"},\"author\":{\"name\":\"Benedetta Piola Caselli\",\"@id\":\"https:\/\/www.pressenza.com\/it\/#\/schema\/person\/7831a7d9e94a390384c5d712ba6198dc\"},\"headline\":\"E quindi guerra? L&#8217;omicidio di Al Arouri mette Nasrallah con le spalle al muro\",\"datePublished\":\"2024-01-02T22:10:40+00:00\",\"dateModified\":\"2024-01-03T10:30:42+00:00\",\"mainEntityOfPage\":{\"@id\":\"https:\/\/www.pressenza.com\/it\/2024\/01\/e-quindi-guerra-lomicidio-di-al-arouri-mette-nasrallah-con-le-spalle-al-muro\/\"},\"wordCount\":518,\"publisher\":{\"@id\":\"https:\/\/www.pressenza.com\/it\/#organization\"},\"image\":{\"@id\":\"https:\/\/www.pressenza.com\/it\/2024\/01\/e-quindi-guerra-lomicidio-di-al-arouri-mette-nasrallah-con-le-spalle-al-muro\/#primaryimage\"},\"thumbnailUrl\":\"https:\/\/www.pressenza.com\/wp-content\/uploads\/2024\/01\/beirut-attack-sharpress.jpg\",\"keywords\":[\"Al Arouri\",\"Hamas\",\"Hezbollah\",\"Israele\",\"Libano\"],\"articleSection\":[\"contenuti originali\",\"Opinioni\",\"Questioni internazionali\"],\"inLanguage\":\"it-IT\"},{\"@type\":\"WebPage\",\"@id\":\"https:\/\/www.pressenza.com\/it\/2024\/01\/e-quindi-guerra-lomicidio-di-al-arouri-mette-nasrallah-con-le-spalle-al-muro\/\",\"url\":\"https:\/\/www.pressenza.com\/it\/2024\/01\/e-quindi-guerra-lomicidio-di-al-arouri-mette-nasrallah-con-le-spalle-al-muro\/\",\"name\":\"E quindi guerra? L'omicidio di Al Arouri mette Nasrallah con le spalle al muro\",\"isPartOf\":{\"@id\":\"https:\/\/www.pressenza.com\/it\/#website\"},\"primaryImageOfPage\":{\"@id\":\"https:\/\/www.pressenza.com\/it\/2024\/01\/e-quindi-guerra-lomicidio-di-al-arouri-mette-nasrallah-con-le-spalle-al-muro\/#primaryimage\"},\"image\":{\"@id\":\"https:\/\/www.pressenza.com\/it\/2024\/01\/e-quindi-guerra-lomicidio-di-al-arouri-mette-nasrallah-con-le-spalle-al-muro\/#primaryimage\"},\"thumbnailUrl\":\"https:\/\/www.pressenza.com\/wp-content\/uploads\/2024\/01\/beirut-attack-sharpress.jpg\",\"datePublished\":\"2024-01-02T22:10:40+00:00\",\"dateModified\":\"2024-01-03T10:30:42+00:00\",\"description\":\"Se le forze di Hezbollah si stavano compattando ed organizzando in vista di un possibile conflitto nel sud del Libano, l'assassinio di Al Arouri (e di\",\"breadcrumb\":{\"@id\":\"https:\/\/www.pressenza.com\/it\/2024\/01\/e-quindi-guerra-lomicidio-di-al-arouri-mette-nasrallah-con-le-spalle-al-muro\/#breadcrumb\"},\"inLanguage\":\"it-IT\",\"potentialAction\":[{\"@type\":\"ReadAction\",\"target\":[\"https:\/\/www.pressenza.com\/it\/2024\/01\/e-quindi-guerra-lomicidio-di-al-arouri-mette-nasrallah-con-le-spalle-al-muro\/\"]}]},{\"@type\":\"ImageObject\",\"inLanguage\":\"it-IT\",\"@id\":\"https:\/\/www.pressenza.com\/it\/2024\/01\/e-quindi-guerra-lomicidio-di-al-arouri-mette-nasrallah-con-le-spalle-al-muro\/#primaryimage\",\"url\":\"https:\/\/www.pressenza.com\/wp-content\/uploads\/2024\/01\/beirut-attack-sharpress.jpg\",\"contentUrl\":\"https:\/\/www.pressenza.com\/wp-content\/uploads\/2024\/01\/beirut-attack-sharpress.jpg\",\"width\":850,\"height\":531},{\"@type\":\"BreadcrumbList\",\"@id\":\"https:\/\/www.pressenza.com\/it\/2024\/01\/e-quindi-guerra-lomicidio-di-al-arouri-mette-nasrallah-con-le-spalle-al-muro\/#breadcrumb\",\"itemListElement\":[{\"@type\":\"ListItem\",\"position\":1,\"name\":\"Accueil\",\"item\":\"https:\/\/www.pressenza.com\/it\/\"},{\"@type\":\"ListItem\",\"position\":2,\"name\":\"E quindi guerra? L&#8217;omicidio di Al Arouri mette Nasrallah con le spalle al muro\"}]},{\"@type\":\"WebSite\",\"@id\":\"https:\/\/www.pressenza.com\/it\/#website\",\"url\":\"https:\/\/www.pressenza.com\/it\/\",\"name\":\"Pressenza\",\"description\":\"Agenzia di Stampa Internazionale\",\"publisher\":{\"@id\":\"https:\/\/www.pressenza.com\/it\/#organization\"},\"potentialAction\":[{\"@type\":\"SearchAction\",\"target\":{\"@type\":\"EntryPoint\",\"urlTemplate\":\"https:\/\/www.pressenza.com\/it\/?s={search_term_string}\"},\"query-input\":{\"@type\":\"PropertyValueSpecification\",\"valueRequired\":true,\"valueName\":\"search_term_string\"}}],\"inLanguage\":\"it-IT\"},{\"@type\":\"Organization\",\"@id\":\"https:\/\/www.pressenza.com\/it\/#organization\",\"name\":\"Pressenza\",\"url\":\"https:\/\/www.pressenza.com\/it\/\",\"logo\":{\"@type\":\"ImageObject\",\"inLanguage\":\"it-IT\",\"@id\":\"https:\/\/www.pressenza.com\/it\/#\/schema\/logo\/image\/\",\"url\":\"https:\/\/www.pressenza.com\/wp-content\/uploads\/2022\/10\/pressenza_logo_200x200.jpg\",\"contentUrl\":\"https:\/\/www.pressenza.com\/wp-content\/uploads\/2022\/10\/pressenza_logo_200x200.jpg\",\"width\":200,\"height\":200,\"caption\":\"Pressenza\"},\"image\":{\"@id\":\"https:\/\/www.pressenza.com\/it\/#\/schema\/logo\/image\/\"},\"sameAs\":[\"https:\/\/www.facebook.com\/PressenzaItalia\",\"https:\/\/x.com\/PressenzaIPA\"]},{\"@type\":\"Person\",\"@id\":\"https:\/\/www.pressenza.com\/it\/#\/schema\/person\/7831a7d9e94a390384c5d712ba6198dc\",\"name\":\"Benedetta Piola Caselli\",\"description\":\"Laureata in Scienze Politiche e in giurisprudenza, PhD in Comparative Analysis of Law, Economics and Institutions, dopo una lunga esperienza nella cooperazione internazionale ha aperto uno studio che si occupa della protezione di soggetti vulnerabili. Giornalista per passione, \u00e8 interessata al rapporto fra verit\u00e0 e ricostruzione, e detesta ogni forma di mistificazione.\",\"url\":\"https:\/\/www.pressenza.com\/it\/author\/benedetta-piola-caselli\/\"}]}<\/script>\n<!-- \/ Yoast SEO plugin. -->","yoast_head_json":{"title":"E quindi guerra? L'omicidio di Al Arouri mette Nasrallah con le spalle al muro","description":"Se le forze di Hezbollah si stavano compattando ed organizzando in vista di un possibile conflitto nel sud del Libano, l'assassinio di Al Arouri (e di","robots":{"index":"index","follow":"follow","max-snippet":"max-snippet:-1","max-image-preview":"max-image-preview:large","max-video-preview":"max-video-preview:-1"},"canonical":"https:\/\/www.pressenza.com\/it\/2024\/01\/e-quindi-guerra-lomicidio-di-al-arouri-mette-nasrallah-con-le-spalle-al-muro\/","og_locale":"it_IT","og_type":"article","og_title":"E quindi guerra? L'omicidio di Al Arouri mette Nasrallah con le spalle al muro","og_description":"Se le forze di Hezbollah si stavano compattando ed organizzando in vista di un possibile conflitto nel sud del Libano, l'assassinio di Al Arouri (e di","og_url":"https:\/\/www.pressenza.com\/it\/2024\/01\/e-quindi-guerra-lomicidio-di-al-arouri-mette-nasrallah-con-le-spalle-al-muro\/","og_site_name":"Pressenza","article_publisher":"https:\/\/www.facebook.com\/PressenzaItalia","article_published_time":"2024-01-02T22:10:40+00:00","article_modified_time":"2024-01-03T10:30:42+00:00","og_image":[{"width":850,"height":531,"url":"https:\/\/www.pressenza.com\/wp-content\/uploads\/2024\/01\/beirut-attack-sharpress.jpg","type":"image\/jpeg"}],"author":"Benedetta Piola Caselli","twitter_card":"summary_large_image","twitter_creator":"@PressenzaIPA","twitter_site":"@PressenzaIPA","twitter_misc":{"Scritto da":"Benedetta Piola Caselli","Tempo di lettura stimato":"3 minuti"},"schema":{"@context":"https:\/\/schema.org","@graph":[{"@type":"Article","@id":"https:\/\/www.pressenza.com\/it\/2024\/01\/e-quindi-guerra-lomicidio-di-al-arouri-mette-nasrallah-con-le-spalle-al-muro\/#article","isPartOf":{"@id":"https:\/\/www.pressenza.com\/it\/2024\/01\/e-quindi-guerra-lomicidio-di-al-arouri-mette-nasrallah-con-le-spalle-al-muro\/"},"author":{"name":"Benedetta Piola Caselli","@id":"https:\/\/www.pressenza.com\/it\/#\/schema\/person\/7831a7d9e94a390384c5d712ba6198dc"},"headline":"E quindi guerra? L&#8217;omicidio di Al Arouri mette Nasrallah con le spalle al muro","datePublished":"2024-01-02T22:10:40+00:00","dateModified":"2024-01-03T10:30:42+00:00","mainEntityOfPage":{"@id":"https:\/\/www.pressenza.com\/it\/2024\/01\/e-quindi-guerra-lomicidio-di-al-arouri-mette-nasrallah-con-le-spalle-al-muro\/"},"wordCount":518,"publisher":{"@id":"https:\/\/www.pressenza.com\/it\/#organization"},"image":{"@id":"https:\/\/www.pressenza.com\/it\/2024\/01\/e-quindi-guerra-lomicidio-di-al-arouri-mette-nasrallah-con-le-spalle-al-muro\/#primaryimage"},"thumbnailUrl":"https:\/\/www.pressenza.com\/wp-content\/uploads\/2024\/01\/beirut-attack-sharpress.jpg","keywords":["Al Arouri","Hamas","Hezbollah","Israele","Libano"],"articleSection":["contenuti originali","Opinioni","Questioni internazionali"],"inLanguage":"it-IT"},{"@type":"WebPage","@id":"https:\/\/www.pressenza.com\/it\/2024\/01\/e-quindi-guerra-lomicidio-di-al-arouri-mette-nasrallah-con-le-spalle-al-muro\/","url":"https:\/\/www.pressenza.com\/it\/2024\/01\/e-quindi-guerra-lomicidio-di-al-arouri-mette-nasrallah-con-le-spalle-al-muro\/","name":"E quindi guerra? L'omicidio di Al Arouri mette Nasrallah con le spalle al muro","isPartOf":{"@id":"https:\/\/www.pressenza.com\/it\/#website"},"primaryImageOfPage":{"@id":"https:\/\/www.pressenza.com\/it\/2024\/01\/e-quindi-guerra-lomicidio-di-al-arouri-mette-nasrallah-con-le-spalle-al-muro\/#primaryimage"},"image":{"@id":"https:\/\/www.pressenza.com\/it\/2024\/01\/e-quindi-guerra-lomicidio-di-al-arouri-mette-nasrallah-con-le-spalle-al-muro\/#primaryimage"},"thumbnailUrl":"https:\/\/www.pressenza.com\/wp-content\/uploads\/2024\/01\/beirut-attack-sharpress.jpg","datePublished":"2024-01-02T22:10:40+00:00","dateModified":"2024-01-03T10:30:42+00:00","description":"Se le forze di Hezbollah si stavano compattando ed organizzando in vista di un possibile conflitto nel sud del Libano, l'assassinio di Al Arouri (e di","breadcrumb":{"@id":"https:\/\/www.pressenza.com\/it\/2024\/01\/e-quindi-guerra-lomicidio-di-al-arouri-mette-nasrallah-con-le-spalle-al-muro\/#breadcrumb"},"inLanguage":"it-IT","potentialAction":[{"@type":"ReadAction","target":["https:\/\/www.pressenza.com\/it\/2024\/01\/e-quindi-guerra-lomicidio-di-al-arouri-mette-nasrallah-con-le-spalle-al-muro\/"]}]},{"@type":"ImageObject","inLanguage":"it-IT","@id":"https:\/\/www.pressenza.com\/it\/2024\/01\/e-quindi-guerra-lomicidio-di-al-arouri-mette-nasrallah-con-le-spalle-al-muro\/#primaryimage","url":"https:\/\/www.pressenza.com\/wp-content\/uploads\/2024\/01\/beirut-attack-sharpress.jpg","contentUrl":"https:\/\/www.pressenza.com\/wp-content\/uploads\/2024\/01\/beirut-attack-sharpress.jpg","width":850,"height":531},{"@type":"BreadcrumbList","@id":"https:\/\/www.pressenza.com\/it\/2024\/01\/e-quindi-guerra-lomicidio-di-al-arouri-mette-nasrallah-con-le-spalle-al-muro\/#breadcrumb","itemListElement":[{"@type":"ListItem","position":1,"name":"Accueil","item":"https:\/\/www.pressenza.com\/it\/"},{"@type":"ListItem","position":2,"name":"E quindi guerra? L&#8217;omicidio di Al Arouri mette Nasrallah con le spalle al muro"}]},{"@type":"WebSite","@id":"https:\/\/www.pressenza.com\/it\/#website","url":"https:\/\/www.pressenza.com\/it\/","name":"Pressenza","description":"Agenzia di Stampa Internazionale","publisher":{"@id":"https:\/\/www.pressenza.com\/it\/#organization"},"potentialAction":[{"@type":"SearchAction","target":{"@type":"EntryPoint","urlTemplate":"https:\/\/www.pressenza.com\/it\/?s={search_term_string}"},"query-input":{"@type":"PropertyValueSpecification","valueRequired":true,"valueName":"search_term_string"}}],"inLanguage":"it-IT"},{"@type":"Organization","@id":"https:\/\/www.pressenza.com\/it\/#organization","name":"Pressenza","url":"https:\/\/www.pressenza.com\/it\/","logo":{"@type":"ImageObject","inLanguage":"it-IT","@id":"https:\/\/www.pressenza.com\/it\/#\/schema\/logo\/image\/","url":"https:\/\/www.pressenza.com\/wp-content\/uploads\/2022\/10\/pressenza_logo_200x200.jpg","contentUrl":"https:\/\/www.pressenza.com\/wp-content\/uploads\/2022\/10\/pressenza_logo_200x200.jpg","width":200,"height":200,"caption":"Pressenza"},"image":{"@id":"https:\/\/www.pressenza.com\/it\/#\/schema\/logo\/image\/"},"sameAs":["https:\/\/www.facebook.com\/PressenzaItalia","https:\/\/x.com\/PressenzaIPA"]},{"@type":"Person","@id":"https:\/\/www.pressenza.com\/it\/#\/schema\/person\/7831a7d9e94a390384c5d712ba6198dc","name":"Benedetta Piola Caselli","description":"Laureata in Scienze Politiche e in giurisprudenza, PhD in Comparative Analysis of Law, Economics and Institutions, dopo una lunga esperienza nella cooperazione internazionale ha aperto uno studio che si occupa della protezione di soggetti vulnerabili. Giornalista per passione, \u00e8 interessata al rapporto fra verit\u00e0 e ricostruzione, e detesta ogni forma di mistificazione.","url":"https:\/\/www.pressenza.com\/it\/author\/benedetta-piola-caselli\/"}]}},"place":"","original_article_url":"","_links":{"self":[{"href":"https:\/\/www.pressenza.com\/it\/wp-json\/wp\/v2\/posts\/1791242","targetHints":{"allow":["GET"]}}],"collection":[{"href":"https:\/\/www.pressenza.com\/it\/wp-json\/wp\/v2\/posts"}],"about":[{"href":"https:\/\/www.pressenza.com\/it\/wp-json\/wp\/v2\/types\/post"}],"author":[{"embeddable":true,"href":"https:\/\/www.pressenza.com\/it\/wp-json\/wp\/v2\/users\/2069"}],"replies":[{"embeddable":true,"href":"https:\/\/www.pressenza.com\/it\/wp-json\/wp\/v2\/comments?post=1791242"}],"version-history":[{"count":0,"href":"https:\/\/www.pressenza.com\/it\/wp-json\/wp\/v2\/posts\/1791242\/revisions"}],"wp:featuredmedia":[{"embeddable":true,"href":"https:\/\/www.pressenza.com\/it\/wp-json\/wp\/v2\/media\/1791243"}],"wp:attachment":[{"href":"https:\/\/www.pressenza.com\/it\/wp-json\/wp\/v2\/media?parent=1791242"}],"wp:term":[{"taxonomy":"category","embeddable":true,"href":"https:\/\/www.pressenza.com\/it\/wp-json\/wp\/v2\/categories?post=1791242"},{"taxonomy":"post_tag","embeddable":true,"href":"https:\/\/www.pressenza.com\/it\/wp-json\/wp\/v2\/tags?post=1791242"}],"curies":[{"name":"wp","href":"https:\/\/api.w.org\/{rel}","templated":true}]}}