{"id":1790937,"date":"2024-01-01T10:50:50","date_gmt":"2024-01-01T10:50:50","guid":{"rendered":"https:\/\/www.pressenza.com\/?p=1790937"},"modified":"2024-01-01T12:10:08","modified_gmt":"2024-01-01T12:10:08","slug":"alleanza-contro-la-poverta-con-la-fine-del-reddito-di-cittadinanza-una-platea-di-nuovi-poveri","status":"publish","type":"post","link":"https:\/\/www.pressenza.com\/it\/2024\/01\/alleanza-contro-la-poverta-con-la-fine-del-reddito-di-cittadinanza-una-platea-di-nuovi-poveri\/","title":{"rendered":"Alleanza contro la povert\u00e0: con la fine del reddito di cittadinanza una platea di nuovi poveri"},"content":{"rendered":"<p>Oltre il 54% dei percettori del Reddito di Cittadinanza- RDC non beneficer\u00e0 dell\u2019Assegno di Inclusione- ADI in base ai nuovi criteri della misura voluta dal governo Meloni.<\/p>\n<p>Una misura iniqua, che non \u00e8 stata adeguatamente comunicata e preparata e che, oltre a lasciare in povert\u00e0 estrema tante famiglie, ha messo in grossa difficolt\u00e0 i servizi sociali territoriali.<\/p>\n<p>La stima prevede che complessivamente beneficeranno dell\u2019ADI 854.000 famiglie (di cui 66.000 nuovi accessi, in virt\u00f9 dei nuovi criteri), per un totale di 1.971.000 persone.<\/p>\n<p>Secondo i dati diffusi dal Ministero del Lavoro e delle Politiche Sociali al 12 dicembre erano invece 127.217 le persone che avevano fatto domanda per il Supporto formazione e lavoro -SFL sul sito dell\u2019INPS o attraverso un Patronato.<\/p>\n<p>Per cercare di arginare la confusione che si \u00e8 venuta a creare in tanti uffici, il Consiglio Nazionale degli Assistenti Sociali (CNOAS) ha condotto una serie di azioni informative per provare a sostenere l\u2019operativit\u00e0 all\u2019interno dei servizi.<\/p>\n<p>In collaborazione con la Fondazione Nazionale Assistenti Sociali (FNAS), in particolare, ha elaborato un Documento di sintesi normativa per assistenti sociali e altri operatori dei servizi, che approfondisce la definizione dell\u2019ADI, i suoi beneficiari e i requisiti di accesso con l\u2019aiuto dei riferimenti normativi.<\/p>\n<p>Il Documento si conclude con una sezione dedicata al ruolo del servizio sociale professionale e con alcuni spunti di riflessione.<br \/>\nIn quest\u2019ultimo capitolo CNOAS e FNAS propongono una \u201cchecklist\u201d volta a supportare e migliorare l\u2019attivit\u00e0 nei servizi, nella consapevolezza che \u201cla capacit\u00e0 della nuova misura di incidere concretamente a favore di singoli e famiglie in condizioni di esclusione e povert\u00e0 dipende anche da quanto organizzazioni e professionisti saranno in grado di svolgere al meglio i loro mandati\u201c.<\/p>\n<p>Professionisti del sociale che nei territori continuano per\u00f2 a lavorare in condizione di estrema difficolt\u00e0: uno studio pubblicato dall\u2019Ufficio Parlamentare di Bilancio sull\u2019attuazione del Livello essenziale delle prestazioni di assistenza sociale ha calcolato che, per raggiungere il livello minimo di assistenza nel nostro Paese, sarebbe necessario assumere pi\u00f9 di 3.000 assistenti sociali.<\/p>\n<p>Senza considerare il groviglio normativo che complica vieppi\u00f9 l&#8217;azione di contrasto alle tante emergenze sociali che attraversano il Paese e che si scaricano in definitiva sui comuni, nonch\u00e9 l&#8217;assenza di adeguati controlli.<br \/>\nSono proprio gli Assistenti sociali attraverso Barbara Rosina, presidente del CNOAS, a chiedere ancora una volta, per esempio, \u201cche si lavori per ricondurre ad unit\u00e0 le due tipologie di finanziamento: Fondo Povert\u00e0 e Fondo di Solidariet\u00e0 Comunale e che gli enti locali non dirottino su altro le risorse individuate per i servizi sociali\u201d.<\/p>\n<p>Poche prestazioni sociali sono state oggetto di aspri scontri, anche ideologici, quanto il Reddito di Cittadinanza (RdC), con la destra che lo ha messo nel mirino, ritenendola una misura che incentiva l&#8217;ozio e favorisce i furbetti, quando non addirittura le organizzazioni criminali.<\/p>\n<p>Un interessantissimo volume dal titolo \u201cSostegno ai poveri: quale riforma? Dal Reddito di Cittadinanza all\u2019Assegno di Inclusione: analisi dell\u2019Alleanza contro la povert\u00e0 in Italia\u201d, frutto del lavoro svolto da Stefano Sacchi, Andrea Ciarini, Giovanni Gallo, Rosangela Lodigiani, Franca Maino e Michele Raitano nel Comitato scientifico dell&#8217;Alleanza contro la povert\u00e0 in Italia (nata nel 2013, che raggruppa un ampio numero di soggetti sociali che hanno deciso di contribuire in maniera collettiva alla costruzione di adeguate politiche pubbliche contro la povert\u00e0 assoluta nel nostro Paese <a href=\"https:\/\/alleanzacontrolapoverta.it\/\">https:\/\/alleanzacontrolapoverta.it\/<\/a>), mostra innanzitutto che uno schema universalistico di reddito minimo come il RdC (che pure mostrava limiti in termini di equit\u00e0 ed efficienza, e doveva certamente essere modificato lungo molte direzioni, inclusa quella dei meccanismi della governance e dell\u2019implementazione nei territori), che non segmenta la popolazione tra categorie di appartenenza (basate, per esempio, sulle caratteristiche dei componenti del nucleo familiare o sul loro status occupazionale), costituisce un tassello importante del sistema di protezione sociale italiano.<\/p>\n<p>\u201cL\u2019aspetto preminente della riforma Meloni, si legge nelle conclusioni del volume, \u00e8 la categorialit\u00e0, che abbandona un percorso, auspicato sin dalla Commissione Gorrieri istituita dal Presidente del Consiglio Craxi, verso l\u2019universalismo selettivo. Ci\u00f2 dal nostro punto di vista fa premio su tutti gli altri aspetti, e non pu\u00f2 che dar luogo a un giudizio negativo sulla riforma, motivato da valutazioni di carattere funzionale.<\/p>\n<p>Contrariamente a quanto spesso affermato nella retorica politica, la riforma Meloni non smantella infatti il sostegno ai poveri, e ne conferma la natura di diritto soggettivo per quanti ricadano nelle condizioni previste; una situazione questa solo recentemente acquisita nel welfare italiano, dal REI in poi.<\/p>\n<p>Per\u00f2 la categorialit\u00e0 che caratterizza la misura segmenta la platea dei poveri, in modo a nostro avviso iniquo, inefficace e poco efficiente. Iniquo perch\u00e9 tratta in modo anche radicalmente diverso situazioni simili, senza peraltro affrontare quegli aspetti anch\u2019essi di iniquit\u00e0 gi\u00e0 presenti nel RdC e dovuti all\u2019applicazione di una selettivit\u00e0 non graduale, da \u201cdentro o fuori\u201d (si pensi al trattamento del patrimonio).<\/p>\n<p>Inefficace perch\u00e9 la riforma \u00e8 disegnata in modo assai farraginoso, con due misure distinte ma con rimandi certamente non lineari tra loro quanto alla composizione delle platee degli aventi diritto, circa le quali cambiamenti marginali nel reddito o nelle caratteristiche individuali e familiari spostano in modo irrazionale l\u2019eleggibilit\u00e0 dall\u2019una misura all\u2019altra, o escludono dall\u2019accesso. Poco efficiente perch\u00e9, sotto l\u2019ipotesi di take-up pieno, i risparmi sono poco consistenti. \u00c8 probabile che la farraginosit\u00e0 del disegno render\u00e0 difficoltoso l\u2019accesso alle misure, cos\u00ec aumentando i risparmi di spesa.<\/p>\n<p>Ma se si ritiene che occorra una misura di contrasto alla povert\u00e0, l\u2019obiettivo dovrebbe essere quello di raggiungere l\u2019intera platea dei potenziali beneficiari, non altrimenti.\u201d<br \/>\nLa riforma Meloni appare in definitiva come un\u2019occasione persa per imparare dagli errori (e dai successi) del RdC, impoverisce e inaridisce il sostegno ai poveri e manca di una visione di speranza.<br \/>\nE, come scrivono gli autori del volume, questa \u00e8 forse la sua pecca pi\u00f9 grande.<\/p>\n<p>Qui per scaricare gratuitamente il volume: <a href=\"https:\/\/www.egeaeditore.it\/ita\/prodotti\/economia\/sostegno-ai-poveri-quale-riforma.aspx.\">https:\/\/www.egeaeditore.it\/ita\/prodotti\/economia\/sostegno-ai-poveri-quale-riforma.aspx.<\/a><\/p>\n<p>Qui la guida normativa all\u2019Assegno di Inclusione:<a href=\"https:\/\/cnoas.org\/wp-content\/uploads\/2023\/12\/ADI-Documento-di-sintesi-normativa.pdf\"> https:\/\/cnoas.org\/wp-content\/uploads\/2023\/12\/ADI-Documento-di-sintesi-normativa.pdf<\/a>.<\/p>\n","protected":false},"excerpt":{"rendered":"<p>Oltre il 54% dei percettori del Reddito di Cittadinanza- RDC non beneficer\u00e0 dell\u2019Assegno di Inclusione- ADI in base ai nuovi criteri della misura voluta dal governo Meloni. Una misura iniqua, che non \u00e8 stata adeguatamente comunicata e preparata e che,&hellip;<\/p>\n","protected":false},"author":2106,"featured_media":1790938,"comment_status":"closed","ping_status":"closed","sticky":false,"template":"","format":"standard","meta":{"footnotes":""},"categories":[11388,60,1261],"tags":[117809,17529,90700],"class_list":["post-1790937","post","type-post","status-publish","format-standard","has-post-thumbnail","hentry","category-contenuti-originali","category-diritti-umani","category-diversita","tag-le-citta-parallele","tag-rdc","tag-reddito-cittadinanza"],"yoast_head":"<!-- This site is optimized with the Yoast SEO plugin v27.1.1 - https:\/\/yoast.com\/product\/yoast-seo-wordpress\/ -->\n<title>Alleanza contro la povert\u00e0: con la fine del reddito di cittadinanza una platea di nuovi poveri<\/title>\n<meta name=\"description\" content=\"Oltre il 54% dei percettori del Reddito di Cittadinanza- RDC non beneficer\u00e0 dell\u2019Assegno di Inclusione- ADI in base ai nuovi criteri della misura voluta\" \/>\n<meta name=\"robots\" content=\"index, follow, max-snippet:-1, max-image-preview:large, max-video-preview:-1\" \/>\n<link rel=\"canonical\" href=\"https:\/\/www.pressenza.com\/it\/2024\/01\/alleanza-contro-la-poverta-con-la-fine-del-reddito-di-cittadinanza-una-platea-di-nuovi-poveri\/\" \/>\n<meta property=\"og:locale\" content=\"it_IT\" \/>\n<meta property=\"og:type\" content=\"article\" \/>\n<meta property=\"og:title\" content=\"Alleanza contro la povert\u00e0: con la fine del reddito di cittadinanza una platea di nuovi poveri\" \/>\n<meta property=\"og:description\" content=\"Oltre il 54% dei percettori del Reddito di Cittadinanza- RDC non beneficer\u00e0 dell\u2019Assegno di Inclusione- ADI in base ai nuovi criteri della misura voluta\" \/>\n<meta property=\"og:url\" content=\"https:\/\/www.pressenza.com\/it\/2024\/01\/alleanza-contro-la-poverta-con-la-fine-del-reddito-di-cittadinanza-una-platea-di-nuovi-poveri\/\" \/>\n<meta property=\"og:site_name\" content=\"Pressenza\" \/>\n<meta property=\"article:publisher\" content=\"https:\/\/www.facebook.com\/PressenzaItalia\" \/>\n<meta property=\"article:published_time\" content=\"2024-01-01T10:50:50+00:00\" \/>\n<meta property=\"article:modified_time\" content=\"2024-01-01T12:10:08+00:00\" \/>\n<meta property=\"og:image\" content=\"https:\/\/www.pressenza.com\/wp-content\/uploads\/2024\/01\/foto-di-Alleanza-contro-la-Poverta.jpg\" \/>\n\t<meta property=\"og:image:width\" content=\"1280\" \/>\n\t<meta property=\"og:image:height\" content=\"785\" \/>\n\t<meta property=\"og:image:type\" content=\"image\/jpeg\" \/>\n<meta name=\"author\" content=\"Giovanni Caprio\" \/>\n<meta name=\"twitter:card\" content=\"summary_large_image\" \/>\n<meta name=\"twitter:creator\" content=\"@PressenzaIPA\" \/>\n<meta name=\"twitter:site\" content=\"@PressenzaIPA\" \/>\n<meta name=\"twitter:label1\" content=\"Scritto da\" \/>\n\t<meta name=\"twitter:data1\" content=\"Giovanni Caprio\" \/>\n\t<meta name=\"twitter:label2\" content=\"Tempo di lettura stimato\" \/>\n\t<meta name=\"twitter:data2\" content=\"6 minuti\" \/>\n<script type=\"application\/ld+json\" class=\"yoast-schema-graph\">{\"@context\":\"https:\/\/schema.org\",\"@graph\":[{\"@type\":\"Article\",\"@id\":\"https:\/\/www.pressenza.com\/it\/2024\/01\/alleanza-contro-la-poverta-con-la-fine-del-reddito-di-cittadinanza-una-platea-di-nuovi-poveri\/#article\",\"isPartOf\":{\"@id\":\"https:\/\/www.pressenza.com\/it\/2024\/01\/alleanza-contro-la-poverta-con-la-fine-del-reddito-di-cittadinanza-una-platea-di-nuovi-poveri\/\"},\"author\":{\"name\":\"Giovanni Caprio\",\"@id\":\"https:\/\/www.pressenza.com\/it\/#\/schema\/person\/841c36a613f4f6e80f5fbc9c1f8c32c8\"},\"headline\":\"Alleanza contro la povert\u00e0: con la fine del reddito di cittadinanza una platea di nuovi poveri\",\"datePublished\":\"2024-01-01T10:50:50+00:00\",\"dateModified\":\"2024-01-01T12:10:08+00:00\",\"mainEntityOfPage\":{\"@id\":\"https:\/\/www.pressenza.com\/it\/2024\/01\/alleanza-contro-la-poverta-con-la-fine-del-reddito-di-cittadinanza-una-platea-di-nuovi-poveri\/\"},\"wordCount\":1007,\"publisher\":{\"@id\":\"https:\/\/www.pressenza.com\/it\/#organization\"},\"image\":{\"@id\":\"https:\/\/www.pressenza.com\/it\/2024\/01\/alleanza-contro-la-poverta-con-la-fine-del-reddito-di-cittadinanza-una-platea-di-nuovi-poveri\/#primaryimage\"},\"thumbnailUrl\":\"https:\/\/www.pressenza.com\/wp-content\/uploads\/2024\/01\/foto-di-Alleanza-contro-la-Poverta.jpg\",\"keywords\":[\"\u201cLe citt\u00e0 parallele\u201d\",\"RDC\",\"reddito cittadinanza\"],\"articleSection\":[\"contenuti originali\",\"Diritti Umani\",\"Non discriminazione\"],\"inLanguage\":\"it-IT\"},{\"@type\":\"WebPage\",\"@id\":\"https:\/\/www.pressenza.com\/it\/2024\/01\/alleanza-contro-la-poverta-con-la-fine-del-reddito-di-cittadinanza-una-platea-di-nuovi-poveri\/\",\"url\":\"https:\/\/www.pressenza.com\/it\/2024\/01\/alleanza-contro-la-poverta-con-la-fine-del-reddito-di-cittadinanza-una-platea-di-nuovi-poveri\/\",\"name\":\"Alleanza contro la povert\u00e0: con la fine del reddito di cittadinanza una platea di nuovi poveri\",\"isPartOf\":{\"@id\":\"https:\/\/www.pressenza.com\/it\/#website\"},\"primaryImageOfPage\":{\"@id\":\"https:\/\/www.pressenza.com\/it\/2024\/01\/alleanza-contro-la-poverta-con-la-fine-del-reddito-di-cittadinanza-una-platea-di-nuovi-poveri\/#primaryimage\"},\"image\":{\"@id\":\"https:\/\/www.pressenza.com\/it\/2024\/01\/alleanza-contro-la-poverta-con-la-fine-del-reddito-di-cittadinanza-una-platea-di-nuovi-poveri\/#primaryimage\"},\"thumbnailUrl\":\"https:\/\/www.pressenza.com\/wp-content\/uploads\/2024\/01\/foto-di-Alleanza-contro-la-Poverta.jpg\",\"datePublished\":\"2024-01-01T10:50:50+00:00\",\"dateModified\":\"2024-01-01T12:10:08+00:00\",\"description\":\"Oltre il 54% dei percettori del Reddito di Cittadinanza- RDC non beneficer\u00e0 dell\u2019Assegno di Inclusione- ADI in base ai nuovi criteri della misura voluta\",\"breadcrumb\":{\"@id\":\"https:\/\/www.pressenza.com\/it\/2024\/01\/alleanza-contro-la-poverta-con-la-fine-del-reddito-di-cittadinanza-una-platea-di-nuovi-poveri\/#breadcrumb\"},\"inLanguage\":\"it-IT\",\"potentialAction\":[{\"@type\":\"ReadAction\",\"target\":[\"https:\/\/www.pressenza.com\/it\/2024\/01\/alleanza-contro-la-poverta-con-la-fine-del-reddito-di-cittadinanza-una-platea-di-nuovi-poveri\/\"]}]},{\"@type\":\"ImageObject\",\"inLanguage\":\"it-IT\",\"@id\":\"https:\/\/www.pressenza.com\/it\/2024\/01\/alleanza-contro-la-poverta-con-la-fine-del-reddito-di-cittadinanza-una-platea-di-nuovi-poveri\/#primaryimage\",\"url\":\"https:\/\/www.pressenza.com\/wp-content\/uploads\/2024\/01\/foto-di-Alleanza-contro-la-Poverta.jpg\",\"contentUrl\":\"https:\/\/www.pressenza.com\/wp-content\/uploads\/2024\/01\/foto-di-Alleanza-contro-la-Poverta.jpg\",\"width\":1280,\"height\":785},{\"@type\":\"BreadcrumbList\",\"@id\":\"https:\/\/www.pressenza.com\/it\/2024\/01\/alleanza-contro-la-poverta-con-la-fine-del-reddito-di-cittadinanza-una-platea-di-nuovi-poveri\/#breadcrumb\",\"itemListElement\":[{\"@type\":\"ListItem\",\"position\":1,\"name\":\"Accueil\",\"item\":\"https:\/\/www.pressenza.com\/it\/\"},{\"@type\":\"ListItem\",\"position\":2,\"name\":\"Alleanza contro la povert\u00e0: con la fine del reddito di cittadinanza una platea di nuovi poveri\"}]},{\"@type\":\"WebSite\",\"@id\":\"https:\/\/www.pressenza.com\/it\/#website\",\"url\":\"https:\/\/www.pressenza.com\/it\/\",\"name\":\"Pressenza\",\"description\":\"Agenzia di Stampa Internazionale\",\"publisher\":{\"@id\":\"https:\/\/www.pressenza.com\/it\/#organization\"},\"potentialAction\":[{\"@type\":\"SearchAction\",\"target\":{\"@type\":\"EntryPoint\",\"urlTemplate\":\"https:\/\/www.pressenza.com\/it\/?s={search_term_string}\"},\"query-input\":{\"@type\":\"PropertyValueSpecification\",\"valueRequired\":true,\"valueName\":\"search_term_string\"}}],\"inLanguage\":\"it-IT\"},{\"@type\":\"Organization\",\"@id\":\"https:\/\/www.pressenza.com\/it\/#organization\",\"name\":\"Pressenza\",\"url\":\"https:\/\/www.pressenza.com\/it\/\",\"logo\":{\"@type\":\"ImageObject\",\"inLanguage\":\"it-IT\",\"@id\":\"https:\/\/www.pressenza.com\/it\/#\/schema\/logo\/image\/\",\"url\":\"https:\/\/www.pressenza.com\/wp-content\/uploads\/2022\/10\/pressenza_logo_200x200.jpg\",\"contentUrl\":\"https:\/\/www.pressenza.com\/wp-content\/uploads\/2022\/10\/pressenza_logo_200x200.jpg\",\"width\":200,\"height\":200,\"caption\":\"Pressenza\"},\"image\":{\"@id\":\"https:\/\/www.pressenza.com\/it\/#\/schema\/logo\/image\/\"},\"sameAs\":[\"https:\/\/www.facebook.com\/PressenzaItalia\",\"https:\/\/x.com\/PressenzaIPA\"]},{\"@type\":\"Person\",\"@id\":\"https:\/\/www.pressenza.com\/it\/#\/schema\/person\/841c36a613f4f6e80f5fbc9c1f8c32c8\",\"name\":\"Giovanni Caprio\",\"description\":\"Pubblicista, gi\u00e0 dirigente di istituzioni pubbliche e di fondazioni private. Si occupa di beni comuni, partecipazione e governo del territorio.\",\"url\":\"https:\/\/www.pressenza.com\/it\/author\/giovanni-caprio\/\"}]}<\/script>\n<!-- \/ Yoast SEO plugin. -->","yoast_head_json":{"title":"Alleanza contro la povert\u00e0: con la fine del reddito di cittadinanza una platea di nuovi poveri","description":"Oltre il 54% dei percettori del Reddito di Cittadinanza- RDC non beneficer\u00e0 dell\u2019Assegno di Inclusione- ADI in base ai nuovi criteri della misura voluta","robots":{"index":"index","follow":"follow","max-snippet":"max-snippet:-1","max-image-preview":"max-image-preview:large","max-video-preview":"max-video-preview:-1"},"canonical":"https:\/\/www.pressenza.com\/it\/2024\/01\/alleanza-contro-la-poverta-con-la-fine-del-reddito-di-cittadinanza-una-platea-di-nuovi-poveri\/","og_locale":"it_IT","og_type":"article","og_title":"Alleanza contro la povert\u00e0: con la fine del reddito di cittadinanza una platea di nuovi poveri","og_description":"Oltre il 54% dei percettori del Reddito di Cittadinanza- RDC non beneficer\u00e0 dell\u2019Assegno di Inclusione- ADI in base ai nuovi criteri della misura voluta","og_url":"https:\/\/www.pressenza.com\/it\/2024\/01\/alleanza-contro-la-poverta-con-la-fine-del-reddito-di-cittadinanza-una-platea-di-nuovi-poveri\/","og_site_name":"Pressenza","article_publisher":"https:\/\/www.facebook.com\/PressenzaItalia","article_published_time":"2024-01-01T10:50:50+00:00","article_modified_time":"2024-01-01T12:10:08+00:00","og_image":[{"width":1280,"height":785,"url":"https:\/\/www.pressenza.com\/wp-content\/uploads\/2024\/01\/foto-di-Alleanza-contro-la-Poverta.jpg","type":"image\/jpeg"}],"author":"Giovanni Caprio","twitter_card":"summary_large_image","twitter_creator":"@PressenzaIPA","twitter_site":"@PressenzaIPA","twitter_misc":{"Scritto da":"Giovanni Caprio","Tempo di lettura stimato":"6 minuti"},"schema":{"@context":"https:\/\/schema.org","@graph":[{"@type":"Article","@id":"https:\/\/www.pressenza.com\/it\/2024\/01\/alleanza-contro-la-poverta-con-la-fine-del-reddito-di-cittadinanza-una-platea-di-nuovi-poveri\/#article","isPartOf":{"@id":"https:\/\/www.pressenza.com\/it\/2024\/01\/alleanza-contro-la-poverta-con-la-fine-del-reddito-di-cittadinanza-una-platea-di-nuovi-poveri\/"},"author":{"name":"Giovanni Caprio","@id":"https:\/\/www.pressenza.com\/it\/#\/schema\/person\/841c36a613f4f6e80f5fbc9c1f8c32c8"},"headline":"Alleanza contro la povert\u00e0: con la fine del reddito di cittadinanza una platea di nuovi poveri","datePublished":"2024-01-01T10:50:50+00:00","dateModified":"2024-01-01T12:10:08+00:00","mainEntityOfPage":{"@id":"https:\/\/www.pressenza.com\/it\/2024\/01\/alleanza-contro-la-poverta-con-la-fine-del-reddito-di-cittadinanza-una-platea-di-nuovi-poveri\/"},"wordCount":1007,"publisher":{"@id":"https:\/\/www.pressenza.com\/it\/#organization"},"image":{"@id":"https:\/\/www.pressenza.com\/it\/2024\/01\/alleanza-contro-la-poverta-con-la-fine-del-reddito-di-cittadinanza-una-platea-di-nuovi-poveri\/#primaryimage"},"thumbnailUrl":"https:\/\/www.pressenza.com\/wp-content\/uploads\/2024\/01\/foto-di-Alleanza-contro-la-Poverta.jpg","keywords":["\u201cLe citt\u00e0 parallele\u201d","RDC","reddito cittadinanza"],"articleSection":["contenuti originali","Diritti Umani","Non discriminazione"],"inLanguage":"it-IT"},{"@type":"WebPage","@id":"https:\/\/www.pressenza.com\/it\/2024\/01\/alleanza-contro-la-poverta-con-la-fine-del-reddito-di-cittadinanza-una-platea-di-nuovi-poveri\/","url":"https:\/\/www.pressenza.com\/it\/2024\/01\/alleanza-contro-la-poverta-con-la-fine-del-reddito-di-cittadinanza-una-platea-di-nuovi-poveri\/","name":"Alleanza contro la povert\u00e0: con la fine del reddito di cittadinanza una platea di nuovi poveri","isPartOf":{"@id":"https:\/\/www.pressenza.com\/it\/#website"},"primaryImageOfPage":{"@id":"https:\/\/www.pressenza.com\/it\/2024\/01\/alleanza-contro-la-poverta-con-la-fine-del-reddito-di-cittadinanza-una-platea-di-nuovi-poveri\/#primaryimage"},"image":{"@id":"https:\/\/www.pressenza.com\/it\/2024\/01\/alleanza-contro-la-poverta-con-la-fine-del-reddito-di-cittadinanza-una-platea-di-nuovi-poveri\/#primaryimage"},"thumbnailUrl":"https:\/\/www.pressenza.com\/wp-content\/uploads\/2024\/01\/foto-di-Alleanza-contro-la-Poverta.jpg","datePublished":"2024-01-01T10:50:50+00:00","dateModified":"2024-01-01T12:10:08+00:00","description":"Oltre il 54% dei percettori del Reddito di Cittadinanza- RDC non beneficer\u00e0 dell\u2019Assegno di Inclusione- ADI in base ai nuovi criteri della misura voluta","breadcrumb":{"@id":"https:\/\/www.pressenza.com\/it\/2024\/01\/alleanza-contro-la-poverta-con-la-fine-del-reddito-di-cittadinanza-una-platea-di-nuovi-poveri\/#breadcrumb"},"inLanguage":"it-IT","potentialAction":[{"@type":"ReadAction","target":["https:\/\/www.pressenza.com\/it\/2024\/01\/alleanza-contro-la-poverta-con-la-fine-del-reddito-di-cittadinanza-una-platea-di-nuovi-poveri\/"]}]},{"@type":"ImageObject","inLanguage":"it-IT","@id":"https:\/\/www.pressenza.com\/it\/2024\/01\/alleanza-contro-la-poverta-con-la-fine-del-reddito-di-cittadinanza-una-platea-di-nuovi-poveri\/#primaryimage","url":"https:\/\/www.pressenza.com\/wp-content\/uploads\/2024\/01\/foto-di-Alleanza-contro-la-Poverta.jpg","contentUrl":"https:\/\/www.pressenza.com\/wp-content\/uploads\/2024\/01\/foto-di-Alleanza-contro-la-Poverta.jpg","width":1280,"height":785},{"@type":"BreadcrumbList","@id":"https:\/\/www.pressenza.com\/it\/2024\/01\/alleanza-contro-la-poverta-con-la-fine-del-reddito-di-cittadinanza-una-platea-di-nuovi-poveri\/#breadcrumb","itemListElement":[{"@type":"ListItem","position":1,"name":"Accueil","item":"https:\/\/www.pressenza.com\/it\/"},{"@type":"ListItem","position":2,"name":"Alleanza contro la povert\u00e0: con la fine del reddito di cittadinanza una platea di nuovi poveri"}]},{"@type":"WebSite","@id":"https:\/\/www.pressenza.com\/it\/#website","url":"https:\/\/www.pressenza.com\/it\/","name":"Pressenza","description":"Agenzia di Stampa Internazionale","publisher":{"@id":"https:\/\/www.pressenza.com\/it\/#organization"},"potentialAction":[{"@type":"SearchAction","target":{"@type":"EntryPoint","urlTemplate":"https:\/\/www.pressenza.com\/it\/?s={search_term_string}"},"query-input":{"@type":"PropertyValueSpecification","valueRequired":true,"valueName":"search_term_string"}}],"inLanguage":"it-IT"},{"@type":"Organization","@id":"https:\/\/www.pressenza.com\/it\/#organization","name":"Pressenza","url":"https:\/\/www.pressenza.com\/it\/","logo":{"@type":"ImageObject","inLanguage":"it-IT","@id":"https:\/\/www.pressenza.com\/it\/#\/schema\/logo\/image\/","url":"https:\/\/www.pressenza.com\/wp-content\/uploads\/2022\/10\/pressenza_logo_200x200.jpg","contentUrl":"https:\/\/www.pressenza.com\/wp-content\/uploads\/2022\/10\/pressenza_logo_200x200.jpg","width":200,"height":200,"caption":"Pressenza"},"image":{"@id":"https:\/\/www.pressenza.com\/it\/#\/schema\/logo\/image\/"},"sameAs":["https:\/\/www.facebook.com\/PressenzaItalia","https:\/\/x.com\/PressenzaIPA"]},{"@type":"Person","@id":"https:\/\/www.pressenza.com\/it\/#\/schema\/person\/841c36a613f4f6e80f5fbc9c1f8c32c8","name":"Giovanni Caprio","description":"Pubblicista, gi\u00e0 dirigente di istituzioni pubbliche e di fondazioni private. Si occupa di beni comuni, partecipazione e governo del territorio.","url":"https:\/\/www.pressenza.com\/it\/author\/giovanni-caprio\/"}]}},"place":"","original_article_url":"","_links":{"self":[{"href":"https:\/\/www.pressenza.com\/it\/wp-json\/wp\/v2\/posts\/1790937","targetHints":{"allow":["GET"]}}],"collection":[{"href":"https:\/\/www.pressenza.com\/it\/wp-json\/wp\/v2\/posts"}],"about":[{"href":"https:\/\/www.pressenza.com\/it\/wp-json\/wp\/v2\/types\/post"}],"author":[{"embeddable":true,"href":"https:\/\/www.pressenza.com\/it\/wp-json\/wp\/v2\/users\/2106"}],"replies":[{"embeddable":true,"href":"https:\/\/www.pressenza.com\/it\/wp-json\/wp\/v2\/comments?post=1790937"}],"version-history":[{"count":0,"href":"https:\/\/www.pressenza.com\/it\/wp-json\/wp\/v2\/posts\/1790937\/revisions"}],"wp:featuredmedia":[{"embeddable":true,"href":"https:\/\/www.pressenza.com\/it\/wp-json\/wp\/v2\/media\/1790938"}],"wp:attachment":[{"href":"https:\/\/www.pressenza.com\/it\/wp-json\/wp\/v2\/media?parent=1790937"}],"wp:term":[{"taxonomy":"category","embeddable":true,"href":"https:\/\/www.pressenza.com\/it\/wp-json\/wp\/v2\/categories?post=1790937"},{"taxonomy":"post_tag","embeddable":true,"href":"https:\/\/www.pressenza.com\/it\/wp-json\/wp\/v2\/tags?post=1790937"}],"curies":[{"name":"wp","href":"https:\/\/api.w.org\/{rel}","templated":true}]}}