{"id":1789323,"date":"2023-12-22T13:55:04","date_gmt":"2023-12-22T13:55:04","guid":{"rendered":"https:\/\/www.pressenza.com\/?p=1789323"},"modified":"2023-12-22T20:18:20","modified_gmt":"2023-12-22T20:18:20","slug":"scaffale-nonviolenza-luino","status":"publish","type":"post","link":"https:\/\/www.pressenza.com\/it\/2023\/12\/scaffale-nonviolenza-luino\/","title":{"rendered":"Il Progetto \u201cScaffale dei libri della Pace e della Nonviolenza\u201d dal 2\u00b0 EireneFest di Roma arriva a Luino"},"content":{"rendered":"<p>Grazie all&#8217;input di Claudio Roncella dell&#8217;organizzazione di volontariato \u201cLa comunit\u00e0 per lo sviluppo umano- AHIMSA\u201d che ha realizzato a Roma \u201cLo scaffale dei libri della Nonviolenza\u201d lanciato in occasione del 2\u00b0 EireneFest, Festival del libro per la Pace e la Nonviolenza, oggi a Luino \u00e8 stato piantato un seme: uno scaffale dei libri della Pace e della Nonviolenza posto nell&#8217;entrata della biblioteca civica per accogliere non solo i visitatori, ma anche e soprattutto per collegare il mondo dei lettori giovani e quello pi\u00f9 stagionato, come la sottoscritta.<\/p>\n<p>Regista dell&#8217;evento: Simona Maltese, bibliotecaria illuminata, che ha saputo cogliere al volo l&#8217;opportunit\u00e0 offertale dal Tavolo per la Pace Alto Verbano di collaborare alla realizzazione di uno Scaffale dei libri della Pace e della Nonviolenza, a partire dalla ricerca sui data base del Circuito bibliotecario dei Laghi\u00a0 di tutti i testi\u00a0 proposti dalle referenti al Progetto (Maria Terranova ed Antonella Canziani). Naturalmente il suo lavoro non si \u00e8 fermato qui: ha dovuto ricatologarli inserendovi anche un nuovo codice e un logo pacifista per permettere alle colleghe di riporli nello scaffale giusto.<\/p>\n<p>Gioved\u00ec 21 dicembre alle ore 15:30 si \u00e8 proceduto alla cerimonia di inaugurazione con il concorso di Chiara Mazza, coordinatrice del Tavolo per la Pace Alto Verbano, che ha provveduto a scoprire l&#8217;intestazione dello scaffale, che per adesso ha fisicamente pochi testi divisi in due parti: una dedicata a libri per l&#8217;infanzia e l&#8217;altra a un pubblico adulto. L&#8217;obiettivo \u00e8 per\u00f2 di avere uno scaffale pi\u00f9 grande e pi\u00f9 ricco di testi in modo da vedere trasformarsi il seme in pianta. Per fare s\u00ec che questo avvenga \u00e8 per\u00f2 necessario il contributo di tutti e non solo delle istituzioni, poich\u00e9 <strong>la Pace \u00e8 un bene di tutti e tutti la dobbiamo difendere!<\/strong><\/p>\n<p>Tra i presenti non possiamo non citare, oltre le persone indicate precedentemente,\u00a0 Antonella Sonnessa, vice sindaco di Luino nonch\u00e9 docente, la scrittrice Lucia Spezzano (due suoi libri sono presenti nello scaffale: la favola ecologica \u201cLa cascina dei Gobbi\u201d ill. Marta Simonetta e \u201cLa Redenzione\u201d ill. Renzo Barbarossa- entrambi editi dalla Casa editrice Costruttori di Pace) e un gruppetto di giovani ospiti a Castelveccana della Societ\u00e0 Cooperativa Sociale Ballafon accompagnati dal loro responsabile Thierry.<\/p>\n<p>Tutti gli interventi, da quello di Antonella Sonnessa a quello di Simona Maltese, di Maria Terranova, di Lucia Spezzano, di Thierry e di Chiara Mazza, sono stati toccanti ed arricchenti perch\u00e9 hanno evidenziato aspetti diversi seppur confluenti sul tema Pace e Nonviolenza, attuali come non mai, e sul contributo che ciascuno di noi pu\u00f2 dare per concretizzare un mondo in cui l&#8217;armonia regni sovrana e non ci siano pi\u00f9 persone che muoiano sotto le bombe o per fame e freddo.<\/p>\n<p>Si \u00e8 poi passati ad inaugurare un altro gioiellino che Luino offre ai suoi cittadini e visitatori: L&#8217;albero della Pace realizzato con mattonelle di lana lavorate all&#8217;uncinetto e a maglia dalle donne della Banca del Tempo di Luino, di cui mi onoro di fare parte anch&#8217;io, che ogni anno si prende cura di realizzarlo in modo diverso. Merito di tutto questo per\u00f2 \u00e8 principalmente di Rosaria Torri, instancabile e motivante presidente,\u00a0 che sa cogliere il meglio di noi stessi per operare a favore degli altri. Comunque alla sua realizzazione hanno contribuito anche alcuni uomini, per lo pi\u00f9 familiari di soci, che hanno aiutato nell&#8217;istallazione.<\/p>\n<p>&nbsp;<\/p>\n<p style=\"text-align: right;\"><strong>Maria Terranova<\/strong><\/p>\n<p>&nbsp;<\/p>\n<p>&nbsp;<\/p>\n","protected":false},"excerpt":{"rendered":"<p>Grazie all&#8217;input di Claudio Roncella dell&#8217;organizzazione di volontariato \u201cLa comunit\u00e0 per lo sviluppo umano- AHIMSA\u201d che ha realizzato a Roma \u201cLo scaffale dei libri della Nonviolenza\u201d lanciato in occasione del 2\u00b0 EireneFest, Festival del libro per la Pace e la&hellip;<\/p>\n","protected":false},"author":594,"featured_media":1789324,"comment_status":"closed","ping_status":"closed","sticky":false,"template":"","format":"standard","meta":{"footnotes":""},"categories":[11388,56,1262],"tags":[42903,118795,118796],"class_list":["post-1789323","post","type-post","status-publish","format-standard","has-post-thumbnail","hentry","category-contenuti-originali","category-cultura","category-nonviolenza-argomento","tag-luino","tag-scaffale-dei-libri-della-nonviolenza","tag-tavolo-per-la-pace-alto-verbano"],"yoast_head":"<!-- This site is optimized with the Yoast SEO plugin v27.1.1 - https:\/\/yoast.com\/product\/yoast-seo-wordpress\/ -->\n<title>Il Progetto \u201cScaffale dei libri della Pace e della Nonviolenza\u201d dal 2\u00b0 EireneFest di Roma arriva a Luino<\/title>\n<meta name=\"description\" content=\"Grazie all&#039;input di Claudio Roncella dell&#039;organizzazione di volontariato \u201cLa comunit\u00e0 per lo sviluppo umano- AHIMSA\u201d che ha realizzato a Roma \u201cLo scaffale\" \/>\n<meta name=\"robots\" content=\"index, follow, max-snippet:-1, max-image-preview:large, max-video-preview:-1\" \/>\n<link rel=\"canonical\" href=\"https:\/\/www.pressenza.com\/it\/2023\/12\/scaffale-nonviolenza-luino\/\" \/>\n<meta property=\"og:locale\" content=\"it_IT\" \/>\n<meta property=\"og:type\" content=\"article\" \/>\n<meta property=\"og:title\" content=\"Il Progetto \u201cScaffale dei libri della Pace e della Nonviolenza\u201d dal 2\u00b0 EireneFest di Roma arriva a Luino\" \/>\n<meta property=\"og:description\" content=\"Grazie all&#039;input di Claudio Roncella dell&#039;organizzazione di volontariato \u201cLa comunit\u00e0 per lo sviluppo umano- AHIMSA\u201d che ha realizzato a Roma \u201cLo scaffale\" \/>\n<meta property=\"og:url\" content=\"https:\/\/www.pressenza.com\/it\/2023\/12\/scaffale-nonviolenza-luino\/\" \/>\n<meta property=\"og:site_name\" content=\"Pressenza\" \/>\n<meta property=\"article:publisher\" content=\"https:\/\/www.facebook.com\/PressenzaItalia\" \/>\n<meta property=\"article:author\" content=\"https:\/\/www.facebook.com\/PressenzaItalia\" \/>\n<meta property=\"article:published_time\" content=\"2023-12-22T13:55:04+00:00\" \/>\n<meta property=\"article:modified_time\" content=\"2023-12-22T20:18:20+00:00\" \/>\n<meta property=\"og:image\" content=\"https:\/\/www.pressenza.com\/wp-content\/uploads\/2023\/12\/Luino-scaffale-della-nonviolenza-costruttori-di-pace.jpg\" \/>\n\t<meta property=\"og:image:width\" content=\"850\" \/>\n\t<meta property=\"og:image:height\" content=\"599\" \/>\n\t<meta property=\"og:image:type\" content=\"image\/jpeg\" \/>\n<meta name=\"author\" content=\"Redazione Italia\" \/>\n<meta name=\"twitter:card\" content=\"summary_large_image\" \/>\n<meta name=\"twitter:creator\" content=\"@pressenza_it\" \/>\n<meta name=\"twitter:site\" content=\"@PressenzaIPA\" \/>\n<meta name=\"twitter:label1\" content=\"Scritto da\" \/>\n\t<meta name=\"twitter:data1\" content=\"Redazione Italia\" \/>\n\t<meta name=\"twitter:label2\" content=\"Tempo di lettura stimato\" \/>\n\t<meta name=\"twitter:data2\" content=\"3 minuti\" \/>\n<script type=\"application\/ld+json\" class=\"yoast-schema-graph\">{\"@context\":\"https:\/\/schema.org\",\"@graph\":[{\"@type\":\"Article\",\"@id\":\"https:\/\/www.pressenza.com\/it\/2023\/12\/scaffale-nonviolenza-luino\/#article\",\"isPartOf\":{\"@id\":\"https:\/\/www.pressenza.com\/it\/2023\/12\/scaffale-nonviolenza-luino\/\"},\"author\":{\"name\":\"Redazione Italia\",\"@id\":\"https:\/\/www.pressenza.com\/it\/#\/schema\/person\/d983e81827ae24f2c7b1a2123d197f8d\"},\"headline\":\"Il Progetto \u201cScaffale dei libri della Pace e della Nonviolenza\u201d dal 2\u00b0 EireneFest di Roma arriva a Luino\",\"datePublished\":\"2023-12-22T13:55:04+00:00\",\"dateModified\":\"2023-12-22T20:18:20+00:00\",\"mainEntityOfPage\":{\"@id\":\"https:\/\/www.pressenza.com\/it\/2023\/12\/scaffale-nonviolenza-luino\/\"},\"wordCount\":572,\"publisher\":{\"@id\":\"https:\/\/www.pressenza.com\/it\/#organization\"},\"image\":{\"@id\":\"https:\/\/www.pressenza.com\/it\/2023\/12\/scaffale-nonviolenza-luino\/#primaryimage\"},\"thumbnailUrl\":\"https:\/\/www.pressenza.com\/wp-content\/uploads\/2023\/12\/Luino-scaffale-della-nonviolenza-costruttori-di-pace.jpg\",\"keywords\":[\"Luino\",\"scaffale dei libri della nonviolenza\",\"Tavolo per la Pace Alto Verbano\"],\"articleSection\":[\"contenuti originali\",\"Cultura e Media\",\"Nonviolenza\"],\"inLanguage\":\"it-IT\"},{\"@type\":\"WebPage\",\"@id\":\"https:\/\/www.pressenza.com\/it\/2023\/12\/scaffale-nonviolenza-luino\/\",\"url\":\"https:\/\/www.pressenza.com\/it\/2023\/12\/scaffale-nonviolenza-luino\/\",\"name\":\"Il Progetto \u201cScaffale dei libri della Pace e della Nonviolenza\u201d dal 2\u00b0 EireneFest di Roma arriva a Luino\",\"isPartOf\":{\"@id\":\"https:\/\/www.pressenza.com\/it\/#website\"},\"primaryImageOfPage\":{\"@id\":\"https:\/\/www.pressenza.com\/it\/2023\/12\/scaffale-nonviolenza-luino\/#primaryimage\"},\"image\":{\"@id\":\"https:\/\/www.pressenza.com\/it\/2023\/12\/scaffale-nonviolenza-luino\/#primaryimage\"},\"thumbnailUrl\":\"https:\/\/www.pressenza.com\/wp-content\/uploads\/2023\/12\/Luino-scaffale-della-nonviolenza-costruttori-di-pace.jpg\",\"datePublished\":\"2023-12-22T13:55:04+00:00\",\"dateModified\":\"2023-12-22T20:18:20+00:00\",\"description\":\"Grazie all'input di Claudio Roncella dell'organizzazione di volontariato \u201cLa comunit\u00e0 per lo sviluppo umano- AHIMSA\u201d che ha realizzato a Roma \u201cLo scaffale\",\"breadcrumb\":{\"@id\":\"https:\/\/www.pressenza.com\/it\/2023\/12\/scaffale-nonviolenza-luino\/#breadcrumb\"},\"inLanguage\":\"it-IT\",\"potentialAction\":[{\"@type\":\"ReadAction\",\"target\":[\"https:\/\/www.pressenza.com\/it\/2023\/12\/scaffale-nonviolenza-luino\/\"]}]},{\"@type\":\"ImageObject\",\"inLanguage\":\"it-IT\",\"@id\":\"https:\/\/www.pressenza.com\/it\/2023\/12\/scaffale-nonviolenza-luino\/#primaryimage\",\"url\":\"https:\/\/www.pressenza.com\/wp-content\/uploads\/2023\/12\/Luino-scaffale-della-nonviolenza-costruttori-di-pace.jpg\",\"contentUrl\":\"https:\/\/www.pressenza.com\/wp-content\/uploads\/2023\/12\/Luino-scaffale-della-nonviolenza-costruttori-di-pace.jpg\",\"width\":850,\"height\":599},{\"@type\":\"BreadcrumbList\",\"@id\":\"https:\/\/www.pressenza.com\/it\/2023\/12\/scaffale-nonviolenza-luino\/#breadcrumb\",\"itemListElement\":[{\"@type\":\"ListItem\",\"position\":1,\"name\":\"Accueil\",\"item\":\"https:\/\/www.pressenza.com\/it\/\"},{\"@type\":\"ListItem\",\"position\":2,\"name\":\"Il Progetto \u201cScaffale dei libri della Pace e della Nonviolenza\u201d dal 2\u00b0 EireneFest di Roma arriva a Luino\"}]},{\"@type\":\"WebSite\",\"@id\":\"https:\/\/www.pressenza.com\/it\/#website\",\"url\":\"https:\/\/www.pressenza.com\/it\/\",\"name\":\"Pressenza\",\"description\":\"Agenzia di Stampa Internazionale\",\"publisher\":{\"@id\":\"https:\/\/www.pressenza.com\/it\/#organization\"},\"potentialAction\":[{\"@type\":\"SearchAction\",\"target\":{\"@type\":\"EntryPoint\",\"urlTemplate\":\"https:\/\/www.pressenza.com\/it\/?s={search_term_string}\"},\"query-input\":{\"@type\":\"PropertyValueSpecification\",\"valueRequired\":true,\"valueName\":\"search_term_string\"}}],\"inLanguage\":\"it-IT\"},{\"@type\":\"Organization\",\"@id\":\"https:\/\/www.pressenza.com\/it\/#organization\",\"name\":\"Pressenza\",\"url\":\"https:\/\/www.pressenza.com\/it\/\",\"logo\":{\"@type\":\"ImageObject\",\"inLanguage\":\"it-IT\",\"@id\":\"https:\/\/www.pressenza.com\/it\/#\/schema\/logo\/image\/\",\"url\":\"https:\/\/www.pressenza.com\/wp-content\/uploads\/2022\/10\/pressenza_logo_200x200.jpg\",\"contentUrl\":\"https:\/\/www.pressenza.com\/wp-content\/uploads\/2022\/10\/pressenza_logo_200x200.jpg\",\"width\":200,\"height\":200,\"caption\":\"Pressenza\"},\"image\":{\"@id\":\"https:\/\/www.pressenza.com\/it\/#\/schema\/logo\/image\/\"},\"sameAs\":[\"https:\/\/www.facebook.com\/PressenzaItalia\",\"https:\/\/x.com\/PressenzaIPA\"]},{\"@type\":\"Person\",\"@id\":\"https:\/\/www.pressenza.com\/it\/#\/schema\/person\/d983e81827ae24f2c7b1a2123d197f8d\",\"name\":\"Redazione Italia\",\"description\":\"News from the Pressenza Bureau in Italy\",\"sameAs\":[\"https:\/\/www.pressenza.com\/it\/author\/redazione-italia\/\",\"https:\/\/www.facebook.com\/PressenzaItalia\",\"https:\/\/www.instagram.com\/pressenza_italia\/\",\"https:\/\/x.com\/pressenza_it\",\"https:\/\/www.youtube.com\/channel\/UCSalEIWjE1RSxkwjfftFuqg\"],\"url\":\"https:\/\/www.pressenza.com\/it\/author\/redazione-italia\/\"}]}<\/script>\n<!-- \/ Yoast SEO plugin. -->","yoast_head_json":{"title":"Il Progetto \u201cScaffale dei libri della Pace e della Nonviolenza\u201d dal 2\u00b0 EireneFest di Roma arriva a Luino","description":"Grazie all'input di Claudio Roncella dell'organizzazione di volontariato \u201cLa comunit\u00e0 per lo sviluppo umano- AHIMSA\u201d che ha realizzato a Roma \u201cLo scaffale","robots":{"index":"index","follow":"follow","max-snippet":"max-snippet:-1","max-image-preview":"max-image-preview:large","max-video-preview":"max-video-preview:-1"},"canonical":"https:\/\/www.pressenza.com\/it\/2023\/12\/scaffale-nonviolenza-luino\/","og_locale":"it_IT","og_type":"article","og_title":"Il Progetto \u201cScaffale dei libri della Pace e della Nonviolenza\u201d dal 2\u00b0 EireneFest di Roma arriva a Luino","og_description":"Grazie all'input di Claudio Roncella dell'organizzazione di volontariato \u201cLa comunit\u00e0 per lo sviluppo umano- AHIMSA\u201d che ha realizzato a Roma \u201cLo scaffale","og_url":"https:\/\/www.pressenza.com\/it\/2023\/12\/scaffale-nonviolenza-luino\/","og_site_name":"Pressenza","article_publisher":"https:\/\/www.facebook.com\/PressenzaItalia","article_author":"https:\/\/www.facebook.com\/PressenzaItalia","article_published_time":"2023-12-22T13:55:04+00:00","article_modified_time":"2023-12-22T20:18:20+00:00","og_image":[{"width":850,"height":599,"url":"https:\/\/www.pressenza.com\/wp-content\/uploads\/2023\/12\/Luino-scaffale-della-nonviolenza-costruttori-di-pace.jpg","type":"image\/jpeg"}],"author":"Redazione Italia","twitter_card":"summary_large_image","twitter_creator":"@pressenza_it","twitter_site":"@PressenzaIPA","twitter_misc":{"Scritto da":"Redazione Italia","Tempo di lettura stimato":"3 minuti"},"schema":{"@context":"https:\/\/schema.org","@graph":[{"@type":"Article","@id":"https:\/\/www.pressenza.com\/it\/2023\/12\/scaffale-nonviolenza-luino\/#article","isPartOf":{"@id":"https:\/\/www.pressenza.com\/it\/2023\/12\/scaffale-nonviolenza-luino\/"},"author":{"name":"Redazione Italia","@id":"https:\/\/www.pressenza.com\/it\/#\/schema\/person\/d983e81827ae24f2c7b1a2123d197f8d"},"headline":"Il Progetto \u201cScaffale dei libri della Pace e della Nonviolenza\u201d dal 2\u00b0 EireneFest di Roma arriva a Luino","datePublished":"2023-12-22T13:55:04+00:00","dateModified":"2023-12-22T20:18:20+00:00","mainEntityOfPage":{"@id":"https:\/\/www.pressenza.com\/it\/2023\/12\/scaffale-nonviolenza-luino\/"},"wordCount":572,"publisher":{"@id":"https:\/\/www.pressenza.com\/it\/#organization"},"image":{"@id":"https:\/\/www.pressenza.com\/it\/2023\/12\/scaffale-nonviolenza-luino\/#primaryimage"},"thumbnailUrl":"https:\/\/www.pressenza.com\/wp-content\/uploads\/2023\/12\/Luino-scaffale-della-nonviolenza-costruttori-di-pace.jpg","keywords":["Luino","scaffale dei libri della nonviolenza","Tavolo per la Pace Alto Verbano"],"articleSection":["contenuti originali","Cultura e Media","Nonviolenza"],"inLanguage":"it-IT"},{"@type":"WebPage","@id":"https:\/\/www.pressenza.com\/it\/2023\/12\/scaffale-nonviolenza-luino\/","url":"https:\/\/www.pressenza.com\/it\/2023\/12\/scaffale-nonviolenza-luino\/","name":"Il Progetto \u201cScaffale dei libri della Pace e della Nonviolenza\u201d dal 2\u00b0 EireneFest di Roma arriva a Luino","isPartOf":{"@id":"https:\/\/www.pressenza.com\/it\/#website"},"primaryImageOfPage":{"@id":"https:\/\/www.pressenza.com\/it\/2023\/12\/scaffale-nonviolenza-luino\/#primaryimage"},"image":{"@id":"https:\/\/www.pressenza.com\/it\/2023\/12\/scaffale-nonviolenza-luino\/#primaryimage"},"thumbnailUrl":"https:\/\/www.pressenza.com\/wp-content\/uploads\/2023\/12\/Luino-scaffale-della-nonviolenza-costruttori-di-pace.jpg","datePublished":"2023-12-22T13:55:04+00:00","dateModified":"2023-12-22T20:18:20+00:00","description":"Grazie all'input di Claudio Roncella dell'organizzazione di volontariato \u201cLa comunit\u00e0 per lo sviluppo umano- AHIMSA\u201d che ha realizzato a Roma \u201cLo scaffale","breadcrumb":{"@id":"https:\/\/www.pressenza.com\/it\/2023\/12\/scaffale-nonviolenza-luino\/#breadcrumb"},"inLanguage":"it-IT","potentialAction":[{"@type":"ReadAction","target":["https:\/\/www.pressenza.com\/it\/2023\/12\/scaffale-nonviolenza-luino\/"]}]},{"@type":"ImageObject","inLanguage":"it-IT","@id":"https:\/\/www.pressenza.com\/it\/2023\/12\/scaffale-nonviolenza-luino\/#primaryimage","url":"https:\/\/www.pressenza.com\/wp-content\/uploads\/2023\/12\/Luino-scaffale-della-nonviolenza-costruttori-di-pace.jpg","contentUrl":"https:\/\/www.pressenza.com\/wp-content\/uploads\/2023\/12\/Luino-scaffale-della-nonviolenza-costruttori-di-pace.jpg","width":850,"height":599},{"@type":"BreadcrumbList","@id":"https:\/\/www.pressenza.com\/it\/2023\/12\/scaffale-nonviolenza-luino\/#breadcrumb","itemListElement":[{"@type":"ListItem","position":1,"name":"Accueil","item":"https:\/\/www.pressenza.com\/it\/"},{"@type":"ListItem","position":2,"name":"Il Progetto \u201cScaffale dei libri della Pace e della Nonviolenza\u201d dal 2\u00b0 EireneFest di Roma arriva a Luino"}]},{"@type":"WebSite","@id":"https:\/\/www.pressenza.com\/it\/#website","url":"https:\/\/www.pressenza.com\/it\/","name":"Pressenza","description":"Agenzia di Stampa Internazionale","publisher":{"@id":"https:\/\/www.pressenza.com\/it\/#organization"},"potentialAction":[{"@type":"SearchAction","target":{"@type":"EntryPoint","urlTemplate":"https:\/\/www.pressenza.com\/it\/?s={search_term_string}"},"query-input":{"@type":"PropertyValueSpecification","valueRequired":true,"valueName":"search_term_string"}}],"inLanguage":"it-IT"},{"@type":"Organization","@id":"https:\/\/www.pressenza.com\/it\/#organization","name":"Pressenza","url":"https:\/\/www.pressenza.com\/it\/","logo":{"@type":"ImageObject","inLanguage":"it-IT","@id":"https:\/\/www.pressenza.com\/it\/#\/schema\/logo\/image\/","url":"https:\/\/www.pressenza.com\/wp-content\/uploads\/2022\/10\/pressenza_logo_200x200.jpg","contentUrl":"https:\/\/www.pressenza.com\/wp-content\/uploads\/2022\/10\/pressenza_logo_200x200.jpg","width":200,"height":200,"caption":"Pressenza"},"image":{"@id":"https:\/\/www.pressenza.com\/it\/#\/schema\/logo\/image\/"},"sameAs":["https:\/\/www.facebook.com\/PressenzaItalia","https:\/\/x.com\/PressenzaIPA"]},{"@type":"Person","@id":"https:\/\/www.pressenza.com\/it\/#\/schema\/person\/d983e81827ae24f2c7b1a2123d197f8d","name":"Redazione Italia","description":"News from the Pressenza Bureau in Italy","sameAs":["https:\/\/www.pressenza.com\/it\/author\/redazione-italia\/","https:\/\/www.facebook.com\/PressenzaItalia","https:\/\/www.instagram.com\/pressenza_italia\/","https:\/\/x.com\/pressenza_it","https:\/\/www.youtube.com\/channel\/UCSalEIWjE1RSxkwjfftFuqg"],"url":"https:\/\/www.pressenza.com\/it\/author\/redazione-italia\/"}]}},"place":"","original_article_url":"","_links":{"self":[{"href":"https:\/\/www.pressenza.com\/it\/wp-json\/wp\/v2\/posts\/1789323","targetHints":{"allow":["GET"]}}],"collection":[{"href":"https:\/\/www.pressenza.com\/it\/wp-json\/wp\/v2\/posts"}],"about":[{"href":"https:\/\/www.pressenza.com\/it\/wp-json\/wp\/v2\/types\/post"}],"author":[{"embeddable":true,"href":"https:\/\/www.pressenza.com\/it\/wp-json\/wp\/v2\/users\/594"}],"replies":[{"embeddable":true,"href":"https:\/\/www.pressenza.com\/it\/wp-json\/wp\/v2\/comments?post=1789323"}],"version-history":[{"count":0,"href":"https:\/\/www.pressenza.com\/it\/wp-json\/wp\/v2\/posts\/1789323\/revisions"}],"wp:featuredmedia":[{"embeddable":true,"href":"https:\/\/www.pressenza.com\/it\/wp-json\/wp\/v2\/media\/1789324"}],"wp:attachment":[{"href":"https:\/\/www.pressenza.com\/it\/wp-json\/wp\/v2\/media?parent=1789323"}],"wp:term":[{"taxonomy":"category","embeddable":true,"href":"https:\/\/www.pressenza.com\/it\/wp-json\/wp\/v2\/categories?post=1789323"},{"taxonomy":"post_tag","embeddable":true,"href":"https:\/\/www.pressenza.com\/it\/wp-json\/wp\/v2\/tags?post=1789323"}],"curies":[{"name":"wp","href":"https:\/\/api.w.org\/{rel}","templated":true}]}}