{"id":1789126,"date":"2023-12-21T15:04:19","date_gmt":"2023-12-21T15:04:19","guid":{"rendered":"https:\/\/www.pressenza.com\/?p=1789126"},"modified":"2023-12-21T15:04:19","modified_gmt":"2023-12-21T15:04:19","slug":"specie-in-via-di-estinzione-il-parco-del-delta-del-po-ne-promuove-la-vendita","status":"publish","type":"post","link":"https:\/\/www.pressenza.com\/it\/2023\/12\/specie-in-via-di-estinzione-il-parco-del-delta-del-po-ne-promuove-la-vendita\/","title":{"rendered":"Specie in via di estinzione: il Parco del Delta del Po ne promuove la vendita?"},"content":{"rendered":"<div class=\"xmprfx_elementToProof\"><\/div>\n<div class=\"xmprfx_elementToProof\">Riceviamo la seguente lettera: \u201cIn data 6 novembre 2023, presso la sede del Parco del Delta del Po, si \u00e8 tenuta una riunione nella quale l\u2019Ente ha esposto le presunte criticit\u00e0 della proliferazione incontrollata dei daini nella Pineta di Classe e a Lido di Volano, presenti nel parco, e del loro impatto sulla biodiversit\u00e0, sull\u2019ambiente e sulle altre specie. Al momento, le conclusioni che ho inteso sono state che almeno una parte dei daini dovr\u00e0 essere abbattuta, perch\u00e9 in contrasto con gli obiettivi prioritari di tutela della biodiversit\u00e0 e perch\u00e9, stando a quanto sentito, non vi sono soluzioni alternative; ma attendo di leggere il verbale.<\/div>\n<div class=\"xmprfx_elementToProof\">In quell&#8217;occasione mi sono soffermato ad osservare un manifesto dal titolo<i>\u00a0&#8220;L&#8217;anguilla rischia l&#8217;estinzione. Salviamola!&#8221;<\/i>. Il manifesto \u00e8 relativo a un progetto finanziato dal Programma LIFE della Comunit\u00e0 Europea, per la conservazione dell&#8217;anguilla (nello specifico\u00a0<i>Anguilla anguilla<\/i>). Mi ricordo che in particolare fui colpito da dei contenitori in latta di anguilla marinata in vendita nella stessa sede che avevano un che di\u00a0<i>Sense no sense<\/i>\u00a0in relazione al suddetto manifesto. Erano forse il presagio di qualcosa di nefasto?<\/div>\n<div><\/div>\n<div class=\"xmprfx_elementToProof\">L&#8217;altro giorno, su un social mi appare pubblicizzato l&#8217;evento consistente nella vendita di anguille vive &#8211; si avete letto bene: &#8220;VIVE&#8221; &#8211; e cefali promosso dal Parco del Delta del Po, che si terr\u00e0 proprio in un locale afferente al Parco del Delta.<\/div>\n<div><\/div>\n<div>Continuando a non capire, mi sono informato: l&#8217;<i>Anguilla anguilla<\/i>, a seguito del forte declino degli stock locali e della drastica contrazione del reclutamento, \u00e8 inserita nell&#8217;allegato III del Protocollo SPA\/BIO della convenzione di Barcellona e nell&#8217;allegato II del CITES. Lista rossa IUCN \u2013 Unione Mondiale per la Conservazione della Natura (2013) stato di conservazione:\u00a0<i>Criticaly Endangered<\/i>\u00a0(categoria pericolo critico!). Ho letto bene?<\/div>\n<div><\/div>\n<div class=\"xmprfx_elementToProof\">Tra l\u2019altro, leggo anche di una concreta mobilitazione nel mondo dell\u2019alta cucina per invitare a non consumare anguilla, con la messa al bando nei men\u00f9 delle svariate specie prossime all\u2019estinzione, quali appunto anguilla, capitone, tonno rosso ed altre.<\/div>\n<div class=\"xmprfx_elementToProof\"><\/div>\n<div class=\"xmprfx_elementToProof\">Dunque, due pesi e due misure: da un lato i daini vengono definiti dannosi per la biodiversit\u00e0 e quindi da uccidere \u2013 incuranti di quasi quaranta mila cittadini che hanno sottoscritto una petizione, incuranti delle associazioni da oltre 10 anni si stanno battendo per avere dati certi sulla reale consistenza e per chiedere soluzioni etiche, incruente e rispettose di tutte le istanze in campo \u2013 dall\u2019altro nessun problema se la biodiversit\u00e0 viene minacciata e sacrificata a scopo di lucro in maniera cos\u00ec grave, trattandosi l\u2019anguilla di specie a rischio prossimo di estinzione.<\/div>\n<div><\/div>\n<div class=\"xmprfx_elementToProof\">Con la seguente lettera non intendo porre interrogativi circa la liceit\u00e0 o meno della cattura e della vendita promossa dal Parco, poich\u00e9 solo la cattura dell&#8217;anguilla nello stadio giovanile, anche detto &#8220;ceco&#8221;, risulta essere al momento vietata. Tuttavia, mi voglio soffermare sull&#8217;ipocrisia di tanti messaggi evidentemente privi di logica, promossi proprio dagli Enti che in primo luogo dovrebbero avere come obiettivo la tutela della natura, e al contempo dovrebbero mettere rigorosamente in secondo piano tutti gli altri interessi in contrasto con la conservazione, anche promuovendo l\u2019educazione ambientale alla sostenibilit\u00e0 ed ai comportamenti eticamente consapevoli e rispettosi&#8221;.<\/div>\n<div><\/div>\n<div>\n<div class=\"xmprfx_elementToProof\" style=\"text-align: right;\"><b>Circolo Legambiente Delta del Po<\/b><\/div>\n<div class=\"xmprfx_elementToProof\" style=\"text-align: right;\"><b>Italia Nostra sezione di Ravenna<\/b><\/div>\n<div class=\"xmprfx_elementToProof\" style=\"text-align: right;\"><b>OIPA sezione di Ferrara<\/b><\/div>\n<div class=\"xmprfx_elementToProof\" style=\"text-align: right;\"><b>OIPA sezione di Ravenna\u00a0<\/b><\/div>\n<\/div>\n","protected":false},"excerpt":{"rendered":"<p>Riceviamo la seguente lettera: \u201cIn data 6 novembre 2023, presso la sede del Parco del Delta del Po, si \u00e8 tenuta una riunione nella quale l\u2019Ente ha esposto le presunte criticit\u00e0 della proliferazione incontrollata dei daini nella Pineta di Classe&hellip;<\/p>\n","protected":false},"author":594,"featured_media":1789127,"comment_status":"closed","ping_status":"closed","sticky":false,"template":"","format":"standard","meta":{"footnotes":""},"categories":[59],"tags":[118776,118777,115350,118775],"class_list":["post-1789126","post","type-post","status-publish","format-standard","has-post-thumbnail","hentry","category-ambiente-ecologia","tag-anguille","tag-daini","tag-delta-del-po","tag-parco-del-delta-del-po"],"yoast_head":"<!-- This site is optimized with the Yoast SEO plugin v27.1.1 - https:\/\/yoast.com\/product\/yoast-seo-wordpress\/ -->\n<title>Specie in via di estinzione: il Parco del Delta del Po ne promuove la vendita?<\/title>\n<meta name=\"description\" content=\"Riceviamo la seguente lettera: \u201cIn data 6 novembre 2023, presso la sede del Parco del Delta del Po, si \u00e8 tenuta una riunione nella quale l\u2019Ente ha esposto\" \/>\n<meta name=\"robots\" content=\"index, follow, max-snippet:-1, max-image-preview:large, max-video-preview:-1\" \/>\n<link rel=\"canonical\" href=\"https:\/\/www.pressenza.com\/it\/2023\/12\/specie-in-via-di-estinzione-il-parco-del-delta-del-po-ne-promuove-la-vendita\/\" \/>\n<meta property=\"og:locale\" content=\"it_IT\" \/>\n<meta property=\"og:type\" content=\"article\" \/>\n<meta property=\"og:title\" content=\"Specie in via di estinzione: il Parco del Delta del Po ne promuove la vendita?\" \/>\n<meta property=\"og:description\" content=\"Riceviamo la seguente lettera: \u201cIn data 6 novembre 2023, presso la sede del Parco del Delta del Po, si \u00e8 tenuta una riunione nella quale l\u2019Ente ha esposto\" \/>\n<meta property=\"og:url\" content=\"https:\/\/www.pressenza.com\/it\/2023\/12\/specie-in-via-di-estinzione-il-parco-del-delta-del-po-ne-promuove-la-vendita\/\" \/>\n<meta property=\"og:site_name\" content=\"Pressenza\" \/>\n<meta property=\"article:publisher\" content=\"https:\/\/www.facebook.com\/PressenzaItalia\" \/>\n<meta property=\"article:author\" content=\"https:\/\/www.facebook.com\/PressenzaItalia\" \/>\n<meta property=\"article:published_time\" content=\"2023-12-21T15:04:19+00:00\" \/>\n<meta property=\"og:image\" content=\"https:\/\/www.pressenza.com\/wp-content\/uploads\/2023\/12\/anguilla-Italia-Nostra-Ravenna.jpg\" \/>\n\t<meta property=\"og:image:width\" content=\"850\" \/>\n\t<meta property=\"og:image:height\" content=\"463\" \/>\n\t<meta property=\"og:image:type\" content=\"image\/jpeg\" \/>\n<meta name=\"author\" content=\"Redazione Italia\" \/>\n<meta name=\"twitter:card\" content=\"summary_large_image\" \/>\n<meta name=\"twitter:creator\" content=\"@pressenza_it\" \/>\n<meta name=\"twitter:site\" content=\"@PressenzaIPA\" \/>\n<meta name=\"twitter:label1\" content=\"Scritto da\" \/>\n\t<meta name=\"twitter:data1\" content=\"Redazione Italia\" \/>\n\t<meta name=\"twitter:label2\" content=\"Tempo di lettura stimato\" \/>\n\t<meta name=\"twitter:data2\" content=\"3 minuti\" \/>\n<script type=\"application\/ld+json\" class=\"yoast-schema-graph\">{\"@context\":\"https:\/\/schema.org\",\"@graph\":[{\"@type\":\"Article\",\"@id\":\"https:\/\/www.pressenza.com\/it\/2023\/12\/specie-in-via-di-estinzione-il-parco-del-delta-del-po-ne-promuove-la-vendita\/#article\",\"isPartOf\":{\"@id\":\"https:\/\/www.pressenza.com\/it\/2023\/12\/specie-in-via-di-estinzione-il-parco-del-delta-del-po-ne-promuove-la-vendita\/\"},\"author\":{\"name\":\"Redazione Italia\",\"@id\":\"https:\/\/www.pressenza.com\/it\/#\/schema\/person\/d983e81827ae24f2c7b1a2123d197f8d\"},\"headline\":\"Specie in via di estinzione: il Parco del Delta del Po ne promuove la vendita?\",\"datePublished\":\"2023-12-21T15:04:19+00:00\",\"mainEntityOfPage\":{\"@id\":\"https:\/\/www.pressenza.com\/it\/2023\/12\/specie-in-via-di-estinzione-il-parco-del-delta-del-po-ne-promuove-la-vendita\/\"},\"wordCount\":557,\"publisher\":{\"@id\":\"https:\/\/www.pressenza.com\/it\/#organization\"},\"image\":{\"@id\":\"https:\/\/www.pressenza.com\/it\/2023\/12\/specie-in-via-di-estinzione-il-parco-del-delta-del-po-ne-promuove-la-vendita\/#primaryimage\"},\"thumbnailUrl\":\"https:\/\/www.pressenza.com\/wp-content\/uploads\/2023\/12\/anguilla-Italia-Nostra-Ravenna.jpg\",\"keywords\":[\"anguille\",\"daini\",\"delta del Po\",\"Parco del Delta del Po\"],\"articleSection\":[\"Ecologia ed Ambiente\"],\"inLanguage\":\"it-IT\"},{\"@type\":\"WebPage\",\"@id\":\"https:\/\/www.pressenza.com\/it\/2023\/12\/specie-in-via-di-estinzione-il-parco-del-delta-del-po-ne-promuove-la-vendita\/\",\"url\":\"https:\/\/www.pressenza.com\/it\/2023\/12\/specie-in-via-di-estinzione-il-parco-del-delta-del-po-ne-promuove-la-vendita\/\",\"name\":\"Specie in via di estinzione: il Parco del Delta del Po ne promuove la vendita?\",\"isPartOf\":{\"@id\":\"https:\/\/www.pressenza.com\/it\/#website\"},\"primaryImageOfPage\":{\"@id\":\"https:\/\/www.pressenza.com\/it\/2023\/12\/specie-in-via-di-estinzione-il-parco-del-delta-del-po-ne-promuove-la-vendita\/#primaryimage\"},\"image\":{\"@id\":\"https:\/\/www.pressenza.com\/it\/2023\/12\/specie-in-via-di-estinzione-il-parco-del-delta-del-po-ne-promuove-la-vendita\/#primaryimage\"},\"thumbnailUrl\":\"https:\/\/www.pressenza.com\/wp-content\/uploads\/2023\/12\/anguilla-Italia-Nostra-Ravenna.jpg\",\"datePublished\":\"2023-12-21T15:04:19+00:00\",\"description\":\"Riceviamo la seguente lettera: \u201cIn data 6 novembre 2023, presso la sede del Parco del Delta del Po, si \u00e8 tenuta una riunione nella quale l\u2019Ente ha esposto\",\"breadcrumb\":{\"@id\":\"https:\/\/www.pressenza.com\/it\/2023\/12\/specie-in-via-di-estinzione-il-parco-del-delta-del-po-ne-promuove-la-vendita\/#breadcrumb\"},\"inLanguage\":\"it-IT\",\"potentialAction\":[{\"@type\":\"ReadAction\",\"target\":[\"https:\/\/www.pressenza.com\/it\/2023\/12\/specie-in-via-di-estinzione-il-parco-del-delta-del-po-ne-promuove-la-vendita\/\"]}]},{\"@type\":\"ImageObject\",\"inLanguage\":\"it-IT\",\"@id\":\"https:\/\/www.pressenza.com\/it\/2023\/12\/specie-in-via-di-estinzione-il-parco-del-delta-del-po-ne-promuove-la-vendita\/#primaryimage\",\"url\":\"https:\/\/www.pressenza.com\/wp-content\/uploads\/2023\/12\/anguilla-Italia-Nostra-Ravenna.jpg\",\"contentUrl\":\"https:\/\/www.pressenza.com\/wp-content\/uploads\/2023\/12\/anguilla-Italia-Nostra-Ravenna.jpg\",\"width\":850,\"height\":463},{\"@type\":\"BreadcrumbList\",\"@id\":\"https:\/\/www.pressenza.com\/it\/2023\/12\/specie-in-via-di-estinzione-il-parco-del-delta-del-po-ne-promuove-la-vendita\/#breadcrumb\",\"itemListElement\":[{\"@type\":\"ListItem\",\"position\":1,\"name\":\"Accueil\",\"item\":\"https:\/\/www.pressenza.com\/it\/\"},{\"@type\":\"ListItem\",\"position\":2,\"name\":\"Specie in via di estinzione: il Parco del Delta del Po ne promuove la vendita?\"}]},{\"@type\":\"WebSite\",\"@id\":\"https:\/\/www.pressenza.com\/it\/#website\",\"url\":\"https:\/\/www.pressenza.com\/it\/\",\"name\":\"Pressenza\",\"description\":\"Agenzia di Stampa Internazionale\",\"publisher\":{\"@id\":\"https:\/\/www.pressenza.com\/it\/#organization\"},\"potentialAction\":[{\"@type\":\"SearchAction\",\"target\":{\"@type\":\"EntryPoint\",\"urlTemplate\":\"https:\/\/www.pressenza.com\/it\/?s={search_term_string}\"},\"query-input\":{\"@type\":\"PropertyValueSpecification\",\"valueRequired\":true,\"valueName\":\"search_term_string\"}}],\"inLanguage\":\"it-IT\"},{\"@type\":\"Organization\",\"@id\":\"https:\/\/www.pressenza.com\/it\/#organization\",\"name\":\"Pressenza\",\"url\":\"https:\/\/www.pressenza.com\/it\/\",\"logo\":{\"@type\":\"ImageObject\",\"inLanguage\":\"it-IT\",\"@id\":\"https:\/\/www.pressenza.com\/it\/#\/schema\/logo\/image\/\",\"url\":\"https:\/\/www.pressenza.com\/wp-content\/uploads\/2022\/10\/pressenza_logo_200x200.jpg\",\"contentUrl\":\"https:\/\/www.pressenza.com\/wp-content\/uploads\/2022\/10\/pressenza_logo_200x200.jpg\",\"width\":200,\"height\":200,\"caption\":\"Pressenza\"},\"image\":{\"@id\":\"https:\/\/www.pressenza.com\/it\/#\/schema\/logo\/image\/\"},\"sameAs\":[\"https:\/\/www.facebook.com\/PressenzaItalia\",\"https:\/\/x.com\/PressenzaIPA\"]},{\"@type\":\"Person\",\"@id\":\"https:\/\/www.pressenza.com\/it\/#\/schema\/person\/d983e81827ae24f2c7b1a2123d197f8d\",\"name\":\"Redazione Italia\",\"description\":\"News from the Pressenza Bureau in Italy\",\"sameAs\":[\"https:\/\/www.pressenza.com\/it\/author\/redazione-italia\/\",\"https:\/\/www.facebook.com\/PressenzaItalia\",\"https:\/\/www.instagram.com\/pressenza_italia\/\",\"https:\/\/x.com\/pressenza_it\",\"https:\/\/www.youtube.com\/channel\/UCSalEIWjE1RSxkwjfftFuqg\"],\"url\":\"https:\/\/www.pressenza.com\/it\/author\/redazione-italia\/\"}]}<\/script>\n<!-- \/ Yoast SEO plugin. -->","yoast_head_json":{"title":"Specie in via di estinzione: il Parco del Delta del Po ne promuove la vendita?","description":"Riceviamo la seguente lettera: \u201cIn data 6 novembre 2023, presso la sede del Parco del Delta del Po, si \u00e8 tenuta una riunione nella quale l\u2019Ente ha esposto","robots":{"index":"index","follow":"follow","max-snippet":"max-snippet:-1","max-image-preview":"max-image-preview:large","max-video-preview":"max-video-preview:-1"},"canonical":"https:\/\/www.pressenza.com\/it\/2023\/12\/specie-in-via-di-estinzione-il-parco-del-delta-del-po-ne-promuove-la-vendita\/","og_locale":"it_IT","og_type":"article","og_title":"Specie in via di estinzione: il Parco del Delta del Po ne promuove la vendita?","og_description":"Riceviamo la seguente lettera: \u201cIn data 6 novembre 2023, presso la sede del Parco del Delta del Po, si \u00e8 tenuta una riunione nella quale l\u2019Ente ha esposto","og_url":"https:\/\/www.pressenza.com\/it\/2023\/12\/specie-in-via-di-estinzione-il-parco-del-delta-del-po-ne-promuove-la-vendita\/","og_site_name":"Pressenza","article_publisher":"https:\/\/www.facebook.com\/PressenzaItalia","article_author":"https:\/\/www.facebook.com\/PressenzaItalia","article_published_time":"2023-12-21T15:04:19+00:00","og_image":[{"width":850,"height":463,"url":"https:\/\/www.pressenza.com\/wp-content\/uploads\/2023\/12\/anguilla-Italia-Nostra-Ravenna.jpg","type":"image\/jpeg"}],"author":"Redazione Italia","twitter_card":"summary_large_image","twitter_creator":"@pressenza_it","twitter_site":"@PressenzaIPA","twitter_misc":{"Scritto da":"Redazione Italia","Tempo di lettura stimato":"3 minuti"},"schema":{"@context":"https:\/\/schema.org","@graph":[{"@type":"Article","@id":"https:\/\/www.pressenza.com\/it\/2023\/12\/specie-in-via-di-estinzione-il-parco-del-delta-del-po-ne-promuove-la-vendita\/#article","isPartOf":{"@id":"https:\/\/www.pressenza.com\/it\/2023\/12\/specie-in-via-di-estinzione-il-parco-del-delta-del-po-ne-promuove-la-vendita\/"},"author":{"name":"Redazione Italia","@id":"https:\/\/www.pressenza.com\/it\/#\/schema\/person\/d983e81827ae24f2c7b1a2123d197f8d"},"headline":"Specie in via di estinzione: il Parco del Delta del Po ne promuove la vendita?","datePublished":"2023-12-21T15:04:19+00:00","mainEntityOfPage":{"@id":"https:\/\/www.pressenza.com\/it\/2023\/12\/specie-in-via-di-estinzione-il-parco-del-delta-del-po-ne-promuove-la-vendita\/"},"wordCount":557,"publisher":{"@id":"https:\/\/www.pressenza.com\/it\/#organization"},"image":{"@id":"https:\/\/www.pressenza.com\/it\/2023\/12\/specie-in-via-di-estinzione-il-parco-del-delta-del-po-ne-promuove-la-vendita\/#primaryimage"},"thumbnailUrl":"https:\/\/www.pressenza.com\/wp-content\/uploads\/2023\/12\/anguilla-Italia-Nostra-Ravenna.jpg","keywords":["anguille","daini","delta del Po","Parco del Delta del Po"],"articleSection":["Ecologia ed Ambiente"],"inLanguage":"it-IT"},{"@type":"WebPage","@id":"https:\/\/www.pressenza.com\/it\/2023\/12\/specie-in-via-di-estinzione-il-parco-del-delta-del-po-ne-promuove-la-vendita\/","url":"https:\/\/www.pressenza.com\/it\/2023\/12\/specie-in-via-di-estinzione-il-parco-del-delta-del-po-ne-promuove-la-vendita\/","name":"Specie in via di estinzione: il Parco del Delta del Po ne promuove la vendita?","isPartOf":{"@id":"https:\/\/www.pressenza.com\/it\/#website"},"primaryImageOfPage":{"@id":"https:\/\/www.pressenza.com\/it\/2023\/12\/specie-in-via-di-estinzione-il-parco-del-delta-del-po-ne-promuove-la-vendita\/#primaryimage"},"image":{"@id":"https:\/\/www.pressenza.com\/it\/2023\/12\/specie-in-via-di-estinzione-il-parco-del-delta-del-po-ne-promuove-la-vendita\/#primaryimage"},"thumbnailUrl":"https:\/\/www.pressenza.com\/wp-content\/uploads\/2023\/12\/anguilla-Italia-Nostra-Ravenna.jpg","datePublished":"2023-12-21T15:04:19+00:00","description":"Riceviamo la seguente lettera: \u201cIn data 6 novembre 2023, presso la sede del Parco del Delta del Po, si \u00e8 tenuta una riunione nella quale l\u2019Ente ha esposto","breadcrumb":{"@id":"https:\/\/www.pressenza.com\/it\/2023\/12\/specie-in-via-di-estinzione-il-parco-del-delta-del-po-ne-promuove-la-vendita\/#breadcrumb"},"inLanguage":"it-IT","potentialAction":[{"@type":"ReadAction","target":["https:\/\/www.pressenza.com\/it\/2023\/12\/specie-in-via-di-estinzione-il-parco-del-delta-del-po-ne-promuove-la-vendita\/"]}]},{"@type":"ImageObject","inLanguage":"it-IT","@id":"https:\/\/www.pressenza.com\/it\/2023\/12\/specie-in-via-di-estinzione-il-parco-del-delta-del-po-ne-promuove-la-vendita\/#primaryimage","url":"https:\/\/www.pressenza.com\/wp-content\/uploads\/2023\/12\/anguilla-Italia-Nostra-Ravenna.jpg","contentUrl":"https:\/\/www.pressenza.com\/wp-content\/uploads\/2023\/12\/anguilla-Italia-Nostra-Ravenna.jpg","width":850,"height":463},{"@type":"BreadcrumbList","@id":"https:\/\/www.pressenza.com\/it\/2023\/12\/specie-in-via-di-estinzione-il-parco-del-delta-del-po-ne-promuove-la-vendita\/#breadcrumb","itemListElement":[{"@type":"ListItem","position":1,"name":"Accueil","item":"https:\/\/www.pressenza.com\/it\/"},{"@type":"ListItem","position":2,"name":"Specie in via di estinzione: il Parco del Delta del Po ne promuove la vendita?"}]},{"@type":"WebSite","@id":"https:\/\/www.pressenza.com\/it\/#website","url":"https:\/\/www.pressenza.com\/it\/","name":"Pressenza","description":"Agenzia di Stampa Internazionale","publisher":{"@id":"https:\/\/www.pressenza.com\/it\/#organization"},"potentialAction":[{"@type":"SearchAction","target":{"@type":"EntryPoint","urlTemplate":"https:\/\/www.pressenza.com\/it\/?s={search_term_string}"},"query-input":{"@type":"PropertyValueSpecification","valueRequired":true,"valueName":"search_term_string"}}],"inLanguage":"it-IT"},{"@type":"Organization","@id":"https:\/\/www.pressenza.com\/it\/#organization","name":"Pressenza","url":"https:\/\/www.pressenza.com\/it\/","logo":{"@type":"ImageObject","inLanguage":"it-IT","@id":"https:\/\/www.pressenza.com\/it\/#\/schema\/logo\/image\/","url":"https:\/\/www.pressenza.com\/wp-content\/uploads\/2022\/10\/pressenza_logo_200x200.jpg","contentUrl":"https:\/\/www.pressenza.com\/wp-content\/uploads\/2022\/10\/pressenza_logo_200x200.jpg","width":200,"height":200,"caption":"Pressenza"},"image":{"@id":"https:\/\/www.pressenza.com\/it\/#\/schema\/logo\/image\/"},"sameAs":["https:\/\/www.facebook.com\/PressenzaItalia","https:\/\/x.com\/PressenzaIPA"]},{"@type":"Person","@id":"https:\/\/www.pressenza.com\/it\/#\/schema\/person\/d983e81827ae24f2c7b1a2123d197f8d","name":"Redazione Italia","description":"News from the Pressenza Bureau in Italy","sameAs":["https:\/\/www.pressenza.com\/it\/author\/redazione-italia\/","https:\/\/www.facebook.com\/PressenzaItalia","https:\/\/www.instagram.com\/pressenza_italia\/","https:\/\/x.com\/pressenza_it","https:\/\/www.youtube.com\/channel\/UCSalEIWjE1RSxkwjfftFuqg"],"url":"https:\/\/www.pressenza.com\/it\/author\/redazione-italia\/"}]}},"place":"","original_article_url":"","_links":{"self":[{"href":"https:\/\/www.pressenza.com\/it\/wp-json\/wp\/v2\/posts\/1789126","targetHints":{"allow":["GET"]}}],"collection":[{"href":"https:\/\/www.pressenza.com\/it\/wp-json\/wp\/v2\/posts"}],"about":[{"href":"https:\/\/www.pressenza.com\/it\/wp-json\/wp\/v2\/types\/post"}],"author":[{"embeddable":true,"href":"https:\/\/www.pressenza.com\/it\/wp-json\/wp\/v2\/users\/594"}],"replies":[{"embeddable":true,"href":"https:\/\/www.pressenza.com\/it\/wp-json\/wp\/v2\/comments?post=1789126"}],"version-history":[{"count":0,"href":"https:\/\/www.pressenza.com\/it\/wp-json\/wp\/v2\/posts\/1789126\/revisions"}],"wp:featuredmedia":[{"embeddable":true,"href":"https:\/\/www.pressenza.com\/it\/wp-json\/wp\/v2\/media\/1789127"}],"wp:attachment":[{"href":"https:\/\/www.pressenza.com\/it\/wp-json\/wp\/v2\/media?parent=1789126"}],"wp:term":[{"taxonomy":"category","embeddable":true,"href":"https:\/\/www.pressenza.com\/it\/wp-json\/wp\/v2\/categories?post=1789126"},{"taxonomy":"post_tag","embeddable":true,"href":"https:\/\/www.pressenza.com\/it\/wp-json\/wp\/v2\/tags?post=1789126"}],"curies":[{"name":"wp","href":"https:\/\/api.w.org\/{rel}","templated":true}]}}