{"id":1789032,"date":"2023-12-20T19:52:49","date_gmt":"2023-12-20T19:52:49","guid":{"rendered":"https:\/\/www.pressenza.com\/?p=1789032"},"modified":"2023-12-20T20:11:08","modified_gmt":"2023-12-20T20:11:08","slug":"23netzinesud-%d3%8eeriggio-n-48","status":"publish","type":"post","link":"https:\/\/www.pressenza.com\/it\/2023\/12\/23netzinesud-%d3%8eeriggio-n-48\/","title":{"rendered":"23@netzineSud \u2013 \u04cderiggio \\  n. 48"},"content":{"rendered":"<h5><em>&gt; \u00a0 RASSEGNA \u00a0MERIDIOGLOCALNEWS\u00a0SULLE SOGGETTIV\u20b3ZIONI METICCE\u00a0 \u00a0&lt;<\/em><\/h5>\n<p>&nbsp;<\/p>\n<p><strong>Intelligenza artificiale sionista (Sistema-Habsora) nella \u201cfabbrica dell\u2019assassinio di massa\u201d a <\/strong><strong>Gaza<\/strong><\/p>\n<p><em>Assedio totale col silenzio colpevole della governance euro-atlantista: 19.000 morti; \u00a060% dell\u2019abitato urbano raso al suolo; distrutte reti infrastrutturali fondamentali (luce, acqua, cibo, etc.) e i luoghi di aggregazione; militarmente sono stati impiegate bombe al fosforo \u00a0e 25.000 tonnellate di esplosivo<\/em><\/p>\n<p>Pensare le bambine e i bambini come soggetti, persone nella concretezza del loro vissuto quotidiano significa affrontare la struttura dell\u2019immensa violenza coloniale che si \u00e8 abbattuta su di loro. Il colonialismo israeliano ha reso i bambini sterminabili, dopo averli fatti vivere in prigioni all\u2019aperto negando loro l\u2019accesso all\u2019educazione, al gioco, alla salute, al movimento. La vita dei bambini palestinesi \u00e8 minacciata in realt\u00e0 ancor prima di venire al mondo, una politica che Shalhoub-Kevorkian ha definito \u201cunchildling\u201d (privazione dell\u2019infanzia), rivelatrice di una logica genocidaria che si esprime nella demonizzazione e nella disumanizzazione del bambino come implicitamente terrorista. <em>Unchildling <\/em>\u00e8 un processo di esclusione e di eliminazione \u201cche invade gli uteri, le famiglie, le amicizie, le case, le scuole, gli ospedali; \u00e8 flessibile, adattabile e imprevedibile. Opera con le politiche del governo e i quadri giuridici, una forma di guerra che mira ad annientare la futura generazione delle popolazioni autoctone\u201d. Il neonato privato dell\u2019infanzia e la terra espropriata sono la stessa cosa. E le donne? Se per alcune donne palestinesi l\u2019idea di opporre resistenza attraverso la maternit\u00e0 ha offerto loro un ruolo nella lotta, altre l\u2019hanno considerata un\u2019espressione estrema del dominio patriarcale: \u201cNon metter\u00f2 al mondo dei bambini solo per vederli uccidere e morire. Il mio corpo non \u00e8 una fabbrica di armi. \u00c8 il mio corpo\u2026\u201d. \u00a0Ma il mondo ha chiuso da tempo gli occhi sulla tragedia di chi vive a Gaza .<\/p>\n<h6><a href=\"https:\/\/comune-info.net\/i-bambini-di-gaza\/\">da Comune-info<\/a><\/h6>\n<p>&nbsp;<\/p>\n<p><strong>Deposito unico nazionale per le scorie radioattive, chi si offre? Discariche e cave<\/strong><\/p>\n<p>Il 13 dicembre 2023 il Ministero dell\u2019Ambiente e della Sicurezza Energetica, in base a recente decisione del Consiglio dei Ministri, ha formalizzato la pubblicazione dell\u2019elenco dei siti presenti nella Carta Nazionale delle Aree Idonee (CNAI) per l\u2019ubicazione del sito del deposito unico delle scorie radioattive. \u00c8 \u00a0pur vero che l\u2019elenco delle aree idonee \u00e8 noto da tempo, ma ora \u00e8 stata avviata la procedura inerente la manifestazione di disponibilit\u00e0 (validit\u00e0 30 giorni) da parte degli Enti locali. Autocandidature, quindi, sia per Comuni il cui territorio \u00e8 potenzialmente idoneo sia per Comuni non individuati, ma che chiedono un riesame del proprio territorio per verificarne l\u2019eventuale idoneit\u00e0. Analogamente potrebbe farsi avanti il Ministero della Difesa per aree militari. Circa un miliardo di euro di investimenti nel sito prescelto sono certamente allettanti e c\u2019\u00e8 chi si \u00e8 gi\u00e0 fatto avanti, come il sindaco di Trino (VC). La situazione appare decisamente complessa e faremo, come sempre, la nostra parte per evitare danni ambientali e sanitari, nonch\u00e9 fesserie di vario genere, per quanto possibile.<\/p>\n<h6><a href=\"http:\/\/www.salviamoilpaesaggio.it\/blog\/2023\/12\/deposito-unico-nazionale-per-le-scorie-radioattive-chi-si-offre\/\">comunicato Gruppo d&#8217;Intervento Giuridico &#8211; Salviamo il paesaggio<\/a><\/h6>\n<p>&nbsp;<\/p>\n<p><strong>Rapporto-Censis su &#8220;L\u2019Italia dei sonnambuli&#8221;<\/strong><\/p>\n<p><em>Il venir meno di gran parte dei meccanismi di mobilit\u00e0 sociale e la mancanza di traguardi condivisi, fa s\u00ec che la societ\u00e0 italiana sia affetta da sonnambulismo. Il ritorno della guerra ha suscitato nuovi allarmi: il 59,9% degli italiani ha paura che scoppier\u00e0 un conflitto mondiale che coinvolger\u00e0 anche l\u2019Italia<\/em><\/p>\n<p>Il 56\u00b0 Rapporto annuale del Censis sulla situazione sociale del Paese esamina i temi di maggiore interesse emersi nel corso del 2023. Nel 2050 l\u2019Italia avr\u00e0 perso complessivamente 4,5 milioni di residenti (come se le due pi\u00f9 grandi citt\u00e0, Roma e Milano insieme, scomparissero). <em>La flessione demografica <\/em>sar\u00e0 il risultato di una diminuzione di 9,1 milioni di persone con meno di 65 anni (in particolare, -3,7 milioni con meno di 35 anni) e di un contestuale aumento di 4,6 milioni di persone con 65 anni e oltre (in particolare, +1,6 milioni con 85 anni e oltre). <em>Si stimano quasi 8 milioni di persone in et\u00e0 attiva in meno nel 2050<\/em>: una scarsit\u00e0 di lavoratori che avr\u00e0 un impatto inevitabile sul sistema produttivo e sulla nostra capacit\u00e0 di generare valore. In questo quadro trovano terreno fertile paure amplificate, fughe millenaristiche, spasmi apocalittici, l\u2019improbabile e il verosimile. <em>L\u201984,0% degli italiani \u00e8 impaurito dal clima \u00abimpazzito\u00bb<\/em><strong>,<\/strong> il 73,4% teme che i problemi strutturali irrisolti del nostro Paese provocheranno nei prossimi anni una crisi economica e sociale molto grave con povert\u00e0 diffusa e violenza, per il 73,0% gli sconvolgimenti globali sottoporranno l\u2019Italia alla pressione di flussi migratori sempre pi\u00f9 intensi e non saremo in grado di gestire l\u2019arrivo di milioni di persone in fuga dalle guerre o per effetto del cambiamento climatico. <em>Siamo passati rapidamente dagli allarmi sugli elevati tassi di disoccupazione al record di occupati,<\/em> mentre il sistema produttivo lamenta sempre pi\u00f9 frequentemente la carenza di manodopera e di figure professionali. La fase espansiva dell\u2019occupazione, avviata gi\u00e0 nel 2021, si \u00e8 consolidata nel primo semestre di quest\u2019anno. Tra il 2021 e il 2022 gli occupati sono aumentati del 2,4% e nei primi sei mesi dell\u2019anno la crescita rispetto allo stesso periodo del 2022 \u00e8 stata del 2,0%. Sono 23.449.000 gli occupati al primo semestre: il dato pi\u00f9 elevato di sempre. Tuttavia, rispetto ai primi tre mesi di quest\u2019anno, si sono ridotte le ore lavorate in tutti i settori produttivi: -3,0% nell\u2019agricoltura, -1,1% nell\u2019industria, -1,9% nelle costruzioni, -0,5% se si considera l\u2019intera economia. <em>L\u2019Italia rimane comunque all\u2019ultimo posto nell\u2019Unione europea per tasso di occupazione<\/em>: il 60,1%, aumentato di 2 punti percentuali tra il 2020 e il 2022, ma ancora al di sotto del dato medio europeo (69,8%) di quasi 10 punti. Se nel nostro Paese si raggiungesse il dato medio europeo, avremmo circa 3,6 milioni di occupati in pi\u00f9<\/p>\n<h6><a href=\"https:\/\/volerelaluna.it\/materiali\/2023\/12\/14\/litalia-dei-sonnambuli\/\">approfondisci l\u2019articolo su Volere la Luna<\/a><\/h6>\n<p>&nbsp;<\/p>\n<p><strong>Enea e Cnr: Mediterraneo bollente. Da maggio 2022 a maggio 2023 l&#8217;ondata di calore pi\u00f9 lunga degli ultimi quarant&#8217;anni<\/strong><\/p>\n<p><em>Lo studio \u201cRecord-breaking persistence of the 2022\/23 marine heatwave in the Mediterranean Sea\u201d,<\/em> pubblicato su <em>Environmental Research Letters<\/em> da un team di ricercatori dell\u2019Agenzia nazionale per le nuove tecnologie, l\u2019energia e lo sviluppo economico sostenibile (ENEA) e dell\u2019Istituto di scienze marine del Consiglio nazionale delle ricerche (CNR \u2013 ISMAR), lancia un nuovo allarme per il cambiamento climatico: \u00abDa maggio 2022 a maggio 2023 il Mediterraneo ha subito l\u2019ondata di calore pi\u00f9 lunga mai registrata negli ultimi 40 anni con un aumento fino a 4\u00b0 C delle temperature del mare e picchi superiori a 23\u00b0 C. La parte pi\u00f9 colpita \u00e8 stata il bacino occidentale. <em>Quelli presentati su Environmental Research Letters<\/em> sono i risultati del progetto \u201cCAREHeat\u201d (deteCtion and threAts of maRinE Heat waves), finanziato dall\u2019Agenzia Spaziale Europea (ESA), al quale partecipano, per l\u2019Italia, ENEA e Cnr (coordinatore), e che punta a sviluppare nuove metodologie per prevedere e identificare le ondate di caldo, comprenderne la propagazione e gli impatti su ambiente, biodiversit\u00e0 e attivit\u00e0 economiche, come pesca e acquacoltura. Oltre a ENEA e Cnr, partecipano al progetto i ricercatori francesi di Collect Locatisation Satellites (CLS), Institut Fran\u00e7ais de Recherche pour l\u2019Exploitation de la Mer(Ifremer) Mercator Ocean International e i portoghesi di +ATLANTIC CoLAB. <em>Dalle indagini dettagliate<\/em> sul ruolo dei cosiddetti \u201cforzanti atmosferici\u201d,\u00a0 come, ad esempio, il vento nel condizionare l\u2019oceano,\u00a0 \u00e8 emerso che \u00abLe anomalie della temperatura superficiale del mare sono strettamente correlate alla prevalenza delle condizioni anticicloniche nell\u2019atmosfera; condizioni che nello stesso periodo hanno causato anche gravi siccit\u00e0 nella regione mediterranea\u00bb.\u00a0 I ricercatori italiani evidenziano che \u00abL\u2019analisi di questi dati indica che il rimescolamento verticale del mare causato dal vento \u00e8 il principale responsabile del trasporto di calore all\u2019interno delle acque marine e che queste anomalie sotto la superficie sono durate diversi mesi\u00bb.<\/p>\n<h6><a href=\"https:\/\/greenreport.it\/news\/clima\/enea-e-cnr-mediterraneo-bollente\/\">leggi integralmente articolo originale\u00a0 su Greenreport<\/a><\/h6>\n<p>&nbsp;<\/p>\n<p><strong>Citt\u00e0 portuali del Mediterraneo in allarme. Le emissioni navali contribuiscono a concentrazioni di inquinanti dell\u2019aria pericolose per la salute umana<\/strong><\/p>\n<p>Villa San Giovanni, Napoli, Livorno, La Spezia, Genova, Savona, Chioggia (Venezia) e Ancona: le misurazioni delle emissioni navali effettuate nei porti di queste citt\u00e0 hanno rivelato concentrazioni di biossido di azoto dannose per la salute umana sia nel nostro Paese che negli altri porti europei lungo le rotte marittime pi\u00f9 popolari del Mediterraneo come Atene, Valencia e Malta. Monitoraggi i cui risultati rappresentano un campanello d\u2019allarme per le popolazioni che vivono sulle sponde del Mediterraneo e in particolare nelle citt\u00e0 di porto. Dati che devono indurre ad alzare la voce nei confronti dell&#8217;industria marittima e dei governi, affinch\u00e9 si agisca al pi\u00f9 presto per l\u2019adozione di norme e misure che riducano rapidamente le emissioni di inquinanti atmosferici e gas serra provenienti dalle navi. I dati rilevati nelle citt\u00e0 italiane sono scioccanti. A Villa San Giovanni, un\u2019area portuale in cui si prevedono pi\u00f9 di 100 approdi di navi e aliscafi al giorno, nel periodo che va dal 16 luglio al 13 agosto \u00e8 stata registrata una media di 94 \u00b5g\/m\u00b3 di NO2, ovvero una concentrazione quasi 10 volte pi\u00f9 elevata della soglia annua indicata dalle nuove linee guida dell\u2019OMS a tutela della salute umana e circa 4 volte quella che i ricercatori indicano a tutela della salute umana sulle 24 ore. A Napoli, dove la misurazione nell\u2019area portuale \u00e8 avvenuta a ottobre, le concentrazioni a Porta di Massa, sono arrivate addirittura 73 \u00b5g\/m\u00b3,\u00a0 quindi quasi due volte il vigente limite annuo di legge e tre volte la soglia giornaliera (25 \u00b5g\/m\u00b3) al superamento della quale i ricercatori associano un danno certo alla salute umana. Parimenti allarmanti sono\u00a0 dati raccolti dai cittadini di La Spezia, Livorno, Genova e Ancona, citt\u00e0 dove le navi sostano per ore con i motori accesi a poche decine di metri dalle finestre degli abitanti. Fra luglio e ottobre i cittadini di 15 citt\u00e0 portuali del Mediterraneo hanno condotto rilevazioni dell\u2019inquinamento atmosferico nelle aree intorno ai porti.\u00a0 La campagna di scienza partecipata, si \u00e8 svolta in Italia nell\u2019ambito della rete \u201cFacciamo respirare il Mediterraneo\u201d \u2013 coordinata da Cittadini per l\u2019aria e che raggruppa numerosi comitati e associazioni attivi sul tema delle emissioni navali nelle citt\u00e0 di porto italiane &#8211;\u00a0 e in Europa della coalizione europea di ONG (NABU, Cittadini per l\u2019aria, Ecologistas en Acci\u00f3n, ZERO, Ornitologiki e BirdLifeMalta) che da diversi anni sostiene l\u2019attivazione di un\u2019Area a Controllo delle Emissioni navali nel Mediterraneo.<\/p>\n<h6>per info e approfondimenti:\u00a0<a href=\"mailto:presidente@cittadiniperlaria.org\">presidente@cittadiniperlaria.org<\/a><\/h6>\n<p>&nbsp;<\/p>\n<h5 style=\"text-align: right;\"><strong><em>COMMENTI \\ INCHIESTE \\ REPORTI \\ CONFLITTI \\ ALTERMERIDIONALISMO<\/em><\/strong><\/h5>\n<h6 style=\"text-align: right;\"><a href=\"mailto:toni.casano@pressenza.com\"><strong>toni.casano@pressenza.com<\/strong><\/a><\/h6>\n","protected":false},"excerpt":{"rendered":"<p>&gt; \u00a0 RASSEGNA \u00a0MERIDIOGLOCALNEWS\u00a0SULLE SOGGETTIV\u20b3ZIONI METICCE\u00a0 \u00a0&lt; &nbsp; Intelligenza artificiale sionista (Sistema-Habsora) nella \u201cfabbrica dell\u2019assassinio di massa\u201d a Gaza Assedio totale col silenzio colpevole della governance euro-atlantista: 19.000 morti; \u00a060% dell\u2019abitato urbano raso al suolo; distrutte reti infrastrutturali fondamentali (luce,&hellip;<\/p>\n","protected":false},"author":1734,"featured_media":1789035,"comment_status":"closed","ping_status":"closed","sticky":false,"template":"","format":"standard","meta":{"footnotes":""},"categories":[150,11388,56,60,59,52,1259],"tags":[118761,7908,45463,87070,117303,4441,4551,16517],"class_list":["post-1789032","post","type-post","status-publish","format-standard","has-post-thumbnail","hentry","category-comunicati-stampa","category-contenuti-originali","category-cultura","category-diritti-umani","category-ambiente-ecologia","category-medio-oriente","category-salute-argomento","tag-censis","tag-clima","tag-cnr","tag-enea","tag-genocidio-sionista-a-gaza","tag-mediterraneo","tag-rassegna-settimanale","tag-salvare-il-paesaggio"],"yoast_head":"<!-- This site is optimized with the Yoast SEO plugin v27.1.1 - https:\/\/yoast.com\/product\/yoast-seo-wordpress\/ -->\n<title>23@netzineSud \u2013 \u04cderiggio \\ n. 48<\/title>\n<meta name=\"description\" content=\"&gt; \u00a0 RASSEGNA \u00a0MERIDIOGLOCALNEWS\u00a0SULLE SOGGETTIV\u20b3ZIONI METICCE\u00a0 \u00a0&lt; &nbsp; Intelligenza artificiale sionista (Sistema-Habsora) nella \u201cfabbrica\" \/>\n<meta name=\"robots\" content=\"index, follow, max-snippet:-1, max-image-preview:large, max-video-preview:-1\" \/>\n<link rel=\"canonical\" href=\"https:\/\/www.pressenza.com\/it\/2023\/12\/23netzinesud-%d3%8eeriggio-n-48\/\" \/>\n<meta property=\"og:locale\" content=\"it_IT\" \/>\n<meta property=\"og:type\" content=\"article\" \/>\n<meta property=\"og:title\" content=\"23@netzineSud \u2013 \u04cderiggio \\ n. 48\" \/>\n<meta property=\"og:description\" content=\"&gt; \u00a0 RASSEGNA \u00a0MERIDIOGLOCALNEWS\u00a0SULLE SOGGETTIV\u20b3ZIONI METICCE\u00a0 \u00a0&lt; &nbsp; Intelligenza artificiale sionista (Sistema-Habsora) nella \u201cfabbrica\" \/>\n<meta property=\"og:url\" content=\"https:\/\/www.pressenza.com\/it\/2023\/12\/23netzinesud-%d3%8eeriggio-n-48\/\" \/>\n<meta property=\"og:site_name\" content=\"Pressenza\" \/>\n<meta property=\"article:publisher\" content=\"https:\/\/www.facebook.com\/PressenzaItalia\" \/>\n<meta property=\"article:published_time\" content=\"2023-12-20T19:52:49+00:00\" \/>\n<meta property=\"article:modified_time\" content=\"2023-12-20T20:11:08+00:00\" \/>\n<meta property=\"og:image\" content=\"https:\/\/www.pressenza.com\/wp-content\/uploads\/2023\/12\/59745939_10217888722239989_2136736445824499712_n-2.jpg\" \/>\n\t<meta property=\"og:image:width\" content=\"572\" \/>\n\t<meta property=\"og:image:height\" content=\"362\" \/>\n\t<meta property=\"og:image:type\" content=\"image\/jpeg\" \/>\n<meta name=\"author\" content=\"Toni Casano\" \/>\n<meta name=\"twitter:card\" content=\"summary_large_image\" \/>\n<meta name=\"twitter:creator\" content=\"@PressenzaIPA\" \/>\n<meta name=\"twitter:site\" content=\"@PressenzaIPA\" \/>\n<meta name=\"twitter:label1\" content=\"Scritto da\" \/>\n\t<meta name=\"twitter:data1\" content=\"Toni Casano\" \/>\n\t<meta name=\"twitter:label2\" content=\"Tempo di lettura stimato\" \/>\n\t<meta name=\"twitter:data2\" content=\"9 minuti\" \/>\n<script type=\"application\/ld+json\" class=\"yoast-schema-graph\">{\"@context\":\"https:\/\/schema.org\",\"@graph\":[{\"@type\":\"Article\",\"@id\":\"https:\/\/www.pressenza.com\/it\/2023\/12\/23netzinesud-%d3%8eeriggio-n-48\/#article\",\"isPartOf\":{\"@id\":\"https:\/\/www.pressenza.com\/it\/2023\/12\/23netzinesud-%d3%8eeriggio-n-48\/\"},\"author\":{\"name\":\"Toni Casano\",\"@id\":\"https:\/\/www.pressenza.com\/it\/#\/schema\/person\/96f237719a2b94ddc64a123d009ffc86\"},\"headline\":\"23@netzineSud \u2013 \u04cderiggio \\\\ n. 48\",\"datePublished\":\"2023-12-20T19:52:49+00:00\",\"dateModified\":\"2023-12-20T20:11:08+00:00\",\"mainEntityOfPage\":{\"@id\":\"https:\/\/www.pressenza.com\/it\/2023\/12\/23netzinesud-%d3%8eeriggio-n-48\/\"},\"wordCount\":1687,\"publisher\":{\"@id\":\"https:\/\/www.pressenza.com\/it\/#organization\"},\"image\":{\"@id\":\"https:\/\/www.pressenza.com\/it\/2023\/12\/23netzinesud-%d3%8eeriggio-n-48\/#primaryimage\"},\"thumbnailUrl\":\"https:\/\/www.pressenza.com\/wp-content\/uploads\/2023\/12\/59745939_10217888722239989_2136736445824499712_n-2.jpg\",\"keywords\":[\"Censis\",\"clima\",\"CNR\",\"ENEA\",\"genocidio sionista a Gaza\",\"Mediterraneo\",\"rassegna settimanale\",\"Salvare il Paesaggio\"],\"articleSection\":[\"Comunicati Stampa\",\"contenuti originali\",\"Cultura e Media\",\"Diritti Umani\",\"Ecologia ed Ambiente\",\"Medio Oriente\",\"Salute\"],\"inLanguage\":\"it-IT\"},{\"@type\":\"WebPage\",\"@id\":\"https:\/\/www.pressenza.com\/it\/2023\/12\/23netzinesud-%d3%8eeriggio-n-48\/\",\"url\":\"https:\/\/www.pressenza.com\/it\/2023\/12\/23netzinesud-%d3%8eeriggio-n-48\/\",\"name\":\"23@netzineSud \u2013 \u04cderiggio \\\\ n. 48\",\"isPartOf\":{\"@id\":\"https:\/\/www.pressenza.com\/it\/#website\"},\"primaryImageOfPage\":{\"@id\":\"https:\/\/www.pressenza.com\/it\/2023\/12\/23netzinesud-%d3%8eeriggio-n-48\/#primaryimage\"},\"image\":{\"@id\":\"https:\/\/www.pressenza.com\/it\/2023\/12\/23netzinesud-%d3%8eeriggio-n-48\/#primaryimage\"},\"thumbnailUrl\":\"https:\/\/www.pressenza.com\/wp-content\/uploads\/2023\/12\/59745939_10217888722239989_2136736445824499712_n-2.jpg\",\"datePublished\":\"2023-12-20T19:52:49+00:00\",\"dateModified\":\"2023-12-20T20:11:08+00:00\",\"description\":\"&gt; \u00a0 RASSEGNA \u00a0MERIDIOGLOCALNEWS\u00a0SULLE SOGGETTIV\u20b3ZIONI METICCE\u00a0 \u00a0&lt; &nbsp; Intelligenza artificiale sionista (Sistema-Habsora) nella \u201cfabbrica\",\"breadcrumb\":{\"@id\":\"https:\/\/www.pressenza.com\/it\/2023\/12\/23netzinesud-%d3%8eeriggio-n-48\/#breadcrumb\"},\"inLanguage\":\"it-IT\",\"potentialAction\":[{\"@type\":\"ReadAction\",\"target\":[\"https:\/\/www.pressenza.com\/it\/2023\/12\/23netzinesud-%d3%8eeriggio-n-48\/\"]}]},{\"@type\":\"ImageObject\",\"inLanguage\":\"it-IT\",\"@id\":\"https:\/\/www.pressenza.com\/it\/2023\/12\/23netzinesud-%d3%8eeriggio-n-48\/#primaryimage\",\"url\":\"https:\/\/www.pressenza.com\/wp-content\/uploads\/2023\/12\/59745939_10217888722239989_2136736445824499712_n-2.jpg\",\"contentUrl\":\"https:\/\/www.pressenza.com\/wp-content\/uploads\/2023\/12\/59745939_10217888722239989_2136736445824499712_n-2.jpg\",\"width\":572,\"height\":362},{\"@type\":\"BreadcrumbList\",\"@id\":\"https:\/\/www.pressenza.com\/it\/2023\/12\/23netzinesud-%d3%8eeriggio-n-48\/#breadcrumb\",\"itemListElement\":[{\"@type\":\"ListItem\",\"position\":1,\"name\":\"Accueil\",\"item\":\"https:\/\/www.pressenza.com\/it\/\"},{\"@type\":\"ListItem\",\"position\":2,\"name\":\"23@netzineSud \u2013 \u04cderiggio \\\\ n. 48\"}]},{\"@type\":\"WebSite\",\"@id\":\"https:\/\/www.pressenza.com\/it\/#website\",\"url\":\"https:\/\/www.pressenza.com\/it\/\",\"name\":\"Pressenza\",\"description\":\"Agenzia di Stampa Internazionale\",\"publisher\":{\"@id\":\"https:\/\/www.pressenza.com\/it\/#organization\"},\"potentialAction\":[{\"@type\":\"SearchAction\",\"target\":{\"@type\":\"EntryPoint\",\"urlTemplate\":\"https:\/\/www.pressenza.com\/it\/?s={search_term_string}\"},\"query-input\":{\"@type\":\"PropertyValueSpecification\",\"valueRequired\":true,\"valueName\":\"search_term_string\"}}],\"inLanguage\":\"it-IT\"},{\"@type\":\"Organization\",\"@id\":\"https:\/\/www.pressenza.com\/it\/#organization\",\"name\":\"Pressenza\",\"url\":\"https:\/\/www.pressenza.com\/it\/\",\"logo\":{\"@type\":\"ImageObject\",\"inLanguage\":\"it-IT\",\"@id\":\"https:\/\/www.pressenza.com\/it\/#\/schema\/logo\/image\/\",\"url\":\"https:\/\/www.pressenza.com\/wp-content\/uploads\/2022\/10\/pressenza_logo_200x200.jpg\",\"contentUrl\":\"https:\/\/www.pressenza.com\/wp-content\/uploads\/2022\/10\/pressenza_logo_200x200.jpg\",\"width\":200,\"height\":200,\"caption\":\"Pressenza\"},\"image\":{\"@id\":\"https:\/\/www.pressenza.com\/it\/#\/schema\/logo\/image\/\"},\"sameAs\":[\"https:\/\/www.facebook.com\/PressenzaItalia\",\"https:\/\/x.com\/PressenzaIPA\"]},{\"@type\":\"Person\",\"@id\":\"https:\/\/www.pressenza.com\/it\/#\/schema\/person\/96f237719a2b94ddc64a123d009ffc86\",\"name\":\"Toni Casano\",\"url\":\"https:\/\/www.pressenza.com\/it\/author\/toni-casano\/\"}]}<\/script>\n<!-- \/ Yoast SEO plugin. -->","yoast_head_json":{"title":"23@netzineSud \u2013 \u04cderiggio \\ n. 48","description":"&gt; \u00a0 RASSEGNA \u00a0MERIDIOGLOCALNEWS\u00a0SULLE SOGGETTIV\u20b3ZIONI METICCE\u00a0 \u00a0&lt; &nbsp; Intelligenza artificiale sionista (Sistema-Habsora) nella \u201cfabbrica","robots":{"index":"index","follow":"follow","max-snippet":"max-snippet:-1","max-image-preview":"max-image-preview:large","max-video-preview":"max-video-preview:-1"},"canonical":"https:\/\/www.pressenza.com\/it\/2023\/12\/23netzinesud-%d3%8eeriggio-n-48\/","og_locale":"it_IT","og_type":"article","og_title":"23@netzineSud \u2013 \u04cderiggio \\ n. 48","og_description":"&gt; \u00a0 RASSEGNA \u00a0MERIDIOGLOCALNEWS\u00a0SULLE SOGGETTIV\u20b3ZIONI METICCE\u00a0 \u00a0&lt; &nbsp; Intelligenza artificiale sionista (Sistema-Habsora) nella \u201cfabbrica","og_url":"https:\/\/www.pressenza.com\/it\/2023\/12\/23netzinesud-%d3%8eeriggio-n-48\/","og_site_name":"Pressenza","article_publisher":"https:\/\/www.facebook.com\/PressenzaItalia","article_published_time":"2023-12-20T19:52:49+00:00","article_modified_time":"2023-12-20T20:11:08+00:00","og_image":[{"width":572,"height":362,"url":"https:\/\/www.pressenza.com\/wp-content\/uploads\/2023\/12\/59745939_10217888722239989_2136736445824499712_n-2.jpg","type":"image\/jpeg"}],"author":"Toni Casano","twitter_card":"summary_large_image","twitter_creator":"@PressenzaIPA","twitter_site":"@PressenzaIPA","twitter_misc":{"Scritto da":"Toni Casano","Tempo di lettura stimato":"9 minuti"},"schema":{"@context":"https:\/\/schema.org","@graph":[{"@type":"Article","@id":"https:\/\/www.pressenza.com\/it\/2023\/12\/23netzinesud-%d3%8eeriggio-n-48\/#article","isPartOf":{"@id":"https:\/\/www.pressenza.com\/it\/2023\/12\/23netzinesud-%d3%8eeriggio-n-48\/"},"author":{"name":"Toni Casano","@id":"https:\/\/www.pressenza.com\/it\/#\/schema\/person\/96f237719a2b94ddc64a123d009ffc86"},"headline":"23@netzineSud \u2013 \u04cderiggio \\ n. 48","datePublished":"2023-12-20T19:52:49+00:00","dateModified":"2023-12-20T20:11:08+00:00","mainEntityOfPage":{"@id":"https:\/\/www.pressenza.com\/it\/2023\/12\/23netzinesud-%d3%8eeriggio-n-48\/"},"wordCount":1687,"publisher":{"@id":"https:\/\/www.pressenza.com\/it\/#organization"},"image":{"@id":"https:\/\/www.pressenza.com\/it\/2023\/12\/23netzinesud-%d3%8eeriggio-n-48\/#primaryimage"},"thumbnailUrl":"https:\/\/www.pressenza.com\/wp-content\/uploads\/2023\/12\/59745939_10217888722239989_2136736445824499712_n-2.jpg","keywords":["Censis","clima","CNR","ENEA","genocidio sionista a Gaza","Mediterraneo","rassegna settimanale","Salvare il Paesaggio"],"articleSection":["Comunicati Stampa","contenuti originali","Cultura e Media","Diritti Umani","Ecologia ed Ambiente","Medio Oriente","Salute"],"inLanguage":"it-IT"},{"@type":"WebPage","@id":"https:\/\/www.pressenza.com\/it\/2023\/12\/23netzinesud-%d3%8eeriggio-n-48\/","url":"https:\/\/www.pressenza.com\/it\/2023\/12\/23netzinesud-%d3%8eeriggio-n-48\/","name":"23@netzineSud \u2013 \u04cderiggio \\ n. 48","isPartOf":{"@id":"https:\/\/www.pressenza.com\/it\/#website"},"primaryImageOfPage":{"@id":"https:\/\/www.pressenza.com\/it\/2023\/12\/23netzinesud-%d3%8eeriggio-n-48\/#primaryimage"},"image":{"@id":"https:\/\/www.pressenza.com\/it\/2023\/12\/23netzinesud-%d3%8eeriggio-n-48\/#primaryimage"},"thumbnailUrl":"https:\/\/www.pressenza.com\/wp-content\/uploads\/2023\/12\/59745939_10217888722239989_2136736445824499712_n-2.jpg","datePublished":"2023-12-20T19:52:49+00:00","dateModified":"2023-12-20T20:11:08+00:00","description":"&gt; \u00a0 RASSEGNA \u00a0MERIDIOGLOCALNEWS\u00a0SULLE SOGGETTIV\u20b3ZIONI METICCE\u00a0 \u00a0&lt; &nbsp; Intelligenza artificiale sionista (Sistema-Habsora) nella \u201cfabbrica","breadcrumb":{"@id":"https:\/\/www.pressenza.com\/it\/2023\/12\/23netzinesud-%d3%8eeriggio-n-48\/#breadcrumb"},"inLanguage":"it-IT","potentialAction":[{"@type":"ReadAction","target":["https:\/\/www.pressenza.com\/it\/2023\/12\/23netzinesud-%d3%8eeriggio-n-48\/"]}]},{"@type":"ImageObject","inLanguage":"it-IT","@id":"https:\/\/www.pressenza.com\/it\/2023\/12\/23netzinesud-%d3%8eeriggio-n-48\/#primaryimage","url":"https:\/\/www.pressenza.com\/wp-content\/uploads\/2023\/12\/59745939_10217888722239989_2136736445824499712_n-2.jpg","contentUrl":"https:\/\/www.pressenza.com\/wp-content\/uploads\/2023\/12\/59745939_10217888722239989_2136736445824499712_n-2.jpg","width":572,"height":362},{"@type":"BreadcrumbList","@id":"https:\/\/www.pressenza.com\/it\/2023\/12\/23netzinesud-%d3%8eeriggio-n-48\/#breadcrumb","itemListElement":[{"@type":"ListItem","position":1,"name":"Accueil","item":"https:\/\/www.pressenza.com\/it\/"},{"@type":"ListItem","position":2,"name":"23@netzineSud \u2013 \u04cderiggio \\ n. 48"}]},{"@type":"WebSite","@id":"https:\/\/www.pressenza.com\/it\/#website","url":"https:\/\/www.pressenza.com\/it\/","name":"Pressenza","description":"Agenzia di Stampa Internazionale","publisher":{"@id":"https:\/\/www.pressenza.com\/it\/#organization"},"potentialAction":[{"@type":"SearchAction","target":{"@type":"EntryPoint","urlTemplate":"https:\/\/www.pressenza.com\/it\/?s={search_term_string}"},"query-input":{"@type":"PropertyValueSpecification","valueRequired":true,"valueName":"search_term_string"}}],"inLanguage":"it-IT"},{"@type":"Organization","@id":"https:\/\/www.pressenza.com\/it\/#organization","name":"Pressenza","url":"https:\/\/www.pressenza.com\/it\/","logo":{"@type":"ImageObject","inLanguage":"it-IT","@id":"https:\/\/www.pressenza.com\/it\/#\/schema\/logo\/image\/","url":"https:\/\/www.pressenza.com\/wp-content\/uploads\/2022\/10\/pressenza_logo_200x200.jpg","contentUrl":"https:\/\/www.pressenza.com\/wp-content\/uploads\/2022\/10\/pressenza_logo_200x200.jpg","width":200,"height":200,"caption":"Pressenza"},"image":{"@id":"https:\/\/www.pressenza.com\/it\/#\/schema\/logo\/image\/"},"sameAs":["https:\/\/www.facebook.com\/PressenzaItalia","https:\/\/x.com\/PressenzaIPA"]},{"@type":"Person","@id":"https:\/\/www.pressenza.com\/it\/#\/schema\/person\/96f237719a2b94ddc64a123d009ffc86","name":"Toni Casano","url":"https:\/\/www.pressenza.com\/it\/author\/toni-casano\/"}]}},"place":"a cura di","original_article_url":"","_links":{"self":[{"href":"https:\/\/www.pressenza.com\/it\/wp-json\/wp\/v2\/posts\/1789032","targetHints":{"allow":["GET"]}}],"collection":[{"href":"https:\/\/www.pressenza.com\/it\/wp-json\/wp\/v2\/posts"}],"about":[{"href":"https:\/\/www.pressenza.com\/it\/wp-json\/wp\/v2\/types\/post"}],"author":[{"embeddable":true,"href":"https:\/\/www.pressenza.com\/it\/wp-json\/wp\/v2\/users\/1734"}],"replies":[{"embeddable":true,"href":"https:\/\/www.pressenza.com\/it\/wp-json\/wp\/v2\/comments?post=1789032"}],"version-history":[{"count":0,"href":"https:\/\/www.pressenza.com\/it\/wp-json\/wp\/v2\/posts\/1789032\/revisions"}],"wp:featuredmedia":[{"embeddable":true,"href":"https:\/\/www.pressenza.com\/it\/wp-json\/wp\/v2\/media\/1789035"}],"wp:attachment":[{"href":"https:\/\/www.pressenza.com\/it\/wp-json\/wp\/v2\/media?parent=1789032"}],"wp:term":[{"taxonomy":"category","embeddable":true,"href":"https:\/\/www.pressenza.com\/it\/wp-json\/wp\/v2\/categories?post=1789032"},{"taxonomy":"post_tag","embeddable":true,"href":"https:\/\/www.pressenza.com\/it\/wp-json\/wp\/v2\/tags?post=1789032"}],"curies":[{"name":"wp","href":"https:\/\/api.w.org\/{rel}","templated":true}]}}