{"id":1788841,"date":"2023-12-19T15:25:09","date_gmt":"2023-12-19T15:25:09","guid":{"rendered":"https:\/\/www.pressenza.com\/?p=1788841"},"modified":"2023-12-19T15:29:11","modified_gmt":"2023-12-19T15:29:11","slug":"genocidio-a-gaza-ultime-notizie","status":"publish","type":"post","link":"https:\/\/www.pressenza.com\/it\/2023\/12\/genocidio-a-gaza-ultime-notizie\/","title":{"rendered":"Genocidio a Gaza, ultime notizie"},"content":{"rendered":"<p><strong>Morire di fame<\/strong><\/p>\n<p>Un milione e 800 mila persone sono senza cibo e acqua. Le scorte delle organizzazioni umanitarie sono finite e i camion carichi di aiuti internazionali sono bloccati al valico con l\u2019Egitto, per la volont\u00e0 criminale dell\u2019esercito israeliano che minaccia di bombardare i convogli. Una donna sfollata nei campi di tende improvvisati vicino a Rafah ha detto ai microfoni di un\u2019emittente<em>: \u201cNon ho pi\u00f9 nulla di dar da mangiare ai miei quattro figli. Niente pi\u00f9 farina e niente scatole di lenticchie. Non so cosa fare di fronte al pianto dei bambini\u201d.\u00a0<\/em>Il mondo guarda in silenzio lo scempio israeliano dei diritti umani.<\/p>\n<p><strong>\u00c8 in fase avanzata la campagna di sterminio contro gli ultimi ospedali<\/strong>. Al-Hli \u00e8 completamente fuori uso e Al-Awda \u00e8 stato svuotato dal personale. Bombardato di nuovo l\u2019ospedale Shifaa. Arrestati molti medici e dirigenti sanitari, che si aggiungono al direttore dell\u2019ospedale Shifaa, il cui arresto \u00e8 avvenuto settimane fa durante un\u2019evacuazione dei malati concordata con la Croce Rossa Internazionale.<\/p>\n<p>Operazioni queste che tradiscono la volont\u00e0 israeliana di rendere Gaza invivibile e cacciare la popolazione fuori dalla Striscia, verso il Sinai egiziano.<\/p>\n<p><strong>Bombardamenti aerei<\/strong> a Rafah, Khan Younis, Nuseirat e Dei Balah, tutte localit\u00e0 del centro e sud della Striscia. Nella mattinata di ieri, bombardati Jebalia e Gaza city con oltre 230 morti, da aggiungersi a quelli delle localit\u00e0 del sud.<\/p>\n<p><strong>La denuncia dell\u2019<\/strong><strong>Organizzazione Mondiale della Sanit\u00e0<\/strong><\/p>\n<p>La distruzione dell\u2019ospedale \u201cKamal Adwan\u201d \u00e8 scioccante.\u00a0L&#8217;Organizzazione Mondiale della Sanit\u00e0 si \u00e8 detta\u00a0<strong>&#8220;<\/strong><strong>sconvolta dall&#8217;effettiva distruzione&#8221; dell&#8217;ospedale Kamal Adwan<\/strong><strong>,<\/strong>\u00a0nel nord della Striscia di Gaza, a seguito di un&#8217;operazione dell&#8217;esercito israeliano che, secondo l&#8217;OMS, \u00e8 costata la vita ad &#8220;almeno otto pazienti&#8221;.\u00a0<em>&#8220;Molti operatori sanitari sono stati arrestati e l&#8217;OMS e i suoi partner stanno cercando urgentemente informazioni sul loro stato.\u00a0<strong>Tra i pazienti deceduti, molti sono morti per mancanza di cure adeguate, tra cui un bambino di 9 anni<\/strong><strong>&#8220;.<\/strong>\u00a0<\/em><\/p>\n<p>I bulldozer dell\u2019esercito di occupazione hanno demolito alcuni reparti e distrutto le tende degli sfollati, seppellendo vivi diversi feriti che non sono riusciti a scappare. Un caso che sar\u00e0 sottoposto alla Corte Penale Internazionale.<\/p>\n<p><strong>Vaticano: \u201c<\/strong><strong>Quello di Israele a Gaza \u00e8 terrorismo\u201d<\/strong><\/p>\n<p>Papa Francesco \u00e8 duro, non la manda a dire e tuona contro le \u201cgravi notizie\u201d che arrivano dalla Striscia, dove l&#8217;esercito israeliano ha ucciso due parrocchiane, la madre Nahida e la figlia Samar, della chiesa cattolica che offre ospitalit\u00e0 a centinaia di civili. Il Papa ha detto: \u201cL\u00ec ci sono bambini, famiglie, persone con disabilit\u00e0, suore\u201d.<\/p>\n<p>La condanna del Papa \u00e8 netta.\u00a0<em>\u201cCivili inermi sono oggetto di spari e questo \u00e8 avvenuto persino nel complesso parrocchiale dove una mamma e una figlia sono state uccise e altre persone ferite da cecchini israeliani mentre andavano in bagno. \u00c8 stata anche danneggiata la casa delle suore di Madre Teresa di Calcutta, hanno colpito il loro generatore. Qualcuno dice che \u00e8 terrorismo, \u00e8 guerra. S\u00ec questo \u00e8 terrorismo, \u00e8 guerra\u201d. <\/em><\/p>\n<p>Francesco all&#8217;Angelus ha ricordato poi la parola di Dio e le Scritture laddove sottolineano l&#8217;azione\u00a0che \u201cspezza lance e ferma guerre\u201d. La riflessione si \u00e8 conclusa con un pensiero per l&#8217;Ucraina, la Palestina, Israele e tutte le altre zone di conflitto, nella speranza che a Natale \u201csi rafforzi l&#8217;impegno per aprire strade di pace\u201d.<\/p>\n","protected":false},"excerpt":{"rendered":"<p>Morire di fame Un milione e 800 mila persone sono senza cibo e acqua. Le scorte delle organizzazioni umanitarie sono finite e i camion carichi di aiuti internazionali sono bloccati al valico con l\u2019Egitto, per la volont\u00e0 criminale dell\u2019esercito israeliano&hellip;<\/p>\n","protected":false},"author":2080,"featured_media":1788842,"comment_status":"closed","ping_status":"closed","sticky":false,"template":"","format":"standard","meta":{"footnotes":""},"categories":[107392,52,1263],"tags":[1005,9884,778,6638,570,4724],"class_list":["post-1788841","post","type-post","status-publish","format-standard","has-post-thumbnail","hentry","category-noticia-it","category-medio-oriente","category-pace-disarmo","tag-gaza","tag-genocidio","tag-israele","tag-organizzazione-mondiale-della-sanita","tag-ospedali","tag-papa-francesco"],"yoast_head":"<!-- This site is optimized with the Yoast SEO plugin v27.1.1 - https:\/\/yoast.com\/product\/yoast-seo-wordpress\/ -->\n<title>Genocidio a Gaza, ultime notizie<\/title>\n<meta name=\"description\" content=\"Morire di fame Un milione e 800 mila persone sono senza cibo e acqua. Le scorte delle organizzazioni umanitarie sono finite e i camion carichi di aiuti\" \/>\n<meta name=\"robots\" content=\"index, follow, max-snippet:-1, max-image-preview:large, max-video-preview:-1\" \/>\n<link rel=\"canonical\" href=\"https:\/\/www.pressenza.com\/it\/2023\/12\/genocidio-a-gaza-ultime-notizie\/\" \/>\n<meta property=\"og:locale\" content=\"it_IT\" \/>\n<meta property=\"og:type\" content=\"article\" \/>\n<meta property=\"og:title\" content=\"Genocidio a Gaza, ultime notizie\" \/>\n<meta property=\"og:description\" content=\"Morire di fame Un milione e 800 mila persone sono senza cibo e acqua. Le scorte delle organizzazioni umanitarie sono finite e i camion carichi di aiuti\" \/>\n<meta property=\"og:url\" content=\"https:\/\/www.pressenza.com\/it\/2023\/12\/genocidio-a-gaza-ultime-notizie\/\" \/>\n<meta property=\"og:site_name\" content=\"Pressenza\" \/>\n<meta property=\"article:publisher\" content=\"https:\/\/www.facebook.com\/PressenzaItalia\" \/>\n<meta property=\"article:published_time\" content=\"2023-12-19T15:25:09+00:00\" \/>\n<meta property=\"article:modified_time\" content=\"2023-12-19T15:29:11+00:00\" \/>\n<meta property=\"og:image\" content=\"https:\/\/www.pressenza.com\/wp-content\/uploads\/2023\/12\/cessate-il-fuoco-AI.jpg\" \/>\n\t<meta property=\"og:image:width\" content=\"2048\" \/>\n\t<meta property=\"og:image:height\" content=\"1490\" \/>\n\t<meta property=\"og:image:type\" content=\"image\/jpeg\" \/>\n<meta name=\"author\" content=\"ANBAMED\" \/>\n<meta name=\"twitter:card\" content=\"summary_large_image\" \/>\n<meta name=\"twitter:creator\" content=\"@PressenzaIPA\" \/>\n<meta name=\"twitter:site\" content=\"@PressenzaIPA\" \/>\n<meta name=\"twitter:label1\" content=\"Scritto da\" \/>\n\t<meta name=\"twitter:data1\" content=\"ANBAMED\" \/>\n\t<meta name=\"twitter:label2\" content=\"Tempo di lettura stimato\" \/>\n\t<meta name=\"twitter:data2\" content=\"3 minuti\" \/>\n<script type=\"application\/ld+json\" class=\"yoast-schema-graph\">{\"@context\":\"https:\/\/schema.org\",\"@graph\":[{\"@type\":\"Article\",\"@id\":\"https:\/\/www.pressenza.com\/it\/2023\/12\/genocidio-a-gaza-ultime-notizie\/#article\",\"isPartOf\":{\"@id\":\"https:\/\/www.pressenza.com\/it\/2023\/12\/genocidio-a-gaza-ultime-notizie\/\"},\"author\":{\"name\":\"ANBAMED\",\"@id\":\"https:\/\/www.pressenza.com\/it\/#\/schema\/person\/9f05db79ca2872d8e94cb459a93831e4\"},\"headline\":\"Genocidio a Gaza, ultime notizie\",\"datePublished\":\"2023-12-19T15:25:09+00:00\",\"dateModified\":\"2023-12-19T15:29:11+00:00\",\"mainEntityOfPage\":{\"@id\":\"https:\/\/www.pressenza.com\/it\/2023\/12\/genocidio-a-gaza-ultime-notizie\/\"},\"wordCount\":540,\"publisher\":{\"@id\":\"https:\/\/www.pressenza.com\/it\/#organization\"},\"image\":{\"@id\":\"https:\/\/www.pressenza.com\/it\/2023\/12\/genocidio-a-gaza-ultime-notizie\/#primaryimage\"},\"thumbnailUrl\":\"https:\/\/www.pressenza.com\/wp-content\/uploads\/2023\/12\/cessate-il-fuoco-AI.jpg\",\"keywords\":[\"Gaza\",\"genocidio\",\"Israele\",\"Organizzazione Mondiale della Sanit\u00e0\",\"ospedali\",\"Papa Francesco\"],\"articleSection\":[\"Cronaca\",\"Medio Oriente\",\"Pace e Disarmo\"],\"inLanguage\":\"it-IT\"},{\"@type\":\"WebPage\",\"@id\":\"https:\/\/www.pressenza.com\/it\/2023\/12\/genocidio-a-gaza-ultime-notizie\/\",\"url\":\"https:\/\/www.pressenza.com\/it\/2023\/12\/genocidio-a-gaza-ultime-notizie\/\",\"name\":\"Genocidio a Gaza, ultime notizie\",\"isPartOf\":{\"@id\":\"https:\/\/www.pressenza.com\/it\/#website\"},\"primaryImageOfPage\":{\"@id\":\"https:\/\/www.pressenza.com\/it\/2023\/12\/genocidio-a-gaza-ultime-notizie\/#primaryimage\"},\"image\":{\"@id\":\"https:\/\/www.pressenza.com\/it\/2023\/12\/genocidio-a-gaza-ultime-notizie\/#primaryimage\"},\"thumbnailUrl\":\"https:\/\/www.pressenza.com\/wp-content\/uploads\/2023\/12\/cessate-il-fuoco-AI.jpg\",\"datePublished\":\"2023-12-19T15:25:09+00:00\",\"dateModified\":\"2023-12-19T15:29:11+00:00\",\"description\":\"Morire di fame Un milione e 800 mila persone sono senza cibo e acqua. Le scorte delle organizzazioni umanitarie sono finite e i camion carichi di aiuti\",\"breadcrumb\":{\"@id\":\"https:\/\/www.pressenza.com\/it\/2023\/12\/genocidio-a-gaza-ultime-notizie\/#breadcrumb\"},\"inLanguage\":\"it-IT\",\"potentialAction\":[{\"@type\":\"ReadAction\",\"target\":[\"https:\/\/www.pressenza.com\/it\/2023\/12\/genocidio-a-gaza-ultime-notizie\/\"]}]},{\"@type\":\"ImageObject\",\"inLanguage\":\"it-IT\",\"@id\":\"https:\/\/www.pressenza.com\/it\/2023\/12\/genocidio-a-gaza-ultime-notizie\/#primaryimage\",\"url\":\"https:\/\/www.pressenza.com\/wp-content\/uploads\/2023\/12\/cessate-il-fuoco-AI.jpg\",\"contentUrl\":\"https:\/\/www.pressenza.com\/wp-content\/uploads\/2023\/12\/cessate-il-fuoco-AI.jpg\",\"width\":2048,\"height\":1490},{\"@type\":\"BreadcrumbList\",\"@id\":\"https:\/\/www.pressenza.com\/it\/2023\/12\/genocidio-a-gaza-ultime-notizie\/#breadcrumb\",\"itemListElement\":[{\"@type\":\"ListItem\",\"position\":1,\"name\":\"Accueil\",\"item\":\"https:\/\/www.pressenza.com\/it\/\"},{\"@type\":\"ListItem\",\"position\":2,\"name\":\"Genocidio a Gaza, ultime notizie\"}]},{\"@type\":\"WebSite\",\"@id\":\"https:\/\/www.pressenza.com\/it\/#website\",\"url\":\"https:\/\/www.pressenza.com\/it\/\",\"name\":\"Pressenza\",\"description\":\"Agenzia di Stampa Internazionale\",\"publisher\":{\"@id\":\"https:\/\/www.pressenza.com\/it\/#organization\"},\"potentialAction\":[{\"@type\":\"SearchAction\",\"target\":{\"@type\":\"EntryPoint\",\"urlTemplate\":\"https:\/\/www.pressenza.com\/it\/?s={search_term_string}\"},\"query-input\":{\"@type\":\"PropertyValueSpecification\",\"valueRequired\":true,\"valueName\":\"search_term_string\"}}],\"inLanguage\":\"it-IT\"},{\"@type\":\"Organization\",\"@id\":\"https:\/\/www.pressenza.com\/it\/#organization\",\"name\":\"Pressenza\",\"url\":\"https:\/\/www.pressenza.com\/it\/\",\"logo\":{\"@type\":\"ImageObject\",\"inLanguage\":\"it-IT\",\"@id\":\"https:\/\/www.pressenza.com\/it\/#\/schema\/logo\/image\/\",\"url\":\"https:\/\/www.pressenza.com\/wp-content\/uploads\/2022\/10\/pressenza_logo_200x200.jpg\",\"contentUrl\":\"https:\/\/www.pressenza.com\/wp-content\/uploads\/2022\/10\/pressenza_logo_200x200.jpg\",\"width\":200,\"height\":200,\"caption\":\"Pressenza\"},\"image\":{\"@id\":\"https:\/\/www.pressenza.com\/it\/#\/schema\/logo\/image\/\"},\"sameAs\":[\"https:\/\/www.facebook.com\/PressenzaItalia\",\"https:\/\/x.com\/PressenzaIPA\"]},{\"@type\":\"Person\",\"@id\":\"https:\/\/www.pressenza.com\/it\/#\/schema\/person\/9f05db79ca2872d8e94cb459a93831e4\",\"name\":\"ANBAMED\",\"description\":\"Notizie dal Sud Est del Mediterraneo\",\"sameAs\":[\"https:\/\/www.anbamed.it\/\"],\"url\":\"https:\/\/www.pressenza.com\/it\/author\/anbamed\/\"}]}<\/script>\n<!-- \/ Yoast SEO plugin. -->","yoast_head_json":{"title":"Genocidio a Gaza, ultime notizie","description":"Morire di fame Un milione e 800 mila persone sono senza cibo e acqua. Le scorte delle organizzazioni umanitarie sono finite e i camion carichi di aiuti","robots":{"index":"index","follow":"follow","max-snippet":"max-snippet:-1","max-image-preview":"max-image-preview:large","max-video-preview":"max-video-preview:-1"},"canonical":"https:\/\/www.pressenza.com\/it\/2023\/12\/genocidio-a-gaza-ultime-notizie\/","og_locale":"it_IT","og_type":"article","og_title":"Genocidio a Gaza, ultime notizie","og_description":"Morire di fame Un milione e 800 mila persone sono senza cibo e acqua. Le scorte delle organizzazioni umanitarie sono finite e i camion carichi di aiuti","og_url":"https:\/\/www.pressenza.com\/it\/2023\/12\/genocidio-a-gaza-ultime-notizie\/","og_site_name":"Pressenza","article_publisher":"https:\/\/www.facebook.com\/PressenzaItalia","article_published_time":"2023-12-19T15:25:09+00:00","article_modified_time":"2023-12-19T15:29:11+00:00","og_image":[{"width":2048,"height":1490,"url":"https:\/\/www.pressenza.com\/wp-content\/uploads\/2023\/12\/cessate-il-fuoco-AI.jpg","type":"image\/jpeg"}],"author":"ANBAMED","twitter_card":"summary_large_image","twitter_creator":"@PressenzaIPA","twitter_site":"@PressenzaIPA","twitter_misc":{"Scritto da":"ANBAMED","Tempo di lettura stimato":"3 minuti"},"schema":{"@context":"https:\/\/schema.org","@graph":[{"@type":"Article","@id":"https:\/\/www.pressenza.com\/it\/2023\/12\/genocidio-a-gaza-ultime-notizie\/#article","isPartOf":{"@id":"https:\/\/www.pressenza.com\/it\/2023\/12\/genocidio-a-gaza-ultime-notizie\/"},"author":{"name":"ANBAMED","@id":"https:\/\/www.pressenza.com\/it\/#\/schema\/person\/9f05db79ca2872d8e94cb459a93831e4"},"headline":"Genocidio a Gaza, ultime notizie","datePublished":"2023-12-19T15:25:09+00:00","dateModified":"2023-12-19T15:29:11+00:00","mainEntityOfPage":{"@id":"https:\/\/www.pressenza.com\/it\/2023\/12\/genocidio-a-gaza-ultime-notizie\/"},"wordCount":540,"publisher":{"@id":"https:\/\/www.pressenza.com\/it\/#organization"},"image":{"@id":"https:\/\/www.pressenza.com\/it\/2023\/12\/genocidio-a-gaza-ultime-notizie\/#primaryimage"},"thumbnailUrl":"https:\/\/www.pressenza.com\/wp-content\/uploads\/2023\/12\/cessate-il-fuoco-AI.jpg","keywords":["Gaza","genocidio","Israele","Organizzazione Mondiale della Sanit\u00e0","ospedali","Papa Francesco"],"articleSection":["Cronaca","Medio Oriente","Pace e Disarmo"],"inLanguage":"it-IT"},{"@type":"WebPage","@id":"https:\/\/www.pressenza.com\/it\/2023\/12\/genocidio-a-gaza-ultime-notizie\/","url":"https:\/\/www.pressenza.com\/it\/2023\/12\/genocidio-a-gaza-ultime-notizie\/","name":"Genocidio a Gaza, ultime notizie","isPartOf":{"@id":"https:\/\/www.pressenza.com\/it\/#website"},"primaryImageOfPage":{"@id":"https:\/\/www.pressenza.com\/it\/2023\/12\/genocidio-a-gaza-ultime-notizie\/#primaryimage"},"image":{"@id":"https:\/\/www.pressenza.com\/it\/2023\/12\/genocidio-a-gaza-ultime-notizie\/#primaryimage"},"thumbnailUrl":"https:\/\/www.pressenza.com\/wp-content\/uploads\/2023\/12\/cessate-il-fuoco-AI.jpg","datePublished":"2023-12-19T15:25:09+00:00","dateModified":"2023-12-19T15:29:11+00:00","description":"Morire di fame Un milione e 800 mila persone sono senza cibo e acqua. Le scorte delle organizzazioni umanitarie sono finite e i camion carichi di aiuti","breadcrumb":{"@id":"https:\/\/www.pressenza.com\/it\/2023\/12\/genocidio-a-gaza-ultime-notizie\/#breadcrumb"},"inLanguage":"it-IT","potentialAction":[{"@type":"ReadAction","target":["https:\/\/www.pressenza.com\/it\/2023\/12\/genocidio-a-gaza-ultime-notizie\/"]}]},{"@type":"ImageObject","inLanguage":"it-IT","@id":"https:\/\/www.pressenza.com\/it\/2023\/12\/genocidio-a-gaza-ultime-notizie\/#primaryimage","url":"https:\/\/www.pressenza.com\/wp-content\/uploads\/2023\/12\/cessate-il-fuoco-AI.jpg","contentUrl":"https:\/\/www.pressenza.com\/wp-content\/uploads\/2023\/12\/cessate-il-fuoco-AI.jpg","width":2048,"height":1490},{"@type":"BreadcrumbList","@id":"https:\/\/www.pressenza.com\/it\/2023\/12\/genocidio-a-gaza-ultime-notizie\/#breadcrumb","itemListElement":[{"@type":"ListItem","position":1,"name":"Accueil","item":"https:\/\/www.pressenza.com\/it\/"},{"@type":"ListItem","position":2,"name":"Genocidio a Gaza, ultime notizie"}]},{"@type":"WebSite","@id":"https:\/\/www.pressenza.com\/it\/#website","url":"https:\/\/www.pressenza.com\/it\/","name":"Pressenza","description":"Agenzia di Stampa Internazionale","publisher":{"@id":"https:\/\/www.pressenza.com\/it\/#organization"},"potentialAction":[{"@type":"SearchAction","target":{"@type":"EntryPoint","urlTemplate":"https:\/\/www.pressenza.com\/it\/?s={search_term_string}"},"query-input":{"@type":"PropertyValueSpecification","valueRequired":true,"valueName":"search_term_string"}}],"inLanguage":"it-IT"},{"@type":"Organization","@id":"https:\/\/www.pressenza.com\/it\/#organization","name":"Pressenza","url":"https:\/\/www.pressenza.com\/it\/","logo":{"@type":"ImageObject","inLanguage":"it-IT","@id":"https:\/\/www.pressenza.com\/it\/#\/schema\/logo\/image\/","url":"https:\/\/www.pressenza.com\/wp-content\/uploads\/2022\/10\/pressenza_logo_200x200.jpg","contentUrl":"https:\/\/www.pressenza.com\/wp-content\/uploads\/2022\/10\/pressenza_logo_200x200.jpg","width":200,"height":200,"caption":"Pressenza"},"image":{"@id":"https:\/\/www.pressenza.com\/it\/#\/schema\/logo\/image\/"},"sameAs":["https:\/\/www.facebook.com\/PressenzaItalia","https:\/\/x.com\/PressenzaIPA"]},{"@type":"Person","@id":"https:\/\/www.pressenza.com\/it\/#\/schema\/person\/9f05db79ca2872d8e94cb459a93831e4","name":"ANBAMED","description":"Notizie dal Sud Est del Mediterraneo","sameAs":["https:\/\/www.anbamed.it\/"],"url":"https:\/\/www.pressenza.com\/it\/author\/anbamed\/"}]}},"place":"","original_article_url":"","_links":{"self":[{"href":"https:\/\/www.pressenza.com\/it\/wp-json\/wp\/v2\/posts\/1788841","targetHints":{"allow":["GET"]}}],"collection":[{"href":"https:\/\/www.pressenza.com\/it\/wp-json\/wp\/v2\/posts"}],"about":[{"href":"https:\/\/www.pressenza.com\/it\/wp-json\/wp\/v2\/types\/post"}],"author":[{"embeddable":true,"href":"https:\/\/www.pressenza.com\/it\/wp-json\/wp\/v2\/users\/2080"}],"replies":[{"embeddable":true,"href":"https:\/\/www.pressenza.com\/it\/wp-json\/wp\/v2\/comments?post=1788841"}],"version-history":[{"count":0,"href":"https:\/\/www.pressenza.com\/it\/wp-json\/wp\/v2\/posts\/1788841\/revisions"}],"wp:featuredmedia":[{"embeddable":true,"href":"https:\/\/www.pressenza.com\/it\/wp-json\/wp\/v2\/media\/1788842"}],"wp:attachment":[{"href":"https:\/\/www.pressenza.com\/it\/wp-json\/wp\/v2\/media?parent=1788841"}],"wp:term":[{"taxonomy":"category","embeddable":true,"href":"https:\/\/www.pressenza.com\/it\/wp-json\/wp\/v2\/categories?post=1788841"},{"taxonomy":"post_tag","embeddable":true,"href":"https:\/\/www.pressenza.com\/it\/wp-json\/wp\/v2\/tags?post=1788841"}],"curies":[{"name":"wp","href":"https:\/\/api.w.org\/{rel}","templated":true}]}}