{"id":1788099,"date":"2023-12-15T12:47:10","date_gmt":"2023-12-15T12:47:10","guid":{"rendered":"https:\/\/www.pressenza.com\/?p=1788099"},"modified":"2023-12-15T12:47:10","modified_gmt":"2023-12-15T12:47:10","slug":"bolivia-allerta-arancione-per-la-febbre-gialla-a-nord-di-la-paz","status":"publish","type":"post","link":"https:\/\/www.pressenza.com\/it\/2023\/12\/bolivia-allerta-arancione-per-la-febbre-gialla-a-nord-di-la-paz\/","title":{"rendered":"Bolivia: allerta arancione per la febbre gialla a nord di La Paz"},"content":{"rendered":"<p>Il\u00a0Servizio sanitario dipartimentale (Sedes) di La Paz ha deciso l&#8217;attivazione dell&#8217;allerta arancione dopo aver registrato un aumento considerevole dei casi dovuti da febbre gialla (<em>dengue<\/em>). In Bolivia l&#8217;emergenza sanitaria da Covid-19 \u00e8 terminata solo alla fine di luglio 2023 e <a href=\"https:\/\/www.blogger.com\/u\/0\/\">l&#8217;attenzione delle autorit\u00e0 mediche sta tornando a farsi presente a causa della febbre gialla<\/a>.<\/p>\n<p>Il comunicato del Sedes riporta come sia confermato un sostanziale aumento dei casi rispetto allo scorso anno: 1.511 confermati di cui 396 sono stati attenzionati dalle autorit\u00e0 come &#8220;allarmanti&#8221;. Al momento della diffusione del comunicato stampa (14 dicembre 2023) si registrano 5 persone morte.<\/p>\n<p>Le zone pi\u00f9 colpite sono quelle a nord della citt\u00e0: \u00abl&#8217;allerta arancione &#8211; ha dichiarato Gabriela Mamani, responsabile del Sedes di La Paz &#8211; \u00e8 stato attivato in modo che la situazione possa essere monitorata capillarmente, intensificando la sorveglianza della curva epidemiologica\u00bb.<\/p>\n<p>Caranavi, Tipuani e Palos Blancos sono le municipalit\u00e0 che hanno registrato pi\u00f9 casi. C&#8217;\u00e8 da dire che l&#8217;allarme non tocca la citt\u00e0 in s\u00e9: spesso le zone rurali distantissime dalla capitale, che siano in piena <em>yunga<\/em> o nei villaggi a 5.200 metri di altitudine, rientrano nella sfera di amministrazione e giurisdizione pacena, <a href=\"https:\/\/www.blogger.com\/u\/0\/\">come per Viloco e Cairoma<\/a>.<\/p>\n<p>Le autorit\u00e0 sanitarie tengono a specificare che l&#8217;allerta non \u00e8 frutto di allarmismo: \u00abi dati che arrivano da Caranavi [e dalle zone citate] sono insoliti non tanto per l&#8217;aumento dei contagi nelle ultime settimane, ma perch\u00e9 la malattia \u00e8 stata riscontrata in luoghi dove prima non si manifestava\u00bb.<\/p>\n<p>&nbsp;<\/p>\n","protected":false},"excerpt":{"rendered":"<p>Il\u00a0Servizio sanitario dipartimentale (Sedes) di La Paz ha deciso l&#8217;attivazione dell&#8217;allerta arancione dopo aver registrato un aumento considerevole dei casi dovuti da febbre gialla (dengue). In Bolivia l&#8217;emergenza sanitaria da Covid-19 \u00e8 terminata solo alla fine di luglio 2023 e&hellip;<\/p>\n","protected":false},"author":1456,"featured_media":1788101,"comment_status":"closed","ping_status":"closed","sticky":false,"template":"","format":"standard","meta":{"footnotes":""},"categories":[11388,107392,1259,48],"tags":[3001,115713],"class_list":["post-1788099","post","type-post","status-publish","format-standard","has-post-thumbnail","hentry","category-contenuti-originali","category-noticia-it","category-salute-argomento","category-sud-america","tag-bolivia-it","tag-dengue-it"],"yoast_head":"<!-- This site is optimized with the Yoast SEO plugin v27.1.1 - https:\/\/yoast.com\/product\/yoast-seo-wordpress\/ -->\n<title>Bolivia: allerta arancione per la febbre gialla a nord di La Paz<\/title>\n<meta name=\"description\" content=\"Il\u00a0Servizio sanitario dipartimentale (Sedes) di La Paz ha deciso l&#039;attivazione dell&#039;allerta arancione dopo aver registrato un aumento considerevole dei\" \/>\n<meta name=\"robots\" content=\"index, follow, max-snippet:-1, max-image-preview:large, max-video-preview:-1\" \/>\n<link rel=\"canonical\" href=\"https:\/\/www.pressenza.com\/it\/2023\/12\/bolivia-allerta-arancione-per-la-febbre-gialla-a-nord-di-la-paz\/\" \/>\n<meta property=\"og:locale\" content=\"it_IT\" \/>\n<meta property=\"og:type\" content=\"article\" \/>\n<meta property=\"og:title\" content=\"Bolivia: allerta arancione per la febbre gialla a nord di La Paz\" \/>\n<meta property=\"og:description\" content=\"Il\u00a0Servizio sanitario dipartimentale (Sedes) di La Paz ha deciso l&#039;attivazione dell&#039;allerta arancione dopo aver registrato un aumento considerevole dei\" \/>\n<meta property=\"og:url\" content=\"https:\/\/www.pressenza.com\/it\/2023\/12\/bolivia-allerta-arancione-per-la-febbre-gialla-a-nord-di-la-paz\/\" \/>\n<meta property=\"og:site_name\" content=\"Pressenza\" \/>\n<meta property=\"article:publisher\" content=\"https:\/\/www.facebook.com\/PressenzaItalia\" \/>\n<meta property=\"article:published_time\" content=\"2023-12-15T12:47:10+00:00\" \/>\n<meta property=\"og:image\" content=\"https:\/\/www.pressenza.com\/wp-content\/uploads\/2023\/12\/Bolivia-Marco-Piccinelli.jpg\" \/>\n\t<meta property=\"og:image:width\" content=\"850\" \/>\n\t<meta property=\"og:image:height\" content=\"566\" \/>\n\t<meta property=\"og:image:type\" content=\"image\/jpeg\" \/>\n<meta name=\"author\" content=\"Marco Piccinelli\" \/>\n<meta name=\"twitter:card\" content=\"summary_large_image\" \/>\n<meta name=\"twitter:creator\" content=\"@PressenzaIPA\" \/>\n<meta name=\"twitter:site\" content=\"@PressenzaIPA\" \/>\n<meta name=\"twitter:label1\" content=\"Scritto da\" \/>\n\t<meta name=\"twitter:data1\" content=\"Marco Piccinelli\" \/>\n\t<meta name=\"twitter:label2\" content=\"Tempo di lettura stimato\" \/>\n\t<meta name=\"twitter:data2\" content=\"2 minuti\" \/>\n<script type=\"application\/ld+json\" class=\"yoast-schema-graph\">{\"@context\":\"https:\/\/schema.org\",\"@graph\":[{\"@type\":\"Article\",\"@id\":\"https:\/\/www.pressenza.com\/it\/2023\/12\/bolivia-allerta-arancione-per-la-febbre-gialla-a-nord-di-la-paz\/#article\",\"isPartOf\":{\"@id\":\"https:\/\/www.pressenza.com\/it\/2023\/12\/bolivia-allerta-arancione-per-la-febbre-gialla-a-nord-di-la-paz\/\"},\"author\":{\"name\":\"Marco Piccinelli\",\"@id\":\"https:\/\/www.pressenza.com\/it\/#\/schema\/person\/e7b9348384b4a58e20fa11262a749506\"},\"headline\":\"Bolivia: allerta arancione per la febbre gialla a nord di La Paz\",\"datePublished\":\"2023-12-15T12:47:10+00:00\",\"mainEntityOfPage\":{\"@id\":\"https:\/\/www.pressenza.com\/it\/2023\/12\/bolivia-allerta-arancione-per-la-febbre-gialla-a-nord-di-la-paz\/\"},\"wordCount\":256,\"publisher\":{\"@id\":\"https:\/\/www.pressenza.com\/it\/#organization\"},\"image\":{\"@id\":\"https:\/\/www.pressenza.com\/it\/2023\/12\/bolivia-allerta-arancione-per-la-febbre-gialla-a-nord-di-la-paz\/#primaryimage\"},\"thumbnailUrl\":\"https:\/\/www.pressenza.com\/wp-content\/uploads\/2023\/12\/Bolivia-Marco-Piccinelli.jpg\",\"keywords\":[\"Bolivia\",\"Dengue\"],\"articleSection\":[\"contenuti originali\",\"Cronaca\",\"Salute\",\"Sud America\"],\"inLanguage\":\"it-IT\"},{\"@type\":\"WebPage\",\"@id\":\"https:\/\/www.pressenza.com\/it\/2023\/12\/bolivia-allerta-arancione-per-la-febbre-gialla-a-nord-di-la-paz\/\",\"url\":\"https:\/\/www.pressenza.com\/it\/2023\/12\/bolivia-allerta-arancione-per-la-febbre-gialla-a-nord-di-la-paz\/\",\"name\":\"Bolivia: allerta arancione per la febbre gialla a nord di La Paz\",\"isPartOf\":{\"@id\":\"https:\/\/www.pressenza.com\/it\/#website\"},\"primaryImageOfPage\":{\"@id\":\"https:\/\/www.pressenza.com\/it\/2023\/12\/bolivia-allerta-arancione-per-la-febbre-gialla-a-nord-di-la-paz\/#primaryimage\"},\"image\":{\"@id\":\"https:\/\/www.pressenza.com\/it\/2023\/12\/bolivia-allerta-arancione-per-la-febbre-gialla-a-nord-di-la-paz\/#primaryimage\"},\"thumbnailUrl\":\"https:\/\/www.pressenza.com\/wp-content\/uploads\/2023\/12\/Bolivia-Marco-Piccinelli.jpg\",\"datePublished\":\"2023-12-15T12:47:10+00:00\",\"description\":\"Il\u00a0Servizio sanitario dipartimentale (Sedes) di La Paz ha deciso l'attivazione dell'allerta arancione dopo aver registrato un aumento considerevole dei\",\"breadcrumb\":{\"@id\":\"https:\/\/www.pressenza.com\/it\/2023\/12\/bolivia-allerta-arancione-per-la-febbre-gialla-a-nord-di-la-paz\/#breadcrumb\"},\"inLanguage\":\"it-IT\",\"potentialAction\":[{\"@type\":\"ReadAction\",\"target\":[\"https:\/\/www.pressenza.com\/it\/2023\/12\/bolivia-allerta-arancione-per-la-febbre-gialla-a-nord-di-la-paz\/\"]}]},{\"@type\":\"ImageObject\",\"inLanguage\":\"it-IT\",\"@id\":\"https:\/\/www.pressenza.com\/it\/2023\/12\/bolivia-allerta-arancione-per-la-febbre-gialla-a-nord-di-la-paz\/#primaryimage\",\"url\":\"https:\/\/www.pressenza.com\/wp-content\/uploads\/2023\/12\/Bolivia-Marco-Piccinelli.jpg\",\"contentUrl\":\"https:\/\/www.pressenza.com\/wp-content\/uploads\/2023\/12\/Bolivia-Marco-Piccinelli.jpg\",\"width\":850,\"height\":566},{\"@type\":\"BreadcrumbList\",\"@id\":\"https:\/\/www.pressenza.com\/it\/2023\/12\/bolivia-allerta-arancione-per-la-febbre-gialla-a-nord-di-la-paz\/#breadcrumb\",\"itemListElement\":[{\"@type\":\"ListItem\",\"position\":1,\"name\":\"Accueil\",\"item\":\"https:\/\/www.pressenza.com\/it\/\"},{\"@type\":\"ListItem\",\"position\":2,\"name\":\"Bolivia: allerta arancione per la febbre gialla a nord di La Paz\"}]},{\"@type\":\"WebSite\",\"@id\":\"https:\/\/www.pressenza.com\/it\/#website\",\"url\":\"https:\/\/www.pressenza.com\/it\/\",\"name\":\"Pressenza\",\"description\":\"Agenzia di Stampa Internazionale\",\"publisher\":{\"@id\":\"https:\/\/www.pressenza.com\/it\/#organization\"},\"potentialAction\":[{\"@type\":\"SearchAction\",\"target\":{\"@type\":\"EntryPoint\",\"urlTemplate\":\"https:\/\/www.pressenza.com\/it\/?s={search_term_string}\"},\"query-input\":{\"@type\":\"PropertyValueSpecification\",\"valueRequired\":true,\"valueName\":\"search_term_string\"}}],\"inLanguage\":\"it-IT\"},{\"@type\":\"Organization\",\"@id\":\"https:\/\/www.pressenza.com\/it\/#organization\",\"name\":\"Pressenza\",\"url\":\"https:\/\/www.pressenza.com\/it\/\",\"logo\":{\"@type\":\"ImageObject\",\"inLanguage\":\"it-IT\",\"@id\":\"https:\/\/www.pressenza.com\/it\/#\/schema\/logo\/image\/\",\"url\":\"https:\/\/www.pressenza.com\/wp-content\/uploads\/2022\/10\/pressenza_logo_200x200.jpg\",\"contentUrl\":\"https:\/\/www.pressenza.com\/wp-content\/uploads\/2022\/10\/pressenza_logo_200x200.jpg\",\"width\":200,\"height\":200,\"caption\":\"Pressenza\"},\"image\":{\"@id\":\"https:\/\/www.pressenza.com\/it\/#\/schema\/logo\/image\/\"},\"sameAs\":[\"https:\/\/www.facebook.com\/PressenzaItalia\",\"https:\/\/x.com\/PressenzaIPA\"]},{\"@type\":\"Person\",\"@id\":\"https:\/\/www.pressenza.com\/it\/#\/schema\/person\/e7b9348384b4a58e20fa11262a749506\",\"name\":\"Marco Piccinelli\",\"description\":\"Insegnante di lettere alla scuola secondaria di secondo grado e giornalista. Ho scritto con Fabio Belli per Rogas Edizioni edizioni: \\\"Calcio e Martello. Storie e uomini del calcio socialista\\\", \\\"La Repubblica nel pallone\\\", \\\"C\u2019eravamo tanto a(r)mati\\\" e \\\"La pi\u00f9 forte - The Strongest e altre storie del calcio in Bolivia\\\". Sognatore, nicchista e felice di esserlo.\",\"url\":\"https:\/\/www.pressenza.com\/it\/author\/marco-piccinelli\/\"}]}<\/script>\n<!-- \/ Yoast SEO plugin. -->","yoast_head_json":{"title":"Bolivia: allerta arancione per la febbre gialla a nord di La Paz","description":"Il\u00a0Servizio sanitario dipartimentale (Sedes) di La Paz ha deciso l'attivazione dell'allerta arancione dopo aver registrato un aumento considerevole dei","robots":{"index":"index","follow":"follow","max-snippet":"max-snippet:-1","max-image-preview":"max-image-preview:large","max-video-preview":"max-video-preview:-1"},"canonical":"https:\/\/www.pressenza.com\/it\/2023\/12\/bolivia-allerta-arancione-per-la-febbre-gialla-a-nord-di-la-paz\/","og_locale":"it_IT","og_type":"article","og_title":"Bolivia: allerta arancione per la febbre gialla a nord di La Paz","og_description":"Il\u00a0Servizio sanitario dipartimentale (Sedes) di La Paz ha deciso l'attivazione dell'allerta arancione dopo aver registrato un aumento considerevole dei","og_url":"https:\/\/www.pressenza.com\/it\/2023\/12\/bolivia-allerta-arancione-per-la-febbre-gialla-a-nord-di-la-paz\/","og_site_name":"Pressenza","article_publisher":"https:\/\/www.facebook.com\/PressenzaItalia","article_published_time":"2023-12-15T12:47:10+00:00","og_image":[{"width":850,"height":566,"url":"https:\/\/www.pressenza.com\/wp-content\/uploads\/2023\/12\/Bolivia-Marco-Piccinelli.jpg","type":"image\/jpeg"}],"author":"Marco Piccinelli","twitter_card":"summary_large_image","twitter_creator":"@PressenzaIPA","twitter_site":"@PressenzaIPA","twitter_misc":{"Scritto da":"Marco Piccinelli","Tempo di lettura stimato":"2 minuti"},"schema":{"@context":"https:\/\/schema.org","@graph":[{"@type":"Article","@id":"https:\/\/www.pressenza.com\/it\/2023\/12\/bolivia-allerta-arancione-per-la-febbre-gialla-a-nord-di-la-paz\/#article","isPartOf":{"@id":"https:\/\/www.pressenza.com\/it\/2023\/12\/bolivia-allerta-arancione-per-la-febbre-gialla-a-nord-di-la-paz\/"},"author":{"name":"Marco Piccinelli","@id":"https:\/\/www.pressenza.com\/it\/#\/schema\/person\/e7b9348384b4a58e20fa11262a749506"},"headline":"Bolivia: allerta arancione per la febbre gialla a nord di La Paz","datePublished":"2023-12-15T12:47:10+00:00","mainEntityOfPage":{"@id":"https:\/\/www.pressenza.com\/it\/2023\/12\/bolivia-allerta-arancione-per-la-febbre-gialla-a-nord-di-la-paz\/"},"wordCount":256,"publisher":{"@id":"https:\/\/www.pressenza.com\/it\/#organization"},"image":{"@id":"https:\/\/www.pressenza.com\/it\/2023\/12\/bolivia-allerta-arancione-per-la-febbre-gialla-a-nord-di-la-paz\/#primaryimage"},"thumbnailUrl":"https:\/\/www.pressenza.com\/wp-content\/uploads\/2023\/12\/Bolivia-Marco-Piccinelli.jpg","keywords":["Bolivia","Dengue"],"articleSection":["contenuti originali","Cronaca","Salute","Sud America"],"inLanguage":"it-IT"},{"@type":"WebPage","@id":"https:\/\/www.pressenza.com\/it\/2023\/12\/bolivia-allerta-arancione-per-la-febbre-gialla-a-nord-di-la-paz\/","url":"https:\/\/www.pressenza.com\/it\/2023\/12\/bolivia-allerta-arancione-per-la-febbre-gialla-a-nord-di-la-paz\/","name":"Bolivia: allerta arancione per la febbre gialla a nord di La Paz","isPartOf":{"@id":"https:\/\/www.pressenza.com\/it\/#website"},"primaryImageOfPage":{"@id":"https:\/\/www.pressenza.com\/it\/2023\/12\/bolivia-allerta-arancione-per-la-febbre-gialla-a-nord-di-la-paz\/#primaryimage"},"image":{"@id":"https:\/\/www.pressenza.com\/it\/2023\/12\/bolivia-allerta-arancione-per-la-febbre-gialla-a-nord-di-la-paz\/#primaryimage"},"thumbnailUrl":"https:\/\/www.pressenza.com\/wp-content\/uploads\/2023\/12\/Bolivia-Marco-Piccinelli.jpg","datePublished":"2023-12-15T12:47:10+00:00","description":"Il\u00a0Servizio sanitario dipartimentale (Sedes) di La Paz ha deciso l'attivazione dell'allerta arancione dopo aver registrato un aumento considerevole dei","breadcrumb":{"@id":"https:\/\/www.pressenza.com\/it\/2023\/12\/bolivia-allerta-arancione-per-la-febbre-gialla-a-nord-di-la-paz\/#breadcrumb"},"inLanguage":"it-IT","potentialAction":[{"@type":"ReadAction","target":["https:\/\/www.pressenza.com\/it\/2023\/12\/bolivia-allerta-arancione-per-la-febbre-gialla-a-nord-di-la-paz\/"]}]},{"@type":"ImageObject","inLanguage":"it-IT","@id":"https:\/\/www.pressenza.com\/it\/2023\/12\/bolivia-allerta-arancione-per-la-febbre-gialla-a-nord-di-la-paz\/#primaryimage","url":"https:\/\/www.pressenza.com\/wp-content\/uploads\/2023\/12\/Bolivia-Marco-Piccinelli.jpg","contentUrl":"https:\/\/www.pressenza.com\/wp-content\/uploads\/2023\/12\/Bolivia-Marco-Piccinelli.jpg","width":850,"height":566},{"@type":"BreadcrumbList","@id":"https:\/\/www.pressenza.com\/it\/2023\/12\/bolivia-allerta-arancione-per-la-febbre-gialla-a-nord-di-la-paz\/#breadcrumb","itemListElement":[{"@type":"ListItem","position":1,"name":"Accueil","item":"https:\/\/www.pressenza.com\/it\/"},{"@type":"ListItem","position":2,"name":"Bolivia: allerta arancione per la febbre gialla a nord di La Paz"}]},{"@type":"WebSite","@id":"https:\/\/www.pressenza.com\/it\/#website","url":"https:\/\/www.pressenza.com\/it\/","name":"Pressenza","description":"Agenzia di Stampa Internazionale","publisher":{"@id":"https:\/\/www.pressenza.com\/it\/#organization"},"potentialAction":[{"@type":"SearchAction","target":{"@type":"EntryPoint","urlTemplate":"https:\/\/www.pressenza.com\/it\/?s={search_term_string}"},"query-input":{"@type":"PropertyValueSpecification","valueRequired":true,"valueName":"search_term_string"}}],"inLanguage":"it-IT"},{"@type":"Organization","@id":"https:\/\/www.pressenza.com\/it\/#organization","name":"Pressenza","url":"https:\/\/www.pressenza.com\/it\/","logo":{"@type":"ImageObject","inLanguage":"it-IT","@id":"https:\/\/www.pressenza.com\/it\/#\/schema\/logo\/image\/","url":"https:\/\/www.pressenza.com\/wp-content\/uploads\/2022\/10\/pressenza_logo_200x200.jpg","contentUrl":"https:\/\/www.pressenza.com\/wp-content\/uploads\/2022\/10\/pressenza_logo_200x200.jpg","width":200,"height":200,"caption":"Pressenza"},"image":{"@id":"https:\/\/www.pressenza.com\/it\/#\/schema\/logo\/image\/"},"sameAs":["https:\/\/www.facebook.com\/PressenzaItalia","https:\/\/x.com\/PressenzaIPA"]},{"@type":"Person","@id":"https:\/\/www.pressenza.com\/it\/#\/schema\/person\/e7b9348384b4a58e20fa11262a749506","name":"Marco Piccinelli","description":"Insegnante di lettere alla scuola secondaria di secondo grado e giornalista. Ho scritto con Fabio Belli per Rogas Edizioni edizioni: \"Calcio e Martello. Storie e uomini del calcio socialista\", \"La Repubblica nel pallone\", \"C\u2019eravamo tanto a(r)mati\" e \"La pi\u00f9 forte - The Strongest e altre storie del calcio in Bolivia\". Sognatore, nicchista e felice di esserlo.","url":"https:\/\/www.pressenza.com\/it\/author\/marco-piccinelli\/"}]}},"place":"","original_article_url":"","_links":{"self":[{"href":"https:\/\/www.pressenza.com\/it\/wp-json\/wp\/v2\/posts\/1788099","targetHints":{"allow":["GET"]}}],"collection":[{"href":"https:\/\/www.pressenza.com\/it\/wp-json\/wp\/v2\/posts"}],"about":[{"href":"https:\/\/www.pressenza.com\/it\/wp-json\/wp\/v2\/types\/post"}],"author":[{"embeddable":true,"href":"https:\/\/www.pressenza.com\/it\/wp-json\/wp\/v2\/users\/1456"}],"replies":[{"embeddable":true,"href":"https:\/\/www.pressenza.com\/it\/wp-json\/wp\/v2\/comments?post=1788099"}],"version-history":[{"count":0,"href":"https:\/\/www.pressenza.com\/it\/wp-json\/wp\/v2\/posts\/1788099\/revisions"}],"wp:featuredmedia":[{"embeddable":true,"href":"https:\/\/www.pressenza.com\/it\/wp-json\/wp\/v2\/media\/1788101"}],"wp:attachment":[{"href":"https:\/\/www.pressenza.com\/it\/wp-json\/wp\/v2\/media?parent=1788099"}],"wp:term":[{"taxonomy":"category","embeddable":true,"href":"https:\/\/www.pressenza.com\/it\/wp-json\/wp\/v2\/categories?post=1788099"},{"taxonomy":"post_tag","embeddable":true,"href":"https:\/\/www.pressenza.com\/it\/wp-json\/wp\/v2\/tags?post=1788099"}],"curies":[{"name":"wp","href":"https:\/\/api.w.org\/{rel}","templated":true}]}}