{"id":1787969,"date":"2023-12-14T20:12:47","date_gmt":"2023-12-14T20:12:47","guid":{"rendered":"https:\/\/www.pressenza.com\/?p=1787969"},"modified":"2023-12-14T20:17:48","modified_gmt":"2023-12-14T20:17:48","slug":"convegno-a-napoli-su-mario-borrelli-ma-borrelli-non-e-un-santino","status":"publish","type":"post","link":"https:\/\/www.pressenza.com\/it\/2023\/12\/convegno-a-napoli-su-mario-borrelli-ma-borrelli-non-e-un-santino\/","title":{"rendered":"Convegno a Napoli su Mario Borrelli, ma Borrelli non \u00e8 un santino&#8230;"},"content":{"rendered":"<div class=\"item-view-title-cnt\" style=\"text-align: center;\"><strong><i>\u00abIo non ho mai capito, in che senso qui, il Regno di Dio potesse essere incarnato nella vita pubblica, in una cosca di gruppi di interesse umani che usassero Dio come bandiera e come tovaglia alla loro mensa quotidiana. In che senso un boss elettorale, attraverso la sua rete clientelare-mafiosa, portasse Dio ai napoletani e li rendesse pi\u00f9 onesti, migliori e esempi di vita cristiana. Quando ho capito che la Chiesa, qui, sentiva il messaggio in un modo troppo metaforico e restava lontana e assente dai poveri, io mi sono sentito truffato nella mia vocazione. Sentivo di esser diventato un prigioniero, una rotella di un meccanismo che tendeva a salvare e perpetuare se stessa anzich\u00e9 salvare e aiutare gli altri.\u00bb<\/i><\/strong><\/div>\n<div class=\"item-view-title-cnt\" style=\"text-align: right;\"><i>MARIO BORRELLI (1970)<\/i><\/div>\n<div title=\"CONVEGNO A NAPOLI SU MARIO BORRELLI\" role=\"subject\">\n<p class=\"xmprfx_MsoNormal\">Non c\u2019\u00e8 dubbio che la lunga e appassionante vicenda di <b>Mario Borrelli<\/b> (sacerdote dell\u2019ordine degli <i>Oratoriani<\/i> ma anche \u2018prete-scugnizzo\u2019 di strada; esperto di codici e libri antichi ma anche sociologo e amministratore sociale; fondatore e gestore di un\u2019innovativa realt\u00e0 per i minori e per la loro comunit\u00e0 ma anche ricercatore per la pace\u2026) abbia segnato profondamente il panorama dell\u2019intervento sociale di base a Napoli.<\/p>\n<p class=\"xmprfx_MsoNormal\">Peccato per\u00f2 che la sua voce profetica ed alternativa, gi\u00e0 quando era in vita, si sia rivelata troppo scomoda per essere raccolta e sia risuonata pi\u00f9 facilmente in Australia e negli Stati Uniti, nel Regno Unito ed in Olanda.<\/p>\n<p class=\"xmprfx_MsoNormal\">Peccato che il celebre scrittore <b>Morris West<\/b> \u2013 autore del libro \u201c<i>Children of the Sun<\/i>\u201d sull\u2019incredibile esperienza di Borrelli tra gli scugnizzi napolitani \u2013 sia stato tradotto in italiano da <b>Salvatore Di Maio<\/b> soltanto nel 2019.<\/p>\n<p class=\"xmprfx_MsoNormal\">Peccato che, dal 2007 (anno della sua morte ad Oxford) siano stati davvero pochi gli studiosi e i giornalisti che abbiano analizzato, ricordato e valorizzato il pensiero e l\u2019azione sociale di Borrelli, per non parlare poi di una classe dirigente del tutto assente e silente.<\/p>\n<p class=\"xmprfx_MsoNormal\">Ma, dopo l\u2019assordante silenzio istituzionale nei 16 anni successivi alla sua scomparsa, ecco la notizia del ricordo di quel pur imbarazzante \u2018Don Vesuvio\u2019, con un convegno tripartito (<b><i>UniNa, UniSOB, FOCS<\/i>)<\/b>, col quale si rende finalmente un doveroso omaggio alla sua eccezionale e variegata esperienza.<\/p>\n<p class=\"xmprfx_MsoNormal\">\u00a0Nei 10 anni che ho trascorso al suo fianco &#8211; prima come obiettore in servizio civile e poi come operatore socio-culturale nel Centro comunitario della storica <b><i>Casa dello Scugnizzo<\/i><\/b> &#8211; ho potuto apprezzarne la profonda cultura, ma anche la profetica visione sociale e la grande umanit\u00e0. Anche negli 8 successivi anni di presidenza della <b><i>Fondazione Casa dello Scugnizzo<\/i><\/b> ho cercato di mettere a frutto i suoi insegnamenti e di proseguire nella logica comunitaria, autogestita e nonviolenta che lo aveva caratterizzato.<\/p>\n<p class=\"xmprfx_MsoNormal\">Sorprende per\u00f2 che, in questa circostanza, a parlare di Borrelli e della sua visione pedagogico-sociale siano stati convocati quasi solo docenti universitari (perfino da Anversa e Rio de Janeiro), ignorando il contributo degli operatori ed educatori locali che pur hanno vissuto ed animato quella straordinaria stagione d\u2019impegno socio-educativo <i>dal basso<\/i> e assai poco <i>accademico<\/i>.<\/p>\n<p class=\"xmprfx_MsoNormal\">Infine, la massiccia presenza tra i relatori di esponenti della pedagogia cattolica (<b><i>Associazione Italiana Maestri Cattolici &#8211; World Union of Catholic Teachers, Unione Mondiale Insegnanti Cattolici, Universit\u00e0 Cattolica del Sacro Cuore.<\/i><\/b>..), lascerebbe trasparire l&#8217;intenzione di collocare Mario Borrelli in quell&#8217;orbita ideologica, col rischio di falsarne o comunque edulcorarne la radicalit\u00e0 del messaggio.<\/p>\n<\/div>\n","protected":false},"excerpt":{"rendered":"<p>\u00abIo non ho mai capito, in che senso qui, il Regno di Dio potesse essere incarnato nella vita pubblica, in una cosca di gruppi di interesse umani che usassero Dio come bandiera e come tovaglia alla loro mensa quotidiana. In&hellip;<\/p>\n","protected":false},"author":2280,"featured_media":1787971,"comment_status":"closed","ping_status":"closed","sticky":false,"template":"","format":"standard","meta":{"footnotes":""},"categories":[11388,47,1262],"tags":[1800,118599,5149],"class_list":["post-1787969","post","type-post","status-publish","format-standard","has-post-thumbnail","hentry","category-contenuti-originali","category-europa","category-nonviolenza-argomento","tag-convegno","tag-mario-borrelli","tag-napoli"],"yoast_head":"<!-- This site is optimized with the Yoast SEO plugin v27.1.1 - https:\/\/yoast.com\/product\/yoast-seo-wordpress\/ -->\n<title>Convegno a Napoli su Mario Borrelli, ma Borrelli non \u00e8 un santino...<\/title>\n<meta name=\"description\" content=\"Non c\u2019\u00e8 dubbio che la lunga e appassionante vicenda di Mario Borrelli abbia segnato profondamente il panorama dell\u2019intervento sociale di base a Napoli. Peccato per\u00f2 che la sua voce profetica ed alternativa si sia rivelata troppo scomoda per essere raccolta\" \/>\n<meta name=\"robots\" content=\"index, follow, max-snippet:-1, max-image-preview:large, max-video-preview:-1\" \/>\n<link rel=\"canonical\" href=\"https:\/\/www.pressenza.com\/it\/2023\/12\/convegno-a-napoli-su-mario-borrelli-ma-borrelli-non-e-un-santino\/\" \/>\n<meta property=\"og:locale\" content=\"it_IT\" \/>\n<meta property=\"og:type\" content=\"article\" \/>\n<meta property=\"og:title\" content=\"Convegno a Napoli su Mario Borrelli, ma Borrelli non \u00e8 un santino...\" \/>\n<meta property=\"og:description\" content=\"Non c\u2019\u00e8 dubbio che la lunga e appassionante vicenda di Mario Borrelli abbia segnato profondamente il panorama dell\u2019intervento sociale di base a Napoli. Peccato per\u00f2 che la sua voce profetica ed alternativa si sia rivelata troppo scomoda per essere raccolta\" \/>\n<meta property=\"og:url\" content=\"https:\/\/www.pressenza.com\/it\/2023\/12\/convegno-a-napoli-su-mario-borrelli-ma-borrelli-non-e-un-santino\/\" \/>\n<meta property=\"og:site_name\" content=\"Pressenza\" \/>\n<meta property=\"article:publisher\" content=\"https:\/\/www.facebook.com\/PressenzaItalia\" \/>\n<meta property=\"article:published_time\" content=\"2023-12-14T20:12:47+00:00\" \/>\n<meta property=\"article:modified_time\" content=\"2023-12-14T20:17:48+00:00\" \/>\n<meta property=\"og:image\" content=\"https:\/\/www.pressenza.com\/wp-content\/uploads\/2023\/12\/Mario_Borrelli_1965.jpg\" \/>\n\t<meta property=\"og:image:width\" content=\"789\" \/>\n\t<meta property=\"og:image:height\" content=\"713\" \/>\n\t<meta property=\"og:image:type\" content=\"image\/jpeg\" \/>\n<meta name=\"author\" content=\"Ermete Ferraro\" \/>\n<meta name=\"twitter:card\" content=\"summary_large_image\" \/>\n<meta name=\"twitter:creator\" content=\"@PressenzaIPA\" \/>\n<meta name=\"twitter:site\" content=\"@PressenzaIPA\" \/>\n<meta name=\"twitter:label1\" content=\"Scritto da\" \/>\n\t<meta name=\"twitter:data1\" content=\"Ermete Ferraro\" \/>\n\t<meta name=\"twitter:label2\" content=\"Tempo di lettura stimato\" \/>\n\t<meta name=\"twitter:data2\" content=\"3 minuti\" \/>\n<script type=\"application\/ld+json\" class=\"yoast-schema-graph\">{\"@context\":\"https:\/\/schema.org\",\"@graph\":[{\"@type\":\"Article\",\"@id\":\"https:\/\/www.pressenza.com\/it\/2023\/12\/convegno-a-napoli-su-mario-borrelli-ma-borrelli-non-e-un-santino\/#article\",\"isPartOf\":{\"@id\":\"https:\/\/www.pressenza.com\/it\/2023\/12\/convegno-a-napoli-su-mario-borrelli-ma-borrelli-non-e-un-santino\/\"},\"author\":{\"name\":\"Ermete Ferraro\",\"@id\":\"https:\/\/www.pressenza.com\/it\/#\/schema\/person\/bb9c2256e295522f45259c399a64b418\"},\"headline\":\"Convegno a Napoli su Mario Borrelli, ma Borrelli non \u00e8 un santino&#8230;\",\"datePublished\":\"2023-12-14T20:12:47+00:00\",\"dateModified\":\"2023-12-14T20:17:48+00:00\",\"mainEntityOfPage\":{\"@id\":\"https:\/\/www.pressenza.com\/it\/2023\/12\/convegno-a-napoli-su-mario-borrelli-ma-borrelli-non-e-un-santino\/\"},\"wordCount\":549,\"publisher\":{\"@id\":\"https:\/\/www.pressenza.com\/it\/#organization\"},\"image\":{\"@id\":\"https:\/\/www.pressenza.com\/it\/2023\/12\/convegno-a-napoli-su-mario-borrelli-ma-borrelli-non-e-un-santino\/#primaryimage\"},\"thumbnailUrl\":\"https:\/\/www.pressenza.com\/wp-content\/uploads\/2023\/12\/Mario_Borrelli_1965.jpg\",\"keywords\":[\"convegno\",\"Mario Borrelli\",\"Napoli\"],\"articleSection\":[\"contenuti originali\",\"Europa\",\"Nonviolenza\"],\"inLanguage\":\"it-IT\"},{\"@type\":\"WebPage\",\"@id\":\"https:\/\/www.pressenza.com\/it\/2023\/12\/convegno-a-napoli-su-mario-borrelli-ma-borrelli-non-e-un-santino\/\",\"url\":\"https:\/\/www.pressenza.com\/it\/2023\/12\/convegno-a-napoli-su-mario-borrelli-ma-borrelli-non-e-un-santino\/\",\"name\":\"Convegno a Napoli su Mario Borrelli, ma Borrelli non \u00e8 un santino...\",\"isPartOf\":{\"@id\":\"https:\/\/www.pressenza.com\/it\/#website\"},\"primaryImageOfPage\":{\"@id\":\"https:\/\/www.pressenza.com\/it\/2023\/12\/convegno-a-napoli-su-mario-borrelli-ma-borrelli-non-e-un-santino\/#primaryimage\"},\"image\":{\"@id\":\"https:\/\/www.pressenza.com\/it\/2023\/12\/convegno-a-napoli-su-mario-borrelli-ma-borrelli-non-e-un-santino\/#primaryimage\"},\"thumbnailUrl\":\"https:\/\/www.pressenza.com\/wp-content\/uploads\/2023\/12\/Mario_Borrelli_1965.jpg\",\"datePublished\":\"2023-12-14T20:12:47+00:00\",\"dateModified\":\"2023-12-14T20:17:48+00:00\",\"description\":\"Non c\u2019\u00e8 dubbio che la lunga e appassionante vicenda di Mario Borrelli abbia segnato profondamente il panorama dell\u2019intervento sociale di base a Napoli. Peccato per\u00f2 che la sua voce profetica ed alternativa si sia rivelata troppo scomoda per essere raccolta\",\"breadcrumb\":{\"@id\":\"https:\/\/www.pressenza.com\/it\/2023\/12\/convegno-a-napoli-su-mario-borrelli-ma-borrelli-non-e-un-santino\/#breadcrumb\"},\"inLanguage\":\"it-IT\",\"potentialAction\":[{\"@type\":\"ReadAction\",\"target\":[\"https:\/\/www.pressenza.com\/it\/2023\/12\/convegno-a-napoli-su-mario-borrelli-ma-borrelli-non-e-un-santino\/\"]}]},{\"@type\":\"ImageObject\",\"inLanguage\":\"it-IT\",\"@id\":\"https:\/\/www.pressenza.com\/it\/2023\/12\/convegno-a-napoli-su-mario-borrelli-ma-borrelli-non-e-un-santino\/#primaryimage\",\"url\":\"https:\/\/www.pressenza.com\/wp-content\/uploads\/2023\/12\/Mario_Borrelli_1965.jpg\",\"contentUrl\":\"https:\/\/www.pressenza.com\/wp-content\/uploads\/2023\/12\/Mario_Borrelli_1965.jpg\",\"width\":789,\"height\":713},{\"@type\":\"BreadcrumbList\",\"@id\":\"https:\/\/www.pressenza.com\/it\/2023\/12\/convegno-a-napoli-su-mario-borrelli-ma-borrelli-non-e-un-santino\/#breadcrumb\",\"itemListElement\":[{\"@type\":\"ListItem\",\"position\":1,\"name\":\"Accueil\",\"item\":\"https:\/\/www.pressenza.com\/it\/\"},{\"@type\":\"ListItem\",\"position\":2,\"name\":\"Convegno a Napoli su Mario Borrelli, ma Borrelli non \u00e8 un santino&#8230;\"}]},{\"@type\":\"WebSite\",\"@id\":\"https:\/\/www.pressenza.com\/it\/#website\",\"url\":\"https:\/\/www.pressenza.com\/it\/\",\"name\":\"Pressenza\",\"description\":\"Agenzia di Stampa Internazionale\",\"publisher\":{\"@id\":\"https:\/\/www.pressenza.com\/it\/#organization\"},\"potentialAction\":[{\"@type\":\"SearchAction\",\"target\":{\"@type\":\"EntryPoint\",\"urlTemplate\":\"https:\/\/www.pressenza.com\/it\/?s={search_term_string}\"},\"query-input\":{\"@type\":\"PropertyValueSpecification\",\"valueRequired\":true,\"valueName\":\"search_term_string\"}}],\"inLanguage\":\"it-IT\"},{\"@type\":\"Organization\",\"@id\":\"https:\/\/www.pressenza.com\/it\/#organization\",\"name\":\"Pressenza\",\"url\":\"https:\/\/www.pressenza.com\/it\/\",\"logo\":{\"@type\":\"ImageObject\",\"inLanguage\":\"it-IT\",\"@id\":\"https:\/\/www.pressenza.com\/it\/#\/schema\/logo\/image\/\",\"url\":\"https:\/\/www.pressenza.com\/wp-content\/uploads\/2022\/10\/pressenza_logo_200x200.jpg\",\"contentUrl\":\"https:\/\/www.pressenza.com\/wp-content\/uploads\/2022\/10\/pressenza_logo_200x200.jpg\",\"width\":200,\"height\":200,\"caption\":\"Pressenza\"},\"image\":{\"@id\":\"https:\/\/www.pressenza.com\/it\/#\/schema\/logo\/image\/\"},\"sameAs\":[\"https:\/\/www.facebook.com\/PressenzaItalia\",\"https:\/\/x.com\/PressenzaIPA\"]},{\"@type\":\"Person\",\"@id\":\"https:\/\/www.pressenza.com\/it\/#\/schema\/person\/bb9c2256e295522f45259c399a64b418\",\"name\":\"Ermete Ferraro\",\"description\":\"Ermete Ferraro (Napoli 1952) si \u00e8 laureato in lettere moderne ad indirizzo linguistico ed ha conseguito il diploma di assistente sociale e di operatore pastorale. Dopo il servizio civile come obiettore di coscienza ed un decennale impegno quale operatore socio-educativo in uno storico centro comunitario napoletano , per oltre un trentennio ha insegnato discipline letterarie nelle scuole medie, occupandosi anche di counselling e di disagio scolastico. Di formazione nonviolenta, dagli anni \u201970 si \u00e8 impegnato nell\u2019ambito della ricerca sulla pace, dell\u2019educazione alla pace e dell\u2019azione per la pace, facendo parte di varie organizzazioni fra cui il Movimento Internazionale della Riconciliazione (MIR), storica associazione nonviolenta di cui, da maggio 2023, \u00e8 il Presidente Nazionale. Dagli anni \u201980 attivista ecologista ed esponente dei Verdi \u2013 che ha rappresentato alla Circoscrizione Vomero (1987-97) e alla provincia di Napoli (1990-95) \u2013 \u00e8 tuttora membro del Comitato Esecutivo dell\u2019associazione nazionale di protezione ambientale Verdi Ambiente e Societ\u00e0 (VAS), di cui \u00e8 referente nazionale per l\u2019ecopacifismo. Autore di varie pubblicazioni saggi ed articoli, \u00e8 collaboratore e redattore del periodico Nuova Verde Ambiente, per il quale cura una rubrica ecopacifista. Per due anni ha collaborato al giornale Napoli con articoli settimanali in lingua napolitana, di cui \u00e8 cultore e docente presso l\u2019UNITRE di Napoli.\",\"url\":\"https:\/\/www.pressenza.com\/it\/author\/ermete-ferraro\/\"}]}<\/script>\n<!-- \/ Yoast SEO plugin. -->","yoast_head_json":{"title":"Convegno a Napoli su Mario Borrelli, ma Borrelli non \u00e8 un santino...","description":"Non c\u2019\u00e8 dubbio che la lunga e appassionante vicenda di Mario Borrelli abbia segnato profondamente il panorama dell\u2019intervento sociale di base a Napoli. Peccato per\u00f2 che la sua voce profetica ed alternativa si sia rivelata troppo scomoda per essere raccolta","robots":{"index":"index","follow":"follow","max-snippet":"max-snippet:-1","max-image-preview":"max-image-preview:large","max-video-preview":"max-video-preview:-1"},"canonical":"https:\/\/www.pressenza.com\/it\/2023\/12\/convegno-a-napoli-su-mario-borrelli-ma-borrelli-non-e-un-santino\/","og_locale":"it_IT","og_type":"article","og_title":"Convegno a Napoli su Mario Borrelli, ma Borrelli non \u00e8 un santino...","og_description":"Non c\u2019\u00e8 dubbio che la lunga e appassionante vicenda di Mario Borrelli abbia segnato profondamente il panorama dell\u2019intervento sociale di base a Napoli. Peccato per\u00f2 che la sua voce profetica ed alternativa si sia rivelata troppo scomoda per essere raccolta","og_url":"https:\/\/www.pressenza.com\/it\/2023\/12\/convegno-a-napoli-su-mario-borrelli-ma-borrelli-non-e-un-santino\/","og_site_name":"Pressenza","article_publisher":"https:\/\/www.facebook.com\/PressenzaItalia","article_published_time":"2023-12-14T20:12:47+00:00","article_modified_time":"2023-12-14T20:17:48+00:00","og_image":[{"width":789,"height":713,"url":"https:\/\/www.pressenza.com\/wp-content\/uploads\/2023\/12\/Mario_Borrelli_1965.jpg","type":"image\/jpeg"}],"author":"Ermete Ferraro","twitter_card":"summary_large_image","twitter_creator":"@PressenzaIPA","twitter_site":"@PressenzaIPA","twitter_misc":{"Scritto da":"Ermete Ferraro","Tempo di lettura stimato":"3 minuti"},"schema":{"@context":"https:\/\/schema.org","@graph":[{"@type":"Article","@id":"https:\/\/www.pressenza.com\/it\/2023\/12\/convegno-a-napoli-su-mario-borrelli-ma-borrelli-non-e-un-santino\/#article","isPartOf":{"@id":"https:\/\/www.pressenza.com\/it\/2023\/12\/convegno-a-napoli-su-mario-borrelli-ma-borrelli-non-e-un-santino\/"},"author":{"name":"Ermete Ferraro","@id":"https:\/\/www.pressenza.com\/it\/#\/schema\/person\/bb9c2256e295522f45259c399a64b418"},"headline":"Convegno a Napoli su Mario Borrelli, ma Borrelli non \u00e8 un santino&#8230;","datePublished":"2023-12-14T20:12:47+00:00","dateModified":"2023-12-14T20:17:48+00:00","mainEntityOfPage":{"@id":"https:\/\/www.pressenza.com\/it\/2023\/12\/convegno-a-napoli-su-mario-borrelli-ma-borrelli-non-e-un-santino\/"},"wordCount":549,"publisher":{"@id":"https:\/\/www.pressenza.com\/it\/#organization"},"image":{"@id":"https:\/\/www.pressenza.com\/it\/2023\/12\/convegno-a-napoli-su-mario-borrelli-ma-borrelli-non-e-un-santino\/#primaryimage"},"thumbnailUrl":"https:\/\/www.pressenza.com\/wp-content\/uploads\/2023\/12\/Mario_Borrelli_1965.jpg","keywords":["convegno","Mario Borrelli","Napoli"],"articleSection":["contenuti originali","Europa","Nonviolenza"],"inLanguage":"it-IT"},{"@type":"WebPage","@id":"https:\/\/www.pressenza.com\/it\/2023\/12\/convegno-a-napoli-su-mario-borrelli-ma-borrelli-non-e-un-santino\/","url":"https:\/\/www.pressenza.com\/it\/2023\/12\/convegno-a-napoli-su-mario-borrelli-ma-borrelli-non-e-un-santino\/","name":"Convegno a Napoli su Mario Borrelli, ma Borrelli non \u00e8 un santino...","isPartOf":{"@id":"https:\/\/www.pressenza.com\/it\/#website"},"primaryImageOfPage":{"@id":"https:\/\/www.pressenza.com\/it\/2023\/12\/convegno-a-napoli-su-mario-borrelli-ma-borrelli-non-e-un-santino\/#primaryimage"},"image":{"@id":"https:\/\/www.pressenza.com\/it\/2023\/12\/convegno-a-napoli-su-mario-borrelli-ma-borrelli-non-e-un-santino\/#primaryimage"},"thumbnailUrl":"https:\/\/www.pressenza.com\/wp-content\/uploads\/2023\/12\/Mario_Borrelli_1965.jpg","datePublished":"2023-12-14T20:12:47+00:00","dateModified":"2023-12-14T20:17:48+00:00","description":"Non c\u2019\u00e8 dubbio che la lunga e appassionante vicenda di Mario Borrelli abbia segnato profondamente il panorama dell\u2019intervento sociale di base a Napoli. Peccato per\u00f2 che la sua voce profetica ed alternativa si sia rivelata troppo scomoda per essere raccolta","breadcrumb":{"@id":"https:\/\/www.pressenza.com\/it\/2023\/12\/convegno-a-napoli-su-mario-borrelli-ma-borrelli-non-e-un-santino\/#breadcrumb"},"inLanguage":"it-IT","potentialAction":[{"@type":"ReadAction","target":["https:\/\/www.pressenza.com\/it\/2023\/12\/convegno-a-napoli-su-mario-borrelli-ma-borrelli-non-e-un-santino\/"]}]},{"@type":"ImageObject","inLanguage":"it-IT","@id":"https:\/\/www.pressenza.com\/it\/2023\/12\/convegno-a-napoli-su-mario-borrelli-ma-borrelli-non-e-un-santino\/#primaryimage","url":"https:\/\/www.pressenza.com\/wp-content\/uploads\/2023\/12\/Mario_Borrelli_1965.jpg","contentUrl":"https:\/\/www.pressenza.com\/wp-content\/uploads\/2023\/12\/Mario_Borrelli_1965.jpg","width":789,"height":713},{"@type":"BreadcrumbList","@id":"https:\/\/www.pressenza.com\/it\/2023\/12\/convegno-a-napoli-su-mario-borrelli-ma-borrelli-non-e-un-santino\/#breadcrumb","itemListElement":[{"@type":"ListItem","position":1,"name":"Accueil","item":"https:\/\/www.pressenza.com\/it\/"},{"@type":"ListItem","position":2,"name":"Convegno a Napoli su Mario Borrelli, ma Borrelli non \u00e8 un santino&#8230;"}]},{"@type":"WebSite","@id":"https:\/\/www.pressenza.com\/it\/#website","url":"https:\/\/www.pressenza.com\/it\/","name":"Pressenza","description":"Agenzia di Stampa Internazionale","publisher":{"@id":"https:\/\/www.pressenza.com\/it\/#organization"},"potentialAction":[{"@type":"SearchAction","target":{"@type":"EntryPoint","urlTemplate":"https:\/\/www.pressenza.com\/it\/?s={search_term_string}"},"query-input":{"@type":"PropertyValueSpecification","valueRequired":true,"valueName":"search_term_string"}}],"inLanguage":"it-IT"},{"@type":"Organization","@id":"https:\/\/www.pressenza.com\/it\/#organization","name":"Pressenza","url":"https:\/\/www.pressenza.com\/it\/","logo":{"@type":"ImageObject","inLanguage":"it-IT","@id":"https:\/\/www.pressenza.com\/it\/#\/schema\/logo\/image\/","url":"https:\/\/www.pressenza.com\/wp-content\/uploads\/2022\/10\/pressenza_logo_200x200.jpg","contentUrl":"https:\/\/www.pressenza.com\/wp-content\/uploads\/2022\/10\/pressenza_logo_200x200.jpg","width":200,"height":200,"caption":"Pressenza"},"image":{"@id":"https:\/\/www.pressenza.com\/it\/#\/schema\/logo\/image\/"},"sameAs":["https:\/\/www.facebook.com\/PressenzaItalia","https:\/\/x.com\/PressenzaIPA"]},{"@type":"Person","@id":"https:\/\/www.pressenza.com\/it\/#\/schema\/person\/bb9c2256e295522f45259c399a64b418","name":"Ermete Ferraro","description":"Ermete Ferraro (Napoli 1952) si \u00e8 laureato in lettere moderne ad indirizzo linguistico ed ha conseguito il diploma di assistente sociale e di operatore pastorale. Dopo il servizio civile come obiettore di coscienza ed un decennale impegno quale operatore socio-educativo in uno storico centro comunitario napoletano , per oltre un trentennio ha insegnato discipline letterarie nelle scuole medie, occupandosi anche di counselling e di disagio scolastico. Di formazione nonviolenta, dagli anni \u201970 si \u00e8 impegnato nell\u2019ambito della ricerca sulla pace, dell\u2019educazione alla pace e dell\u2019azione per la pace, facendo parte di varie organizzazioni fra cui il Movimento Internazionale della Riconciliazione (MIR), storica associazione nonviolenta di cui, da maggio 2023, \u00e8 il Presidente Nazionale. Dagli anni \u201980 attivista ecologista ed esponente dei Verdi \u2013 che ha rappresentato alla Circoscrizione Vomero (1987-97) e alla provincia di Napoli (1990-95) \u2013 \u00e8 tuttora membro del Comitato Esecutivo dell\u2019associazione nazionale di protezione ambientale Verdi Ambiente e Societ\u00e0 (VAS), di cui \u00e8 referente nazionale per l\u2019ecopacifismo. Autore di varie pubblicazioni saggi ed articoli, \u00e8 collaboratore e redattore del periodico Nuova Verde Ambiente, per il quale cura una rubrica ecopacifista. Per due anni ha collaborato al giornale Napoli con articoli settimanali in lingua napolitana, di cui \u00e8 cultore e docente presso l\u2019UNITRE di Napoli.","url":"https:\/\/www.pressenza.com\/it\/author\/ermete-ferraro\/"}]}},"place":"","original_article_url":"","_links":{"self":[{"href":"https:\/\/www.pressenza.com\/it\/wp-json\/wp\/v2\/posts\/1787969","targetHints":{"allow":["GET"]}}],"collection":[{"href":"https:\/\/www.pressenza.com\/it\/wp-json\/wp\/v2\/posts"}],"about":[{"href":"https:\/\/www.pressenza.com\/it\/wp-json\/wp\/v2\/types\/post"}],"author":[{"embeddable":true,"href":"https:\/\/www.pressenza.com\/it\/wp-json\/wp\/v2\/users\/2280"}],"replies":[{"embeddable":true,"href":"https:\/\/www.pressenza.com\/it\/wp-json\/wp\/v2\/comments?post=1787969"}],"version-history":[{"count":0,"href":"https:\/\/www.pressenza.com\/it\/wp-json\/wp\/v2\/posts\/1787969\/revisions"}],"wp:featuredmedia":[{"embeddable":true,"href":"https:\/\/www.pressenza.com\/it\/wp-json\/wp\/v2\/media\/1787971"}],"wp:attachment":[{"href":"https:\/\/www.pressenza.com\/it\/wp-json\/wp\/v2\/media?parent=1787969"}],"wp:term":[{"taxonomy":"category","embeddable":true,"href":"https:\/\/www.pressenza.com\/it\/wp-json\/wp\/v2\/categories?post=1787969"},{"taxonomy":"post_tag","embeddable":true,"href":"https:\/\/www.pressenza.com\/it\/wp-json\/wp\/v2\/tags?post=1787969"}],"curies":[{"name":"wp","href":"https:\/\/api.w.org\/{rel}","templated":true}]}}