{"id":178731,"date":"2015-04-20T17:01:51","date_gmt":"2015-04-20T16:01:51","guid":{"rendered":"http:\/\/www.pressenza.com\/?p=178731"},"modified":"2015-04-20T17:02:05","modified_gmt":"2015-04-20T16:02:05","slug":"la-questura-di-milano-vieta-la-parata-nazi-del-29-aprile-forse","status":"publish","type":"post","link":"https:\/\/www.pressenza.com\/it\/2015\/04\/la-questura-di-milano-vieta-la-parata-nazi-del-29-aprile-forse\/","title":{"rendered":"La questura di Milano vieta la parata nazi del 29 aprile &#8230; forse &#8230;"},"content":{"rendered":"<p>Vietata la parata nazifascista del 29 aprile e vietata la manifestazione antifascista convocata in piazzale Susa nella stessa giornata. E cos\u00ec, l\u2019opacit\u00e0 e lo strabismo di Questura e Prefettura, cio\u00e8 del Ministero degli Interni, fanno fare al sobrio Presidente della Repubblica, Sergio Mattarella, la figura del temibile arruffapopoli. Gi\u00e0, perch\u00e9 in quello stesso 16 aprile i primi hanno deciso in sede di Comitato provinciale per l&#8217;Ordine e la Sicurezza pubblica di equiparare parata nazifascista e mobilitazione antifascista, vietando tutto in nome dell\u2019ordine pubblico e dell\u2019allarme sicurezza in vista di Expo, mentre il secondo ha accolto gli ex partigiani alla Camera e si \u00e8 scagliato \u00a0contro le \u201c<a href=\"http:\/\/www.ilfattoquotidiano.it\/2015\/04\/16\/25-aprile-mattarella-pericolose-equiparazioni-parti-in-conflitto\/1596088\/\">pericolose equiparazioni<\/a>\u201d fra i due campi in conflitto.<\/p>\n<p>Beninteso, che a Milano venga risparmiato lo sfregio della parata nazifascista a pochi giorni dal 70\u00b0 anniversario della Liberazione lo possiamo considerare senz\u2019altro un fatto positivo. Anzi, l\u2019obiettivo della\u00a0<a href=\"http:\/\/www.lucianomuhlbauer.it\/new-blog\/2015\/3\/17\/milano-dice-no-al-fascismo-impedire-la-parata-nazi-del-29-aprile-assemblea-il-25-marzo\">mobilitazione<\/a>\u00a0promossa dai circuiti Milano: nazisti e razzisti, no grazie! e da Milano antifascista, antirazzista e meticcia era ed \u00e8 proprio quello di impedire la parata nazifascista che ormai si tiene da anni il 29 aprile. E tutti sappiamo che, al di l\u00e0 delle motivazioni ufficiali di Questura e Prefettura, nella decisione ha avuto un peso decisivo la fermezza della mobilitazione antifascista, che in questi ultimi dodici mesi ha dimostrato in pi\u00f9 occasioni di riuscire a tenere insieme determinazione rispetto agli obiettivi e capacit\u00e0 di costruire convergenza tra realt\u00e0 diverse.<\/p>\n<p>Ma proprio per questo non va abbassata la guardia e va mantenuta la mobilitazione. L\u2019antifascismo istituzionale \u00e8 ormai ridotto a poca cosa e se \u00e8 soltanto questione di ordine pubblico e non di ordine costituzionale, democratico e morale, allora in quella giornata possono accadere molte cose, anche che alla fine i nazifascisti facciano lo stesso la parata. \u00c8 per questo che bisogna confermare la nostra mobilitazione, perch\u00e9 alla fine l\u2019unica garanzia siamo noi stessi, cio\u00e8 gli antifascisti e le antifasciste milanesi. E poi, mica possiamo farci equiparare ai nazisti e ai fascisti, o no?<\/p>\n<p>Non ci interessa certo contestare la commemorazione di Sergio Ramelli, ucciso il 29 aprile del 1975, perch\u00e9 chiunque ha il diritto di ricordare i suoi morti. Ma in questi ultimi anni il 29 aprile \u00e8 diventato una cosa ben diversa, cio\u00e8 una sorta di zona franca dove l\u2019insieme dei gruppi militanti di estrema destra, di solito divisi, potevano inscenare tranquillamente una sorta di contro-25-aprile con tanto di scenografia nazifascista. Il problema \u00e8 questo ed \u00e8 questo non deve pi\u00f9 accadere, che va impedito.<\/p>\n<p><strong>Gioved\u00ec 23 aprile<\/strong>, alle\u00a0<strong>ore 21.00<\/strong>\u00a0ci troveremo all\u2019<strong>Arci Bellezza<\/strong>, in via Bellezza 16A, per l\u2019ultima assemblea cittadina in vista del 29 aprile. E l\u00ec decideremo come stare in piazza, per ribadire che Milano ama la libert\u00e0 e non tollera alcuna parata nazifascista.<\/p>\n<p>&nbsp;<\/p>\n","protected":false},"excerpt":{"rendered":"<p>Vietata la parata nazifascista del 29 aprile e vietata la manifestazione antifascista convocata in piazzale Susa nella stessa giornata. E cos\u00ec, l\u2019opacit\u00e0 e lo strabismo di Questura e Prefettura, cio\u00e8 del Ministero degli Interni, fanno fare al sobrio Presidente della&hellip;<\/p>\n","protected":false},"author":982,"featured_media":178738,"comment_status":"closed","ping_status":"open","sticky":false,"template":"","format":"standard","meta":{"footnotes":""},"categories":[47,162,55],"tags":[6792,286,17046],"class_list":["post-178731","post","type-post","status-publish","format-standard","has-post-thumbnail","hentry","category-europa","category-opinioni","category-politica","tag-anti-fascismo","tag-milano","tag-parata-nazi"],"yoast_head":"<!-- This site is optimized with the Yoast SEO plugin v27.1.1 - https:\/\/yoast.com\/product\/yoast-seo-wordpress\/ -->\n<title>La questura di Milano vieta la parata nazi del 29 aprile ... forse ...<\/title>\n<meta name=\"description\" content=\"Vietata la parata nazifascista del 29 aprile e vietata la manifestazione antifascista convocata in piazzale Susa nella stessa giornata. E cos\u00ec, l\u2019opacit\u00e0\" \/>\n<meta name=\"robots\" content=\"index, follow, max-snippet:-1, max-image-preview:large, max-video-preview:-1\" \/>\n<link rel=\"canonical\" href=\"https:\/\/www.pressenza.com\/it\/2015\/04\/la-questura-di-milano-vieta-la-parata-nazi-del-29-aprile-forse\/\" \/>\n<meta property=\"og:locale\" content=\"it_IT\" \/>\n<meta property=\"og:type\" content=\"article\" \/>\n<meta property=\"og:title\" content=\"La questura di Milano vieta la parata nazi del 29 aprile ... forse ...\" \/>\n<meta property=\"og:description\" content=\"Vietata la parata nazifascista del 29 aprile e vietata la manifestazione antifascista convocata in piazzale Susa nella stessa giornata. E cos\u00ec, l\u2019opacit\u00e0\" \/>\n<meta property=\"og:url\" content=\"https:\/\/www.pressenza.com\/it\/2015\/04\/la-questura-di-milano-vieta-la-parata-nazi-del-29-aprile-forse\/\" \/>\n<meta property=\"og:site_name\" content=\"Pressenza\" \/>\n<meta property=\"article:publisher\" content=\"https:\/\/www.facebook.com\/PressenzaItalia\" \/>\n<meta property=\"article:author\" content=\"https:\/\/www.facebook.com\/luciano.muhlbauer\" \/>\n<meta property=\"article:published_time\" content=\"2015-04-20T16:01:51+00:00\" \/>\n<meta property=\"article:modified_time\" content=\"2015-04-20T16:02:05+00:00\" \/>\n<meta property=\"og:image\" content=\"https:\/\/www.pressenza.com\/wp-content\/uploads\/2015\/04\/nazisti-no-grazie-multimedia.jpg\" \/>\n\t<meta property=\"og:image:width\" content=\"800\" \/>\n\t<meta property=\"og:image:height\" content=\"533\" \/>\n\t<meta property=\"og:image:type\" content=\"image\/jpeg\" \/>\n<meta name=\"author\" content=\"Luciano Muhlbauer\" \/>\n<meta name=\"twitter:card\" content=\"summary_large_image\" \/>\n<meta name=\"twitter:creator\" content=\"@Muhlbauer_\" \/>\n<meta name=\"twitter:site\" content=\"@PressenzaIPA\" \/>\n<meta name=\"twitter:label1\" content=\"Scritto da\" \/>\n\t<meta name=\"twitter:data1\" content=\"Luciano Muhlbauer\" \/>\n\t<meta name=\"twitter:label2\" content=\"Tempo di lettura stimato\" \/>\n\t<meta name=\"twitter:data2\" content=\"2 minuti\" \/>\n<script type=\"application\/ld+json\" class=\"yoast-schema-graph\">{\"@context\":\"https:\/\/schema.org\",\"@graph\":[{\"@type\":\"Article\",\"@id\":\"https:\/\/www.pressenza.com\/it\/2015\/04\/la-questura-di-milano-vieta-la-parata-nazi-del-29-aprile-forse\/#article\",\"isPartOf\":{\"@id\":\"https:\/\/www.pressenza.com\/it\/2015\/04\/la-questura-di-milano-vieta-la-parata-nazi-del-29-aprile-forse\/\"},\"author\":{\"name\":\"Luciano Muhlbauer\",\"@id\":\"https:\/\/www.pressenza.com\/it\/#\/schema\/person\/39da6bde67055a1b8cddb12c57da5142\"},\"headline\":\"La questura di Milano vieta la parata nazi del 29 aprile &#8230; forse &#8230;\",\"datePublished\":\"2015-04-20T16:01:51+00:00\",\"dateModified\":\"2015-04-20T16:02:05+00:00\",\"mainEntityOfPage\":{\"@id\":\"https:\/\/www.pressenza.com\/it\/2015\/04\/la-questura-di-milano-vieta-la-parata-nazi-del-29-aprile-forse\/\"},\"wordCount\":459,\"publisher\":{\"@id\":\"https:\/\/www.pressenza.com\/it\/#organization\"},\"image\":{\"@id\":\"https:\/\/www.pressenza.com\/it\/2015\/04\/la-questura-di-milano-vieta-la-parata-nazi-del-29-aprile-forse\/#primaryimage\"},\"thumbnailUrl\":\"https:\/\/www.pressenza.com\/wp-content\/uploads\/2015\/04\/nazisti-no-grazie-multimedia.jpg\",\"keywords\":[\"anti-fascismo\",\"Milano\",\"parata nazi\"],\"articleSection\":[\"Europa\",\"Opinioni\",\"Politica\"],\"inLanguage\":\"it-IT\"},{\"@type\":\"WebPage\",\"@id\":\"https:\/\/www.pressenza.com\/it\/2015\/04\/la-questura-di-milano-vieta-la-parata-nazi-del-29-aprile-forse\/\",\"url\":\"https:\/\/www.pressenza.com\/it\/2015\/04\/la-questura-di-milano-vieta-la-parata-nazi-del-29-aprile-forse\/\",\"name\":\"La questura di Milano vieta la parata nazi del 29 aprile ... forse ...\",\"isPartOf\":{\"@id\":\"https:\/\/www.pressenza.com\/it\/#website\"},\"primaryImageOfPage\":{\"@id\":\"https:\/\/www.pressenza.com\/it\/2015\/04\/la-questura-di-milano-vieta-la-parata-nazi-del-29-aprile-forse\/#primaryimage\"},\"image\":{\"@id\":\"https:\/\/www.pressenza.com\/it\/2015\/04\/la-questura-di-milano-vieta-la-parata-nazi-del-29-aprile-forse\/#primaryimage\"},\"thumbnailUrl\":\"https:\/\/www.pressenza.com\/wp-content\/uploads\/2015\/04\/nazisti-no-grazie-multimedia.jpg\",\"datePublished\":\"2015-04-20T16:01:51+00:00\",\"dateModified\":\"2015-04-20T16:02:05+00:00\",\"description\":\"Vietata la parata nazifascista del 29 aprile e vietata la manifestazione antifascista convocata in piazzale Susa nella stessa giornata. E cos\u00ec, l\u2019opacit\u00e0\",\"breadcrumb\":{\"@id\":\"https:\/\/www.pressenza.com\/it\/2015\/04\/la-questura-di-milano-vieta-la-parata-nazi-del-29-aprile-forse\/#breadcrumb\"},\"inLanguage\":\"it-IT\",\"potentialAction\":[{\"@type\":\"ReadAction\",\"target\":[\"https:\/\/www.pressenza.com\/it\/2015\/04\/la-questura-di-milano-vieta-la-parata-nazi-del-29-aprile-forse\/\"]}]},{\"@type\":\"ImageObject\",\"inLanguage\":\"it-IT\",\"@id\":\"https:\/\/www.pressenza.com\/it\/2015\/04\/la-questura-di-milano-vieta-la-parata-nazi-del-29-aprile-forse\/#primaryimage\",\"url\":\"https:\/\/www.pressenza.com\/wp-content\/uploads\/2015\/04\/nazisti-no-grazie-multimedia.jpg\",\"contentUrl\":\"https:\/\/www.pressenza.com\/wp-content\/uploads\/2015\/04\/nazisti-no-grazie-multimedia.jpg\",\"width\":800,\"height\":533},{\"@type\":\"BreadcrumbList\",\"@id\":\"https:\/\/www.pressenza.com\/it\/2015\/04\/la-questura-di-milano-vieta-la-parata-nazi-del-29-aprile-forse\/#breadcrumb\",\"itemListElement\":[{\"@type\":\"ListItem\",\"position\":1,\"name\":\"Accueil\",\"item\":\"https:\/\/www.pressenza.com\/it\/\"},{\"@type\":\"ListItem\",\"position\":2,\"name\":\"La questura di Milano vieta la parata nazi del 29 aprile &#8230; forse &#8230;\"}]},{\"@type\":\"WebSite\",\"@id\":\"https:\/\/www.pressenza.com\/it\/#website\",\"url\":\"https:\/\/www.pressenza.com\/it\/\",\"name\":\"Pressenza\",\"description\":\"Agenzia di Stampa Internazionale\",\"publisher\":{\"@id\":\"https:\/\/www.pressenza.com\/it\/#organization\"},\"potentialAction\":[{\"@type\":\"SearchAction\",\"target\":{\"@type\":\"EntryPoint\",\"urlTemplate\":\"https:\/\/www.pressenza.com\/it\/?s={search_term_string}\"},\"query-input\":{\"@type\":\"PropertyValueSpecification\",\"valueRequired\":true,\"valueName\":\"search_term_string\"}}],\"inLanguage\":\"it-IT\"},{\"@type\":\"Organization\",\"@id\":\"https:\/\/www.pressenza.com\/it\/#organization\",\"name\":\"Pressenza\",\"url\":\"https:\/\/www.pressenza.com\/it\/\",\"logo\":{\"@type\":\"ImageObject\",\"inLanguage\":\"it-IT\",\"@id\":\"https:\/\/www.pressenza.com\/it\/#\/schema\/logo\/image\/\",\"url\":\"https:\/\/www.pressenza.com\/wp-content\/uploads\/2022\/10\/pressenza_logo_200x200.jpg\",\"contentUrl\":\"https:\/\/www.pressenza.com\/wp-content\/uploads\/2022\/10\/pressenza_logo_200x200.jpg\",\"width\":200,\"height\":200,\"caption\":\"Pressenza\"},\"image\":{\"@id\":\"https:\/\/www.pressenza.com\/it\/#\/schema\/logo\/image\/\"},\"sameAs\":[\"https:\/\/www.facebook.com\/PressenzaItalia\",\"https:\/\/x.com\/PressenzaIPA\"]},{\"@type\":\"Person\",\"@id\":\"https:\/\/www.pressenza.com\/it\/#\/schema\/person\/39da6bde67055a1b8cddb12c57da5142\",\"name\":\"Luciano Muhlbauer\",\"description\":\"Collabora con le testate di informazione alternativa on line MilanoX e Milano In Movimento, \u00e8 stato tra i portavoce del Genoa Social Forum nel 2001 e uno dei segretari nazionali del sindacato di base SinCobas fino al 2005. Dal 2005 al 2010 \u00e8 stato consigliere regionale in Lombardia. www.lucianomuhlbauer.it\/blog\/\",\"sameAs\":[\"https:\/\/www.facebook.com\/luciano.muhlbauer\",\"https:\/\/x.com\/Muhlbauer_\"],\"url\":\"https:\/\/www.pressenza.com\/it\/author\/luciano-muhlbauer\/\"}]}<\/script>\n<!-- \/ Yoast SEO plugin. -->","yoast_head_json":{"title":"La questura di Milano vieta la parata nazi del 29 aprile ... forse ...","description":"Vietata la parata nazifascista del 29 aprile e vietata la manifestazione antifascista convocata in piazzale Susa nella stessa giornata. E cos\u00ec, l\u2019opacit\u00e0","robots":{"index":"index","follow":"follow","max-snippet":"max-snippet:-1","max-image-preview":"max-image-preview:large","max-video-preview":"max-video-preview:-1"},"canonical":"https:\/\/www.pressenza.com\/it\/2015\/04\/la-questura-di-milano-vieta-la-parata-nazi-del-29-aprile-forse\/","og_locale":"it_IT","og_type":"article","og_title":"La questura di Milano vieta la parata nazi del 29 aprile ... forse ...","og_description":"Vietata la parata nazifascista del 29 aprile e vietata la manifestazione antifascista convocata in piazzale Susa nella stessa giornata. E cos\u00ec, l\u2019opacit\u00e0","og_url":"https:\/\/www.pressenza.com\/it\/2015\/04\/la-questura-di-milano-vieta-la-parata-nazi-del-29-aprile-forse\/","og_site_name":"Pressenza","article_publisher":"https:\/\/www.facebook.com\/PressenzaItalia","article_author":"https:\/\/www.facebook.com\/luciano.muhlbauer","article_published_time":"2015-04-20T16:01:51+00:00","article_modified_time":"2015-04-20T16:02:05+00:00","og_image":[{"width":800,"height":533,"url":"https:\/\/www.pressenza.com\/wp-content\/uploads\/2015\/04\/nazisti-no-grazie-multimedia.jpg","type":"image\/jpeg"}],"author":"Luciano Muhlbauer","twitter_card":"summary_large_image","twitter_creator":"@Muhlbauer_","twitter_site":"@PressenzaIPA","twitter_misc":{"Scritto da":"Luciano Muhlbauer","Tempo di lettura stimato":"2 minuti"},"schema":{"@context":"https:\/\/schema.org","@graph":[{"@type":"Article","@id":"https:\/\/www.pressenza.com\/it\/2015\/04\/la-questura-di-milano-vieta-la-parata-nazi-del-29-aprile-forse\/#article","isPartOf":{"@id":"https:\/\/www.pressenza.com\/it\/2015\/04\/la-questura-di-milano-vieta-la-parata-nazi-del-29-aprile-forse\/"},"author":{"name":"Luciano Muhlbauer","@id":"https:\/\/www.pressenza.com\/it\/#\/schema\/person\/39da6bde67055a1b8cddb12c57da5142"},"headline":"La questura di Milano vieta la parata nazi del 29 aprile &#8230; forse &#8230;","datePublished":"2015-04-20T16:01:51+00:00","dateModified":"2015-04-20T16:02:05+00:00","mainEntityOfPage":{"@id":"https:\/\/www.pressenza.com\/it\/2015\/04\/la-questura-di-milano-vieta-la-parata-nazi-del-29-aprile-forse\/"},"wordCount":459,"publisher":{"@id":"https:\/\/www.pressenza.com\/it\/#organization"},"image":{"@id":"https:\/\/www.pressenza.com\/it\/2015\/04\/la-questura-di-milano-vieta-la-parata-nazi-del-29-aprile-forse\/#primaryimage"},"thumbnailUrl":"https:\/\/www.pressenza.com\/wp-content\/uploads\/2015\/04\/nazisti-no-grazie-multimedia.jpg","keywords":["anti-fascismo","Milano","parata nazi"],"articleSection":["Europa","Opinioni","Politica"],"inLanguage":"it-IT"},{"@type":"WebPage","@id":"https:\/\/www.pressenza.com\/it\/2015\/04\/la-questura-di-milano-vieta-la-parata-nazi-del-29-aprile-forse\/","url":"https:\/\/www.pressenza.com\/it\/2015\/04\/la-questura-di-milano-vieta-la-parata-nazi-del-29-aprile-forse\/","name":"La questura di Milano vieta la parata nazi del 29 aprile ... forse ...","isPartOf":{"@id":"https:\/\/www.pressenza.com\/it\/#website"},"primaryImageOfPage":{"@id":"https:\/\/www.pressenza.com\/it\/2015\/04\/la-questura-di-milano-vieta-la-parata-nazi-del-29-aprile-forse\/#primaryimage"},"image":{"@id":"https:\/\/www.pressenza.com\/it\/2015\/04\/la-questura-di-milano-vieta-la-parata-nazi-del-29-aprile-forse\/#primaryimage"},"thumbnailUrl":"https:\/\/www.pressenza.com\/wp-content\/uploads\/2015\/04\/nazisti-no-grazie-multimedia.jpg","datePublished":"2015-04-20T16:01:51+00:00","dateModified":"2015-04-20T16:02:05+00:00","description":"Vietata la parata nazifascista del 29 aprile e vietata la manifestazione antifascista convocata in piazzale Susa nella stessa giornata. E cos\u00ec, l\u2019opacit\u00e0","breadcrumb":{"@id":"https:\/\/www.pressenza.com\/it\/2015\/04\/la-questura-di-milano-vieta-la-parata-nazi-del-29-aprile-forse\/#breadcrumb"},"inLanguage":"it-IT","potentialAction":[{"@type":"ReadAction","target":["https:\/\/www.pressenza.com\/it\/2015\/04\/la-questura-di-milano-vieta-la-parata-nazi-del-29-aprile-forse\/"]}]},{"@type":"ImageObject","inLanguage":"it-IT","@id":"https:\/\/www.pressenza.com\/it\/2015\/04\/la-questura-di-milano-vieta-la-parata-nazi-del-29-aprile-forse\/#primaryimage","url":"https:\/\/www.pressenza.com\/wp-content\/uploads\/2015\/04\/nazisti-no-grazie-multimedia.jpg","contentUrl":"https:\/\/www.pressenza.com\/wp-content\/uploads\/2015\/04\/nazisti-no-grazie-multimedia.jpg","width":800,"height":533},{"@type":"BreadcrumbList","@id":"https:\/\/www.pressenza.com\/it\/2015\/04\/la-questura-di-milano-vieta-la-parata-nazi-del-29-aprile-forse\/#breadcrumb","itemListElement":[{"@type":"ListItem","position":1,"name":"Accueil","item":"https:\/\/www.pressenza.com\/it\/"},{"@type":"ListItem","position":2,"name":"La questura di Milano vieta la parata nazi del 29 aprile &#8230; forse &#8230;"}]},{"@type":"WebSite","@id":"https:\/\/www.pressenza.com\/it\/#website","url":"https:\/\/www.pressenza.com\/it\/","name":"Pressenza","description":"Agenzia di Stampa Internazionale","publisher":{"@id":"https:\/\/www.pressenza.com\/it\/#organization"},"potentialAction":[{"@type":"SearchAction","target":{"@type":"EntryPoint","urlTemplate":"https:\/\/www.pressenza.com\/it\/?s={search_term_string}"},"query-input":{"@type":"PropertyValueSpecification","valueRequired":true,"valueName":"search_term_string"}}],"inLanguage":"it-IT"},{"@type":"Organization","@id":"https:\/\/www.pressenza.com\/it\/#organization","name":"Pressenza","url":"https:\/\/www.pressenza.com\/it\/","logo":{"@type":"ImageObject","inLanguage":"it-IT","@id":"https:\/\/www.pressenza.com\/it\/#\/schema\/logo\/image\/","url":"https:\/\/www.pressenza.com\/wp-content\/uploads\/2022\/10\/pressenza_logo_200x200.jpg","contentUrl":"https:\/\/www.pressenza.com\/wp-content\/uploads\/2022\/10\/pressenza_logo_200x200.jpg","width":200,"height":200,"caption":"Pressenza"},"image":{"@id":"https:\/\/www.pressenza.com\/it\/#\/schema\/logo\/image\/"},"sameAs":["https:\/\/www.facebook.com\/PressenzaItalia","https:\/\/x.com\/PressenzaIPA"]},{"@type":"Person","@id":"https:\/\/www.pressenza.com\/it\/#\/schema\/person\/39da6bde67055a1b8cddb12c57da5142","name":"Luciano Muhlbauer","description":"Collabora con le testate di informazione alternativa on line MilanoX e Milano In Movimento, \u00e8 stato tra i portavoce del Genoa Social Forum nel 2001 e uno dei segretari nazionali del sindacato di base SinCobas fino al 2005. Dal 2005 al 2010 \u00e8 stato consigliere regionale in Lombardia. www.lucianomuhlbauer.it\/blog\/","sameAs":["https:\/\/www.facebook.com\/luciano.muhlbauer","https:\/\/x.com\/Muhlbauer_"],"url":"https:\/\/www.pressenza.com\/it\/author\/luciano-muhlbauer\/"}]}},"place":"Milano","original_article_url":"","_links":{"self":[{"href":"https:\/\/www.pressenza.com\/it\/wp-json\/wp\/v2\/posts\/178731","targetHints":{"allow":["GET"]}}],"collection":[{"href":"https:\/\/www.pressenza.com\/it\/wp-json\/wp\/v2\/posts"}],"about":[{"href":"https:\/\/www.pressenza.com\/it\/wp-json\/wp\/v2\/types\/post"}],"author":[{"embeddable":true,"href":"https:\/\/www.pressenza.com\/it\/wp-json\/wp\/v2\/users\/982"}],"replies":[{"embeddable":true,"href":"https:\/\/www.pressenza.com\/it\/wp-json\/wp\/v2\/comments?post=178731"}],"version-history":[{"count":0,"href":"https:\/\/www.pressenza.com\/it\/wp-json\/wp\/v2\/posts\/178731\/revisions"}],"wp:featuredmedia":[{"embeddable":true,"href":"https:\/\/www.pressenza.com\/it\/wp-json\/wp\/v2\/media\/178738"}],"wp:attachment":[{"href":"https:\/\/www.pressenza.com\/it\/wp-json\/wp\/v2\/media?parent=178731"}],"wp:term":[{"taxonomy":"category","embeddable":true,"href":"https:\/\/www.pressenza.com\/it\/wp-json\/wp\/v2\/categories?post=178731"},{"taxonomy":"post_tag","embeddable":true,"href":"https:\/\/www.pressenza.com\/it\/wp-json\/wp\/v2\/tags?post=178731"}],"curies":[{"name":"wp","href":"https:\/\/api.w.org\/{rel}","templated":true}]}}