{"id":1787027,"date":"2023-12-10T17:13:41","date_gmt":"2023-12-10T17:13:41","guid":{"rendered":"https:\/\/www.pressenza.com\/?p=1787027"},"modified":"2023-12-14T22:13:35","modified_gmt":"2023-12-14T22:13:35","slug":"il-direttore-dellospedale-governativo-di-jenin-racconta-le-impossibili-condizioni-di-lavoro-e-di-vita-in-una-cisgiordania-sotto-assedio","status":"publish","type":"post","link":"https:\/\/www.pressenza.com\/it\/2023\/12\/il-direttore-dellospedale-governativo-di-jenin-racconta-le-impossibili-condizioni-di-lavoro-e-di-vita-in-una-cisgiordania-sotto-assedio\/","title":{"rendered":"Il Direttore dell\u2019ospedale governativo di Jenin racconta le impossibili condizioni di lavoro e di vita in una Cisgiordania sotto assedio"},"content":{"rendered":"<p><em>Dopo il 7 ottobre, l\u2019aggressione israeliana contro i palestinesi in Cisgiordania \u00e8 senza freni. Esercito e coloni si scagliano sui civili. Jenin \u00e8 sotto costante attacco.<\/em><\/p>\n<p><em>Wisam Baker, direttore dell&#8217;ospedale governativo di Jenin, <u>torna a parlare delle criticit\u00e0 vissute dal nosocomio<\/u>, nosocomio che, oltre a vivere inperenne stato di accerchiamento dalle forze israeliane, subisce assalti ogni volta che queste fanno irruzione nel campo profughi, con cui la struttura confina.<\/em><\/p>\n<p><strong>Dottore pu\u00f2 descrivere la situazione?<\/strong><\/p>\n<p>Da qualche giorno l\u2019ospedale \u00e8 circondato da veicoli militari, presenti fin nel cortile interno dell&#8217;ospedale: i mezzi sono stati posizionati in modo da impedire alle ambulanze e ai civili di raggiungere l&#8217;ospedale stesso.<\/p>\n<p>Anche laddove un\u2019ambulanza ottenesse il permesso di transito dell\u2019ospedale, le procedure sono estenuanti e i mezzi sono fermati e ispezionati dentro e fuori, compresi il personale e i feriti trasportati.<\/p>\n<p>L\u2019\u201dautorizzazione\u201d per le ambulanze da parte delle forze israeliane \u00e8 una pratica illegale secondo il diritto internazionale, impunemente perpetrata.<\/p>\n<p>L\u2019obiettivo delle forze sono i feriti.\u00a0Devono essere arrestati e non ricevere servizi salvavita, men che mai se, per ricevere le cure, devono essere raggiunti in un\u2019area remota dall\u2019ospedale.<\/p>\n<p><strong>Si attaccano i presidi ospedalieri per attaccare la popolazione? <\/strong><\/p>\n<p>Questa \u00e8 ormai la legge non scritta.\u00a0I soldati israeliani hanno posto l&#8217;ospedale sotto assedio rendendo difficile a chiunque raggiungerlo. Oltre a essere esso stesso un obiettivo per i soldati israeliani con i proiettili che entrano dalle finestre.<\/p>\n<p>In pi\u00f9 di un&#8217;occasione le forze israeliane hanno colpito con razzi la parte anteriore dell&#8217;ospedale.<\/p>\n<p>Ci sono cecchini di stanza nell\u2019area intorno. Durante un recente raid, un dipendente dell&#8217;ospedale stava lavorando in esterno, nel cortile, ed \u00e8 stato improvvisamente colpito alla testa dalle forze israeliane. \u00c8 morto.<\/p>\n<p><strong>Come \u00e8 possibile verificare quanto sta affermando?<\/strong><\/p>\n<p>I fatti sono documentati dalle telecamere dell\u2019ospedale, a disposizione della comunit\u00e0 internazionale.<\/p>\n<p>Le vittime sono per lo pi\u00f9 giovani uomini, ma ci sono anche adolescenti, bambini e donne.<\/p>\n<p>Il livello di violenza \u00e8 inimmaginabile.<\/p>\n<p>Comprensibilmente al momento c&#8217;\u00e8 molta attenzione su ci\u00f2 che sta accadendo a Gaza ma il mondo deve sapere che il popolo palestinese vive un assedio continuo e estenuante anche nella Cisgiordania occupata.<\/p>\n<p>Anche qui \u00e8 in corso un genocidio e trovare riparo \u00e8 quasi impossibile.\u00a0I bulldozer distruggono strade, infrastrutture, vita.<\/p>\n<p>L\u2019efferatezza coinvolge tutti, figli, madri, anziani. Le disabilit\u00e0 permanenti hanno infestato la popolazione.<\/p>\n<p>C&#8217;\u00e8 orrore ovunque si guardi.<\/p>\n<p><strong>Cosa si sente di dire alla comunit\u00e0 internazionale?<\/strong><\/p>\n<p>Finch\u00e9 laa comunit\u00e0 internazionale sar\u00e0 silente, la ferocia indiscriminata per parte israeliana \u00a0non potr\u00e0 che aumentare.<\/p>\n<p>Gli ospedali stessi non hanno alcuna protezione dalla violenza militare. Mancano le tutele per le ambulanze e il personale medico.<\/p>\n<p>Le minacce alla sicurezza aumentano quando il personale sanitario deve spostarsi tra ospedali o deve uscire all\u2019esterno del nosocomio. I soldati israeliani lo costringono a terra, sparando, urlando, intimidendo.<\/p>\n<p>Non vige il diritto ma il terrore, esercitato dall\u2019esercito e rafforzato dai coloni, posizionati altrettanto lungo le strade principali a vigilare per impedire alle ambulanze di raggiungere i feriti, ai media di documentare la violenza e ai civili palestinesi di vivere in pace.<\/p>\n<p>&nbsp;<\/p>\n<p><iframe loading=\"lazy\" title=\"CisGiordania20231214\" width=\"500\" height=\"281\" src=\"https:\/\/www.youtube.com\/embed\/LJqMHFCmbUk?feature=oembed\" frameborder=\"0\" allow=\"accelerometer; autoplay; clipboard-write; encrypted-media; gyroscope; picture-in-picture; web-share\" referrerpolicy=\"strict-origin-when-cross-origin\" allowfullscreen><\/iframe><\/p>\n<p>&nbsp;<\/p>\n<p>Nota: questa intervista \u00e8 basata sulla testimoninaza resa dal dottor <em>Wisam Baker <\/em>a Paul Salvatori, Senior Producer di TRT World), la traduzione \u00e8 a cura della redazione. E&#8217; possibile consultare l&#8217;articolo originale <a href=\"https:\/\/www.trtworld.com\/middle-east\/israeli-forces-aim-to-kill-a-doctors-eyewitness-account-from-jenin-16137430\">qui<\/a><\/p>\n","protected":false},"excerpt":{"rendered":"<p>Dopo il 7 ottobre, l\u2019aggressione israeliana contro i palestinesi in Cisgiordania \u00e8 senza freni. Esercito e coloni si scagliano sui civili. Jenin \u00e8 sotto costante attacco. Wisam Baker, direttore dell&#8217;ospedale governativo di Jenin, torna a parlare delle criticit\u00e0 vissute dal&hellip;<\/p>\n","protected":false},"author":2295,"featured_media":1755556,"comment_status":"closed","ping_status":"closed","sticky":false,"template":"","format":"standard","meta":{"footnotes":""},"categories":[11388,60,1263],"tags":[8238,1430,29515,118482],"class_list":["post-1787027","post","type-post","status-publish","format-standard","has-post-thumbnail","hentry","category-contenuti-originali","category-diritti-umani","category-pace-disarmo","tag-cisgiordania","tag-esercito-israeliano","tag-jenin","tag-ospedale-di-jenin"],"yoast_head":"<!-- This site is optimized with the Yoast SEO plugin v27.1.1 - https:\/\/yoast.com\/product\/yoast-seo-wordpress\/ -->\n<title>Il Direttore dell\u2019ospedale governativo di Jenin racconta le impossibili condizioni di lavoro e di vita in una Cisgiordania sotto assedio<\/title>\n<meta name=\"description\" content=\"Dopo il 7 ottobre, l\u2019aggressione israeliana contro i palestinesi in Cisgiordania \u00e8 senza freni. Esercito e coloni si scagliano sui civili. Jenin \u00e8 sotto\" \/>\n<meta name=\"robots\" content=\"index, follow, max-snippet:-1, max-image-preview:large, max-video-preview:-1\" \/>\n<link rel=\"canonical\" href=\"https:\/\/www.pressenza.com\/it\/2023\/12\/il-direttore-dellospedale-governativo-di-jenin-racconta-le-impossibili-condizioni-di-lavoro-e-di-vita-in-una-cisgiordania-sotto-assedio\/\" \/>\n<meta property=\"og:locale\" content=\"it_IT\" \/>\n<meta property=\"og:type\" content=\"article\" \/>\n<meta property=\"og:title\" content=\"Il Direttore dell\u2019ospedale governativo di Jenin racconta le impossibili condizioni di lavoro e di vita in una Cisgiordania sotto assedio\" \/>\n<meta property=\"og:description\" content=\"Dopo il 7 ottobre, l\u2019aggressione israeliana contro i palestinesi in Cisgiordania \u00e8 senza freni. Esercito e coloni si scagliano sui civili. Jenin \u00e8 sotto\" \/>\n<meta property=\"og:url\" content=\"https:\/\/www.pressenza.com\/it\/2023\/12\/il-direttore-dellospedale-governativo-di-jenin-racconta-le-impossibili-condizioni-di-lavoro-e-di-vita-in-una-cisgiordania-sotto-assedio\/\" \/>\n<meta property=\"og:site_name\" content=\"Pressenza\" \/>\n<meta property=\"article:publisher\" content=\"https:\/\/www.facebook.com\/PressenzaItalia\" \/>\n<meta property=\"article:published_time\" content=\"2023-12-10T17:13:41+00:00\" \/>\n<meta property=\"article:modified_time\" content=\"2023-12-14T22:13:35+00:00\" \/>\n<meta property=\"og:image\" content=\"https:\/\/www.pressenza.com\/wp-content\/uploads\/2023\/08\/ospedale-pubblico-Jenin-Alessia-Ricci.jpg\" \/>\n\t<meta property=\"og:image:width\" content=\"850\" \/>\n\t<meta property=\"og:image:height\" content=\"638\" \/>\n\t<meta property=\"og:image:type\" content=\"image\/jpeg\" \/>\n<meta name=\"author\" content=\"Alessia Ricci\" \/>\n<meta name=\"twitter:card\" content=\"summary_large_image\" \/>\n<meta name=\"twitter:creator\" content=\"@PressenzaIPA\" \/>\n<meta name=\"twitter:site\" content=\"@PressenzaIPA\" \/>\n<meta name=\"twitter:label1\" content=\"Scritto da\" \/>\n\t<meta name=\"twitter:data1\" content=\"Alessia Ricci\" \/>\n\t<meta name=\"twitter:label2\" content=\"Tempo di lettura stimato\" \/>\n\t<meta name=\"twitter:data2\" content=\"3 minuti\" \/>\n<script type=\"application\/ld+json\" class=\"yoast-schema-graph\">{\"@context\":\"https:\/\/schema.org\",\"@graph\":[{\"@type\":\"Article\",\"@id\":\"https:\/\/www.pressenza.com\/it\/2023\/12\/il-direttore-dellospedale-governativo-di-jenin-racconta-le-impossibili-condizioni-di-lavoro-e-di-vita-in-una-cisgiordania-sotto-assedio\/#article\",\"isPartOf\":{\"@id\":\"https:\/\/www.pressenza.com\/it\/2023\/12\/il-direttore-dellospedale-governativo-di-jenin-racconta-le-impossibili-condizioni-di-lavoro-e-di-vita-in-una-cisgiordania-sotto-assedio\/\"},\"author\":{\"name\":\"Alessia Ricci\",\"@id\":\"https:\/\/www.pressenza.com\/it\/#\/schema\/person\/8be37c04e77fb549c82a750f7da2cc51\"},\"headline\":\"Il Direttore dell\u2019ospedale governativo di Jenin racconta le impossibili condizioni di lavoro e di vita in una Cisgiordania sotto assedio\",\"datePublished\":\"2023-12-10T17:13:41+00:00\",\"dateModified\":\"2023-12-14T22:13:35+00:00\",\"mainEntityOfPage\":{\"@id\":\"https:\/\/www.pressenza.com\/it\/2023\/12\/il-direttore-dellospedale-governativo-di-jenin-racconta-le-impossibili-condizioni-di-lavoro-e-di-vita-in-una-cisgiordania-sotto-assedio\/\"},\"wordCount\":572,\"publisher\":{\"@id\":\"https:\/\/www.pressenza.com\/it\/#organization\"},\"image\":{\"@id\":\"https:\/\/www.pressenza.com\/it\/2023\/12\/il-direttore-dellospedale-governativo-di-jenin-racconta-le-impossibili-condizioni-di-lavoro-e-di-vita-in-una-cisgiordania-sotto-assedio\/#primaryimage\"},\"thumbnailUrl\":\"https:\/\/www.pressenza.com\/wp-content\/uploads\/2023\/08\/ospedale-pubblico-Jenin-Alessia-Ricci.jpg\",\"keywords\":[\"Cisgiordania\",\"esercito israeliano\",\"Jenin\",\"ospedale di Jenin\"],\"articleSection\":[\"contenuti originali\",\"Diritti Umani\",\"Pace e Disarmo\"],\"inLanguage\":\"it-IT\"},{\"@type\":\"WebPage\",\"@id\":\"https:\/\/www.pressenza.com\/it\/2023\/12\/il-direttore-dellospedale-governativo-di-jenin-racconta-le-impossibili-condizioni-di-lavoro-e-di-vita-in-una-cisgiordania-sotto-assedio\/\",\"url\":\"https:\/\/www.pressenza.com\/it\/2023\/12\/il-direttore-dellospedale-governativo-di-jenin-racconta-le-impossibili-condizioni-di-lavoro-e-di-vita-in-una-cisgiordania-sotto-assedio\/\",\"name\":\"Il Direttore dell\u2019ospedale governativo di Jenin racconta le impossibili condizioni di lavoro e di vita in una Cisgiordania sotto assedio\",\"isPartOf\":{\"@id\":\"https:\/\/www.pressenza.com\/it\/#website\"},\"primaryImageOfPage\":{\"@id\":\"https:\/\/www.pressenza.com\/it\/2023\/12\/il-direttore-dellospedale-governativo-di-jenin-racconta-le-impossibili-condizioni-di-lavoro-e-di-vita-in-una-cisgiordania-sotto-assedio\/#primaryimage\"},\"image\":{\"@id\":\"https:\/\/www.pressenza.com\/it\/2023\/12\/il-direttore-dellospedale-governativo-di-jenin-racconta-le-impossibili-condizioni-di-lavoro-e-di-vita-in-una-cisgiordania-sotto-assedio\/#primaryimage\"},\"thumbnailUrl\":\"https:\/\/www.pressenza.com\/wp-content\/uploads\/2023\/08\/ospedale-pubblico-Jenin-Alessia-Ricci.jpg\",\"datePublished\":\"2023-12-10T17:13:41+00:00\",\"dateModified\":\"2023-12-14T22:13:35+00:00\",\"description\":\"Dopo il 7 ottobre, l\u2019aggressione israeliana contro i palestinesi in Cisgiordania \u00e8 senza freni. Esercito e coloni si scagliano sui civili. Jenin \u00e8 sotto\",\"breadcrumb\":{\"@id\":\"https:\/\/www.pressenza.com\/it\/2023\/12\/il-direttore-dellospedale-governativo-di-jenin-racconta-le-impossibili-condizioni-di-lavoro-e-di-vita-in-una-cisgiordania-sotto-assedio\/#breadcrumb\"},\"inLanguage\":\"it-IT\",\"potentialAction\":[{\"@type\":\"ReadAction\",\"target\":[\"https:\/\/www.pressenza.com\/it\/2023\/12\/il-direttore-dellospedale-governativo-di-jenin-racconta-le-impossibili-condizioni-di-lavoro-e-di-vita-in-una-cisgiordania-sotto-assedio\/\"]}]},{\"@type\":\"ImageObject\",\"inLanguage\":\"it-IT\",\"@id\":\"https:\/\/www.pressenza.com\/it\/2023\/12\/il-direttore-dellospedale-governativo-di-jenin-racconta-le-impossibili-condizioni-di-lavoro-e-di-vita-in-una-cisgiordania-sotto-assedio\/#primaryimage\",\"url\":\"https:\/\/www.pressenza.com\/wp-content\/uploads\/2023\/08\/ospedale-pubblico-Jenin-Alessia-Ricci.jpg\",\"contentUrl\":\"https:\/\/www.pressenza.com\/wp-content\/uploads\/2023\/08\/ospedale-pubblico-Jenin-Alessia-Ricci.jpg\",\"width\":850,\"height\":638},{\"@type\":\"BreadcrumbList\",\"@id\":\"https:\/\/www.pressenza.com\/it\/2023\/12\/il-direttore-dellospedale-governativo-di-jenin-racconta-le-impossibili-condizioni-di-lavoro-e-di-vita-in-una-cisgiordania-sotto-assedio\/#breadcrumb\",\"itemListElement\":[{\"@type\":\"ListItem\",\"position\":1,\"name\":\"Accueil\",\"item\":\"https:\/\/www.pressenza.com\/it\/\"},{\"@type\":\"ListItem\",\"position\":2,\"name\":\"Il Direttore dell\u2019ospedale governativo di Jenin racconta le impossibili condizioni di lavoro e di vita in una Cisgiordania sotto assedio\"}]},{\"@type\":\"WebSite\",\"@id\":\"https:\/\/www.pressenza.com\/it\/#website\",\"url\":\"https:\/\/www.pressenza.com\/it\/\",\"name\":\"Pressenza\",\"description\":\"Agenzia di Stampa Internazionale\",\"publisher\":{\"@id\":\"https:\/\/www.pressenza.com\/it\/#organization\"},\"potentialAction\":[{\"@type\":\"SearchAction\",\"target\":{\"@type\":\"EntryPoint\",\"urlTemplate\":\"https:\/\/www.pressenza.com\/it\/?s={search_term_string}\"},\"query-input\":{\"@type\":\"PropertyValueSpecification\",\"valueRequired\":true,\"valueName\":\"search_term_string\"}}],\"inLanguage\":\"it-IT\"},{\"@type\":\"Organization\",\"@id\":\"https:\/\/www.pressenza.com\/it\/#organization\",\"name\":\"Pressenza\",\"url\":\"https:\/\/www.pressenza.com\/it\/\",\"logo\":{\"@type\":\"ImageObject\",\"inLanguage\":\"it-IT\",\"@id\":\"https:\/\/www.pressenza.com\/it\/#\/schema\/logo\/image\/\",\"url\":\"https:\/\/www.pressenza.com\/wp-content\/uploads\/2022\/10\/pressenza_logo_200x200.jpg\",\"contentUrl\":\"https:\/\/www.pressenza.com\/wp-content\/uploads\/2022\/10\/pressenza_logo_200x200.jpg\",\"width\":200,\"height\":200,\"caption\":\"Pressenza\"},\"image\":{\"@id\":\"https:\/\/www.pressenza.com\/it\/#\/schema\/logo\/image\/\"},\"sameAs\":[\"https:\/\/www.facebook.com\/PressenzaItalia\",\"https:\/\/x.com\/PressenzaIPA\"]},{\"@type\":\"Person\",\"@id\":\"https:\/\/www.pressenza.com\/it\/#\/schema\/person\/8be37c04e77fb549c82a750f7da2cc51\",\"name\":\"Alessia Ricci\",\"description\":\"Si occupa professionalmente di comunicazione e come volontaria di ecologismo, solidariet\u00e0, diritti umani e dei popoli. Fa parte dall'inizio del gruppo stampa nazionale di Extinction Rebellion.\",\"url\":\"https:\/\/www.pressenza.com\/it\/author\/alessia-ricci\/\"}]}<\/script>\n<!-- \/ Yoast SEO plugin. -->","yoast_head_json":{"title":"Il Direttore dell\u2019ospedale governativo di Jenin racconta le impossibili condizioni di lavoro e di vita in una Cisgiordania sotto assedio","description":"Dopo il 7 ottobre, l\u2019aggressione israeliana contro i palestinesi in Cisgiordania \u00e8 senza freni. Esercito e coloni si scagliano sui civili. Jenin \u00e8 sotto","robots":{"index":"index","follow":"follow","max-snippet":"max-snippet:-1","max-image-preview":"max-image-preview:large","max-video-preview":"max-video-preview:-1"},"canonical":"https:\/\/www.pressenza.com\/it\/2023\/12\/il-direttore-dellospedale-governativo-di-jenin-racconta-le-impossibili-condizioni-di-lavoro-e-di-vita-in-una-cisgiordania-sotto-assedio\/","og_locale":"it_IT","og_type":"article","og_title":"Il Direttore dell\u2019ospedale governativo di Jenin racconta le impossibili condizioni di lavoro e di vita in una Cisgiordania sotto assedio","og_description":"Dopo il 7 ottobre, l\u2019aggressione israeliana contro i palestinesi in Cisgiordania \u00e8 senza freni. Esercito e coloni si scagliano sui civili. Jenin \u00e8 sotto","og_url":"https:\/\/www.pressenza.com\/it\/2023\/12\/il-direttore-dellospedale-governativo-di-jenin-racconta-le-impossibili-condizioni-di-lavoro-e-di-vita-in-una-cisgiordania-sotto-assedio\/","og_site_name":"Pressenza","article_publisher":"https:\/\/www.facebook.com\/PressenzaItalia","article_published_time":"2023-12-10T17:13:41+00:00","article_modified_time":"2023-12-14T22:13:35+00:00","og_image":[{"width":850,"height":638,"url":"https:\/\/www.pressenza.com\/wp-content\/uploads\/2023\/08\/ospedale-pubblico-Jenin-Alessia-Ricci.jpg","type":"image\/jpeg"}],"author":"Alessia Ricci","twitter_card":"summary_large_image","twitter_creator":"@PressenzaIPA","twitter_site":"@PressenzaIPA","twitter_misc":{"Scritto da":"Alessia Ricci","Tempo di lettura stimato":"3 minuti"},"schema":{"@context":"https:\/\/schema.org","@graph":[{"@type":"Article","@id":"https:\/\/www.pressenza.com\/it\/2023\/12\/il-direttore-dellospedale-governativo-di-jenin-racconta-le-impossibili-condizioni-di-lavoro-e-di-vita-in-una-cisgiordania-sotto-assedio\/#article","isPartOf":{"@id":"https:\/\/www.pressenza.com\/it\/2023\/12\/il-direttore-dellospedale-governativo-di-jenin-racconta-le-impossibili-condizioni-di-lavoro-e-di-vita-in-una-cisgiordania-sotto-assedio\/"},"author":{"name":"Alessia Ricci","@id":"https:\/\/www.pressenza.com\/it\/#\/schema\/person\/8be37c04e77fb549c82a750f7da2cc51"},"headline":"Il Direttore dell\u2019ospedale governativo di Jenin racconta le impossibili condizioni di lavoro e di vita in una Cisgiordania sotto assedio","datePublished":"2023-12-10T17:13:41+00:00","dateModified":"2023-12-14T22:13:35+00:00","mainEntityOfPage":{"@id":"https:\/\/www.pressenza.com\/it\/2023\/12\/il-direttore-dellospedale-governativo-di-jenin-racconta-le-impossibili-condizioni-di-lavoro-e-di-vita-in-una-cisgiordania-sotto-assedio\/"},"wordCount":572,"publisher":{"@id":"https:\/\/www.pressenza.com\/it\/#organization"},"image":{"@id":"https:\/\/www.pressenza.com\/it\/2023\/12\/il-direttore-dellospedale-governativo-di-jenin-racconta-le-impossibili-condizioni-di-lavoro-e-di-vita-in-una-cisgiordania-sotto-assedio\/#primaryimage"},"thumbnailUrl":"https:\/\/www.pressenza.com\/wp-content\/uploads\/2023\/08\/ospedale-pubblico-Jenin-Alessia-Ricci.jpg","keywords":["Cisgiordania","esercito israeliano","Jenin","ospedale di Jenin"],"articleSection":["contenuti originali","Diritti Umani","Pace e Disarmo"],"inLanguage":"it-IT"},{"@type":"WebPage","@id":"https:\/\/www.pressenza.com\/it\/2023\/12\/il-direttore-dellospedale-governativo-di-jenin-racconta-le-impossibili-condizioni-di-lavoro-e-di-vita-in-una-cisgiordania-sotto-assedio\/","url":"https:\/\/www.pressenza.com\/it\/2023\/12\/il-direttore-dellospedale-governativo-di-jenin-racconta-le-impossibili-condizioni-di-lavoro-e-di-vita-in-una-cisgiordania-sotto-assedio\/","name":"Il Direttore dell\u2019ospedale governativo di Jenin racconta le impossibili condizioni di lavoro e di vita in una Cisgiordania sotto assedio","isPartOf":{"@id":"https:\/\/www.pressenza.com\/it\/#website"},"primaryImageOfPage":{"@id":"https:\/\/www.pressenza.com\/it\/2023\/12\/il-direttore-dellospedale-governativo-di-jenin-racconta-le-impossibili-condizioni-di-lavoro-e-di-vita-in-una-cisgiordania-sotto-assedio\/#primaryimage"},"image":{"@id":"https:\/\/www.pressenza.com\/it\/2023\/12\/il-direttore-dellospedale-governativo-di-jenin-racconta-le-impossibili-condizioni-di-lavoro-e-di-vita-in-una-cisgiordania-sotto-assedio\/#primaryimage"},"thumbnailUrl":"https:\/\/www.pressenza.com\/wp-content\/uploads\/2023\/08\/ospedale-pubblico-Jenin-Alessia-Ricci.jpg","datePublished":"2023-12-10T17:13:41+00:00","dateModified":"2023-12-14T22:13:35+00:00","description":"Dopo il 7 ottobre, l\u2019aggressione israeliana contro i palestinesi in Cisgiordania \u00e8 senza freni. Esercito e coloni si scagliano sui civili. Jenin \u00e8 sotto","breadcrumb":{"@id":"https:\/\/www.pressenza.com\/it\/2023\/12\/il-direttore-dellospedale-governativo-di-jenin-racconta-le-impossibili-condizioni-di-lavoro-e-di-vita-in-una-cisgiordania-sotto-assedio\/#breadcrumb"},"inLanguage":"it-IT","potentialAction":[{"@type":"ReadAction","target":["https:\/\/www.pressenza.com\/it\/2023\/12\/il-direttore-dellospedale-governativo-di-jenin-racconta-le-impossibili-condizioni-di-lavoro-e-di-vita-in-una-cisgiordania-sotto-assedio\/"]}]},{"@type":"ImageObject","inLanguage":"it-IT","@id":"https:\/\/www.pressenza.com\/it\/2023\/12\/il-direttore-dellospedale-governativo-di-jenin-racconta-le-impossibili-condizioni-di-lavoro-e-di-vita-in-una-cisgiordania-sotto-assedio\/#primaryimage","url":"https:\/\/www.pressenza.com\/wp-content\/uploads\/2023\/08\/ospedale-pubblico-Jenin-Alessia-Ricci.jpg","contentUrl":"https:\/\/www.pressenza.com\/wp-content\/uploads\/2023\/08\/ospedale-pubblico-Jenin-Alessia-Ricci.jpg","width":850,"height":638},{"@type":"BreadcrumbList","@id":"https:\/\/www.pressenza.com\/it\/2023\/12\/il-direttore-dellospedale-governativo-di-jenin-racconta-le-impossibili-condizioni-di-lavoro-e-di-vita-in-una-cisgiordania-sotto-assedio\/#breadcrumb","itemListElement":[{"@type":"ListItem","position":1,"name":"Accueil","item":"https:\/\/www.pressenza.com\/it\/"},{"@type":"ListItem","position":2,"name":"Il Direttore dell\u2019ospedale governativo di Jenin racconta le impossibili condizioni di lavoro e di vita in una Cisgiordania sotto assedio"}]},{"@type":"WebSite","@id":"https:\/\/www.pressenza.com\/it\/#website","url":"https:\/\/www.pressenza.com\/it\/","name":"Pressenza","description":"Agenzia di Stampa Internazionale","publisher":{"@id":"https:\/\/www.pressenza.com\/it\/#organization"},"potentialAction":[{"@type":"SearchAction","target":{"@type":"EntryPoint","urlTemplate":"https:\/\/www.pressenza.com\/it\/?s={search_term_string}"},"query-input":{"@type":"PropertyValueSpecification","valueRequired":true,"valueName":"search_term_string"}}],"inLanguage":"it-IT"},{"@type":"Organization","@id":"https:\/\/www.pressenza.com\/it\/#organization","name":"Pressenza","url":"https:\/\/www.pressenza.com\/it\/","logo":{"@type":"ImageObject","inLanguage":"it-IT","@id":"https:\/\/www.pressenza.com\/it\/#\/schema\/logo\/image\/","url":"https:\/\/www.pressenza.com\/wp-content\/uploads\/2022\/10\/pressenza_logo_200x200.jpg","contentUrl":"https:\/\/www.pressenza.com\/wp-content\/uploads\/2022\/10\/pressenza_logo_200x200.jpg","width":200,"height":200,"caption":"Pressenza"},"image":{"@id":"https:\/\/www.pressenza.com\/it\/#\/schema\/logo\/image\/"},"sameAs":["https:\/\/www.facebook.com\/PressenzaItalia","https:\/\/x.com\/PressenzaIPA"]},{"@type":"Person","@id":"https:\/\/www.pressenza.com\/it\/#\/schema\/person\/8be37c04e77fb549c82a750f7da2cc51","name":"Alessia Ricci","description":"Si occupa professionalmente di comunicazione e come volontaria di ecologismo, solidariet\u00e0, diritti umani e dei popoli. Fa parte dall'inizio del gruppo stampa nazionale di Extinction Rebellion.","url":"https:\/\/www.pressenza.com\/it\/author\/alessia-ricci\/"}]}},"place":"","original_article_url":"","_links":{"self":[{"href":"https:\/\/www.pressenza.com\/it\/wp-json\/wp\/v2\/posts\/1787027","targetHints":{"allow":["GET"]}}],"collection":[{"href":"https:\/\/www.pressenza.com\/it\/wp-json\/wp\/v2\/posts"}],"about":[{"href":"https:\/\/www.pressenza.com\/it\/wp-json\/wp\/v2\/types\/post"}],"author":[{"embeddable":true,"href":"https:\/\/www.pressenza.com\/it\/wp-json\/wp\/v2\/users\/2295"}],"replies":[{"embeddable":true,"href":"https:\/\/www.pressenza.com\/it\/wp-json\/wp\/v2\/comments?post=1787027"}],"version-history":[{"count":0,"href":"https:\/\/www.pressenza.com\/it\/wp-json\/wp\/v2\/posts\/1787027\/revisions"}],"wp:featuredmedia":[{"embeddable":true,"href":"https:\/\/www.pressenza.com\/it\/wp-json\/wp\/v2\/media\/1755556"}],"wp:attachment":[{"href":"https:\/\/www.pressenza.com\/it\/wp-json\/wp\/v2\/media?parent=1787027"}],"wp:term":[{"taxonomy":"category","embeddable":true,"href":"https:\/\/www.pressenza.com\/it\/wp-json\/wp\/v2\/categories?post=1787027"},{"taxonomy":"post_tag","embeddable":true,"href":"https:\/\/www.pressenza.com\/it\/wp-json\/wp\/v2\/tags?post=1787027"}],"curies":[{"name":"wp","href":"https:\/\/api.w.org\/{rel}","templated":true}]}}