{"id":1785954,"date":"2023-12-05T15:02:45","date_gmt":"2023-12-05T15:02:45","guid":{"rendered":"https:\/\/www.pressenza.com\/?p=1785954"},"modified":"2023-12-05T15:08:19","modified_gmt":"2023-12-05T15:08:19","slug":"grande-marcia-per-il-clima-a-bruxelles","status":"publish","type":"post","link":"https:\/\/www.pressenza.com\/it\/2023\/12\/grande-marcia-per-il-clima-a-bruxelles\/","title":{"rendered":"Grande marcia per il clima a Bruxelles"},"content":{"rendered":"<p><strong>Il 3 dicembre pi\u00f9 di 20.000 attivisti per il clima hanno manifestato a Bruxelles.<\/strong><\/p>\n<p>La marcia \u00e8 stata organizzata dalla Coalizione per il clima, che riunisce un centinaio di associazioni, Ong e sindacati attivi in tutto il Belgio fin dal 2009. Molte altre organizzazioni e partiti politici hanno partecipato alla manifestazione.<\/p>\n<p>&#8220;Scendiamo in piazza in massa per chiedere che il Belgio e l&#8217;Europa si mettano finalmente d&#8217;accordo per rendere sostenibile il settore industriale, migliorare la qualit\u00e0 dei trasporti pubblici, isolare le nostre case e recuperare la natura&#8221;, ha dichiarato Nicolas Van Nuffel, presidente della Coalizione per il clima.<\/p>\n<p>Con il limite di 1,5\u00b0C del riscaldamento globale che si avvicina ogni giorno di pi\u00f9, la priorit\u00e0 principale del prossimo governo dovrebbe essere quella di combattere la crisi climatica.<\/p>\n<p>La Coalizione per il clima ha dichiarato che: \u201cOgni decimo di grado conta. Ogni 0,1\u00b0C in meno di riscaldamento significa pi\u00f9 biodiversit\u00e0, pi\u00f9 uguaglianza, migliori posti di lavoro, aria pi\u00f9 pulita, meno ondate di calore e meno inondazioni. Ogni decimo di grado in pi\u00f9 significa un futuro migliore e un mondo meno difficile per noi, i nostri figli e i loro figli&#8221;.<\/p>\n<p>I manifestanti hanno chiesto, tra l&#8217;altro, la protezione della natura, alloggi ecologici e accessibili a tutti, la riduzione delle emissioni di CO2, la <a href=\"https:\/\/it.wikipedia.org\/wiki\/Giustizia_di_transizione\">giustizia di transizione<\/a>, la neutralit\u00e0 delle emissioni di carbonio entro il 2040 e la solidariet\u00e0 internazionale.<\/p>\n<p>Mentre la COP28 si svolge a Dubai, cresce la pressione per rispettare l&#8217;impegno di un limite di 1,5 gradi concordato dai leader mondiali a Parigi nel 2015.<\/p>\n<p>Testo e foto di Dimitrios Karyamis<\/p>\n<p>Traduzione dall\u2019inglese di Anna Polo<\/p>\n<div class=\"post-gallery\">\n\t\t\t<figure class=\"post-gallery-item\">\n\t\t\t\t<img decoding=\"async\" src=\"https:\/\/www.pressenza.com\/wp-content\/uploads\/2023\/12\/IMG_0075-min-820x547.jpg\" loading=\"lazy\">\n\t\t\t\t<figcaption>\n\t\t\t\t\t\n\t\t\t\t<\/figcaption>\n\t\t\t<\/figure>\n\t\t\t<figure class=\"post-gallery-item\">\n\t\t\t\t<img decoding=\"async\" src=\"https:\/\/www.pressenza.com\/wp-content\/uploads\/2023\/12\/IMG_0191-min-820x547.jpg\" loading=\"lazy\">\n\t\t\t\t<figcaption>\n\t\t\t\t\t\n\t\t\t\t<\/figcaption>\n\t\t\t<\/figure>\n\t\t\t<figure class=\"post-gallery-item\">\n\t\t\t\t<img decoding=\"async\" src=\"https:\/\/www.pressenza.com\/wp-content\/uploads\/2023\/12\/IMG_0232-min-820x547.jpg\" loading=\"lazy\">\n\t\t\t\t<figcaption>\n\t\t\t\t\t\n\t\t\t\t<\/figcaption>\n\t\t\t<\/figure>\n\t\t\t<figure class=\"post-gallery-item\">\n\t\t\t\t<img decoding=\"async\" src=\"https:\/\/www.pressenza.com\/wp-content\/uploads\/2023\/12\/IMG_0268-min-820x547.jpg\" loading=\"lazy\">\n\t\t\t\t<figcaption>\n\t\t\t\t\t\n\t\t\t\t<\/figcaption>\n\t\t\t<\/figure>\n\t\t\t<figure class=\"post-gallery-item\">\n\t\t\t\t<img decoding=\"async\" src=\"https:\/\/www.pressenza.com\/wp-content\/uploads\/2023\/12\/IMG_0277-min-820x547.jpg\" loading=\"lazy\">\n\t\t\t\t<figcaption>\n\t\t\t\t\t\n\t\t\t\t<\/figcaption>\n\t\t\t<\/figure>\n\t\t\t<figure class=\"post-gallery-item\">\n\t\t\t\t<img decoding=\"async\" src=\"https:\/\/www.pressenza.com\/wp-content\/uploads\/2023\/12\/IMG_0384-min-820x547.jpg\" loading=\"lazy\">\n\t\t\t\t<figcaption>\n\t\t\t\t\t\n\t\t\t\t<\/figcaption>\n\t\t\t<\/figure>\n\t\t\t<figure class=\"post-gallery-item\">\n\t\t\t\t<img decoding=\"async\" src=\"https:\/\/www.pressenza.com\/wp-content\/uploads\/2023\/12\/IMG_9600-min-820x547.jpg\" loading=\"lazy\">\n\t\t\t\t<figcaption>\n\t\t\t\t\t\n\t\t\t\t<\/figcaption>\n\t\t\t<\/figure>\n\t\t\t<figure class=\"post-gallery-item\">\n\t\t\t\t<img decoding=\"async\" src=\"https:\/\/www.pressenza.com\/wp-content\/uploads\/2023\/12\/IMG_9829-min-820x547.jpg\" loading=\"lazy\">\n\t\t\t\t<figcaption>\n\t\t\t\t\t\n\t\t\t\t<\/figcaption>\n\t\t\t<\/figure>\n\t\t\t<figure class=\"post-gallery-item\">\n\t\t\t\t<img decoding=\"async\" src=\"https:\/\/www.pressenza.com\/wp-content\/uploads\/2023\/12\/IMG_9858-min-820x547.jpg\" loading=\"lazy\">\n\t\t\t\t<figcaption>\n\t\t\t\t\t\n\t\t\t\t<\/figcaption>\n\t\t\t<\/figure><\/div>\n","protected":false},"excerpt":{"rendered":"<p>Il 3 dicembre pi\u00f9 di 20.000 attivisti per il clima hanno manifestato a Bruxelles. La marcia \u00e8 stata organizzata dalla Coalizione per il clima, che riunisce un centinaio di associazioni, Ong e sindacati attivi in tutto il Belgio fin dal&hellip;<\/p>\n","protected":false},"author":1220,"featured_media":1785955,"comment_status":"closed","ping_status":"closed","sticky":false,"template":"","format":"standard","meta":{"footnotes":""},"categories":[11388,59,47,5677],"tags":[20877,9775,118359,109572,318],"class_list":["post-1785954","post","type-post","status-publish","format-standard","has-post-thumbnail","hentry","category-contenuti-originali","category-ambiente-ecologia","category-europa","category-fotoreportages","tag-belgio","tag-cambiamento-climatico","tag-coalizione-per-il-clima","tag-cop28-it","tag-manifestazione"],"yoast_head":"<!-- This site is optimized with the Yoast SEO plugin v27.1.1 - https:\/\/yoast.com\/product\/yoast-seo-wordpress\/ -->\n<title>Grande marcia per il clima a Bruxelles<\/title>\n<meta name=\"description\" content=\"Il 3 dicembre pi\u00f9 di 20.000 attivisti per il clima hanno manifestato a Bruxelles. La marcia \u00e8 stata organizzata dalla Coalizione per il clima, che\" \/>\n<meta name=\"robots\" content=\"index, follow, max-snippet:-1, max-image-preview:large, max-video-preview:-1\" \/>\n<link rel=\"canonical\" href=\"https:\/\/www.pressenza.com\/it\/2023\/12\/grande-marcia-per-il-clima-a-bruxelles\/\" \/>\n<meta property=\"og:locale\" content=\"it_IT\" \/>\n<meta property=\"og:type\" content=\"article\" \/>\n<meta property=\"og:title\" content=\"Grande marcia per il clima a Bruxelles\" \/>\n<meta property=\"og:description\" content=\"Il 3 dicembre pi\u00f9 di 20.000 attivisti per il clima hanno manifestato a Bruxelles. La marcia \u00e8 stata organizzata dalla Coalizione per il clima, che\" \/>\n<meta property=\"og:url\" content=\"https:\/\/www.pressenza.com\/it\/2023\/12\/grande-marcia-per-il-clima-a-bruxelles\/\" \/>\n<meta property=\"og:site_name\" content=\"Pressenza\" \/>\n<meta property=\"article:publisher\" content=\"https:\/\/www.facebook.com\/PressenzaItalia\" \/>\n<meta property=\"article:author\" content=\"https:\/\/www.facebook.com\/pressenzagr\/\" \/>\n<meta property=\"article:published_time\" content=\"2023-12-05T15:02:45+00:00\" \/>\n<meta property=\"article:modified_time\" content=\"2023-12-05T15:08:19+00:00\" \/>\n<meta property=\"og:image\" content=\"https:\/\/www.pressenza.com\/wp-content\/uploads\/2023\/12\/IMG_9607-min.jpg\" \/>\n\t<meta property=\"og:image:width\" content=\"1920\" \/>\n\t<meta property=\"og:image:height\" content=\"1280\" \/>\n\t<meta property=\"og:image:type\" content=\"image\/jpeg\" \/>\n<meta name=\"author\" content=\"Pressenza Athens\" \/>\n<meta name=\"twitter:card\" content=\"summary_large_image\" \/>\n<meta name=\"twitter:creator\" content=\"@Pressenza_ath\" \/>\n<meta name=\"twitter:site\" content=\"@PressenzaIPA\" \/>\n<meta name=\"twitter:label1\" content=\"Scritto da\" \/>\n\t<meta name=\"twitter:data1\" content=\"Pressenza Athens\" \/>\n\t<meta name=\"twitter:label2\" content=\"Tempo di lettura stimato\" \/>\n\t<meta name=\"twitter:data2\" content=\"2 minuti\" \/>\n<script type=\"application\/ld+json\" class=\"yoast-schema-graph\">{\"@context\":\"https:\/\/schema.org\",\"@graph\":[{\"@type\":\"Article\",\"@id\":\"https:\/\/www.pressenza.com\/it\/2023\/12\/grande-marcia-per-il-clima-a-bruxelles\/#article\",\"isPartOf\":{\"@id\":\"https:\/\/www.pressenza.com\/it\/2023\/12\/grande-marcia-per-il-clima-a-bruxelles\/\"},\"author\":{\"name\":\"Pressenza Athens\",\"@id\":\"https:\/\/www.pressenza.com\/it\/#\/schema\/person\/9eae8d7f0aad5ec6a7f6f21ec94480fb\"},\"headline\":\"Grande marcia per il clima a Bruxelles\",\"datePublished\":\"2023-12-05T15:02:45+00:00\",\"dateModified\":\"2023-12-05T15:08:19+00:00\",\"mainEntityOfPage\":{\"@id\":\"https:\/\/www.pressenza.com\/it\/2023\/12\/grande-marcia-per-il-clima-a-bruxelles\/\"},\"wordCount\":273,\"publisher\":{\"@id\":\"https:\/\/www.pressenza.com\/it\/#organization\"},\"image\":{\"@id\":\"https:\/\/www.pressenza.com\/it\/2023\/12\/grande-marcia-per-il-clima-a-bruxelles\/#primaryimage\"},\"thumbnailUrl\":\"https:\/\/www.pressenza.com\/wp-content\/uploads\/2023\/12\/IMG_9607-min.jpg\",\"keywords\":[\"Belgio\",\"cambiamento climatico\",\"Coalizione per il clima\",\"COP28\",\"manifestazione\"],\"articleSection\":[\"contenuti originali\",\"Ecologia ed Ambiente\",\"Europa\",\"Fotoreportages\"],\"inLanguage\":\"it-IT\"},{\"@type\":\"WebPage\",\"@id\":\"https:\/\/www.pressenza.com\/it\/2023\/12\/grande-marcia-per-il-clima-a-bruxelles\/\",\"url\":\"https:\/\/www.pressenza.com\/it\/2023\/12\/grande-marcia-per-il-clima-a-bruxelles\/\",\"name\":\"Grande marcia per il clima a Bruxelles\",\"isPartOf\":{\"@id\":\"https:\/\/www.pressenza.com\/it\/#website\"},\"primaryImageOfPage\":{\"@id\":\"https:\/\/www.pressenza.com\/it\/2023\/12\/grande-marcia-per-il-clima-a-bruxelles\/#primaryimage\"},\"image\":{\"@id\":\"https:\/\/www.pressenza.com\/it\/2023\/12\/grande-marcia-per-il-clima-a-bruxelles\/#primaryimage\"},\"thumbnailUrl\":\"https:\/\/www.pressenza.com\/wp-content\/uploads\/2023\/12\/IMG_9607-min.jpg\",\"datePublished\":\"2023-12-05T15:02:45+00:00\",\"dateModified\":\"2023-12-05T15:08:19+00:00\",\"description\":\"Il 3 dicembre pi\u00f9 di 20.000 attivisti per il clima hanno manifestato a Bruxelles. La marcia \u00e8 stata organizzata dalla Coalizione per il clima, che\",\"breadcrumb\":{\"@id\":\"https:\/\/www.pressenza.com\/it\/2023\/12\/grande-marcia-per-il-clima-a-bruxelles\/#breadcrumb\"},\"inLanguage\":\"it-IT\",\"potentialAction\":[{\"@type\":\"ReadAction\",\"target\":[\"https:\/\/www.pressenza.com\/it\/2023\/12\/grande-marcia-per-il-clima-a-bruxelles\/\"]}]},{\"@type\":\"ImageObject\",\"inLanguage\":\"it-IT\",\"@id\":\"https:\/\/www.pressenza.com\/it\/2023\/12\/grande-marcia-per-il-clima-a-bruxelles\/#primaryimage\",\"url\":\"https:\/\/www.pressenza.com\/wp-content\/uploads\/2023\/12\/IMG_9607-min.jpg\",\"contentUrl\":\"https:\/\/www.pressenza.com\/wp-content\/uploads\/2023\/12\/IMG_9607-min.jpg\",\"width\":1920,\"height\":1280,\"caption\":\"Climate March, Brussels\"},{\"@type\":\"BreadcrumbList\",\"@id\":\"https:\/\/www.pressenza.com\/it\/2023\/12\/grande-marcia-per-il-clima-a-bruxelles\/#breadcrumb\",\"itemListElement\":[{\"@type\":\"ListItem\",\"position\":1,\"name\":\"Accueil\",\"item\":\"https:\/\/www.pressenza.com\/it\/\"},{\"@type\":\"ListItem\",\"position\":2,\"name\":\"Grande marcia per il clima a Bruxelles\"}]},{\"@type\":\"WebSite\",\"@id\":\"https:\/\/www.pressenza.com\/it\/#website\",\"url\":\"https:\/\/www.pressenza.com\/it\/\",\"name\":\"Pressenza\",\"description\":\"Agenzia di Stampa Internazionale\",\"publisher\":{\"@id\":\"https:\/\/www.pressenza.com\/it\/#organization\"},\"potentialAction\":[{\"@type\":\"SearchAction\",\"target\":{\"@type\":\"EntryPoint\",\"urlTemplate\":\"https:\/\/www.pressenza.com\/it\/?s={search_term_string}\"},\"query-input\":{\"@type\":\"PropertyValueSpecification\",\"valueRequired\":true,\"valueName\":\"search_term_string\"}}],\"inLanguage\":\"it-IT\"},{\"@type\":\"Organization\",\"@id\":\"https:\/\/www.pressenza.com\/it\/#organization\",\"name\":\"Pressenza\",\"url\":\"https:\/\/www.pressenza.com\/it\/\",\"logo\":{\"@type\":\"ImageObject\",\"inLanguage\":\"it-IT\",\"@id\":\"https:\/\/www.pressenza.com\/it\/#\/schema\/logo\/image\/\",\"url\":\"https:\/\/www.pressenza.com\/wp-content\/uploads\/2022\/10\/pressenza_logo_200x200.jpg\",\"contentUrl\":\"https:\/\/www.pressenza.com\/wp-content\/uploads\/2022\/10\/pressenza_logo_200x200.jpg\",\"width\":200,\"height\":200,\"caption\":\"Pressenza\"},\"image\":{\"@id\":\"https:\/\/www.pressenza.com\/it\/#\/schema\/logo\/image\/\"},\"sameAs\":[\"https:\/\/www.facebook.com\/PressenzaItalia\",\"https:\/\/x.com\/PressenzaIPA\"]},{\"@type\":\"Person\",\"@id\":\"https:\/\/www.pressenza.com\/it\/#\/schema\/person\/9eae8d7f0aad5ec6a7f6f21ec94480fb\",\"name\":\"Pressenza Athens\",\"description\":\"News from the Pressenza Bureau in Athens, Greece\",\"sameAs\":[\"https:\/\/www.facebook.com\/pressenzagr\/\",\"https:\/\/x.com\/Pressenza_ath\"],\"url\":\"https:\/\/www.pressenza.com\/it\/author\/pressenza-athens\/\"}]}<\/script>\n<!-- \/ Yoast SEO plugin. -->","yoast_head_json":{"title":"Grande marcia per il clima a Bruxelles","description":"Il 3 dicembre pi\u00f9 di 20.000 attivisti per il clima hanno manifestato a Bruxelles. La marcia \u00e8 stata organizzata dalla Coalizione per il clima, che","robots":{"index":"index","follow":"follow","max-snippet":"max-snippet:-1","max-image-preview":"max-image-preview:large","max-video-preview":"max-video-preview:-1"},"canonical":"https:\/\/www.pressenza.com\/it\/2023\/12\/grande-marcia-per-il-clima-a-bruxelles\/","og_locale":"it_IT","og_type":"article","og_title":"Grande marcia per il clima a Bruxelles","og_description":"Il 3 dicembre pi\u00f9 di 20.000 attivisti per il clima hanno manifestato a Bruxelles. La marcia \u00e8 stata organizzata dalla Coalizione per il clima, che","og_url":"https:\/\/www.pressenza.com\/it\/2023\/12\/grande-marcia-per-il-clima-a-bruxelles\/","og_site_name":"Pressenza","article_publisher":"https:\/\/www.facebook.com\/PressenzaItalia","article_author":"https:\/\/www.facebook.com\/pressenzagr\/","article_published_time":"2023-12-05T15:02:45+00:00","article_modified_time":"2023-12-05T15:08:19+00:00","og_image":[{"width":1920,"height":1280,"url":"https:\/\/www.pressenza.com\/wp-content\/uploads\/2023\/12\/IMG_9607-min.jpg","type":"image\/jpeg"}],"author":"Pressenza Athens","twitter_card":"summary_large_image","twitter_creator":"@Pressenza_ath","twitter_site":"@PressenzaIPA","twitter_misc":{"Scritto da":"Pressenza Athens","Tempo di lettura stimato":"2 minuti"},"schema":{"@context":"https:\/\/schema.org","@graph":[{"@type":"Article","@id":"https:\/\/www.pressenza.com\/it\/2023\/12\/grande-marcia-per-il-clima-a-bruxelles\/#article","isPartOf":{"@id":"https:\/\/www.pressenza.com\/it\/2023\/12\/grande-marcia-per-il-clima-a-bruxelles\/"},"author":{"name":"Pressenza Athens","@id":"https:\/\/www.pressenza.com\/it\/#\/schema\/person\/9eae8d7f0aad5ec6a7f6f21ec94480fb"},"headline":"Grande marcia per il clima a Bruxelles","datePublished":"2023-12-05T15:02:45+00:00","dateModified":"2023-12-05T15:08:19+00:00","mainEntityOfPage":{"@id":"https:\/\/www.pressenza.com\/it\/2023\/12\/grande-marcia-per-il-clima-a-bruxelles\/"},"wordCount":273,"publisher":{"@id":"https:\/\/www.pressenza.com\/it\/#organization"},"image":{"@id":"https:\/\/www.pressenza.com\/it\/2023\/12\/grande-marcia-per-il-clima-a-bruxelles\/#primaryimage"},"thumbnailUrl":"https:\/\/www.pressenza.com\/wp-content\/uploads\/2023\/12\/IMG_9607-min.jpg","keywords":["Belgio","cambiamento climatico","Coalizione per il clima","COP28","manifestazione"],"articleSection":["contenuti originali","Ecologia ed Ambiente","Europa","Fotoreportages"],"inLanguage":"it-IT"},{"@type":"WebPage","@id":"https:\/\/www.pressenza.com\/it\/2023\/12\/grande-marcia-per-il-clima-a-bruxelles\/","url":"https:\/\/www.pressenza.com\/it\/2023\/12\/grande-marcia-per-il-clima-a-bruxelles\/","name":"Grande marcia per il clima a Bruxelles","isPartOf":{"@id":"https:\/\/www.pressenza.com\/it\/#website"},"primaryImageOfPage":{"@id":"https:\/\/www.pressenza.com\/it\/2023\/12\/grande-marcia-per-il-clima-a-bruxelles\/#primaryimage"},"image":{"@id":"https:\/\/www.pressenza.com\/it\/2023\/12\/grande-marcia-per-il-clima-a-bruxelles\/#primaryimage"},"thumbnailUrl":"https:\/\/www.pressenza.com\/wp-content\/uploads\/2023\/12\/IMG_9607-min.jpg","datePublished":"2023-12-05T15:02:45+00:00","dateModified":"2023-12-05T15:08:19+00:00","description":"Il 3 dicembre pi\u00f9 di 20.000 attivisti per il clima hanno manifestato a Bruxelles. La marcia \u00e8 stata organizzata dalla Coalizione per il clima, che","breadcrumb":{"@id":"https:\/\/www.pressenza.com\/it\/2023\/12\/grande-marcia-per-il-clima-a-bruxelles\/#breadcrumb"},"inLanguage":"it-IT","potentialAction":[{"@type":"ReadAction","target":["https:\/\/www.pressenza.com\/it\/2023\/12\/grande-marcia-per-il-clima-a-bruxelles\/"]}]},{"@type":"ImageObject","inLanguage":"it-IT","@id":"https:\/\/www.pressenza.com\/it\/2023\/12\/grande-marcia-per-il-clima-a-bruxelles\/#primaryimage","url":"https:\/\/www.pressenza.com\/wp-content\/uploads\/2023\/12\/IMG_9607-min.jpg","contentUrl":"https:\/\/www.pressenza.com\/wp-content\/uploads\/2023\/12\/IMG_9607-min.jpg","width":1920,"height":1280,"caption":"Climate March, Brussels"},{"@type":"BreadcrumbList","@id":"https:\/\/www.pressenza.com\/it\/2023\/12\/grande-marcia-per-il-clima-a-bruxelles\/#breadcrumb","itemListElement":[{"@type":"ListItem","position":1,"name":"Accueil","item":"https:\/\/www.pressenza.com\/it\/"},{"@type":"ListItem","position":2,"name":"Grande marcia per il clima a Bruxelles"}]},{"@type":"WebSite","@id":"https:\/\/www.pressenza.com\/it\/#website","url":"https:\/\/www.pressenza.com\/it\/","name":"Pressenza","description":"Agenzia di Stampa Internazionale","publisher":{"@id":"https:\/\/www.pressenza.com\/it\/#organization"},"potentialAction":[{"@type":"SearchAction","target":{"@type":"EntryPoint","urlTemplate":"https:\/\/www.pressenza.com\/it\/?s={search_term_string}"},"query-input":{"@type":"PropertyValueSpecification","valueRequired":true,"valueName":"search_term_string"}}],"inLanguage":"it-IT"},{"@type":"Organization","@id":"https:\/\/www.pressenza.com\/it\/#organization","name":"Pressenza","url":"https:\/\/www.pressenza.com\/it\/","logo":{"@type":"ImageObject","inLanguage":"it-IT","@id":"https:\/\/www.pressenza.com\/it\/#\/schema\/logo\/image\/","url":"https:\/\/www.pressenza.com\/wp-content\/uploads\/2022\/10\/pressenza_logo_200x200.jpg","contentUrl":"https:\/\/www.pressenza.com\/wp-content\/uploads\/2022\/10\/pressenza_logo_200x200.jpg","width":200,"height":200,"caption":"Pressenza"},"image":{"@id":"https:\/\/www.pressenza.com\/it\/#\/schema\/logo\/image\/"},"sameAs":["https:\/\/www.facebook.com\/PressenzaItalia","https:\/\/x.com\/PressenzaIPA"]},{"@type":"Person","@id":"https:\/\/www.pressenza.com\/it\/#\/schema\/person\/9eae8d7f0aad5ec6a7f6f21ec94480fb","name":"Pressenza Athens","description":"News from the Pressenza Bureau in Athens, Greece","sameAs":["https:\/\/www.facebook.com\/pressenzagr\/","https:\/\/x.com\/Pressenza_ath"],"url":"https:\/\/www.pressenza.com\/it\/author\/pressenza-athens\/"}]}},"place":"Bruxelles","original_article_url":"","_links":{"self":[{"href":"https:\/\/www.pressenza.com\/it\/wp-json\/wp\/v2\/posts\/1785954","targetHints":{"allow":["GET"]}}],"collection":[{"href":"https:\/\/www.pressenza.com\/it\/wp-json\/wp\/v2\/posts"}],"about":[{"href":"https:\/\/www.pressenza.com\/it\/wp-json\/wp\/v2\/types\/post"}],"author":[{"embeddable":true,"href":"https:\/\/www.pressenza.com\/it\/wp-json\/wp\/v2\/users\/1220"}],"replies":[{"embeddable":true,"href":"https:\/\/www.pressenza.com\/it\/wp-json\/wp\/v2\/comments?post=1785954"}],"version-history":[{"count":0,"href":"https:\/\/www.pressenza.com\/it\/wp-json\/wp\/v2\/posts\/1785954\/revisions"}],"wp:featuredmedia":[{"embeddable":true,"href":"https:\/\/www.pressenza.com\/it\/wp-json\/wp\/v2\/media\/1785955"}],"wp:attachment":[{"href":"https:\/\/www.pressenza.com\/it\/wp-json\/wp\/v2\/media?parent=1785954"}],"wp:term":[{"taxonomy":"category","embeddable":true,"href":"https:\/\/www.pressenza.com\/it\/wp-json\/wp\/v2\/categories?post=1785954"},{"taxonomy":"post_tag","embeddable":true,"href":"https:\/\/www.pressenza.com\/it\/wp-json\/wp\/v2\/tags?post=1785954"}],"curies":[{"name":"wp","href":"https:\/\/api.w.org\/{rel}","templated":true}]}}