{"id":1784536,"date":"2023-11-29T08:24:04","date_gmt":"2023-11-29T08:24:04","guid":{"rendered":"https:\/\/www.pressenza.com\/?p=1784536"},"modified":"2023-11-29T08:27:08","modified_gmt":"2023-11-29T08:27:08","slug":"i-paesi-ricchi-piantano-in-asso-i-paesi-poveri-sui-cambiamenti-climatici","status":"publish","type":"post","link":"https:\/\/www.pressenza.com\/it\/2023\/11\/i-paesi-ricchi-piantano-in-asso-i-paesi-poveri-sui-cambiamenti-climatici\/","title":{"rendered":"I Paesi ricchi piantano in asso i Paesi poveri sui cambiamenti climatici"},"content":{"rendered":"<blockquote><p><strong>Molti Paesi non stanno mantenendo le promesse di finanziamento per il clima. Eppure sarebbero comunque necessari pi\u00f9 soldi.<\/strong><\/p><\/blockquote>\n<p>Mentre i Paesi ricchi stanno mobilitando ingenti risorse interne per la transizione verde, molti Paesi poveri sono in attesa di fondi. Il sostegno finanziario promesso dai Paesi ricchi per la protezione del clima non si \u00e8 finora concretizzato. Anche le promesse pi\u00f9 recenti sono troppo basse, criticano molte ONG e le Nazioni Unite.<\/p>\n<p>Molte promesse sono in ritardo di anni, riassume l&#8217;agenzia di stampa AP in occasione della conferenza dei donatori tenutasi a Bonn in ottobre, durante la quale \u00e8 stato promesso un totale di 9,3 miliardi di dollari. I fondi sono destinati a rimpinguare il Fondo Verde per il Clima con sede in Corea del Sud. Grandi Paesi come gli Stati Uniti e la Cina non hanno ancora onorato le loro promesse.<\/p>\n<h3><strong>Stati Uniti e Cina stanno indugiando<\/strong><\/h3>\n<p>AP critica in particolare gli sforzi degli Stati Uniti. Dei tre miliardi di dollari promessi nove anni fa per il Fondo Verde per il Clima, ne hanno forniti solo due. E degli 11,4 miliardi di dollari che il Presidente Biden si \u00e8 impegnato personalmente a destinare ai Paesi in via di sviluppo, il Congresso ne ha approvato solo un miliardo. Gli Stati Uniti non hanno offerto nuovi fondi alla conferenza di Bonn.<\/p>\n<p>La Cina insiste sul fatto che \u00e8 ancora un&#8217;economia emergente e che finora ha aderito solo ad alcuni round di donatori. Dei soli 3,1 miliardi di dollari che la Cina ha promesso ai Paesi pi\u00f9 poveri in sette anni, il Paese ha finora erogato <a href=\"https:\/\/www.e3g.org\/publications\/follow-the-money-chinese-climate-related-finance-to-the-global-south\/\">solo il dieci per cento<\/a>. In confronto: la sola Germania ha promesso 2,1 miliardi di dollari all&#8217;ultima conferenza dei donatori a Bonn.<\/p>\n<h3><strong>ONU: mancano diversi trilioni di dollari<\/strong><\/h3>\n<p>Nel 2023, decine di migliaia di persone sono morte a causa di disastri alluvionali in Libia, India e Pakistan. In Pakistan, si stima che le inondazioni abbiano distrutto beni per un valore di 30 miliardi di dollari.<\/p>\n<p>Nel 2030, tra sette anni, 500 milioni di persone saranno esposte a temperature pericolosamente elevate. Questo secondo un&#8217;analisi del Washington Post e di Carbon Plan, una ONG che si occupa di ricerca sul clima. L&#8217;Asia meridionale e il Medio Oriente saranno particolarmente colpiti.<\/p>\n<p>Il 2023 sar\u00e0 un anno di delusioni, afferma al quotidiano statunitense Washington Post Khadeeja Naseem, ministra del clima e dell&#8217;ambiente delle Maldive. &#8220;\u00c8 un disastro dopo l&#8217;altro. Non riusciamo a stare al passo con gli effetti della crisi che gi\u00e0 esistono&#8221;. Dei 100 miliardi di dollari all&#8217;anno promessi dai Paesi donatori entro il 2020, mancano all&#8217;appello fino a 17 miliardi di dollari all&#8217;anno.<\/p>\n<p>A Bonn, il ministro tedesco per lo Sviluppo Svenja Schulze ha dichiarato di ritenere sempre pi\u00f9 responsabili i Paesi che non appartengono ai donatori tradizionali, come gli Stati del Golfo e i pesi massimi delle emissioni come la Cina.<\/p>\n<p>A settembre le Nazioni Unite hanno stimato in diversi trilioni di dollari il deficit di finanziamento globale per superare la crisi.<\/p>\n<h3><strong>COP28: questa volta \u00e8 tutta una questione di denaro<\/strong><\/h3>\n<p>La questione del denaro sta gi\u00e0 causando tensioni in vista della conferenza mondiale sul clima COP28, che inizier\u00e0 il 30 novembre a Dubai. Le promesse di finanziamento non mantenute sono un grosso peso per i negoziatori.<\/p>\n<p>Secondo un <a href=\"https:\/\/unfccc.int\/sites\/default\/files\/resource\/sb2023_09_adv.pdf\">bilancio globale pubblicato dalle Nazioni Unite<\/a> a settembre, i 100 miliardi di dollari all&#8217;anno che i Paesi donatori hanno promesso finora sono ancora molto lontani dai trilioni necessari per sviluppare l&#8217;energia pulita. I finanziamenti da tutte le fonti devono essere &#8220;drasticamente aumentati&#8221;. Una delle raccomandazioni dell&#8217;ONU \u00e8 quella di riorientare i sussidi ai combustibili fossili, che hanno raggiunto livelli record.<\/p>\n<h3><strong>&#8220;Ridurre i sussidi ai combustibili fossili&#8221;, raccomandano le Nazioni Unite<\/strong><\/h3>\n<p>Anche l&#8217;istituzione e il finanziamento di un <a href=\"https:\/\/table.media\/climate\/standpunkt\/warum-der-erfolg-der-cop28-am-fonds-fuer-schaeden-und-verluste-haengt\/\">Fondo per le perdite e i danni<\/a> \u00a0da parte dei Paesi industrializzati, concordato alla COP27, non sta facendo progressi. Ciononostante, i Paesi industrializzati stanno aumentando le sovvenzioni per i progetti di energia pulita, senza per\u00f2 fornire aiuti internazionali. Tutto ci\u00f2 ha irritato molti Paesi in via di sviluppo.<\/p>\n<p>Il Fondo Monetario Internazionale e la Banca Mondiale stanno discutendo le riforme per aumentare i finanziamenti legati al clima. Mentre le battaglie politiche, gli ostacoli burocratici e i dibattiti sulle nuove regole ostacolano l&#8217;erogazione dei fondi promessi, i Paesi in via di sviluppo ed emergenti sperano nei finanziamenti privati.<\/p>\n<p>Secondo Adnan Amin, responsabile del vertice COP28, l&#8217;aumento dei fondi provenienti dal settore privato \u00e8 una delle priorit\u00e0. Ci\u00f2 significa che \u00e8 qui che ci sono le maggiori possibilit\u00e0 di raccogliere i fondi urgentemente necessari. Nel 2021, le banche di sviluppo hanno mobilitato solo 25 centesimi di capitale privato per ogni dollaro di finanziamento per il clima.<\/p>\n<p><em>Traduzione dal tedesco di Thomas Schmid.<\/em><\/p>\n","protected":false},"excerpt":{"rendered":"<p>Molti Paesi non stanno mantenendo le promesse di finanziamento per il clima. Eppure sarebbero comunque necessari pi\u00f9 soldi. Mentre i Paesi ricchi stanno mobilitando ingenti risorse interne per la transizione verde, molti Paesi poveri sono in attesa di fondi. Il&hellip;<\/p>\n","protected":false},"author":1855,"featured_media":1784540,"comment_status":"closed","ping_status":"closed","sticky":false,"template":"","format":"standard","meta":{"footnotes":""},"categories":[59,38],"tags":[9775,7908,118178,65413,81388],"class_list":["post-1784536","post","type-post","status-publish","format-standard","has-post-thumbnail","hentry","category-ambiente-ecologia","category-internazionale","tag-cambiamento-climatico","tag-clima","tag-finanza-climatica","tag-giustizia-climatica","tag-protezione-del-clima"],"yoast_head":"<!-- This site is optimized with the Yoast SEO plugin v27.1.1 - https:\/\/yoast.com\/product\/yoast-seo-wordpress\/ -->\n<title>I Paesi ricchi piantano in asso i Paesi poveri sui cambiamenti climatici<\/title>\n<meta name=\"description\" content=\"Molti Paesi non stanno mantenendo le promesse di finanziamento per il clima. Eppure sarebbero comunque necessari pi\u00f9 soldi.\" \/>\n<meta name=\"robots\" content=\"index, follow, max-snippet:-1, max-image-preview:large, max-video-preview:-1\" \/>\n<link rel=\"canonical\" href=\"https:\/\/www.pressenza.com\/it\/2023\/11\/i-paesi-ricchi-piantano-in-asso-i-paesi-poveri-sui-cambiamenti-climatici\/\" \/>\n<meta property=\"og:locale\" content=\"it_IT\" \/>\n<meta property=\"og:type\" content=\"article\" \/>\n<meta property=\"og:title\" content=\"I Paesi ricchi piantano in asso i Paesi poveri sui cambiamenti climatici\" \/>\n<meta property=\"og:description\" content=\"Molti Paesi non stanno mantenendo le promesse di finanziamento per il clima. Eppure sarebbero comunque necessari pi\u00f9 soldi.\" \/>\n<meta property=\"og:url\" content=\"https:\/\/www.pressenza.com\/it\/2023\/11\/i-paesi-ricchi-piantano-in-asso-i-paesi-poveri-sui-cambiamenti-climatici\/\" \/>\n<meta property=\"og:site_name\" content=\"Pressenza\" \/>\n<meta property=\"article:publisher\" content=\"https:\/\/www.facebook.com\/PressenzaItalia\" \/>\n<meta property=\"article:published_time\" content=\"2023-11-29T08:24:04+00:00\" \/>\n<meta property=\"article:modified_time\" content=\"2023-11-29T08:27:08+00:00\" \/>\n<meta property=\"og:image\" content=\"https:\/\/www.pressenza.com\/wp-content\/uploads\/2023\/11\/mike-erskine-GKFsewk-hz0-unsplash.jpg\" \/>\n\t<meta property=\"og:image:width\" content=\"1920\" \/>\n\t<meta property=\"og:image:height\" content=\"1280\" \/>\n\t<meta property=\"og:image:type\" content=\"image\/jpeg\" \/>\n<meta name=\"author\" content=\"INFOsperber\" \/>\n<meta name=\"twitter:card\" content=\"summary_large_image\" \/>\n<meta name=\"twitter:creator\" content=\"@PressenzaIPA\" \/>\n<meta name=\"twitter:site\" content=\"@PressenzaIPA\" \/>\n<meta name=\"twitter:label1\" content=\"Scritto da\" \/>\n\t<meta name=\"twitter:data1\" content=\"INFOsperber\" \/>\n\t<meta name=\"twitter:label2\" content=\"Tempo di lettura stimato\" \/>\n\t<meta name=\"twitter:data2\" content=\"4 minuti\" \/>\n<script type=\"application\/ld+json\" class=\"yoast-schema-graph\">{\"@context\":\"https:\/\/schema.org\",\"@graph\":[{\"@type\":\"Article\",\"@id\":\"https:\/\/www.pressenza.com\/it\/2023\/11\/i-paesi-ricchi-piantano-in-asso-i-paesi-poveri-sui-cambiamenti-climatici\/#article\",\"isPartOf\":{\"@id\":\"https:\/\/www.pressenza.com\/it\/2023\/11\/i-paesi-ricchi-piantano-in-asso-i-paesi-poveri-sui-cambiamenti-climatici\/\"},\"author\":{\"name\":\"INFOsperber\",\"@id\":\"https:\/\/www.pressenza.com\/it\/#\/schema\/person\/77735f6583e3041b31ebc7b93a284357\"},\"headline\":\"I Paesi ricchi piantano in asso i Paesi poveri sui cambiamenti climatici\",\"datePublished\":\"2023-11-29T08:24:04+00:00\",\"dateModified\":\"2023-11-29T08:27:08+00:00\",\"mainEntityOfPage\":{\"@id\":\"https:\/\/www.pressenza.com\/it\/2023\/11\/i-paesi-ricchi-piantano-in-asso-i-paesi-poveri-sui-cambiamenti-climatici\/\"},\"wordCount\":781,\"publisher\":{\"@id\":\"https:\/\/www.pressenza.com\/it\/#organization\"},\"image\":{\"@id\":\"https:\/\/www.pressenza.com\/it\/2023\/11\/i-paesi-ricchi-piantano-in-asso-i-paesi-poveri-sui-cambiamenti-climatici\/#primaryimage\"},\"thumbnailUrl\":\"https:\/\/www.pressenza.com\/wp-content\/uploads\/2023\/11\/mike-erskine-GKFsewk-hz0-unsplash.jpg\",\"keywords\":[\"cambiamento climatico\",\"clima\",\"finanza climatica\",\"Giustizia climatica\",\"protezione del clima\"],\"articleSection\":[\"Ecologia ed Ambiente\",\"Internazionale\"],\"inLanguage\":\"it-IT\"},{\"@type\":\"WebPage\",\"@id\":\"https:\/\/www.pressenza.com\/it\/2023\/11\/i-paesi-ricchi-piantano-in-asso-i-paesi-poveri-sui-cambiamenti-climatici\/\",\"url\":\"https:\/\/www.pressenza.com\/it\/2023\/11\/i-paesi-ricchi-piantano-in-asso-i-paesi-poveri-sui-cambiamenti-climatici\/\",\"name\":\"I Paesi ricchi piantano in asso i Paesi poveri sui cambiamenti climatici\",\"isPartOf\":{\"@id\":\"https:\/\/www.pressenza.com\/it\/#website\"},\"primaryImageOfPage\":{\"@id\":\"https:\/\/www.pressenza.com\/it\/2023\/11\/i-paesi-ricchi-piantano-in-asso-i-paesi-poveri-sui-cambiamenti-climatici\/#primaryimage\"},\"image\":{\"@id\":\"https:\/\/www.pressenza.com\/it\/2023\/11\/i-paesi-ricchi-piantano-in-asso-i-paesi-poveri-sui-cambiamenti-climatici\/#primaryimage\"},\"thumbnailUrl\":\"https:\/\/www.pressenza.com\/wp-content\/uploads\/2023\/11\/mike-erskine-GKFsewk-hz0-unsplash.jpg\",\"datePublished\":\"2023-11-29T08:24:04+00:00\",\"dateModified\":\"2023-11-29T08:27:08+00:00\",\"description\":\"Molti Paesi non stanno mantenendo le promesse di finanziamento per il clima. Eppure sarebbero comunque necessari pi\u00f9 soldi.\",\"breadcrumb\":{\"@id\":\"https:\/\/www.pressenza.com\/it\/2023\/11\/i-paesi-ricchi-piantano-in-asso-i-paesi-poveri-sui-cambiamenti-climatici\/#breadcrumb\"},\"inLanguage\":\"it-IT\",\"potentialAction\":[{\"@type\":\"ReadAction\",\"target\":[\"https:\/\/www.pressenza.com\/it\/2023\/11\/i-paesi-ricchi-piantano-in-asso-i-paesi-poveri-sui-cambiamenti-climatici\/\"]}]},{\"@type\":\"ImageObject\",\"inLanguage\":\"it-IT\",\"@id\":\"https:\/\/www.pressenza.com\/it\/2023\/11\/i-paesi-ricchi-piantano-in-asso-i-paesi-poveri-sui-cambiamenti-climatici\/#primaryimage\",\"url\":\"https:\/\/www.pressenza.com\/wp-content\/uploads\/2023\/11\/mike-erskine-GKFsewk-hz0-unsplash.jpg\",\"contentUrl\":\"https:\/\/www.pressenza.com\/wp-content\/uploads\/2023\/11\/mike-erskine-GKFsewk-hz0-unsplash.jpg\",\"width\":1920,\"height\":1280},{\"@type\":\"BreadcrumbList\",\"@id\":\"https:\/\/www.pressenza.com\/it\/2023\/11\/i-paesi-ricchi-piantano-in-asso-i-paesi-poveri-sui-cambiamenti-climatici\/#breadcrumb\",\"itemListElement\":[{\"@type\":\"ListItem\",\"position\":1,\"name\":\"Accueil\",\"item\":\"https:\/\/www.pressenza.com\/it\/\"},{\"@type\":\"ListItem\",\"position\":2,\"name\":\"I Paesi ricchi piantano in asso i Paesi poveri sui cambiamenti climatici\"}]},{\"@type\":\"WebSite\",\"@id\":\"https:\/\/www.pressenza.com\/it\/#website\",\"url\":\"https:\/\/www.pressenza.com\/it\/\",\"name\":\"Pressenza\",\"description\":\"Agenzia di Stampa Internazionale\",\"publisher\":{\"@id\":\"https:\/\/www.pressenza.com\/it\/#organization\"},\"potentialAction\":[{\"@type\":\"SearchAction\",\"target\":{\"@type\":\"EntryPoint\",\"urlTemplate\":\"https:\/\/www.pressenza.com\/it\/?s={search_term_string}\"},\"query-input\":{\"@type\":\"PropertyValueSpecification\",\"valueRequired\":true,\"valueName\":\"search_term_string\"}}],\"inLanguage\":\"it-IT\"},{\"@type\":\"Organization\",\"@id\":\"https:\/\/www.pressenza.com\/it\/#organization\",\"name\":\"Pressenza\",\"url\":\"https:\/\/www.pressenza.com\/it\/\",\"logo\":{\"@type\":\"ImageObject\",\"inLanguage\":\"it-IT\",\"@id\":\"https:\/\/www.pressenza.com\/it\/#\/schema\/logo\/image\/\",\"url\":\"https:\/\/www.pressenza.com\/wp-content\/uploads\/2022\/10\/pressenza_logo_200x200.jpg\",\"contentUrl\":\"https:\/\/www.pressenza.com\/wp-content\/uploads\/2022\/10\/pressenza_logo_200x200.jpg\",\"width\":200,\"height\":200,\"caption\":\"Pressenza\"},\"image\":{\"@id\":\"https:\/\/www.pressenza.com\/it\/#\/schema\/logo\/image\/\"},\"sameAs\":[\"https:\/\/www.facebook.com\/PressenzaItalia\",\"https:\/\/x.com\/PressenzaIPA\"]},{\"@type\":\"Person\",\"@id\":\"https:\/\/www.pressenza.com\/it\/#\/schema\/person\/77735f6583e3041b31ebc7b93a284357\",\"name\":\"INFOsperber\",\"description\":\"Infosperber.ch - sieht, was andere \u00fcbersehen Die Schweizer Internet-Zeitung richtet sich an Entscheidungstr\u00e4ger in Gesellschaft, Wirtschaft und Politik sowie alle, die erg\u00e4nzende Informationen zu den grossen Medien suchen. Infosperber will die grossen Informations-Medien nicht konkurrenzieren, sondern diese erg\u00e4nzen. \u00a9 Das Weiterverbreiten s\u00e4mtlicher auf dem gemeinn\u00fctzigen Portal www.infosperber.ch enthaltenen Texte ist ohne Kostenfolge erlaubt, sofern die Texte integral ohne K\u00fcrzung und mit Quellenangaben (Autor und \u00abInfosperber\u00bb) verbreitet werden. Bei einer Online-Nutzung ist die Quellenangabe m\u00f6glichst schon am Anfang des Artikels mit einem Link auf infosperber.ch zu versehen. F\u00fcr das Verbreiten von gek\u00fcrzten oder abge\u00e4nderten Texten ist das schriftliche Einverst\u00e4ndnis der AutorInnen erforderlich.\",\"sameAs\":[\"https:\/\/www.infosperber.ch\/\"],\"url\":\"https:\/\/www.pressenza.com\/it\/author\/infosperber\/\"}]}<\/script>\n<!-- \/ Yoast SEO plugin. -->","yoast_head_json":{"title":"I Paesi ricchi piantano in asso i Paesi poveri sui cambiamenti climatici","description":"Molti Paesi non stanno mantenendo le promesse di finanziamento per il clima. Eppure sarebbero comunque necessari pi\u00f9 soldi.","robots":{"index":"index","follow":"follow","max-snippet":"max-snippet:-1","max-image-preview":"max-image-preview:large","max-video-preview":"max-video-preview:-1"},"canonical":"https:\/\/www.pressenza.com\/it\/2023\/11\/i-paesi-ricchi-piantano-in-asso-i-paesi-poveri-sui-cambiamenti-climatici\/","og_locale":"it_IT","og_type":"article","og_title":"I Paesi ricchi piantano in asso i Paesi poveri sui cambiamenti climatici","og_description":"Molti Paesi non stanno mantenendo le promesse di finanziamento per il clima. Eppure sarebbero comunque necessari pi\u00f9 soldi.","og_url":"https:\/\/www.pressenza.com\/it\/2023\/11\/i-paesi-ricchi-piantano-in-asso-i-paesi-poveri-sui-cambiamenti-climatici\/","og_site_name":"Pressenza","article_publisher":"https:\/\/www.facebook.com\/PressenzaItalia","article_published_time":"2023-11-29T08:24:04+00:00","article_modified_time":"2023-11-29T08:27:08+00:00","og_image":[{"width":1920,"height":1280,"url":"https:\/\/www.pressenza.com\/wp-content\/uploads\/2023\/11\/mike-erskine-GKFsewk-hz0-unsplash.jpg","type":"image\/jpeg"}],"author":"INFOsperber","twitter_card":"summary_large_image","twitter_creator":"@PressenzaIPA","twitter_site":"@PressenzaIPA","twitter_misc":{"Scritto da":"INFOsperber","Tempo di lettura stimato":"4 minuti"},"schema":{"@context":"https:\/\/schema.org","@graph":[{"@type":"Article","@id":"https:\/\/www.pressenza.com\/it\/2023\/11\/i-paesi-ricchi-piantano-in-asso-i-paesi-poveri-sui-cambiamenti-climatici\/#article","isPartOf":{"@id":"https:\/\/www.pressenza.com\/it\/2023\/11\/i-paesi-ricchi-piantano-in-asso-i-paesi-poveri-sui-cambiamenti-climatici\/"},"author":{"name":"INFOsperber","@id":"https:\/\/www.pressenza.com\/it\/#\/schema\/person\/77735f6583e3041b31ebc7b93a284357"},"headline":"I Paesi ricchi piantano in asso i Paesi poveri sui cambiamenti climatici","datePublished":"2023-11-29T08:24:04+00:00","dateModified":"2023-11-29T08:27:08+00:00","mainEntityOfPage":{"@id":"https:\/\/www.pressenza.com\/it\/2023\/11\/i-paesi-ricchi-piantano-in-asso-i-paesi-poveri-sui-cambiamenti-climatici\/"},"wordCount":781,"publisher":{"@id":"https:\/\/www.pressenza.com\/it\/#organization"},"image":{"@id":"https:\/\/www.pressenza.com\/it\/2023\/11\/i-paesi-ricchi-piantano-in-asso-i-paesi-poveri-sui-cambiamenti-climatici\/#primaryimage"},"thumbnailUrl":"https:\/\/www.pressenza.com\/wp-content\/uploads\/2023\/11\/mike-erskine-GKFsewk-hz0-unsplash.jpg","keywords":["cambiamento climatico","clima","finanza climatica","Giustizia climatica","protezione del clima"],"articleSection":["Ecologia ed Ambiente","Internazionale"],"inLanguage":"it-IT"},{"@type":"WebPage","@id":"https:\/\/www.pressenza.com\/it\/2023\/11\/i-paesi-ricchi-piantano-in-asso-i-paesi-poveri-sui-cambiamenti-climatici\/","url":"https:\/\/www.pressenza.com\/it\/2023\/11\/i-paesi-ricchi-piantano-in-asso-i-paesi-poveri-sui-cambiamenti-climatici\/","name":"I Paesi ricchi piantano in asso i Paesi poveri sui cambiamenti climatici","isPartOf":{"@id":"https:\/\/www.pressenza.com\/it\/#website"},"primaryImageOfPage":{"@id":"https:\/\/www.pressenza.com\/it\/2023\/11\/i-paesi-ricchi-piantano-in-asso-i-paesi-poveri-sui-cambiamenti-climatici\/#primaryimage"},"image":{"@id":"https:\/\/www.pressenza.com\/it\/2023\/11\/i-paesi-ricchi-piantano-in-asso-i-paesi-poveri-sui-cambiamenti-climatici\/#primaryimage"},"thumbnailUrl":"https:\/\/www.pressenza.com\/wp-content\/uploads\/2023\/11\/mike-erskine-GKFsewk-hz0-unsplash.jpg","datePublished":"2023-11-29T08:24:04+00:00","dateModified":"2023-11-29T08:27:08+00:00","description":"Molti Paesi non stanno mantenendo le promesse di finanziamento per il clima. Eppure sarebbero comunque necessari pi\u00f9 soldi.","breadcrumb":{"@id":"https:\/\/www.pressenza.com\/it\/2023\/11\/i-paesi-ricchi-piantano-in-asso-i-paesi-poveri-sui-cambiamenti-climatici\/#breadcrumb"},"inLanguage":"it-IT","potentialAction":[{"@type":"ReadAction","target":["https:\/\/www.pressenza.com\/it\/2023\/11\/i-paesi-ricchi-piantano-in-asso-i-paesi-poveri-sui-cambiamenti-climatici\/"]}]},{"@type":"ImageObject","inLanguage":"it-IT","@id":"https:\/\/www.pressenza.com\/it\/2023\/11\/i-paesi-ricchi-piantano-in-asso-i-paesi-poveri-sui-cambiamenti-climatici\/#primaryimage","url":"https:\/\/www.pressenza.com\/wp-content\/uploads\/2023\/11\/mike-erskine-GKFsewk-hz0-unsplash.jpg","contentUrl":"https:\/\/www.pressenza.com\/wp-content\/uploads\/2023\/11\/mike-erskine-GKFsewk-hz0-unsplash.jpg","width":1920,"height":1280},{"@type":"BreadcrumbList","@id":"https:\/\/www.pressenza.com\/it\/2023\/11\/i-paesi-ricchi-piantano-in-asso-i-paesi-poveri-sui-cambiamenti-climatici\/#breadcrumb","itemListElement":[{"@type":"ListItem","position":1,"name":"Accueil","item":"https:\/\/www.pressenza.com\/it\/"},{"@type":"ListItem","position":2,"name":"I Paesi ricchi piantano in asso i Paesi poveri sui cambiamenti climatici"}]},{"@type":"WebSite","@id":"https:\/\/www.pressenza.com\/it\/#website","url":"https:\/\/www.pressenza.com\/it\/","name":"Pressenza","description":"Agenzia di Stampa Internazionale","publisher":{"@id":"https:\/\/www.pressenza.com\/it\/#organization"},"potentialAction":[{"@type":"SearchAction","target":{"@type":"EntryPoint","urlTemplate":"https:\/\/www.pressenza.com\/it\/?s={search_term_string}"},"query-input":{"@type":"PropertyValueSpecification","valueRequired":true,"valueName":"search_term_string"}}],"inLanguage":"it-IT"},{"@type":"Organization","@id":"https:\/\/www.pressenza.com\/it\/#organization","name":"Pressenza","url":"https:\/\/www.pressenza.com\/it\/","logo":{"@type":"ImageObject","inLanguage":"it-IT","@id":"https:\/\/www.pressenza.com\/it\/#\/schema\/logo\/image\/","url":"https:\/\/www.pressenza.com\/wp-content\/uploads\/2022\/10\/pressenza_logo_200x200.jpg","contentUrl":"https:\/\/www.pressenza.com\/wp-content\/uploads\/2022\/10\/pressenza_logo_200x200.jpg","width":200,"height":200,"caption":"Pressenza"},"image":{"@id":"https:\/\/www.pressenza.com\/it\/#\/schema\/logo\/image\/"},"sameAs":["https:\/\/www.facebook.com\/PressenzaItalia","https:\/\/x.com\/PressenzaIPA"]},{"@type":"Person","@id":"https:\/\/www.pressenza.com\/it\/#\/schema\/person\/77735f6583e3041b31ebc7b93a284357","name":"INFOsperber","description":"Infosperber.ch - sieht, was andere \u00fcbersehen Die Schweizer Internet-Zeitung richtet sich an Entscheidungstr\u00e4ger in Gesellschaft, Wirtschaft und Politik sowie alle, die erg\u00e4nzende Informationen zu den grossen Medien suchen. Infosperber will die grossen Informations-Medien nicht konkurrenzieren, sondern diese erg\u00e4nzen. \u00a9 Das Weiterverbreiten s\u00e4mtlicher auf dem gemeinn\u00fctzigen Portal www.infosperber.ch enthaltenen Texte ist ohne Kostenfolge erlaubt, sofern die Texte integral ohne K\u00fcrzung und mit Quellenangaben (Autor und \u00abInfosperber\u00bb) verbreitet werden. Bei einer Online-Nutzung ist die Quellenangabe m\u00f6glichst schon am Anfang des Artikels mit einem Link auf infosperber.ch zu versehen. F\u00fcr das Verbreiten von gek\u00fcrzten oder abge\u00e4nderten Texten ist das schriftliche Einverst\u00e4ndnis der AutorInnen erforderlich.","sameAs":["https:\/\/www.infosperber.ch\/"],"url":"https:\/\/www.pressenza.com\/it\/author\/infosperber\/"}]}},"place":"Svizzera - Daniela Gschweng","original_article_url":"https:\/\/www.infosperber.ch\/umwelt\/luft-klima\/reiche-laender-lassen-arme-beim-klimawandel-haengen\/","_links":{"self":[{"href":"https:\/\/www.pressenza.com\/it\/wp-json\/wp\/v2\/posts\/1784536","targetHints":{"allow":["GET"]}}],"collection":[{"href":"https:\/\/www.pressenza.com\/it\/wp-json\/wp\/v2\/posts"}],"about":[{"href":"https:\/\/www.pressenza.com\/it\/wp-json\/wp\/v2\/types\/post"}],"author":[{"embeddable":true,"href":"https:\/\/www.pressenza.com\/it\/wp-json\/wp\/v2\/users\/1855"}],"replies":[{"embeddable":true,"href":"https:\/\/www.pressenza.com\/it\/wp-json\/wp\/v2\/comments?post=1784536"}],"version-history":[{"count":0,"href":"https:\/\/www.pressenza.com\/it\/wp-json\/wp\/v2\/posts\/1784536\/revisions"}],"wp:featuredmedia":[{"embeddable":true,"href":"https:\/\/www.pressenza.com\/it\/wp-json\/wp\/v2\/media\/1784540"}],"wp:attachment":[{"href":"https:\/\/www.pressenza.com\/it\/wp-json\/wp\/v2\/media?parent=1784536"}],"wp:term":[{"taxonomy":"category","embeddable":true,"href":"https:\/\/www.pressenza.com\/it\/wp-json\/wp\/v2\/categories?post=1784536"},{"taxonomy":"post_tag","embeddable":true,"href":"https:\/\/www.pressenza.com\/it\/wp-json\/wp\/v2\/tags?post=1784536"}],"curies":[{"name":"wp","href":"https:\/\/api.w.org\/{rel}","templated":true}]}}