{"id":1783462,"date":"2023-11-24T20:54:45","date_gmt":"2023-11-24T20:54:45","guid":{"rendered":"https:\/\/www.pressenza.com\/?p=1783462"},"modified":"2023-11-24T20:58:26","modified_gmt":"2023-11-24T20:58:26","slug":"md-sulla-giornata-internazionale-per-leliminazione-della-violenza-contro-le-donne","status":"publish","type":"post","link":"https:\/\/www.pressenza.com\/it\/2023\/11\/md-sulla-giornata-internazionale-per-leliminazione-della-violenza-contro-le-donne\/","title":{"rendered":"MD sulla Giornata internazionale per l\u2019eliminazione della violenza contro le donne"},"content":{"rendered":"<p><em>La giornata internazionale per l\u2019eliminazione della violenza contro le donne, istituita dall&#8217;Assemblea generale delle Nazioni Unite nel dicembre 1999, assume, ogni anno che passa, sempre meno il significato di una celebrazione e sempre pi\u00f9 quello di una giornata in memoria delle vittime <\/em><\/p>\n<p>Ad oggi, secondo i dati del Ministero dell\u2019interno, sono gi\u00e0 102 le donne uccise nel 2023, 83 delle quali in contesti familiari o affettivi, per le quali si pu\u00f2 parlare, quindi, di femminicidio.<\/p>\n<p>Siamo gi\u00e0 ben oltre la media di un femminicidio a settimana e visto che la conta non si ferma ma procede inarrestabile verso la fine dell\u2019anno, la media che si sta pericolosamente avvicinando \u00e8 quella di due femminicidi alla settimana, in Italia.<\/p>\n<p>A fronte di questi dati non c\u2019\u00e8 proprio nulla da celebrare. C\u2019\u00e8 invece molto da dire a una classe politica che, a questo punto, deve fermarsi e ascoltare.<\/p>\n<p>L\u2019approccio politico e legislativo alla violenza di genere, che negli ultimi dieci anni ha interamente scaricato sulla giurisdizione penale il problema della violenza, non ha funzionato, perch\u00e9 non pu\u00f2 funzionare.<\/p>\n<p>Prima di tutto \u00e8 un approccio ipocrita, che mette la maschera della repressione \u201csenza se e senza ma\u201d di fronte ai sintomi mentre continua a incentivare le cause della violenza maschile.<\/p>\n<p>Con una mano si licenziano pene sempre pi\u00f9 severe e con l\u2019altra si rafforzano di continuo gli stereotipi patriarcali e familisti che nella storia, e trasversalmente in tutte le culture, sono sempre stati utilizzati per relegare le donne a un ruolo riproduttivo e assistenziale nella societ\u00e0 e a un ruolo \u201cpassivo\u201d nella relazione con gli uomini.<\/p>\n<p>Non servono gli esempi di singole \u201cdonne al potere\u201d (sempre la minoranza, comunque) perch\u00e9 costituiscono eccezioni che non modificano il quadro di realt\u00e0, se alle donne viene comunque tuttora imposta una regolamentazione sociale della maternit\u00e0 che le responsabilizza in modo del tutto sproporzionato rispetto \u00a0ai padri, se viene continuamente messa in discussione la loro libert\u00e0 di autodeterminarsi incondizionatamente nelle scelte sessuali e riproduttive, se viene loro culturalmente imposto un unico modello familiare che \u00e8 sempre stato, come ci racconta il bel film di Paola Cortellesi in queste settimane nelle sale, il principale motore di affermazione e di mantenimento del patriarcato e della violenza maschile. E se continuano a essere sottratte risorse economiche allo stato sociale, cos\u00ec di fatto costringendo le donne a farsi carico pressoch\u00e9 in via esclusiva della cura dei figli, degli anziani e delle persone malate e disabili, e invalidando in concreto i proclami astratti sulla parit\u00e0 di genere e sull\u2019<em>empowerment<\/em> femminile.<\/p>\n<p>Altrettanto ipocrita \u00e8 la \u201cdelega dell\u2019impossibile\u201d alla giurisdizione penale, che \u00e8 di fatto stata investita di una funzione preventiva per la quale non ha gli strumenti. La giurisdizione cautelare, infatti, \u00e8 stata pensata non come una vigilanza sociale diffusa, e quasi indiscriminata, su tutti i possibili contesti in cui possano maturare atti di violenza, ma per attuare forme di protezione individuale nell\u2019ambito di situazioni in cui risulti gi\u00e0 acclarata, secondo uno standard probatorio prossimo alla certezza necessaria per una condanna, la commissione di un reato. Quella cautelare \u00e8 una soglia di intervento \u201cspostata in avanti\u201d rispetto a quella della prevenzione. Affidare il contrasto della violenza interamente alla cautela penale significa accettare deliberatamente che in molti casi si arriver\u00e0 troppo tardi e nella maggioranza dei casi non si arriver\u00e0 affatto, perch\u00e9 la storia di violenza si paleser\u00e0 direttamente con il femminicidio, senza essere preceduta da una denuncia n\u00e9 dall\u2019avvio di un iter giudiziario.<\/p>\n<p>Tempistiche investigative sostanzialmente impossibili da rispettare e sistemi di avocazione automatica dei procedimenti che non hanno chiaramente altro fine se non fare da volano a procedimenti disciplinari per trovare capri espiatori, a chi sono utili?<\/p>\n<p>\u00c8 il circuito socioassistenziale del territorio ad avere la possibilit\u00e0 di \u201cintercettare\u201d le situazioni a rischio, facendole uscire dall\u2019oscurit\u00e0 dell\u2019abbandono e dell\u2019omert\u00e0 familiare, ma per questo servono risorse e investimenti che nessuno pare avere intenzione di fare. Le associazioni e i centri antiviolenza fanno in larghissima parte affidamento sul contributo volontario e non c\u2019\u00e8 un sistema legale e organizzato di case rifugio a cui possano accedere, coordinandosi tra loro, tutte le agenzie (socioassistenziali, sanitarie, scolastiche e giudiziarie) che si trovano, in segmenti diversi, a trattare un caso di violenza.<\/p>\n<p>\u00c8 poi indispensabile introdurre nel circuito scolastico canali di educazione e di sensibilizzazione sulla parit\u00e0 reale tra i generi. Sono necessari percorsi educativi che mettano in discussione le visioni stereotipate delle relazioni affettive, familiari e di coppia, e perseguano la promozione del rispetto per s\u00e9 stess\u01dd e per la libera realizzazione di ogni persona con cui entriamo in relazione, a cominciare dall\u2019autodeterminazione di genere, sessuale e riproduttiva di ogni individu\u01dd.<\/p>\n<p>Perch\u00e9 se il discorso della violenza viene affrontato con i ragazzi e con le ragazze esclusivamente dal punto di vista di un immaginario vittimizzato e vittimizzante, questo immaginario continuer\u00e0 a riprodursi.<\/p>\n<p>Anche la magistratura necessita di un investimento importante in termini di formazione specialistica multidisciplinare e di specializzazione degli uffici giudiziari nella materia della violenza di genere. Le numerose condanne della Corte europea dei diritti umani (ormai un vero e proprio \u201cfilone italiano\u201d) rendono evidente l\u2019inutilit\u00e0 di una continua affilatura dell\u2019arsenale repressivo se non si investe in formazione ed expertise su come questo debba essere usato, e si finisce cos\u00ec per avere un consistente numero di pronunce di merito che pongono alla base della\u00a0 valutazione della prova,\u00a0 e del ragionamento decisorio,\u00a0 argomenti che reiterano, anzich\u00e9 debellare, gli stereotipi sessisti in danno alle donne.<\/p>\n<p>Il messaggio che Magistratura democratica vuole consegnare soprattutto alle forze parlamentari, perch\u00e9 questa giornata non si riduca a un inutile e stanco rituale, persino offensivo della memoria delle vittime, \u00e8 che \u00e8 arrivato il momento di mettere da parte la celebrazione. E di dare inizio all\u2019ascolto.<\/p>\n<h6><a href=\"https:\/\/www.magistraturademocratica.it\/articolo\/magistratura-democratica-sulla-giornata-internazionale-per-l-eliminazione-della-violenza-contro-le-donne\">comunicato Magistratura Democratica<\/a><\/h6>\n","protected":false},"excerpt":{"rendered":"<p>La giornata internazionale per l\u2019eliminazione della violenza contro le donne, istituita dall&#8217;Assemblea generale delle Nazioni Unite nel dicembre 1999, assume, ogni anno che passa, sempre meno il significato di una celebrazione e sempre pi\u00f9 quello di una giornata in memoria&hellip;<\/p>\n","protected":false},"author":1552,"featured_media":1783463,"comment_status":"closed","ping_status":"closed","sticky":false,"template":"","format":"standard","meta":{"footnotes":""},"categories":[150,56,54513],"tags":[2268,9455,107842,117178],"class_list":["post-1783462","post","type-post","status-publish","format-standard","has-post-thumbnail","hentry","category-comunicati-stampa","category-cultura","category-genere-e-femminismi","tag-corte-europea-dei-diritti-umani","tag-femminicidi","tag-giornata-internazionale-per-leliminazione-della-violenza-contro-le-donne","tag-paola-cortellesi"],"yoast_head":"<!-- This site is optimized with the Yoast SEO plugin v27.1.1 - https:\/\/yoast.com\/product\/yoast-seo-wordpress\/ -->\n<title>MD sulla Giornata internazionale per l\u2019eliminazione della violenza contro le donne<\/title>\n<meta name=\"description\" content=\"La giornata internazionale per l\u2019eliminazione della violenza contro le donne, istituita dall&#039;Assemblea generale delle Nazioni Unite nel dicembre 1999,\" \/>\n<meta name=\"robots\" content=\"index, follow, max-snippet:-1, max-image-preview:large, max-video-preview:-1\" \/>\n<link rel=\"canonical\" href=\"https:\/\/www.pressenza.com\/it\/2023\/11\/md-sulla-giornata-internazionale-per-leliminazione-della-violenza-contro-le-donne\/\" \/>\n<meta property=\"og:locale\" content=\"it_IT\" \/>\n<meta property=\"og:type\" content=\"article\" \/>\n<meta property=\"og:title\" content=\"MD sulla Giornata internazionale per l\u2019eliminazione della violenza contro le donne\" \/>\n<meta property=\"og:description\" content=\"La giornata internazionale per l\u2019eliminazione della violenza contro le donne, istituita dall&#039;Assemblea generale delle Nazioni Unite nel dicembre 1999,\" \/>\n<meta property=\"og:url\" content=\"https:\/\/www.pressenza.com\/it\/2023\/11\/md-sulla-giornata-internazionale-per-leliminazione-della-violenza-contro-le-donne\/\" \/>\n<meta property=\"og:site_name\" content=\"Pressenza\" \/>\n<meta property=\"article:publisher\" content=\"https:\/\/www.facebook.com\/PressenzaItalia\" \/>\n<meta property=\"article:published_time\" content=\"2023-11-24T20:54:45+00:00\" \/>\n<meta property=\"article:modified_time\" content=\"2023-11-24T20:58:26+00:00\" \/>\n<meta property=\"og:image\" content=\"https:\/\/www.pressenza.com\/wp-content\/uploads\/2023\/11\/stop-femminicidio-1024x533-1-820x427-1.jpg\" \/>\n\t<meta property=\"og:image:width\" content=\"820\" \/>\n\t<meta property=\"og:image:height\" content=\"427\" \/>\n\t<meta property=\"og:image:type\" content=\"image\/jpeg\" \/>\n<meta name=\"author\" content=\"Magistratura Democratica\" \/>\n<meta name=\"twitter:card\" content=\"summary_large_image\" \/>\n<meta name=\"twitter:creator\" content=\"@PressenzaIPA\" \/>\n<meta name=\"twitter:site\" content=\"@PressenzaIPA\" \/>\n<meta name=\"twitter:label1\" content=\"Scritto da\" \/>\n\t<meta name=\"twitter:data1\" content=\"Magistratura Democratica\" \/>\n\t<meta name=\"twitter:label2\" content=\"Tempo di lettura stimato\" \/>\n\t<meta name=\"twitter:data2\" content=\"6 minuti\" \/>\n<script type=\"application\/ld+json\" class=\"yoast-schema-graph\">{\"@context\":\"https:\/\/schema.org\",\"@graph\":[{\"@type\":\"Article\",\"@id\":\"https:\/\/www.pressenza.com\/it\/2023\/11\/md-sulla-giornata-internazionale-per-leliminazione-della-violenza-contro-le-donne\/#article\",\"isPartOf\":{\"@id\":\"https:\/\/www.pressenza.com\/it\/2023\/11\/md-sulla-giornata-internazionale-per-leliminazione-della-violenza-contro-le-donne\/\"},\"author\":{\"name\":\"Magistratura Democratica\",\"@id\":\"https:\/\/www.pressenza.com\/it\/#\/schema\/person\/8fadbf6756e58c34de072cdfd4e4d630\"},\"headline\":\"MD sulla Giornata internazionale per l\u2019eliminazione della violenza contro le donne\",\"datePublished\":\"2023-11-24T20:54:45+00:00\",\"dateModified\":\"2023-11-24T20:58:26+00:00\",\"mainEntityOfPage\":{\"@id\":\"https:\/\/www.pressenza.com\/it\/2023\/11\/md-sulla-giornata-internazionale-per-leliminazione-della-violenza-contro-le-donne\/\"},\"wordCount\":958,\"publisher\":{\"@id\":\"https:\/\/www.pressenza.com\/it\/#organization\"},\"image\":{\"@id\":\"https:\/\/www.pressenza.com\/it\/2023\/11\/md-sulla-giornata-internazionale-per-leliminazione-della-violenza-contro-le-donne\/#primaryimage\"},\"thumbnailUrl\":\"https:\/\/www.pressenza.com\/wp-content\/uploads\/2023\/11\/stop-femminicidio-1024x533-1-820x427-1.jpg\",\"keywords\":[\"Corte Europea dei Diritti Umani\",\"femminicidi\",\"Giornata internazionale per l'eliminazione della violenza contro le donne\",\"Paola Cortellesi\"],\"articleSection\":[\"Comunicati Stampa\",\"Cultura e Media\",\"Genere e femminismi\"],\"inLanguage\":\"it-IT\"},{\"@type\":\"WebPage\",\"@id\":\"https:\/\/www.pressenza.com\/it\/2023\/11\/md-sulla-giornata-internazionale-per-leliminazione-della-violenza-contro-le-donne\/\",\"url\":\"https:\/\/www.pressenza.com\/it\/2023\/11\/md-sulla-giornata-internazionale-per-leliminazione-della-violenza-contro-le-donne\/\",\"name\":\"MD sulla Giornata internazionale per l\u2019eliminazione della violenza contro le donne\",\"isPartOf\":{\"@id\":\"https:\/\/www.pressenza.com\/it\/#website\"},\"primaryImageOfPage\":{\"@id\":\"https:\/\/www.pressenza.com\/it\/2023\/11\/md-sulla-giornata-internazionale-per-leliminazione-della-violenza-contro-le-donne\/#primaryimage\"},\"image\":{\"@id\":\"https:\/\/www.pressenza.com\/it\/2023\/11\/md-sulla-giornata-internazionale-per-leliminazione-della-violenza-contro-le-donne\/#primaryimage\"},\"thumbnailUrl\":\"https:\/\/www.pressenza.com\/wp-content\/uploads\/2023\/11\/stop-femminicidio-1024x533-1-820x427-1.jpg\",\"datePublished\":\"2023-11-24T20:54:45+00:00\",\"dateModified\":\"2023-11-24T20:58:26+00:00\",\"description\":\"La giornata internazionale per l\u2019eliminazione della violenza contro le donne, istituita dall'Assemblea generale delle Nazioni Unite nel dicembre 1999,\",\"breadcrumb\":{\"@id\":\"https:\/\/www.pressenza.com\/it\/2023\/11\/md-sulla-giornata-internazionale-per-leliminazione-della-violenza-contro-le-donne\/#breadcrumb\"},\"inLanguage\":\"it-IT\",\"potentialAction\":[{\"@type\":\"ReadAction\",\"target\":[\"https:\/\/www.pressenza.com\/it\/2023\/11\/md-sulla-giornata-internazionale-per-leliminazione-della-violenza-contro-le-donne\/\"]}]},{\"@type\":\"ImageObject\",\"inLanguage\":\"it-IT\",\"@id\":\"https:\/\/www.pressenza.com\/it\/2023\/11\/md-sulla-giornata-internazionale-per-leliminazione-della-violenza-contro-le-donne\/#primaryimage\",\"url\":\"https:\/\/www.pressenza.com\/wp-content\/uploads\/2023\/11\/stop-femminicidio-1024x533-1-820x427-1.jpg\",\"contentUrl\":\"https:\/\/www.pressenza.com\/wp-content\/uploads\/2023\/11\/stop-femminicidio-1024x533-1-820x427-1.jpg\",\"width\":820,\"height\":427},{\"@type\":\"BreadcrumbList\",\"@id\":\"https:\/\/www.pressenza.com\/it\/2023\/11\/md-sulla-giornata-internazionale-per-leliminazione-della-violenza-contro-le-donne\/#breadcrumb\",\"itemListElement\":[{\"@type\":\"ListItem\",\"position\":1,\"name\":\"Accueil\",\"item\":\"https:\/\/www.pressenza.com\/it\/\"},{\"@type\":\"ListItem\",\"position\":2,\"name\":\"MD sulla Giornata internazionale per l\u2019eliminazione della violenza contro le donne\"}]},{\"@type\":\"WebSite\",\"@id\":\"https:\/\/www.pressenza.com\/it\/#website\",\"url\":\"https:\/\/www.pressenza.com\/it\/\",\"name\":\"Pressenza\",\"description\":\"Agenzia di Stampa Internazionale\",\"publisher\":{\"@id\":\"https:\/\/www.pressenza.com\/it\/#organization\"},\"potentialAction\":[{\"@type\":\"SearchAction\",\"target\":{\"@type\":\"EntryPoint\",\"urlTemplate\":\"https:\/\/www.pressenza.com\/it\/?s={search_term_string}\"},\"query-input\":{\"@type\":\"PropertyValueSpecification\",\"valueRequired\":true,\"valueName\":\"search_term_string\"}}],\"inLanguage\":\"it-IT\"},{\"@type\":\"Organization\",\"@id\":\"https:\/\/www.pressenza.com\/it\/#organization\",\"name\":\"Pressenza\",\"url\":\"https:\/\/www.pressenza.com\/it\/\",\"logo\":{\"@type\":\"ImageObject\",\"inLanguage\":\"it-IT\",\"@id\":\"https:\/\/www.pressenza.com\/it\/#\/schema\/logo\/image\/\",\"url\":\"https:\/\/www.pressenza.com\/wp-content\/uploads\/2022\/10\/pressenza_logo_200x200.jpg\",\"contentUrl\":\"https:\/\/www.pressenza.com\/wp-content\/uploads\/2022\/10\/pressenza_logo_200x200.jpg\",\"width\":200,\"height\":200,\"caption\":\"Pressenza\"},\"image\":{\"@id\":\"https:\/\/www.pressenza.com\/it\/#\/schema\/logo\/image\/\"},\"sameAs\":[\"https:\/\/www.facebook.com\/PressenzaItalia\",\"https:\/\/x.com\/PressenzaIPA\"]},{\"@type\":\"Person\",\"@id\":\"https:\/\/www.pressenza.com\/it\/#\/schema\/person\/8fadbf6756e58c34de072cdfd4e4d630\",\"name\":\"Magistratura Democratica\",\"description\":\"www.magistraturademocratica.it\",\"sameAs\":[\"http:\/\/www.magistraturademocratica.it\/\"],\"url\":\"https:\/\/www.pressenza.com\/it\/author\/magistratura-democratica\/\"}]}<\/script>\n<!-- \/ Yoast SEO plugin. -->","yoast_head_json":{"title":"MD sulla Giornata internazionale per l\u2019eliminazione della violenza contro le donne","description":"La giornata internazionale per l\u2019eliminazione della violenza contro le donne, istituita dall'Assemblea generale delle Nazioni Unite nel dicembre 1999,","robots":{"index":"index","follow":"follow","max-snippet":"max-snippet:-1","max-image-preview":"max-image-preview:large","max-video-preview":"max-video-preview:-1"},"canonical":"https:\/\/www.pressenza.com\/it\/2023\/11\/md-sulla-giornata-internazionale-per-leliminazione-della-violenza-contro-le-donne\/","og_locale":"it_IT","og_type":"article","og_title":"MD sulla Giornata internazionale per l\u2019eliminazione della violenza contro le donne","og_description":"La giornata internazionale per l\u2019eliminazione della violenza contro le donne, istituita dall'Assemblea generale delle Nazioni Unite nel dicembre 1999,","og_url":"https:\/\/www.pressenza.com\/it\/2023\/11\/md-sulla-giornata-internazionale-per-leliminazione-della-violenza-contro-le-donne\/","og_site_name":"Pressenza","article_publisher":"https:\/\/www.facebook.com\/PressenzaItalia","article_published_time":"2023-11-24T20:54:45+00:00","article_modified_time":"2023-11-24T20:58:26+00:00","og_image":[{"width":820,"height":427,"url":"https:\/\/www.pressenza.com\/wp-content\/uploads\/2023\/11\/stop-femminicidio-1024x533-1-820x427-1.jpg","type":"image\/jpeg"}],"author":"Magistratura Democratica","twitter_card":"summary_large_image","twitter_creator":"@PressenzaIPA","twitter_site":"@PressenzaIPA","twitter_misc":{"Scritto da":"Magistratura Democratica","Tempo di lettura stimato":"6 minuti"},"schema":{"@context":"https:\/\/schema.org","@graph":[{"@type":"Article","@id":"https:\/\/www.pressenza.com\/it\/2023\/11\/md-sulla-giornata-internazionale-per-leliminazione-della-violenza-contro-le-donne\/#article","isPartOf":{"@id":"https:\/\/www.pressenza.com\/it\/2023\/11\/md-sulla-giornata-internazionale-per-leliminazione-della-violenza-contro-le-donne\/"},"author":{"name":"Magistratura Democratica","@id":"https:\/\/www.pressenza.com\/it\/#\/schema\/person\/8fadbf6756e58c34de072cdfd4e4d630"},"headline":"MD sulla Giornata internazionale per l\u2019eliminazione della violenza contro le donne","datePublished":"2023-11-24T20:54:45+00:00","dateModified":"2023-11-24T20:58:26+00:00","mainEntityOfPage":{"@id":"https:\/\/www.pressenza.com\/it\/2023\/11\/md-sulla-giornata-internazionale-per-leliminazione-della-violenza-contro-le-donne\/"},"wordCount":958,"publisher":{"@id":"https:\/\/www.pressenza.com\/it\/#organization"},"image":{"@id":"https:\/\/www.pressenza.com\/it\/2023\/11\/md-sulla-giornata-internazionale-per-leliminazione-della-violenza-contro-le-donne\/#primaryimage"},"thumbnailUrl":"https:\/\/www.pressenza.com\/wp-content\/uploads\/2023\/11\/stop-femminicidio-1024x533-1-820x427-1.jpg","keywords":["Corte Europea dei Diritti Umani","femminicidi","Giornata internazionale per l'eliminazione della violenza contro le donne","Paola Cortellesi"],"articleSection":["Comunicati Stampa","Cultura e Media","Genere e femminismi"],"inLanguage":"it-IT"},{"@type":"WebPage","@id":"https:\/\/www.pressenza.com\/it\/2023\/11\/md-sulla-giornata-internazionale-per-leliminazione-della-violenza-contro-le-donne\/","url":"https:\/\/www.pressenza.com\/it\/2023\/11\/md-sulla-giornata-internazionale-per-leliminazione-della-violenza-contro-le-donne\/","name":"MD sulla Giornata internazionale per l\u2019eliminazione della violenza contro le donne","isPartOf":{"@id":"https:\/\/www.pressenza.com\/it\/#website"},"primaryImageOfPage":{"@id":"https:\/\/www.pressenza.com\/it\/2023\/11\/md-sulla-giornata-internazionale-per-leliminazione-della-violenza-contro-le-donne\/#primaryimage"},"image":{"@id":"https:\/\/www.pressenza.com\/it\/2023\/11\/md-sulla-giornata-internazionale-per-leliminazione-della-violenza-contro-le-donne\/#primaryimage"},"thumbnailUrl":"https:\/\/www.pressenza.com\/wp-content\/uploads\/2023\/11\/stop-femminicidio-1024x533-1-820x427-1.jpg","datePublished":"2023-11-24T20:54:45+00:00","dateModified":"2023-11-24T20:58:26+00:00","description":"La giornata internazionale per l\u2019eliminazione della violenza contro le donne, istituita dall'Assemblea generale delle Nazioni Unite nel dicembre 1999,","breadcrumb":{"@id":"https:\/\/www.pressenza.com\/it\/2023\/11\/md-sulla-giornata-internazionale-per-leliminazione-della-violenza-contro-le-donne\/#breadcrumb"},"inLanguage":"it-IT","potentialAction":[{"@type":"ReadAction","target":["https:\/\/www.pressenza.com\/it\/2023\/11\/md-sulla-giornata-internazionale-per-leliminazione-della-violenza-contro-le-donne\/"]}]},{"@type":"ImageObject","inLanguage":"it-IT","@id":"https:\/\/www.pressenza.com\/it\/2023\/11\/md-sulla-giornata-internazionale-per-leliminazione-della-violenza-contro-le-donne\/#primaryimage","url":"https:\/\/www.pressenza.com\/wp-content\/uploads\/2023\/11\/stop-femminicidio-1024x533-1-820x427-1.jpg","contentUrl":"https:\/\/www.pressenza.com\/wp-content\/uploads\/2023\/11\/stop-femminicidio-1024x533-1-820x427-1.jpg","width":820,"height":427},{"@type":"BreadcrumbList","@id":"https:\/\/www.pressenza.com\/it\/2023\/11\/md-sulla-giornata-internazionale-per-leliminazione-della-violenza-contro-le-donne\/#breadcrumb","itemListElement":[{"@type":"ListItem","position":1,"name":"Accueil","item":"https:\/\/www.pressenza.com\/it\/"},{"@type":"ListItem","position":2,"name":"MD sulla Giornata internazionale per l\u2019eliminazione della violenza contro le donne"}]},{"@type":"WebSite","@id":"https:\/\/www.pressenza.com\/it\/#website","url":"https:\/\/www.pressenza.com\/it\/","name":"Pressenza","description":"Agenzia di Stampa Internazionale","publisher":{"@id":"https:\/\/www.pressenza.com\/it\/#organization"},"potentialAction":[{"@type":"SearchAction","target":{"@type":"EntryPoint","urlTemplate":"https:\/\/www.pressenza.com\/it\/?s={search_term_string}"},"query-input":{"@type":"PropertyValueSpecification","valueRequired":true,"valueName":"search_term_string"}}],"inLanguage":"it-IT"},{"@type":"Organization","@id":"https:\/\/www.pressenza.com\/it\/#organization","name":"Pressenza","url":"https:\/\/www.pressenza.com\/it\/","logo":{"@type":"ImageObject","inLanguage":"it-IT","@id":"https:\/\/www.pressenza.com\/it\/#\/schema\/logo\/image\/","url":"https:\/\/www.pressenza.com\/wp-content\/uploads\/2022\/10\/pressenza_logo_200x200.jpg","contentUrl":"https:\/\/www.pressenza.com\/wp-content\/uploads\/2022\/10\/pressenza_logo_200x200.jpg","width":200,"height":200,"caption":"Pressenza"},"image":{"@id":"https:\/\/www.pressenza.com\/it\/#\/schema\/logo\/image\/"},"sameAs":["https:\/\/www.facebook.com\/PressenzaItalia","https:\/\/x.com\/PressenzaIPA"]},{"@type":"Person","@id":"https:\/\/www.pressenza.com\/it\/#\/schema\/person\/8fadbf6756e58c34de072cdfd4e4d630","name":"Magistratura Democratica","description":"www.magistraturademocratica.it","sameAs":["http:\/\/www.magistraturademocratica.it\/"],"url":"https:\/\/www.pressenza.com\/it\/author\/magistratura-democratica\/"}]}},"place":"","original_article_url":"","_links":{"self":[{"href":"https:\/\/www.pressenza.com\/it\/wp-json\/wp\/v2\/posts\/1783462","targetHints":{"allow":["GET"]}}],"collection":[{"href":"https:\/\/www.pressenza.com\/it\/wp-json\/wp\/v2\/posts"}],"about":[{"href":"https:\/\/www.pressenza.com\/it\/wp-json\/wp\/v2\/types\/post"}],"author":[{"embeddable":true,"href":"https:\/\/www.pressenza.com\/it\/wp-json\/wp\/v2\/users\/1552"}],"replies":[{"embeddable":true,"href":"https:\/\/www.pressenza.com\/it\/wp-json\/wp\/v2\/comments?post=1783462"}],"version-history":[{"count":0,"href":"https:\/\/www.pressenza.com\/it\/wp-json\/wp\/v2\/posts\/1783462\/revisions"}],"wp:featuredmedia":[{"embeddable":true,"href":"https:\/\/www.pressenza.com\/it\/wp-json\/wp\/v2\/media\/1783463"}],"wp:attachment":[{"href":"https:\/\/www.pressenza.com\/it\/wp-json\/wp\/v2\/media?parent=1783462"}],"wp:term":[{"taxonomy":"category","embeddable":true,"href":"https:\/\/www.pressenza.com\/it\/wp-json\/wp\/v2\/categories?post=1783462"},{"taxonomy":"post_tag","embeddable":true,"href":"https:\/\/www.pressenza.com\/it\/wp-json\/wp\/v2\/tags?post=1783462"}],"curies":[{"name":"wp","href":"https:\/\/api.w.org\/{rel}","templated":true}]}}