{"id":1783220,"date":"2023-11-23T16:48:24","date_gmt":"2023-11-23T16:48:24","guid":{"rendered":"https:\/\/www.pressenza.com\/?p=1783220"},"modified":"2023-11-23T16:48:24","modified_gmt":"2023-11-23T16:48:24","slug":"campagna-e-petizione-stand-up-with-afghan-women","status":"publish","type":"post","link":"https:\/\/www.pressenza.com\/it\/2023\/11\/campagna-e-petizione-stand-up-with-afghan-women\/","title":{"rendered":"Campagna e petizione \u201cStand Up With Afghan Women\u201d"},"content":{"rendered":"<p>In occasione delle celebrazioni per la Giornata internazionale per l\u2019eliminazione della violenza contro le donne, il 25 novembre 2023, il Coordinamento Italiano a Sostegno delle Donne Afghane (CISDA), Large Movements\u00a0 Aps e AltrEconomia, insieme alle associazioni afghane Revolutionary Association of the Women of Afghanistan (RAWA) e Hambastagi (Partito della Solidariet\u00e0) inviano all\u2019attenzione delle istituzioni italiane, europee e internazionali la <a href=\"https:\/\/www.standupwithafghanwomen.eu\/\">petizione \u201cStand Up With Afghan Women\u201d.<\/a><\/p>\n<p>La petizione \u00e8 stata lanciata un anno dopo il drammatico ritiro del 15 agosto 2021 delle truppe occidentali dall\u2019Afghanistan seguito all\u2019accordo di Doha tra Stati Uniti e Talebani ed \u00e8 una prima tappa della campagna di mobilitazione che vede coinvolte sugli stessi obiettivi 92 associazioni italiane ed europee insieme alle due organizzazioni afghane. I quattro obiettivi individuati nella petizione risultano oggi alla luce degli ultimi sviluppi ancora pi\u00f9 pregnanti:<\/p>\n<p><strong>Non riconoscimento del governo dei Talebani<\/strong><\/p>\n<p>Malgrado le rassicurazioni formali da parte dei governi e delle istituzioni internazionali, assistiamo a un riconoscimento strisciante del governo di fatto che si traduce in supporto finanziario, attraverso rapporti bilaterali e contratti economici. Attualmente sono aperte a Kabul ambasciate di ben 15 paesi, tra cui Cina, India, Indonesia, Russia, Pakistan, Qatar, Arabia Saudita, Turchia, eccetera. Gli USA, attraverso la propria agenzia governativa per lo sviluppo USAID, hanno investito 825.9 milioni di dollari in Afghanistan solo nel 2023.<\/p>\n<p>Sotto forma di aiuti umanitari di emergenza, la UE ha stanziato nel novembre 2023 60 milioni di euro per assistenza all\u2019interno del Paese, che si aggiungono ai 94 milioni gi\u00e0 stanziati quest\u2019anno. L\u2019ONU ha lanciato un piano che riguarda tutte le Nazioni Unite: richiede 4,62 miliardi di dollari per assistere circa 23,7 milioni di afghani all\u2019interno del Paese nel 2023. Un simile appello per il 2022 \u00e8 stato poi finanziato solo per il 52%, con 321 milioni di dollari ricevuti a fronte dei 623 milioni richiesti. Si tratta di cifre ingenti bench\u00e9 insufficienti di fronte alla gravit\u00e0 della catastrofe umanitaria, ma la corruzione a tutti i livelli, carattere distintivo dell\u2019epoca di occupazione Nato, si \u00e8 perpetuata anche nell\u2019era talebana. Alla popolazione arrivano ancora una volta le briciole, mentre la mancata costruzione di infrastrutture essenziali durante i 20 anni di occupazione occidentale vanifica ogni soccorso. Oltre a intascare la gran parte degli aiuti, il governo talebano investe le risorse nel potenziamento del proprio apparato repressivo, ai danni della popolazione che dovrebbe assistere.<\/p>\n<p><strong>Autodeterminazione del popolo afghano<\/strong><\/p>\n<p>La cancellazione dello stato di diritto, la negazione di ogni forma di partecipazione democratica, la violazione sistematica dei diritti umani, l\u2019apartheid di genere, documentate anche da fonti autorevoli come l\u2019ONU (Special Rapporteur R. Bennet, 9\/02\/23 e 15\/06\/23) rendono estremamente rischiosa ogni attivit\u00e0 sociale e politica da parte dell\u2019opposizione civile all\u2019interno del Paese. L\u2019ingerenza negli affari interni delle potenze regionali e globali, che sostengono ognuna una qualche fazione fondamentalista all\u2019interno o all\u2019esterno della galassia talebana, allontana la possibilit\u00e0 per le organizzazioni democratiche di giocare un ruolo attraverso la politica, dando rilievo invece agli attentati e alle azioni armate perpetrate dai fondamentalisti sedicenti \u201cresistenza\u201d. Chiediamo che gli Stati che sostengono milizie talebane o altri gruppi terroristici vengano sottoposti a sanzioni.<\/p>\n<p><strong>Riconoscimento politico delle forze afghane progressiste<\/strong><\/p>\n<p>Le forze progressiste, quali RAWA e HAMBASTAGI, che sostengono i diritti e le donne quali parte attiva della societ\u00e0, devono essere riconosciute come interlocutori politici dall&#8217;Unione Europea e dai governi nazionali in Europa. Le organizzazioni non armate continuano a operare in clandestinit\u00e0 e il fatto che vengano sistematicamente ignorate dalle istituzioni internazionali le rende pi\u00f9 vulnerabili. Eppure attorno ad esse gravita una rete di attivisti per i diritti umani, composta da organizzazioni prevalentemente femminili, che ancora resistono e operano in tutte le province sviluppando progetti di resistenza civile (scuole segrete, sostegno umanitario, sostegno sanitario ecc.). Chiediamo che vengano sostenute.<\/p>\n<p>Al contrario, i rappresentanti dei governi precedenti corrotti e fondamentalisti, che hanno goduto dei vantaggi dell\u2019occupazione e sono stati evacuati in sicurezza, non devono avere ruoli di rappresentanza della popolazione afghana.<\/p>\n<p><strong>Monitoraggio sul rispetto dei diritti umani<\/strong><\/p>\n<p>Dando seguito ai rapporti dell\u2019Human Rights Council dell\u2019ONU del 2023 sopra citati e alle indagini documentate di diverse agenzie internazionali, come Amnesty International e HRW, vanno accertate le responsabilit\u00e0 in materia di violazione dei diritti umani e crimini contro l&#8217;umanit\u00e0 perch\u00e9 ogni violazione venga portata all&#8217;attenzione della Corte Penale Internazionale. Le autorit\u00e0 europee, in cooperazione con le agenzie dell&#8217;ONU, devono istituire un organismo di investigazione indipendente a cui partecipino attiviste e attivisti per i diritti umani afghani e internazionali. In particolare, va perseguito con determinazione il reato di apartheid di genere come da pi\u00f9 parti invocato. L\u2019espulsione forzosa dei rifugiati afghani dal Pakistan a cui assistiamo in queste settimane e le inammissibili procedure da parte degli Stati occidentali, che impediscono con metodi burocratici l\u2019accesso al diritto d\u2019asilo a milioni di profughi, sono solo l\u2019ultima violazione massiccia ai danni della popolazione afghana ed espongono in modo particolare le donne a ulteriori gravissime violenze.<\/p>\n<p><strong>Hanno firmato la petizione, oltre alle 92 organizzazioni della societ\u00e0 civile italiana ed europea, 2 organizzazioni afghane e pi\u00f9 di 4.300 cittadini italiani, europei ed extra-europei.<\/strong><\/p>\n<p><strong>Alcune istituzioni hanno deciso di manifestare direttamente il proprio sostegno<\/strong> alla Campagna e alla Petizione attraverso l\u2019approvazione di mozioni: la Commissione Pari Opportunit\u00e0 del Comune di Imola, i Comuni di L\u2019Aquila, Modena e Fano. Altre istituzioni locali, come ad esempio la Regione Toscana, la provincia di Siena, la citt\u00e0 di Cesena, hanno espresso la loro solidariet\u00e0 in diverse forme.<\/p>\n<p>Dopo la consegna delle firme ai destinatari della petizione, la campagna rimane attiva: un\u2019inversione di tendenza in direzione dell\u2019affermazione dei diritti universali, e delle donne in special modo, esige un impegno congiunto, solidale e duraturo. Per questo continueremo a coinvolgere la societ\u00e0 civile, le forze sociali e politiche e a esercitare ogni pressione, richiamando con forza le istituzioni al loro ruolo di garanti dei diritti.<\/p>\n<p><strong>C.I.S.D.A. ETS, LARGE MOVEMENTS APS, ALTRECONOMIA, RAWA, HAMBASTAGI<\/strong><\/p>\n<p><strong>Sito della Piattaforma per prendere visione del testo integrale e delle organizzazioni firmatarie:\u00a0<a href=\"https:\/\/www.standupwithafghanwomen.eu\/\">https:\/\/www.standupwithafghanwomen.eu\/<\/a><\/strong><\/p>\n<p><strong>Il 4 dicembre alle ore 18 incontro on line delle associazioni promotrici a questo link <\/strong><a href=\"https:\/\/meet.google.com\/hei-gsfi-avd\">https:\/\/meet.google.com\/hei-gsfi-avd<\/a><\/p>\n<p>&nbsp;<\/p>\n","protected":false},"excerpt":{"rendered":"<p>In occasione delle celebrazioni per la Giornata internazionale per l\u2019eliminazione della violenza contro le donne, il 25 novembre 2023, il Coordinamento Italiano a Sostegno delle Donne Afghane (CISDA), Large Movements\u00a0 Aps e AltrEconomia, insieme alle associazioni afghane Revolutionary Association of&hellip;<\/p>\n","protected":false},"author":594,"featured_media":1783223,"comment_status":"closed","ping_status":"closed","sticky":false,"template":"","format":"standard","meta":{"footnotes":""},"categories":[150,60,38],"tags":[118018,5954],"class_list":["post-1783220","post","type-post","status-publish","format-standard","has-post-thumbnail","hentry","category-comunicati-stampa","category-diritti-umani","category-internazionale","tag-stand-up-with-afghan-women","tag-talebani"],"yoast_head":"<!-- This site is optimized with the Yoast SEO plugin v27.1.1 - https:\/\/yoast.com\/product\/yoast-seo-wordpress\/ -->\n<title>Campagna e petizione \u201cStand Up With Afghan Women\u201d<\/title>\n<meta name=\"description\" content=\"In occasione delle celebrazioni per la Giornata internazionale per l\u2019eliminazione della violenza contro le donne, il 25 novembre 2023, il Coordinamento\" \/>\n<meta name=\"robots\" content=\"index, follow, max-snippet:-1, max-image-preview:large, max-video-preview:-1\" \/>\n<link rel=\"canonical\" href=\"https:\/\/www.pressenza.com\/it\/2023\/11\/campagna-e-petizione-stand-up-with-afghan-women\/\" \/>\n<meta property=\"og:locale\" content=\"it_IT\" \/>\n<meta property=\"og:type\" content=\"article\" \/>\n<meta property=\"og:title\" content=\"Campagna e petizione \u201cStand Up With Afghan Women\u201d\" \/>\n<meta property=\"og:description\" content=\"In occasione delle celebrazioni per la Giornata internazionale per l\u2019eliminazione della violenza contro le donne, il 25 novembre 2023, il Coordinamento\" \/>\n<meta property=\"og:url\" content=\"https:\/\/www.pressenza.com\/it\/2023\/11\/campagna-e-petizione-stand-up-with-afghan-women\/\" \/>\n<meta property=\"og:site_name\" content=\"Pressenza\" \/>\n<meta property=\"article:publisher\" content=\"https:\/\/www.facebook.com\/PressenzaItalia\" \/>\n<meta property=\"article:author\" content=\"https:\/\/www.facebook.com\/PressenzaItalia\" \/>\n<meta property=\"article:published_time\" content=\"2023-11-23T16:48:24+00:00\" \/>\n<meta property=\"og:image\" content=\"https:\/\/www.pressenza.com\/wp-content\/uploads\/2023\/11\/foto-Cisda.jpg\" \/>\n\t<meta property=\"og:image:width\" content=\"720\" \/>\n\t<meta property=\"og:image:height\" content=\"540\" \/>\n\t<meta property=\"og:image:type\" content=\"image\/jpeg\" \/>\n<meta name=\"author\" content=\"Redazione Italia\" \/>\n<meta name=\"twitter:card\" content=\"summary_large_image\" \/>\n<meta name=\"twitter:creator\" content=\"@pressenza_it\" \/>\n<meta name=\"twitter:site\" content=\"@PressenzaIPA\" \/>\n<meta name=\"twitter:label1\" content=\"Scritto da\" \/>\n\t<meta name=\"twitter:data1\" content=\"Redazione Italia\" \/>\n\t<meta name=\"twitter:label2\" content=\"Tempo di lettura stimato\" \/>\n\t<meta name=\"twitter:data2\" content=\"6 minuti\" \/>\n<script type=\"application\/ld+json\" class=\"yoast-schema-graph\">{\"@context\":\"https:\/\/schema.org\",\"@graph\":[{\"@type\":\"Article\",\"@id\":\"https:\/\/www.pressenza.com\/it\/2023\/11\/campagna-e-petizione-stand-up-with-afghan-women\/#article\",\"isPartOf\":{\"@id\":\"https:\/\/www.pressenza.com\/it\/2023\/11\/campagna-e-petizione-stand-up-with-afghan-women\/\"},\"author\":{\"name\":\"Redazione Italia\",\"@id\":\"https:\/\/www.pressenza.com\/it\/#\/schema\/person\/d983e81827ae24f2c7b1a2123d197f8d\"},\"headline\":\"Campagna e petizione \u201cStand Up With Afghan Women\u201d\",\"datePublished\":\"2023-11-23T16:48:24+00:00\",\"mainEntityOfPage\":{\"@id\":\"https:\/\/www.pressenza.com\/it\/2023\/11\/campagna-e-petizione-stand-up-with-afghan-women\/\"},\"wordCount\":1013,\"publisher\":{\"@id\":\"https:\/\/www.pressenza.com\/it\/#organization\"},\"image\":{\"@id\":\"https:\/\/www.pressenza.com\/it\/2023\/11\/campagna-e-petizione-stand-up-with-afghan-women\/#primaryimage\"},\"thumbnailUrl\":\"https:\/\/www.pressenza.com\/wp-content\/uploads\/2023\/11\/foto-Cisda.jpg\",\"keywords\":[\"\u201cStand Up With Afghan Women\u201d\",\"Talebani\"],\"articleSection\":[\"Comunicati Stampa\",\"Diritti Umani\",\"Internazionale\"],\"inLanguage\":\"it-IT\"},{\"@type\":\"WebPage\",\"@id\":\"https:\/\/www.pressenza.com\/it\/2023\/11\/campagna-e-petizione-stand-up-with-afghan-women\/\",\"url\":\"https:\/\/www.pressenza.com\/it\/2023\/11\/campagna-e-petizione-stand-up-with-afghan-women\/\",\"name\":\"Campagna e petizione \u201cStand Up With Afghan Women\u201d\",\"isPartOf\":{\"@id\":\"https:\/\/www.pressenza.com\/it\/#website\"},\"primaryImageOfPage\":{\"@id\":\"https:\/\/www.pressenza.com\/it\/2023\/11\/campagna-e-petizione-stand-up-with-afghan-women\/#primaryimage\"},\"image\":{\"@id\":\"https:\/\/www.pressenza.com\/it\/2023\/11\/campagna-e-petizione-stand-up-with-afghan-women\/#primaryimage\"},\"thumbnailUrl\":\"https:\/\/www.pressenza.com\/wp-content\/uploads\/2023\/11\/foto-Cisda.jpg\",\"datePublished\":\"2023-11-23T16:48:24+00:00\",\"description\":\"In occasione delle celebrazioni per la Giornata internazionale per l\u2019eliminazione della violenza contro le donne, il 25 novembre 2023, il Coordinamento\",\"breadcrumb\":{\"@id\":\"https:\/\/www.pressenza.com\/it\/2023\/11\/campagna-e-petizione-stand-up-with-afghan-women\/#breadcrumb\"},\"inLanguage\":\"it-IT\",\"potentialAction\":[{\"@type\":\"ReadAction\",\"target\":[\"https:\/\/www.pressenza.com\/it\/2023\/11\/campagna-e-petizione-stand-up-with-afghan-women\/\"]}]},{\"@type\":\"ImageObject\",\"inLanguage\":\"it-IT\",\"@id\":\"https:\/\/www.pressenza.com\/it\/2023\/11\/campagna-e-petizione-stand-up-with-afghan-women\/#primaryimage\",\"url\":\"https:\/\/www.pressenza.com\/wp-content\/uploads\/2023\/11\/foto-Cisda.jpg\",\"contentUrl\":\"https:\/\/www.pressenza.com\/wp-content\/uploads\/2023\/11\/foto-Cisda.jpg\",\"width\":720,\"height\":540},{\"@type\":\"BreadcrumbList\",\"@id\":\"https:\/\/www.pressenza.com\/it\/2023\/11\/campagna-e-petizione-stand-up-with-afghan-women\/#breadcrumb\",\"itemListElement\":[{\"@type\":\"ListItem\",\"position\":1,\"name\":\"Accueil\",\"item\":\"https:\/\/www.pressenza.com\/it\/\"},{\"@type\":\"ListItem\",\"position\":2,\"name\":\"Campagna e petizione \u201cStand Up With Afghan Women\u201d\"}]},{\"@type\":\"WebSite\",\"@id\":\"https:\/\/www.pressenza.com\/it\/#website\",\"url\":\"https:\/\/www.pressenza.com\/it\/\",\"name\":\"Pressenza\",\"description\":\"Agenzia di Stampa Internazionale\",\"publisher\":{\"@id\":\"https:\/\/www.pressenza.com\/it\/#organization\"},\"potentialAction\":[{\"@type\":\"SearchAction\",\"target\":{\"@type\":\"EntryPoint\",\"urlTemplate\":\"https:\/\/www.pressenza.com\/it\/?s={search_term_string}\"},\"query-input\":{\"@type\":\"PropertyValueSpecification\",\"valueRequired\":true,\"valueName\":\"search_term_string\"}}],\"inLanguage\":\"it-IT\"},{\"@type\":\"Organization\",\"@id\":\"https:\/\/www.pressenza.com\/it\/#organization\",\"name\":\"Pressenza\",\"url\":\"https:\/\/www.pressenza.com\/it\/\",\"logo\":{\"@type\":\"ImageObject\",\"inLanguage\":\"it-IT\",\"@id\":\"https:\/\/www.pressenza.com\/it\/#\/schema\/logo\/image\/\",\"url\":\"https:\/\/www.pressenza.com\/wp-content\/uploads\/2022\/10\/pressenza_logo_200x200.jpg\",\"contentUrl\":\"https:\/\/www.pressenza.com\/wp-content\/uploads\/2022\/10\/pressenza_logo_200x200.jpg\",\"width\":200,\"height\":200,\"caption\":\"Pressenza\"},\"image\":{\"@id\":\"https:\/\/www.pressenza.com\/it\/#\/schema\/logo\/image\/\"},\"sameAs\":[\"https:\/\/www.facebook.com\/PressenzaItalia\",\"https:\/\/x.com\/PressenzaIPA\"]},{\"@type\":\"Person\",\"@id\":\"https:\/\/www.pressenza.com\/it\/#\/schema\/person\/d983e81827ae24f2c7b1a2123d197f8d\",\"name\":\"Redazione Italia\",\"description\":\"News from the Pressenza Bureau in Italy\",\"sameAs\":[\"https:\/\/www.pressenza.com\/it\/author\/redazione-italia\/\",\"https:\/\/www.facebook.com\/PressenzaItalia\",\"https:\/\/www.instagram.com\/pressenza_italia\/\",\"https:\/\/x.com\/pressenza_it\",\"https:\/\/www.youtube.com\/channel\/UCSalEIWjE1RSxkwjfftFuqg\"],\"url\":\"https:\/\/www.pressenza.com\/it\/author\/redazione-italia\/\"}]}<\/script>\n<!-- \/ Yoast SEO plugin. -->","yoast_head_json":{"title":"Campagna e petizione \u201cStand Up With Afghan Women\u201d","description":"In occasione delle celebrazioni per la Giornata internazionale per l\u2019eliminazione della violenza contro le donne, il 25 novembre 2023, il Coordinamento","robots":{"index":"index","follow":"follow","max-snippet":"max-snippet:-1","max-image-preview":"max-image-preview:large","max-video-preview":"max-video-preview:-1"},"canonical":"https:\/\/www.pressenza.com\/it\/2023\/11\/campagna-e-petizione-stand-up-with-afghan-women\/","og_locale":"it_IT","og_type":"article","og_title":"Campagna e petizione \u201cStand Up With Afghan Women\u201d","og_description":"In occasione delle celebrazioni per la Giornata internazionale per l\u2019eliminazione della violenza contro le donne, il 25 novembre 2023, il Coordinamento","og_url":"https:\/\/www.pressenza.com\/it\/2023\/11\/campagna-e-petizione-stand-up-with-afghan-women\/","og_site_name":"Pressenza","article_publisher":"https:\/\/www.facebook.com\/PressenzaItalia","article_author":"https:\/\/www.facebook.com\/PressenzaItalia","article_published_time":"2023-11-23T16:48:24+00:00","og_image":[{"width":720,"height":540,"url":"https:\/\/www.pressenza.com\/wp-content\/uploads\/2023\/11\/foto-Cisda.jpg","type":"image\/jpeg"}],"author":"Redazione Italia","twitter_card":"summary_large_image","twitter_creator":"@pressenza_it","twitter_site":"@PressenzaIPA","twitter_misc":{"Scritto da":"Redazione Italia","Tempo di lettura stimato":"6 minuti"},"schema":{"@context":"https:\/\/schema.org","@graph":[{"@type":"Article","@id":"https:\/\/www.pressenza.com\/it\/2023\/11\/campagna-e-petizione-stand-up-with-afghan-women\/#article","isPartOf":{"@id":"https:\/\/www.pressenza.com\/it\/2023\/11\/campagna-e-petizione-stand-up-with-afghan-women\/"},"author":{"name":"Redazione Italia","@id":"https:\/\/www.pressenza.com\/it\/#\/schema\/person\/d983e81827ae24f2c7b1a2123d197f8d"},"headline":"Campagna e petizione \u201cStand Up With Afghan Women\u201d","datePublished":"2023-11-23T16:48:24+00:00","mainEntityOfPage":{"@id":"https:\/\/www.pressenza.com\/it\/2023\/11\/campagna-e-petizione-stand-up-with-afghan-women\/"},"wordCount":1013,"publisher":{"@id":"https:\/\/www.pressenza.com\/it\/#organization"},"image":{"@id":"https:\/\/www.pressenza.com\/it\/2023\/11\/campagna-e-petizione-stand-up-with-afghan-women\/#primaryimage"},"thumbnailUrl":"https:\/\/www.pressenza.com\/wp-content\/uploads\/2023\/11\/foto-Cisda.jpg","keywords":["\u201cStand Up With Afghan Women\u201d","Talebani"],"articleSection":["Comunicati Stampa","Diritti Umani","Internazionale"],"inLanguage":"it-IT"},{"@type":"WebPage","@id":"https:\/\/www.pressenza.com\/it\/2023\/11\/campagna-e-petizione-stand-up-with-afghan-women\/","url":"https:\/\/www.pressenza.com\/it\/2023\/11\/campagna-e-petizione-stand-up-with-afghan-women\/","name":"Campagna e petizione \u201cStand Up With Afghan Women\u201d","isPartOf":{"@id":"https:\/\/www.pressenza.com\/it\/#website"},"primaryImageOfPage":{"@id":"https:\/\/www.pressenza.com\/it\/2023\/11\/campagna-e-petizione-stand-up-with-afghan-women\/#primaryimage"},"image":{"@id":"https:\/\/www.pressenza.com\/it\/2023\/11\/campagna-e-petizione-stand-up-with-afghan-women\/#primaryimage"},"thumbnailUrl":"https:\/\/www.pressenza.com\/wp-content\/uploads\/2023\/11\/foto-Cisda.jpg","datePublished":"2023-11-23T16:48:24+00:00","description":"In occasione delle celebrazioni per la Giornata internazionale per l\u2019eliminazione della violenza contro le donne, il 25 novembre 2023, il Coordinamento","breadcrumb":{"@id":"https:\/\/www.pressenza.com\/it\/2023\/11\/campagna-e-petizione-stand-up-with-afghan-women\/#breadcrumb"},"inLanguage":"it-IT","potentialAction":[{"@type":"ReadAction","target":["https:\/\/www.pressenza.com\/it\/2023\/11\/campagna-e-petizione-stand-up-with-afghan-women\/"]}]},{"@type":"ImageObject","inLanguage":"it-IT","@id":"https:\/\/www.pressenza.com\/it\/2023\/11\/campagna-e-petizione-stand-up-with-afghan-women\/#primaryimage","url":"https:\/\/www.pressenza.com\/wp-content\/uploads\/2023\/11\/foto-Cisda.jpg","contentUrl":"https:\/\/www.pressenza.com\/wp-content\/uploads\/2023\/11\/foto-Cisda.jpg","width":720,"height":540},{"@type":"BreadcrumbList","@id":"https:\/\/www.pressenza.com\/it\/2023\/11\/campagna-e-petizione-stand-up-with-afghan-women\/#breadcrumb","itemListElement":[{"@type":"ListItem","position":1,"name":"Accueil","item":"https:\/\/www.pressenza.com\/it\/"},{"@type":"ListItem","position":2,"name":"Campagna e petizione \u201cStand Up With Afghan Women\u201d"}]},{"@type":"WebSite","@id":"https:\/\/www.pressenza.com\/it\/#website","url":"https:\/\/www.pressenza.com\/it\/","name":"Pressenza","description":"Agenzia di Stampa Internazionale","publisher":{"@id":"https:\/\/www.pressenza.com\/it\/#organization"},"potentialAction":[{"@type":"SearchAction","target":{"@type":"EntryPoint","urlTemplate":"https:\/\/www.pressenza.com\/it\/?s={search_term_string}"},"query-input":{"@type":"PropertyValueSpecification","valueRequired":true,"valueName":"search_term_string"}}],"inLanguage":"it-IT"},{"@type":"Organization","@id":"https:\/\/www.pressenza.com\/it\/#organization","name":"Pressenza","url":"https:\/\/www.pressenza.com\/it\/","logo":{"@type":"ImageObject","inLanguage":"it-IT","@id":"https:\/\/www.pressenza.com\/it\/#\/schema\/logo\/image\/","url":"https:\/\/www.pressenza.com\/wp-content\/uploads\/2022\/10\/pressenza_logo_200x200.jpg","contentUrl":"https:\/\/www.pressenza.com\/wp-content\/uploads\/2022\/10\/pressenza_logo_200x200.jpg","width":200,"height":200,"caption":"Pressenza"},"image":{"@id":"https:\/\/www.pressenza.com\/it\/#\/schema\/logo\/image\/"},"sameAs":["https:\/\/www.facebook.com\/PressenzaItalia","https:\/\/x.com\/PressenzaIPA"]},{"@type":"Person","@id":"https:\/\/www.pressenza.com\/it\/#\/schema\/person\/d983e81827ae24f2c7b1a2123d197f8d","name":"Redazione Italia","description":"News from the Pressenza Bureau in Italy","sameAs":["https:\/\/www.pressenza.com\/it\/author\/redazione-italia\/","https:\/\/www.facebook.com\/PressenzaItalia","https:\/\/www.instagram.com\/pressenza_italia\/","https:\/\/x.com\/pressenza_it","https:\/\/www.youtube.com\/channel\/UCSalEIWjE1RSxkwjfftFuqg"],"url":"https:\/\/www.pressenza.com\/it\/author\/redazione-italia\/"}]}},"place":"","original_article_url":"","_links":{"self":[{"href":"https:\/\/www.pressenza.com\/it\/wp-json\/wp\/v2\/posts\/1783220","targetHints":{"allow":["GET"]}}],"collection":[{"href":"https:\/\/www.pressenza.com\/it\/wp-json\/wp\/v2\/posts"}],"about":[{"href":"https:\/\/www.pressenza.com\/it\/wp-json\/wp\/v2\/types\/post"}],"author":[{"embeddable":true,"href":"https:\/\/www.pressenza.com\/it\/wp-json\/wp\/v2\/users\/594"}],"replies":[{"embeddable":true,"href":"https:\/\/www.pressenza.com\/it\/wp-json\/wp\/v2\/comments?post=1783220"}],"version-history":[{"count":0,"href":"https:\/\/www.pressenza.com\/it\/wp-json\/wp\/v2\/posts\/1783220\/revisions"}],"wp:featuredmedia":[{"embeddable":true,"href":"https:\/\/www.pressenza.com\/it\/wp-json\/wp\/v2\/media\/1783223"}],"wp:attachment":[{"href":"https:\/\/www.pressenza.com\/it\/wp-json\/wp\/v2\/media?parent=1783220"}],"wp:term":[{"taxonomy":"category","embeddable":true,"href":"https:\/\/www.pressenza.com\/it\/wp-json\/wp\/v2\/categories?post=1783220"},{"taxonomy":"post_tag","embeddable":true,"href":"https:\/\/www.pressenza.com\/it\/wp-json\/wp\/v2\/tags?post=1783220"}],"curies":[{"name":"wp","href":"https:\/\/api.w.org\/{rel}","templated":true}]}}