{"id":1782051,"date":"2023-11-17T17:25:41","date_gmt":"2023-11-17T17:25:41","guid":{"rendered":"https:\/\/www.pressenza.com\/?p=1782051"},"modified":"2023-11-17T17:26:48","modified_gmt":"2023-11-17T17:26:48","slug":"17-novembre-dietro-le-quinte-dello-sciopero-fallito","status":"publish","type":"post","link":"https:\/\/www.pressenza.com\/it\/2023\/11\/17-novembre-dietro-le-quinte-dello-sciopero-fallito\/","title":{"rendered":"17 novembre: dietro le quinte dello sciopero fallito"},"content":{"rendered":"<p>L\u2019immagine che mi rester\u00e0 impressa, dello<strong>\u00a0sciopero \u201cgenerale\u201d indetto da CGIL e UIL<\/strong>, \u00e8 quella delle settanta persone presenti al\u00a0<strong>sit-in davanti la prefettura<\/strong>\u00a0che, subito dopo la foto di rito, finite le riprese televisive e le interviste da parte dell\u2019emittente locale, ripiegano le bandiere dei sindacati, le consegnano all\u2019organizzatore e tornano a casa.<\/p>\n<p>Insomma il\u00a0<strong>sit-in<\/strong>, le bandiere dispiegate al vento, come\u00a0<strong>set scenografico di uno short film, di una grande finzione<\/strong>. Una finzione d\u2019un ora, giusto il tempo che giunga la troupe televisiva e la giornalista, senza che neanche un sindacalista abbia \u201c<em>arringato<\/em>\u201d gli scioperanti ( rectius \u201c<em>le comparse<\/em>\u201d ).<\/p>\n<p><strong>Lo sciopero \u201cgenerale\u201d come cerimonia di un gioco delle parti:<\/strong><\/p>\n<ul>\n<li><strong>il sindacato \u201calza la voce\u201d ma solo in tiv\u00f9<\/strong>,<\/li>\n<li><strong>i lavoratori che sono rimasti nei propri posti di lavoro<\/strong>\u00a0\u2013 salvo qualche \u201ccomparsa\u201d al sit-in -,<\/li>\n<li><strong>il governo che esulta per l\u2019insuccesso<\/strong>\u00a0della \u201cchiamata\u201d allo sciopero.<\/li>\n<\/ul>\n<p>Quello che\u00a0<strong>Matteo Salvini, capo del partito della Lega Nord<\/strong>, ha definito lo \u201c<strong>sciopero del venerd\u00ec<\/strong>\u201d, un \u201c<em>trucco<\/em>\u201d per allungare il\u00a0<em>week end<\/em>, \u00e8 infatti fallito.<\/p>\n<p>Alle 14 i dati provvisori sul tavolo del governo rilevano una\u00a0<strong>adesione nazionale allo sciopero indetto da CGIL e UIL, nonch\u00e9 dal minuscolo sindacato di base USB, di appena il 3,65% dei lavoratori del settore pubblico [1].<\/strong><\/p>\n<figure class=\"wp-block-image size-full\"><img loading=\"lazy\" decoding=\"async\" class=\"wp-image-19099\" src=\"https:\/\/www.fronteampio.it\/wp-content\/uploads\/2023\/11\/dati_adesione_sciopero_171123.jpg\" sizes=\"auto, (max-width: 1003px) 100vw, 1003px\" srcset=\"https:\/\/www.fronteampio.it\/wp-content\/uploads\/2023\/11\/dati_adesione_sciopero_171123.jpg 1003w, https:\/\/www.fronteampio.it\/wp-content\/uploads\/2023\/11\/dati_adesione_sciopero_171123-300x152.jpg 300w, https:\/\/www.fronteampio.it\/wp-content\/uploads\/2023\/11\/dati_adesione_sciopero_171123-768x388.jpg 768w\" alt=\"\" width=\"1003\" height=\"507\" \/><\/figure>\n<p>Nel privato, si sa, non sciopera mai nessuno.<\/p>\n<p><strong>Nel settore scuola, in particolare, la percentuale di adesione nazionale allo sciopero arrivava appena al 3,85%\u00a0<\/strong>bench\u00e9 la stessa CGIL-FLC l\u00ec raccolga oggi il 20,44% di deleghe e la UIL-SCUOLA poco meno, il 15,34%\u00a0<strong>[2].<\/strong><\/p>\n<p>In piazza, per\u00f2, anche\u00a0<strong><a href=\"https:\/\/www.fronteampio.it\/cub-scuola-sciopero-per-difendere-lo-sciopero\/\" target=\"_blank\" rel=\"noreferrer noopener\">chi allo \u201csciopero a difesa dello sciopero\u201d ci credeva, la CUB Scuola<\/a><\/strong>, come dichiarato negli scorsi giorni.<\/p>\n<figure class=\"wp-block-image size-full\"><img loading=\"lazy\" decoding=\"async\" class=\"wp-image-19101\" src=\"https:\/\/www.fronteampio.it\/wp-content\/uploads\/2023\/11\/sitin_sindacati.webp\" sizes=\"auto, (max-width: 1000px) 100vw, 1000px\" srcset=\"https:\/\/www.fronteampio.it\/wp-content\/uploads\/2023\/11\/sitin_sindacati.webp 1000w, https:\/\/www.fronteampio.it\/wp-content\/uploads\/2023\/11\/sitin_sindacati-300x225.webp 300w, https:\/\/www.fronteampio.it\/wp-content\/uploads\/2023\/11\/sitin_sindacati-768x576.webp 768w\" alt=\"\" width=\"1000\" height=\"750\" \/><\/figure>\n<h2 id=\"h-sciopero-generale-cgil-uil-e-mancata-la-mobilitazione\" class=\"wp-block-heading\"><strong>Sciopero generale CGIL \u2013 UIL : \u00e8 mancata la mobilitazione !<\/strong><\/h2>\n<p>In definitiva, sembrerebbe quasi che<strong>\u00a0i delegati dei due grandi sindacati non abbiano promosso l\u2019azione di sciopero neanche tra i propri iscritti<\/strong>. Oppure, che gran parte di quelle deleghe sindacali sono firmate solo al fine di ottenere \u201c<em>gratuitamente<\/em>\u201d i servizi di assistenza di CAF e Patronato.<\/p>\n<p>Attenzione: questo non vuol dire che per i lavoratori approvino\u00a0<strong>le gravi frasi pronunciate in questi giorni dal ministro Matteo Salvini e dalla presidente della commissione di garanzia Bellochi [3]\u00a0<\/strong>ovvero l\u2019azione del governo. E\u2019 solo che i lavoratori non ritengono n\u00e9 pi\u00f9 credibili i sindacati confederali e n\u00e9 utile lo strumento dello sciopero per come \u00e8 oggi limitato \u201c<em>grazie<\/em>\u201d alla \u201c<em>concertazione<\/em>\u201d sottoscritta dalla\u00a0<strong>\u201cTriplice\u201d sindacale CGIL-CISL e UIL<\/strong>\u00a0in passato.<\/p>\n<p><strong>Alle commedie, i lavoratori preferiscono il dramma di dover arrivare \u201calla fine del mese\u201d\u00a0<\/strong>con salari bloccati ma<strong>\u00a0prezzi che galoppano!<\/strong><\/p>\n<h2 id=\"h-fonti-e-note\" class=\"wp-block-heading\">\u2014<br \/>\n<strong>Fonti e Note:<\/strong><\/h2>\n<p><strong>P.S.\u00a0<\/strong>Le considerazioni si basano sulla osservazione della\u00a0<strong>manifestazione di Trapani\u00a0<\/strong>e sull\u2019adesione media nazionale. Esistono, ovviamente,\u00a0<strong>\u201cisoli felici\u201d dove i lavoratori sono consapevoli del proprio potere, se uniti,<\/strong>\u00a0e dove l\u2019adesione \u00e8 stata ben pi\u00f9 alta della media: a<strong>\u00a0Torino\u00a0<\/strong>ad esempio, dove in testa \u2013 guarda caso \u2013 c\u2019era un sindacato di base,\u00a0<strong>la CUB<\/strong>\u00a0<strong>scuola<\/strong>.<\/p>\n<p><strong>[1]\u00a0<a href=\"https:\/\/www.aranagenzia.it\/attachments\/category\/7807\/TABELLE%20accertamento%202022-2024%20approvate.pdf\" target=\"_blank\" rel=\"noreferrer noopener\">Agenzia ARAN<\/a><\/strong>, \u201c<em>Accertamento rappresentativit\u00e0 (2022) \u2013 Comparto Istruzione e Ricerca<\/em>\u201d.<\/p>\n<figure class=\"wp-block-image size-full\"><img loading=\"lazy\" decoding=\"async\" class=\"wp-image-19100\" src=\"https:\/\/www.fronteampio.it\/wp-content\/uploads\/2023\/11\/rappresentativita_sindacati_scuola.jpg\" sizes=\"auto, (max-width: 826px) 100vw, 826px\" srcset=\"https:\/\/www.fronteampio.it\/wp-content\/uploads\/2023\/11\/rappresentativita_sindacati_scuola.jpg 826w, https:\/\/www.fronteampio.it\/wp-content\/uploads\/2023\/11\/rappresentativita_sindacati_scuola-300x179.jpg 300w, https:\/\/www.fronteampio.it\/wp-content\/uploads\/2023\/11\/rappresentativita_sindacati_scuola-768x458.jpg 768w\" alt=\"\" width=\"826\" height=\"493\" \/><\/figure>\n<p><strong>[2]\u00a0<\/strong><a href=\"https:\/\/www.funzionepubblica.gov.it\/sites\/funzionepubblica.gov.it\/files\/documenti\/scioperi_pdf\/304-Plurisetto17112023-144511.pdf\" target=\"_blank\" rel=\"noreferrer noopener\"><strong>Funzione Pubblica<\/strong>,<\/a>\u00a0\u201c<em>Cruscotto scioperi \u2013 sciopero del 17 novembre 2023<\/em>\u201d.<br \/>\n<strong>[3]\u00a0<a href=\"https:\/\/www.dinamopress.it\/news\/inizia-la-guerra-del-governo-contro-il-diritto-di-sciopero\/\" target=\"_blank\" rel=\"noreferrer noopener\">Dinamo Press<\/a><\/strong>, 17 novembre 2023, \u201c<em>Inizia la guerra del governo contro il diritto di sciopero<\/em>\u201d.<br \/>\nSalvini ha dichiarato: \u00ab\u00a0<strong>i lavoratori hanno il diritto di lavorare e devono poter raggiungere i propri luoghi di lavoro con il trasporto pubblico<\/strong>\u00a0\u00bb.<br \/>\nLa presidente della commissione di garanzia Bellochi ha annunciato che: \u00ab\u00a0<strong>Ormai si indice uno sciopero generale persino l\u20198 marzo per la festa della donna. Lo sciopero generale invece deve essere un fatto eccezionale. Insomma, si devono filtrare un p\u00f2 i criteri per la proclamazione\u00a0<\/strong>\u00bb.<\/p>\n<div class=\"yarpp yarpp-related yarpp-related-website yarpp-template-thumbnails\"><\/div>\n","protected":false},"excerpt":{"rendered":"<p>L\u2019immagine che mi rester\u00e0 impressa, dello\u00a0sciopero \u201cgenerale\u201d indetto da CGIL e UIL, \u00e8 quella delle settanta persone presenti al\u00a0sit-in davanti la prefettura\u00a0che, subito dopo la foto di rito, finite le riprese televisive e le interviste da parte dell\u2019emittente locale, ripiegano&hellip;<\/p>\n","protected":false},"author":2309,"featured_media":1782052,"comment_status":"closed","ping_status":"closed","sticky":false,"template":"","format":"standard","meta":{"footnotes":""},"categories":[11388,1258,162],"tags":[],"class_list":["post-1782051","post","type-post","status-publish","format-standard","has-post-thumbnail","hentry","category-contenuti-originali","category-educazione","category-opinioni"],"yoast_head":"<!-- This site is optimized with the Yoast SEO plugin v27.1.1 - https:\/\/yoast.com\/product\/yoast-seo-wordpress\/ -->\n<title>17 novembre: dietro le quinte dello sciopero fallito<\/title>\n<meta name=\"description\" content=\"L\u2019immagine che mi rester\u00e0 impressa, dello\u00a0sciopero \u201cgenerale\u201d indetto da CGIL e UIL, \u00e8 quella delle settanta persone presenti al\u00a0sit-in davanti la\" \/>\n<meta name=\"robots\" content=\"index, follow, max-snippet:-1, max-image-preview:large, max-video-preview:-1\" \/>\n<link rel=\"canonical\" href=\"https:\/\/www.pressenza.com\/it\/2023\/11\/17-novembre-dietro-le-quinte-dello-sciopero-fallito\/\" \/>\n<meta property=\"og:locale\" content=\"it_IT\" \/>\n<meta property=\"og:type\" content=\"article\" \/>\n<meta property=\"og:title\" content=\"17 novembre: dietro le quinte dello sciopero fallito\" \/>\n<meta property=\"og:description\" content=\"L\u2019immagine che mi rester\u00e0 impressa, dello\u00a0sciopero \u201cgenerale\u201d indetto da CGIL e UIL, \u00e8 quella delle settanta persone presenti al\u00a0sit-in davanti la\" \/>\n<meta property=\"og:url\" content=\"https:\/\/www.pressenza.com\/it\/2023\/11\/17-novembre-dietro-le-quinte-dello-sciopero-fallito\/\" \/>\n<meta property=\"og:site_name\" content=\"Pressenza\" \/>\n<meta property=\"article:publisher\" content=\"https:\/\/www.facebook.com\/PressenzaItalia\" \/>\n<meta property=\"article:published_time\" content=\"2023-11-17T17:25:41+00:00\" \/>\n<meta property=\"article:modified_time\" content=\"2023-11-17T17:26:48+00:00\" \/>\n<meta property=\"og:image\" content=\"https:\/\/www.pressenza.com\/wp-content\/uploads\/2023\/11\/sitin_sindacati_1711_CGIL-UIL.webp\" \/>\n\t<meta property=\"og:image:width\" content=\"1000\" \/>\n\t<meta property=\"og:image:height\" content=\"564\" \/>\n\t<meta property=\"og:image:type\" content=\"image\/webp\" \/>\n<meta name=\"author\" content=\"Redazione Trapani\" \/>\n<meta name=\"twitter:card\" content=\"summary_large_image\" \/>\n<meta name=\"twitter:creator\" content=\"@PressenzaIPA\" \/>\n<meta name=\"twitter:site\" content=\"@PressenzaIPA\" \/>\n<meta name=\"twitter:label1\" content=\"Scritto da\" \/>\n\t<meta name=\"twitter:data1\" content=\"Redazione Trapani\" \/>\n\t<meta name=\"twitter:label2\" content=\"Tempo di lettura stimato\" \/>\n\t<meta name=\"twitter:data2\" content=\"4 minuti\" \/>\n<script type=\"application\/ld+json\" class=\"yoast-schema-graph\">{\"@context\":\"https:\/\/schema.org\",\"@graph\":[{\"@type\":\"Article\",\"@id\":\"https:\/\/www.pressenza.com\/it\/2023\/11\/17-novembre-dietro-le-quinte-dello-sciopero-fallito\/#article\",\"isPartOf\":{\"@id\":\"https:\/\/www.pressenza.com\/it\/2023\/11\/17-novembre-dietro-le-quinte-dello-sciopero-fallito\/\"},\"author\":{\"name\":\"Redazione Trapani\",\"@id\":\"https:\/\/www.pressenza.com\/it\/#\/schema\/person\/8c49b38d40b9a93d4fc737dc63a1232b\"},\"headline\":\"17 novembre: dietro le quinte dello sciopero fallito\",\"datePublished\":\"2023-11-17T17:25:41+00:00\",\"dateModified\":\"2023-11-17T17:26:48+00:00\",\"mainEntityOfPage\":{\"@id\":\"https:\/\/www.pressenza.com\/it\/2023\/11\/17-novembre-dietro-le-quinte-dello-sciopero-fallito\/\"},\"wordCount\":577,\"publisher\":{\"@id\":\"https:\/\/www.pressenza.com\/it\/#organization\"},\"image\":{\"@id\":\"https:\/\/www.pressenza.com\/it\/2023\/11\/17-novembre-dietro-le-quinte-dello-sciopero-fallito\/#primaryimage\"},\"thumbnailUrl\":\"https:\/\/www.pressenza.com\/wp-content\/uploads\/2023\/11\/sitin_sindacati_1711_CGIL-UIL.webp\",\"articleSection\":[\"contenuti originali\",\"Educazione\",\"Opinioni\"],\"inLanguage\":\"it-IT\"},{\"@type\":\"WebPage\",\"@id\":\"https:\/\/www.pressenza.com\/it\/2023\/11\/17-novembre-dietro-le-quinte-dello-sciopero-fallito\/\",\"url\":\"https:\/\/www.pressenza.com\/it\/2023\/11\/17-novembre-dietro-le-quinte-dello-sciopero-fallito\/\",\"name\":\"17 novembre: dietro le quinte dello sciopero fallito\",\"isPartOf\":{\"@id\":\"https:\/\/www.pressenza.com\/it\/#website\"},\"primaryImageOfPage\":{\"@id\":\"https:\/\/www.pressenza.com\/it\/2023\/11\/17-novembre-dietro-le-quinte-dello-sciopero-fallito\/#primaryimage\"},\"image\":{\"@id\":\"https:\/\/www.pressenza.com\/it\/2023\/11\/17-novembre-dietro-le-quinte-dello-sciopero-fallito\/#primaryimage\"},\"thumbnailUrl\":\"https:\/\/www.pressenza.com\/wp-content\/uploads\/2023\/11\/sitin_sindacati_1711_CGIL-UIL.webp\",\"datePublished\":\"2023-11-17T17:25:41+00:00\",\"dateModified\":\"2023-11-17T17:26:48+00:00\",\"description\":\"L\u2019immagine che mi rester\u00e0 impressa, dello\u00a0sciopero \u201cgenerale\u201d indetto da CGIL e UIL, \u00e8 quella delle settanta persone presenti al\u00a0sit-in davanti la\",\"breadcrumb\":{\"@id\":\"https:\/\/www.pressenza.com\/it\/2023\/11\/17-novembre-dietro-le-quinte-dello-sciopero-fallito\/#breadcrumb\"},\"inLanguage\":\"it-IT\",\"potentialAction\":[{\"@type\":\"ReadAction\",\"target\":[\"https:\/\/www.pressenza.com\/it\/2023\/11\/17-novembre-dietro-le-quinte-dello-sciopero-fallito\/\"]}]},{\"@type\":\"ImageObject\",\"inLanguage\":\"it-IT\",\"@id\":\"https:\/\/www.pressenza.com\/it\/2023\/11\/17-novembre-dietro-le-quinte-dello-sciopero-fallito\/#primaryimage\",\"url\":\"https:\/\/www.pressenza.com\/wp-content\/uploads\/2023\/11\/sitin_sindacati_1711_CGIL-UIL.webp\",\"contentUrl\":\"https:\/\/www.pressenza.com\/wp-content\/uploads\/2023\/11\/sitin_sindacati_1711_CGIL-UIL.webp\",\"width\":1000,\"height\":564},{\"@type\":\"BreadcrumbList\",\"@id\":\"https:\/\/www.pressenza.com\/it\/2023\/11\/17-novembre-dietro-le-quinte-dello-sciopero-fallito\/#breadcrumb\",\"itemListElement\":[{\"@type\":\"ListItem\",\"position\":1,\"name\":\"Accueil\",\"item\":\"https:\/\/www.pressenza.com\/it\/\"},{\"@type\":\"ListItem\",\"position\":2,\"name\":\"17 novembre: dietro le quinte dello sciopero fallito\"}]},{\"@type\":\"WebSite\",\"@id\":\"https:\/\/www.pressenza.com\/it\/#website\",\"url\":\"https:\/\/www.pressenza.com\/it\/\",\"name\":\"Pressenza\",\"description\":\"Agenzia di Stampa Internazionale\",\"publisher\":{\"@id\":\"https:\/\/www.pressenza.com\/it\/#organization\"},\"potentialAction\":[{\"@type\":\"SearchAction\",\"target\":{\"@type\":\"EntryPoint\",\"urlTemplate\":\"https:\/\/www.pressenza.com\/it\/?s={search_term_string}\"},\"query-input\":{\"@type\":\"PropertyValueSpecification\",\"valueRequired\":true,\"valueName\":\"search_term_string\"}}],\"inLanguage\":\"it-IT\"},{\"@type\":\"Organization\",\"@id\":\"https:\/\/www.pressenza.com\/it\/#organization\",\"name\":\"Pressenza\",\"url\":\"https:\/\/www.pressenza.com\/it\/\",\"logo\":{\"@type\":\"ImageObject\",\"inLanguage\":\"it-IT\",\"@id\":\"https:\/\/www.pressenza.com\/it\/#\/schema\/logo\/image\/\",\"url\":\"https:\/\/www.pressenza.com\/wp-content\/uploads\/2022\/10\/pressenza_logo_200x200.jpg\",\"contentUrl\":\"https:\/\/www.pressenza.com\/wp-content\/uploads\/2022\/10\/pressenza_logo_200x200.jpg\",\"width\":200,\"height\":200,\"caption\":\"Pressenza\"},\"image\":{\"@id\":\"https:\/\/www.pressenza.com\/it\/#\/schema\/logo\/image\/\"},\"sameAs\":[\"https:\/\/www.facebook.com\/PressenzaItalia\",\"https:\/\/x.com\/PressenzaIPA\"]},{\"@type\":\"Person\",\"@id\":\"https:\/\/www.pressenza.com\/it\/#\/schema\/person\/8c49b38d40b9a93d4fc737dc63a1232b\",\"name\":\"Redazione Trapani\",\"description\":\"News from the Pressenza Bureau in Trapani, Italy\",\"url\":\"https:\/\/www.pressenza.com\/it\/author\/redazione-trapani\/\"}]}<\/script>\n<!-- \/ Yoast SEO plugin. -->","yoast_head_json":{"title":"17 novembre: dietro le quinte dello sciopero fallito","description":"L\u2019immagine che mi rester\u00e0 impressa, dello\u00a0sciopero \u201cgenerale\u201d indetto da CGIL e UIL, \u00e8 quella delle settanta persone presenti al\u00a0sit-in davanti la","robots":{"index":"index","follow":"follow","max-snippet":"max-snippet:-1","max-image-preview":"max-image-preview:large","max-video-preview":"max-video-preview:-1"},"canonical":"https:\/\/www.pressenza.com\/it\/2023\/11\/17-novembre-dietro-le-quinte-dello-sciopero-fallito\/","og_locale":"it_IT","og_type":"article","og_title":"17 novembre: dietro le quinte dello sciopero fallito","og_description":"L\u2019immagine che mi rester\u00e0 impressa, dello\u00a0sciopero \u201cgenerale\u201d indetto da CGIL e UIL, \u00e8 quella delle settanta persone presenti al\u00a0sit-in davanti la","og_url":"https:\/\/www.pressenza.com\/it\/2023\/11\/17-novembre-dietro-le-quinte-dello-sciopero-fallito\/","og_site_name":"Pressenza","article_publisher":"https:\/\/www.facebook.com\/PressenzaItalia","article_published_time":"2023-11-17T17:25:41+00:00","article_modified_time":"2023-11-17T17:26:48+00:00","og_image":[{"width":1000,"height":564,"url":"https:\/\/www.pressenza.com\/wp-content\/uploads\/2023\/11\/sitin_sindacati_1711_CGIL-UIL.webp","type":"image\/webp"}],"author":"Redazione Trapani","twitter_card":"summary_large_image","twitter_creator":"@PressenzaIPA","twitter_site":"@PressenzaIPA","twitter_misc":{"Scritto da":"Redazione Trapani","Tempo di lettura stimato":"4 minuti"},"schema":{"@context":"https:\/\/schema.org","@graph":[{"@type":"Article","@id":"https:\/\/www.pressenza.com\/it\/2023\/11\/17-novembre-dietro-le-quinte-dello-sciopero-fallito\/#article","isPartOf":{"@id":"https:\/\/www.pressenza.com\/it\/2023\/11\/17-novembre-dietro-le-quinte-dello-sciopero-fallito\/"},"author":{"name":"Redazione Trapani","@id":"https:\/\/www.pressenza.com\/it\/#\/schema\/person\/8c49b38d40b9a93d4fc737dc63a1232b"},"headline":"17 novembre: dietro le quinte dello sciopero fallito","datePublished":"2023-11-17T17:25:41+00:00","dateModified":"2023-11-17T17:26:48+00:00","mainEntityOfPage":{"@id":"https:\/\/www.pressenza.com\/it\/2023\/11\/17-novembre-dietro-le-quinte-dello-sciopero-fallito\/"},"wordCount":577,"publisher":{"@id":"https:\/\/www.pressenza.com\/it\/#organization"},"image":{"@id":"https:\/\/www.pressenza.com\/it\/2023\/11\/17-novembre-dietro-le-quinte-dello-sciopero-fallito\/#primaryimage"},"thumbnailUrl":"https:\/\/www.pressenza.com\/wp-content\/uploads\/2023\/11\/sitin_sindacati_1711_CGIL-UIL.webp","articleSection":["contenuti originali","Educazione","Opinioni"],"inLanguage":"it-IT"},{"@type":"WebPage","@id":"https:\/\/www.pressenza.com\/it\/2023\/11\/17-novembre-dietro-le-quinte-dello-sciopero-fallito\/","url":"https:\/\/www.pressenza.com\/it\/2023\/11\/17-novembre-dietro-le-quinte-dello-sciopero-fallito\/","name":"17 novembre: dietro le quinte dello sciopero fallito","isPartOf":{"@id":"https:\/\/www.pressenza.com\/it\/#website"},"primaryImageOfPage":{"@id":"https:\/\/www.pressenza.com\/it\/2023\/11\/17-novembre-dietro-le-quinte-dello-sciopero-fallito\/#primaryimage"},"image":{"@id":"https:\/\/www.pressenza.com\/it\/2023\/11\/17-novembre-dietro-le-quinte-dello-sciopero-fallito\/#primaryimage"},"thumbnailUrl":"https:\/\/www.pressenza.com\/wp-content\/uploads\/2023\/11\/sitin_sindacati_1711_CGIL-UIL.webp","datePublished":"2023-11-17T17:25:41+00:00","dateModified":"2023-11-17T17:26:48+00:00","description":"L\u2019immagine che mi rester\u00e0 impressa, dello\u00a0sciopero \u201cgenerale\u201d indetto da CGIL e UIL, \u00e8 quella delle settanta persone presenti al\u00a0sit-in davanti la","breadcrumb":{"@id":"https:\/\/www.pressenza.com\/it\/2023\/11\/17-novembre-dietro-le-quinte-dello-sciopero-fallito\/#breadcrumb"},"inLanguage":"it-IT","potentialAction":[{"@type":"ReadAction","target":["https:\/\/www.pressenza.com\/it\/2023\/11\/17-novembre-dietro-le-quinte-dello-sciopero-fallito\/"]}]},{"@type":"ImageObject","inLanguage":"it-IT","@id":"https:\/\/www.pressenza.com\/it\/2023\/11\/17-novembre-dietro-le-quinte-dello-sciopero-fallito\/#primaryimage","url":"https:\/\/www.pressenza.com\/wp-content\/uploads\/2023\/11\/sitin_sindacati_1711_CGIL-UIL.webp","contentUrl":"https:\/\/www.pressenza.com\/wp-content\/uploads\/2023\/11\/sitin_sindacati_1711_CGIL-UIL.webp","width":1000,"height":564},{"@type":"BreadcrumbList","@id":"https:\/\/www.pressenza.com\/it\/2023\/11\/17-novembre-dietro-le-quinte-dello-sciopero-fallito\/#breadcrumb","itemListElement":[{"@type":"ListItem","position":1,"name":"Accueil","item":"https:\/\/www.pressenza.com\/it\/"},{"@type":"ListItem","position":2,"name":"17 novembre: dietro le quinte dello sciopero fallito"}]},{"@type":"WebSite","@id":"https:\/\/www.pressenza.com\/it\/#website","url":"https:\/\/www.pressenza.com\/it\/","name":"Pressenza","description":"Agenzia di Stampa Internazionale","publisher":{"@id":"https:\/\/www.pressenza.com\/it\/#organization"},"potentialAction":[{"@type":"SearchAction","target":{"@type":"EntryPoint","urlTemplate":"https:\/\/www.pressenza.com\/it\/?s={search_term_string}"},"query-input":{"@type":"PropertyValueSpecification","valueRequired":true,"valueName":"search_term_string"}}],"inLanguage":"it-IT"},{"@type":"Organization","@id":"https:\/\/www.pressenza.com\/it\/#organization","name":"Pressenza","url":"https:\/\/www.pressenza.com\/it\/","logo":{"@type":"ImageObject","inLanguage":"it-IT","@id":"https:\/\/www.pressenza.com\/it\/#\/schema\/logo\/image\/","url":"https:\/\/www.pressenza.com\/wp-content\/uploads\/2022\/10\/pressenza_logo_200x200.jpg","contentUrl":"https:\/\/www.pressenza.com\/wp-content\/uploads\/2022\/10\/pressenza_logo_200x200.jpg","width":200,"height":200,"caption":"Pressenza"},"image":{"@id":"https:\/\/www.pressenza.com\/it\/#\/schema\/logo\/image\/"},"sameAs":["https:\/\/www.facebook.com\/PressenzaItalia","https:\/\/x.com\/PressenzaIPA"]},{"@type":"Person","@id":"https:\/\/www.pressenza.com\/it\/#\/schema\/person\/8c49b38d40b9a93d4fc737dc63a1232b","name":"Redazione Trapani","description":"News from the Pressenza Bureau in Trapani, Italy","url":"https:\/\/www.pressenza.com\/it\/author\/redazione-trapani\/"}]}},"place":"Trapani","original_article_url":"","_links":{"self":[{"href":"https:\/\/www.pressenza.com\/it\/wp-json\/wp\/v2\/posts\/1782051","targetHints":{"allow":["GET"]}}],"collection":[{"href":"https:\/\/www.pressenza.com\/it\/wp-json\/wp\/v2\/posts"}],"about":[{"href":"https:\/\/www.pressenza.com\/it\/wp-json\/wp\/v2\/types\/post"}],"author":[{"embeddable":true,"href":"https:\/\/www.pressenza.com\/it\/wp-json\/wp\/v2\/users\/2309"}],"replies":[{"embeddable":true,"href":"https:\/\/www.pressenza.com\/it\/wp-json\/wp\/v2\/comments?post=1782051"}],"version-history":[{"count":0,"href":"https:\/\/www.pressenza.com\/it\/wp-json\/wp\/v2\/posts\/1782051\/revisions"}],"wp:featuredmedia":[{"embeddable":true,"href":"https:\/\/www.pressenza.com\/it\/wp-json\/wp\/v2\/media\/1782052"}],"wp:attachment":[{"href":"https:\/\/www.pressenza.com\/it\/wp-json\/wp\/v2\/media?parent=1782051"}],"wp:term":[{"taxonomy":"category","embeddable":true,"href":"https:\/\/www.pressenza.com\/it\/wp-json\/wp\/v2\/categories?post=1782051"},{"taxonomy":"post_tag","embeddable":true,"href":"https:\/\/www.pressenza.com\/it\/wp-json\/wp\/v2\/tags?post=1782051"}],"curies":[{"name":"wp","href":"https:\/\/api.w.org\/{rel}","templated":true}]}}