{"id":1780805,"date":"2023-11-11T12:30:43","date_gmt":"2023-11-11T12:30:43","guid":{"rendered":"https:\/\/www.pressenza.com\/?p=1780805"},"modified":"2023-11-11T20:06:32","modified_gmt":"2023-11-11T20:06:32","slug":"attacco-a-pressenza-mazzeo-siamo-alle-liste-di-proscrizione","status":"publish","type":"post","link":"https:\/\/www.pressenza.com\/it\/2023\/11\/attacco-a-pressenza-mazzeo-siamo-alle-liste-di-proscrizione\/","title":{"rendered":"Attacco a Pressenza, Mazzeo: siamo alle liste di proscrizione?"},"content":{"rendered":"<p>\u00ab <strong>Esprimo solidariet\u00e0 agli amici e alle amiche di Pressenza<\/strong> \u00bb, ha esordito <strong>l\u2019attivista pacifista Antonio Mazzeo<\/strong>, tra lo stupore, commentando<a href=\"https:\/\/www.fronteampio.it\/pressenza-gli-usa-allattacco-della-stampa-indipendente\/\"><b> la notizia dell\u2019attacco a Pressenza da parte del Dipartimento di Stato degli Stati Uniti<\/b><\/a><\/p>\n<p>\u00ab<em> Pressenza \u00e8 una testata che, in questi anni, ha tentato di dare voce a chi, nei territori, si oppone ai processi di riarmo, ai processi di militarizzazione, e alle guerre. Evidentemente fare questo diventa scomodo<\/em> \u00bb, ha continuato Mazzeo da Trapani dove si trovava per partecipare <a href=\"https:\/\/www.sinistralibertaria.it\/la-sicilia-in-guerra-incontro-a-trapani-con-antonio-mazzeo\/\"> <b>all\u2019incontro \u201cLa Sicilia in guerra\u201d organizzato dalla \u201cSinistra Libertaria\u201d.<\/b><\/a><\/p>\n<p>Ma <strong><a href=\"https:\/\/www.fronteampio.it\/militari-a-scuola-pacifista-contesta-preside-lo-querela\/\" target=\"_blank\" rel=\"noreferrer noopener\">Antonio Mazzeo<\/a><\/strong> ha poi voluto lanciare un allarme: <strong>\u00ab questa vicenda mi preoccupa perch\u00e9 potrebbe preparare al passo ulteriore, la creazione di una lista di proscrizione dove inserire tutti coloro che non accettano il pensiero unico della guerra e che quindi diventano pericolosi e da oscurare \u00bb.<\/strong><\/p>\n<p>Il docente messinese ha poi cos\u00ec concluso la propria riflessione: \u00ab <em>Temo un giro di vite, una limitazione della libert\u00e0 di espressione, un attacco ai principi costituzionali. L\u2019articolo 11 \u00e8 gi\u00e0 stato cancellato, \u00e8 gi\u00e0 stato vilipeso, umiliato, non vorrei ora che anche la libert\u00e0 di espressione e libero pensiero fossero limitati. Questo \u00e8 quello che dovrebbe fare preoccupare qualsiasi cittadino, indipendentemente da ci\u00f2 che si pensi sulle guerre in atto <\/em>\u00bb.<\/p>\n<p><iframe loading=\"lazy\" title=\"Attacco a #Pressenza, Antonio #Mazzeo: siamo alle liste di proscrizione?\" width=\"500\" height=\"281\" src=\"https:\/\/www.youtube.com\/embed\/RB_YPoxGcRo?feature=oembed\" frameborder=\"0\" allow=\"accelerometer; autoplay; clipboard-write; encrypted-media; gyroscope; picture-in-picture; web-share\" referrerpolicy=\"strict-origin-when-cross-origin\" allowfullscreen><\/iframe><\/p>\n","protected":false},"excerpt":{"rendered":"<p>\u00ab Esprimo solidariet\u00e0 agli amici e alle amiche di Pressenza \u00bb, ha esordito l\u2019attivista pacifista Antonio Mazzeo, tra lo stupore, commentando la notizia dell\u2019attacco a Pressenza da parte del Dipartimento di Stato degli Stati Uniti \u00ab Pressenza \u00e8 una testata&hellip;<\/p>\n","protected":false},"author":2309,"featured_media":1780806,"comment_status":"closed","ping_status":"closed","sticky":false,"template":"","format":"standard","meta":{"footnotes":""},"categories":[11388,56,1263,27065],"tags":[],"class_list":["post-1780805","post","type-post","status-publish","format-standard","has-post-thumbnail","hentry","category-contenuti-originali","category-cultura","category-pace-disarmo","category-video-it"],"yoast_head":"<!-- This site is optimized with the Yoast SEO plugin v27.1.1 - https:\/\/yoast.com\/product\/yoast-seo-wordpress\/ -->\n<title>Attacco a Pressenza, Mazzeo: siamo alle liste di proscrizione?<\/title>\n<meta name=\"description\" content=\"\u00ab Esprimo solidariet\u00e0 agli amici e alle amiche di Pressenza \u00bb, ha esordito l\u2019attivista pacifista Antonio Mazzeo, tra lo stupore, commentando la notizia\" \/>\n<meta name=\"robots\" content=\"index, follow, max-snippet:-1, max-image-preview:large, max-video-preview:-1\" \/>\n<link rel=\"canonical\" href=\"https:\/\/www.pressenza.com\/it\/2023\/11\/attacco-a-pressenza-mazzeo-siamo-alle-liste-di-proscrizione\/\" \/>\n<meta property=\"og:locale\" content=\"it_IT\" \/>\n<meta property=\"og:type\" content=\"article\" \/>\n<meta property=\"og:title\" content=\"Attacco a Pressenza, Mazzeo: siamo alle liste di proscrizione?\" \/>\n<meta property=\"og:description\" content=\"\u00ab Esprimo solidariet\u00e0 agli amici e alle amiche di Pressenza \u00bb, ha esordito l\u2019attivista pacifista Antonio Mazzeo, tra lo stupore, commentando la notizia\" \/>\n<meta property=\"og:url\" content=\"https:\/\/www.pressenza.com\/it\/2023\/11\/attacco-a-pressenza-mazzeo-siamo-alle-liste-di-proscrizione\/\" \/>\n<meta property=\"og:site_name\" content=\"Pressenza\" \/>\n<meta property=\"article:publisher\" content=\"https:\/\/www.facebook.com\/PressenzaItalia\" \/>\n<meta property=\"article:published_time\" content=\"2023-11-11T12:30:43+00:00\" \/>\n<meta property=\"article:modified_time\" content=\"2023-11-11T20:06:32+00:00\" \/>\n<meta property=\"og:image\" content=\"https:\/\/www.pressenza.com\/wp-content\/uploads\/2023\/11\/Antonio_Mazzeo.jpg\" \/>\n\t<meta property=\"og:image:width\" content=\"1416\" \/>\n\t<meta property=\"og:image:height\" content=\"788\" \/>\n\t<meta property=\"og:image:type\" content=\"image\/jpeg\" \/>\n<meta name=\"author\" content=\"Redazione Trapani\" \/>\n<meta name=\"twitter:card\" content=\"summary_large_image\" \/>\n<meta name=\"twitter:creator\" content=\"@PressenzaIPA\" \/>\n<meta name=\"twitter:site\" content=\"@PressenzaIPA\" \/>\n<meta name=\"twitter:label1\" content=\"Scritto da\" \/>\n\t<meta name=\"twitter:data1\" content=\"Redazione Trapani\" \/>\n\t<meta name=\"twitter:label2\" content=\"Tempo di lettura stimato\" \/>\n\t<meta name=\"twitter:data2\" content=\"2 minuti\" \/>\n<script type=\"application\/ld+json\" class=\"yoast-schema-graph\">{\"@context\":\"https:\/\/schema.org\",\"@graph\":[{\"@type\":\"Article\",\"@id\":\"https:\/\/www.pressenza.com\/it\/2023\/11\/attacco-a-pressenza-mazzeo-siamo-alle-liste-di-proscrizione\/#article\",\"isPartOf\":{\"@id\":\"https:\/\/www.pressenza.com\/it\/2023\/11\/attacco-a-pressenza-mazzeo-siamo-alle-liste-di-proscrizione\/\"},\"author\":{\"name\":\"Redazione Trapani\",\"@id\":\"https:\/\/www.pressenza.com\/it\/#\/schema\/person\/8c49b38d40b9a93d4fc737dc63a1232b\"},\"headline\":\"Attacco a Pressenza, Mazzeo: siamo alle liste di proscrizione?\",\"datePublished\":\"2023-11-11T12:30:43+00:00\",\"dateModified\":\"2023-11-11T20:06:32+00:00\",\"mainEntityOfPage\":{\"@id\":\"https:\/\/www.pressenza.com\/it\/2023\/11\/attacco-a-pressenza-mazzeo-siamo-alle-liste-di-proscrizione\/\"},\"wordCount\":218,\"publisher\":{\"@id\":\"https:\/\/www.pressenza.com\/it\/#organization\"},\"image\":{\"@id\":\"https:\/\/www.pressenza.com\/it\/2023\/11\/attacco-a-pressenza-mazzeo-siamo-alle-liste-di-proscrizione\/#primaryimage\"},\"thumbnailUrl\":\"https:\/\/www.pressenza.com\/wp-content\/uploads\/2023\/11\/Antonio_Mazzeo.jpg\",\"articleSection\":[\"contenuti originali\",\"Cultura e Media\",\"Pace e Disarmo\",\"Video\"],\"inLanguage\":\"it-IT\"},{\"@type\":\"WebPage\",\"@id\":\"https:\/\/www.pressenza.com\/it\/2023\/11\/attacco-a-pressenza-mazzeo-siamo-alle-liste-di-proscrizione\/\",\"url\":\"https:\/\/www.pressenza.com\/it\/2023\/11\/attacco-a-pressenza-mazzeo-siamo-alle-liste-di-proscrizione\/\",\"name\":\"Attacco a Pressenza, Mazzeo: siamo alle liste di proscrizione?\",\"isPartOf\":{\"@id\":\"https:\/\/www.pressenza.com\/it\/#website\"},\"primaryImageOfPage\":{\"@id\":\"https:\/\/www.pressenza.com\/it\/2023\/11\/attacco-a-pressenza-mazzeo-siamo-alle-liste-di-proscrizione\/#primaryimage\"},\"image\":{\"@id\":\"https:\/\/www.pressenza.com\/it\/2023\/11\/attacco-a-pressenza-mazzeo-siamo-alle-liste-di-proscrizione\/#primaryimage\"},\"thumbnailUrl\":\"https:\/\/www.pressenza.com\/wp-content\/uploads\/2023\/11\/Antonio_Mazzeo.jpg\",\"datePublished\":\"2023-11-11T12:30:43+00:00\",\"dateModified\":\"2023-11-11T20:06:32+00:00\",\"description\":\"\u00ab Esprimo solidariet\u00e0 agli amici e alle amiche di Pressenza \u00bb, ha esordito l\u2019attivista pacifista Antonio Mazzeo, tra lo stupore, commentando la notizia\",\"breadcrumb\":{\"@id\":\"https:\/\/www.pressenza.com\/it\/2023\/11\/attacco-a-pressenza-mazzeo-siamo-alle-liste-di-proscrizione\/#breadcrumb\"},\"inLanguage\":\"it-IT\",\"potentialAction\":[{\"@type\":\"ReadAction\",\"target\":[\"https:\/\/www.pressenza.com\/it\/2023\/11\/attacco-a-pressenza-mazzeo-siamo-alle-liste-di-proscrizione\/\"]}]},{\"@type\":\"ImageObject\",\"inLanguage\":\"it-IT\",\"@id\":\"https:\/\/www.pressenza.com\/it\/2023\/11\/attacco-a-pressenza-mazzeo-siamo-alle-liste-di-proscrizione\/#primaryimage\",\"url\":\"https:\/\/www.pressenza.com\/wp-content\/uploads\/2023\/11\/Antonio_Mazzeo.jpg\",\"contentUrl\":\"https:\/\/www.pressenza.com\/wp-content\/uploads\/2023\/11\/Antonio_Mazzeo.jpg\",\"width\":1416,\"height\":788,\"caption\":\"Antonio_Mazzeo\"},{\"@type\":\"BreadcrumbList\",\"@id\":\"https:\/\/www.pressenza.com\/it\/2023\/11\/attacco-a-pressenza-mazzeo-siamo-alle-liste-di-proscrizione\/#breadcrumb\",\"itemListElement\":[{\"@type\":\"ListItem\",\"position\":1,\"name\":\"Accueil\",\"item\":\"https:\/\/www.pressenza.com\/it\/\"},{\"@type\":\"ListItem\",\"position\":2,\"name\":\"Attacco a Pressenza, Mazzeo: siamo alle liste di proscrizione?\"}]},{\"@type\":\"WebSite\",\"@id\":\"https:\/\/www.pressenza.com\/it\/#website\",\"url\":\"https:\/\/www.pressenza.com\/it\/\",\"name\":\"Pressenza\",\"description\":\"Agenzia di Stampa Internazionale\",\"publisher\":{\"@id\":\"https:\/\/www.pressenza.com\/it\/#organization\"},\"potentialAction\":[{\"@type\":\"SearchAction\",\"target\":{\"@type\":\"EntryPoint\",\"urlTemplate\":\"https:\/\/www.pressenza.com\/it\/?s={search_term_string}\"},\"query-input\":{\"@type\":\"PropertyValueSpecification\",\"valueRequired\":true,\"valueName\":\"search_term_string\"}}],\"inLanguage\":\"it-IT\"},{\"@type\":\"Organization\",\"@id\":\"https:\/\/www.pressenza.com\/it\/#organization\",\"name\":\"Pressenza\",\"url\":\"https:\/\/www.pressenza.com\/it\/\",\"logo\":{\"@type\":\"ImageObject\",\"inLanguage\":\"it-IT\",\"@id\":\"https:\/\/www.pressenza.com\/it\/#\/schema\/logo\/image\/\",\"url\":\"https:\/\/www.pressenza.com\/wp-content\/uploads\/2022\/10\/pressenza_logo_200x200.jpg\",\"contentUrl\":\"https:\/\/www.pressenza.com\/wp-content\/uploads\/2022\/10\/pressenza_logo_200x200.jpg\",\"width\":200,\"height\":200,\"caption\":\"Pressenza\"},\"image\":{\"@id\":\"https:\/\/www.pressenza.com\/it\/#\/schema\/logo\/image\/\"},\"sameAs\":[\"https:\/\/www.facebook.com\/PressenzaItalia\",\"https:\/\/x.com\/PressenzaIPA\"]},{\"@type\":\"Person\",\"@id\":\"https:\/\/www.pressenza.com\/it\/#\/schema\/person\/8c49b38d40b9a93d4fc737dc63a1232b\",\"name\":\"Redazione Trapani\",\"description\":\"News from the Pressenza Bureau in Trapani, Italy\",\"url\":\"https:\/\/www.pressenza.com\/it\/author\/redazione-trapani\/\"}]}<\/script>\n<!-- \/ Yoast SEO plugin. -->","yoast_head_json":{"title":"Attacco a Pressenza, Mazzeo: siamo alle liste di proscrizione?","description":"\u00ab Esprimo solidariet\u00e0 agli amici e alle amiche di Pressenza \u00bb, ha esordito l\u2019attivista pacifista Antonio Mazzeo, tra lo stupore, commentando la notizia","robots":{"index":"index","follow":"follow","max-snippet":"max-snippet:-1","max-image-preview":"max-image-preview:large","max-video-preview":"max-video-preview:-1"},"canonical":"https:\/\/www.pressenza.com\/it\/2023\/11\/attacco-a-pressenza-mazzeo-siamo-alle-liste-di-proscrizione\/","og_locale":"it_IT","og_type":"article","og_title":"Attacco a Pressenza, Mazzeo: siamo alle liste di proscrizione?","og_description":"\u00ab Esprimo solidariet\u00e0 agli amici e alle amiche di Pressenza \u00bb, ha esordito l\u2019attivista pacifista Antonio Mazzeo, tra lo stupore, commentando la notizia","og_url":"https:\/\/www.pressenza.com\/it\/2023\/11\/attacco-a-pressenza-mazzeo-siamo-alle-liste-di-proscrizione\/","og_site_name":"Pressenza","article_publisher":"https:\/\/www.facebook.com\/PressenzaItalia","article_published_time":"2023-11-11T12:30:43+00:00","article_modified_time":"2023-11-11T20:06:32+00:00","og_image":[{"width":1416,"height":788,"url":"https:\/\/www.pressenza.com\/wp-content\/uploads\/2023\/11\/Antonio_Mazzeo.jpg","type":"image\/jpeg"}],"author":"Redazione Trapani","twitter_card":"summary_large_image","twitter_creator":"@PressenzaIPA","twitter_site":"@PressenzaIPA","twitter_misc":{"Scritto da":"Redazione Trapani","Tempo di lettura stimato":"2 minuti"},"schema":{"@context":"https:\/\/schema.org","@graph":[{"@type":"Article","@id":"https:\/\/www.pressenza.com\/it\/2023\/11\/attacco-a-pressenza-mazzeo-siamo-alle-liste-di-proscrizione\/#article","isPartOf":{"@id":"https:\/\/www.pressenza.com\/it\/2023\/11\/attacco-a-pressenza-mazzeo-siamo-alle-liste-di-proscrizione\/"},"author":{"name":"Redazione Trapani","@id":"https:\/\/www.pressenza.com\/it\/#\/schema\/person\/8c49b38d40b9a93d4fc737dc63a1232b"},"headline":"Attacco a Pressenza, Mazzeo: siamo alle liste di proscrizione?","datePublished":"2023-11-11T12:30:43+00:00","dateModified":"2023-11-11T20:06:32+00:00","mainEntityOfPage":{"@id":"https:\/\/www.pressenza.com\/it\/2023\/11\/attacco-a-pressenza-mazzeo-siamo-alle-liste-di-proscrizione\/"},"wordCount":218,"publisher":{"@id":"https:\/\/www.pressenza.com\/it\/#organization"},"image":{"@id":"https:\/\/www.pressenza.com\/it\/2023\/11\/attacco-a-pressenza-mazzeo-siamo-alle-liste-di-proscrizione\/#primaryimage"},"thumbnailUrl":"https:\/\/www.pressenza.com\/wp-content\/uploads\/2023\/11\/Antonio_Mazzeo.jpg","articleSection":["contenuti originali","Cultura e Media","Pace e Disarmo","Video"],"inLanguage":"it-IT"},{"@type":"WebPage","@id":"https:\/\/www.pressenza.com\/it\/2023\/11\/attacco-a-pressenza-mazzeo-siamo-alle-liste-di-proscrizione\/","url":"https:\/\/www.pressenza.com\/it\/2023\/11\/attacco-a-pressenza-mazzeo-siamo-alle-liste-di-proscrizione\/","name":"Attacco a Pressenza, Mazzeo: siamo alle liste di proscrizione?","isPartOf":{"@id":"https:\/\/www.pressenza.com\/it\/#website"},"primaryImageOfPage":{"@id":"https:\/\/www.pressenza.com\/it\/2023\/11\/attacco-a-pressenza-mazzeo-siamo-alle-liste-di-proscrizione\/#primaryimage"},"image":{"@id":"https:\/\/www.pressenza.com\/it\/2023\/11\/attacco-a-pressenza-mazzeo-siamo-alle-liste-di-proscrizione\/#primaryimage"},"thumbnailUrl":"https:\/\/www.pressenza.com\/wp-content\/uploads\/2023\/11\/Antonio_Mazzeo.jpg","datePublished":"2023-11-11T12:30:43+00:00","dateModified":"2023-11-11T20:06:32+00:00","description":"\u00ab Esprimo solidariet\u00e0 agli amici e alle amiche di Pressenza \u00bb, ha esordito l\u2019attivista pacifista Antonio Mazzeo, tra lo stupore, commentando la notizia","breadcrumb":{"@id":"https:\/\/www.pressenza.com\/it\/2023\/11\/attacco-a-pressenza-mazzeo-siamo-alle-liste-di-proscrizione\/#breadcrumb"},"inLanguage":"it-IT","potentialAction":[{"@type":"ReadAction","target":["https:\/\/www.pressenza.com\/it\/2023\/11\/attacco-a-pressenza-mazzeo-siamo-alle-liste-di-proscrizione\/"]}]},{"@type":"ImageObject","inLanguage":"it-IT","@id":"https:\/\/www.pressenza.com\/it\/2023\/11\/attacco-a-pressenza-mazzeo-siamo-alle-liste-di-proscrizione\/#primaryimage","url":"https:\/\/www.pressenza.com\/wp-content\/uploads\/2023\/11\/Antonio_Mazzeo.jpg","contentUrl":"https:\/\/www.pressenza.com\/wp-content\/uploads\/2023\/11\/Antonio_Mazzeo.jpg","width":1416,"height":788,"caption":"Antonio_Mazzeo"},{"@type":"BreadcrumbList","@id":"https:\/\/www.pressenza.com\/it\/2023\/11\/attacco-a-pressenza-mazzeo-siamo-alle-liste-di-proscrizione\/#breadcrumb","itemListElement":[{"@type":"ListItem","position":1,"name":"Accueil","item":"https:\/\/www.pressenza.com\/it\/"},{"@type":"ListItem","position":2,"name":"Attacco a Pressenza, Mazzeo: siamo alle liste di proscrizione?"}]},{"@type":"WebSite","@id":"https:\/\/www.pressenza.com\/it\/#website","url":"https:\/\/www.pressenza.com\/it\/","name":"Pressenza","description":"Agenzia di Stampa Internazionale","publisher":{"@id":"https:\/\/www.pressenza.com\/it\/#organization"},"potentialAction":[{"@type":"SearchAction","target":{"@type":"EntryPoint","urlTemplate":"https:\/\/www.pressenza.com\/it\/?s={search_term_string}"},"query-input":{"@type":"PropertyValueSpecification","valueRequired":true,"valueName":"search_term_string"}}],"inLanguage":"it-IT"},{"@type":"Organization","@id":"https:\/\/www.pressenza.com\/it\/#organization","name":"Pressenza","url":"https:\/\/www.pressenza.com\/it\/","logo":{"@type":"ImageObject","inLanguage":"it-IT","@id":"https:\/\/www.pressenza.com\/it\/#\/schema\/logo\/image\/","url":"https:\/\/www.pressenza.com\/wp-content\/uploads\/2022\/10\/pressenza_logo_200x200.jpg","contentUrl":"https:\/\/www.pressenza.com\/wp-content\/uploads\/2022\/10\/pressenza_logo_200x200.jpg","width":200,"height":200,"caption":"Pressenza"},"image":{"@id":"https:\/\/www.pressenza.com\/it\/#\/schema\/logo\/image\/"},"sameAs":["https:\/\/www.facebook.com\/PressenzaItalia","https:\/\/x.com\/PressenzaIPA"]},{"@type":"Person","@id":"https:\/\/www.pressenza.com\/it\/#\/schema\/person\/8c49b38d40b9a93d4fc737dc63a1232b","name":"Redazione Trapani","description":"News from the Pressenza Bureau in Trapani, Italy","url":"https:\/\/www.pressenza.com\/it\/author\/redazione-trapani\/"}]}},"place":"Trapani","original_article_url":"","_links":{"self":[{"href":"https:\/\/www.pressenza.com\/it\/wp-json\/wp\/v2\/posts\/1780805","targetHints":{"allow":["GET"]}}],"collection":[{"href":"https:\/\/www.pressenza.com\/it\/wp-json\/wp\/v2\/posts"}],"about":[{"href":"https:\/\/www.pressenza.com\/it\/wp-json\/wp\/v2\/types\/post"}],"author":[{"embeddable":true,"href":"https:\/\/www.pressenza.com\/it\/wp-json\/wp\/v2\/users\/2309"}],"replies":[{"embeddable":true,"href":"https:\/\/www.pressenza.com\/it\/wp-json\/wp\/v2\/comments?post=1780805"}],"version-history":[{"count":0,"href":"https:\/\/www.pressenza.com\/it\/wp-json\/wp\/v2\/posts\/1780805\/revisions"}],"wp:featuredmedia":[{"embeddable":true,"href":"https:\/\/www.pressenza.com\/it\/wp-json\/wp\/v2\/media\/1780806"}],"wp:attachment":[{"href":"https:\/\/www.pressenza.com\/it\/wp-json\/wp\/v2\/media?parent=1780805"}],"wp:term":[{"taxonomy":"category","embeddable":true,"href":"https:\/\/www.pressenza.com\/it\/wp-json\/wp\/v2\/categories?post=1780805"},{"taxonomy":"post_tag","embeddable":true,"href":"https:\/\/www.pressenza.com\/it\/wp-json\/wp\/v2\/tags?post=1780805"}],"curies":[{"name":"wp","href":"https:\/\/api.w.org\/{rel}","templated":true}]}}