{"id":1779886,"date":"2023-11-07T11:31:51","date_gmt":"2023-11-07T11:31:51","guid":{"rendered":"https:\/\/www.pressenza.com\/?p=1779886"},"modified":"2023-11-07T14:55:45","modified_gmt":"2023-11-07T14:55:45","slug":"enrique-dussel-ci-mancherai","status":"publish","type":"post","link":"https:\/\/www.pressenza.com\/it\/2023\/11\/enrique-dussel-ci-mancherai\/","title":{"rendered":"Enrique Dussel ci mancherai"},"content":{"rendered":"<p>Ciao Enrique. Ci mancherai!<\/p>\n<p>Alle 20,50 di domenica 5 novembre 2023, a Citt\u00e0 del Messico, \u00e8 morto Enrique Dussel. Aveva 88 anni. Con la sua \u201cfilosofia della liberazione\u201d fece e fa parte del ristretto gruppo di filosofi contemporanei che hanno regalato novit\u00e0 significative al pensiero umano. Mancher\u00e0 a tutti, specie a chi intende trasformare il mondo.<\/p>\n<p>Correva il 1977 quando Dussel pubblic\u00f2 la prima edizione della sua \u201cFilosofia della liberazione\u201d: \u201cL\u2019origine della dominazione \u00e8 nel pensiero&#8230; Abbiamo bisogno di una rottura epistemologica che ci distanzi dal colonialismo, dal maschilismo, dal razzismo e dalla esclusione, avvicinandoci alla diversit\u00e0 con una nuova sensibilit\u00e0 svuotata da pregiudizi &#8230; Abbiamo bisogno di un sistema di pensiero che, essendo nato dall\u2019oppressione, acquisti le caratteristiche del pensiero liberatore e sia, contemporaneamente, una pratica politica&#8230; Il pensiero, da sempre legato allo spazio geopolitico dove si forma, da noi \u00e8 dominato da un muro, da una barriera simbolica sempre pi\u00f9 alta nata nel 1492 con la conquista delle Americhe, che separa il nord sviluppato dal sud impoverito\u201d.<\/p>\n<p>Nel 2010, presentando \u201cEl pensamiento filos\u00f3fico latinoamericano, del Caribe y latino\u201d (Il pensiero filosofico latinoamericano, dei Caraibi e latino), document\u00f2 sette secoli di filosofia latinoamericana, dal 1300 al 2000: \u201cMolti sostengono che nell\u2019America Latina non c\u2019\u00e8 filosofia. Con questo libro li sfido: Provate a respingere quanto questo libro dimostra. Nelle sue 1.100 pagine contiene tesi dure, verificate e verificabili. Attendo risposte\u201d. L\u2019accademia e gli accademici risposero con un silenzio molto simile all&#8217;ignoranza.<\/p>\n<p>Il volume si divide in quattro parti: Historia, Corrientes, Temas y Fil\u00f3sofos (Storia, Scuole di pensiero, Tematiche e Filosofi): \u201cInizia col pensiero amerindio dei popoli originari. Secondo alcuni, non c\u2019era filosofia. Io dico che cerano pensatori, uomini amanti della saggezza, rispettosi dell&#8217;etimologia della parola in senso pieno. E che li abbiamo avuti pure durante l\u2019epoca coloniale, anche come reazione alla conquista\u201d.<\/p>\n<p>Gli chiesi dove collocava il gesuita Antonio Rubio, del quale avevo letto nel suo \u201cMetodo per una filosofia della liberazione\u201d: \u201cGrande studioso di Aristotele, il suo libro L\u00f3gica mexicana (Logica messicana) era molto noto nell\u2019Europa dei secoli XVI e XVII. Nel 1590 insegnava scolastica moderna nell\u2019Universit\u00e0 del Messico. Descartes racconta che, nel colegio gesuita Le Fleche, aveva dovuto studiarlo a fondo nel suo corso di logica. A scanso di equivoci: Rubio era messicano. Ma anche la filosofia latinoamericana dell\u2019et\u00e0 matura, e cio\u00e8 del XVIII e XIX secolo, comprende molti autori notevoli\u201d.<\/p>\n<p>La seconda parte \u00e8 dedicata alle scuole filosofiche del XX secolo nell\u2019America Latina. Dussel ne distingueva 16, tra cui gli antipositivisti, i fenomenologici, la filosofia cristiana, la filosofia della ciencia, la filosofia analitica, la filosofia della rivoluzione e marxista: \u201cParto dal cubano Mart\u00ed e includo i grandi marxisti, dal peruviano Mari\u00e1tegui al messicano S\u00e1nchez V\u00e1zquez. E non mancano il Che Guevara, il subcomandante Marcos ed Evo Morales &#8230; A qualcuno verr\u00e0 un infarto, ma anche loro sono grandi pensatori politici e hanno fatto grandi apporti alla storia del pensiero\u201d.<\/p>\n<p>\u201cI filosofi astratti dicono che la filosofia \u00e8 logica e nulla ha da spartire con la politica. Studiano Hegel, Kant, Marx e li commentano, ma io penso che si possa studiare Hegel, Kant e Marx come uno strumento per pensare la realt\u00e0 estetica, politica, antropologica o qualsiasi altra.<\/p>\n<p>Un mio maestro mi diceva: la filosofia non studia la filosofia, studia la realt\u00e0, studia la filosofia come strumento ma non si ferma al metodo. Se io possiedo un coltello da carne devo affilarlo, quello \u00e8 il metodo, ma alcuni passano la vita affilando il coltello fino a consumarlo senza mai tagliare la carne\u201d.<\/p>\n<p>Tra le scuole filosofiche latinoamericane del XX secolo, Dussel includeva inoltre i \u201cfilosofi latini\u201d negli Stati Uniti. Era un\u2019altra novit\u00e0.<\/p>\n<p>La terza parte s\u2019incentrava sui grandi temi trattati dai pensatori della regione: l&#8217;etica, l&#8217;estetica, l&#8217;ontologia, la religione, l\u2019economia, la pedagogia, la filosofia per bambini, la filosofia interculturale&#8230;<\/p>\n<p>La quarta conteneva le schede di 200 filosofi latinoamericani di tutte le scuole, con una breve bibliografia per ogni autore. Questa informazione non esisteva: \u201cE\u2019 stato complicato scegliere solo 200 quando soltanto nel Brasile ci sono almeno 300 filosofi che meriterebbero di essere studiati. Ci sono altri 200 in Messico e altrettanti in Argentina. Parlo di grandi filosofi, con opere riconoscibili e riconosciute, non da improvvisatori n\u00e9 da improvvisati tuttologi\u201d.<\/p>\n<p>L\u2019ambizioso progetto di Dussel ha facilitato la mutua conoscenza tra i filosofi della regione. Il maestro annotava: \u201cGli europei sono estremamente ignoranti ma hanno quantomeno una giustificazione: sono pieni di s\u00e9 e questo a loro basta. Qui \u00e8 peggio, perch\u00e9 non abbiamo nemmeno l\u2019aria per gonfiarci. In Messico nulla sappiamo del Brasile, n\u00e9 in Brasile del Messico o dell\u2019Argentina, n\u00e9 dell\u2019Uruguay, del Cile, del Paraguay, della Bolivia, del Per\u00f9, dell\u2019Ecuador, della Colombia, del Venezuela, del Centroamerica e\/o dei Caraibi\u201d.<\/p>\n<p>\u201cInseguivo questo progetto da 40 anni. Non avevamo una visione complessiva del nostro pensiero filosofico, non sapevamo ci\u00f2 che si \u00e8 pensato nel continente. Gli studenti pensano che la filosofia sia europea o statunitense. Ora potranno accorgersi che, da sempre, ci sono stati autori importanti nostri. Finora non li hanno conosciuti. Ora dovranno farsi carico e prendersene cura. Siamo in una nuova et\u00e0 della storia della filosofia. Per la prima volta, questa storia diventer\u00e0 mondiale e in 20-30 anni inizieremo a conoscere tutti i grandi filosofi di tutte le culture e avr\u00e0 inizio un dialogo multiculturale che non si limiter\u00e0 a Kant, a Hegel e ad Heidegger ma includer\u00e0 i grandi filosofi giapponesi, cinesi, africani, tutti messi su un simile piano di dignit\u00e0. In questo senso, il mio scopo \u00e8 dire ai latinoamericani: anche noi dobbiamo partecipare a quel dialogo e questa \u00e8 la nostra biografia. E quando gli africani, gli asiatici, gli europei, potranno leggerlo, magari diranno: quindi, anche i latinoamericani avevano una filosofia. Potr\u00e0 essere, un *golazo\u201d. (<em>*Gol molto bello, spettacolare)<\/em><\/p>\n<p>Mesi dopo, invitato a dialogare con un gruppo di filosofi statunitensi, esordiva: \u201cPer dialogare tra di noi dobbiamo prima conoscerci. Noi vi conosciamo, ma voi non ci conoscete\u201d. Quindi, \u201cho dedicato un\u2019ora e mezza a parlare della filosofia in America latina prima e dopo l\u2019arrivo dei Pilgrims (i primi colonizzatori inglesi arrivati nelle terre che oggi sono gli Stati Uniti). Non ne sapevano nulla. Ignoravano persino che la prima universit\u00e0 sorta nel continente non \u00e8 stata quella di Harvard, bens\u00ec quella di Santo Domingo&#8230; Alla fine del dialogo un filosofo, un professore universitario vecchio come me, mi si avvicin\u00f2 e mi disse: oggi ho imparato moltissimo. Io sapevo d&#8217;aver creato uno spazio nel vuoto. Allora gli disse, s\u00ec, \u00e8 vero. Siamo poveri. Ma riguardo la cultura abbiamo molto da dirvi\u201d.<\/p>\n<p>Dopo averlo ascoltato, avrei voluto chiedergli perch\u00e9 aveva dovuto scappare dalla sua Argentina natia nel 1975. Osservandolo, non riuscivo a capire perch\u00e9 Videla &amp; Co avevano costretto all\u2019esilio un uomo cos\u00ec saggio e cos\u00ec evidentemente pacifico, tra gli uomini pi\u00f9 vicini alla serenit\u00e0 che io abbia mai avuto la fortuna d&#8217;incocciare. Non avevo considerato che lo scopo era quello di non permettergli di continuare a pensare.<\/p>\n<p>Non ho osato farlo. Lo vidi talmente contento dall\u2019aver discusso del suo lavoro che mi sembr\u00f2 tanto fuori luogo come chiedere ad un bambino perch\u00e9 si divertiva tanto correndo con altri energumeni in pantaloncini corti dietro un pallone. Se qualcuno me l\u2019avesse chiesto quando ero uno dei tanti energumeni in pantaloncini corti correndo dietro ad un pallone, avrei pensato che quel qualcuno fosse scemo.<\/p>\n<p>Per non vergognarmi, gli chiesi allora qual era, secondo lui, il rapporto tra la riforma luterana e la conquista &#8211; con relativa occupazione &#8211; delle Americhe. Ne abbiamo parlato fino a tarda sera, ma ci torner\u00f2 in un\u2019altra occasione.<\/p>\n<p>Ciao Enrique, maestro rivoluzionario. Ci mancherai. Mancherai a tutti. Anzitutto a tutti quelli che &#8211; come te &#8211; continuiamo a pensare che \u201cla storia e la filosofia si possono anche, se non soprattutto, scrivere dalla parte dei poveri, degli orfani, delle vedove&#8230;\u201d<br \/>\nCome proponi nel prologo dell\u2019ultima edizione della tua \u201cFilosofia della liberazione\u201d (2011), \u201ccontro l\u2019ontologia classica del centro, da Hegel fino ad Habermas per limitarci alla parte pi\u00f9 lucida, dobbiamo innalzare un contro-discorso, una filosofia della liberazione della periferia, degli oppressi, degli esclusi&#8230; Il nostro pensare nasce dall\u2019ombra che la luce dell\u2019essere non \u00e8 riuscita ad illuminare, dal silenzio ancora senza parole che ci interpella, dal non-essere, dal nulla, dall\u2019opaco, dall\u2019altro, dall&#8217;esteriorit\u00e0, dall\u2019escluso, dal mistero di ci\u00f2 che non ha senso. E\u2019, certamente, una filosofia barbara che aspira a diventare un progetto di trans o metamodernit\u00e0\u201d.<\/p>\n","protected":false},"excerpt":{"rendered":"<p>Un saluto ad Enrique Dussel che con la sua \u201cfilosofia della liberazione\u201d fece e fa parte del ristretto gruppo di filosofi contemporanei che hanno regalato novit\u00e0 significative al pensiero umano.<\/p>\n","protected":false},"author":1648,"featured_media":1779891,"comment_status":"closed","ping_status":"closed","sticky":false,"template":"","format":"standard","meta":{"footnotes":""},"categories":[56,38,48],"tags":[117618,3130,117619,117620],"class_list":["post-1779886","post","type-post","status-publish","format-standard","has-post-thumbnail","hentry","category-cultura","category-internazionale","category-sud-america","tag-enrique-dussel","tag-filosofia-it","tag-filosofia-della-liberazione","tag-pensiero-filosofico-latinoamericano"],"yoast_head":"<!-- This site is optimized with the Yoast SEO plugin v27.1.1 - https:\/\/yoast.com\/product\/yoast-seo-wordpress\/ -->\n<title>Enrique Dussel ci mancherai<\/title>\n<meta name=\"description\" content=\"Un saluto ad Enrique Dussel che con la sua \u201cfilosofia della liberazione\u201d fece e fa parte del ristretto gruppo di filosofi contemporanei che hanno regalato novit\u00e0 significative al pensiero umano.\" \/>\n<meta name=\"robots\" content=\"index, follow, max-snippet:-1, max-image-preview:large, max-video-preview:-1\" \/>\n<link rel=\"canonical\" href=\"https:\/\/www.pressenza.com\/it\/2023\/11\/enrique-dussel-ci-mancherai\/\" \/>\n<meta property=\"og:locale\" content=\"it_IT\" \/>\n<meta property=\"og:type\" content=\"article\" \/>\n<meta property=\"og:title\" content=\"Enrique Dussel ci mancherai\" \/>\n<meta property=\"og:description\" content=\"Un saluto ad Enrique Dussel che con la sua \u201cfilosofia della liberazione\u201d fece e fa parte del ristretto gruppo di filosofi contemporanei che hanno regalato novit\u00e0 significative al pensiero umano.\" \/>\n<meta property=\"og:url\" content=\"https:\/\/www.pressenza.com\/it\/2023\/11\/enrique-dussel-ci-mancherai\/\" \/>\n<meta property=\"og:site_name\" content=\"Pressenza\" \/>\n<meta property=\"article:publisher\" content=\"https:\/\/www.facebook.com\/PressenzaItalia\" \/>\n<meta property=\"article:published_time\" content=\"2023-11-07T11:31:51+00:00\" \/>\n<meta property=\"article:modified_time\" content=\"2023-11-07T14:55:45+00:00\" \/>\n<meta property=\"og:image\" content=\"https:\/\/www.pressenza.com\/wp-content\/uploads\/2023\/11\/Enrique-Dussel.jpg\" \/>\n\t<meta property=\"og:image:width\" content=\"1772\" \/>\n\t<meta property=\"og:image:height\" content=\"1059\" \/>\n\t<meta property=\"og:image:type\" content=\"image\/jpeg\" \/>\n<meta name=\"author\" content=\"Rodrigo Andrea Rivas\" \/>\n<meta name=\"twitter:card\" content=\"summary_large_image\" \/>\n<meta name=\"twitter:creator\" content=\"@PressenzaIPA\" \/>\n<meta name=\"twitter:site\" content=\"@PressenzaIPA\" \/>\n<meta name=\"twitter:label1\" content=\"Scritto da\" \/>\n\t<meta name=\"twitter:data1\" content=\"Rodrigo Andrea Rivas\" \/>\n\t<meta name=\"twitter:label2\" content=\"Tempo di lettura stimato\" \/>\n\t<meta name=\"twitter:data2\" content=\"8 minuti\" \/>\n<script type=\"application\/ld+json\" class=\"yoast-schema-graph\">{\"@context\":\"https:\/\/schema.org\",\"@graph\":[{\"@type\":\"Article\",\"@id\":\"https:\/\/www.pressenza.com\/it\/2023\/11\/enrique-dussel-ci-mancherai\/#article\",\"isPartOf\":{\"@id\":\"https:\/\/www.pressenza.com\/it\/2023\/11\/enrique-dussel-ci-mancherai\/\"},\"author\":{\"name\":\"Rodrigo Andrea Rivas\",\"@id\":\"https:\/\/www.pressenza.com\/it\/#\/schema\/person\/d160823a0c925505bd34b549b025417b\"},\"headline\":\"Enrique Dussel ci mancherai\",\"datePublished\":\"2023-11-07T11:31:51+00:00\",\"dateModified\":\"2023-11-07T14:55:45+00:00\",\"mainEntityOfPage\":{\"@id\":\"https:\/\/www.pressenza.com\/it\/2023\/11\/enrique-dussel-ci-mancherai\/\"},\"wordCount\":1405,\"publisher\":{\"@id\":\"https:\/\/www.pressenza.com\/it\/#organization\"},\"image\":{\"@id\":\"https:\/\/www.pressenza.com\/it\/2023\/11\/enrique-dussel-ci-mancherai\/#primaryimage\"},\"thumbnailUrl\":\"https:\/\/www.pressenza.com\/wp-content\/uploads\/2023\/11\/Enrique-Dussel.jpg\",\"keywords\":[\"Enrique Dussel\",\"filosofia\",\"Filosofia della Liberazione\",\"Pensiero filosofico latinoamericano\"],\"articleSection\":[\"Cultura e Media\",\"Internazionale\",\"Sud America\"],\"inLanguage\":\"it-IT\"},{\"@type\":\"WebPage\",\"@id\":\"https:\/\/www.pressenza.com\/it\/2023\/11\/enrique-dussel-ci-mancherai\/\",\"url\":\"https:\/\/www.pressenza.com\/it\/2023\/11\/enrique-dussel-ci-mancherai\/\",\"name\":\"Enrique Dussel ci mancherai\",\"isPartOf\":{\"@id\":\"https:\/\/www.pressenza.com\/it\/#website\"},\"primaryImageOfPage\":{\"@id\":\"https:\/\/www.pressenza.com\/it\/2023\/11\/enrique-dussel-ci-mancherai\/#primaryimage\"},\"image\":{\"@id\":\"https:\/\/www.pressenza.com\/it\/2023\/11\/enrique-dussel-ci-mancherai\/#primaryimage\"},\"thumbnailUrl\":\"https:\/\/www.pressenza.com\/wp-content\/uploads\/2023\/11\/Enrique-Dussel.jpg\",\"datePublished\":\"2023-11-07T11:31:51+00:00\",\"dateModified\":\"2023-11-07T14:55:45+00:00\",\"description\":\"Un saluto ad Enrique Dussel che con la sua \u201cfilosofia della liberazione\u201d fece e fa parte del ristretto gruppo di filosofi contemporanei che hanno regalato novit\u00e0 significative al pensiero umano.\",\"breadcrumb\":{\"@id\":\"https:\/\/www.pressenza.com\/it\/2023\/11\/enrique-dussel-ci-mancherai\/#breadcrumb\"},\"inLanguage\":\"it-IT\",\"potentialAction\":[{\"@type\":\"ReadAction\",\"target\":[\"https:\/\/www.pressenza.com\/it\/2023\/11\/enrique-dussel-ci-mancherai\/\"]}]},{\"@type\":\"ImageObject\",\"inLanguage\":\"it-IT\",\"@id\":\"https:\/\/www.pressenza.com\/it\/2023\/11\/enrique-dussel-ci-mancherai\/#primaryimage\",\"url\":\"https:\/\/www.pressenza.com\/wp-content\/uploads\/2023\/11\/Enrique-Dussel.jpg\",\"contentUrl\":\"https:\/\/www.pressenza.com\/wp-content\/uploads\/2023\/11\/Enrique-Dussel.jpg\",\"width\":1772,\"height\":1059,\"caption\":\"Enrique Dussel\"},{\"@type\":\"BreadcrumbList\",\"@id\":\"https:\/\/www.pressenza.com\/it\/2023\/11\/enrique-dussel-ci-mancherai\/#breadcrumb\",\"itemListElement\":[{\"@type\":\"ListItem\",\"position\":1,\"name\":\"Accueil\",\"item\":\"https:\/\/www.pressenza.com\/it\/\"},{\"@type\":\"ListItem\",\"position\":2,\"name\":\"Enrique Dussel ci mancherai\"}]},{\"@type\":\"WebSite\",\"@id\":\"https:\/\/www.pressenza.com\/it\/#website\",\"url\":\"https:\/\/www.pressenza.com\/it\/\",\"name\":\"Pressenza\",\"description\":\"Agenzia di Stampa Internazionale\",\"publisher\":{\"@id\":\"https:\/\/www.pressenza.com\/it\/#organization\"},\"potentialAction\":[{\"@type\":\"SearchAction\",\"target\":{\"@type\":\"EntryPoint\",\"urlTemplate\":\"https:\/\/www.pressenza.com\/it\/?s={search_term_string}\"},\"query-input\":{\"@type\":\"PropertyValueSpecification\",\"valueRequired\":true,\"valueName\":\"search_term_string\"}}],\"inLanguage\":\"it-IT\"},{\"@type\":\"Organization\",\"@id\":\"https:\/\/www.pressenza.com\/it\/#organization\",\"name\":\"Pressenza\",\"url\":\"https:\/\/www.pressenza.com\/it\/\",\"logo\":{\"@type\":\"ImageObject\",\"inLanguage\":\"it-IT\",\"@id\":\"https:\/\/www.pressenza.com\/it\/#\/schema\/logo\/image\/\",\"url\":\"https:\/\/www.pressenza.com\/wp-content\/uploads\/2022\/10\/pressenza_logo_200x200.jpg\",\"contentUrl\":\"https:\/\/www.pressenza.com\/wp-content\/uploads\/2022\/10\/pressenza_logo_200x200.jpg\",\"width\":200,\"height\":200,\"caption\":\"Pressenza\"},\"image\":{\"@id\":\"https:\/\/www.pressenza.com\/it\/#\/schema\/logo\/image\/\"},\"sameAs\":[\"https:\/\/www.facebook.com\/PressenzaItalia\",\"https:\/\/x.com\/PressenzaIPA\"]},{\"@type\":\"Person\",\"@id\":\"https:\/\/www.pressenza.com\/it\/#\/schema\/person\/d160823a0c925505bd34b549b025417b\",\"name\":\"Rodrigo Andrea Rivas\",\"description\":\"Di origine cilena \u00e8 arrivato in Italia da esule dopo il colpo di Stato di Pinochet. Ha fatto diversi mestieri: redattore presso la casa editrice Mazzotta, direttore del Cespi, direttore di Radio Popolare, insegnante universitario a Pavia e Milano, consulente del Ministero degli esteri, responsabile programmazione sociale degli 8 comuni dell'Alto Tevere Umbro. Ha pubblicato una cinquantina di libri su politica ed economia internazionali. Attualmente pensionato povero.\",\"sameAs\":[\"http:\/\/rodrigoandrearivas.com\/\"],\"url\":\"https:\/\/www.pressenza.com\/it\/author\/rodrigo-andrea-rivas\/\"}]}<\/script>\n<!-- \/ Yoast SEO plugin. -->","yoast_head_json":{"title":"Enrique Dussel ci mancherai","description":"Un saluto ad Enrique Dussel che con la sua \u201cfilosofia della liberazione\u201d fece e fa parte del ristretto gruppo di filosofi contemporanei che hanno regalato novit\u00e0 significative al pensiero umano.","robots":{"index":"index","follow":"follow","max-snippet":"max-snippet:-1","max-image-preview":"max-image-preview:large","max-video-preview":"max-video-preview:-1"},"canonical":"https:\/\/www.pressenza.com\/it\/2023\/11\/enrique-dussel-ci-mancherai\/","og_locale":"it_IT","og_type":"article","og_title":"Enrique Dussel ci mancherai","og_description":"Un saluto ad Enrique Dussel che con la sua \u201cfilosofia della liberazione\u201d fece e fa parte del ristretto gruppo di filosofi contemporanei che hanno regalato novit\u00e0 significative al pensiero umano.","og_url":"https:\/\/www.pressenza.com\/it\/2023\/11\/enrique-dussel-ci-mancherai\/","og_site_name":"Pressenza","article_publisher":"https:\/\/www.facebook.com\/PressenzaItalia","article_published_time":"2023-11-07T11:31:51+00:00","article_modified_time":"2023-11-07T14:55:45+00:00","og_image":[{"width":1772,"height":1059,"url":"https:\/\/www.pressenza.com\/wp-content\/uploads\/2023\/11\/Enrique-Dussel.jpg","type":"image\/jpeg"}],"author":"Rodrigo Andrea Rivas","twitter_card":"summary_large_image","twitter_creator":"@PressenzaIPA","twitter_site":"@PressenzaIPA","twitter_misc":{"Scritto da":"Rodrigo Andrea Rivas","Tempo di lettura stimato":"8 minuti"},"schema":{"@context":"https:\/\/schema.org","@graph":[{"@type":"Article","@id":"https:\/\/www.pressenza.com\/it\/2023\/11\/enrique-dussel-ci-mancherai\/#article","isPartOf":{"@id":"https:\/\/www.pressenza.com\/it\/2023\/11\/enrique-dussel-ci-mancherai\/"},"author":{"name":"Rodrigo Andrea Rivas","@id":"https:\/\/www.pressenza.com\/it\/#\/schema\/person\/d160823a0c925505bd34b549b025417b"},"headline":"Enrique Dussel ci mancherai","datePublished":"2023-11-07T11:31:51+00:00","dateModified":"2023-11-07T14:55:45+00:00","mainEntityOfPage":{"@id":"https:\/\/www.pressenza.com\/it\/2023\/11\/enrique-dussel-ci-mancherai\/"},"wordCount":1405,"publisher":{"@id":"https:\/\/www.pressenza.com\/it\/#organization"},"image":{"@id":"https:\/\/www.pressenza.com\/it\/2023\/11\/enrique-dussel-ci-mancherai\/#primaryimage"},"thumbnailUrl":"https:\/\/www.pressenza.com\/wp-content\/uploads\/2023\/11\/Enrique-Dussel.jpg","keywords":["Enrique Dussel","filosofia","Filosofia della Liberazione","Pensiero filosofico latinoamericano"],"articleSection":["Cultura e Media","Internazionale","Sud America"],"inLanguage":"it-IT"},{"@type":"WebPage","@id":"https:\/\/www.pressenza.com\/it\/2023\/11\/enrique-dussel-ci-mancherai\/","url":"https:\/\/www.pressenza.com\/it\/2023\/11\/enrique-dussel-ci-mancherai\/","name":"Enrique Dussel ci mancherai","isPartOf":{"@id":"https:\/\/www.pressenza.com\/it\/#website"},"primaryImageOfPage":{"@id":"https:\/\/www.pressenza.com\/it\/2023\/11\/enrique-dussel-ci-mancherai\/#primaryimage"},"image":{"@id":"https:\/\/www.pressenza.com\/it\/2023\/11\/enrique-dussel-ci-mancherai\/#primaryimage"},"thumbnailUrl":"https:\/\/www.pressenza.com\/wp-content\/uploads\/2023\/11\/Enrique-Dussel.jpg","datePublished":"2023-11-07T11:31:51+00:00","dateModified":"2023-11-07T14:55:45+00:00","description":"Un saluto ad Enrique Dussel che con la sua \u201cfilosofia della liberazione\u201d fece e fa parte del ristretto gruppo di filosofi contemporanei che hanno regalato novit\u00e0 significative al pensiero umano.","breadcrumb":{"@id":"https:\/\/www.pressenza.com\/it\/2023\/11\/enrique-dussel-ci-mancherai\/#breadcrumb"},"inLanguage":"it-IT","potentialAction":[{"@type":"ReadAction","target":["https:\/\/www.pressenza.com\/it\/2023\/11\/enrique-dussel-ci-mancherai\/"]}]},{"@type":"ImageObject","inLanguage":"it-IT","@id":"https:\/\/www.pressenza.com\/it\/2023\/11\/enrique-dussel-ci-mancherai\/#primaryimage","url":"https:\/\/www.pressenza.com\/wp-content\/uploads\/2023\/11\/Enrique-Dussel.jpg","contentUrl":"https:\/\/www.pressenza.com\/wp-content\/uploads\/2023\/11\/Enrique-Dussel.jpg","width":1772,"height":1059,"caption":"Enrique Dussel"},{"@type":"BreadcrumbList","@id":"https:\/\/www.pressenza.com\/it\/2023\/11\/enrique-dussel-ci-mancherai\/#breadcrumb","itemListElement":[{"@type":"ListItem","position":1,"name":"Accueil","item":"https:\/\/www.pressenza.com\/it\/"},{"@type":"ListItem","position":2,"name":"Enrique Dussel ci mancherai"}]},{"@type":"WebSite","@id":"https:\/\/www.pressenza.com\/it\/#website","url":"https:\/\/www.pressenza.com\/it\/","name":"Pressenza","description":"Agenzia di Stampa Internazionale","publisher":{"@id":"https:\/\/www.pressenza.com\/it\/#organization"},"potentialAction":[{"@type":"SearchAction","target":{"@type":"EntryPoint","urlTemplate":"https:\/\/www.pressenza.com\/it\/?s={search_term_string}"},"query-input":{"@type":"PropertyValueSpecification","valueRequired":true,"valueName":"search_term_string"}}],"inLanguage":"it-IT"},{"@type":"Organization","@id":"https:\/\/www.pressenza.com\/it\/#organization","name":"Pressenza","url":"https:\/\/www.pressenza.com\/it\/","logo":{"@type":"ImageObject","inLanguage":"it-IT","@id":"https:\/\/www.pressenza.com\/it\/#\/schema\/logo\/image\/","url":"https:\/\/www.pressenza.com\/wp-content\/uploads\/2022\/10\/pressenza_logo_200x200.jpg","contentUrl":"https:\/\/www.pressenza.com\/wp-content\/uploads\/2022\/10\/pressenza_logo_200x200.jpg","width":200,"height":200,"caption":"Pressenza"},"image":{"@id":"https:\/\/www.pressenza.com\/it\/#\/schema\/logo\/image\/"},"sameAs":["https:\/\/www.facebook.com\/PressenzaItalia","https:\/\/x.com\/PressenzaIPA"]},{"@type":"Person","@id":"https:\/\/www.pressenza.com\/it\/#\/schema\/person\/d160823a0c925505bd34b549b025417b","name":"Rodrigo Andrea Rivas","description":"Di origine cilena \u00e8 arrivato in Italia da esule dopo il colpo di Stato di Pinochet. Ha fatto diversi mestieri: redattore presso la casa editrice Mazzotta, direttore del Cespi, direttore di Radio Popolare, insegnante universitario a Pavia e Milano, consulente del Ministero degli esteri, responsabile programmazione sociale degli 8 comuni dell'Alto Tevere Umbro. Ha pubblicato una cinquantina di libri su politica ed economia internazionali. Attualmente pensionato povero.","sameAs":["http:\/\/rodrigoandrearivas.com\/"],"url":"https:\/\/www.pressenza.com\/it\/author\/rodrigo-andrea-rivas\/"}]}},"place":"","original_article_url":"","_links":{"self":[{"href":"https:\/\/www.pressenza.com\/it\/wp-json\/wp\/v2\/posts\/1779886","targetHints":{"allow":["GET"]}}],"collection":[{"href":"https:\/\/www.pressenza.com\/it\/wp-json\/wp\/v2\/posts"}],"about":[{"href":"https:\/\/www.pressenza.com\/it\/wp-json\/wp\/v2\/types\/post"}],"author":[{"embeddable":true,"href":"https:\/\/www.pressenza.com\/it\/wp-json\/wp\/v2\/users\/1648"}],"replies":[{"embeddable":true,"href":"https:\/\/www.pressenza.com\/it\/wp-json\/wp\/v2\/comments?post=1779886"}],"version-history":[{"count":0,"href":"https:\/\/www.pressenza.com\/it\/wp-json\/wp\/v2\/posts\/1779886\/revisions"}],"wp:featuredmedia":[{"embeddable":true,"href":"https:\/\/www.pressenza.com\/it\/wp-json\/wp\/v2\/media\/1779891"}],"wp:attachment":[{"href":"https:\/\/www.pressenza.com\/it\/wp-json\/wp\/v2\/media?parent=1779886"}],"wp:term":[{"taxonomy":"category","embeddable":true,"href":"https:\/\/www.pressenza.com\/it\/wp-json\/wp\/v2\/categories?post=1779886"},{"taxonomy":"post_tag","embeddable":true,"href":"https:\/\/www.pressenza.com\/it\/wp-json\/wp\/v2\/tags?post=1779886"}],"curies":[{"name":"wp","href":"https:\/\/api.w.org\/{rel}","templated":true}]}}