{"id":1779879,"date":"2023-11-07T10:28:06","date_gmt":"2023-11-07T10:28:06","guid":{"rendered":"https:\/\/www.pressenza.com\/?p=1779879"},"modified":"2023-11-07T10:28:06","modified_gmt":"2023-11-07T10:28:06","slug":"ambasciatrice-palestinese-in-italia-a-gaza-un-genocidio-che-israele-compie-davanti-agli-occhi-del-mondo-intero","status":"publish","type":"post","link":"https:\/\/www.pressenza.com\/it\/2023\/11\/ambasciatrice-palestinese-in-italia-a-gaza-un-genocidio-che-israele-compie-davanti-agli-occhi-del-mondo-intero\/","title":{"rendered":"Ambasciatrice palestinese in Italia: &#8220;A Gaza un genocidio che Israele compie davanti agli occhi del mondo intero&#8221;"},"content":{"rendered":"<p>Avevo intervistato l&#8217;Ambasciatrice palestinese in Italia\u00a0<strong>Abeer Odeh<\/strong>\u00a0<a href=\"https:\/\/www.lantidiplomatico.it\/admin-AnD\/Abeer%20Odeh\">due anni fa.<\/a>\u00a0Riflettevamo in riferimento alla decisione della Corte Penale Internazionale di dichiararsi competente per indagare sui crimini di guerra di Israele nei confronti dei palestinesi. La situazione \u00e8 degradata drammaticamente, come sappiamo, e siamo qui ancora a dare voce a chi non ha spazio nell&#8217;informazione di questo Paese.<\/p>\n<p>Con l&#8217;Ambasciatrice oggi riflettiamo su come stanno anche cambiando i rapporti di forza a livello internazionale, ora che gli <a href=\"https:\/\/it.wikipedia.org\/wiki\/Accordi_di_Abramo\">Accordi di Abramo<\/a> hanno perso vigore e sono perlomeno rimandati a data da definirsi. S\u00ec, perch\u00e9 queste ultime settimane stanno cambiando tutto e anche ridestando la platea mondiale e unendo il mondo arabo intorno al dilaniato popolo palestinese. In questa intervista inoltre, diamo all&#8217;Ambasciatrice la possibilit\u00e0 di rispondere all&#8217;ambasciatore israeliano in Italia, che ha pubblicamente confessato: &#8220;Noi in Israele, almeno la popolazione, non siamo interessati a discorsi razionali&#8230; Per noi c&#8217;\u00e8 un solo scopo: distruggere Gaza, distruggere questo male assoluto&#8221;.<\/p>\n<p><strong><em>L&#8217;INTERVISTA<\/em><\/strong><\/p>\n<p><strong>Cosa sta passando in questo momento la popolazione a Gaza? Penso in particolare ai bambini.<\/strong><\/p>\n<p>La popolazione di Gaza \u00e8 vittima di una pulizia etnica e di un genocidio che Israele compie davanti agli occhi del mondo intero. Le vittime innocenti uccise dalle aggressioni israeliane mentre scriviamo sono gi\u00e0 pi\u00f9 di 8.805. Di queste, pi\u00f9 di 3.600 erano bambini. Molti altri \u2013 e parliamo di migliaia \u2013 sono ancora sotto le macerie. I feriti sono pi\u00f9 di 22.240, di cui alcune migliaia gravi. Non c\u2019\u00e8 modo di sfuggire alla morte a Gaza in questi giorni. Anche coloro che si sono diretti verso sud, costretti dall\u2019illegale trasferimento forzato imposto da Israele, sono stati uccisi nel tentativo di cercare rifugio. A Gaza stiamo vivendo un incubo che la comunit\u00e0 internazionale non sembra interessata a interrompere salvandoci da una catastrofe totale.<em><br \/>\n<\/em><br \/>\n<strong>Che senso ha togliere acqua, cibo e medicine, oltre che l&#8217;elettricit\u00e0 ai civili? Staccare la corrente addirittura ai degenti negli ospedali e ai neonati nelle incubatrici?<\/strong><strong><br \/>\n<\/strong><br \/>\nLo scopo di Israele \u00e8 sbarazzarsi della popolazione palestinese di Gaza. Quando dicono di voler distruggere Gaza lo pensano davvero e lo fanno, attraverso la pulizia etnica e il genocidio.<br \/>\n<strong><br \/>\nCome si arriva al 7 di ottobre? Cosa c&#8217;\u00e8 stato prima?<br \/>\n<\/strong><br \/>\nSe qualcuno dovesse pensare che le cose prima di sabato 7 ottobre andassero bene si sbaglierebbe di grosso. Le cose andavano malissimo \u2013 e la \u201ccausa palestinese\u201d \u00e8 rimasta irrisolta \u2013 da almeno 75 anni: perch\u00e9 nel 1948 \u00e8 nato lo Stato di Israele al prezzo della distruzione di 531 villaggi palestinesi, dell\u2019uccisione di 15.000 loro abitanti nel corso di vari massacri e dell&#8217;esodo di 800.000 profughi, senza che al nostro popolo sia mai stato riconosciuto uno Stato palestinese e perch\u00e9 viviamo sotto occupazione dal 1967, nonostante centinaia di risoluzioni delle Nazioni Unite ne chiedano la fine.<\/p>\n<p>Occupazione significa condizioni di vita miserabili dettate dallo strangolamento della nostra economia, come ha recentemente ricordato il Segretario Generale delle Nazioni Unite Guterres. Significa la demolizione da parte delle forze israeliane delle nostre case, scuole, cliniche, negozi, strade, stalle e capanni, reti idriche e igienico-sanitarie; significa detenzioni arbitrarie di bambini, condizioni insopportabili dei prigionieri palestinesi nelle carceri israeliane, uccisioni ingiustificate dettate da una giustizia sommaria e da punizioni collettive che equivalgono a crimini di guerra e significa l\u2019impossibilit\u00e0 di avere un nostro Stato.<\/p>\n<p>Abbiamo costantemente avvertito dell\u2019imminente scoppio di una guerra. Abbiamo espresso preoccupazione per la necessit\u00e0 di fare pressione su Israele affinch\u00e9 interrompa le sue violazioni e le aggressioni contro i palestinesi. Abbiamo detto che la nostra gente non poteva pi\u00f9 sopportare tutto questo.<\/p>\n<p><strong>Quali sono gli obiettivi che Hamas si \u00e8 dato in questa controffensiva?<\/strong><strong><br \/>\n<\/strong><br \/>\nNon posso parlare a nome di Hamas, ma posso dire che se non fossimo sotto occupazione non ci sarebbe bisogno di controffensive. La leadership palestinese ha sempre aderito allo stato di diritto, sperando in un sostegno pacifico a livello internazionale per realizzare il nostro legittimo diritto all\u2019autodeterminazione. Questo sostegno non \u00e8 mai arrivato e il nostro popolo lo ha visto molto chiaramente. Non possiamo sorprenderci che a questo punto altri possano optare per altri mezzi di resistenza.<em><br \/>\n<\/em><\/p>\n<p><strong>Il governo israeliano dice di voler sradicare Hamas, ma un&#8217;operazione cos\u00ec sanguinosa e brutale contro civili e bambini non porter\u00e0, in prospettiva, a decuplicare la forza di Hamas in Palestina e nel mondo?<\/strong><strong><br \/>\n<\/strong><br \/>\nIl governo israeliano \u00e8 ipocrita: se davvero avesse voluto la pace, avrebbe dovuto rispettare gli accordi presi con l&#8217;Autorit\u00e0 Palestinese e con l&#8217;OLP, rispettando il diritto internazionale e ponendo fine all&#8217;occupazione. La verit\u00e0, emersa chiaramente in questi giorni, \u00e8 che Israele persegue la pulizia etnica della Striscia di Gaza e la distruzione di tutte le sue infrastrutture, coerentemente con l\u2019assoluta negazione di uno Stato palestinese.<\/p>\n<p><strong>La creazione di un unico Stato palestinese sembrava essere ancora lontana fino al 7 di ottobre. Ora \u00e8 diventata priorit\u00e0 nelle agende dei governi occidentali. Quello che sta accadendo sta portando alla ribalta la questione palestinese. Come ne escono il governo Netanyahu e il sionismo?<\/strong><\/p>\n<p>Lo slogan \u201cDue Stati per due Popoli\u201d \u00e8 sempre stato sulla bocca dei governi occidentali, non nelle loro agende. Neanche oggi sembra esserci, purtroppo, se guardiamo alle azioni concrete in questo senso. Il nostro popolo sta pagando un prezzo altissimo in termini di vite umane, sogni interrotti, speranze infrante. Al momento vediamo solo la tragedia e non vediamo nessuno pronto a fermarla.<\/p>\n<p><strong>Parliamo dei vostri rapporti con il resto del mondo arabo. Come stanno cambiando i rapporti di forza?<\/strong><\/p>\n<p>Il mondo arabo ha ribadito l\u2019importanza della causa palestinese e la necessit\u00e0 di risolvere una questione che per troppo tempo \u00e8 stata rimossa dall\u2019agenda internazionale, con conseguenze inevitabili. Le strade dei Paesi nostri vicini sono piene di persone che dimostrano che la causa palestinese \u00e8 la causa del mondo arabo, indipendentemente da qualsiasi altra questione.<em><br \/>\n<\/em><em><br \/>\n<\/em><strong>Gli Accordi di Abramo?<\/strong><strong><br \/>\n<\/strong><br \/>\nLo scopo degli israeliani era di bypassare i palestinesi. Si sbagliavano. Era ovvio che le loro relazioni con i Paesi arabi non potessero essere normalizzate senza tenere conto delle legittime aspirazioni del popolo palestinese, pienamente accolte dall\u2019Iniziativa di Pace Araba, che chiede infatti la fine dell\u2019occupazione e il riconoscimento dello Stato palestinese sui confini del 1967 con capitale Gerusalemme Est. Non potranno mai esserci pace e prosperit\u00e0 nella regione senza risolvere la questione palestinese.<em><br \/>\n<\/em><br \/>\n<strong>E la Lega Araba?<\/strong><\/p>\n<p>Come ho detto, la Lega Araba aderisce pienamente alla linea palestinese. In questa occasione ha espresso totale sostegno alla popolazione palestinese sotto le bombe israeliane a Gaza e sotto attacco in Cisgiordania. Lo ha dimostrato la visita di solidariet\u00e0 di tutti gli ambasciatori arabi alla nostra ambasciata il 19 ottobre.<em><br \/>\n<\/em><br \/>\n<strong>Cosa farebbe Lei oggi se fosse la Presidente del Consiglio italiano, in riferimento a quanto sta accadendo in Palestina?<\/strong><\/p>\n<p>Se fossi il Primo Ministro Meloni, innanzitutto condannerei apertamente il genocidio che Israele sta compiendo a Gaza, chiederei con urgenza un cessate il fuoco immediato e spingerei fino in fondo affinch\u00e9 nella Striscia entrino gli aiuti umanitari e tutti i beni di prima necessit\u00e0 per la popolazione. Insieme agli altri Paesi europei, rimetterei la questione palestinese sul tavolo e lavorerei sodo per risolverla dentro una cornice temporale ben definita, come la stessa Premier Meloni ha detto. A questo scopo, mi atterrei finalmente alle risoluzioni ONU che l\u2019Italia stessa ha votato, obbligando Israele a porre fine all\u2019occupazione illegale e a pagare per le sue violazioni criminali e riconoscerei lo Stato di Palestina sui confini del 1967 con capitale Gerusalemme Est, in linea con il diritto internazionale e le risoluzioni delle Nazioni Unite.<strong><\/p>\n<p><\/strong><strong>Pensa che a conclusione di questo confronto militare, che sembra estendersi, in prospettiva il popolo palestinese debba andare a elezioni?\u00a0 In che altro modo si pu\u00f2 gestire a livello politico lo Stato di Palestina?<\/strong><\/p>\n<p>Il popolo palestinese \u00e8 pronto e desideroso di andare alle elezioni gi\u00e0 da molto tempo. L\u2019unica ragione per cui ci\u00f2 non \u00e8 ancora avvenuto \u00e8 il divieto da parte di Israele di tenere le nostre elezioni anche a Gerusalemme Est, la nostra capitale legittima che Israele occupa illegalmente.<\/p>\n<p><strong>La questione dei confini?<\/strong><strong><br \/>\n<\/strong><br \/>\nGaza \u00e8 una prigione a cielo aperto, sotto assedio da 17 anni. Lo era prima del 7 ottobre, senza che il mondo facesse nulla per liberarla e per far s\u00ec che dai suoi confini potessero entrare il cibo, le medicine, l\u2019acqua e tutto ci\u00f2 di cui la popolazione ha bisogno. Quello che vediamo in questi giorni \u00e8 l\u2019acuirsi all\u2019ennesima potenza di una situazione drammatica \u2013 dettata dal blocco e dall\u2019occupazione &#8211; che va avanti da molto tempo. Anche la Cisgiordania \u00e8 circondata da Israele, che inoltre penetra all\u2019interno dei suoi confini con 800.000 coloni, con il Muro dell\u2019Apartheid e con estese zone militari, compresi i numerosi posti di blocco che rendono la vita dei palestinesi impossibile.<\/p>\n<p><strong>Come far\u00e0 Israele a uscire incolume dal pantano di Gaza?<\/strong><strong><br \/>\n<\/strong><br \/>\nIsraele dovr\u00e0 pagare per i suoi crimini. La Corte Penale Internazionale e le altre organizzazioni internazionali preposte devono fare in modo che le indagini condotte sin qui abbiano delle conseguenze pratiche e che le violazioni del diritto a cui stiamo assistendo in questi giorni non restino impunite come tutti gli altri crimini commessi da Israele.<\/p>\n<p><strong>Vuole rispondere al suo corrispettivo, l&#8217;ambasciatore israeliano a Roma, quando a Mediaset ha dichiarato: &#8220;Vorrei dire che noi in Israele, almeno la popolazione, non siamo interessati a questi discorsi razionali, riferiti ai palestinesi, che ho sentito anche qua. Per noi c&#8217;\u00e8 uno scopo: distruggere Gaza, distruggere questo male assoluto&#8230;&#8221;<\/strong><strong><br \/>\n<\/strong><br \/>\nCome donna, come essere umano e come ambasciatrice, posso dire che questo non \u00e8 accettabile, ma \u00e8 purtroppo il vero volto della leadership israeliana.<\/p>\n<p>&nbsp;<\/p>\n<p>&nbsp;<\/p>\n","protected":false},"excerpt":{"rendered":"<p>Avevo intervistato l&#8217;Ambasciatrice palestinese in Italia\u00a0Abeer Odeh\u00a0due anni fa.\u00a0Riflettevamo in riferimento alla decisione della Corte Penale Internazionale di dichiararsi competente per indagare sui crimini di guerra di Israele nei confronti dei palestinesi. La situazione \u00e8 degradata drammaticamente, come sappiamo, e&hellip;<\/p>\n","protected":false},"author":1282,"featured_media":1779880,"comment_status":"closed","ping_status":"closed","sticky":false,"template":"","format":"standard","meta":{"footnotes":""},"categories":[47,157,52,55],"tags":[117617,1005,9884,778,1227],"class_list":["post-1779879","post","type-post","status-publish","format-standard","has-post-thumbnail","hentry","category-europa","category-interviste","category-medio-oriente","category-politica","tag-ambasciatrice-palestinese-in-italia-abeer-odeh","tag-gaza","tag-genocidio","tag-israele","tag-palestina-it"],"yoast_head":"<!-- This site is optimized with the Yoast SEO plugin v27.1.1 - https:\/\/yoast.com\/product\/yoast-seo-wordpress\/ -->\n<title>Ambasciatrice palestinese in Italia: &quot;A Gaza un genocidio che Israele compie davanti agli occhi del mondo intero&quot;<\/title>\n<meta name=\"description\" content=\"Avevo intervistato l&#039;Ambasciatrice palestinese in Italia\u00a0Abeer Odeh\u00a0due anni fa.\u00a0Riflettevamo in riferimento alla decisione della Corte Penale\" \/>\n<meta name=\"robots\" content=\"index, follow, max-snippet:-1, max-image-preview:large, max-video-preview:-1\" \/>\n<link rel=\"canonical\" href=\"https:\/\/www.pressenza.com\/it\/2023\/11\/ambasciatrice-palestinese-in-italia-a-gaza-un-genocidio-che-israele-compie-davanti-agli-occhi-del-mondo-intero\/\" \/>\n<meta property=\"og:locale\" content=\"it_IT\" \/>\n<meta property=\"og:type\" content=\"article\" \/>\n<meta property=\"og:title\" content=\"Ambasciatrice palestinese in Italia: &quot;A Gaza un genocidio che Israele compie davanti agli occhi del mondo intero&quot;\" \/>\n<meta property=\"og:description\" content=\"Avevo intervistato l&#039;Ambasciatrice palestinese in Italia\u00a0Abeer Odeh\u00a0due anni fa.\u00a0Riflettevamo in riferimento alla decisione della Corte Penale\" \/>\n<meta property=\"og:url\" content=\"https:\/\/www.pressenza.com\/it\/2023\/11\/ambasciatrice-palestinese-in-italia-a-gaza-un-genocidio-che-israele-compie-davanti-agli-occhi-del-mondo-intero\/\" \/>\n<meta property=\"og:site_name\" content=\"Pressenza\" \/>\n<meta property=\"article:publisher\" content=\"https:\/\/www.facebook.com\/PressenzaItalia\" \/>\n<meta property=\"article:published_time\" content=\"2023-11-07T10:28:06+00:00\" \/>\n<meta property=\"og:image\" content=\"https:\/\/www.pressenza.com\/wp-content\/uploads\/2023\/11\/Abeer-Odeh-ambasciatrice-palestinese-in-Italia.jpg\" \/>\n\t<meta property=\"og:image:width\" content=\"700\" \/>\n\t<meta property=\"og:image:height\" content=\"410\" \/>\n\t<meta property=\"og:image:type\" content=\"image\/jpeg\" \/>\n<meta name=\"author\" content=\"L&#039;Antidiplomatico\" \/>\n<meta name=\"twitter:card\" content=\"summary_large_image\" \/>\n<meta name=\"twitter:creator\" content=\"@PressenzaIPA\" \/>\n<meta name=\"twitter:site\" content=\"@PressenzaIPA\" \/>\n<meta name=\"twitter:label1\" content=\"Scritto da\" \/>\n\t<meta name=\"twitter:data1\" content=\"L&#039;Antidiplomatico\" \/>\n\t<meta name=\"twitter:label2\" content=\"Tempo di lettura stimato\" \/>\n\t<meta name=\"twitter:data2\" content=\"9 minuti\" \/>\n<script type=\"application\/ld+json\" class=\"yoast-schema-graph\">{\"@context\":\"https:\/\/schema.org\",\"@graph\":[{\"@type\":\"Article\",\"@id\":\"https:\/\/www.pressenza.com\/it\/2023\/11\/ambasciatrice-palestinese-in-italia-a-gaza-un-genocidio-che-israele-compie-davanti-agli-occhi-del-mondo-intero\/#article\",\"isPartOf\":{\"@id\":\"https:\/\/www.pressenza.com\/it\/2023\/11\/ambasciatrice-palestinese-in-italia-a-gaza-un-genocidio-che-israele-compie-davanti-agli-occhi-del-mondo-intero\/\"},\"author\":{\"name\":\"L'Antidiplomatico\",\"@id\":\"https:\/\/www.pressenza.com\/it\/#\/schema\/person\/4456650b4171493fc15af55210b90ca4\"},\"headline\":\"Ambasciatrice palestinese in Italia: &#8220;A Gaza un genocidio che Israele compie davanti agli occhi del mondo intero&#8221;\",\"datePublished\":\"2023-11-07T10:28:06+00:00\",\"mainEntityOfPage\":{\"@id\":\"https:\/\/www.pressenza.com\/it\/2023\/11\/ambasciatrice-palestinese-in-italia-a-gaza-un-genocidio-che-israele-compie-davanti-agli-occhi-del-mondo-intero\/\"},\"wordCount\":1580,\"publisher\":{\"@id\":\"https:\/\/www.pressenza.com\/it\/#organization\"},\"image\":{\"@id\":\"https:\/\/www.pressenza.com\/it\/2023\/11\/ambasciatrice-palestinese-in-italia-a-gaza-un-genocidio-che-israele-compie-davanti-agli-occhi-del-mondo-intero\/#primaryimage\"},\"thumbnailUrl\":\"https:\/\/www.pressenza.com\/wp-content\/uploads\/2023\/11\/Abeer-Odeh-ambasciatrice-palestinese-in-Italia.jpg\",\"keywords\":[\"Ambasciatrice palestinese in Italia\u00a0Abeer Odeh\",\"Gaza\",\"genocidio\",\"Israele\",\"Palestina\"],\"articleSection\":[\"Europa\",\"Interviste\",\"Medio Oriente\",\"Politica\"],\"inLanguage\":\"it-IT\"},{\"@type\":\"WebPage\",\"@id\":\"https:\/\/www.pressenza.com\/it\/2023\/11\/ambasciatrice-palestinese-in-italia-a-gaza-un-genocidio-che-israele-compie-davanti-agli-occhi-del-mondo-intero\/\",\"url\":\"https:\/\/www.pressenza.com\/it\/2023\/11\/ambasciatrice-palestinese-in-italia-a-gaza-un-genocidio-che-israele-compie-davanti-agli-occhi-del-mondo-intero\/\",\"name\":\"Ambasciatrice palestinese in Italia: \\\"A Gaza un genocidio che Israele compie davanti agli occhi del mondo intero\\\"\",\"isPartOf\":{\"@id\":\"https:\/\/www.pressenza.com\/it\/#website\"},\"primaryImageOfPage\":{\"@id\":\"https:\/\/www.pressenza.com\/it\/2023\/11\/ambasciatrice-palestinese-in-italia-a-gaza-un-genocidio-che-israele-compie-davanti-agli-occhi-del-mondo-intero\/#primaryimage\"},\"image\":{\"@id\":\"https:\/\/www.pressenza.com\/it\/2023\/11\/ambasciatrice-palestinese-in-italia-a-gaza-un-genocidio-che-israele-compie-davanti-agli-occhi-del-mondo-intero\/#primaryimage\"},\"thumbnailUrl\":\"https:\/\/www.pressenza.com\/wp-content\/uploads\/2023\/11\/Abeer-Odeh-ambasciatrice-palestinese-in-Italia.jpg\",\"datePublished\":\"2023-11-07T10:28:06+00:00\",\"description\":\"Avevo intervistato l'Ambasciatrice palestinese in Italia\u00a0Abeer Odeh\u00a0due anni fa.\u00a0Riflettevamo in riferimento alla decisione della Corte Penale\",\"breadcrumb\":{\"@id\":\"https:\/\/www.pressenza.com\/it\/2023\/11\/ambasciatrice-palestinese-in-italia-a-gaza-un-genocidio-che-israele-compie-davanti-agli-occhi-del-mondo-intero\/#breadcrumb\"},\"inLanguage\":\"it-IT\",\"potentialAction\":[{\"@type\":\"ReadAction\",\"target\":[\"https:\/\/www.pressenza.com\/it\/2023\/11\/ambasciatrice-palestinese-in-italia-a-gaza-un-genocidio-che-israele-compie-davanti-agli-occhi-del-mondo-intero\/\"]}]},{\"@type\":\"ImageObject\",\"inLanguage\":\"it-IT\",\"@id\":\"https:\/\/www.pressenza.com\/it\/2023\/11\/ambasciatrice-palestinese-in-italia-a-gaza-un-genocidio-che-israele-compie-davanti-agli-occhi-del-mondo-intero\/#primaryimage\",\"url\":\"https:\/\/www.pressenza.com\/wp-content\/uploads\/2023\/11\/Abeer-Odeh-ambasciatrice-palestinese-in-Italia.jpg\",\"contentUrl\":\"https:\/\/www.pressenza.com\/wp-content\/uploads\/2023\/11\/Abeer-Odeh-ambasciatrice-palestinese-in-Italia.jpg\",\"width\":700,\"height\":410},{\"@type\":\"BreadcrumbList\",\"@id\":\"https:\/\/www.pressenza.com\/it\/2023\/11\/ambasciatrice-palestinese-in-italia-a-gaza-un-genocidio-che-israele-compie-davanti-agli-occhi-del-mondo-intero\/#breadcrumb\",\"itemListElement\":[{\"@type\":\"ListItem\",\"position\":1,\"name\":\"Accueil\",\"item\":\"https:\/\/www.pressenza.com\/it\/\"},{\"@type\":\"ListItem\",\"position\":2,\"name\":\"Ambasciatrice palestinese in Italia: &#8220;A Gaza un genocidio che Israele compie davanti agli occhi del mondo intero&#8221;\"}]},{\"@type\":\"WebSite\",\"@id\":\"https:\/\/www.pressenza.com\/it\/#website\",\"url\":\"https:\/\/www.pressenza.com\/it\/\",\"name\":\"Pressenza\",\"description\":\"Agenzia di Stampa Internazionale\",\"publisher\":{\"@id\":\"https:\/\/www.pressenza.com\/it\/#organization\"},\"potentialAction\":[{\"@type\":\"SearchAction\",\"target\":{\"@type\":\"EntryPoint\",\"urlTemplate\":\"https:\/\/www.pressenza.com\/it\/?s={search_term_string}\"},\"query-input\":{\"@type\":\"PropertyValueSpecification\",\"valueRequired\":true,\"valueName\":\"search_term_string\"}}],\"inLanguage\":\"it-IT\"},{\"@type\":\"Organization\",\"@id\":\"https:\/\/www.pressenza.com\/it\/#organization\",\"name\":\"Pressenza\",\"url\":\"https:\/\/www.pressenza.com\/it\/\",\"logo\":{\"@type\":\"ImageObject\",\"inLanguage\":\"it-IT\",\"@id\":\"https:\/\/www.pressenza.com\/it\/#\/schema\/logo\/image\/\",\"url\":\"https:\/\/www.pressenza.com\/wp-content\/uploads\/2022\/10\/pressenza_logo_200x200.jpg\",\"contentUrl\":\"https:\/\/www.pressenza.com\/wp-content\/uploads\/2022\/10\/pressenza_logo_200x200.jpg\",\"width\":200,\"height\":200,\"caption\":\"Pressenza\"},\"image\":{\"@id\":\"https:\/\/www.pressenza.com\/it\/#\/schema\/logo\/image\/\"},\"sameAs\":[\"https:\/\/www.facebook.com\/PressenzaItalia\",\"https:\/\/x.com\/PressenzaIPA\"]},{\"@type\":\"Person\",\"@id\":\"https:\/\/www.pressenza.com\/it\/#\/schema\/person\/4456650b4171493fc15af55210b90ca4\",\"name\":\"L'Antidiplomatico\",\"url\":\"https:\/\/www.pressenza.com\/it\/author\/l-antidiplomatico\/\"}]}<\/script>\n<!-- \/ Yoast SEO plugin. -->","yoast_head_json":{"title":"Ambasciatrice palestinese in Italia: \"A Gaza un genocidio che Israele compie davanti agli occhi del mondo intero\"","description":"Avevo intervistato l'Ambasciatrice palestinese in Italia\u00a0Abeer Odeh\u00a0due anni fa.\u00a0Riflettevamo in riferimento alla decisione della Corte Penale","robots":{"index":"index","follow":"follow","max-snippet":"max-snippet:-1","max-image-preview":"max-image-preview:large","max-video-preview":"max-video-preview:-1"},"canonical":"https:\/\/www.pressenza.com\/it\/2023\/11\/ambasciatrice-palestinese-in-italia-a-gaza-un-genocidio-che-israele-compie-davanti-agli-occhi-del-mondo-intero\/","og_locale":"it_IT","og_type":"article","og_title":"Ambasciatrice palestinese in Italia: \"A Gaza un genocidio che Israele compie davanti agli occhi del mondo intero\"","og_description":"Avevo intervistato l'Ambasciatrice palestinese in Italia\u00a0Abeer Odeh\u00a0due anni fa.\u00a0Riflettevamo in riferimento alla decisione della Corte Penale","og_url":"https:\/\/www.pressenza.com\/it\/2023\/11\/ambasciatrice-palestinese-in-italia-a-gaza-un-genocidio-che-israele-compie-davanti-agli-occhi-del-mondo-intero\/","og_site_name":"Pressenza","article_publisher":"https:\/\/www.facebook.com\/PressenzaItalia","article_published_time":"2023-11-07T10:28:06+00:00","og_image":[{"width":700,"height":410,"url":"https:\/\/www.pressenza.com\/wp-content\/uploads\/2023\/11\/Abeer-Odeh-ambasciatrice-palestinese-in-Italia.jpg","type":"image\/jpeg"}],"author":"L'Antidiplomatico","twitter_card":"summary_large_image","twitter_creator":"@PressenzaIPA","twitter_site":"@PressenzaIPA","twitter_misc":{"Scritto da":"L'Antidiplomatico","Tempo di lettura stimato":"9 minuti"},"schema":{"@context":"https:\/\/schema.org","@graph":[{"@type":"Article","@id":"https:\/\/www.pressenza.com\/it\/2023\/11\/ambasciatrice-palestinese-in-italia-a-gaza-un-genocidio-che-israele-compie-davanti-agli-occhi-del-mondo-intero\/#article","isPartOf":{"@id":"https:\/\/www.pressenza.com\/it\/2023\/11\/ambasciatrice-palestinese-in-italia-a-gaza-un-genocidio-che-israele-compie-davanti-agli-occhi-del-mondo-intero\/"},"author":{"name":"L'Antidiplomatico","@id":"https:\/\/www.pressenza.com\/it\/#\/schema\/person\/4456650b4171493fc15af55210b90ca4"},"headline":"Ambasciatrice palestinese in Italia: &#8220;A Gaza un genocidio che Israele compie davanti agli occhi del mondo intero&#8221;","datePublished":"2023-11-07T10:28:06+00:00","mainEntityOfPage":{"@id":"https:\/\/www.pressenza.com\/it\/2023\/11\/ambasciatrice-palestinese-in-italia-a-gaza-un-genocidio-che-israele-compie-davanti-agli-occhi-del-mondo-intero\/"},"wordCount":1580,"publisher":{"@id":"https:\/\/www.pressenza.com\/it\/#organization"},"image":{"@id":"https:\/\/www.pressenza.com\/it\/2023\/11\/ambasciatrice-palestinese-in-italia-a-gaza-un-genocidio-che-israele-compie-davanti-agli-occhi-del-mondo-intero\/#primaryimage"},"thumbnailUrl":"https:\/\/www.pressenza.com\/wp-content\/uploads\/2023\/11\/Abeer-Odeh-ambasciatrice-palestinese-in-Italia.jpg","keywords":["Ambasciatrice palestinese in Italia\u00a0Abeer Odeh","Gaza","genocidio","Israele","Palestina"],"articleSection":["Europa","Interviste","Medio Oriente","Politica"],"inLanguage":"it-IT"},{"@type":"WebPage","@id":"https:\/\/www.pressenza.com\/it\/2023\/11\/ambasciatrice-palestinese-in-italia-a-gaza-un-genocidio-che-israele-compie-davanti-agli-occhi-del-mondo-intero\/","url":"https:\/\/www.pressenza.com\/it\/2023\/11\/ambasciatrice-palestinese-in-italia-a-gaza-un-genocidio-che-israele-compie-davanti-agli-occhi-del-mondo-intero\/","name":"Ambasciatrice palestinese in Italia: \"A Gaza un genocidio che Israele compie davanti agli occhi del mondo intero\"","isPartOf":{"@id":"https:\/\/www.pressenza.com\/it\/#website"},"primaryImageOfPage":{"@id":"https:\/\/www.pressenza.com\/it\/2023\/11\/ambasciatrice-palestinese-in-italia-a-gaza-un-genocidio-che-israele-compie-davanti-agli-occhi-del-mondo-intero\/#primaryimage"},"image":{"@id":"https:\/\/www.pressenza.com\/it\/2023\/11\/ambasciatrice-palestinese-in-italia-a-gaza-un-genocidio-che-israele-compie-davanti-agli-occhi-del-mondo-intero\/#primaryimage"},"thumbnailUrl":"https:\/\/www.pressenza.com\/wp-content\/uploads\/2023\/11\/Abeer-Odeh-ambasciatrice-palestinese-in-Italia.jpg","datePublished":"2023-11-07T10:28:06+00:00","description":"Avevo intervistato l'Ambasciatrice palestinese in Italia\u00a0Abeer Odeh\u00a0due anni fa.\u00a0Riflettevamo in riferimento alla decisione della Corte Penale","breadcrumb":{"@id":"https:\/\/www.pressenza.com\/it\/2023\/11\/ambasciatrice-palestinese-in-italia-a-gaza-un-genocidio-che-israele-compie-davanti-agli-occhi-del-mondo-intero\/#breadcrumb"},"inLanguage":"it-IT","potentialAction":[{"@type":"ReadAction","target":["https:\/\/www.pressenza.com\/it\/2023\/11\/ambasciatrice-palestinese-in-italia-a-gaza-un-genocidio-che-israele-compie-davanti-agli-occhi-del-mondo-intero\/"]}]},{"@type":"ImageObject","inLanguage":"it-IT","@id":"https:\/\/www.pressenza.com\/it\/2023\/11\/ambasciatrice-palestinese-in-italia-a-gaza-un-genocidio-che-israele-compie-davanti-agli-occhi-del-mondo-intero\/#primaryimage","url":"https:\/\/www.pressenza.com\/wp-content\/uploads\/2023\/11\/Abeer-Odeh-ambasciatrice-palestinese-in-Italia.jpg","contentUrl":"https:\/\/www.pressenza.com\/wp-content\/uploads\/2023\/11\/Abeer-Odeh-ambasciatrice-palestinese-in-Italia.jpg","width":700,"height":410},{"@type":"BreadcrumbList","@id":"https:\/\/www.pressenza.com\/it\/2023\/11\/ambasciatrice-palestinese-in-italia-a-gaza-un-genocidio-che-israele-compie-davanti-agli-occhi-del-mondo-intero\/#breadcrumb","itemListElement":[{"@type":"ListItem","position":1,"name":"Accueil","item":"https:\/\/www.pressenza.com\/it\/"},{"@type":"ListItem","position":2,"name":"Ambasciatrice palestinese in Italia: &#8220;A Gaza un genocidio che Israele compie davanti agli occhi del mondo intero&#8221;"}]},{"@type":"WebSite","@id":"https:\/\/www.pressenza.com\/it\/#website","url":"https:\/\/www.pressenza.com\/it\/","name":"Pressenza","description":"Agenzia di Stampa Internazionale","publisher":{"@id":"https:\/\/www.pressenza.com\/it\/#organization"},"potentialAction":[{"@type":"SearchAction","target":{"@type":"EntryPoint","urlTemplate":"https:\/\/www.pressenza.com\/it\/?s={search_term_string}"},"query-input":{"@type":"PropertyValueSpecification","valueRequired":true,"valueName":"search_term_string"}}],"inLanguage":"it-IT"},{"@type":"Organization","@id":"https:\/\/www.pressenza.com\/it\/#organization","name":"Pressenza","url":"https:\/\/www.pressenza.com\/it\/","logo":{"@type":"ImageObject","inLanguage":"it-IT","@id":"https:\/\/www.pressenza.com\/it\/#\/schema\/logo\/image\/","url":"https:\/\/www.pressenza.com\/wp-content\/uploads\/2022\/10\/pressenza_logo_200x200.jpg","contentUrl":"https:\/\/www.pressenza.com\/wp-content\/uploads\/2022\/10\/pressenza_logo_200x200.jpg","width":200,"height":200,"caption":"Pressenza"},"image":{"@id":"https:\/\/www.pressenza.com\/it\/#\/schema\/logo\/image\/"},"sameAs":["https:\/\/www.facebook.com\/PressenzaItalia","https:\/\/x.com\/PressenzaIPA"]},{"@type":"Person","@id":"https:\/\/www.pressenza.com\/it\/#\/schema\/person\/4456650b4171493fc15af55210b90ca4","name":"L'Antidiplomatico","url":"https:\/\/www.pressenza.com\/it\/author\/l-antidiplomatico\/"}]}},"place":"Cristina Mirra","original_article_url":"https:\/\/www.lantidiplomatico.it\/dettnews-ambasciatrice_palestinese_in_italia_a_gaza_un_genocidio_che_israele_compie_davanti_agli_occhi_del_mondo_intero\/39130_51452\/","_links":{"self":[{"href":"https:\/\/www.pressenza.com\/it\/wp-json\/wp\/v2\/posts\/1779879","targetHints":{"allow":["GET"]}}],"collection":[{"href":"https:\/\/www.pressenza.com\/it\/wp-json\/wp\/v2\/posts"}],"about":[{"href":"https:\/\/www.pressenza.com\/it\/wp-json\/wp\/v2\/types\/post"}],"author":[{"embeddable":true,"href":"https:\/\/www.pressenza.com\/it\/wp-json\/wp\/v2\/users\/1282"}],"replies":[{"embeddable":true,"href":"https:\/\/www.pressenza.com\/it\/wp-json\/wp\/v2\/comments?post=1779879"}],"version-history":[{"count":0,"href":"https:\/\/www.pressenza.com\/it\/wp-json\/wp\/v2\/posts\/1779879\/revisions"}],"wp:featuredmedia":[{"embeddable":true,"href":"https:\/\/www.pressenza.com\/it\/wp-json\/wp\/v2\/media\/1779880"}],"wp:attachment":[{"href":"https:\/\/www.pressenza.com\/it\/wp-json\/wp\/v2\/media?parent=1779879"}],"wp:term":[{"taxonomy":"category","embeddable":true,"href":"https:\/\/www.pressenza.com\/it\/wp-json\/wp\/v2\/categories?post=1779879"},{"taxonomy":"post_tag","embeddable":true,"href":"https:\/\/www.pressenza.com\/it\/wp-json\/wp\/v2\/tags?post=1779879"}],"curies":[{"name":"wp","href":"https:\/\/api.w.org\/{rel}","templated":true}]}}