{"id":1778725,"date":"2023-11-02T21:07:06","date_gmt":"2023-11-02T21:07:06","guid":{"rendered":"https:\/\/www.pressenza.com\/?p=1778725"},"modified":"2023-11-02T21:07:06","modified_gmt":"2023-11-02T21:07:06","slug":"la-condizione-delle-bambine-e-delle-ragazze-nel-mondo-dossier-indifesa-2023","status":"publish","type":"post","link":"https:\/\/www.pressenza.com\/it\/2023\/11\/la-condizione-delle-bambine-e-delle-ragazze-nel-mondo-dossier-indifesa-2023\/","title":{"rendered":"La condizione delle bambine e delle ragazze nel mondo. Dossier indifesa 2023"},"content":{"rendered":"<p>E&#8217; stato di recente presentato il Dossier <em>in<\/em>difesa 2023, \u201c<strong>La condizione delle bambine e delle ragazze nel mondo\u201d<\/strong> 2023, di <a href=\"https:\/\/terredeshommes.it\/\">Terre des Hommes<\/a> \u00a0con dati <em>particolarmente allarmanti\u00a0 che certificano come in Italia e in tutto il mondo le bambine e le ragazze vivono ancora in una condizione di inferiorit\u00e0 rispetto ai loro coetanei maschi. <\/em>Nell\u2019Agenda per lo sviluppo sostenibile 2030, 193 Paesi membri delle Nazioni unite nel 2015 avevano fissato un vasto programma d\u2019azione che prevedeva, tra gli obiettivi per la parit\u00e0 di genere, l\u2019eliminazione di ogni discriminazione, di ogni forma di violenza e pratiche nocive, la garanzia di accesso alla salute, alle risorse economiche e alla piena partecipazione economica, sociale e politica. Mancano appena sei anni al 2030 ma quegli obiettivi restano molto lontani. <em>Vediamo perch\u00e9.<\/em><\/p>\n<h3>Violenze sessuali<\/h3>\n<p>Secondo l\u2019<strong>Unicef<\/strong>, <strong>tra il 2005 e il 2022, <\/strong>almeno 16mila minori hanno subito stupri, matrimoni forzati, sfruttamento sessuale e altre forme di violenza sessuale, commessi dalle parti in conflitto. Il dato \u00e8 ritenuto fortemente sottostimato a causa dello stigma e dell\u2019emarginazione che accompagnano questi reati e che, cos\u00ec, impediscono le denunce. La quasi totalit\u00e0 di quelle vittime, tra 2016 e 2020, \u00e8 stata costituita da bambine: il 97%. Soltanto in Sudan, nel corso dell\u2019estate il numero di ragazze e donne a rischio di subire violenze nel corso della guerra \u00e8 schizzato a 4,2 milioni, dai circa 3 milioni di aprile2. In Ucraina, dove l\u2019invasione russa ha creato una delle pi\u00f9 gravi crisi umanitarie in Europa dalla Seconda guerra mondiale, 14 milioni di persone sono state costrette a fuggire in altre regioni o all\u2019estero: in gran parte, si tratta di donne e bambine\/i.<\/p>\n<h3>Mutilazioni genitali femminili<\/h3>\n<p><strong>Sono <\/strong>4,3 milioni le bambine che rischiano di subire MGF nel 2023, un dato destinato a peggiorare: entro il 2030, aumenteranno infatti a 4,6 milioni. I conflitti, assieme a cambiamento climatico, povert\u00e0 e diseguaglianze, continuano a minare gli sforzi per cambiare le regole sociali, per sradicare in modo definitivo questa violenza di genere che danneggia il corpo delle ragazze e mette a rischio la loro vita. Secondo l\u2019<strong>Oms<\/strong>, oltre 200 milioni di donne convivono con una mutilazione genitale e ogni anno 3 milioni di bambine rischiano di subirla <strong>in una trentina di Paes<\/strong>i, soprattutto in Africa, Medioriente e Asia. <strong>Anche in <\/strong>Europa, ogni anno migliaia di bambine subiscono questa violenza, in gran parte non praticata nel Paese europeo di residenza ma in quello d\u2019origine dei genitori, durante le vacanze estive o un viaggio. <strong>La stima \u00e8 di 600mila ragazze e donne gi\u00e0 mutilate, di cui i<\/strong>n Italia 80mila donne e 7.600 minori; tra 53mila e 93mila bambine sono a rischio, mentre in Italia l\u2019incidenza tra le minori con background migratorio a rischio \u00e8 tra 15% e 24%7.<\/p>\n<h3>Istruzione<\/h3>\n<p><strong>Le ragazze hanno oggi il pi\u00f9 alto livello d\u2019istruzione mai raggiunto nella storia<\/strong>. Le bambine che vivono nei Paesi colpiti da conflitti, per\u00f2, hanno pi\u00f9 del doppio delle probabilit\u00e0 di non andare a scuola rispetto alle coetanee residenti in zone di pace. Oltre all\u2019ostacolo di povert\u00e0, matrimoni e gravidanze precoci, i conflitti causano insicurezza generalizzata: <strong>ogni anno <\/strong>60 milioni di scolare subiscono violenze sessuali sul tragitto verso la scuola; quindi, molte giovani rinunciano al diritto di studiare. A ci\u00f2 si sommano le scuole inadatte ai bisogni delle ragazze, ad esempio prive di acqua o di luoghi sicuri dove cambiarsi durante i giorni delle mestruazioni. In alcuni Paesi, poi, l\u2019istruzione \u00e8 apertamente negata alle giovani, come in Afghanistan, dove le classi sono inaccessibili alle bambine con pi\u00f9 di 12 anni. Inoltre, quando le scuole sono costrette a chiudere a causa di conflitti o altro (come una pandemia), le ragazze hanno minori possibilit\u00e0 di tornare sui banchi rispetto ai coetanei.<\/p>\n<h3>Matrimoni precoci<\/h3>\n<p><strong>A livello globale le ragazze vittime e le donne ex vittime di matrimoni precoci e forzati sono <\/strong>640 milioni, oltre il 45% di loro in Asia meridionale e Africa sub-sahariana. Nonostante gli sforzi e i progressi in alcune zone, <strong>nel 2022 <\/strong>le bambine costrette a sposarsi sono state ancora 12 milioni. Tra i fattori di rischio ci sono proprio le guerre, tanto che in Paesi come Siria e Iraq il numero dei matrimoni precoci \u00e8 aumentato: nelle aree di conflitto, ogni aumento di dieci volte del numero di vittime degli scontri \u00e8 associato a un incremento del 7% della prevalenza dei matrimoni precoci, a causa del peggioramento delle condizioni economiche delle famiglie.<\/p>\n<h3>Gravidanze precoci<\/h3>\n<p>Il numero di bambine che mettono al mondo figli \u00e8 calato negli ultimi vent\u2019anni, ma non dappertutto. Tra i mezzi di contrasto ci sono la lotta ai matrimoni precoci, il sostegno all\u2019istruzione e l\u2019accesso alla contraccezione, lo sradicamento di pregiudizi e stigma sulla sessualit\u00e0 femminile: tutti aspetti alimentati negativamente da conflitti e guerre. L\u2019<strong>Organizzazione mondiale della sanit\u00e0 stima che nei Paesi a medio e medio-basso reddito <\/strong>ogni anno ancora 21 milioni di ragazze tra i 15 e i 19 anni rimangano incinte,<strong> al 50% in gravidanze non pianificate e non volute, spesso dopo <\/strong>sesso forzato e violenze<strong>, e che <\/strong>12 milioni di loro diventino madri (3,9 milioni di aborti volontari sul totale di 5,6 milioni sono praticati in condizioni insicure, accrescendo il rischio di morte o danni fisici della gestante). Nel 2021, poi, mezzo milione di under 15 ha partorito, nella stragrande maggioranza dei casi dopo uno stupro. Queste bambine corrono gravi rischi, perch\u00e9 il loro corpo non \u00e8 pronto a sopportare lo stress di gravidanza e parto.<\/p>\n<h3>I casi estremi di Afghanistan e Iran<\/h3>\n<p><strong>Afghanistan<\/strong> e <strong>Iran <\/strong>sono due Paesi dove la drammatica situazione di bambine, ragazze e donne \u00e8 particolarmente evidente, anche a causa delle recenti tensioni e conflitti che hanno peggiorato le loro condizioni e le hanno portate sotto i riflettori dell\u2019Occidente. In <strong>Afghanistan le condizioni di vita per bambine e donne sono precipitate. <\/strong>I talebani hanno limitato sistematicamente i diritti fondamentali di donne e ragazze, soffocando ogni ambito della vita di met\u00e0 della popolazione del Paese: le <strong>Nazioni unite<\/strong>, nel denunciarlo, parlano di \u201c<em>apartheid di genere<\/em>\u201d. Le femmine non possono studiare dai 12 anni d\u2019et\u00e0 n\u00e9 svolgere una lunga lista di professioni, sono costrette a indossare il burqa e fuori casa devono essere accompagnate da un familiare maschio, non possono trascorrere tempo in parchi e bagni pubblici, quando si ammalano non possono essere curate da medici uomini. Al lungo elenco di divieti si aggiungono l\u2019alto numero di matrimoni forzati, quello delle violenze di genere e sessuali, l\u2019aumento della depressione e dei suicidi tra le giovani, le gravidanze precoci in cui ben due nati ogni mille sono messi al mondo da bambine con meno di 15 anni. In <strong>Iran<\/strong> le cittadine hanno meno diritti rispetto agli omologhi maschi e il simbolo di questa condizione \u00e8 l\u2019hijab, il velo islamico la cui obbligatoriet\u00e0 \u00e8 stata introdotta nel 1979, dopo la rivoluzione khomeinista. Le proteste contro quel simbolo sono esplose nel 2022, dopo l\u2019uccisione il 16 settembre di Mahsa Amini, morta in custodia dopo esser stata arrestata dalla polizia \u201cmorale\u201d perch\u00e9 accusata di non indossare correttamente il velo. Per settimane, donne (e uomini) hanno manifestato nelle strade, sfidando gli Ayatollah. Il bilancio \u00e8 stato pesantissimo, nelle stime di <strong>Amnesty international<\/strong>: le persone morte sono state oltre 500, fra cui 44 minori<\/p>\n<p><strong><u>Qui<\/u><\/strong> per scaricare il Rapporto: <a href=\"https:\/\/terredeshommes.it\/pdf\/Dossier_indifesa_tdh_2023.pdf\">https:\/\/terredeshommes.it\/pdf\/Dossier_indifesa_tdh_2023.pdf<\/a>.<\/p>\n","protected":false},"excerpt":{"rendered":"<p>E&#8217; stato di recente presentato il Dossier indifesa 2023, \u201cLa condizione delle bambine e delle ragazze nel mondo\u201d 2023, di Terre des Hommes \u00a0con dati particolarmente allarmanti\u00a0 che certificano come in Italia e in tutto il mondo le bambine e&hellip;<\/p>\n","protected":false},"author":2106,"featured_media":1778726,"comment_status":"closed","ping_status":"closed","sticky":false,"template":"","format":"standard","meta":{"footnotes":""},"categories":[11388,60,54513],"tags":[20798,56714,117510,108689],"class_list":["post-1778725","post","type-post","status-publish","format-standard","has-post-thumbnail","hentry","category-contenuti-originali","category-diritti-umani","category-genere-e-femminismi","tag-bambine","tag-ragazze","tag-rapporto-mondiale","tag-terre-des-hommes"],"yoast_head":"<!-- This site is optimized with the Yoast SEO plugin v27.1.1 - https:\/\/yoast.com\/product\/yoast-seo-wordpress\/ -->\n<title>La condizione delle bambine e delle ragazze nel mondo. Dossier indifesa 2023<\/title>\n<meta name=\"description\" content=\"E&#039; stato di recente presentato il Dossier indifesa 2023, \u201cLa condizione delle bambine e delle ragazze nel mondo\u201d 2023, di Terre des Hommes \u00a0con dati\" \/>\n<meta name=\"robots\" content=\"index, follow, max-snippet:-1, max-image-preview:large, max-video-preview:-1\" \/>\n<link rel=\"canonical\" href=\"https:\/\/www.pressenza.com\/it\/2023\/11\/la-condizione-delle-bambine-e-delle-ragazze-nel-mondo-dossier-indifesa-2023\/\" \/>\n<meta property=\"og:locale\" content=\"it_IT\" \/>\n<meta property=\"og:type\" content=\"article\" \/>\n<meta property=\"og:title\" content=\"La condizione delle bambine e delle ragazze nel mondo. Dossier indifesa 2023\" \/>\n<meta property=\"og:description\" content=\"E&#039; stato di recente presentato il Dossier indifesa 2023, \u201cLa condizione delle bambine e delle ragazze nel mondo\u201d 2023, di Terre des Hommes \u00a0con dati\" \/>\n<meta property=\"og:url\" content=\"https:\/\/www.pressenza.com\/it\/2023\/11\/la-condizione-delle-bambine-e-delle-ragazze-nel-mondo-dossier-indifesa-2023\/\" \/>\n<meta property=\"og:site_name\" content=\"Pressenza\" \/>\n<meta property=\"article:publisher\" content=\"https:\/\/www.facebook.com\/PressenzaItalia\" \/>\n<meta property=\"article:published_time\" content=\"2023-11-02T21:07:06+00:00\" \/>\n<meta property=\"og:image\" content=\"https:\/\/www.pressenza.com\/wp-content\/uploads\/2023\/11\/bambine-Terre-des-hommes.jpg\" \/>\n\t<meta property=\"og:image:width\" content=\"882\" \/>\n\t<meta property=\"og:image:height\" content=\"654\" \/>\n\t<meta property=\"og:image:type\" content=\"image\/jpeg\" \/>\n<meta name=\"author\" content=\"Giovanni Caprio\" \/>\n<meta name=\"twitter:card\" content=\"summary_large_image\" \/>\n<meta name=\"twitter:creator\" content=\"@PressenzaIPA\" \/>\n<meta name=\"twitter:site\" content=\"@PressenzaIPA\" \/>\n<meta name=\"twitter:label1\" content=\"Scritto da\" \/>\n\t<meta name=\"twitter:data1\" content=\"Giovanni Caprio\" \/>\n\t<meta name=\"twitter:label2\" content=\"Tempo di lettura stimato\" \/>\n\t<meta name=\"twitter:data2\" content=\"7 minuti\" \/>\n<script type=\"application\/ld+json\" class=\"yoast-schema-graph\">{\"@context\":\"https:\/\/schema.org\",\"@graph\":[{\"@type\":\"Article\",\"@id\":\"https:\/\/www.pressenza.com\/it\/2023\/11\/la-condizione-delle-bambine-e-delle-ragazze-nel-mondo-dossier-indifesa-2023\/#article\",\"isPartOf\":{\"@id\":\"https:\/\/www.pressenza.com\/it\/2023\/11\/la-condizione-delle-bambine-e-delle-ragazze-nel-mondo-dossier-indifesa-2023\/\"},\"author\":{\"name\":\"Giovanni Caprio\",\"@id\":\"https:\/\/www.pressenza.com\/it\/#\/schema\/person\/841c36a613f4f6e80f5fbc9c1f8c32c8\"},\"headline\":\"La condizione delle bambine e delle ragazze nel mondo. Dossier indifesa 2023\",\"datePublished\":\"2023-11-02T21:07:06+00:00\",\"mainEntityOfPage\":{\"@id\":\"https:\/\/www.pressenza.com\/it\/2023\/11\/la-condizione-delle-bambine-e-delle-ragazze-nel-mondo-dossier-indifesa-2023\/\"},\"wordCount\":1177,\"publisher\":{\"@id\":\"https:\/\/www.pressenza.com\/it\/#organization\"},\"image\":{\"@id\":\"https:\/\/www.pressenza.com\/it\/2023\/11\/la-condizione-delle-bambine-e-delle-ragazze-nel-mondo-dossier-indifesa-2023\/#primaryimage\"},\"thumbnailUrl\":\"https:\/\/www.pressenza.com\/wp-content\/uploads\/2023\/11\/bambine-Terre-des-hommes.jpg\",\"keywords\":[\"bambine\",\"ragazze\",\"rapporto mondiale\",\"Terre des Hommes\"],\"articleSection\":[\"contenuti originali\",\"Diritti Umani\",\"Genere e femminismi\"],\"inLanguage\":\"it-IT\"},{\"@type\":\"WebPage\",\"@id\":\"https:\/\/www.pressenza.com\/it\/2023\/11\/la-condizione-delle-bambine-e-delle-ragazze-nel-mondo-dossier-indifesa-2023\/\",\"url\":\"https:\/\/www.pressenza.com\/it\/2023\/11\/la-condizione-delle-bambine-e-delle-ragazze-nel-mondo-dossier-indifesa-2023\/\",\"name\":\"La condizione delle bambine e delle ragazze nel mondo. Dossier indifesa 2023\",\"isPartOf\":{\"@id\":\"https:\/\/www.pressenza.com\/it\/#website\"},\"primaryImageOfPage\":{\"@id\":\"https:\/\/www.pressenza.com\/it\/2023\/11\/la-condizione-delle-bambine-e-delle-ragazze-nel-mondo-dossier-indifesa-2023\/#primaryimage\"},\"image\":{\"@id\":\"https:\/\/www.pressenza.com\/it\/2023\/11\/la-condizione-delle-bambine-e-delle-ragazze-nel-mondo-dossier-indifesa-2023\/#primaryimage\"},\"thumbnailUrl\":\"https:\/\/www.pressenza.com\/wp-content\/uploads\/2023\/11\/bambine-Terre-des-hommes.jpg\",\"datePublished\":\"2023-11-02T21:07:06+00:00\",\"description\":\"E' stato di recente presentato il Dossier indifesa 2023, \u201cLa condizione delle bambine e delle ragazze nel mondo\u201d 2023, di Terre des Hommes \u00a0con dati\",\"breadcrumb\":{\"@id\":\"https:\/\/www.pressenza.com\/it\/2023\/11\/la-condizione-delle-bambine-e-delle-ragazze-nel-mondo-dossier-indifesa-2023\/#breadcrumb\"},\"inLanguage\":\"it-IT\",\"potentialAction\":[{\"@type\":\"ReadAction\",\"target\":[\"https:\/\/www.pressenza.com\/it\/2023\/11\/la-condizione-delle-bambine-e-delle-ragazze-nel-mondo-dossier-indifesa-2023\/\"]}]},{\"@type\":\"ImageObject\",\"inLanguage\":\"it-IT\",\"@id\":\"https:\/\/www.pressenza.com\/it\/2023\/11\/la-condizione-delle-bambine-e-delle-ragazze-nel-mondo-dossier-indifesa-2023\/#primaryimage\",\"url\":\"https:\/\/www.pressenza.com\/wp-content\/uploads\/2023\/11\/bambine-Terre-des-hommes.jpg\",\"contentUrl\":\"https:\/\/www.pressenza.com\/wp-content\/uploads\/2023\/11\/bambine-Terre-des-hommes.jpg\",\"width\":882,\"height\":654},{\"@type\":\"BreadcrumbList\",\"@id\":\"https:\/\/www.pressenza.com\/it\/2023\/11\/la-condizione-delle-bambine-e-delle-ragazze-nel-mondo-dossier-indifesa-2023\/#breadcrumb\",\"itemListElement\":[{\"@type\":\"ListItem\",\"position\":1,\"name\":\"Accueil\",\"item\":\"https:\/\/www.pressenza.com\/it\/\"},{\"@type\":\"ListItem\",\"position\":2,\"name\":\"La condizione delle bambine e delle ragazze nel mondo. Dossier indifesa 2023\"}]},{\"@type\":\"WebSite\",\"@id\":\"https:\/\/www.pressenza.com\/it\/#website\",\"url\":\"https:\/\/www.pressenza.com\/it\/\",\"name\":\"Pressenza\",\"description\":\"Agenzia di Stampa Internazionale\",\"publisher\":{\"@id\":\"https:\/\/www.pressenza.com\/it\/#organization\"},\"potentialAction\":[{\"@type\":\"SearchAction\",\"target\":{\"@type\":\"EntryPoint\",\"urlTemplate\":\"https:\/\/www.pressenza.com\/it\/?s={search_term_string}\"},\"query-input\":{\"@type\":\"PropertyValueSpecification\",\"valueRequired\":true,\"valueName\":\"search_term_string\"}}],\"inLanguage\":\"it-IT\"},{\"@type\":\"Organization\",\"@id\":\"https:\/\/www.pressenza.com\/it\/#organization\",\"name\":\"Pressenza\",\"url\":\"https:\/\/www.pressenza.com\/it\/\",\"logo\":{\"@type\":\"ImageObject\",\"inLanguage\":\"it-IT\",\"@id\":\"https:\/\/www.pressenza.com\/it\/#\/schema\/logo\/image\/\",\"url\":\"https:\/\/www.pressenza.com\/wp-content\/uploads\/2022\/10\/pressenza_logo_200x200.jpg\",\"contentUrl\":\"https:\/\/www.pressenza.com\/wp-content\/uploads\/2022\/10\/pressenza_logo_200x200.jpg\",\"width\":200,\"height\":200,\"caption\":\"Pressenza\"},\"image\":{\"@id\":\"https:\/\/www.pressenza.com\/it\/#\/schema\/logo\/image\/\"},\"sameAs\":[\"https:\/\/www.facebook.com\/PressenzaItalia\",\"https:\/\/x.com\/PressenzaIPA\"]},{\"@type\":\"Person\",\"@id\":\"https:\/\/www.pressenza.com\/it\/#\/schema\/person\/841c36a613f4f6e80f5fbc9c1f8c32c8\",\"name\":\"Giovanni Caprio\",\"description\":\"Pubblicista, gi\u00e0 dirigente di istituzioni pubbliche e di fondazioni private. Si occupa di beni comuni, partecipazione e governo del territorio.\",\"url\":\"https:\/\/www.pressenza.com\/it\/author\/giovanni-caprio\/\"}]}<\/script>\n<!-- \/ Yoast SEO plugin. -->","yoast_head_json":{"title":"La condizione delle bambine e delle ragazze nel mondo. Dossier indifesa 2023","description":"E' stato di recente presentato il Dossier indifesa 2023, \u201cLa condizione delle bambine e delle ragazze nel mondo\u201d 2023, di Terre des Hommes \u00a0con dati","robots":{"index":"index","follow":"follow","max-snippet":"max-snippet:-1","max-image-preview":"max-image-preview:large","max-video-preview":"max-video-preview:-1"},"canonical":"https:\/\/www.pressenza.com\/it\/2023\/11\/la-condizione-delle-bambine-e-delle-ragazze-nel-mondo-dossier-indifesa-2023\/","og_locale":"it_IT","og_type":"article","og_title":"La condizione delle bambine e delle ragazze nel mondo. Dossier indifesa 2023","og_description":"E' stato di recente presentato il Dossier indifesa 2023, \u201cLa condizione delle bambine e delle ragazze nel mondo\u201d 2023, di Terre des Hommes \u00a0con dati","og_url":"https:\/\/www.pressenza.com\/it\/2023\/11\/la-condizione-delle-bambine-e-delle-ragazze-nel-mondo-dossier-indifesa-2023\/","og_site_name":"Pressenza","article_publisher":"https:\/\/www.facebook.com\/PressenzaItalia","article_published_time":"2023-11-02T21:07:06+00:00","og_image":[{"width":882,"height":654,"url":"https:\/\/www.pressenza.com\/wp-content\/uploads\/2023\/11\/bambine-Terre-des-hommes.jpg","type":"image\/jpeg"}],"author":"Giovanni Caprio","twitter_card":"summary_large_image","twitter_creator":"@PressenzaIPA","twitter_site":"@PressenzaIPA","twitter_misc":{"Scritto da":"Giovanni Caprio","Tempo di lettura stimato":"7 minuti"},"schema":{"@context":"https:\/\/schema.org","@graph":[{"@type":"Article","@id":"https:\/\/www.pressenza.com\/it\/2023\/11\/la-condizione-delle-bambine-e-delle-ragazze-nel-mondo-dossier-indifesa-2023\/#article","isPartOf":{"@id":"https:\/\/www.pressenza.com\/it\/2023\/11\/la-condizione-delle-bambine-e-delle-ragazze-nel-mondo-dossier-indifesa-2023\/"},"author":{"name":"Giovanni Caprio","@id":"https:\/\/www.pressenza.com\/it\/#\/schema\/person\/841c36a613f4f6e80f5fbc9c1f8c32c8"},"headline":"La condizione delle bambine e delle ragazze nel mondo. Dossier indifesa 2023","datePublished":"2023-11-02T21:07:06+00:00","mainEntityOfPage":{"@id":"https:\/\/www.pressenza.com\/it\/2023\/11\/la-condizione-delle-bambine-e-delle-ragazze-nel-mondo-dossier-indifesa-2023\/"},"wordCount":1177,"publisher":{"@id":"https:\/\/www.pressenza.com\/it\/#organization"},"image":{"@id":"https:\/\/www.pressenza.com\/it\/2023\/11\/la-condizione-delle-bambine-e-delle-ragazze-nel-mondo-dossier-indifesa-2023\/#primaryimage"},"thumbnailUrl":"https:\/\/www.pressenza.com\/wp-content\/uploads\/2023\/11\/bambine-Terre-des-hommes.jpg","keywords":["bambine","ragazze","rapporto mondiale","Terre des Hommes"],"articleSection":["contenuti originali","Diritti Umani","Genere e femminismi"],"inLanguage":"it-IT"},{"@type":"WebPage","@id":"https:\/\/www.pressenza.com\/it\/2023\/11\/la-condizione-delle-bambine-e-delle-ragazze-nel-mondo-dossier-indifesa-2023\/","url":"https:\/\/www.pressenza.com\/it\/2023\/11\/la-condizione-delle-bambine-e-delle-ragazze-nel-mondo-dossier-indifesa-2023\/","name":"La condizione delle bambine e delle ragazze nel mondo. Dossier indifesa 2023","isPartOf":{"@id":"https:\/\/www.pressenza.com\/it\/#website"},"primaryImageOfPage":{"@id":"https:\/\/www.pressenza.com\/it\/2023\/11\/la-condizione-delle-bambine-e-delle-ragazze-nel-mondo-dossier-indifesa-2023\/#primaryimage"},"image":{"@id":"https:\/\/www.pressenza.com\/it\/2023\/11\/la-condizione-delle-bambine-e-delle-ragazze-nel-mondo-dossier-indifesa-2023\/#primaryimage"},"thumbnailUrl":"https:\/\/www.pressenza.com\/wp-content\/uploads\/2023\/11\/bambine-Terre-des-hommes.jpg","datePublished":"2023-11-02T21:07:06+00:00","description":"E' stato di recente presentato il Dossier indifesa 2023, \u201cLa condizione delle bambine e delle ragazze nel mondo\u201d 2023, di Terre des Hommes \u00a0con dati","breadcrumb":{"@id":"https:\/\/www.pressenza.com\/it\/2023\/11\/la-condizione-delle-bambine-e-delle-ragazze-nel-mondo-dossier-indifesa-2023\/#breadcrumb"},"inLanguage":"it-IT","potentialAction":[{"@type":"ReadAction","target":["https:\/\/www.pressenza.com\/it\/2023\/11\/la-condizione-delle-bambine-e-delle-ragazze-nel-mondo-dossier-indifesa-2023\/"]}]},{"@type":"ImageObject","inLanguage":"it-IT","@id":"https:\/\/www.pressenza.com\/it\/2023\/11\/la-condizione-delle-bambine-e-delle-ragazze-nel-mondo-dossier-indifesa-2023\/#primaryimage","url":"https:\/\/www.pressenza.com\/wp-content\/uploads\/2023\/11\/bambine-Terre-des-hommes.jpg","contentUrl":"https:\/\/www.pressenza.com\/wp-content\/uploads\/2023\/11\/bambine-Terre-des-hommes.jpg","width":882,"height":654},{"@type":"BreadcrumbList","@id":"https:\/\/www.pressenza.com\/it\/2023\/11\/la-condizione-delle-bambine-e-delle-ragazze-nel-mondo-dossier-indifesa-2023\/#breadcrumb","itemListElement":[{"@type":"ListItem","position":1,"name":"Accueil","item":"https:\/\/www.pressenza.com\/it\/"},{"@type":"ListItem","position":2,"name":"La condizione delle bambine e delle ragazze nel mondo. Dossier indifesa 2023"}]},{"@type":"WebSite","@id":"https:\/\/www.pressenza.com\/it\/#website","url":"https:\/\/www.pressenza.com\/it\/","name":"Pressenza","description":"Agenzia di Stampa Internazionale","publisher":{"@id":"https:\/\/www.pressenza.com\/it\/#organization"},"potentialAction":[{"@type":"SearchAction","target":{"@type":"EntryPoint","urlTemplate":"https:\/\/www.pressenza.com\/it\/?s={search_term_string}"},"query-input":{"@type":"PropertyValueSpecification","valueRequired":true,"valueName":"search_term_string"}}],"inLanguage":"it-IT"},{"@type":"Organization","@id":"https:\/\/www.pressenza.com\/it\/#organization","name":"Pressenza","url":"https:\/\/www.pressenza.com\/it\/","logo":{"@type":"ImageObject","inLanguage":"it-IT","@id":"https:\/\/www.pressenza.com\/it\/#\/schema\/logo\/image\/","url":"https:\/\/www.pressenza.com\/wp-content\/uploads\/2022\/10\/pressenza_logo_200x200.jpg","contentUrl":"https:\/\/www.pressenza.com\/wp-content\/uploads\/2022\/10\/pressenza_logo_200x200.jpg","width":200,"height":200,"caption":"Pressenza"},"image":{"@id":"https:\/\/www.pressenza.com\/it\/#\/schema\/logo\/image\/"},"sameAs":["https:\/\/www.facebook.com\/PressenzaItalia","https:\/\/x.com\/PressenzaIPA"]},{"@type":"Person","@id":"https:\/\/www.pressenza.com\/it\/#\/schema\/person\/841c36a613f4f6e80f5fbc9c1f8c32c8","name":"Giovanni Caprio","description":"Pubblicista, gi\u00e0 dirigente di istituzioni pubbliche e di fondazioni private. Si occupa di beni comuni, partecipazione e governo del territorio.","url":"https:\/\/www.pressenza.com\/it\/author\/giovanni-caprio\/"}]}},"place":"","original_article_url":"","_links":{"self":[{"href":"https:\/\/www.pressenza.com\/it\/wp-json\/wp\/v2\/posts\/1778725","targetHints":{"allow":["GET"]}}],"collection":[{"href":"https:\/\/www.pressenza.com\/it\/wp-json\/wp\/v2\/posts"}],"about":[{"href":"https:\/\/www.pressenza.com\/it\/wp-json\/wp\/v2\/types\/post"}],"author":[{"embeddable":true,"href":"https:\/\/www.pressenza.com\/it\/wp-json\/wp\/v2\/users\/2106"}],"replies":[{"embeddable":true,"href":"https:\/\/www.pressenza.com\/it\/wp-json\/wp\/v2\/comments?post=1778725"}],"version-history":[{"count":0,"href":"https:\/\/www.pressenza.com\/it\/wp-json\/wp\/v2\/posts\/1778725\/revisions"}],"wp:featuredmedia":[{"embeddable":true,"href":"https:\/\/www.pressenza.com\/it\/wp-json\/wp\/v2\/media\/1778726"}],"wp:attachment":[{"href":"https:\/\/www.pressenza.com\/it\/wp-json\/wp\/v2\/media?parent=1778725"}],"wp:term":[{"taxonomy":"category","embeddable":true,"href":"https:\/\/www.pressenza.com\/it\/wp-json\/wp\/v2\/categories?post=1778725"},{"taxonomy":"post_tag","embeddable":true,"href":"https:\/\/www.pressenza.com\/it\/wp-json\/wp\/v2\/tags?post=1778725"}],"curies":[{"name":"wp","href":"https:\/\/api.w.org\/{rel}","templated":true}]}}