{"id":1778719,"date":"2023-11-02T20:27:32","date_gmt":"2023-11-02T20:27:32","guid":{"rendered":"https:\/\/www.pressenza.com\/?p=1778719"},"modified":"2023-11-02T20:27:32","modified_gmt":"2023-11-02T20:27:32","slug":"urgenza-di-riconciliazione-e-questioni-della-giustizia","status":"publish","type":"post","link":"https:\/\/www.pressenza.com\/it\/2023\/11\/urgenza-di-riconciliazione-e-questioni-della-giustizia\/","title":{"rendered":"Urgenza di riconciliazione e questioni della giustizia"},"content":{"rendered":"<p>Vi \u00e8 una \u201curgenza di riconciliazione\u201d nei Balcani e, in particolare, in Kosovo? \u00c8 questo il tema principale della <a href=\"https:\/\/www.casaperlapacelafilanda.it\/?WHAT=V&amp;FUNC=VIEW&amp;TXTID=1FDT&amp;GRUP=2&amp;PAR1=351\">conferenza internazionale<\/a> che si svolger\u00e0 il prossimo 7 novembre, a Casalecchio di Reno (Bologna), negli spazi della Casa per la Pace \u201cLa Filanda\u201d. Al tema della riconciliazione fanno spesso riferimento funzionari e analisti internazionali; d\u2019altra parte, al tema della riconciliazione finiscono spesso per essere associati significati eterogenei o contenuti allotri che rischiano di stravolgerne il significato o alterarne la portata.<\/p>\n<p>Pressenza ha spesso ospitato riflessioni sul tema della riconciliazione. In <a href=\"https:\/\/www.pressenza.com\/it\/2021\/05\/limportanza-della-memoria-dalloblio-alla-riconciliazione\/\">uno di questi<\/a>, ad esempio, si pone l\u2019accento sulla dimensione personale, morale, della vendetta, ricordando che \u00abla motivazione alla base della vendetta non \u00e8 semplicemente il danneggiamento dell\u2019altro, ma \u00e8 estrarre dall\u2019altro quell\u2019essenza vitale che ho perso quando sono stato danneggiato; l\u2019<em>occhio per occhio,<\/em> oggi, non vuole l\u2019occhio dell\u2019altro, ma rivuole dall\u2019altro la dignit\u00e0 umana che crede gli sia stata sottratta. [&#8230;] Il soggetto della mia vendetta, il colpevole, una volta subita la punizione, vorr\u00e0 a sua volta essere risarcito per ci\u00f2 che ha subito, avviando cos\u00ec una spirale di violenza distruttiva<em>. <\/em>L\u2019essere umano non \u00e8 solo il suo passato, \u00e8 anche proiezione al futuro, pertanto la vendetta scatta non solo per ci\u00f2 che mi \u00e8 accaduto, ma anche per il danno che l\u2019altro potrebbe causarmi se ne avesse la possibilit\u00e0: \u00e8 la vendetta per la mia paura del futuro\u00bb. Si tratta, peraltro, di una delle scaturigini del ben noto meccanismo della spirale della violenza che, a propria volta, pu\u00f2 esprimersi nelle forme della <em>escalazione<\/em>, o in quelle della <em>catena<\/em> della violenza, come lucidamente ha messo in evidenza <a href=\"https:\/\/www.patpatfoort.be\/_files\/ugd\/e80b85_6b399822dd394ac2b1bf2ea1ca6df510.pdf\">Pat Patfoort<\/a> a partire dall\u2019analisi dei meccanismi di relazione basati sullo schema Maggiore-minore (il modello Mm).<\/p>\n<p>In <a href=\"https:\/\/www.pressenza.com\/it\/2015\/10\/la-memoria-tra-vendetta-e-riconciliazione-2\/\">un altro contributo<\/a> al tema, relativamente meno recente, veniva posto l\u2019accento soprattutto sulla dimensione relazionale e sociale della vendetta, nei contesti in cui oppressi e oppressori, \u00abvittime e carnefici, non solo co-abitano lo stesso spazio di relazione, ma, per di pi\u00f9, non ne sono n\u00e9 corpi estranei n\u00e9 corpi separabili. Bianchi e Neri abitano il Sudafrica, Serbi e Albanesi (e numerose altre minoranze) abitano il Kosovo, Cattolici e Luterani abitano la Germania (le distinzioni, come si vede, non sono semplicemente etniche, come certe banalizzazioni tendono a far ritenere, ma piuttosto linguistiche, religiose, culturali, dunque etno-politiche nel senso pi\u00f9 ampio del termine). \u00c8 pressoch\u00e9 impossibile immaginare un Sudafrica \u201cbianco\u201d (anche se il potere segregazionista era bianco); o un Kosovo Albanese (anche se il potere attualmente costituito \u00e8 sostanzialmente mono-etnico) [&#8230;]. Il dolore patito non pu\u00f2 estinguere <em>ipso facto <\/em>l\u2019ipotesi della convivenza\u00bb.<\/p>\n<p>\u00c8 in questo spaccato che \u00e8 possibile individuare alcune condizioni per la riconciliazione, noto essendo il presupposto per cui la riconciliazione non \u00e8 un momento dato, una realizzazione puntuale, bens\u00ec un percorso storico e sociale, che richiede, al tempo stesso, la disponibilit\u00e0 dei soggetti coinvolti a prendervi parte, l\u2019impegno delle leadership politiche e sociali a intraprenderlo, la possibilit\u00e0 per l\u2019opzione della trasformazione di esservi innestata. Com\u2019\u00e8 noto, la pace si fa tra (ex) nemici, e, per ricordare una massima di <a href=\"https:\/\/www.sovranitapopolare.org\/2023\/10\/18\/dove-finita-la-diplomazia-europea\">Nelson Mandela<\/a>, \u00abse vuoi fare la pace col nemico, devi lavorare col nemico. Cos\u00ec diventer\u00e0 tuo alleato\u00bb. Di conseguenza, non solo la pace \u00e8 sempre possibile ma anche le alternative sono sempre immaginabili; seguendo <a href=\"https:\/\/www.benecomune.net\/rivista\/rubriche\/opere\/galtung-allargare-la-mente-per-essere-creativi\">Johan Galtung<\/a>, ad esempio, \u00abse una chiave importante per il conflitto \u00e8 la creativit\u00e0, quale sar\u00e0 la chiave adatta per la pace? Non facciamo chiacchiere, per favore, solo una parola! La parola \u00e8 uguaglianza. [\u2026] La pace \u00e8 basata sulla reciprocit\u00e0, che a sua volta si basa sull\u2019uguaglianza, diritti uguali e uguale dignit\u00e0. [\u2026] Riprendiamo dalla elementare teoria della pace una definizione pi\u00f9 precisa sulla reciprocit\u00e0: qualunque cosa tu voglia per te stesso, dovresti anche volerlo offrire all\u2019altra parte, se essa lo desidera\u00bb, una declinazione della <a href=\"https:\/\/www.peacelink.it\/pace\/a\/17807.html\">regola aurea<\/a>.<\/p>\n<p>\u00c8 questo un punto fondamentale anche nell\u2019odierna declinazione della problematica della riconciliazione nei Balcani e, in particolare, in Kosovo. La parole chiave \u00e8 \u201cuguaglianza\u201d, quindi rifiuto di qualunque ipotesi di dominio e di qualsivoglia logica da \u00abdue pesi due misure\u00bb o, come pi\u00f9 rigorosamente si dice nella diplomazia internazionale, \u00abdoppio standard\u00bb, logica ampiamente utilizzata dalle cancellerie occidentali in tutti i casi di conflitto degli ultimi trent\u2019anni, dal <a href=\"https:\/\/www.globaltimes.cn\/page\/202209\/1275908.shtml\">Kosovo<\/a>, al <a href=\"https:\/\/blogs.timesofisrael.com\/a-huge-double-standard-ukraine-and-serbia\">Donbass<\/a> al caso recentissimo del <a href=\"https:\/\/www.unita.it\/2023\/11\/02\/nella-striscia-di-gaza-e-genocidio-governi-europei-complici-di-israele\">genocidio<\/a> in corso a <a href=\"https:\/\/english.news.cn\/20220816\/612ba47c041945299789d79358b1ddcd\/c.html\">Gaza<\/a>. Come giustamente ha ricordato <a href=\"https:\/\/blogs.timesofisrael.com\/a-huge-double-standard-ukraine-and-serbia\">Nik Bozic<\/a> su Times of Israel: \u00abImmaginate se gli arabi della Galilea e del Negev iniziassero una guerra di secessione e la NATO decidesse di intervenire bombardando Israele con il pretesto di aiutare una presunta minoranza oppressa, fino a quando le autorit\u00e0 israeliane non si ritirassero da queste aree, per poi istituire un protettorato internazionale e qualche anno dopo consentire di unirsi a un cosiddetto Stato di Palestina o ottenere l\u2019indipendenza. Ebbene, questo \u00e8 esattamente ci\u00f2 che \u00e8 accaduto alla Serbia\u00bb.<\/p>\n<p>Ecco perch\u00e9 l\u2019urgenza di riconciliazione non pu\u00f2 che essere basata su pace e giustizia e, in particolare, sul diritto e la giustizia internazionale: rispetto della Carta delle Nazioni Unite; diritti eguali e indivisibili; risoluzione pacifica dei conflitti; non ingerenza nelle questioni interne ai singoli Paesi; rispetto della sovranit\u00e0, dell\u2019integrit\u00e0 e della indipendenza politica delle nazioni; autodeterminazione dei popoli e rispetto delle risoluzioni vincolanti (obbligatorie) del Consiglio di Sicurezza delle Nazioni Unite. Non ultime, quanto al Kosovo, la <a href=\"https:\/\/daccess-ods.un.org\/access.nsf\/Get?OpenAgent&amp;DS=S\/RES\/1244(1999)&amp;Lang=E\">Risoluzione del Consiglio di Sicurezza 1244 del 1999<\/a>, e, quanto a Israele, la <a href=\"https:\/\/daccess-ods.un.org\/access.nsf\/Get?OpenAgent&amp;DS=S\/RES\/2334(2016)&amp;Lang=E\">Risoluzione del Consiglio di Sicurezza 2334 del 2016<\/a>.<\/p>\n","protected":false},"excerpt":{"rendered":"<p>Vi \u00e8 una \u201curgenza di riconciliazione\u201d nei Balcani e, in particolare, in Kosovo? \u00c8 questo il tema principale della conferenza internazionale che si svolger\u00e0 il prossimo 7 novembre, a Casalecchio di Reno (Bologna), negli spazi della Casa per la Pace&hellip;<\/p>\n","protected":false},"author":986,"featured_media":1778721,"comment_status":"closed","ping_status":"closed","sticky":false,"template":"","format":"standard","meta":{"footnotes":""},"categories":[11388,1262,57],"tags":[5992,1451,4468,509],"class_list":["post-1778719","post","type-post","status-publish","format-standard","has-post-thumbnail","hentry","category-contenuti-originali","category-nonviolenza-argomento","category-affari-esteri","tag-balcani","tag-giustizia","tag-kosovo","tag-riconciliazione"],"yoast_head":"<!-- This site is optimized with the Yoast SEO plugin v27.1.1 - https:\/\/yoast.com\/product\/yoast-seo-wordpress\/ -->\n<title>Urgenza di riconciliazione e questioni della giustizia<\/title>\n<meta name=\"description\" content=\"Vi \u00e8 una \u201curgenza di riconciliazione\u201d nei Balcani e, in particolare, in Kosovo? \u00c8 questo il tema principale della conferenza internazionale che si\" \/>\n<meta name=\"robots\" content=\"index, follow, max-snippet:-1, max-image-preview:large, max-video-preview:-1\" \/>\n<link rel=\"canonical\" href=\"https:\/\/www.pressenza.com\/it\/2023\/11\/urgenza-di-riconciliazione-e-questioni-della-giustizia\/\" \/>\n<meta property=\"og:locale\" content=\"it_IT\" \/>\n<meta property=\"og:type\" content=\"article\" \/>\n<meta property=\"og:title\" content=\"Urgenza di riconciliazione e questioni della giustizia\" \/>\n<meta property=\"og:description\" content=\"Vi \u00e8 una \u201curgenza di riconciliazione\u201d nei Balcani e, in particolare, in Kosovo? \u00c8 questo il tema principale della conferenza internazionale che si\" \/>\n<meta property=\"og:url\" content=\"https:\/\/www.pressenza.com\/it\/2023\/11\/urgenza-di-riconciliazione-e-questioni-della-giustizia\/\" \/>\n<meta property=\"og:site_name\" content=\"Pressenza\" \/>\n<meta property=\"article:publisher\" content=\"https:\/\/www.facebook.com\/PressenzaItalia\" \/>\n<meta property=\"article:published_time\" content=\"2023-11-02T20:27:32+00:00\" \/>\n<meta property=\"og:image\" content=\"https:\/\/www.pressenza.com\/wp-content\/uploads\/2023\/11\/Reconciliation.jpg\" \/>\n\t<meta property=\"og:image:width\" content=\"1359\" \/>\n\t<meta property=\"og:image:height\" content=\"1055\" \/>\n\t<meta property=\"og:image:type\" content=\"image\/jpeg\" \/>\n<meta name=\"author\" content=\"Gianmarco Pisa\" \/>\n<meta name=\"twitter:card\" content=\"summary_large_image\" \/>\n<meta name=\"twitter:creator\" content=\"@PressenzaIPA\" \/>\n<meta name=\"twitter:site\" content=\"@PressenzaIPA\" \/>\n<meta name=\"twitter:label1\" content=\"Scritto da\" \/>\n\t<meta name=\"twitter:data1\" content=\"Gianmarco Pisa\" \/>\n\t<meta name=\"twitter:label2\" content=\"Tempo di lettura stimato\" \/>\n\t<meta name=\"twitter:data2\" content=\"5 minuti\" \/>\n<script type=\"application\/ld+json\" class=\"yoast-schema-graph\">{\"@context\":\"https:\/\/schema.org\",\"@graph\":[{\"@type\":\"Article\",\"@id\":\"https:\/\/www.pressenza.com\/it\/2023\/11\/urgenza-di-riconciliazione-e-questioni-della-giustizia\/#article\",\"isPartOf\":{\"@id\":\"https:\/\/www.pressenza.com\/it\/2023\/11\/urgenza-di-riconciliazione-e-questioni-della-giustizia\/\"},\"author\":{\"name\":\"Gianmarco Pisa\",\"@id\":\"https:\/\/www.pressenza.com\/it\/#\/schema\/person\/065812a20954baed70c01f7c30620d66\"},\"headline\":\"Urgenza di riconciliazione e questioni della giustizia\",\"datePublished\":\"2023-11-02T20:27:32+00:00\",\"mainEntityOfPage\":{\"@id\":\"https:\/\/www.pressenza.com\/it\/2023\/11\/urgenza-di-riconciliazione-e-questioni-della-giustizia\/\"},\"wordCount\":888,\"publisher\":{\"@id\":\"https:\/\/www.pressenza.com\/it\/#organization\"},\"image\":{\"@id\":\"https:\/\/www.pressenza.com\/it\/2023\/11\/urgenza-di-riconciliazione-e-questioni-della-giustizia\/#primaryimage\"},\"thumbnailUrl\":\"https:\/\/www.pressenza.com\/wp-content\/uploads\/2023\/11\/Reconciliation.jpg\",\"keywords\":[\"Balcani\",\"giustizia\",\"Kosovo\",\"riconciliazione\"],\"articleSection\":[\"contenuti originali\",\"Nonviolenza\",\"Questioni internazionali\"],\"inLanguage\":\"it-IT\"},{\"@type\":\"WebPage\",\"@id\":\"https:\/\/www.pressenza.com\/it\/2023\/11\/urgenza-di-riconciliazione-e-questioni-della-giustizia\/\",\"url\":\"https:\/\/www.pressenza.com\/it\/2023\/11\/urgenza-di-riconciliazione-e-questioni-della-giustizia\/\",\"name\":\"Urgenza di riconciliazione e questioni della giustizia\",\"isPartOf\":{\"@id\":\"https:\/\/www.pressenza.com\/it\/#website\"},\"primaryImageOfPage\":{\"@id\":\"https:\/\/www.pressenza.com\/it\/2023\/11\/urgenza-di-riconciliazione-e-questioni-della-giustizia\/#primaryimage\"},\"image\":{\"@id\":\"https:\/\/www.pressenza.com\/it\/2023\/11\/urgenza-di-riconciliazione-e-questioni-della-giustizia\/#primaryimage\"},\"thumbnailUrl\":\"https:\/\/www.pressenza.com\/wp-content\/uploads\/2023\/11\/Reconciliation.jpg\",\"datePublished\":\"2023-11-02T20:27:32+00:00\",\"description\":\"Vi \u00e8 una \u201curgenza di riconciliazione\u201d nei Balcani e, in particolare, in Kosovo? \u00c8 questo il tema principale della conferenza internazionale che si\",\"breadcrumb\":{\"@id\":\"https:\/\/www.pressenza.com\/it\/2023\/11\/urgenza-di-riconciliazione-e-questioni-della-giustizia\/#breadcrumb\"},\"inLanguage\":\"it-IT\",\"potentialAction\":[{\"@type\":\"ReadAction\",\"target\":[\"https:\/\/www.pressenza.com\/it\/2023\/11\/urgenza-di-riconciliazione-e-questioni-della-giustizia\/\"]}]},{\"@type\":\"ImageObject\",\"inLanguage\":\"it-IT\",\"@id\":\"https:\/\/www.pressenza.com\/it\/2023\/11\/urgenza-di-riconciliazione-e-questioni-della-giustizia\/#primaryimage\",\"url\":\"https:\/\/www.pressenza.com\/wp-content\/uploads\/2023\/11\/Reconciliation.jpg\",\"contentUrl\":\"https:\/\/www.pressenza.com\/wp-content\/uploads\/2023\/11\/Reconciliation.jpg\",\"width\":1359,\"height\":1055},{\"@type\":\"BreadcrumbList\",\"@id\":\"https:\/\/www.pressenza.com\/it\/2023\/11\/urgenza-di-riconciliazione-e-questioni-della-giustizia\/#breadcrumb\",\"itemListElement\":[{\"@type\":\"ListItem\",\"position\":1,\"name\":\"Accueil\",\"item\":\"https:\/\/www.pressenza.com\/it\/\"},{\"@type\":\"ListItem\",\"position\":2,\"name\":\"Urgenza di riconciliazione e questioni della giustizia\"}]},{\"@type\":\"WebSite\",\"@id\":\"https:\/\/www.pressenza.com\/it\/#website\",\"url\":\"https:\/\/www.pressenza.com\/it\/\",\"name\":\"Pressenza\",\"description\":\"Agenzia di Stampa Internazionale\",\"publisher\":{\"@id\":\"https:\/\/www.pressenza.com\/it\/#organization\"},\"potentialAction\":[{\"@type\":\"SearchAction\",\"target\":{\"@type\":\"EntryPoint\",\"urlTemplate\":\"https:\/\/www.pressenza.com\/it\/?s={search_term_string}\"},\"query-input\":{\"@type\":\"PropertyValueSpecification\",\"valueRequired\":true,\"valueName\":\"search_term_string\"}}],\"inLanguage\":\"it-IT\"},{\"@type\":\"Organization\",\"@id\":\"https:\/\/www.pressenza.com\/it\/#organization\",\"name\":\"Pressenza\",\"url\":\"https:\/\/www.pressenza.com\/it\/\",\"logo\":{\"@type\":\"ImageObject\",\"inLanguage\":\"it-IT\",\"@id\":\"https:\/\/www.pressenza.com\/it\/#\/schema\/logo\/image\/\",\"url\":\"https:\/\/www.pressenza.com\/wp-content\/uploads\/2022\/10\/pressenza_logo_200x200.jpg\",\"contentUrl\":\"https:\/\/www.pressenza.com\/wp-content\/uploads\/2022\/10\/pressenza_logo_200x200.jpg\",\"width\":200,\"height\":200,\"caption\":\"Pressenza\"},\"image\":{\"@id\":\"https:\/\/www.pressenza.com\/it\/#\/schema\/logo\/image\/\"},\"sameAs\":[\"https:\/\/www.facebook.com\/PressenzaItalia\",\"https:\/\/x.com\/PressenzaIPA\"]},{\"@type\":\"Person\",\"@id\":\"https:\/\/www.pressenza.com\/it\/#\/schema\/person\/065812a20954baed70c01f7c30620d66\",\"name\":\"Gianmarco Pisa\",\"url\":\"https:\/\/www.pressenza.com\/it\/author\/gianmarco-pisa\/\"}]}<\/script>\n<!-- \/ Yoast SEO plugin. -->","yoast_head_json":{"title":"Urgenza di riconciliazione e questioni della giustizia","description":"Vi \u00e8 una \u201curgenza di riconciliazione\u201d nei Balcani e, in particolare, in Kosovo? \u00c8 questo il tema principale della conferenza internazionale che si","robots":{"index":"index","follow":"follow","max-snippet":"max-snippet:-1","max-image-preview":"max-image-preview:large","max-video-preview":"max-video-preview:-1"},"canonical":"https:\/\/www.pressenza.com\/it\/2023\/11\/urgenza-di-riconciliazione-e-questioni-della-giustizia\/","og_locale":"it_IT","og_type":"article","og_title":"Urgenza di riconciliazione e questioni della giustizia","og_description":"Vi \u00e8 una \u201curgenza di riconciliazione\u201d nei Balcani e, in particolare, in Kosovo? \u00c8 questo il tema principale della conferenza internazionale che si","og_url":"https:\/\/www.pressenza.com\/it\/2023\/11\/urgenza-di-riconciliazione-e-questioni-della-giustizia\/","og_site_name":"Pressenza","article_publisher":"https:\/\/www.facebook.com\/PressenzaItalia","article_published_time":"2023-11-02T20:27:32+00:00","og_image":[{"width":1359,"height":1055,"url":"https:\/\/www.pressenza.com\/wp-content\/uploads\/2023\/11\/Reconciliation.jpg","type":"image\/jpeg"}],"author":"Gianmarco Pisa","twitter_card":"summary_large_image","twitter_creator":"@PressenzaIPA","twitter_site":"@PressenzaIPA","twitter_misc":{"Scritto da":"Gianmarco Pisa","Tempo di lettura stimato":"5 minuti"},"schema":{"@context":"https:\/\/schema.org","@graph":[{"@type":"Article","@id":"https:\/\/www.pressenza.com\/it\/2023\/11\/urgenza-di-riconciliazione-e-questioni-della-giustizia\/#article","isPartOf":{"@id":"https:\/\/www.pressenza.com\/it\/2023\/11\/urgenza-di-riconciliazione-e-questioni-della-giustizia\/"},"author":{"name":"Gianmarco Pisa","@id":"https:\/\/www.pressenza.com\/it\/#\/schema\/person\/065812a20954baed70c01f7c30620d66"},"headline":"Urgenza di riconciliazione e questioni della giustizia","datePublished":"2023-11-02T20:27:32+00:00","mainEntityOfPage":{"@id":"https:\/\/www.pressenza.com\/it\/2023\/11\/urgenza-di-riconciliazione-e-questioni-della-giustizia\/"},"wordCount":888,"publisher":{"@id":"https:\/\/www.pressenza.com\/it\/#organization"},"image":{"@id":"https:\/\/www.pressenza.com\/it\/2023\/11\/urgenza-di-riconciliazione-e-questioni-della-giustizia\/#primaryimage"},"thumbnailUrl":"https:\/\/www.pressenza.com\/wp-content\/uploads\/2023\/11\/Reconciliation.jpg","keywords":["Balcani","giustizia","Kosovo","riconciliazione"],"articleSection":["contenuti originali","Nonviolenza","Questioni internazionali"],"inLanguage":"it-IT"},{"@type":"WebPage","@id":"https:\/\/www.pressenza.com\/it\/2023\/11\/urgenza-di-riconciliazione-e-questioni-della-giustizia\/","url":"https:\/\/www.pressenza.com\/it\/2023\/11\/urgenza-di-riconciliazione-e-questioni-della-giustizia\/","name":"Urgenza di riconciliazione e questioni della giustizia","isPartOf":{"@id":"https:\/\/www.pressenza.com\/it\/#website"},"primaryImageOfPage":{"@id":"https:\/\/www.pressenza.com\/it\/2023\/11\/urgenza-di-riconciliazione-e-questioni-della-giustizia\/#primaryimage"},"image":{"@id":"https:\/\/www.pressenza.com\/it\/2023\/11\/urgenza-di-riconciliazione-e-questioni-della-giustizia\/#primaryimage"},"thumbnailUrl":"https:\/\/www.pressenza.com\/wp-content\/uploads\/2023\/11\/Reconciliation.jpg","datePublished":"2023-11-02T20:27:32+00:00","description":"Vi \u00e8 una \u201curgenza di riconciliazione\u201d nei Balcani e, in particolare, in Kosovo? \u00c8 questo il tema principale della conferenza internazionale che si","breadcrumb":{"@id":"https:\/\/www.pressenza.com\/it\/2023\/11\/urgenza-di-riconciliazione-e-questioni-della-giustizia\/#breadcrumb"},"inLanguage":"it-IT","potentialAction":[{"@type":"ReadAction","target":["https:\/\/www.pressenza.com\/it\/2023\/11\/urgenza-di-riconciliazione-e-questioni-della-giustizia\/"]}]},{"@type":"ImageObject","inLanguage":"it-IT","@id":"https:\/\/www.pressenza.com\/it\/2023\/11\/urgenza-di-riconciliazione-e-questioni-della-giustizia\/#primaryimage","url":"https:\/\/www.pressenza.com\/wp-content\/uploads\/2023\/11\/Reconciliation.jpg","contentUrl":"https:\/\/www.pressenza.com\/wp-content\/uploads\/2023\/11\/Reconciliation.jpg","width":1359,"height":1055},{"@type":"BreadcrumbList","@id":"https:\/\/www.pressenza.com\/it\/2023\/11\/urgenza-di-riconciliazione-e-questioni-della-giustizia\/#breadcrumb","itemListElement":[{"@type":"ListItem","position":1,"name":"Accueil","item":"https:\/\/www.pressenza.com\/it\/"},{"@type":"ListItem","position":2,"name":"Urgenza di riconciliazione e questioni della giustizia"}]},{"@type":"WebSite","@id":"https:\/\/www.pressenza.com\/it\/#website","url":"https:\/\/www.pressenza.com\/it\/","name":"Pressenza","description":"Agenzia di Stampa Internazionale","publisher":{"@id":"https:\/\/www.pressenza.com\/it\/#organization"},"potentialAction":[{"@type":"SearchAction","target":{"@type":"EntryPoint","urlTemplate":"https:\/\/www.pressenza.com\/it\/?s={search_term_string}"},"query-input":{"@type":"PropertyValueSpecification","valueRequired":true,"valueName":"search_term_string"}}],"inLanguage":"it-IT"},{"@type":"Organization","@id":"https:\/\/www.pressenza.com\/it\/#organization","name":"Pressenza","url":"https:\/\/www.pressenza.com\/it\/","logo":{"@type":"ImageObject","inLanguage":"it-IT","@id":"https:\/\/www.pressenza.com\/it\/#\/schema\/logo\/image\/","url":"https:\/\/www.pressenza.com\/wp-content\/uploads\/2022\/10\/pressenza_logo_200x200.jpg","contentUrl":"https:\/\/www.pressenza.com\/wp-content\/uploads\/2022\/10\/pressenza_logo_200x200.jpg","width":200,"height":200,"caption":"Pressenza"},"image":{"@id":"https:\/\/www.pressenza.com\/it\/#\/schema\/logo\/image\/"},"sameAs":["https:\/\/www.facebook.com\/PressenzaItalia","https:\/\/x.com\/PressenzaIPA"]},{"@type":"Person","@id":"https:\/\/www.pressenza.com\/it\/#\/schema\/person\/065812a20954baed70c01f7c30620d66","name":"Gianmarco Pisa","url":"https:\/\/www.pressenza.com\/it\/author\/gianmarco-pisa\/"}]}},"place":"","original_article_url":"","_links":{"self":[{"href":"https:\/\/www.pressenza.com\/it\/wp-json\/wp\/v2\/posts\/1778719","targetHints":{"allow":["GET"]}}],"collection":[{"href":"https:\/\/www.pressenza.com\/it\/wp-json\/wp\/v2\/posts"}],"about":[{"href":"https:\/\/www.pressenza.com\/it\/wp-json\/wp\/v2\/types\/post"}],"author":[{"embeddable":true,"href":"https:\/\/www.pressenza.com\/it\/wp-json\/wp\/v2\/users\/986"}],"replies":[{"embeddable":true,"href":"https:\/\/www.pressenza.com\/it\/wp-json\/wp\/v2\/comments?post=1778719"}],"version-history":[{"count":0,"href":"https:\/\/www.pressenza.com\/it\/wp-json\/wp\/v2\/posts\/1778719\/revisions"}],"wp:featuredmedia":[{"embeddable":true,"href":"https:\/\/www.pressenza.com\/it\/wp-json\/wp\/v2\/media\/1778721"}],"wp:attachment":[{"href":"https:\/\/www.pressenza.com\/it\/wp-json\/wp\/v2\/media?parent=1778719"}],"wp:term":[{"taxonomy":"category","embeddable":true,"href":"https:\/\/www.pressenza.com\/it\/wp-json\/wp\/v2\/categories?post=1778719"},{"taxonomy":"post_tag","embeddable":true,"href":"https:\/\/www.pressenza.com\/it\/wp-json\/wp\/v2\/tags?post=1778719"}],"curies":[{"name":"wp","href":"https:\/\/api.w.org\/{rel}","templated":true}]}}