{"id":1778304,"date":"2023-11-01T11:54:00","date_gmt":"2023-11-01T11:54:00","guid":{"rendered":"https:\/\/www.pressenza.com\/?p=1778304"},"modified":"2023-11-01T11:54:00","modified_gmt":"2023-11-01T11:54:00","slug":"superare-la-vendetta-ascoltare-le-vittime-disertare-la-compattezza-culturale-e-religiosa","status":"publish","type":"post","link":"https:\/\/www.pressenza.com\/it\/2023\/11\/superare-la-vendetta-ascoltare-le-vittime-disertare-la-compattezza-culturale-e-religiosa\/","title":{"rendered":"Superare la vendetta, ascoltare le vittime, disertare la compattezza culturale e religiosa"},"content":{"rendered":"<p>\u201cE\u2019 sempre possibile affermare: \u2018Mi \u00e8 stata fatta violenza, e ci\u00f2 mi autorizza ad agire nel segno dell\u2019autodifesa\u2019. Molte atrocit\u00e0 vengono commesse nel segno di un\u2019autodifesa che, proprio per il fatto di garantire una giustificazione etica permanente alla rappresaglia, non conosce alcun limite e pu\u00f2 non avere alcun limite. Questa strategia ha sviluppato un\u2019infinit\u00e0 di modi per ridefinire l\u2019aggressione come sofferenza, e quindi fornisce infinite giustificazioni per trasformare quella sofferenza in aggressione.(\u2026). La violenza non \u00e8 ne una giusta punizione che subiamo, n\u00e9 una giusta vendetta per ci\u00f2 che abbiamo subito\u201d.\u00a0<strong>Judith Butler<\/strong>, filosofa statunitense, ebrea e nonviolenta, scriveva queste parole nel 2005 in\u00a0<em>Critica della violenza etica<\/em>, che tornano alla mente in questi giorni in cui la rappresaglia senza limiti, ossia la vendetta spietata, \u00e8 tornata ad essere il nuovo paradigma dominante nelle relazioni internazionali.<\/p>\n<p><strong>Il 27 ottobre l\u2019Assemblea generale delle Nazioni Unite ha votato a larga maggioranza la risoluzione<\/strong>\u00a0<strong>che chiedeva una \u201ctregua umanitaria immediata, duratura e sostenuta\u201d<\/strong>\u00a0ai bombardamenti israeliani, esortando alla \u201cfornitura immediata, continua e senza ostacoli di beni e servizi essenziali ai civili in tutta Gaza, incoraggiando la creazione di corridoi umanitari\u201d, oltre alla \u201crevoca dell\u2019ordine da parte di Israele di evacuazione dei palestinesi dal nord della Striscia\u201d e, contemporaneamente, chiedeva \u201cil rilascio immediato e incondizionato di tutti i civili tenuti illegalmente prigionieri\u201d. Per tutta risposta il governo israeliano lanciava il pi\u00f9 massiccio bombardamento sul territorio di Gaza, ancora in corso, seguito all\u2019azione terroristica di Hamas del 7 ottobre, con un numero di vittime che ormai raggiunge gli 8000 palestinesi \u2013 l\u2019equivalente del genocidio di Srebrenica \u2013 di cui oltre 3.200 bambini certificati da\u00a0<em>Save the Children<\/em>, in un tragico crescendo. Lo stesso giorno, alla dura contestazione della risoluzione da parte dell\u2019ambasciatore israeliano all\u2019ONU, si aggiungeva\u00a0<strong>Mark Regev<\/strong>\u00a0principale consigliere di\u00a0<strong>Benyamin Netanyahu<\/strong>\u00a0che dichiarava: \u201cHamas ha commesso crimini contro l\u2019umanit\u00e0 e sentir\u00e0 la nostra ira stanotte, la vendetta inizia stanotte\u201d.<\/p>\n<p><strong>Ma la vendetta, sia quella messa in atto terroristicamente da Hamas contro civili inermi israeliani il 7 ottobre, sia quella che sta mettendo in atto il governo israeliano<\/strong>\u00a0attraverso la rappresaglia indiscriminata che moltiplica le vittime civili palestinesi, \u00e8 fuori dalle regole del diritto internazionale, che nasce esattamente per superare la logica tribale della vendetta. Diritto internazionale che viene retoricamente aggirato con il meccanismo propagandistico della \u201cnazificazione\u201d del nemico, ancora pi\u00f9 pregnante quando si tratta dello \u201cstato ebraico\u201d: \u201cla nazificazione degli oppositori di Israele \u00e8 una vecchia strategia, che mette al riparo le sue guerre e le sue politiche espansionistiche\u201d, scrive\u00a0<strong>Adam Shatz<\/strong>\u00a0sulla\u00a0<em>London Review of Books\u00a0<\/em>(da\u00a0<em>Internazionale<\/em>\u00a027 ott\/2 nov 2023). Del resto era fuori dal diritto internazionale, e giustificata dalla medesima retorica di vendetta e nazificazione del nemico, anche l\u2019<a href=\"https:\/\/pasqualepugliese.wordpress.com\/2023\/10\/25\/errori-su-orrori-di-guerra-in-guerra-dal-7-ottobre-2001-al-7-ottobre-2023-e-oltre\/\"><u>aggressione statunitense all\u2019Afghanistan<\/u><\/a>\u00a0dopo l\u2019attentato dell\u201911 settembre 2001, seppur oggi Biden sembra prendere le distanze da Netanyauh. La vendetta non solo \u00e8 criminale per definizione, ma ha come effetto quello di preparare nuove contro-rappresaglie, in una spirale di violenza infinita da entrambe le parti, che alimenta il fuoco dell\u2019antisemitismo e dell\u2019islamofobia, allargando il contagio del terrorismo, della guerra e della sua ideologia sul piano regionale e mondiale.<\/p>\n<p><strong>Che la vendetta sia la strada sbagliata \u2013 eticamente, giuridicamente e strategicamente \u2013 \u00e8 chiaro anche a molti parenti delle vittime israeliane di Hamas,<\/strong>\u00a0i soli che pure sarebbero legittimati a nutrire questo tragico sentimento alimentato dal dolore e dall\u2019odio. Lo riporta la giornalista israeliana\u00a0<strong>Orly Noy<\/strong>\u00a0nell\u2019articolo\u00a0<a href=\"https:\/\/www.972mag.com\/israeli-survivors-hamas-massacre-revenge\/\"><em><u>Ascoltate i sopravvissuti israeliani: non vogliono vendetta<\/u><\/em><\/a><em>,\u00a0<\/em>pubblicato anche in italiano su\u00a0<em>il manifesto<\/em>\u00a0(28\/10\/2023), la quale rileva che gli israeliani sopravvissuti ai massacri, o i cui parenti si trovano sequestrati a Gaza, stanno prendendo sempre pi\u00f9 parola esprimendo opposizione all\u2019uccisione di palestinesi innocenti. Emblematica, tra le altre, la voce di\u00a0<strong>Michal Halev<\/strong>, madre di\u00a0<strong>Laor Abramov<\/strong>, assassinato da Hamas, che in un video postato su Facebook ha gridato: \u00abSto pregando il mondo: fermate tutte le guerre, smettete di uccidere persone, smettete di uccidere bambini. La guerra non \u00e8 la risposta. La guerra non \u00e8 il modo di sistemare le cose. Questo Paese, Israele, sta attraversando l\u2019orrore\u2026 E io so che le madri a Gaza stanno attraversando l\u2019orrore\u2026 In mio nome, io non voglio vendetta\u00bb. Lo hanno detto anche gli ebrei newyorchesi i quali, mentre l\u2019esercito israeliano bombardava massicciamente Gaza e anche gli USA all\u2019ONU votavano contro la risoluzione per la tregua umanitaria urgente, in migliaia occupavano e bloccavano la Grande Stazione Centrale, cantando e urlando \u201cnon in nostro nome\u201d e \u201ccessate il fuoco\u201d, prima di essere arrestati, nella \u201c<a href=\"https:\/\/askanews.it\/2023\/10\/28\/new-york-manifestazione-pro-palestina-blocca-grand-central-station\/\"><u>la pi\u00f9 grande manifestazione di disobbedienza civile che New York abbia visto da vent\u2019anni a questa parte<\/u><\/a>\u201c, secondo gli organizzatori di\u00a0<em>Jewish Voice for Peace<\/em>.<\/p>\n<p><strong>L\u2019unica via d\u2019uscita si trova dunque nel superare la logica aberrante della vendetta,\u00a0<\/strong>lasciando spazio e tempo ai\u00a0<a href=\"https:\/\/pasqualepugliese.wordpress.com\/2023\/10\/09\/dallucraina-alla-palestina-solo-la-nonviolenza-puo-spezzare-la-catena-della-violenza\/\"><u>costruttori di ponti<\/u><\/a>\u00a0capaci di disertare la compattezza culturale e religiosa. Consiste nell\u2019uscire dalla logica veterotestamentaria dell\u2019occhio per occhio che \u201crende il mondo cieco\u201d, come avvertiva\u00a0<strong>Mohandas K. Gandhi<\/strong>, e fare quel salto di civilt\u00e0 evocato dal cristianesimo, ma mai praticato dai governi che ad esso pure dicono di ispirarsi: \u201cavete inteso che fu detto: occhio per occhio e dente per dente; ma io vi dico di non opporvi al malvagio\u201d. Ovvero di non opporsi ad esso con i suoi stessi mezzi e strumenti, ma costruendone degli altri totalmente differenti, pena essere avvitati in un\u00a0<a href=\"https:\/\/pasqualepugliese.wordpress.com\/2023\/10\/15\/uscire-dalla-follia-della-guerra-in-palestina-e-ovunque\/\"><u>vortice di violenza mimetica<\/u><\/a>\u00a0senza fine. Dove infatti ci troviamo, ad ogni latitudine.<\/p>\n<p>[Articolo pubblicato in versione leggermente ridotta su <a href=\"https:\/\/www.ilfattoquotidiano.it\/2023\/10\/31\/lazione-di-israele-e-fuori-dal-diritto-lunica-via-duscita-e-superare-la-dinamica-della-vendetta\/7338676\/\">I blog del Fatto Quotidiano<\/a>]<\/p>\n","protected":false},"excerpt":{"rendered":"<p>\u201cE\u2019 sempre possibile affermare: \u2018Mi \u00e8 stata fatta violenza, e ci\u00f2 mi autorizza ad agire nel segno dell\u2019autodifesa\u2019. Molte atrocit\u00e0 vengono commesse nel segno di un\u2019autodifesa che, proprio per il fatto di garantire una giustificazione etica permanente alla rappresaglia, non&hellip;<\/p>\n","protected":false},"author":2085,"featured_media":1778305,"comment_status":"closed","ping_status":"closed","sticky":false,"template":"","format":"standard","meta":{"footnotes":""},"categories":[1262,162],"tags":[11113,1005,778,15899,7273],"class_list":["post-1778304","post","type-post","status-publish","format-standard","has-post-thumbnail","hentry","category-nonviolenza-argomento","category-opinioni","tag-conflitto-israelo-palestinese","tag-gaza","tag-israele","tag-ostaggi","tag-vendetta"],"yoast_head":"<!-- This site is optimized with the Yoast SEO plugin v27.1.1 - https:\/\/yoast.com\/product\/yoast-seo-wordpress\/ -->\n<title>Superare la vendetta, ascoltare le vittime, disertare la compattezza culturale e religiosa<\/title>\n<meta name=\"description\" content=\"\u201cE\u2019 sempre possibile affermare: \u2018Mi \u00e8 stata fatta violenza, e ci\u00f2 mi autorizza ad agire nel segno dell\u2019autodifesa\u2019. Molte atrocit\u00e0 vengono commesse nel\" \/>\n<meta name=\"robots\" content=\"index, follow, max-snippet:-1, max-image-preview:large, max-video-preview:-1\" \/>\n<link rel=\"canonical\" href=\"https:\/\/www.pressenza.com\/it\/2023\/11\/superare-la-vendetta-ascoltare-le-vittime-disertare-la-compattezza-culturale-e-religiosa\/\" \/>\n<meta property=\"og:locale\" content=\"it_IT\" \/>\n<meta property=\"og:type\" content=\"article\" \/>\n<meta property=\"og:title\" content=\"Superare la vendetta, ascoltare le vittime, disertare la compattezza culturale e religiosa\" \/>\n<meta property=\"og:description\" content=\"\u201cE\u2019 sempre possibile affermare: \u2018Mi \u00e8 stata fatta violenza, e ci\u00f2 mi autorizza ad agire nel segno dell\u2019autodifesa\u2019. Molte atrocit\u00e0 vengono commesse nel\" \/>\n<meta property=\"og:url\" content=\"https:\/\/www.pressenza.com\/it\/2023\/11\/superare-la-vendetta-ascoltare-le-vittime-disertare-la-compattezza-culturale-e-religiosa\/\" \/>\n<meta property=\"og:site_name\" content=\"Pressenza\" \/>\n<meta property=\"article:publisher\" content=\"https:\/\/www.facebook.com\/PressenzaItalia\" \/>\n<meta property=\"article:published_time\" content=\"2023-11-01T11:54:00+00:00\" \/>\n<meta property=\"og:image\" content=\"https:\/\/www.pressenza.com\/wp-content\/uploads\/2023\/11\/banksy-bambina-perquisisce-soldato.jpeg\" \/>\n\t<meta property=\"og:image:width\" content=\"1229\" \/>\n\t<meta property=\"og:image:height\" content=\"938\" \/>\n\t<meta property=\"og:image:type\" content=\"image\/jpeg\" \/>\n<meta name=\"author\" content=\"Pasquale Pugliese\" \/>\n<meta name=\"twitter:card\" content=\"summary_large_image\" \/>\n<meta name=\"twitter:creator\" content=\"@PressenzaIPA\" \/>\n<meta name=\"twitter:site\" content=\"@PressenzaIPA\" \/>\n<meta name=\"twitter:label1\" content=\"Scritto da\" \/>\n\t<meta name=\"twitter:data1\" content=\"Pasquale Pugliese\" \/>\n\t<meta name=\"twitter:label2\" content=\"Tempo di lettura stimato\" \/>\n\t<meta name=\"twitter:data2\" content=\"5 minuti\" \/>\n<script type=\"application\/ld+json\" class=\"yoast-schema-graph\">{\"@context\":\"https:\/\/schema.org\",\"@graph\":[{\"@type\":\"Article\",\"@id\":\"https:\/\/www.pressenza.com\/it\/2023\/11\/superare-la-vendetta-ascoltare-le-vittime-disertare-la-compattezza-culturale-e-religiosa\/#article\",\"isPartOf\":{\"@id\":\"https:\/\/www.pressenza.com\/it\/2023\/11\/superare-la-vendetta-ascoltare-le-vittime-disertare-la-compattezza-culturale-e-religiosa\/\"},\"author\":{\"name\":\"Pasquale Pugliese\",\"@id\":\"https:\/\/www.pressenza.com\/it\/#\/schema\/person\/8da0e27003685e9459efa09969098201\"},\"headline\":\"Superare la vendetta, ascoltare le vittime, disertare la compattezza culturale e religiosa\",\"datePublished\":\"2023-11-01T11:54:00+00:00\",\"mainEntityOfPage\":{\"@id\":\"https:\/\/www.pressenza.com\/it\/2023\/11\/superare-la-vendetta-ascoltare-le-vittime-disertare-la-compattezza-culturale-e-religiosa\/\"},\"wordCount\":923,\"publisher\":{\"@id\":\"https:\/\/www.pressenza.com\/it\/#organization\"},\"image\":{\"@id\":\"https:\/\/www.pressenza.com\/it\/2023\/11\/superare-la-vendetta-ascoltare-le-vittime-disertare-la-compattezza-culturale-e-religiosa\/#primaryimage\"},\"thumbnailUrl\":\"https:\/\/www.pressenza.com\/wp-content\/uploads\/2023\/11\/banksy-bambina-perquisisce-soldato.jpeg\",\"keywords\":[\"conflitto israelo-palestinese\",\"Gaza\",\"Israele\",\"ostaggi\",\"vendetta\"],\"articleSection\":[\"Nonviolenza\",\"Opinioni\"],\"inLanguage\":\"it-IT\"},{\"@type\":\"WebPage\",\"@id\":\"https:\/\/www.pressenza.com\/it\/2023\/11\/superare-la-vendetta-ascoltare-le-vittime-disertare-la-compattezza-culturale-e-religiosa\/\",\"url\":\"https:\/\/www.pressenza.com\/it\/2023\/11\/superare-la-vendetta-ascoltare-le-vittime-disertare-la-compattezza-culturale-e-religiosa\/\",\"name\":\"Superare la vendetta, ascoltare le vittime, disertare la compattezza culturale e religiosa\",\"isPartOf\":{\"@id\":\"https:\/\/www.pressenza.com\/it\/#website\"},\"primaryImageOfPage\":{\"@id\":\"https:\/\/www.pressenza.com\/it\/2023\/11\/superare-la-vendetta-ascoltare-le-vittime-disertare-la-compattezza-culturale-e-religiosa\/#primaryimage\"},\"image\":{\"@id\":\"https:\/\/www.pressenza.com\/it\/2023\/11\/superare-la-vendetta-ascoltare-le-vittime-disertare-la-compattezza-culturale-e-religiosa\/#primaryimage\"},\"thumbnailUrl\":\"https:\/\/www.pressenza.com\/wp-content\/uploads\/2023\/11\/banksy-bambina-perquisisce-soldato.jpeg\",\"datePublished\":\"2023-11-01T11:54:00+00:00\",\"description\":\"\u201cE\u2019 sempre possibile affermare: \u2018Mi \u00e8 stata fatta violenza, e ci\u00f2 mi autorizza ad agire nel segno dell\u2019autodifesa\u2019. Molte atrocit\u00e0 vengono commesse nel\",\"breadcrumb\":{\"@id\":\"https:\/\/www.pressenza.com\/it\/2023\/11\/superare-la-vendetta-ascoltare-le-vittime-disertare-la-compattezza-culturale-e-religiosa\/#breadcrumb\"},\"inLanguage\":\"it-IT\",\"potentialAction\":[{\"@type\":\"ReadAction\",\"target\":[\"https:\/\/www.pressenza.com\/it\/2023\/11\/superare-la-vendetta-ascoltare-le-vittime-disertare-la-compattezza-culturale-e-religiosa\/\"]}]},{\"@type\":\"ImageObject\",\"inLanguage\":\"it-IT\",\"@id\":\"https:\/\/www.pressenza.com\/it\/2023\/11\/superare-la-vendetta-ascoltare-le-vittime-disertare-la-compattezza-culturale-e-religiosa\/#primaryimage\",\"url\":\"https:\/\/www.pressenza.com\/wp-content\/uploads\/2023\/11\/banksy-bambina-perquisisce-soldato.jpeg\",\"contentUrl\":\"https:\/\/www.pressenza.com\/wp-content\/uploads\/2023\/11\/banksy-bambina-perquisisce-soldato.jpeg\",\"width\":1229,\"height\":938},{\"@type\":\"BreadcrumbList\",\"@id\":\"https:\/\/www.pressenza.com\/it\/2023\/11\/superare-la-vendetta-ascoltare-le-vittime-disertare-la-compattezza-culturale-e-religiosa\/#breadcrumb\",\"itemListElement\":[{\"@type\":\"ListItem\",\"position\":1,\"name\":\"Accueil\",\"item\":\"https:\/\/www.pressenza.com\/it\/\"},{\"@type\":\"ListItem\",\"position\":2,\"name\":\"Superare la vendetta, ascoltare le vittime, disertare la compattezza culturale e religiosa\"}]},{\"@type\":\"WebSite\",\"@id\":\"https:\/\/www.pressenza.com\/it\/#website\",\"url\":\"https:\/\/www.pressenza.com\/it\/\",\"name\":\"Pressenza\",\"description\":\"Agenzia di Stampa Internazionale\",\"publisher\":{\"@id\":\"https:\/\/www.pressenza.com\/it\/#organization\"},\"potentialAction\":[{\"@type\":\"SearchAction\",\"target\":{\"@type\":\"EntryPoint\",\"urlTemplate\":\"https:\/\/www.pressenza.com\/it\/?s={search_term_string}\"},\"query-input\":{\"@type\":\"PropertyValueSpecification\",\"valueRequired\":true,\"valueName\":\"search_term_string\"}}],\"inLanguage\":\"it-IT\"},{\"@type\":\"Organization\",\"@id\":\"https:\/\/www.pressenza.com\/it\/#organization\",\"name\":\"Pressenza\",\"url\":\"https:\/\/www.pressenza.com\/it\/\",\"logo\":{\"@type\":\"ImageObject\",\"inLanguage\":\"it-IT\",\"@id\":\"https:\/\/www.pressenza.com\/it\/#\/schema\/logo\/image\/\",\"url\":\"https:\/\/www.pressenza.com\/wp-content\/uploads\/2022\/10\/pressenza_logo_200x200.jpg\",\"contentUrl\":\"https:\/\/www.pressenza.com\/wp-content\/uploads\/2022\/10\/pressenza_logo_200x200.jpg\",\"width\":200,\"height\":200,\"caption\":\"Pressenza\"},\"image\":{\"@id\":\"https:\/\/www.pressenza.com\/it\/#\/schema\/logo\/image\/\"},\"sameAs\":[\"https:\/\/www.facebook.com\/PressenzaItalia\",\"https:\/\/x.com\/PressenzaIPA\"]},{\"@type\":\"Person\",\"@id\":\"https:\/\/www.pressenza.com\/it\/#\/schema\/person\/8da0e27003685e9459efa09969098201\",\"name\":\"Pasquale Pugliese\",\"description\":\"Pasquale Pugliese, nato a Tropea, vive e lavora a Reggio Emilia. Di formazione filosofica, si occupa di educazione, formazione e politiche giovanili. Impegnato per il disarmo, militare e culturale, \u00e8 stato segretario nazionale del Movimento Nonviolento fino al 2019. Cura diversi blog ed \u00e8 autore di \u201cIntroduzione alla filosofia della nonviolenza di Aldo Capitini\u201d e \\\"Disarmare il virus della violenza\\\" (entrambi per le edizioni goWare, ordinabili in libreria oppure acquistabili sulle piattaforme on line).\",\"url\":\"https:\/\/www.pressenza.com\/it\/author\/pasquale-pugliese\/\"}]}<\/script>\n<!-- \/ Yoast SEO plugin. -->","yoast_head_json":{"title":"Superare la vendetta, ascoltare le vittime, disertare la compattezza culturale e religiosa","description":"\u201cE\u2019 sempre possibile affermare: \u2018Mi \u00e8 stata fatta violenza, e ci\u00f2 mi autorizza ad agire nel segno dell\u2019autodifesa\u2019. Molte atrocit\u00e0 vengono commesse nel","robots":{"index":"index","follow":"follow","max-snippet":"max-snippet:-1","max-image-preview":"max-image-preview:large","max-video-preview":"max-video-preview:-1"},"canonical":"https:\/\/www.pressenza.com\/it\/2023\/11\/superare-la-vendetta-ascoltare-le-vittime-disertare-la-compattezza-culturale-e-religiosa\/","og_locale":"it_IT","og_type":"article","og_title":"Superare la vendetta, ascoltare le vittime, disertare la compattezza culturale e religiosa","og_description":"\u201cE\u2019 sempre possibile affermare: \u2018Mi \u00e8 stata fatta violenza, e ci\u00f2 mi autorizza ad agire nel segno dell\u2019autodifesa\u2019. Molte atrocit\u00e0 vengono commesse nel","og_url":"https:\/\/www.pressenza.com\/it\/2023\/11\/superare-la-vendetta-ascoltare-le-vittime-disertare-la-compattezza-culturale-e-religiosa\/","og_site_name":"Pressenza","article_publisher":"https:\/\/www.facebook.com\/PressenzaItalia","article_published_time":"2023-11-01T11:54:00+00:00","og_image":[{"width":1229,"height":938,"url":"https:\/\/www.pressenza.com\/wp-content\/uploads\/2023\/11\/banksy-bambina-perquisisce-soldato.jpeg","type":"image\/jpeg"}],"author":"Pasquale Pugliese","twitter_card":"summary_large_image","twitter_creator":"@PressenzaIPA","twitter_site":"@PressenzaIPA","twitter_misc":{"Scritto da":"Pasquale Pugliese","Tempo di lettura stimato":"5 minuti"},"schema":{"@context":"https:\/\/schema.org","@graph":[{"@type":"Article","@id":"https:\/\/www.pressenza.com\/it\/2023\/11\/superare-la-vendetta-ascoltare-le-vittime-disertare-la-compattezza-culturale-e-religiosa\/#article","isPartOf":{"@id":"https:\/\/www.pressenza.com\/it\/2023\/11\/superare-la-vendetta-ascoltare-le-vittime-disertare-la-compattezza-culturale-e-religiosa\/"},"author":{"name":"Pasquale Pugliese","@id":"https:\/\/www.pressenza.com\/it\/#\/schema\/person\/8da0e27003685e9459efa09969098201"},"headline":"Superare la vendetta, ascoltare le vittime, disertare la compattezza culturale e religiosa","datePublished":"2023-11-01T11:54:00+00:00","mainEntityOfPage":{"@id":"https:\/\/www.pressenza.com\/it\/2023\/11\/superare-la-vendetta-ascoltare-le-vittime-disertare-la-compattezza-culturale-e-religiosa\/"},"wordCount":923,"publisher":{"@id":"https:\/\/www.pressenza.com\/it\/#organization"},"image":{"@id":"https:\/\/www.pressenza.com\/it\/2023\/11\/superare-la-vendetta-ascoltare-le-vittime-disertare-la-compattezza-culturale-e-religiosa\/#primaryimage"},"thumbnailUrl":"https:\/\/www.pressenza.com\/wp-content\/uploads\/2023\/11\/banksy-bambina-perquisisce-soldato.jpeg","keywords":["conflitto israelo-palestinese","Gaza","Israele","ostaggi","vendetta"],"articleSection":["Nonviolenza","Opinioni"],"inLanguage":"it-IT"},{"@type":"WebPage","@id":"https:\/\/www.pressenza.com\/it\/2023\/11\/superare-la-vendetta-ascoltare-le-vittime-disertare-la-compattezza-culturale-e-religiosa\/","url":"https:\/\/www.pressenza.com\/it\/2023\/11\/superare-la-vendetta-ascoltare-le-vittime-disertare-la-compattezza-culturale-e-religiosa\/","name":"Superare la vendetta, ascoltare le vittime, disertare la compattezza culturale e religiosa","isPartOf":{"@id":"https:\/\/www.pressenza.com\/it\/#website"},"primaryImageOfPage":{"@id":"https:\/\/www.pressenza.com\/it\/2023\/11\/superare-la-vendetta-ascoltare-le-vittime-disertare-la-compattezza-culturale-e-religiosa\/#primaryimage"},"image":{"@id":"https:\/\/www.pressenza.com\/it\/2023\/11\/superare-la-vendetta-ascoltare-le-vittime-disertare-la-compattezza-culturale-e-religiosa\/#primaryimage"},"thumbnailUrl":"https:\/\/www.pressenza.com\/wp-content\/uploads\/2023\/11\/banksy-bambina-perquisisce-soldato.jpeg","datePublished":"2023-11-01T11:54:00+00:00","description":"\u201cE\u2019 sempre possibile affermare: \u2018Mi \u00e8 stata fatta violenza, e ci\u00f2 mi autorizza ad agire nel segno dell\u2019autodifesa\u2019. Molte atrocit\u00e0 vengono commesse nel","breadcrumb":{"@id":"https:\/\/www.pressenza.com\/it\/2023\/11\/superare-la-vendetta-ascoltare-le-vittime-disertare-la-compattezza-culturale-e-religiosa\/#breadcrumb"},"inLanguage":"it-IT","potentialAction":[{"@type":"ReadAction","target":["https:\/\/www.pressenza.com\/it\/2023\/11\/superare-la-vendetta-ascoltare-le-vittime-disertare-la-compattezza-culturale-e-religiosa\/"]}]},{"@type":"ImageObject","inLanguage":"it-IT","@id":"https:\/\/www.pressenza.com\/it\/2023\/11\/superare-la-vendetta-ascoltare-le-vittime-disertare-la-compattezza-culturale-e-religiosa\/#primaryimage","url":"https:\/\/www.pressenza.com\/wp-content\/uploads\/2023\/11\/banksy-bambina-perquisisce-soldato.jpeg","contentUrl":"https:\/\/www.pressenza.com\/wp-content\/uploads\/2023\/11\/banksy-bambina-perquisisce-soldato.jpeg","width":1229,"height":938},{"@type":"BreadcrumbList","@id":"https:\/\/www.pressenza.com\/it\/2023\/11\/superare-la-vendetta-ascoltare-le-vittime-disertare-la-compattezza-culturale-e-religiosa\/#breadcrumb","itemListElement":[{"@type":"ListItem","position":1,"name":"Accueil","item":"https:\/\/www.pressenza.com\/it\/"},{"@type":"ListItem","position":2,"name":"Superare la vendetta, ascoltare le vittime, disertare la compattezza culturale e religiosa"}]},{"@type":"WebSite","@id":"https:\/\/www.pressenza.com\/it\/#website","url":"https:\/\/www.pressenza.com\/it\/","name":"Pressenza","description":"Agenzia di Stampa Internazionale","publisher":{"@id":"https:\/\/www.pressenza.com\/it\/#organization"},"potentialAction":[{"@type":"SearchAction","target":{"@type":"EntryPoint","urlTemplate":"https:\/\/www.pressenza.com\/it\/?s={search_term_string}"},"query-input":{"@type":"PropertyValueSpecification","valueRequired":true,"valueName":"search_term_string"}}],"inLanguage":"it-IT"},{"@type":"Organization","@id":"https:\/\/www.pressenza.com\/it\/#organization","name":"Pressenza","url":"https:\/\/www.pressenza.com\/it\/","logo":{"@type":"ImageObject","inLanguage":"it-IT","@id":"https:\/\/www.pressenza.com\/it\/#\/schema\/logo\/image\/","url":"https:\/\/www.pressenza.com\/wp-content\/uploads\/2022\/10\/pressenza_logo_200x200.jpg","contentUrl":"https:\/\/www.pressenza.com\/wp-content\/uploads\/2022\/10\/pressenza_logo_200x200.jpg","width":200,"height":200,"caption":"Pressenza"},"image":{"@id":"https:\/\/www.pressenza.com\/it\/#\/schema\/logo\/image\/"},"sameAs":["https:\/\/www.facebook.com\/PressenzaItalia","https:\/\/x.com\/PressenzaIPA"]},{"@type":"Person","@id":"https:\/\/www.pressenza.com\/it\/#\/schema\/person\/8da0e27003685e9459efa09969098201","name":"Pasquale Pugliese","description":"Pasquale Pugliese, nato a Tropea, vive e lavora a Reggio Emilia. Di formazione filosofica, si occupa di educazione, formazione e politiche giovanili. Impegnato per il disarmo, militare e culturale, \u00e8 stato segretario nazionale del Movimento Nonviolento fino al 2019. Cura diversi blog ed \u00e8 autore di \u201cIntroduzione alla filosofia della nonviolenza di Aldo Capitini\u201d e \"Disarmare il virus della violenza\" (entrambi per le edizioni goWare, ordinabili in libreria oppure acquistabili sulle piattaforme on line).","url":"https:\/\/www.pressenza.com\/it\/author\/pasquale-pugliese\/"}]}},"place":"","original_article_url":"","_links":{"self":[{"href":"https:\/\/www.pressenza.com\/it\/wp-json\/wp\/v2\/posts\/1778304","targetHints":{"allow":["GET"]}}],"collection":[{"href":"https:\/\/www.pressenza.com\/it\/wp-json\/wp\/v2\/posts"}],"about":[{"href":"https:\/\/www.pressenza.com\/it\/wp-json\/wp\/v2\/types\/post"}],"author":[{"embeddable":true,"href":"https:\/\/www.pressenza.com\/it\/wp-json\/wp\/v2\/users\/2085"}],"replies":[{"embeddable":true,"href":"https:\/\/www.pressenza.com\/it\/wp-json\/wp\/v2\/comments?post=1778304"}],"version-history":[{"count":0,"href":"https:\/\/www.pressenza.com\/it\/wp-json\/wp\/v2\/posts\/1778304\/revisions"}],"wp:featuredmedia":[{"embeddable":true,"href":"https:\/\/www.pressenza.com\/it\/wp-json\/wp\/v2\/media\/1778305"}],"wp:attachment":[{"href":"https:\/\/www.pressenza.com\/it\/wp-json\/wp\/v2\/media?parent=1778304"}],"wp:term":[{"taxonomy":"category","embeddable":true,"href":"https:\/\/www.pressenza.com\/it\/wp-json\/wp\/v2\/categories?post=1778304"},{"taxonomy":"post_tag","embeddable":true,"href":"https:\/\/www.pressenza.com\/it\/wp-json\/wp\/v2\/tags?post=1778304"}],"curies":[{"name":"wp","href":"https:\/\/api.w.org\/{rel}","templated":true}]}}