{"id":1776623,"date":"2023-10-24T17:58:11","date_gmt":"2023-10-24T16:58:11","guid":{"rendered":"https:\/\/www.pressenza.com\/?p=1776623"},"modified":"2023-10-24T17:58:11","modified_gmt":"2023-10-24T16:58:11","slug":"denunce-pretestuose-sequestri-irregolari-e-fogli-di-via-illegittimi-nei-confronti-di-extinction-rebellion","status":"publish","type":"post","link":"https:\/\/www.pressenza.com\/it\/2023\/10\/denunce-pretestuose-sequestri-irregolari-e-fogli-di-via-illegittimi-nei-confronti-di-extinction-rebellion\/","title":{"rendered":"Denunce pretestuose, sequestri irregolari e fogli di via illegittimi nei confronti di Extinction Rebellion"},"content":{"rendered":"<p>Sono quaranta le persone portate in commissariato ieri mattina, in seguito alla manifestazione al Ministero delle Infrastrutture e dei Trasporti realizzata da un centinaio di attivisti di Extinction Rebellion. Met\u00e0 di loro sono state trattenute in stato di fermo per circa otto ore per ragioni ancora da chiarire. Gli attivisti riportano infatti grosse irregolarit\u00e0 nelle procedure seguite: \u00e8 stato loro sequestrato tutto il materiale durante la manifestazione, ma non \u00e8 mai stato rilasciato un verbale di sequestro; venti persone sono state trattenute per oltre otto ore nonostante avessero gi\u00e0 fornito i documenti d\u2019identit\u00e0; il commissariato, a quanto detto dagli stessi agenti, non avrebbe mai avvertito il PM del fermo identificativo, come invece previsto dalla procedura; a cinque di loro \u00e8 stato inoltre rilasciato un foglio di via obbligatorio da 1 a 2 anni per motivazioni del tutto arbitrarie.<\/p>\n<p>Ieri mattina, infatti, dopo essere stati sgomberati a spintoni e gomitate dal reparto mobile delle Forze dell\u2019Ordine, circa quaranta persone erano state trasportate di peso in commissariato per un fermo identificativo. Tuttavia, dopo un paio d\u2019ore, met\u00e0 di loro sono state rilasciate, ma altre venti sono state trattenute in stato di fermo per oltre 8 ore. <em>\u201c\u00c8 una procedura del tutto illegittima\u201d <\/em>commenta Tommaso, uno degli attivisti rilasciati. <em>\u201cDalle notizie che siamo riusciti ad avere, diverse persone sono state trattenute per oltre 8 ore senza alcuna ragione e senza mai aver avvertito il PM, come invece avrebbero dovuto fare\u201d. <\/em>Parte del materiale utilizzato nella manifestazione \u00e8 stato inoltre requisito dalle forze dell\u2019ordine, senza per\u00f2 che sia stato rilasciato alcun verbale di sequestro.<\/p>\n<p>La manifestazione aveva l\u2019obiettivo di denunciare pacificamente il negazionismo del governo italiano di fronte alla crisi eco-climatica in corso e il continuo finanziamento alle grandi opere annunciato dal ministro Matteo Salvini. La Questura di Roma avrebbe risposto con denunce per manifestazione non preavvisata (art 18 TULPS) e per inottemperanza all\u2019ordine dell\u2019autorit\u00e0 (art. 650 cp), mai notificate agli interessati, come sarebbe previsto dal codice di procedura, per poi espellere dalla citt\u00e0 cinque di loro perch\u00e9 considerati soggetti pericolosi. <em>\u201cSi tratta di una gravissima violazione del diritto di protesta. I fogli di via, in questo paese, vengono continuamente utilizzati in modo illegittimo per reprimere chiunque provi ad esprimere il pacifico dissenso<\/em>\u201d commenta Manlio, uno degli attivisti rilasciati. <em>\u201cCinque persone, infatti, dovranno lasciare la citt\u00e0 entro 24 ore per una decisione del tutto arbitraria, notificata con verbali pieni di errori\u201d.<\/em><\/p>\n<p>Secondo Antonio Guterres, il Segretario Generale della Nazioni Unite,<em> \u201cl\u2019umanit\u00e0 ha aperto le porte dell\u2019inferno\u201d. <\/em>La crisi climatica sta infatti colpendo l\u2019intero territorio nazionale, provocando alluvioni, incendi e siccit\u00e0. Di fronte a questo, la risposta del governo a chi sta provando a denunciare l\u2019urgenza di agire, sono multe, denunce e fogli di via. \u201c<em>Non ci spaventa niente di tutto questo. Torneremo e saremo sempre di pi\u00f9. Faremo ricorso contro questa misura del tutto incostituzionale e siamo pronti ad arrivare anche al Consiglio di Stato, se servir\u00e0<\/em>\u201d conclude Manlio. Nelle parole di Micheal Forst, relatore speciale ONU sui difensori dell\u2019ambiente che in questi mesi ha analizzato la situazione italiana, una efficace fotografia di quanto da tempo sta accadendo in Italia: \u201cLa repressione sta diventando la risposta pi\u00f9 facile al dissenso\u201d.<\/p>\n<p>&nbsp;<\/p>\n","protected":false},"excerpt":{"rendered":"<p>Sono quaranta le persone portate in commissariato ieri mattina, in seguito alla manifestazione al Ministero delle Infrastrutture e dei Trasporti realizzata da un centinaio di attivisti di Extinction Rebellion. Met\u00e0 di loro sono state trattenute in stato di fermo per&hellip;<\/p>\n","protected":false},"author":1696,"featured_media":1776628,"comment_status":"closed","ping_status":"closed","sticky":false,"template":"","format":"standard","meta":{"footnotes":""},"categories":[150,59,47],"tags":[57023,57914,2675,1119],"class_list":["post-1776623","post","type-post","status-publish","format-standard","has-post-thumbnail","hentry","category-comunicati-stampa","category-ambiente-ecologia","category-europa","tag-crisi-climatica","tag-extinction-rebellion-it","tag-protesta","tag-repressione"],"yoast_head":"<!-- This site is optimized with the Yoast SEO plugin v27.1.1 - https:\/\/yoast.com\/product\/yoast-seo-wordpress\/ -->\n<title>Denunce pretestuose, sequestri irregolari e fogli di via illegittimi nei confronti di Extinction Rebellion<\/title>\n<meta name=\"description\" content=\"Sono quaranta le persone portate in commissariato ieri mattina, in seguito alla manifestazione al Ministero delle Infrastrutture e dei Trasporti\" \/>\n<meta name=\"robots\" content=\"index, follow, max-snippet:-1, max-image-preview:large, max-video-preview:-1\" \/>\n<link rel=\"canonical\" href=\"https:\/\/www.pressenza.com\/it\/2023\/10\/denunce-pretestuose-sequestri-irregolari-e-fogli-di-via-illegittimi-nei-confronti-di-extinction-rebellion\/\" \/>\n<meta property=\"og:locale\" content=\"it_IT\" \/>\n<meta property=\"og:type\" content=\"article\" \/>\n<meta property=\"og:title\" content=\"Denunce pretestuose, sequestri irregolari e fogli di via illegittimi nei confronti di Extinction Rebellion\" \/>\n<meta property=\"og:description\" content=\"Sono quaranta le persone portate in commissariato ieri mattina, in seguito alla manifestazione al Ministero delle Infrastrutture e dei Trasporti\" \/>\n<meta property=\"og:url\" content=\"https:\/\/www.pressenza.com\/it\/2023\/10\/denunce-pretestuose-sequestri-irregolari-e-fogli-di-via-illegittimi-nei-confronti-di-extinction-rebellion\/\" \/>\n<meta property=\"og:site_name\" content=\"Pressenza\" \/>\n<meta property=\"article:publisher\" content=\"https:\/\/www.facebook.com\/PressenzaItalia\" \/>\n<meta property=\"article:published_time\" content=\"2023-10-24T16:58:11+00:00\" \/>\n<meta property=\"og:image\" content=\"https:\/\/www.pressenza.com\/wp-content\/uploads\/2023\/10\/XR-Protesta.jpg\" \/>\n\t<meta property=\"og:image:width\" content=\"1920\" \/>\n\t<meta property=\"og:image:height\" content=\"1280\" \/>\n\t<meta property=\"og:image:type\" content=\"image\/jpeg\" \/>\n<meta name=\"author\" content=\"Extinction Rebellion\" \/>\n<meta name=\"twitter:card\" content=\"summary_large_image\" \/>\n<meta name=\"twitter:creator\" content=\"@PressenzaIPA\" \/>\n<meta name=\"twitter:site\" content=\"@PressenzaIPA\" \/>\n<meta name=\"twitter:label1\" content=\"Scritto da\" \/>\n\t<meta name=\"twitter:data1\" content=\"Extinction Rebellion\" \/>\n\t<meta name=\"twitter:label2\" content=\"Tempo di lettura stimato\" \/>\n\t<meta name=\"twitter:data2\" content=\"3 minuti\" \/>\n<script type=\"application\/ld+json\" class=\"yoast-schema-graph\">{\"@context\":\"https:\/\/schema.org\",\"@graph\":[{\"@type\":\"Article\",\"@id\":\"https:\/\/www.pressenza.com\/it\/2023\/10\/denunce-pretestuose-sequestri-irregolari-e-fogli-di-via-illegittimi-nei-confronti-di-extinction-rebellion\/#article\",\"isPartOf\":{\"@id\":\"https:\/\/www.pressenza.com\/it\/2023\/10\/denunce-pretestuose-sequestri-irregolari-e-fogli-di-via-illegittimi-nei-confronti-di-extinction-rebellion\/\"},\"author\":{\"name\":\"Extinction Rebellion\",\"@id\":\"https:\/\/www.pressenza.com\/it\/#\/schema\/person\/469654e5f261458f78054b73ca6931aa\"},\"headline\":\"Denunce pretestuose, sequestri irregolari e fogli di via illegittimi nei confronti di Extinction Rebellion\",\"datePublished\":\"2023-10-24T16:58:11+00:00\",\"mainEntityOfPage\":{\"@id\":\"https:\/\/www.pressenza.com\/it\/2023\/10\/denunce-pretestuose-sequestri-irregolari-e-fogli-di-via-illegittimi-nei-confronti-di-extinction-rebellion\/\"},\"wordCount\":541,\"publisher\":{\"@id\":\"https:\/\/www.pressenza.com\/it\/#organization\"},\"image\":{\"@id\":\"https:\/\/www.pressenza.com\/it\/2023\/10\/denunce-pretestuose-sequestri-irregolari-e-fogli-di-via-illegittimi-nei-confronti-di-extinction-rebellion\/#primaryimage\"},\"thumbnailUrl\":\"https:\/\/www.pressenza.com\/wp-content\/uploads\/2023\/10\/XR-Protesta.jpg\",\"keywords\":[\"crisi climatica\",\"Extinction Rebellion\",\"protesta\",\"repressione\"],\"articleSection\":[\"Comunicati Stampa\",\"Ecologia ed Ambiente\",\"Europa\"],\"inLanguage\":\"it-IT\"},{\"@type\":\"WebPage\",\"@id\":\"https:\/\/www.pressenza.com\/it\/2023\/10\/denunce-pretestuose-sequestri-irregolari-e-fogli-di-via-illegittimi-nei-confronti-di-extinction-rebellion\/\",\"url\":\"https:\/\/www.pressenza.com\/it\/2023\/10\/denunce-pretestuose-sequestri-irregolari-e-fogli-di-via-illegittimi-nei-confronti-di-extinction-rebellion\/\",\"name\":\"Denunce pretestuose, sequestri irregolari e fogli di via illegittimi nei confronti di Extinction Rebellion\",\"isPartOf\":{\"@id\":\"https:\/\/www.pressenza.com\/it\/#website\"},\"primaryImageOfPage\":{\"@id\":\"https:\/\/www.pressenza.com\/it\/2023\/10\/denunce-pretestuose-sequestri-irregolari-e-fogli-di-via-illegittimi-nei-confronti-di-extinction-rebellion\/#primaryimage\"},\"image\":{\"@id\":\"https:\/\/www.pressenza.com\/it\/2023\/10\/denunce-pretestuose-sequestri-irregolari-e-fogli-di-via-illegittimi-nei-confronti-di-extinction-rebellion\/#primaryimage\"},\"thumbnailUrl\":\"https:\/\/www.pressenza.com\/wp-content\/uploads\/2023\/10\/XR-Protesta.jpg\",\"datePublished\":\"2023-10-24T16:58:11+00:00\",\"description\":\"Sono quaranta le persone portate in commissariato ieri mattina, in seguito alla manifestazione al Ministero delle Infrastrutture e dei Trasporti\",\"breadcrumb\":{\"@id\":\"https:\/\/www.pressenza.com\/it\/2023\/10\/denunce-pretestuose-sequestri-irregolari-e-fogli-di-via-illegittimi-nei-confronti-di-extinction-rebellion\/#breadcrumb\"},\"inLanguage\":\"it-IT\",\"potentialAction\":[{\"@type\":\"ReadAction\",\"target\":[\"https:\/\/www.pressenza.com\/it\/2023\/10\/denunce-pretestuose-sequestri-irregolari-e-fogli-di-via-illegittimi-nei-confronti-di-extinction-rebellion\/\"]}]},{\"@type\":\"ImageObject\",\"inLanguage\":\"it-IT\",\"@id\":\"https:\/\/www.pressenza.com\/it\/2023\/10\/denunce-pretestuose-sequestri-irregolari-e-fogli-di-via-illegittimi-nei-confronti-di-extinction-rebellion\/#primaryimage\",\"url\":\"https:\/\/www.pressenza.com\/wp-content\/uploads\/2023\/10\/XR-Protesta.jpg\",\"contentUrl\":\"https:\/\/www.pressenza.com\/wp-content\/uploads\/2023\/10\/XR-Protesta.jpg\",\"width\":1920,\"height\":1280},{\"@type\":\"BreadcrumbList\",\"@id\":\"https:\/\/www.pressenza.com\/it\/2023\/10\/denunce-pretestuose-sequestri-irregolari-e-fogli-di-via-illegittimi-nei-confronti-di-extinction-rebellion\/#breadcrumb\",\"itemListElement\":[{\"@type\":\"ListItem\",\"position\":1,\"name\":\"Accueil\",\"item\":\"https:\/\/www.pressenza.com\/it\/\"},{\"@type\":\"ListItem\",\"position\":2,\"name\":\"Denunce pretestuose, sequestri irregolari e fogli di via illegittimi nei confronti di Extinction Rebellion\"}]},{\"@type\":\"WebSite\",\"@id\":\"https:\/\/www.pressenza.com\/it\/#website\",\"url\":\"https:\/\/www.pressenza.com\/it\/\",\"name\":\"Pressenza\",\"description\":\"Agenzia di Stampa Internazionale\",\"publisher\":{\"@id\":\"https:\/\/www.pressenza.com\/it\/#organization\"},\"potentialAction\":[{\"@type\":\"SearchAction\",\"target\":{\"@type\":\"EntryPoint\",\"urlTemplate\":\"https:\/\/www.pressenza.com\/it\/?s={search_term_string}\"},\"query-input\":{\"@type\":\"PropertyValueSpecification\",\"valueRequired\":true,\"valueName\":\"search_term_string\"}}],\"inLanguage\":\"it-IT\"},{\"@type\":\"Organization\",\"@id\":\"https:\/\/www.pressenza.com\/it\/#organization\",\"name\":\"Pressenza\",\"url\":\"https:\/\/www.pressenza.com\/it\/\",\"logo\":{\"@type\":\"ImageObject\",\"inLanguage\":\"it-IT\",\"@id\":\"https:\/\/www.pressenza.com\/it\/#\/schema\/logo\/image\/\",\"url\":\"https:\/\/www.pressenza.com\/wp-content\/uploads\/2022\/10\/pressenza_logo_200x200.jpg\",\"contentUrl\":\"https:\/\/www.pressenza.com\/wp-content\/uploads\/2022\/10\/pressenza_logo_200x200.jpg\",\"width\":200,\"height\":200,\"caption\":\"Pressenza\"},\"image\":{\"@id\":\"https:\/\/www.pressenza.com\/it\/#\/schema\/logo\/image\/\"},\"sameAs\":[\"https:\/\/www.facebook.com\/PressenzaItalia\",\"https:\/\/x.com\/PressenzaIPA\"]},{\"@type\":\"Person\",\"@id\":\"https:\/\/www.pressenza.com\/it\/#\/schema\/person\/469654e5f261458f78054b73ca6931aa\",\"name\":\"Extinction Rebellion\",\"description\":\"Extinction Rebellion (XR) \u00e8 un movimento internazionale \u201cdal basso\u201d, nonviolento, fondato in Inghilterra in risposta alla devastazione ambientale causata dalle attivit\u00e0 umane. La sua ragione d\u2019essere si basa sui risultati scientifici.\",\"sameAs\":[\"https:\/\/rebellion.earth\/\"],\"url\":\"https:\/\/www.pressenza.com\/it\/author\/extinction-rebellion\/\"}]}<\/script>\n<!-- \/ Yoast SEO plugin. -->","yoast_head_json":{"title":"Denunce pretestuose, sequestri irregolari e fogli di via illegittimi nei confronti di Extinction Rebellion","description":"Sono quaranta le persone portate in commissariato ieri mattina, in seguito alla manifestazione al Ministero delle Infrastrutture e dei Trasporti","robots":{"index":"index","follow":"follow","max-snippet":"max-snippet:-1","max-image-preview":"max-image-preview:large","max-video-preview":"max-video-preview:-1"},"canonical":"https:\/\/www.pressenza.com\/it\/2023\/10\/denunce-pretestuose-sequestri-irregolari-e-fogli-di-via-illegittimi-nei-confronti-di-extinction-rebellion\/","og_locale":"it_IT","og_type":"article","og_title":"Denunce pretestuose, sequestri irregolari e fogli di via illegittimi nei confronti di Extinction Rebellion","og_description":"Sono quaranta le persone portate in commissariato ieri mattina, in seguito alla manifestazione al Ministero delle Infrastrutture e dei Trasporti","og_url":"https:\/\/www.pressenza.com\/it\/2023\/10\/denunce-pretestuose-sequestri-irregolari-e-fogli-di-via-illegittimi-nei-confronti-di-extinction-rebellion\/","og_site_name":"Pressenza","article_publisher":"https:\/\/www.facebook.com\/PressenzaItalia","article_published_time":"2023-10-24T16:58:11+00:00","og_image":[{"width":1920,"height":1280,"url":"https:\/\/www.pressenza.com\/wp-content\/uploads\/2023\/10\/XR-Protesta.jpg","type":"image\/jpeg"}],"author":"Extinction Rebellion","twitter_card":"summary_large_image","twitter_creator":"@PressenzaIPA","twitter_site":"@PressenzaIPA","twitter_misc":{"Scritto da":"Extinction Rebellion","Tempo di lettura stimato":"3 minuti"},"schema":{"@context":"https:\/\/schema.org","@graph":[{"@type":"Article","@id":"https:\/\/www.pressenza.com\/it\/2023\/10\/denunce-pretestuose-sequestri-irregolari-e-fogli-di-via-illegittimi-nei-confronti-di-extinction-rebellion\/#article","isPartOf":{"@id":"https:\/\/www.pressenza.com\/it\/2023\/10\/denunce-pretestuose-sequestri-irregolari-e-fogli-di-via-illegittimi-nei-confronti-di-extinction-rebellion\/"},"author":{"name":"Extinction Rebellion","@id":"https:\/\/www.pressenza.com\/it\/#\/schema\/person\/469654e5f261458f78054b73ca6931aa"},"headline":"Denunce pretestuose, sequestri irregolari e fogli di via illegittimi nei confronti di Extinction Rebellion","datePublished":"2023-10-24T16:58:11+00:00","mainEntityOfPage":{"@id":"https:\/\/www.pressenza.com\/it\/2023\/10\/denunce-pretestuose-sequestri-irregolari-e-fogli-di-via-illegittimi-nei-confronti-di-extinction-rebellion\/"},"wordCount":541,"publisher":{"@id":"https:\/\/www.pressenza.com\/it\/#organization"},"image":{"@id":"https:\/\/www.pressenza.com\/it\/2023\/10\/denunce-pretestuose-sequestri-irregolari-e-fogli-di-via-illegittimi-nei-confronti-di-extinction-rebellion\/#primaryimage"},"thumbnailUrl":"https:\/\/www.pressenza.com\/wp-content\/uploads\/2023\/10\/XR-Protesta.jpg","keywords":["crisi climatica","Extinction Rebellion","protesta","repressione"],"articleSection":["Comunicati Stampa","Ecologia ed Ambiente","Europa"],"inLanguage":"it-IT"},{"@type":"WebPage","@id":"https:\/\/www.pressenza.com\/it\/2023\/10\/denunce-pretestuose-sequestri-irregolari-e-fogli-di-via-illegittimi-nei-confronti-di-extinction-rebellion\/","url":"https:\/\/www.pressenza.com\/it\/2023\/10\/denunce-pretestuose-sequestri-irregolari-e-fogli-di-via-illegittimi-nei-confronti-di-extinction-rebellion\/","name":"Denunce pretestuose, sequestri irregolari e fogli di via illegittimi nei confronti di Extinction Rebellion","isPartOf":{"@id":"https:\/\/www.pressenza.com\/it\/#website"},"primaryImageOfPage":{"@id":"https:\/\/www.pressenza.com\/it\/2023\/10\/denunce-pretestuose-sequestri-irregolari-e-fogli-di-via-illegittimi-nei-confronti-di-extinction-rebellion\/#primaryimage"},"image":{"@id":"https:\/\/www.pressenza.com\/it\/2023\/10\/denunce-pretestuose-sequestri-irregolari-e-fogli-di-via-illegittimi-nei-confronti-di-extinction-rebellion\/#primaryimage"},"thumbnailUrl":"https:\/\/www.pressenza.com\/wp-content\/uploads\/2023\/10\/XR-Protesta.jpg","datePublished":"2023-10-24T16:58:11+00:00","description":"Sono quaranta le persone portate in commissariato ieri mattina, in seguito alla manifestazione al Ministero delle Infrastrutture e dei Trasporti","breadcrumb":{"@id":"https:\/\/www.pressenza.com\/it\/2023\/10\/denunce-pretestuose-sequestri-irregolari-e-fogli-di-via-illegittimi-nei-confronti-di-extinction-rebellion\/#breadcrumb"},"inLanguage":"it-IT","potentialAction":[{"@type":"ReadAction","target":["https:\/\/www.pressenza.com\/it\/2023\/10\/denunce-pretestuose-sequestri-irregolari-e-fogli-di-via-illegittimi-nei-confronti-di-extinction-rebellion\/"]}]},{"@type":"ImageObject","inLanguage":"it-IT","@id":"https:\/\/www.pressenza.com\/it\/2023\/10\/denunce-pretestuose-sequestri-irregolari-e-fogli-di-via-illegittimi-nei-confronti-di-extinction-rebellion\/#primaryimage","url":"https:\/\/www.pressenza.com\/wp-content\/uploads\/2023\/10\/XR-Protesta.jpg","contentUrl":"https:\/\/www.pressenza.com\/wp-content\/uploads\/2023\/10\/XR-Protesta.jpg","width":1920,"height":1280},{"@type":"BreadcrumbList","@id":"https:\/\/www.pressenza.com\/it\/2023\/10\/denunce-pretestuose-sequestri-irregolari-e-fogli-di-via-illegittimi-nei-confronti-di-extinction-rebellion\/#breadcrumb","itemListElement":[{"@type":"ListItem","position":1,"name":"Accueil","item":"https:\/\/www.pressenza.com\/it\/"},{"@type":"ListItem","position":2,"name":"Denunce pretestuose, sequestri irregolari e fogli di via illegittimi nei confronti di Extinction Rebellion"}]},{"@type":"WebSite","@id":"https:\/\/www.pressenza.com\/it\/#website","url":"https:\/\/www.pressenza.com\/it\/","name":"Pressenza","description":"Agenzia di Stampa Internazionale","publisher":{"@id":"https:\/\/www.pressenza.com\/it\/#organization"},"potentialAction":[{"@type":"SearchAction","target":{"@type":"EntryPoint","urlTemplate":"https:\/\/www.pressenza.com\/it\/?s={search_term_string}"},"query-input":{"@type":"PropertyValueSpecification","valueRequired":true,"valueName":"search_term_string"}}],"inLanguage":"it-IT"},{"@type":"Organization","@id":"https:\/\/www.pressenza.com\/it\/#organization","name":"Pressenza","url":"https:\/\/www.pressenza.com\/it\/","logo":{"@type":"ImageObject","inLanguage":"it-IT","@id":"https:\/\/www.pressenza.com\/it\/#\/schema\/logo\/image\/","url":"https:\/\/www.pressenza.com\/wp-content\/uploads\/2022\/10\/pressenza_logo_200x200.jpg","contentUrl":"https:\/\/www.pressenza.com\/wp-content\/uploads\/2022\/10\/pressenza_logo_200x200.jpg","width":200,"height":200,"caption":"Pressenza"},"image":{"@id":"https:\/\/www.pressenza.com\/it\/#\/schema\/logo\/image\/"},"sameAs":["https:\/\/www.facebook.com\/PressenzaItalia","https:\/\/x.com\/PressenzaIPA"]},{"@type":"Person","@id":"https:\/\/www.pressenza.com\/it\/#\/schema\/person\/469654e5f261458f78054b73ca6931aa","name":"Extinction Rebellion","description":"Extinction Rebellion (XR) \u00e8 un movimento internazionale \u201cdal basso\u201d, nonviolento, fondato in Inghilterra in risposta alla devastazione ambientale causata dalle attivit\u00e0 umane. La sua ragione d\u2019essere si basa sui risultati scientifici.","sameAs":["https:\/\/rebellion.earth\/"],"url":"https:\/\/www.pressenza.com\/it\/author\/extinction-rebellion\/"}]}},"place":"","original_article_url":"","_links":{"self":[{"href":"https:\/\/www.pressenza.com\/it\/wp-json\/wp\/v2\/posts\/1776623","targetHints":{"allow":["GET"]}}],"collection":[{"href":"https:\/\/www.pressenza.com\/it\/wp-json\/wp\/v2\/posts"}],"about":[{"href":"https:\/\/www.pressenza.com\/it\/wp-json\/wp\/v2\/types\/post"}],"author":[{"embeddable":true,"href":"https:\/\/www.pressenza.com\/it\/wp-json\/wp\/v2\/users\/1696"}],"replies":[{"embeddable":true,"href":"https:\/\/www.pressenza.com\/it\/wp-json\/wp\/v2\/comments?post=1776623"}],"version-history":[{"count":0,"href":"https:\/\/www.pressenza.com\/it\/wp-json\/wp\/v2\/posts\/1776623\/revisions"}],"wp:featuredmedia":[{"embeddable":true,"href":"https:\/\/www.pressenza.com\/it\/wp-json\/wp\/v2\/media\/1776628"}],"wp:attachment":[{"href":"https:\/\/www.pressenza.com\/it\/wp-json\/wp\/v2\/media?parent=1776623"}],"wp:term":[{"taxonomy":"category","embeddable":true,"href":"https:\/\/www.pressenza.com\/it\/wp-json\/wp\/v2\/categories?post=1776623"},{"taxonomy":"post_tag","embeddable":true,"href":"https:\/\/www.pressenza.com\/it\/wp-json\/wp\/v2\/tags?post=1776623"}],"curies":[{"name":"wp","href":"https:\/\/api.w.org\/{rel}","templated":true}]}}