{"id":1773946,"date":"2023-10-13T08:41:29","date_gmt":"2023-10-13T07:41:29","guid":{"rendered":"https:\/\/www.pressenza.com\/?p=1773946"},"modified":"2023-10-13T08:42:57","modified_gmt":"2023-10-13T07:42:57","slug":"con-chi-stai-con-chi-ti-schieri","status":"publish","type":"post","link":"https:\/\/www.pressenza.com\/it\/2023\/10\/con-chi-stai-con-chi-ti-schieri\/","title":{"rendered":"&#8220;Con chi stai? Con chi ti schieri?\u201d"},"content":{"rendered":"<p><em>Riprendiamo le appassionate riflessioni di <a href=\"https:\/\/twitter.com\/tomasomontanari\/status\/1711270128334078419\">Tomaso Montanari<\/a> sulla situazione in Israele e Palestina. <\/em><\/p>\n<p>Di fronte all\u2019estrema violenza di questa nuova, ennesima fiammata di un conflitto infinito, mi fa paura la cecit\u00e0 di chi, qua, risponde con eguale violenza, seppure verbale.<\/p>\n<p>Mi schiero con i morti, con i feriti, con le famiglie israeliane che hanno un figlio preso in ostaggio, con le famiglie palestinesi che aspettano la rappresaglia che le canceller\u00e0. Con chi non ha mai deciso nulla, e ora perde tutto.<\/p>\n<p>In queste ore terribili, penso innanzitutto alla disperazione (infinita e identica) dei miei amici israeliani e dei miei amici palestinesi: da tempo in lotta con i loro rispettivi governi. Governi nemici innanzitutto dei loro stessi popoli.<\/p>\n<p>Come ha scritto sabato il giornalista israeliano <a href=\"https:\/\/www.972mag.com\/gaza-attack-context-israelis\/\">Haggai Matar<\/a>, &#8220;il terrore che gli israeliani stanno sentendo in questo momento, me compreso, \u00e8 un frammento di ci\u00f2 che i palestinesi hanno sentito&#8221;.<\/p>\n<p>Riapro Apeirogon \u2013 il forte romanzo di Colum Mac Cann, i cui protagonisti sono due padri, uno israeliano e uno palestinese, che si incontrano e diventano amici avendo avuto ciascuno un figlio ucciso dai combattenti dell\u2019altro popolo: una storia vera \u2013 e leggo: &#8220;Rumi, il poeta, il sufi, ha detto una cosa che non dimenticher\u00f2 mai: \u201cAl di l\u00e0 del giusto e dello sbagliato c&#8217;\u00e8 un campo: ci incontreremo l\u00ec\u201d. Avevamo ragione e torto e ci siamo incontrati in un campo. Ci siamo resi conto che volevamo ucciderci a vicenda per ottenere la stessa cosa, la pace e la sicurezza. Immaginate che ironia, \u00e8 pazzesco&#8221;.<\/p>\n<p>Penso alla violenza folle di un\u2019organizzazione militare, sorretta da un orribile regime teocratico, che dice di voler difendere il suo popolo: facendolo massacrare. Penso alla violenza folle di uno stato che si dice democratico, e che pratica una segregazione cos\u00ec crudele da spingere i suoi vicini a scegliere tra una morte rapida e una lenta.<\/p>\n<p>Penso che &#8220;non c\u2019\u00e8 una soluzione militare al problema di Israele con Gaza, n\u00e9 alla resistenza che naturalmente emerge come risposta all\u2019apartheid violento&#8221; (ancora Matar).<\/p>\n<p>E penso al tradimento etico e politico di un Occidente che mette alla finestra la bandiera di Israele e incita alla guerra e alla rappresaglia. E al tradimento del mondo povero, che mette quella della Palestina e inneggia a omicidi e rapimenti. Quando l\u2019unica bandiera che ora dovrebbe avere spazio \u00e8 quella della pace. Unica vera alternativa a due tentati, contrapposti, genocidi.<\/p>\n<p>&#8220;Il mondo \u00e8 guasto&#8221;, diceva Tony Judt. Mai come ora lo vediamo.<\/p>\n","protected":false},"excerpt":{"rendered":"<p>Riprendiamo le appassionate riflessioni di Tomaso Montanari sulla situazione in Israele e Palestina. Di fronte all\u2019estrema violenza di questa nuova, ennesima fiammata di un conflitto infinito, mi fa paura la cecit\u00e0 di chi, qua, risponde con eguale violenza, seppure verbale.&hellip;<\/p>\n","protected":false},"author":594,"featured_media":1773413,"comment_status":"closed","ping_status":"closed","sticky":false,"template":"","format":"standard","meta":{"footnotes":""},"categories":[52,1263],"tags":[778,1227,38311],"class_list":["post-1773946","post","type-post","status-publish","format-standard","has-post-thumbnail","hentry","category-medio-oriente","category-pace-disarmo","tag-israele","tag-palestina-it","tag-tomaso-montanari"],"yoast_head":"<!-- This site is optimized with the Yoast SEO plugin v27.1.1 - https:\/\/yoast.com\/product\/yoast-seo-wordpress\/ -->\n<title>&quot;Con chi stai? Con chi ti schieri?\u201d<\/title>\n<meta name=\"description\" content=\"Riprendiamo le appassionate riflessioni di Tomaso Montanari sulla situazione in Israele e Palestina. Di fronte all\u2019estrema violenza di questa nuova,\" \/>\n<meta name=\"robots\" content=\"index, follow, max-snippet:-1, max-image-preview:large, max-video-preview:-1\" \/>\n<link rel=\"canonical\" href=\"https:\/\/www.pressenza.com\/it\/2023\/10\/con-chi-stai-con-chi-ti-schieri\/\" \/>\n<meta property=\"og:locale\" content=\"it_IT\" \/>\n<meta property=\"og:type\" content=\"article\" \/>\n<meta property=\"og:title\" content=\"&quot;Con chi stai? Con chi ti schieri?\u201d\" \/>\n<meta property=\"og:description\" content=\"Riprendiamo le appassionate riflessioni di Tomaso Montanari sulla situazione in Israele e Palestina. Di fronte all\u2019estrema violenza di questa nuova,\" \/>\n<meta property=\"og:url\" content=\"https:\/\/www.pressenza.com\/it\/2023\/10\/con-chi-stai-con-chi-ti-schieri\/\" \/>\n<meta property=\"og:site_name\" content=\"Pressenza\" \/>\n<meta property=\"article:publisher\" content=\"https:\/\/www.facebook.com\/PressenzaItalia\" \/>\n<meta property=\"article:author\" content=\"https:\/\/www.facebook.com\/PressenzaItalia\" \/>\n<meta property=\"article:published_time\" content=\"2023-10-13T07:41:29+00:00\" \/>\n<meta property=\"article:modified_time\" content=\"2023-10-13T07:42:57+00:00\" \/>\n<meta property=\"og:image\" content=\"https:\/\/www.pressenza.com\/wp-content\/uploads\/2023\/10\/bambini-Bansky-rit.jpg\" \/>\n\t<meta property=\"og:image:width\" content=\"664\" \/>\n\t<meta property=\"og:image:height\" content=\"526\" \/>\n\t<meta property=\"og:image:type\" content=\"image\/jpeg\" \/>\n<meta name=\"author\" content=\"Redazione Italia\" \/>\n<meta name=\"twitter:card\" content=\"summary_large_image\" \/>\n<meta name=\"twitter:creator\" content=\"@pressenza_it\" \/>\n<meta name=\"twitter:site\" content=\"@PressenzaIPA\" \/>\n<meta name=\"twitter:label1\" content=\"Scritto da\" \/>\n\t<meta name=\"twitter:data1\" content=\"Redazione Italia\" \/>\n\t<meta name=\"twitter:label2\" content=\"Tempo di lettura stimato\" \/>\n\t<meta name=\"twitter:data2\" content=\"3 minuti\" \/>\n<script type=\"application\/ld+json\" class=\"yoast-schema-graph\">{\"@context\":\"https:\/\/schema.org\",\"@graph\":[{\"@type\":\"Article\",\"@id\":\"https:\/\/www.pressenza.com\/it\/2023\/10\/con-chi-stai-con-chi-ti-schieri\/#article\",\"isPartOf\":{\"@id\":\"https:\/\/www.pressenza.com\/it\/2023\/10\/con-chi-stai-con-chi-ti-schieri\/\"},\"author\":{\"name\":\"Redazione Italia\",\"@id\":\"https:\/\/www.pressenza.com\/it\/#\/schema\/person\/d983e81827ae24f2c7b1a2123d197f8d\"},\"headline\":\"&#8220;Con chi stai? Con chi ti schieri?\u201d\",\"datePublished\":\"2023-10-13T07:41:29+00:00\",\"dateModified\":\"2023-10-13T07:42:57+00:00\",\"mainEntityOfPage\":{\"@id\":\"https:\/\/www.pressenza.com\/it\/2023\/10\/con-chi-stai-con-chi-ti-schieri\/\"},\"wordCount\":413,\"publisher\":{\"@id\":\"https:\/\/www.pressenza.com\/it\/#organization\"},\"image\":{\"@id\":\"https:\/\/www.pressenza.com\/it\/2023\/10\/con-chi-stai-con-chi-ti-schieri\/#primaryimage\"},\"thumbnailUrl\":\"https:\/\/www.pressenza.com\/wp-content\/uploads\/2023\/10\/bambini-Bansky-rit.jpg\",\"keywords\":[\"Israele\",\"Palestina\",\"Tomaso Montanari\"],\"articleSection\":[\"Medio Oriente\",\"Pace e Disarmo\"],\"inLanguage\":\"it-IT\"},{\"@type\":\"WebPage\",\"@id\":\"https:\/\/www.pressenza.com\/it\/2023\/10\/con-chi-stai-con-chi-ti-schieri\/\",\"url\":\"https:\/\/www.pressenza.com\/it\/2023\/10\/con-chi-stai-con-chi-ti-schieri\/\",\"name\":\"\\\"Con chi stai? Con chi ti schieri?\u201d\",\"isPartOf\":{\"@id\":\"https:\/\/www.pressenza.com\/it\/#website\"},\"primaryImageOfPage\":{\"@id\":\"https:\/\/www.pressenza.com\/it\/2023\/10\/con-chi-stai-con-chi-ti-schieri\/#primaryimage\"},\"image\":{\"@id\":\"https:\/\/www.pressenza.com\/it\/2023\/10\/con-chi-stai-con-chi-ti-schieri\/#primaryimage\"},\"thumbnailUrl\":\"https:\/\/www.pressenza.com\/wp-content\/uploads\/2023\/10\/bambini-Bansky-rit.jpg\",\"datePublished\":\"2023-10-13T07:41:29+00:00\",\"dateModified\":\"2023-10-13T07:42:57+00:00\",\"description\":\"Riprendiamo le appassionate riflessioni di Tomaso Montanari sulla situazione in Israele e Palestina. Di fronte all\u2019estrema violenza di questa nuova,\",\"breadcrumb\":{\"@id\":\"https:\/\/www.pressenza.com\/it\/2023\/10\/con-chi-stai-con-chi-ti-schieri\/#breadcrumb\"},\"inLanguage\":\"it-IT\",\"potentialAction\":[{\"@type\":\"ReadAction\",\"target\":[\"https:\/\/www.pressenza.com\/it\/2023\/10\/con-chi-stai-con-chi-ti-schieri\/\"]}]},{\"@type\":\"ImageObject\",\"inLanguage\":\"it-IT\",\"@id\":\"https:\/\/www.pressenza.com\/it\/2023\/10\/con-chi-stai-con-chi-ti-schieri\/#primaryimage\",\"url\":\"https:\/\/www.pressenza.com\/wp-content\/uploads\/2023\/10\/bambini-Bansky-rit.jpg\",\"contentUrl\":\"https:\/\/www.pressenza.com\/wp-content\/uploads\/2023\/10\/bambini-Bansky-rit.jpg\",\"width\":664,\"height\":526},{\"@type\":\"BreadcrumbList\",\"@id\":\"https:\/\/www.pressenza.com\/it\/2023\/10\/con-chi-stai-con-chi-ti-schieri\/#breadcrumb\",\"itemListElement\":[{\"@type\":\"ListItem\",\"position\":1,\"name\":\"Accueil\",\"item\":\"https:\/\/www.pressenza.com\/it\/\"},{\"@type\":\"ListItem\",\"position\":2,\"name\":\"&#8220;Con chi stai? Con chi ti schieri?\u201d\"}]},{\"@type\":\"WebSite\",\"@id\":\"https:\/\/www.pressenza.com\/it\/#website\",\"url\":\"https:\/\/www.pressenza.com\/it\/\",\"name\":\"Pressenza\",\"description\":\"Agenzia di Stampa Internazionale\",\"publisher\":{\"@id\":\"https:\/\/www.pressenza.com\/it\/#organization\"},\"potentialAction\":[{\"@type\":\"SearchAction\",\"target\":{\"@type\":\"EntryPoint\",\"urlTemplate\":\"https:\/\/www.pressenza.com\/it\/?s={search_term_string}\"},\"query-input\":{\"@type\":\"PropertyValueSpecification\",\"valueRequired\":true,\"valueName\":\"search_term_string\"}}],\"inLanguage\":\"it-IT\"},{\"@type\":\"Organization\",\"@id\":\"https:\/\/www.pressenza.com\/it\/#organization\",\"name\":\"Pressenza\",\"url\":\"https:\/\/www.pressenza.com\/it\/\",\"logo\":{\"@type\":\"ImageObject\",\"inLanguage\":\"it-IT\",\"@id\":\"https:\/\/www.pressenza.com\/it\/#\/schema\/logo\/image\/\",\"url\":\"https:\/\/www.pressenza.com\/wp-content\/uploads\/2022\/10\/pressenza_logo_200x200.jpg\",\"contentUrl\":\"https:\/\/www.pressenza.com\/wp-content\/uploads\/2022\/10\/pressenza_logo_200x200.jpg\",\"width\":200,\"height\":200,\"caption\":\"Pressenza\"},\"image\":{\"@id\":\"https:\/\/www.pressenza.com\/it\/#\/schema\/logo\/image\/\"},\"sameAs\":[\"https:\/\/www.facebook.com\/PressenzaItalia\",\"https:\/\/x.com\/PressenzaIPA\"]},{\"@type\":\"Person\",\"@id\":\"https:\/\/www.pressenza.com\/it\/#\/schema\/person\/d983e81827ae24f2c7b1a2123d197f8d\",\"name\":\"Redazione Italia\",\"description\":\"News from the Pressenza Bureau in Italy\",\"sameAs\":[\"https:\/\/www.pressenza.com\/it\/author\/redazione-italia\/\",\"https:\/\/www.facebook.com\/PressenzaItalia\",\"https:\/\/www.instagram.com\/pressenza_italia\/\",\"https:\/\/x.com\/pressenza_it\",\"https:\/\/www.youtube.com\/channel\/UCSalEIWjE1RSxkwjfftFuqg\"],\"url\":\"https:\/\/www.pressenza.com\/it\/author\/redazione-italia\/\"}]}<\/script>\n<!-- \/ Yoast SEO plugin. -->","yoast_head_json":{"title":"\"Con chi stai? Con chi ti schieri?\u201d","description":"Riprendiamo le appassionate riflessioni di Tomaso Montanari sulla situazione in Israele e Palestina. Di fronte all\u2019estrema violenza di questa nuova,","robots":{"index":"index","follow":"follow","max-snippet":"max-snippet:-1","max-image-preview":"max-image-preview:large","max-video-preview":"max-video-preview:-1"},"canonical":"https:\/\/www.pressenza.com\/it\/2023\/10\/con-chi-stai-con-chi-ti-schieri\/","og_locale":"it_IT","og_type":"article","og_title":"\"Con chi stai? Con chi ti schieri?\u201d","og_description":"Riprendiamo le appassionate riflessioni di Tomaso Montanari sulla situazione in Israele e Palestina. Di fronte all\u2019estrema violenza di questa nuova,","og_url":"https:\/\/www.pressenza.com\/it\/2023\/10\/con-chi-stai-con-chi-ti-schieri\/","og_site_name":"Pressenza","article_publisher":"https:\/\/www.facebook.com\/PressenzaItalia","article_author":"https:\/\/www.facebook.com\/PressenzaItalia","article_published_time":"2023-10-13T07:41:29+00:00","article_modified_time":"2023-10-13T07:42:57+00:00","og_image":[{"width":664,"height":526,"url":"https:\/\/www.pressenza.com\/wp-content\/uploads\/2023\/10\/bambini-Bansky-rit.jpg","type":"image\/jpeg"}],"author":"Redazione Italia","twitter_card":"summary_large_image","twitter_creator":"@pressenza_it","twitter_site":"@PressenzaIPA","twitter_misc":{"Scritto da":"Redazione Italia","Tempo di lettura stimato":"3 minuti"},"schema":{"@context":"https:\/\/schema.org","@graph":[{"@type":"Article","@id":"https:\/\/www.pressenza.com\/it\/2023\/10\/con-chi-stai-con-chi-ti-schieri\/#article","isPartOf":{"@id":"https:\/\/www.pressenza.com\/it\/2023\/10\/con-chi-stai-con-chi-ti-schieri\/"},"author":{"name":"Redazione Italia","@id":"https:\/\/www.pressenza.com\/it\/#\/schema\/person\/d983e81827ae24f2c7b1a2123d197f8d"},"headline":"&#8220;Con chi stai? Con chi ti schieri?\u201d","datePublished":"2023-10-13T07:41:29+00:00","dateModified":"2023-10-13T07:42:57+00:00","mainEntityOfPage":{"@id":"https:\/\/www.pressenza.com\/it\/2023\/10\/con-chi-stai-con-chi-ti-schieri\/"},"wordCount":413,"publisher":{"@id":"https:\/\/www.pressenza.com\/it\/#organization"},"image":{"@id":"https:\/\/www.pressenza.com\/it\/2023\/10\/con-chi-stai-con-chi-ti-schieri\/#primaryimage"},"thumbnailUrl":"https:\/\/www.pressenza.com\/wp-content\/uploads\/2023\/10\/bambini-Bansky-rit.jpg","keywords":["Israele","Palestina","Tomaso Montanari"],"articleSection":["Medio Oriente","Pace e Disarmo"],"inLanguage":"it-IT"},{"@type":"WebPage","@id":"https:\/\/www.pressenza.com\/it\/2023\/10\/con-chi-stai-con-chi-ti-schieri\/","url":"https:\/\/www.pressenza.com\/it\/2023\/10\/con-chi-stai-con-chi-ti-schieri\/","name":"\"Con chi stai? Con chi ti schieri?\u201d","isPartOf":{"@id":"https:\/\/www.pressenza.com\/it\/#website"},"primaryImageOfPage":{"@id":"https:\/\/www.pressenza.com\/it\/2023\/10\/con-chi-stai-con-chi-ti-schieri\/#primaryimage"},"image":{"@id":"https:\/\/www.pressenza.com\/it\/2023\/10\/con-chi-stai-con-chi-ti-schieri\/#primaryimage"},"thumbnailUrl":"https:\/\/www.pressenza.com\/wp-content\/uploads\/2023\/10\/bambini-Bansky-rit.jpg","datePublished":"2023-10-13T07:41:29+00:00","dateModified":"2023-10-13T07:42:57+00:00","description":"Riprendiamo le appassionate riflessioni di Tomaso Montanari sulla situazione in Israele e Palestina. Di fronte all\u2019estrema violenza di questa nuova,","breadcrumb":{"@id":"https:\/\/www.pressenza.com\/it\/2023\/10\/con-chi-stai-con-chi-ti-schieri\/#breadcrumb"},"inLanguage":"it-IT","potentialAction":[{"@type":"ReadAction","target":["https:\/\/www.pressenza.com\/it\/2023\/10\/con-chi-stai-con-chi-ti-schieri\/"]}]},{"@type":"ImageObject","inLanguage":"it-IT","@id":"https:\/\/www.pressenza.com\/it\/2023\/10\/con-chi-stai-con-chi-ti-schieri\/#primaryimage","url":"https:\/\/www.pressenza.com\/wp-content\/uploads\/2023\/10\/bambini-Bansky-rit.jpg","contentUrl":"https:\/\/www.pressenza.com\/wp-content\/uploads\/2023\/10\/bambini-Bansky-rit.jpg","width":664,"height":526},{"@type":"BreadcrumbList","@id":"https:\/\/www.pressenza.com\/it\/2023\/10\/con-chi-stai-con-chi-ti-schieri\/#breadcrumb","itemListElement":[{"@type":"ListItem","position":1,"name":"Accueil","item":"https:\/\/www.pressenza.com\/it\/"},{"@type":"ListItem","position":2,"name":"&#8220;Con chi stai? Con chi ti schieri?\u201d"}]},{"@type":"WebSite","@id":"https:\/\/www.pressenza.com\/it\/#website","url":"https:\/\/www.pressenza.com\/it\/","name":"Pressenza","description":"Agenzia di Stampa Internazionale","publisher":{"@id":"https:\/\/www.pressenza.com\/it\/#organization"},"potentialAction":[{"@type":"SearchAction","target":{"@type":"EntryPoint","urlTemplate":"https:\/\/www.pressenza.com\/it\/?s={search_term_string}"},"query-input":{"@type":"PropertyValueSpecification","valueRequired":true,"valueName":"search_term_string"}}],"inLanguage":"it-IT"},{"@type":"Organization","@id":"https:\/\/www.pressenza.com\/it\/#organization","name":"Pressenza","url":"https:\/\/www.pressenza.com\/it\/","logo":{"@type":"ImageObject","inLanguage":"it-IT","@id":"https:\/\/www.pressenza.com\/it\/#\/schema\/logo\/image\/","url":"https:\/\/www.pressenza.com\/wp-content\/uploads\/2022\/10\/pressenza_logo_200x200.jpg","contentUrl":"https:\/\/www.pressenza.com\/wp-content\/uploads\/2022\/10\/pressenza_logo_200x200.jpg","width":200,"height":200,"caption":"Pressenza"},"image":{"@id":"https:\/\/www.pressenza.com\/it\/#\/schema\/logo\/image\/"},"sameAs":["https:\/\/www.facebook.com\/PressenzaItalia","https:\/\/x.com\/PressenzaIPA"]},{"@type":"Person","@id":"https:\/\/www.pressenza.com\/it\/#\/schema\/person\/d983e81827ae24f2c7b1a2123d197f8d","name":"Redazione Italia","description":"News from the Pressenza Bureau in Italy","sameAs":["https:\/\/www.pressenza.com\/it\/author\/redazione-italia\/","https:\/\/www.facebook.com\/PressenzaItalia","https:\/\/www.instagram.com\/pressenza_italia\/","https:\/\/x.com\/pressenza_it","https:\/\/www.youtube.com\/channel\/UCSalEIWjE1RSxkwjfftFuqg"],"url":"https:\/\/www.pressenza.com\/it\/author\/redazione-italia\/"}]}},"place":"","original_article_url":"","_links":{"self":[{"href":"https:\/\/www.pressenza.com\/it\/wp-json\/wp\/v2\/posts\/1773946","targetHints":{"allow":["GET"]}}],"collection":[{"href":"https:\/\/www.pressenza.com\/it\/wp-json\/wp\/v2\/posts"}],"about":[{"href":"https:\/\/www.pressenza.com\/it\/wp-json\/wp\/v2\/types\/post"}],"author":[{"embeddable":true,"href":"https:\/\/www.pressenza.com\/it\/wp-json\/wp\/v2\/users\/594"}],"replies":[{"embeddable":true,"href":"https:\/\/www.pressenza.com\/it\/wp-json\/wp\/v2\/comments?post=1773946"}],"version-history":[{"count":0,"href":"https:\/\/www.pressenza.com\/it\/wp-json\/wp\/v2\/posts\/1773946\/revisions"}],"wp:featuredmedia":[{"embeddable":true,"href":"https:\/\/www.pressenza.com\/it\/wp-json\/wp\/v2\/media\/1773413"}],"wp:attachment":[{"href":"https:\/\/www.pressenza.com\/it\/wp-json\/wp\/v2\/media?parent=1773946"}],"wp:term":[{"taxonomy":"category","embeddable":true,"href":"https:\/\/www.pressenza.com\/it\/wp-json\/wp\/v2\/categories?post=1773946"},{"taxonomy":"post_tag","embeddable":true,"href":"https:\/\/www.pressenza.com\/it\/wp-json\/wp\/v2\/tags?post=1773946"}],"curies":[{"name":"wp","href":"https:\/\/api.w.org\/{rel}","templated":true}]}}