{"id":1773160,"date":"2023-10-10T14:39:21","date_gmt":"2023-10-10T13:39:21","guid":{"rendered":"https:\/\/www.pressenza.com\/?p=1773160"},"modified":"2023-10-10T14:40:37","modified_gmt":"2023-10-10T13:40:37","slug":"inaccettabile-londata-di-fango-e-odio-che-la-magistrata-iolanda-apostolico-sta-subendo","status":"publish","type":"post","link":"https:\/\/www.pressenza.com\/it\/2023\/10\/inaccettabile-londata-di-fango-e-odio-che-la-magistrata-iolanda-apostolico-sta-subendo\/","title":{"rendered":"Inaccettabile l\u2019ondata di fango e odio che la magistrata Iolanda Apostolico sta subendo"},"content":{"rendered":"<p>Inaccettabile l\u2019ondata di fango e odio che la magistrata Iolanda Apostolico sta subendo in queste ore solo per aver fatto il suo lavoro in scienza e coscienza, disapplicando con sentenza il decreto sull\u2019immigrazione del Governo Meloni, il cosiddetto decreto Cutro.<\/p>\n<p>Una sentenza che nulla ha a che fare con l\u2019ideologia, ma molto con il rispetto della Costituzione, dei trattati europei e con il rispetto dei diritti umani.<\/p>\n<p>Eppure, evidentemente, a una donna magistrata non si perdona l\u2019indipendenza di pensiero e il coraggio di esprimerlo, pur nel linguaggio giuridico e nel solco delle prerogative dettate dalla Costituzione.<\/p>\n<p>Per questo il <a href=\"https:\/\/ecofemministe.wixsite.com\/ecofem\">Coordinamento Ecofemminista<\/a> esprime massima solidariet\u00e0 alla giudice Apostolico, incoraggiandola ad andare avanti con seriet\u00e0 e sobriet\u00e0 come ha fatto finora.<\/p>\n<p>Aderiscono:<\/p>\n<p>Associazione Freedomina Napoli, Vita Activa Nuova Aps Editrice, Governo di Lei, Iniziativa Femminista, Anita Sonego \u2013 Presidente onoraria della Casa delle Donne di Milano, Francesca Rossi per il Consiglio Direttivo della Casa delle Donne di Milano, Rosangela Pesenti &#8211; UDI Velia Sacchi Bergamo, Laura Cima, Gabriella Taddeo, Maril\u00f9 Mastrogiovanni, Eliana Rasera, Rosa D\u2019Amato, Alessandra Maiorino, Laura Moschini, Laura Incantalupo, Ilaria Baldini, Wilma Calleri, Liliana Marchi, Marina Zweyer, Elena Zweyer, Antonella Farina Riva, Antonella Venturelli, Graziella Lorigliola, Daniela Gerin, Giuliana Segarich, Rosanna Agapito, Cristiana Morsolin, Mariangela Pacorig, Silvia Pierotti, Alessandro Saullo, Eros Barbo, Marcello Serafini, Donatella Roghelia, Anita Battististuta, Simonetta Ferrero, Associazione Tempi di Fraternit\u00e0\u00a0 di Asti,\u00a0 Giorgio Saglietti, Marina Cavallini \u2013 Casa delle donne di Milano, Luisa Rasero, Maria Pierri &#8211; Neuropsichiatra Infantile &#8211; Milano, Parisina Dettoni, Serenella Molendini &#8211; CREIS, Marina Cavallini &#8211; Casa delle Donne di Milano<\/p>\n<p><a href=\"https:\/\/www.change.org\/p\/inaccettabile-l-ondata-di-fango-ed-odio-che-la-magistrata-iolanda-apostolico-sta-su?recruiter=51279317&amp;recruited_by_id=e1048720-ab73-0130-8871-3c764e0455b2&amp;utm_source=share_petition&amp;utm_campaign=share_petition&amp;utm_term=share_for_starters_page&amp;utm_medium=copylink&amp;utm_content=cl_sharecopy_37652552_it-IT%3A0\">Link per firmare la petizione.<\/a><\/p>\n<p><strong>\u00a0<\/strong><\/p>\n<p>&nbsp;<\/p>\n","protected":false},"excerpt":{"rendered":"<p>Inaccettabile l\u2019ondata di fango e odio che la magistrata Iolanda Apostolico sta subendo in queste ore solo per aver fatto il suo lavoro in scienza e coscienza, disapplicando con sentenza il decreto sull\u2019immigrazione del Governo Meloni, il cosiddetto decreto Cutro.&hellip;<\/p>\n","protected":false},"author":594,"featured_media":1773161,"comment_status":"closed","ping_status":"closed","sticky":false,"template":"","format":"standard","meta":{"footnotes":""},"categories":[107392,60,47],"tags":[116882,112104,116707,1564,1634],"class_list":["post-1773160","post","type-post","status-publish","format-standard","has-post-thumbnail","hentry","category-noticia-it","category-diritti-umani","category-europa","tag-coordinamento-ecofemminista","tag-decreto-cutro","tag-iolanda-apostolico","tag-petizione","tag-solidarieta"],"yoast_head":"<!-- This site is optimized with the Yoast SEO plugin v27.1.1 - https:\/\/yoast.com\/product\/yoast-seo-wordpress\/ -->\n<title>Inaccettabile l\u2019ondata di fango e odio che la magistrata Iolanda Apostolico sta subendo<\/title>\n<meta name=\"description\" content=\"Inaccettabile l\u2019ondata di fango e odio che la magistrata Iolanda Apostolico sta subendo in queste ore solo per aver fatto il suo lavoro in scienza e\" \/>\n<meta name=\"robots\" content=\"index, follow, max-snippet:-1, max-image-preview:large, max-video-preview:-1\" \/>\n<link rel=\"canonical\" href=\"https:\/\/www.pressenza.com\/it\/2023\/10\/inaccettabile-londata-di-fango-e-odio-che-la-magistrata-iolanda-apostolico-sta-subendo\/\" \/>\n<meta property=\"og:locale\" content=\"it_IT\" \/>\n<meta property=\"og:type\" content=\"article\" \/>\n<meta property=\"og:title\" content=\"Inaccettabile l\u2019ondata di fango e odio che la magistrata Iolanda Apostolico sta subendo\" \/>\n<meta property=\"og:description\" content=\"Inaccettabile l\u2019ondata di fango e odio che la magistrata Iolanda Apostolico sta subendo in queste ore solo per aver fatto il suo lavoro in scienza e\" \/>\n<meta property=\"og:url\" content=\"https:\/\/www.pressenza.com\/it\/2023\/10\/inaccettabile-londata-di-fango-e-odio-che-la-magistrata-iolanda-apostolico-sta-subendo\/\" \/>\n<meta property=\"og:site_name\" content=\"Pressenza\" \/>\n<meta property=\"article:publisher\" content=\"https:\/\/www.facebook.com\/PressenzaItalia\" \/>\n<meta property=\"article:author\" content=\"https:\/\/www.facebook.com\/PressenzaItalia\" \/>\n<meta property=\"article:published_time\" content=\"2023-10-10T13:39:21+00:00\" \/>\n<meta property=\"article:modified_time\" content=\"2023-10-10T13:40:37+00:00\" \/>\n<meta property=\"og:image\" content=\"https:\/\/www.pressenza.com\/wp-content\/uploads\/2023\/10\/petizione-Apostolico.webp\" \/>\n\t<meta property=\"og:image:width\" content=\"522\" \/>\n\t<meta property=\"og:image:height\" content=\"293\" \/>\n\t<meta property=\"og:image:type\" content=\"image\/webp\" \/>\n<meta name=\"author\" content=\"Redazione Italia\" \/>\n<meta name=\"twitter:card\" content=\"summary_large_image\" \/>\n<meta name=\"twitter:creator\" content=\"@pressenza_it\" \/>\n<meta name=\"twitter:site\" content=\"@PressenzaIPA\" \/>\n<meta name=\"twitter:label1\" content=\"Scritto da\" \/>\n\t<meta name=\"twitter:data1\" content=\"Redazione Italia\" \/>\n\t<meta name=\"twitter:label2\" content=\"Tempo di lettura stimato\" \/>\n\t<meta name=\"twitter:data2\" content=\"2 minuti\" \/>\n<script type=\"application\/ld+json\" class=\"yoast-schema-graph\">{\"@context\":\"https:\/\/schema.org\",\"@graph\":[{\"@type\":\"Article\",\"@id\":\"https:\/\/www.pressenza.com\/it\/2023\/10\/inaccettabile-londata-di-fango-e-odio-che-la-magistrata-iolanda-apostolico-sta-subendo\/#article\",\"isPartOf\":{\"@id\":\"https:\/\/www.pressenza.com\/it\/2023\/10\/inaccettabile-londata-di-fango-e-odio-che-la-magistrata-iolanda-apostolico-sta-subendo\/\"},\"author\":{\"name\":\"Redazione Italia\",\"@id\":\"https:\/\/www.pressenza.com\/it\/#\/schema\/person\/d983e81827ae24f2c7b1a2123d197f8d\"},\"headline\":\"Inaccettabile l\u2019ondata di fango e odio che la magistrata Iolanda Apostolico sta subendo\",\"datePublished\":\"2023-10-10T13:39:21+00:00\",\"dateModified\":\"2023-10-10T13:40:37+00:00\",\"mainEntityOfPage\":{\"@id\":\"https:\/\/www.pressenza.com\/it\/2023\/10\/inaccettabile-londata-di-fango-e-odio-che-la-magistrata-iolanda-apostolico-sta-subendo\/\"},\"wordCount\":282,\"publisher\":{\"@id\":\"https:\/\/www.pressenza.com\/it\/#organization\"},\"image\":{\"@id\":\"https:\/\/www.pressenza.com\/it\/2023\/10\/inaccettabile-londata-di-fango-e-odio-che-la-magistrata-iolanda-apostolico-sta-subendo\/#primaryimage\"},\"thumbnailUrl\":\"https:\/\/www.pressenza.com\/wp-content\/uploads\/2023\/10\/petizione-Apostolico.webp\",\"keywords\":[\"Coordinamento Ecofemminista\",\"decreto cutro\",\"Iolanda Apostolico\",\"petizione\",\"solidariet\u00e0\"],\"articleSection\":[\"Cronaca\",\"Diritti Umani\",\"Europa\"],\"inLanguage\":\"it-IT\"},{\"@type\":\"WebPage\",\"@id\":\"https:\/\/www.pressenza.com\/it\/2023\/10\/inaccettabile-londata-di-fango-e-odio-che-la-magistrata-iolanda-apostolico-sta-subendo\/\",\"url\":\"https:\/\/www.pressenza.com\/it\/2023\/10\/inaccettabile-londata-di-fango-e-odio-che-la-magistrata-iolanda-apostolico-sta-subendo\/\",\"name\":\"Inaccettabile l\u2019ondata di fango e odio che la magistrata Iolanda Apostolico sta subendo\",\"isPartOf\":{\"@id\":\"https:\/\/www.pressenza.com\/it\/#website\"},\"primaryImageOfPage\":{\"@id\":\"https:\/\/www.pressenza.com\/it\/2023\/10\/inaccettabile-londata-di-fango-e-odio-che-la-magistrata-iolanda-apostolico-sta-subendo\/#primaryimage\"},\"image\":{\"@id\":\"https:\/\/www.pressenza.com\/it\/2023\/10\/inaccettabile-londata-di-fango-e-odio-che-la-magistrata-iolanda-apostolico-sta-subendo\/#primaryimage\"},\"thumbnailUrl\":\"https:\/\/www.pressenza.com\/wp-content\/uploads\/2023\/10\/petizione-Apostolico.webp\",\"datePublished\":\"2023-10-10T13:39:21+00:00\",\"dateModified\":\"2023-10-10T13:40:37+00:00\",\"description\":\"Inaccettabile l\u2019ondata di fango e odio che la magistrata Iolanda Apostolico sta subendo in queste ore solo per aver fatto il suo lavoro in scienza e\",\"breadcrumb\":{\"@id\":\"https:\/\/www.pressenza.com\/it\/2023\/10\/inaccettabile-londata-di-fango-e-odio-che-la-magistrata-iolanda-apostolico-sta-subendo\/#breadcrumb\"},\"inLanguage\":\"it-IT\",\"potentialAction\":[{\"@type\":\"ReadAction\",\"target\":[\"https:\/\/www.pressenza.com\/it\/2023\/10\/inaccettabile-londata-di-fango-e-odio-che-la-magistrata-iolanda-apostolico-sta-subendo\/\"]}]},{\"@type\":\"ImageObject\",\"inLanguage\":\"it-IT\",\"@id\":\"https:\/\/www.pressenza.com\/it\/2023\/10\/inaccettabile-londata-di-fango-e-odio-che-la-magistrata-iolanda-apostolico-sta-subendo\/#primaryimage\",\"url\":\"https:\/\/www.pressenza.com\/wp-content\/uploads\/2023\/10\/petizione-Apostolico.webp\",\"contentUrl\":\"https:\/\/www.pressenza.com\/wp-content\/uploads\/2023\/10\/petizione-Apostolico.webp\",\"width\":522,\"height\":293},{\"@type\":\"BreadcrumbList\",\"@id\":\"https:\/\/www.pressenza.com\/it\/2023\/10\/inaccettabile-londata-di-fango-e-odio-che-la-magistrata-iolanda-apostolico-sta-subendo\/#breadcrumb\",\"itemListElement\":[{\"@type\":\"ListItem\",\"position\":1,\"name\":\"Accueil\",\"item\":\"https:\/\/www.pressenza.com\/it\/\"},{\"@type\":\"ListItem\",\"position\":2,\"name\":\"Inaccettabile l\u2019ondata di fango e odio che la magistrata Iolanda Apostolico sta subendo\"}]},{\"@type\":\"WebSite\",\"@id\":\"https:\/\/www.pressenza.com\/it\/#website\",\"url\":\"https:\/\/www.pressenza.com\/it\/\",\"name\":\"Pressenza\",\"description\":\"Agenzia di Stampa Internazionale\",\"publisher\":{\"@id\":\"https:\/\/www.pressenza.com\/it\/#organization\"},\"potentialAction\":[{\"@type\":\"SearchAction\",\"target\":{\"@type\":\"EntryPoint\",\"urlTemplate\":\"https:\/\/www.pressenza.com\/it\/?s={search_term_string}\"},\"query-input\":{\"@type\":\"PropertyValueSpecification\",\"valueRequired\":true,\"valueName\":\"search_term_string\"}}],\"inLanguage\":\"it-IT\"},{\"@type\":\"Organization\",\"@id\":\"https:\/\/www.pressenza.com\/it\/#organization\",\"name\":\"Pressenza\",\"url\":\"https:\/\/www.pressenza.com\/it\/\",\"logo\":{\"@type\":\"ImageObject\",\"inLanguage\":\"it-IT\",\"@id\":\"https:\/\/www.pressenza.com\/it\/#\/schema\/logo\/image\/\",\"url\":\"https:\/\/www.pressenza.com\/wp-content\/uploads\/2022\/10\/pressenza_logo_200x200.jpg\",\"contentUrl\":\"https:\/\/www.pressenza.com\/wp-content\/uploads\/2022\/10\/pressenza_logo_200x200.jpg\",\"width\":200,\"height\":200,\"caption\":\"Pressenza\"},\"image\":{\"@id\":\"https:\/\/www.pressenza.com\/it\/#\/schema\/logo\/image\/\"},\"sameAs\":[\"https:\/\/www.facebook.com\/PressenzaItalia\",\"https:\/\/x.com\/PressenzaIPA\"]},{\"@type\":\"Person\",\"@id\":\"https:\/\/www.pressenza.com\/it\/#\/schema\/person\/d983e81827ae24f2c7b1a2123d197f8d\",\"name\":\"Redazione Italia\",\"description\":\"News from the Pressenza Bureau in Italy\",\"sameAs\":[\"https:\/\/www.pressenza.com\/it\/author\/redazione-italia\/\",\"https:\/\/www.facebook.com\/PressenzaItalia\",\"https:\/\/www.instagram.com\/pressenza_italia\/\",\"https:\/\/x.com\/pressenza_it\",\"https:\/\/www.youtube.com\/channel\/UCSalEIWjE1RSxkwjfftFuqg\"],\"url\":\"https:\/\/www.pressenza.com\/it\/author\/redazione-italia\/\"}]}<\/script>\n<!-- \/ Yoast SEO plugin. -->","yoast_head_json":{"title":"Inaccettabile l\u2019ondata di fango e odio che la magistrata Iolanda Apostolico sta subendo","description":"Inaccettabile l\u2019ondata di fango e odio che la magistrata Iolanda Apostolico sta subendo in queste ore solo per aver fatto il suo lavoro in scienza e","robots":{"index":"index","follow":"follow","max-snippet":"max-snippet:-1","max-image-preview":"max-image-preview:large","max-video-preview":"max-video-preview:-1"},"canonical":"https:\/\/www.pressenza.com\/it\/2023\/10\/inaccettabile-londata-di-fango-e-odio-che-la-magistrata-iolanda-apostolico-sta-subendo\/","og_locale":"it_IT","og_type":"article","og_title":"Inaccettabile l\u2019ondata di fango e odio che la magistrata Iolanda Apostolico sta subendo","og_description":"Inaccettabile l\u2019ondata di fango e odio che la magistrata Iolanda Apostolico sta subendo in queste ore solo per aver fatto il suo lavoro in scienza e","og_url":"https:\/\/www.pressenza.com\/it\/2023\/10\/inaccettabile-londata-di-fango-e-odio-che-la-magistrata-iolanda-apostolico-sta-subendo\/","og_site_name":"Pressenza","article_publisher":"https:\/\/www.facebook.com\/PressenzaItalia","article_author":"https:\/\/www.facebook.com\/PressenzaItalia","article_published_time":"2023-10-10T13:39:21+00:00","article_modified_time":"2023-10-10T13:40:37+00:00","og_image":[{"width":522,"height":293,"url":"https:\/\/www.pressenza.com\/wp-content\/uploads\/2023\/10\/petizione-Apostolico.webp","type":"image\/webp"}],"author":"Redazione Italia","twitter_card":"summary_large_image","twitter_creator":"@pressenza_it","twitter_site":"@PressenzaIPA","twitter_misc":{"Scritto da":"Redazione Italia","Tempo di lettura stimato":"2 minuti"},"schema":{"@context":"https:\/\/schema.org","@graph":[{"@type":"Article","@id":"https:\/\/www.pressenza.com\/it\/2023\/10\/inaccettabile-londata-di-fango-e-odio-che-la-magistrata-iolanda-apostolico-sta-subendo\/#article","isPartOf":{"@id":"https:\/\/www.pressenza.com\/it\/2023\/10\/inaccettabile-londata-di-fango-e-odio-che-la-magistrata-iolanda-apostolico-sta-subendo\/"},"author":{"name":"Redazione Italia","@id":"https:\/\/www.pressenza.com\/it\/#\/schema\/person\/d983e81827ae24f2c7b1a2123d197f8d"},"headline":"Inaccettabile l\u2019ondata di fango e odio che la magistrata Iolanda Apostolico sta subendo","datePublished":"2023-10-10T13:39:21+00:00","dateModified":"2023-10-10T13:40:37+00:00","mainEntityOfPage":{"@id":"https:\/\/www.pressenza.com\/it\/2023\/10\/inaccettabile-londata-di-fango-e-odio-che-la-magistrata-iolanda-apostolico-sta-subendo\/"},"wordCount":282,"publisher":{"@id":"https:\/\/www.pressenza.com\/it\/#organization"},"image":{"@id":"https:\/\/www.pressenza.com\/it\/2023\/10\/inaccettabile-londata-di-fango-e-odio-che-la-magistrata-iolanda-apostolico-sta-subendo\/#primaryimage"},"thumbnailUrl":"https:\/\/www.pressenza.com\/wp-content\/uploads\/2023\/10\/petizione-Apostolico.webp","keywords":["Coordinamento Ecofemminista","decreto cutro","Iolanda Apostolico","petizione","solidariet\u00e0"],"articleSection":["Cronaca","Diritti Umani","Europa"],"inLanguage":"it-IT"},{"@type":"WebPage","@id":"https:\/\/www.pressenza.com\/it\/2023\/10\/inaccettabile-londata-di-fango-e-odio-che-la-magistrata-iolanda-apostolico-sta-subendo\/","url":"https:\/\/www.pressenza.com\/it\/2023\/10\/inaccettabile-londata-di-fango-e-odio-che-la-magistrata-iolanda-apostolico-sta-subendo\/","name":"Inaccettabile l\u2019ondata di fango e odio che la magistrata Iolanda Apostolico sta subendo","isPartOf":{"@id":"https:\/\/www.pressenza.com\/it\/#website"},"primaryImageOfPage":{"@id":"https:\/\/www.pressenza.com\/it\/2023\/10\/inaccettabile-londata-di-fango-e-odio-che-la-magistrata-iolanda-apostolico-sta-subendo\/#primaryimage"},"image":{"@id":"https:\/\/www.pressenza.com\/it\/2023\/10\/inaccettabile-londata-di-fango-e-odio-che-la-magistrata-iolanda-apostolico-sta-subendo\/#primaryimage"},"thumbnailUrl":"https:\/\/www.pressenza.com\/wp-content\/uploads\/2023\/10\/petizione-Apostolico.webp","datePublished":"2023-10-10T13:39:21+00:00","dateModified":"2023-10-10T13:40:37+00:00","description":"Inaccettabile l\u2019ondata di fango e odio che la magistrata Iolanda Apostolico sta subendo in queste ore solo per aver fatto il suo lavoro in scienza e","breadcrumb":{"@id":"https:\/\/www.pressenza.com\/it\/2023\/10\/inaccettabile-londata-di-fango-e-odio-che-la-magistrata-iolanda-apostolico-sta-subendo\/#breadcrumb"},"inLanguage":"it-IT","potentialAction":[{"@type":"ReadAction","target":["https:\/\/www.pressenza.com\/it\/2023\/10\/inaccettabile-londata-di-fango-e-odio-che-la-magistrata-iolanda-apostolico-sta-subendo\/"]}]},{"@type":"ImageObject","inLanguage":"it-IT","@id":"https:\/\/www.pressenza.com\/it\/2023\/10\/inaccettabile-londata-di-fango-e-odio-che-la-magistrata-iolanda-apostolico-sta-subendo\/#primaryimage","url":"https:\/\/www.pressenza.com\/wp-content\/uploads\/2023\/10\/petizione-Apostolico.webp","contentUrl":"https:\/\/www.pressenza.com\/wp-content\/uploads\/2023\/10\/petizione-Apostolico.webp","width":522,"height":293},{"@type":"BreadcrumbList","@id":"https:\/\/www.pressenza.com\/it\/2023\/10\/inaccettabile-londata-di-fango-e-odio-che-la-magistrata-iolanda-apostolico-sta-subendo\/#breadcrumb","itemListElement":[{"@type":"ListItem","position":1,"name":"Accueil","item":"https:\/\/www.pressenza.com\/it\/"},{"@type":"ListItem","position":2,"name":"Inaccettabile l\u2019ondata di fango e odio che la magistrata Iolanda Apostolico sta subendo"}]},{"@type":"WebSite","@id":"https:\/\/www.pressenza.com\/it\/#website","url":"https:\/\/www.pressenza.com\/it\/","name":"Pressenza","description":"Agenzia di Stampa Internazionale","publisher":{"@id":"https:\/\/www.pressenza.com\/it\/#organization"},"potentialAction":[{"@type":"SearchAction","target":{"@type":"EntryPoint","urlTemplate":"https:\/\/www.pressenza.com\/it\/?s={search_term_string}"},"query-input":{"@type":"PropertyValueSpecification","valueRequired":true,"valueName":"search_term_string"}}],"inLanguage":"it-IT"},{"@type":"Organization","@id":"https:\/\/www.pressenza.com\/it\/#organization","name":"Pressenza","url":"https:\/\/www.pressenza.com\/it\/","logo":{"@type":"ImageObject","inLanguage":"it-IT","@id":"https:\/\/www.pressenza.com\/it\/#\/schema\/logo\/image\/","url":"https:\/\/www.pressenza.com\/wp-content\/uploads\/2022\/10\/pressenza_logo_200x200.jpg","contentUrl":"https:\/\/www.pressenza.com\/wp-content\/uploads\/2022\/10\/pressenza_logo_200x200.jpg","width":200,"height":200,"caption":"Pressenza"},"image":{"@id":"https:\/\/www.pressenza.com\/it\/#\/schema\/logo\/image\/"},"sameAs":["https:\/\/www.facebook.com\/PressenzaItalia","https:\/\/x.com\/PressenzaIPA"]},{"@type":"Person","@id":"https:\/\/www.pressenza.com\/it\/#\/schema\/person\/d983e81827ae24f2c7b1a2123d197f8d","name":"Redazione Italia","description":"News from the Pressenza Bureau in Italy","sameAs":["https:\/\/www.pressenza.com\/it\/author\/redazione-italia\/","https:\/\/www.facebook.com\/PressenzaItalia","https:\/\/www.instagram.com\/pressenza_italia\/","https:\/\/x.com\/pressenza_it","https:\/\/www.youtube.com\/channel\/UCSalEIWjE1RSxkwjfftFuqg"],"url":"https:\/\/www.pressenza.com\/it\/author\/redazione-italia\/"}]}},"place":"","original_article_url":"","_links":{"self":[{"href":"https:\/\/www.pressenza.com\/it\/wp-json\/wp\/v2\/posts\/1773160","targetHints":{"allow":["GET"]}}],"collection":[{"href":"https:\/\/www.pressenza.com\/it\/wp-json\/wp\/v2\/posts"}],"about":[{"href":"https:\/\/www.pressenza.com\/it\/wp-json\/wp\/v2\/types\/post"}],"author":[{"embeddable":true,"href":"https:\/\/www.pressenza.com\/it\/wp-json\/wp\/v2\/users\/594"}],"replies":[{"embeddable":true,"href":"https:\/\/www.pressenza.com\/it\/wp-json\/wp\/v2\/comments?post=1773160"}],"version-history":[{"count":0,"href":"https:\/\/www.pressenza.com\/it\/wp-json\/wp\/v2\/posts\/1773160\/revisions"}],"wp:featuredmedia":[{"embeddable":true,"href":"https:\/\/www.pressenza.com\/it\/wp-json\/wp\/v2\/media\/1773161"}],"wp:attachment":[{"href":"https:\/\/www.pressenza.com\/it\/wp-json\/wp\/v2\/media?parent=1773160"}],"wp:term":[{"taxonomy":"category","embeddable":true,"href":"https:\/\/www.pressenza.com\/it\/wp-json\/wp\/v2\/categories?post=1773160"},{"taxonomy":"post_tag","embeddable":true,"href":"https:\/\/www.pressenza.com\/it\/wp-json\/wp\/v2\/tags?post=1773160"}],"curies":[{"name":"wp","href":"https:\/\/api.w.org\/{rel}","templated":true}]}}