{"id":1772896,"date":"2023-10-09T15:43:33","date_gmt":"2023-10-09T14:43:33","guid":{"rendered":"https:\/\/www.pressenza.com\/?p=1772896"},"modified":"2023-10-09T15:43:33","modified_gmt":"2023-10-09T14:43:33","slug":"la-sonda-amatoriale-tsv3-vince-il-record-di-altitudine","status":"publish","type":"post","link":"https:\/\/www.pressenza.com\/it\/2023\/10\/la-sonda-amatoriale-tsv3-vince-il-record-di-altitudine\/","title":{"rendered":"La sonda amatoriale TSV3 vince il record di altitudine"},"content":{"rendered":"<p>\u201cSpazio &#8230; ultima frontiera&#8230;\u201d cos\u00ec iniziava il celebre telefilm Star Trek tanto caro a molti appassionati di SciFi, sottoscritto compreso.<\/p>\n<p>Ma, mentre sulle dimensioni della suddetta frontiera non vi sono dubbi, non possiamo dire altrettanto su quanto essa sia distante da noi esseri umani fisicamente.<\/p>\n<p>Una misurazione precisa su dove lo Spazio inizi, e di conseguenza termini la nostra \u201cbolla di sopravvivenza\u201d generata dalla atmosfera terrestre, non esiste; si \u00e8 perci\u00f2 considerato un limite convenzionale, chiamato Linea di Karman, posto inizialmente a 100 Km di quota dalla superficie Terrestre (limite poi ridimensionato a 80 Km).<\/p>\n<p>La definizione di questo confine \u00e8 accettata dalla\u00a0F\u00e9d\u00e9ration A\u00e9ronautique Internationale\u00a0(FAI), un organo di standardizzazione internazionale ed un ente certificatore per i record aeronautici ed astronautici (ma di questo parleremo dopo).<\/p>\n<p>La linea prende il nome da\u00a0Theodore von K\u00e1rm\u00e1n, un ingegnere e fisico ungaro-americano, che calcol\u00f2 una altidudine alla quale l\u2019atmosfera diventa troppo rarefatta per poter permettere il\u00a0volo classico legato al sostentamento di un velivolo in modo aerodinamico.<\/p>\n<p>Di fatto, essendo un limite convenzionale, le caratteristiche che possiamo considerare come \u201cspaziali\u201d intervengono molto prima di tale limite.<\/p>\n<p>Questo significa che esperimenti che hanno bisogno di un ambiente spaziale, possono essere comunque eseguiti con risultati molto simili a quelli che si potrebbero ottenere oltre la suddetta Linea, ma a quote pi\u00f9 basse.<\/p>\n<p>Mi riferisco, ad esempio, alle misurazioni legate allo studio della radiazione Cosmica che inizia ad essere attenuata, dalla presenza degli strati pi\u00f9 densi dell\u2019atmofera, a quote molto inferiori alla Linea e addirittura nella parte alta della Stratosfera (tra i 30 Km ed i 50 Km).<\/p>\n<p>Luoghi in cui la densit\u00e0 dell\u2019atmosfera terrestre non \u00e8 ancora in grado di interagire pesantemente con le grandezze ricercate e quindi ove possiamo effettuare osservazioni dirette della radiazione grazie a particolari strumenti: le sonde Stratosferiche.<\/p>\n<p>Queste vengono rilasciate dalla superficie terrestre ed arrivano ad altezze considerevoli (oltre i 30.000 m) ove \u00e8 possibile effettuare agevolmente i le sudddette misurazioni.<\/p>\n<p>Nonostante la facilit\u00e0 con la quale si possa raggiungere quelle altezze, normalmente sfruttando l\u2019utilizzo di palloni particolari in caucci\u00f9 caricati ad Elio, la costruzione di una sonda dedicata implica una competenza ingegneristica, strutturale ed organizzativa non indifferente.<\/p>\n<p>Nel 2019, e precisamente l\u201913 Luglio, una associazione non nuova ad imprese legate allo studio dell\u2019alta Atmosfera, la TSA (Turin Space Activity una costola della associazione Piloti Virtuali Italiani), lancia una sonda particolare per eseguire alcuni esperimenti a riguardo delle suddette condizioni in alta Startosfera.<\/p>\n<p>Essa, oltre ad alcuni esperimenti a bordo atti alla misurazione della radiazione Cosmica, trasportava tre modelli in scala 1:6 raffiguranti la Crew della Apollo 11: lo scopo era infatti anche ricordare il 50 ennio dello sbarco sulla Luna.<\/p>\n<p>Il Team tutto torinese, si \u00e8 avvalso della collaborazione della Aviosuperficie di Castello di Annone (AT) dalla quale il sistema di volo \u00e8 stato lanciato.<\/p>\n<p>Il Sistema consiteva in: un pallone stratosferico (che alla quota stabilit\u00e0 si \u00e8 espanso fino al diametro di circa 20 m), un paracadute per frenare la discesa della sonda una volta esploso il pallone e la sonda riproducente la capsula della missione Apollo 11 in scala 1:6 (firmata dall\u2019astronauta Paolo Naspoli).<\/p>\n<p>Tutto il sistema di volo \u00e8 stato rigorosamente prodotto a mano cos\u00ec come le riproduzioni dei tre astronauti poste al suo interno.<\/p>\n<p>La Sonda, chiamata TSV3 (o amichevolmente in piemontese Tota Sunda), conteneva non solo i modelli, ma ovviamente un set sensoristico adeguato alle misurazioni da effettuare lungo il volo (temperatura, pressione, altitudine, umidit\u00e0, etc.), un set di telecamere per riprendere il volo, il pallone e l\u2019interno della \u201cCapsula\u201d, l\u2019apparato trasmissivo per il trasferimento dei dati alla stazione di terra, gli esperimenti di misurazione della radiazione Cosmica ed un sistema GPS per il tracciamento ed il recupero.<\/p>\n<p>Tutto questo rigorosamente studiato anche a livello di pesi per rimanere all\u2019interno di 4.0 Kg imposti dalle autorizzazioni previste per il volo.<\/p>\n<p>La quota raggiunta dalla sonda \u00e8 stata di 33.156 m, tutta la sensoristica di volo ha funzionato alla perfezione ed i dati sono stati ricevuti a terra, alcuni processati in tempo reale (quali altitudine, posizione, pressione) altri dopo il recupero a terra della sonda (Radiation data, mission profile e video frames).<\/p>\n<p>Partita dall\u2019Aviosuperficie dei \u201cCorvi\u201d a Castello di Annone (AT) \u00e8 stata recuperata, dopo un ammaraggio morbido, a circa 6 miglia nautiche al largo di Chiavari con grande soddisfazione di modellisti, costruttori e sperimentatori.<\/p>\n<p>L\u2019epilogo dell\u2019impresa si \u00e8 svolto in questi giorni.<\/p>\n<p>Sabato 7 Ottobre 2023, dopo attente analisi della missione, i dati recuperati e il report post volo fornito al termine delle operazioni di verifica dopo l\u2019ammaraggio, l\u2019intera impresa \u00e8 stata cerificata come RECORD EVENT dal Guinnes World Record!<\/p>\n<p>Il Record \u00e8 stato certificato ai suddetti:<\/p>\n<p>Roberto ALIBERTI, Luca MOLINARI, Renato GALTER, Andrea BUOSO, Paolo NAVONE, Marco AMBROSIO, Gianluca GIANFALDONI, Riccardo BORRELLI e Davide MAGNANO<\/p>\n<p>Menzione per: PVI (Piloti Virtuali Italiani), TSA (Turin Space Activity) e Aviosuperficie Astigiana<\/p>\n<p>&nbsp;<\/p>\n<p><img loading=\"lazy\" decoding=\"async\" class=\"aligncenter size-large wp-image-1772897\" src=\"https:\/\/www.pressenza.com\/wp-content\/uploads\/2023\/10\/sonda-TSV3-820x615.jpg\" alt=\"\" width=\"820\" height=\"615\" srcset=\"https:\/\/www.pressenza.com\/wp-content\/uploads\/2023\/10\/sonda-TSV3-820x615.jpg 820w, https:\/\/www.pressenza.com\/wp-content\/uploads\/2023\/10\/sonda-TSV3-300x225.jpg 300w, https:\/\/www.pressenza.com\/wp-content\/uploads\/2023\/10\/sonda-TSV3.jpg 850w\" sizes=\"auto, (max-width: 820px) 100vw, 820px\" \/><\/p>\n<p>&nbsp;<\/p>\n<p>&nbsp;<\/p>\n<p>&nbsp;<\/p>\n","protected":false},"excerpt":{"rendered":"<p>\u201cSpazio &#8230; ultima frontiera&#8230;\u201d cos\u00ec iniziava il celebre telefilm Star Trek tanto caro a molti appassionati di SciFi, sottoscritto compreso. Ma, mentre sulle dimensioni della suddetta frontiera non vi sono dubbi, non possiamo dire altrettanto su quanto essa sia distante&hellip;<\/p>\n","protected":false},"author":2231,"featured_media":1772900,"comment_status":"closed","ping_status":"closed","sticky":false,"template":"","format":"standard","meta":{"footnotes":""},"categories":[11388,496],"tags":[116852,116851,49111],"class_list":["post-1772896","post","type-post","status-publish","format-standard","has-post-thumbnail","hentry","category-contenuti-originali","category-scienza-tecnologia","tag-guinnes-dei-primati","tag-sonda-amatoriale","tag-spazio"],"yoast_head":"<!-- This site is optimized with the Yoast SEO plugin v27.1.1 - https:\/\/yoast.com\/product\/yoast-seo-wordpress\/ -->\n<title>La sonda amatoriale TSV3 vince il record di altitudine<\/title>\n<meta name=\"description\" content=\"\u201cSpazio ... ultima frontiera...\u201d cos\u00ec iniziava il celebre telefilm Star Trek tanto caro a molti appassionati di SciFi, sottoscritto compreso. Ma, mentre\" \/>\n<meta name=\"robots\" content=\"index, follow, max-snippet:-1, max-image-preview:large, max-video-preview:-1\" \/>\n<link rel=\"canonical\" href=\"https:\/\/www.pressenza.com\/it\/2023\/10\/la-sonda-amatoriale-tsv3-vince-il-record-di-altitudine\/\" \/>\n<meta property=\"og:locale\" content=\"it_IT\" \/>\n<meta property=\"og:type\" content=\"article\" \/>\n<meta property=\"og:title\" content=\"La sonda amatoriale TSV3 vince il record di altitudine\" \/>\n<meta property=\"og:description\" content=\"\u201cSpazio ... ultima frontiera...\u201d cos\u00ec iniziava il celebre telefilm Star Trek tanto caro a molti appassionati di SciFi, sottoscritto compreso. Ma, mentre\" \/>\n<meta property=\"og:url\" content=\"https:\/\/www.pressenza.com\/it\/2023\/10\/la-sonda-amatoriale-tsv3-vince-il-record-di-altitudine\/\" \/>\n<meta property=\"og:site_name\" content=\"Pressenza\" \/>\n<meta property=\"article:publisher\" content=\"https:\/\/www.facebook.com\/PressenzaItalia\" \/>\n<meta property=\"article:published_time\" content=\"2023-10-09T14:43:33+00:00\" \/>\n<meta property=\"og:image\" content=\"https:\/\/www.pressenza.com\/wp-content\/uploads\/2023\/10\/sonda-TSV3bis.jpg\" \/>\n\t<meta property=\"og:image:width\" content=\"850\" \/>\n\t<meta property=\"og:image:height\" content=\"480\" \/>\n\t<meta property=\"og:image:type\" content=\"image\/jpeg\" \/>\n<meta name=\"author\" content=\"Paolo Navone\" \/>\n<meta name=\"twitter:card\" content=\"summary_large_image\" \/>\n<meta name=\"twitter:creator\" content=\"@PressenzaIPA\" \/>\n<meta name=\"twitter:site\" content=\"@PressenzaIPA\" \/>\n<meta name=\"twitter:label1\" content=\"Scritto da\" \/>\n\t<meta name=\"twitter:data1\" content=\"Paolo Navone\" \/>\n\t<meta name=\"twitter:label2\" content=\"Tempo di lettura stimato\" \/>\n\t<meta name=\"twitter:data2\" content=\"5 minuti\" \/>\n<script type=\"application\/ld+json\" class=\"yoast-schema-graph\">{\"@context\":\"https:\/\/schema.org\",\"@graph\":[{\"@type\":\"Article\",\"@id\":\"https:\/\/www.pressenza.com\/it\/2023\/10\/la-sonda-amatoriale-tsv3-vince-il-record-di-altitudine\/#article\",\"isPartOf\":{\"@id\":\"https:\/\/www.pressenza.com\/it\/2023\/10\/la-sonda-amatoriale-tsv3-vince-il-record-di-altitudine\/\"},\"author\":{\"name\":\"Paolo Navone\",\"@id\":\"https:\/\/www.pressenza.com\/it\/#\/schema\/person\/e96d26ae360786fce1a14c1a802e8248\"},\"headline\":\"La sonda amatoriale TSV3 vince il record di altitudine\",\"datePublished\":\"2023-10-09T14:43:33+00:00\",\"mainEntityOfPage\":{\"@id\":\"https:\/\/www.pressenza.com\/it\/2023\/10\/la-sonda-amatoriale-tsv3-vince-il-record-di-altitudine\/\"},\"wordCount\":808,\"publisher\":{\"@id\":\"https:\/\/www.pressenza.com\/it\/#organization\"},\"image\":{\"@id\":\"https:\/\/www.pressenza.com\/it\/2023\/10\/la-sonda-amatoriale-tsv3-vince-il-record-di-altitudine\/#primaryimage\"},\"thumbnailUrl\":\"https:\/\/www.pressenza.com\/wp-content\/uploads\/2023\/10\/sonda-TSV3bis.jpg\",\"keywords\":[\"Guinnes dei Primati\",\"sonda amatoriale\",\"spazio\"],\"articleSection\":[\"contenuti originali\",\"Scienza e Tecnologia\"],\"inLanguage\":\"it-IT\"},{\"@type\":\"WebPage\",\"@id\":\"https:\/\/www.pressenza.com\/it\/2023\/10\/la-sonda-amatoriale-tsv3-vince-il-record-di-altitudine\/\",\"url\":\"https:\/\/www.pressenza.com\/it\/2023\/10\/la-sonda-amatoriale-tsv3-vince-il-record-di-altitudine\/\",\"name\":\"La sonda amatoriale TSV3 vince il record di altitudine\",\"isPartOf\":{\"@id\":\"https:\/\/www.pressenza.com\/it\/#website\"},\"primaryImageOfPage\":{\"@id\":\"https:\/\/www.pressenza.com\/it\/2023\/10\/la-sonda-amatoriale-tsv3-vince-il-record-di-altitudine\/#primaryimage\"},\"image\":{\"@id\":\"https:\/\/www.pressenza.com\/it\/2023\/10\/la-sonda-amatoriale-tsv3-vince-il-record-di-altitudine\/#primaryimage\"},\"thumbnailUrl\":\"https:\/\/www.pressenza.com\/wp-content\/uploads\/2023\/10\/sonda-TSV3bis.jpg\",\"datePublished\":\"2023-10-09T14:43:33+00:00\",\"description\":\"\u201cSpazio ... ultima frontiera...\u201d cos\u00ec iniziava il celebre telefilm Star Trek tanto caro a molti appassionati di SciFi, sottoscritto compreso. Ma, mentre\",\"breadcrumb\":{\"@id\":\"https:\/\/www.pressenza.com\/it\/2023\/10\/la-sonda-amatoriale-tsv3-vince-il-record-di-altitudine\/#breadcrumb\"},\"inLanguage\":\"it-IT\",\"potentialAction\":[{\"@type\":\"ReadAction\",\"target\":[\"https:\/\/www.pressenza.com\/it\/2023\/10\/la-sonda-amatoriale-tsv3-vince-il-record-di-altitudine\/\"]}]},{\"@type\":\"ImageObject\",\"inLanguage\":\"it-IT\",\"@id\":\"https:\/\/www.pressenza.com\/it\/2023\/10\/la-sonda-amatoriale-tsv3-vince-il-record-di-altitudine\/#primaryimage\",\"url\":\"https:\/\/www.pressenza.com\/wp-content\/uploads\/2023\/10\/sonda-TSV3bis.jpg\",\"contentUrl\":\"https:\/\/www.pressenza.com\/wp-content\/uploads\/2023\/10\/sonda-TSV3bis.jpg\",\"width\":850,\"height\":480},{\"@type\":\"BreadcrumbList\",\"@id\":\"https:\/\/www.pressenza.com\/it\/2023\/10\/la-sonda-amatoriale-tsv3-vince-il-record-di-altitudine\/#breadcrumb\",\"itemListElement\":[{\"@type\":\"ListItem\",\"position\":1,\"name\":\"Accueil\",\"item\":\"https:\/\/www.pressenza.com\/it\/\"},{\"@type\":\"ListItem\",\"position\":2,\"name\":\"La sonda amatoriale TSV3 vince il record di altitudine\"}]},{\"@type\":\"WebSite\",\"@id\":\"https:\/\/www.pressenza.com\/it\/#website\",\"url\":\"https:\/\/www.pressenza.com\/it\/\",\"name\":\"Pressenza\",\"description\":\"Agenzia di Stampa Internazionale\",\"publisher\":{\"@id\":\"https:\/\/www.pressenza.com\/it\/#organization\"},\"potentialAction\":[{\"@type\":\"SearchAction\",\"target\":{\"@type\":\"EntryPoint\",\"urlTemplate\":\"https:\/\/www.pressenza.com\/it\/?s={search_term_string}\"},\"query-input\":{\"@type\":\"PropertyValueSpecification\",\"valueRequired\":true,\"valueName\":\"search_term_string\"}}],\"inLanguage\":\"it-IT\"},{\"@type\":\"Organization\",\"@id\":\"https:\/\/www.pressenza.com\/it\/#organization\",\"name\":\"Pressenza\",\"url\":\"https:\/\/www.pressenza.com\/it\/\",\"logo\":{\"@type\":\"ImageObject\",\"inLanguage\":\"it-IT\",\"@id\":\"https:\/\/www.pressenza.com\/it\/#\/schema\/logo\/image\/\",\"url\":\"https:\/\/www.pressenza.com\/wp-content\/uploads\/2022\/10\/pressenza_logo_200x200.jpg\",\"contentUrl\":\"https:\/\/www.pressenza.com\/wp-content\/uploads\/2022\/10\/pressenza_logo_200x200.jpg\",\"width\":200,\"height\":200,\"caption\":\"Pressenza\"},\"image\":{\"@id\":\"https:\/\/www.pressenza.com\/it\/#\/schema\/logo\/image\/\"},\"sameAs\":[\"https:\/\/www.facebook.com\/PressenzaItalia\",\"https:\/\/x.com\/PressenzaIPA\"]},{\"@type\":\"Person\",\"@id\":\"https:\/\/www.pressenza.com\/it\/#\/schema\/person\/e96d26ae360786fce1a14c1a802e8248\",\"name\":\"Paolo Navone\",\"description\":\"Paolo Navone \u00e8 nato in Piemonte nella prima storica capitale d\u2019Italia, Torino. Ha maturato la sua passione per le materie tecniche e scientifiche grazie al padre Fiorcarlo, disegnatore aeronautico. Entrato a lavorare presso il Polo Aerospaziale Torinese alla fine degli anni \u201980, annovera oggi una esperienza trentennale, in campo Avionico e Meccanico, che lo ha condotto a partecipare in modo attivo a diversi progetti legati alle agenzie spaziali ASI, ESA e NASA (tra essi IRIS, Thetered Satellite, Triana Satellite, MPLM, IXV Vehicle, Exomars, INSITU). In questi ultimi anni ha fatto parte della sezione Technology Research and Advanced Study in Altec S.p.a. ed ora \u00e8 a supporto della sezione Mission Operation &amp; Training sempre in Altec S.p.a. Nel tempo libero si dedica con passione a qualsiasi attivit\u00e0 che stimoli la sua curiosit\u00e0, dalla musica, allo sport alla lettura. Il suo interesse per i testi riguardanti l\u2019archeologia non convenzionale lo hanno motivato alla preparazione di due saggi inediti: \\\"Bibbia e Macchine Volanti\\\" e \\\"Tracce di un Futuro-Passato\\\" entrambi editi da Drakon Edizioni.\",\"url\":\"https:\/\/www.pressenza.com\/it\/author\/paolo-navone\/\"}]}<\/script>\n<!-- \/ Yoast SEO plugin. -->","yoast_head_json":{"title":"La sonda amatoriale TSV3 vince il record di altitudine","description":"\u201cSpazio ... ultima frontiera...\u201d cos\u00ec iniziava il celebre telefilm Star Trek tanto caro a molti appassionati di SciFi, sottoscritto compreso. Ma, mentre","robots":{"index":"index","follow":"follow","max-snippet":"max-snippet:-1","max-image-preview":"max-image-preview:large","max-video-preview":"max-video-preview:-1"},"canonical":"https:\/\/www.pressenza.com\/it\/2023\/10\/la-sonda-amatoriale-tsv3-vince-il-record-di-altitudine\/","og_locale":"it_IT","og_type":"article","og_title":"La sonda amatoriale TSV3 vince il record di altitudine","og_description":"\u201cSpazio ... ultima frontiera...\u201d cos\u00ec iniziava il celebre telefilm Star Trek tanto caro a molti appassionati di SciFi, sottoscritto compreso. Ma, mentre","og_url":"https:\/\/www.pressenza.com\/it\/2023\/10\/la-sonda-amatoriale-tsv3-vince-il-record-di-altitudine\/","og_site_name":"Pressenza","article_publisher":"https:\/\/www.facebook.com\/PressenzaItalia","article_published_time":"2023-10-09T14:43:33+00:00","og_image":[{"width":850,"height":480,"url":"https:\/\/www.pressenza.com\/wp-content\/uploads\/2023\/10\/sonda-TSV3bis.jpg","type":"image\/jpeg"}],"author":"Paolo Navone","twitter_card":"summary_large_image","twitter_creator":"@PressenzaIPA","twitter_site":"@PressenzaIPA","twitter_misc":{"Scritto da":"Paolo Navone","Tempo di lettura stimato":"5 minuti"},"schema":{"@context":"https:\/\/schema.org","@graph":[{"@type":"Article","@id":"https:\/\/www.pressenza.com\/it\/2023\/10\/la-sonda-amatoriale-tsv3-vince-il-record-di-altitudine\/#article","isPartOf":{"@id":"https:\/\/www.pressenza.com\/it\/2023\/10\/la-sonda-amatoriale-tsv3-vince-il-record-di-altitudine\/"},"author":{"name":"Paolo Navone","@id":"https:\/\/www.pressenza.com\/it\/#\/schema\/person\/e96d26ae360786fce1a14c1a802e8248"},"headline":"La sonda amatoriale TSV3 vince il record di altitudine","datePublished":"2023-10-09T14:43:33+00:00","mainEntityOfPage":{"@id":"https:\/\/www.pressenza.com\/it\/2023\/10\/la-sonda-amatoriale-tsv3-vince-il-record-di-altitudine\/"},"wordCount":808,"publisher":{"@id":"https:\/\/www.pressenza.com\/it\/#organization"},"image":{"@id":"https:\/\/www.pressenza.com\/it\/2023\/10\/la-sonda-amatoriale-tsv3-vince-il-record-di-altitudine\/#primaryimage"},"thumbnailUrl":"https:\/\/www.pressenza.com\/wp-content\/uploads\/2023\/10\/sonda-TSV3bis.jpg","keywords":["Guinnes dei Primati","sonda amatoriale","spazio"],"articleSection":["contenuti originali","Scienza e Tecnologia"],"inLanguage":"it-IT"},{"@type":"WebPage","@id":"https:\/\/www.pressenza.com\/it\/2023\/10\/la-sonda-amatoriale-tsv3-vince-il-record-di-altitudine\/","url":"https:\/\/www.pressenza.com\/it\/2023\/10\/la-sonda-amatoriale-tsv3-vince-il-record-di-altitudine\/","name":"La sonda amatoriale TSV3 vince il record di altitudine","isPartOf":{"@id":"https:\/\/www.pressenza.com\/it\/#website"},"primaryImageOfPage":{"@id":"https:\/\/www.pressenza.com\/it\/2023\/10\/la-sonda-amatoriale-tsv3-vince-il-record-di-altitudine\/#primaryimage"},"image":{"@id":"https:\/\/www.pressenza.com\/it\/2023\/10\/la-sonda-amatoriale-tsv3-vince-il-record-di-altitudine\/#primaryimage"},"thumbnailUrl":"https:\/\/www.pressenza.com\/wp-content\/uploads\/2023\/10\/sonda-TSV3bis.jpg","datePublished":"2023-10-09T14:43:33+00:00","description":"\u201cSpazio ... ultima frontiera...\u201d cos\u00ec iniziava il celebre telefilm Star Trek tanto caro a molti appassionati di SciFi, sottoscritto compreso. Ma, mentre","breadcrumb":{"@id":"https:\/\/www.pressenza.com\/it\/2023\/10\/la-sonda-amatoriale-tsv3-vince-il-record-di-altitudine\/#breadcrumb"},"inLanguage":"it-IT","potentialAction":[{"@type":"ReadAction","target":["https:\/\/www.pressenza.com\/it\/2023\/10\/la-sonda-amatoriale-tsv3-vince-il-record-di-altitudine\/"]}]},{"@type":"ImageObject","inLanguage":"it-IT","@id":"https:\/\/www.pressenza.com\/it\/2023\/10\/la-sonda-amatoriale-tsv3-vince-il-record-di-altitudine\/#primaryimage","url":"https:\/\/www.pressenza.com\/wp-content\/uploads\/2023\/10\/sonda-TSV3bis.jpg","contentUrl":"https:\/\/www.pressenza.com\/wp-content\/uploads\/2023\/10\/sonda-TSV3bis.jpg","width":850,"height":480},{"@type":"BreadcrumbList","@id":"https:\/\/www.pressenza.com\/it\/2023\/10\/la-sonda-amatoriale-tsv3-vince-il-record-di-altitudine\/#breadcrumb","itemListElement":[{"@type":"ListItem","position":1,"name":"Accueil","item":"https:\/\/www.pressenza.com\/it\/"},{"@type":"ListItem","position":2,"name":"La sonda amatoriale TSV3 vince il record di altitudine"}]},{"@type":"WebSite","@id":"https:\/\/www.pressenza.com\/it\/#website","url":"https:\/\/www.pressenza.com\/it\/","name":"Pressenza","description":"Agenzia di Stampa Internazionale","publisher":{"@id":"https:\/\/www.pressenza.com\/it\/#organization"},"potentialAction":[{"@type":"SearchAction","target":{"@type":"EntryPoint","urlTemplate":"https:\/\/www.pressenza.com\/it\/?s={search_term_string}"},"query-input":{"@type":"PropertyValueSpecification","valueRequired":true,"valueName":"search_term_string"}}],"inLanguage":"it-IT"},{"@type":"Organization","@id":"https:\/\/www.pressenza.com\/it\/#organization","name":"Pressenza","url":"https:\/\/www.pressenza.com\/it\/","logo":{"@type":"ImageObject","inLanguage":"it-IT","@id":"https:\/\/www.pressenza.com\/it\/#\/schema\/logo\/image\/","url":"https:\/\/www.pressenza.com\/wp-content\/uploads\/2022\/10\/pressenza_logo_200x200.jpg","contentUrl":"https:\/\/www.pressenza.com\/wp-content\/uploads\/2022\/10\/pressenza_logo_200x200.jpg","width":200,"height":200,"caption":"Pressenza"},"image":{"@id":"https:\/\/www.pressenza.com\/it\/#\/schema\/logo\/image\/"},"sameAs":["https:\/\/www.facebook.com\/PressenzaItalia","https:\/\/x.com\/PressenzaIPA"]},{"@type":"Person","@id":"https:\/\/www.pressenza.com\/it\/#\/schema\/person\/e96d26ae360786fce1a14c1a802e8248","name":"Paolo Navone","description":"Paolo Navone \u00e8 nato in Piemonte nella prima storica capitale d\u2019Italia, Torino. Ha maturato la sua passione per le materie tecniche e scientifiche grazie al padre Fiorcarlo, disegnatore aeronautico. Entrato a lavorare presso il Polo Aerospaziale Torinese alla fine degli anni \u201980, annovera oggi una esperienza trentennale, in campo Avionico e Meccanico, che lo ha condotto a partecipare in modo attivo a diversi progetti legati alle agenzie spaziali ASI, ESA e NASA (tra essi IRIS, Thetered Satellite, Triana Satellite, MPLM, IXV Vehicle, Exomars, INSITU). In questi ultimi anni ha fatto parte della sezione Technology Research and Advanced Study in Altec S.p.a. ed ora \u00e8 a supporto della sezione Mission Operation &amp; Training sempre in Altec S.p.a. Nel tempo libero si dedica con passione a qualsiasi attivit\u00e0 che stimoli la sua curiosit\u00e0, dalla musica, allo sport alla lettura. Il suo interesse per i testi riguardanti l\u2019archeologia non convenzionale lo hanno motivato alla preparazione di due saggi inediti: \"Bibbia e Macchine Volanti\" e \"Tracce di un Futuro-Passato\" entrambi editi da Drakon Edizioni.","url":"https:\/\/www.pressenza.com\/it\/author\/paolo-navone\/"}]}},"place":"Torino","original_article_url":"","_links":{"self":[{"href":"https:\/\/www.pressenza.com\/it\/wp-json\/wp\/v2\/posts\/1772896","targetHints":{"allow":["GET"]}}],"collection":[{"href":"https:\/\/www.pressenza.com\/it\/wp-json\/wp\/v2\/posts"}],"about":[{"href":"https:\/\/www.pressenza.com\/it\/wp-json\/wp\/v2\/types\/post"}],"author":[{"embeddable":true,"href":"https:\/\/www.pressenza.com\/it\/wp-json\/wp\/v2\/users\/2231"}],"replies":[{"embeddable":true,"href":"https:\/\/www.pressenza.com\/it\/wp-json\/wp\/v2\/comments?post=1772896"}],"version-history":[{"count":0,"href":"https:\/\/www.pressenza.com\/it\/wp-json\/wp\/v2\/posts\/1772896\/revisions"}],"wp:featuredmedia":[{"embeddable":true,"href":"https:\/\/www.pressenza.com\/it\/wp-json\/wp\/v2\/media\/1772900"}],"wp:attachment":[{"href":"https:\/\/www.pressenza.com\/it\/wp-json\/wp\/v2\/media?parent=1772896"}],"wp:term":[{"taxonomy":"category","embeddable":true,"href":"https:\/\/www.pressenza.com\/it\/wp-json\/wp\/v2\/categories?post=1772896"},{"taxonomy":"post_tag","embeddable":true,"href":"https:\/\/www.pressenza.com\/it\/wp-json\/wp\/v2\/tags?post=1772896"}],"curies":[{"name":"wp","href":"https:\/\/api.w.org\/{rel}","templated":true}]}}