{"id":1771018,"date":"2023-10-02T16:22:54","date_gmt":"2023-10-02T15:22:54","guid":{"rendered":"https:\/\/www.pressenza.com\/?p=1771018"},"modified":"2023-10-02T16:27:02","modified_gmt":"2023-10-02T15:27:02","slug":"la-comunita-per-lo-sviluppo-umano-celebra-la-giornata-internazionale-della-nonviolenz","status":"publish","type":"post","link":"https:\/\/www.pressenza.com\/it\/2023\/10\/la-comunita-per-lo-sviluppo-umano-celebra-la-giornata-internazionale-della-nonviolenz\/","title":{"rendered":"La Comunit\u00e0 per lo Sviluppo Umano celebra la Giornata Internazionale della Nonviolenza"},"content":{"rendered":"<p>A Roma, si \u00e8 svolto ieri, presso il Giardino Verano, il <a href=\"https:\/\/energiaperidirittiumani.it\/festival-della-nonviolenza-2023\/\" target=\"_blank\" rel=\"noopener\">Festival della Nonviolenza<\/a>, promosso da Energia per i Diritti Umani \u2013 Onlus, insieme a tante altre organizzazioni per celebrare la Giornata Internazionale della Nonviolenza, proclamata nella ricorrenza della nascita del Mahatma Gandhi, il 2 ottobre, dalle Nazioni Unite (2007).<\/p>\n<p>Una giornata di informazione, scambi culturali, danze, approfondimenti, laboratori per la promozione dei diritti umani, della non discriminazione, della cultura della pace trai popoli e della nonviolenza.<\/p>\n<p>La Comunit\u00e0 che da pi\u00f9 di 30 anni promuove questi valori in tutto il mondo, ha presentato il progetto \u201c<a href=\"https:\/\/www.lacomunita.net\/equipes-e-gruppi-di-base\/item\/151-progetto-lo-scaffale-dei-libri-della-nonviolenza.html\" target=\"_blank\" rel=\"noopener\">Lo scaffale dei libri della Nonviolenza<\/a>\u201d, un progetto patrocinato dall\u2019Assessorato alla Scuola, Formazione e Lavoro del Comune di Roma, che punta ad installare in tutte le scuole, biblioteche municipali e associazioni culturali, uno scaffale di libri che parlano, educano ed insegnano a praticare la nonviolenza. Uno scaffale che vuole essere un Totem e una Mascotte al tempo stesso. Un Totem perch\u00e9 la nonviolenza ci protegge, ci consiglia, ci guida. Una mascotte, perch\u00e9 ci accompagna ma ha bisogno di essere nutrita, dalle nostre esperienze e riflessioni, cos\u00ec lo scaffale sar\u00e0 anche un luogo per condividere le proprie esperienze e riflessioni con le persone vicine, con la comunit\u00e0 del quartiere. Un esempio pratico, \u00e8 stato prendere spunto dal libro \u201c<a href=\"https:\/\/multimage.org\/libri\/impariamo-la-nonviolenza\/\" target=\"_blank\" rel=\"noopener\">Impariamo la Nonviolenza<\/a>\u201d per realizzare un laboratorio sulla pratica della Regola d\u2019Oro, il principio morale che dice: \u201cQuando tratti l\u2019altr\u018f, come vuoi essere trattat\u018f, ti liberi\u201d dalla violenza e dalla sofferenza interna ed esterna.<\/p>\n<p>Oggi, 2 ottobre, la festa \u00e8 continuata con bambine e bambini delle classi V elementare dell\u2019I.C. Montessori di Roma Montesacro. I bambini sono stati invitati a riflettere sulla domanda: \u201cQual \u00e8 la differenza tra Pace e Nonviolenza?\u201d In base alla loro riflessione hanno realizzato un disegno e scritto il loro pensiero. Poi sono scesi in giardino e sollevando al cielo i loro disegni, hanno realizzato il simbolo della nonviolenza.<\/p>\n<p>Questo simbolo rappresenta i 2 principi fondamentali della metodologia della nonviolenza attiva:<\/p>\n<ul>\n<li>il cerchio pi\u00f9 piccolo, quello interno, rappresenta il principio della nonviolenza interna, cio\u00e8 come liberarci dei nostri contrasti interni e della violenza e sofferenza che essi ci provocano. Il principio della COERENZA INTERNA ci dice di mettere unit\u00e0 interna, cio\u00e8 far coincidere ci\u00f2 che si sente, con ci\u00f2 che si pensa e con ci\u00f2 che si fa. Coerenza tra pensare, sentire e agire.<\/li>\n<li>il cerchio pi\u00f9 grande, quello esterno, rappresenta il principio della nonviolenza nelle relazioni con il mondo, cio\u00e8 come risolvere i conflitti che abbiamo con altr\u018f; questo principio \u00e8 noto come Regola d\u2019Oro, perch\u00e9 \u00e8 proferito e diffuso in tutto il mondo, in tutte le culture e spiritualit\u00e0 da pi\u00f9 di 5000 anni, \u00e8 il Principio di Solidariet\u00e0 che ci dice che <em>Quando tratti l\u2019altr<\/em><em>\u018f come vuoi essere trattat<\/em><em>\u018f, ti liberi.<\/em><\/li>\n<li>questi due principi, dell\u2019unit\u00e0 interna (coerenza tra pensare, sentire e agire) e della Regola d\u2019Oro (trattare l\u2019altr\u018f come vuoi essere trattat\u018f), non possono essere separati: <strong>non ci pu\u00f2 essere coerenza interna senza coerenza esterna e viceversa, sono uniti in una spirale, come le spirali dell\u2019universo in movimento. \u00c8 la spirale di una forza evolutiva crescente.<\/strong><\/li>\n<\/ul>\n<p>Alcune\\i dei bambine\\i hanno condiviso i loro pensieri e riflessioni: \u201cNon ci pu\u00f2 essere pace, mentre c\u2019\u00e8 guerra\u201d; \u201cLa nonviolenza \u00e8 l\u2019arma dei forti\u201d; \u201cla Pace \u00e8 uno stile di vita e se noi bambin\u018f lo impariamo ora, abbiamo tutto ci\u00f2 che ci serve per vivere bene\u201d; \u201cil mondo \u00e8 tra le nostre mani, non dobbiamo peggiorarlo, ma migliorarlo con amore e nonviolenza\u201d; \u201cla nonviolenza \u00e8 un comportamento, la pace \u00e8 ci\u00f2 che si ottiene quando tutt\u018f pratichiamo la nonviolenza\u201d.<\/p>\n<p>La Pace \u00e8 una situazione da raggiungere, e spesso ci sono molte discussioni sul modo di raggiungere la Pace. Bisogna stabilire quali fatti possono avvicinare od allontanare la pace. Questo dibattito porta anche a degli ossimori come: fare la guerra per la pace e ricorrere alle armi per la sicurezza.<\/p>\n<p>La Nonviolenza \u00e8 una metodologia d\u2019azione, un insieme di pratiche da mettere in atto, un comportamento, un atteggiamento, la scelta di non ricorrere mai alla violenza, di rifiutarla a priori.<\/p>\n<p>La nonviolenza \u00e8 il rifiuto di qualsiasi forma di violenza (fisica, economica, ecologica, morale, religiosa, culturale, di genere o qualsiasi altro tipo di discriminazione) ed \u00e8 l\u2019unica strada che possa realmente portare la pace e la convivenza tra i popoli. E questo, che siate d\u2019accordo o meno, non ammette altre vie d\u2019uscita e ci rende tutt\u018f responsabili.<\/p>\n<p>La nonviolenza \u00e8 un modo per trattare se stessi, gli altri, la natura, l\u2019universo. \u00c8 un modo di porsi e di osservare, uno sguardo, su se stessi, sull\u2019altr\u018f e sul mondo con cui bisogna crescere e che va costantemente allenato, perch\u00e9 richiede pi\u00f9 forza morale e pi\u00f9 capacit\u00e0 riflessiva della risposta violenta.<\/p>\n<p>Per questo parliamo di educazione alla metodologia della nonviolenza attiva.<\/p>\n<p>Che i principi della nonviolenza animino le nostre scelte personali e sociali e si diffondano nel cuore di ogni uomo, donna, bambina e bambino!<\/p>\n<p><strong>La Comunit\u00e0 per lo Sviluppo Umano cerca volontari<\/strong> per la rete di <strong>Operatori per la Nonviolenza nelle scuole e nei quartieri<\/strong>, se vuoi partecipare e ricevere la formazione scrivi a <a href=\"roma@lacomunita.net\">roma@lacomunita.net<\/a><\/p>\n<div class=\"post-gallery\">\n\t\t\t<figure class=\"post-gallery-item\">\n\t\t\t\t<img decoding=\"async\" src=\"https:\/\/www.pressenza.com\/wp-content\/uploads\/2023\/10\/20231001_152223-768x1024.jpg\" loading=\"lazy\">\n\t\t\t\t<figcaption>\n\t\t\t\t\t\n\t\t\t\t<\/figcaption>\n\t\t\t<\/figure>\n\t\t\t<figure class=\"post-gallery-item\">\n\t\t\t\t<img decoding=\"async\" src=\"https:\/\/www.pressenza.com\/wp-content\/uploads\/2023\/10\/20231001_165326-820x615.jpg\" loading=\"lazy\">\n\t\t\t\t<figcaption>\n\t\t\t\t\t\n\t\t\t\t<\/figcaption>\n\t\t\t<\/figure>\n\t\t\t<figure class=\"post-gallery-item\">\n\t\t\t\t<img decoding=\"async\" src=\"https:\/\/www.pressenza.com\/wp-content\/uploads\/2023\/10\/20231001_173305-820x615.jpg\" loading=\"lazy\">\n\t\t\t\t<figcaption>\n\t\t\t\t\t\n\t\t\t\t<\/figcaption>\n\t\t\t<\/figure>\n\t\t\t<figure class=\"post-gallery-item\">\n\t\t\t\t<img decoding=\"async\" src=\"https:\/\/www.pressenza.com\/wp-content\/uploads\/2023\/10\/Immagine1-820x572.png\" loading=\"lazy\">\n\t\t\t\t<figcaption>\n\t\t\t\t\t\n\t\t\t\t<\/figcaption>\n\t\t\t<\/figure>\n\t\t\t<figure class=\"post-gallery-item\">\n\t\t\t\t<img decoding=\"async\" src=\"https:\/\/www.pressenza.com\/wp-content\/uploads\/2023\/10\/Immagine2.png\" loading=\"lazy\">\n\t\t\t\t<figcaption>\n\t\t\t\t\t\n\t\t\t\t<\/figcaption>\n\t\t\t<\/figure>\n\t\t\t<figure class=\"post-gallery-item\">\n\t\t\t\t<img decoding=\"async\" src=\"https:\/\/www.pressenza.com\/wp-content\/uploads\/2023\/10\/Immagine3-820x542.png\" loading=\"lazy\">\n\t\t\t\t<figcaption>\n\t\t\t\t\t\n\t\t\t\t<\/figcaption>\n\t\t\t<\/figure>\n\t\t\t<figure class=\"post-gallery-item\">\n\t\t\t\t<img decoding=\"async\" src=\"https:\/\/www.pressenza.com\/wp-content\/uploads\/2023\/10\/Immagine4.jpg\" loading=\"lazy\">\n\t\t\t\t<figcaption>\n\t\t\t\t\t\n\t\t\t\t<\/figcaption>\n\t\t\t<\/figure>\n\t\t\t<figure class=\"post-gallery-item\">\n\t\t\t\t<img decoding=\"async\" src=\"https:\/\/www.pressenza.com\/wp-content\/uploads\/2023\/10\/Immagine5-820x679.png\" loading=\"lazy\">\n\t\t\t\t<figcaption>\n\t\t\t\t\t\n\t\t\t\t<\/figcaption>\n\t\t\t<\/figure>\n\t\t\t<figure class=\"post-gallery-item\">\n\t\t\t\t<img decoding=\"async\" src=\"https:\/\/www.pressenza.com\/wp-content\/uploads\/2023\/10\/Immagine6-820x538.png\" loading=\"lazy\">\n\t\t\t\t<figcaption>\n\t\t\t\t\t\n\t\t\t\t<\/figcaption>\n\t\t\t<\/figure>\n\t\t\t<figure class=\"post-gallery-item\">\n\t\t\t\t<img decoding=\"async\" src=\"https:\/\/www.pressenza.com\/wp-content\/uploads\/2023\/10\/Immagine7-820x595.png\" loading=\"lazy\">\n\t\t\t\t<figcaption>\n\t\t\t\t\t\n\t\t\t\t<\/figcaption>\n\t\t\t<\/figure>\n\t\t\t<figure class=\"post-gallery-item\">\n\t\t\t\t<img decoding=\"async\" src=\"https:\/\/www.pressenza.com\/wp-content\/uploads\/2023\/10\/Immagine8-820x555.png\" loading=\"lazy\">\n\t\t\t\t<figcaption>\n\t\t\t\t\t\n\t\t\t\t<\/figcaption>\n\t\t\t<\/figure>\n\t\t\t<figure class=\"post-gallery-item\">\n\t\t\t\t<img decoding=\"async\" src=\"https:\/\/www.pressenza.com\/wp-content\/uploads\/2023\/10\/Immagine9-820x426.png\" loading=\"lazy\">\n\t\t\t\t<figcaption>\n\t\t\t\t\t\n\t\t\t\t<\/figcaption>\n\t\t\t<\/figure>\n\t\t\t<figure class=\"post-gallery-item\">\n\t\t\t\t<img decoding=\"async\" src=\"https:\/\/www.pressenza.com\/wp-content\/uploads\/2023\/10\/Immagine10-820x542.png\" loading=\"lazy\">\n\t\t\t\t<figcaption>\n\t\t\t\t\t\n\t\t\t\t<\/figcaption>\n\t\t\t<\/figure>\n\t\t\t<figure class=\"post-gallery-item\">\n\t\t\t\t<img decoding=\"async\" src=\"https:\/\/www.pressenza.com\/wp-content\/uploads\/2023\/10\/Immagine11-820x481.png\" loading=\"lazy\">\n\t\t\t\t<figcaption>\n\t\t\t\t\t\n\t\t\t\t<\/figcaption>\n\t\t\t<\/figure>\n\t\t\t<figure class=\"post-gallery-item\">\n\t\t\t\t<img decoding=\"async\" src=\"https:\/\/www.pressenza.com\/wp-content\/uploads\/2023\/10\/Immagine12-752x1024.jpg\" loading=\"lazy\">\n\t\t\t\t<figcaption>\n\t\t\t\t\t\n\t\t\t\t<\/figcaption>\n\t\t\t<\/figure>\n\t\t\t<figure class=\"post-gallery-item\">\n\t\t\t\t<img decoding=\"async\" src=\"https:\/\/www.pressenza.com\/wp-content\/uploads\/2023\/10\/operatori-nonviolenza.png\" loading=\"lazy\">\n\t\t\t\t<figcaption>\n\t\t\t\t\t\n\t\t\t\t<\/figcaption>\n\t\t\t<\/figure>\n\t\t\t<figure class=\"post-gallery-item\">\n\t\t\t\t<img decoding=\"async\" src=\"https:\/\/www.pressenza.com\/wp-content\/uploads\/2023\/10\/scaffale-820x445.png\" loading=\"lazy\">\n\t\t\t\t<figcaption>\n\t\t\t\t\t\n\t\t\t\t<\/figcaption>\n\t\t\t<\/figure><\/div>\n","protected":false},"excerpt":{"rendered":"<p>A Roma, si \u00e8 svolto ieri, presso il Giardino Verano, il Festival della Nonviolenza, promosso da Energia per i Diritti Umani \u2013 Onlus, insieme a tante altre organizzazioni per celebrare la Giornata Internazionale della Nonviolenza, proclamata nella ricorrenza della nascita&hellip;<\/p>\n","protected":false},"author":1509,"featured_media":1771041,"comment_status":"closed","ping_status":"closed","sticky":false,"template":"","format":"standard","meta":{"footnotes":""},"categories":[11388,1258,47,5677,1262],"tags":[719,16005],"class_list":["post-1771018","post","type-post","status-publish","format-standard","has-post-thumbnail","hentry","category-contenuti-originali","category-educazione","category-europa","category-fotoreportages","category-nonviolenza-argomento","tag-2-ottobre","tag-giornata-della-nonviolenza"],"yoast_head":"<!-- This site is optimized with the Yoast SEO plugin v27.1.1 - https:\/\/yoast.com\/product\/yoast-seo-wordpress\/ -->\n<title>La Comunit\u00e0 per lo Sviluppo Umano celebra la Giornata Internazionale della Nonviolenza<\/title>\n<meta name=\"description\" content=\"A Roma, si \u00e8 svolto ieri, presso il Giardino Verano, il Festival della Nonviolenza, promosso da Energia per i Diritti Umani \u2013 Onlus, insieme a tante altre\" \/>\n<meta name=\"robots\" content=\"index, follow, max-snippet:-1, max-image-preview:large, max-video-preview:-1\" \/>\n<link rel=\"canonical\" href=\"https:\/\/www.pressenza.com\/it\/2023\/10\/la-comunita-per-lo-sviluppo-umano-celebra-la-giornata-internazionale-della-nonviolenz\/\" \/>\n<meta property=\"og:locale\" content=\"it_IT\" \/>\n<meta property=\"og:type\" content=\"article\" \/>\n<meta property=\"og:title\" content=\"La Comunit\u00e0 per lo Sviluppo Umano celebra la Giornata Internazionale della Nonviolenza\" \/>\n<meta property=\"og:description\" content=\"A Roma, si \u00e8 svolto ieri, presso il Giardino Verano, il Festival della Nonviolenza, promosso da Energia per i Diritti Umani \u2013 Onlus, insieme a tante altre\" \/>\n<meta property=\"og:url\" content=\"https:\/\/www.pressenza.com\/it\/2023\/10\/la-comunita-per-lo-sviluppo-umano-celebra-la-giornata-internazionale-della-nonviolenz\/\" \/>\n<meta property=\"og:site_name\" content=\"Pressenza\" \/>\n<meta property=\"article:publisher\" content=\"https:\/\/www.facebook.com\/PressenzaItalia\" \/>\n<meta property=\"article:author\" content=\"https:\/\/www.facebook.com\/ComunitaSviluppoUmanoItalia\" \/>\n<meta property=\"article:published_time\" content=\"2023-10-02T15:22:54+00:00\" \/>\n<meta property=\"article:modified_time\" content=\"2023-10-02T15:27:02+00:00\" \/>\n<meta property=\"og:image\" content=\"https:\/\/www.pressenza.com\/wp-content\/uploads\/2023\/10\/simbolo-2023.jpg\" \/>\n\t<meta property=\"og:image:width\" content=\"1920\" \/>\n\t<meta property=\"og:image:height\" content=\"1341\" \/>\n\t<meta property=\"og:image:type\" content=\"image\/jpeg\" \/>\n<meta name=\"author\" content=\"La Comunit\u00e0 per lo sviluppo umano\" \/>\n<meta name=\"twitter:card\" content=\"summary_large_image\" \/>\n<meta name=\"twitter:creator\" content=\"@PressenzaIPA\" \/>\n<meta name=\"twitter:site\" content=\"@PressenzaIPA\" \/>\n<meta name=\"twitter:label1\" content=\"Scritto da\" \/>\n\t<meta name=\"twitter:data1\" content=\"La Comunit\u00e0 per lo sviluppo umano\" \/>\n\t<meta name=\"twitter:label2\" content=\"Tempo di lettura stimato\" \/>\n\t<meta name=\"twitter:data2\" content=\"5 minuti\" \/>\n<script type=\"application\/ld+json\" class=\"yoast-schema-graph\">{\"@context\":\"https:\/\/schema.org\",\"@graph\":[{\"@type\":\"Article\",\"@id\":\"https:\/\/www.pressenza.com\/it\/2023\/10\/la-comunita-per-lo-sviluppo-umano-celebra-la-giornata-internazionale-della-nonviolenz\/#article\",\"isPartOf\":{\"@id\":\"https:\/\/www.pressenza.com\/it\/2023\/10\/la-comunita-per-lo-sviluppo-umano-celebra-la-giornata-internazionale-della-nonviolenz\/\"},\"author\":{\"name\":\"La Comunit\u00e0 per lo sviluppo umano\",\"@id\":\"https:\/\/www.pressenza.com\/it\/#\/schema\/person\/49f94d5a05a47db2d95506d3121d76c0\"},\"headline\":\"La Comunit\u00e0 per lo Sviluppo Umano celebra la Giornata Internazionale della Nonviolenza\",\"datePublished\":\"2023-10-02T15:22:54+00:00\",\"dateModified\":\"2023-10-02T15:27:02+00:00\",\"mainEntityOfPage\":{\"@id\":\"https:\/\/www.pressenza.com\/it\/2023\/10\/la-comunita-per-lo-sviluppo-umano-celebra-la-giornata-internazionale-della-nonviolenz\/\"},\"wordCount\":860,\"publisher\":{\"@id\":\"https:\/\/www.pressenza.com\/it\/#organization\"},\"image\":{\"@id\":\"https:\/\/www.pressenza.com\/it\/2023\/10\/la-comunita-per-lo-sviluppo-umano-celebra-la-giornata-internazionale-della-nonviolenz\/#primaryimage\"},\"thumbnailUrl\":\"https:\/\/www.pressenza.com\/wp-content\/uploads\/2023\/10\/simbolo-2023.jpg\",\"keywords\":[\"2 ottobre\",\"giornata della nonviolenza\"],\"articleSection\":[\"contenuti originali\",\"Educazione\",\"Europa\",\"Fotoreportages\",\"Nonviolenza\"],\"inLanguage\":\"it-IT\"},{\"@type\":\"WebPage\",\"@id\":\"https:\/\/www.pressenza.com\/it\/2023\/10\/la-comunita-per-lo-sviluppo-umano-celebra-la-giornata-internazionale-della-nonviolenz\/\",\"url\":\"https:\/\/www.pressenza.com\/it\/2023\/10\/la-comunita-per-lo-sviluppo-umano-celebra-la-giornata-internazionale-della-nonviolenz\/\",\"name\":\"La Comunit\u00e0 per lo Sviluppo Umano celebra la Giornata Internazionale della Nonviolenza\",\"isPartOf\":{\"@id\":\"https:\/\/www.pressenza.com\/it\/#website\"},\"primaryImageOfPage\":{\"@id\":\"https:\/\/www.pressenza.com\/it\/2023\/10\/la-comunita-per-lo-sviluppo-umano-celebra-la-giornata-internazionale-della-nonviolenz\/#primaryimage\"},\"image\":{\"@id\":\"https:\/\/www.pressenza.com\/it\/2023\/10\/la-comunita-per-lo-sviluppo-umano-celebra-la-giornata-internazionale-della-nonviolenz\/#primaryimage\"},\"thumbnailUrl\":\"https:\/\/www.pressenza.com\/wp-content\/uploads\/2023\/10\/simbolo-2023.jpg\",\"datePublished\":\"2023-10-02T15:22:54+00:00\",\"dateModified\":\"2023-10-02T15:27:02+00:00\",\"description\":\"A Roma, si \u00e8 svolto ieri, presso il Giardino Verano, il Festival della Nonviolenza, promosso da Energia per i Diritti Umani \u2013 Onlus, insieme a tante altre\",\"breadcrumb\":{\"@id\":\"https:\/\/www.pressenza.com\/it\/2023\/10\/la-comunita-per-lo-sviluppo-umano-celebra-la-giornata-internazionale-della-nonviolenz\/#breadcrumb\"},\"inLanguage\":\"it-IT\",\"potentialAction\":[{\"@type\":\"ReadAction\",\"target\":[\"https:\/\/www.pressenza.com\/it\/2023\/10\/la-comunita-per-lo-sviluppo-umano-celebra-la-giornata-internazionale-della-nonviolenz\/\"]}]},{\"@type\":\"ImageObject\",\"inLanguage\":\"it-IT\",\"@id\":\"https:\/\/www.pressenza.com\/it\/2023\/10\/la-comunita-per-lo-sviluppo-umano-celebra-la-giornata-internazionale-della-nonviolenz\/#primaryimage\",\"url\":\"https:\/\/www.pressenza.com\/wp-content\/uploads\/2023\/10\/simbolo-2023.jpg\",\"contentUrl\":\"https:\/\/www.pressenza.com\/wp-content\/uploads\/2023\/10\/simbolo-2023.jpg\",\"width\":1920,\"height\":1341},{\"@type\":\"BreadcrumbList\",\"@id\":\"https:\/\/www.pressenza.com\/it\/2023\/10\/la-comunita-per-lo-sviluppo-umano-celebra-la-giornata-internazionale-della-nonviolenz\/#breadcrumb\",\"itemListElement\":[{\"@type\":\"ListItem\",\"position\":1,\"name\":\"Accueil\",\"item\":\"https:\/\/www.pressenza.com\/it\/\"},{\"@type\":\"ListItem\",\"position\":2,\"name\":\"La Comunit\u00e0 per lo Sviluppo Umano celebra la Giornata Internazionale della Nonviolenza\"}]},{\"@type\":\"WebSite\",\"@id\":\"https:\/\/www.pressenza.com\/it\/#website\",\"url\":\"https:\/\/www.pressenza.com\/it\/\",\"name\":\"Pressenza\",\"description\":\"Agenzia di Stampa Internazionale\",\"publisher\":{\"@id\":\"https:\/\/www.pressenza.com\/it\/#organization\"},\"potentialAction\":[{\"@type\":\"SearchAction\",\"target\":{\"@type\":\"EntryPoint\",\"urlTemplate\":\"https:\/\/www.pressenza.com\/it\/?s={search_term_string}\"},\"query-input\":{\"@type\":\"PropertyValueSpecification\",\"valueRequired\":true,\"valueName\":\"search_term_string\"}}],\"inLanguage\":\"it-IT\"},{\"@type\":\"Organization\",\"@id\":\"https:\/\/www.pressenza.com\/it\/#organization\",\"name\":\"Pressenza\",\"url\":\"https:\/\/www.pressenza.com\/it\/\",\"logo\":{\"@type\":\"ImageObject\",\"inLanguage\":\"it-IT\",\"@id\":\"https:\/\/www.pressenza.com\/it\/#\/schema\/logo\/image\/\",\"url\":\"https:\/\/www.pressenza.com\/wp-content\/uploads\/2022\/10\/pressenza_logo_200x200.jpg\",\"contentUrl\":\"https:\/\/www.pressenza.com\/wp-content\/uploads\/2022\/10\/pressenza_logo_200x200.jpg\",\"width\":200,\"height\":200,\"caption\":\"Pressenza\"},\"image\":{\"@id\":\"https:\/\/www.pressenza.com\/it\/#\/schema\/logo\/image\/\"},\"sameAs\":[\"https:\/\/www.facebook.com\/PressenzaItalia\",\"https:\/\/x.com\/PressenzaIPA\"]},{\"@type\":\"Person\",\"@id\":\"https:\/\/www.pressenza.com\/it\/#\/schema\/person\/49f94d5a05a47db2d95506d3121d76c0\",\"name\":\"La Comunit\u00e0 per lo sviluppo umano\",\"sameAs\":[\"http:\/\/www.lacomunita.net\",\"https:\/\/www.facebook.com\/ComunitaSviluppoUmanoItalia\"],\"url\":\"https:\/\/www.pressenza.com\/it\/author\/lc_italia\/\"}]}<\/script>\n<!-- \/ Yoast SEO plugin. -->","yoast_head_json":{"title":"La Comunit\u00e0 per lo Sviluppo Umano celebra la Giornata Internazionale della Nonviolenza","description":"A Roma, si \u00e8 svolto ieri, presso il Giardino Verano, il Festival della Nonviolenza, promosso da Energia per i Diritti Umani \u2013 Onlus, insieme a tante altre","robots":{"index":"index","follow":"follow","max-snippet":"max-snippet:-1","max-image-preview":"max-image-preview:large","max-video-preview":"max-video-preview:-1"},"canonical":"https:\/\/www.pressenza.com\/it\/2023\/10\/la-comunita-per-lo-sviluppo-umano-celebra-la-giornata-internazionale-della-nonviolenz\/","og_locale":"it_IT","og_type":"article","og_title":"La Comunit\u00e0 per lo Sviluppo Umano celebra la Giornata Internazionale della Nonviolenza","og_description":"A Roma, si \u00e8 svolto ieri, presso il Giardino Verano, il Festival della Nonviolenza, promosso da Energia per i Diritti Umani \u2013 Onlus, insieme a tante altre","og_url":"https:\/\/www.pressenza.com\/it\/2023\/10\/la-comunita-per-lo-sviluppo-umano-celebra-la-giornata-internazionale-della-nonviolenz\/","og_site_name":"Pressenza","article_publisher":"https:\/\/www.facebook.com\/PressenzaItalia","article_author":"https:\/\/www.facebook.com\/ComunitaSviluppoUmanoItalia","article_published_time":"2023-10-02T15:22:54+00:00","article_modified_time":"2023-10-02T15:27:02+00:00","og_image":[{"width":1920,"height":1341,"url":"https:\/\/www.pressenza.com\/wp-content\/uploads\/2023\/10\/simbolo-2023.jpg","type":"image\/jpeg"}],"author":"La Comunit\u00e0 per lo sviluppo umano","twitter_card":"summary_large_image","twitter_creator":"@PressenzaIPA","twitter_site":"@PressenzaIPA","twitter_misc":{"Scritto da":"La Comunit\u00e0 per lo sviluppo umano","Tempo di lettura stimato":"5 minuti"},"schema":{"@context":"https:\/\/schema.org","@graph":[{"@type":"Article","@id":"https:\/\/www.pressenza.com\/it\/2023\/10\/la-comunita-per-lo-sviluppo-umano-celebra-la-giornata-internazionale-della-nonviolenz\/#article","isPartOf":{"@id":"https:\/\/www.pressenza.com\/it\/2023\/10\/la-comunita-per-lo-sviluppo-umano-celebra-la-giornata-internazionale-della-nonviolenz\/"},"author":{"name":"La Comunit\u00e0 per lo sviluppo umano","@id":"https:\/\/www.pressenza.com\/it\/#\/schema\/person\/49f94d5a05a47db2d95506d3121d76c0"},"headline":"La Comunit\u00e0 per lo Sviluppo Umano celebra la Giornata Internazionale della Nonviolenza","datePublished":"2023-10-02T15:22:54+00:00","dateModified":"2023-10-02T15:27:02+00:00","mainEntityOfPage":{"@id":"https:\/\/www.pressenza.com\/it\/2023\/10\/la-comunita-per-lo-sviluppo-umano-celebra-la-giornata-internazionale-della-nonviolenz\/"},"wordCount":860,"publisher":{"@id":"https:\/\/www.pressenza.com\/it\/#organization"},"image":{"@id":"https:\/\/www.pressenza.com\/it\/2023\/10\/la-comunita-per-lo-sviluppo-umano-celebra-la-giornata-internazionale-della-nonviolenz\/#primaryimage"},"thumbnailUrl":"https:\/\/www.pressenza.com\/wp-content\/uploads\/2023\/10\/simbolo-2023.jpg","keywords":["2 ottobre","giornata della nonviolenza"],"articleSection":["contenuti originali","Educazione","Europa","Fotoreportages","Nonviolenza"],"inLanguage":"it-IT"},{"@type":"WebPage","@id":"https:\/\/www.pressenza.com\/it\/2023\/10\/la-comunita-per-lo-sviluppo-umano-celebra-la-giornata-internazionale-della-nonviolenz\/","url":"https:\/\/www.pressenza.com\/it\/2023\/10\/la-comunita-per-lo-sviluppo-umano-celebra-la-giornata-internazionale-della-nonviolenz\/","name":"La Comunit\u00e0 per lo Sviluppo Umano celebra la Giornata Internazionale della Nonviolenza","isPartOf":{"@id":"https:\/\/www.pressenza.com\/it\/#website"},"primaryImageOfPage":{"@id":"https:\/\/www.pressenza.com\/it\/2023\/10\/la-comunita-per-lo-sviluppo-umano-celebra-la-giornata-internazionale-della-nonviolenz\/#primaryimage"},"image":{"@id":"https:\/\/www.pressenza.com\/it\/2023\/10\/la-comunita-per-lo-sviluppo-umano-celebra-la-giornata-internazionale-della-nonviolenz\/#primaryimage"},"thumbnailUrl":"https:\/\/www.pressenza.com\/wp-content\/uploads\/2023\/10\/simbolo-2023.jpg","datePublished":"2023-10-02T15:22:54+00:00","dateModified":"2023-10-02T15:27:02+00:00","description":"A Roma, si \u00e8 svolto ieri, presso il Giardino Verano, il Festival della Nonviolenza, promosso da Energia per i Diritti Umani \u2013 Onlus, insieme a tante altre","breadcrumb":{"@id":"https:\/\/www.pressenza.com\/it\/2023\/10\/la-comunita-per-lo-sviluppo-umano-celebra-la-giornata-internazionale-della-nonviolenz\/#breadcrumb"},"inLanguage":"it-IT","potentialAction":[{"@type":"ReadAction","target":["https:\/\/www.pressenza.com\/it\/2023\/10\/la-comunita-per-lo-sviluppo-umano-celebra-la-giornata-internazionale-della-nonviolenz\/"]}]},{"@type":"ImageObject","inLanguage":"it-IT","@id":"https:\/\/www.pressenza.com\/it\/2023\/10\/la-comunita-per-lo-sviluppo-umano-celebra-la-giornata-internazionale-della-nonviolenz\/#primaryimage","url":"https:\/\/www.pressenza.com\/wp-content\/uploads\/2023\/10\/simbolo-2023.jpg","contentUrl":"https:\/\/www.pressenza.com\/wp-content\/uploads\/2023\/10\/simbolo-2023.jpg","width":1920,"height":1341},{"@type":"BreadcrumbList","@id":"https:\/\/www.pressenza.com\/it\/2023\/10\/la-comunita-per-lo-sviluppo-umano-celebra-la-giornata-internazionale-della-nonviolenz\/#breadcrumb","itemListElement":[{"@type":"ListItem","position":1,"name":"Accueil","item":"https:\/\/www.pressenza.com\/it\/"},{"@type":"ListItem","position":2,"name":"La Comunit\u00e0 per lo Sviluppo Umano celebra la Giornata Internazionale della Nonviolenza"}]},{"@type":"WebSite","@id":"https:\/\/www.pressenza.com\/it\/#website","url":"https:\/\/www.pressenza.com\/it\/","name":"Pressenza","description":"Agenzia di Stampa Internazionale","publisher":{"@id":"https:\/\/www.pressenza.com\/it\/#organization"},"potentialAction":[{"@type":"SearchAction","target":{"@type":"EntryPoint","urlTemplate":"https:\/\/www.pressenza.com\/it\/?s={search_term_string}"},"query-input":{"@type":"PropertyValueSpecification","valueRequired":true,"valueName":"search_term_string"}}],"inLanguage":"it-IT"},{"@type":"Organization","@id":"https:\/\/www.pressenza.com\/it\/#organization","name":"Pressenza","url":"https:\/\/www.pressenza.com\/it\/","logo":{"@type":"ImageObject","inLanguage":"it-IT","@id":"https:\/\/www.pressenza.com\/it\/#\/schema\/logo\/image\/","url":"https:\/\/www.pressenza.com\/wp-content\/uploads\/2022\/10\/pressenza_logo_200x200.jpg","contentUrl":"https:\/\/www.pressenza.com\/wp-content\/uploads\/2022\/10\/pressenza_logo_200x200.jpg","width":200,"height":200,"caption":"Pressenza"},"image":{"@id":"https:\/\/www.pressenza.com\/it\/#\/schema\/logo\/image\/"},"sameAs":["https:\/\/www.facebook.com\/PressenzaItalia","https:\/\/x.com\/PressenzaIPA"]},{"@type":"Person","@id":"https:\/\/www.pressenza.com\/it\/#\/schema\/person\/49f94d5a05a47db2d95506d3121d76c0","name":"La Comunit\u00e0 per lo sviluppo umano","sameAs":["http:\/\/www.lacomunita.net","https:\/\/www.facebook.com\/ComunitaSviluppoUmanoItalia"],"url":"https:\/\/www.pressenza.com\/it\/author\/lc_italia\/"}]}},"place":"","original_article_url":"","_links":{"self":[{"href":"https:\/\/www.pressenza.com\/it\/wp-json\/wp\/v2\/posts\/1771018","targetHints":{"allow":["GET"]}}],"collection":[{"href":"https:\/\/www.pressenza.com\/it\/wp-json\/wp\/v2\/posts"}],"about":[{"href":"https:\/\/www.pressenza.com\/it\/wp-json\/wp\/v2\/types\/post"}],"author":[{"embeddable":true,"href":"https:\/\/www.pressenza.com\/it\/wp-json\/wp\/v2\/users\/1509"}],"replies":[{"embeddable":true,"href":"https:\/\/www.pressenza.com\/it\/wp-json\/wp\/v2\/comments?post=1771018"}],"version-history":[{"count":0,"href":"https:\/\/www.pressenza.com\/it\/wp-json\/wp\/v2\/posts\/1771018\/revisions"}],"wp:featuredmedia":[{"embeddable":true,"href":"https:\/\/www.pressenza.com\/it\/wp-json\/wp\/v2\/media\/1771041"}],"wp:attachment":[{"href":"https:\/\/www.pressenza.com\/it\/wp-json\/wp\/v2\/media?parent=1771018"}],"wp:term":[{"taxonomy":"category","embeddable":true,"href":"https:\/\/www.pressenza.com\/it\/wp-json\/wp\/v2\/categories?post=1771018"},{"taxonomy":"post_tag","embeddable":true,"href":"https:\/\/www.pressenza.com\/it\/wp-json\/wp\/v2\/tags?post=1771018"}],"curies":[{"name":"wp","href":"https:\/\/api.w.org\/{rel}","templated":true}]}}