{"id":1768150,"date":"2023-09-29T14:05:57","date_gmt":"2023-09-29T13:05:57","guid":{"rendered":"https:\/\/www.pressenza.com\/?p=1768150"},"modified":"2023-09-29T14:05:57","modified_gmt":"2023-09-29T13:05:57","slug":"costruire-la-pace-un-laboratorio-di-formazione-al-centro-studi-sereno-regis","status":"publish","type":"post","link":"https:\/\/www.pressenza.com\/it\/2023\/09\/costruire-la-pace-un-laboratorio-di-formazione-al-centro-studi-sereno-regis\/","title":{"rendered":"Costruire la pace, un laboratorio di formazione al Centro Studi Sereno Regis"},"content":{"rendered":"<p>Spesso descritta come un\u2019utopia, la pace \u00e8, in realt\u00e0, un itinerario sociale, politico, culturale, tutto da costruire. Non si tratta, solo, di una nobile aspirazione; si tratta, soprattutto, di una costruzione sociale e politica, un percorso lungo il quale muoversi sia per la prevenzione dei conflitti, sia per la cessazione delle guerre in corso, sia per la definizione di un futuro positivo. In un\u2019attualit\u00e0 segnata da crisi e conflitti e dal ritorno della guerra in Europa, vale la pena interrogarsi se la pace sia sempre possibile, se le alternative alla guerra siano comunque praticabili, se il nesso tra pace, diritti umani e giustizia sociale possa avere, e quale, un senso.<\/p>\n<p>\u00c8 questa la cornice all\u2019interno della quale si svolger\u00e0 il laboratorio di formazione organizzato presso il <a href=\"https:\/\/serenoregis.org\">Centro Studi Sereno Regis<\/a> a Torino, il prossimo 18 ottobre 2023, peraltro alla vigilia della Giornata delle Nazioni Unite del 24 ottobre: proprio questa concomitanza pu\u00f2 costituire uno spunto utile per il workshop, non solo al fine di riflettere insieme sulle prospettive e l\u2019impegno concreto, sul campo e non solo, per la prevenzione della guerra e la costruzione della pace, ma anche per interrogarsi sul ruolo e sui limiti dell\u2019impegno delle Nazioni Unite per la pace, sull\u2019attualit\u00e0 dei contenuti, dei principi e dei valori raccolti nella Carta delle Nazioni Unite, sugli strumenti del <em>peacekeeping<\/em>, del <em>peacebuilding<\/em> e del <em>peacemaking<\/em> delle <a href=\"https:\/\/digitallibrary.un.org\/record\/145749\">Nazioni Unite<\/a>.<\/p>\n<p>Ciascuna di queste tematiche pu\u00f2 costituire uno spunto per la riflessione e una chiamata all\u2019impegno, in base alle possibilit\u00e0 di ciascuno e ciascuna, per diffondere attenzione e consapevolezza intorno al ruolo delle forze della pace e all\u2019impegno per la cessazione delle guerre e per la soluzione politica ai conflitti. Primo fra tutti, il tema, grande e impegnativo, per quanto ancora troppo poco frequentato e studiato, della prevenzione della guerra. La prevenzione \u00e8 infatti la condizione essenziale, non solo per evitare il ripetersi della guerra e della escalation, ma anche per l\u2019apertura di spazi e possibilit\u00e0 per il dialogo e la convivenza. Come ha ammonito qualche tempo fa <a href=\"https:\/\/www.transcend.org\/tms\/2015\/05\/burundi-early-warning-and-violence-prevention\">Jan Oberg<\/a>, direttore della \u201cTransnational Foundation for Peace and Future Research\u201d (TFF), \u00abnel mondo, non c\u2019\u00e8 quasi nessuna capacit\u00e0 nel fare ci\u00f2 che sarebbe ben pi\u00f9 produttivo: la prevenzione della violenza (s\u00ec, non del conflitto ma della violenza). Per decenni si \u00e8 parlato di allerta precoce (in inglese, <em>early warning<\/em>), ma se funziona, l\u2019ascolto precoce \u00e8 scarso o nullo e l\u2019azione precoce lo \u00e8 ancora di pi\u00f9\u00bb.<\/p>\n<p>Investire nella prevenzione della guerra e nella diplomazia, in particolare nella \u00ab<a href=\"http:\/\/ospiti.peacelink.it\/berrettibianchi\/oldsite\/progetti\/progetto-ambasciate-94.htm\">diplomazia dei popoli<\/a>\u00bb, \u00e8 essenziale per fornire possibilit\u00e0, concrete, per la pace. In Italia, la questione \u00e8 stata ripetutamente sollevata, tra gli altri, da <a href=\"https:\/\/www.peacelink.it\/pace\/a\/36962.html\">Alberto L\u2019Abate<\/a>, fondatore di IPRI \u2013 CCP (l\u2019Istituto Italiano di Ricerca per la Pace \u2013 Corpi Civili di Pace), che, tra le altre cose, ricordava come \u00abun noto studioso belga, che opera da anni nel settore della prevenzione dei conflitti armati, suggerisce &#8230; di \u201cadottare un conflitto\u201d:\u00a0 studiarlo a fondo, e cercare, con la stessa popolazione in questo coinvolta, le possibili soluzioni per risolverlo, o per lo meno superarlo, o ridurlo\u00bb. \u00c8 un compito che, evidentemente, non si pu\u00f2 improvvisare, che richiede formazione e preparazione del personale, risorse e finanziamenti, impegno delle istituzioni e iniziativa da parte della societ\u00e0 civile.<\/p>\n<p>Legato al tema della prevenzione della guerra \u00e8 quello della promozione della pace. Un compito essenziale \u00e8 svolto in tal senso dai <a href=\"http:\/\/www.pacedifesa.org\/public\/documents\/DOCUMENTO%20ICP%202012.pdf\">Corpi Civili di Pace<\/a>, intesi come \u00abazione civile, non armata e nonviolenta, di operatori professionali e volontari che, come terze parti, sostengono gli attori locali nella prevenzione e trasformazione dei conflitti. L\u2019obiettivo degli interventi \u00e8 la promozione di una <em>pace positiva<\/em>, intesa come cessazione della violenza, ma anche come affermazione di diritti umani e benessere sociale\u00bb. I CCP intervengono \u00absolo su \u201crichiesta leggibile\u201d della societ\u00e0 civile locale, interessata dal conflitto\u00bb; \u00abpossono attivare relazioni di collaborazione con altre ONG, agenzie di organizzazioni internazionali, istituzioni pubbliche, solo se tali rapporti non minano l\u2019indipendenza e l\u2019imparzialit\u00e0 della missione\u00bb; mentre, \u00abcon attori armati &#8211; regolari e non regolari &#8211; non sono ammesse forme di collaborazione o sinergia, n\u00e9 scorta armata\u00bb.<\/p>\n<p>Sono, queste, solo alcune, sebbene tra le pi\u00f9 importanti, tracce di riflessione intorno alle quali interrogarsi nella prospettiva della <em>pace positiva<\/em>, vale a dire, seguendo <a href=\"https:\/\/www.transcend.org\/tms\/2015\/01\/positive-peace-what-is-that\">Johan Galtung<\/a>, che \u00abqualcosa di buono scorre tra le parti, che si comportano in maniera positiva, l\u2019una con l\u2019altra\u00bb; \u00aballa base della pace c\u2019\u00e8 la \u201ccon-dizione\u201d, definita come convivialit\u00e0 e compatibilit\u00e0 di obiettivi; la creazione di con-dizioni (in contrapposizione alle contra-dizioni) \u00e8 fondamentale per costruire sempre pi\u00f9 pace\u00bb, basata su \u00abtutti i diritti umani per tutti e per tutte\u00bb e sulla giustizia sociale. Non solo assenza di guerra, ma anche costruzione di una prospettiva pi\u00f9 avanzata. Traccia per il laboratorio in programma presso il Centro Studi Sereno Regis, a partire anche dai contenuti qui accennati, sar\u00e0, in particolare, il libro, recentemente pubblicato da Multimage, con il titolo: <a href=\"https:\/\/multimage.org\/libri\/fare-pace\"><em>Fare pace, Costruire societ\u00e0<\/em><\/a><em>. Orientamenti di base per la trasformazione dei conflitti e la costruzione della pace, <\/em>uno strumento, appunto, di formazione a supporto delle iniziative di \u00abcostruzione della pace con mezzi pacifici\u00bb.<\/p>\n","protected":false},"excerpt":{"rendered":"<p>Spesso descritta come un\u2019utopia, la pace \u00e8, in realt\u00e0, un itinerario sociale, politico, culturale, tutto da costruire. Non si tratta, solo, di una nobile aspirazione; si tratta, soprattutto, di una costruzione sociale e politica, un percorso lungo il quale muoversi&hellip;<\/p>\n","protected":false},"author":986,"featured_media":1768151,"comment_status":"closed","ping_status":"closed","sticky":false,"template":"","format":"standard","meta":{"footnotes":""},"categories":[11388,1263],"tags":[3461,4339,294],"class_list":["post-1768150","post","type-post","status-publish","format-standard","has-post-thumbnail","hentry","category-contenuti-originali","category-pace-disarmo","tag-centro-sereno-regis-2","tag-eventi","tag-pace"],"yoast_head":"<!-- This site is optimized with the Yoast SEO plugin v27.1.1 - https:\/\/yoast.com\/product\/yoast-seo-wordpress\/ -->\n<title>Costruire la pace, un laboratorio di formazione al Centro Studi Sereno Regis<\/title>\n<meta name=\"description\" content=\"Spesso descritta come un\u2019utopia, la pace \u00e8, in realt\u00e0, un itinerario sociale, politico, culturale, tutto da costruire. Non si tratta, solo, di una nobile\" \/>\n<meta name=\"robots\" content=\"index, follow, max-snippet:-1, max-image-preview:large, max-video-preview:-1\" \/>\n<link rel=\"canonical\" href=\"https:\/\/www.pressenza.com\/it\/2023\/09\/costruire-la-pace-un-laboratorio-di-formazione-al-centro-studi-sereno-regis\/\" \/>\n<meta property=\"og:locale\" content=\"it_IT\" \/>\n<meta property=\"og:type\" content=\"article\" \/>\n<meta property=\"og:title\" content=\"Costruire la pace, un laboratorio di formazione al Centro Studi Sereno Regis\" \/>\n<meta property=\"og:description\" content=\"Spesso descritta come un\u2019utopia, la pace \u00e8, in realt\u00e0, un itinerario sociale, politico, culturale, tutto da costruire. Non si tratta, solo, di una nobile\" \/>\n<meta property=\"og:url\" content=\"https:\/\/www.pressenza.com\/it\/2023\/09\/costruire-la-pace-un-laboratorio-di-formazione-al-centro-studi-sereno-regis\/\" \/>\n<meta property=\"og:site_name\" content=\"Pressenza\" \/>\n<meta property=\"article:publisher\" content=\"https:\/\/www.facebook.com\/PressenzaItalia\" \/>\n<meta property=\"article:published_time\" content=\"2023-09-29T13:05:57+00:00\" \/>\n<meta property=\"og:image\" content=\"https:\/\/www.pressenza.com\/wp-content\/uploads\/2023\/09\/50th-anniversary-of-International-Womens-Day-March-8-1960-public-domain.jpg\" \/>\n\t<meta property=\"og:image:width\" content=\"850\" \/>\n\t<meta property=\"og:image:height\" content=\"581\" \/>\n\t<meta property=\"og:image:type\" content=\"image\/jpeg\" \/>\n<meta name=\"author\" content=\"Gianmarco Pisa\" \/>\n<meta name=\"twitter:card\" content=\"summary_large_image\" \/>\n<meta name=\"twitter:creator\" content=\"@PressenzaIPA\" \/>\n<meta name=\"twitter:site\" content=\"@PressenzaIPA\" \/>\n<meta name=\"twitter:label1\" content=\"Scritto da\" \/>\n\t<meta name=\"twitter:data1\" content=\"Gianmarco Pisa\" \/>\n\t<meta name=\"twitter:label2\" content=\"Tempo di lettura stimato\" \/>\n\t<meta name=\"twitter:data2\" content=\"5 minuti\" \/>\n<script type=\"application\/ld+json\" class=\"yoast-schema-graph\">{\"@context\":\"https:\/\/schema.org\",\"@graph\":[{\"@type\":\"Article\",\"@id\":\"https:\/\/www.pressenza.com\/it\/2023\/09\/costruire-la-pace-un-laboratorio-di-formazione-al-centro-studi-sereno-regis\/#article\",\"isPartOf\":{\"@id\":\"https:\/\/www.pressenza.com\/it\/2023\/09\/costruire-la-pace-un-laboratorio-di-formazione-al-centro-studi-sereno-regis\/\"},\"author\":{\"name\":\"Gianmarco Pisa\",\"@id\":\"https:\/\/www.pressenza.com\/it\/#\/schema\/person\/065812a20954baed70c01f7c30620d66\"},\"headline\":\"Costruire la pace, un laboratorio di formazione al Centro Studi Sereno Regis\",\"datePublished\":\"2023-09-29T13:05:57+00:00\",\"mainEntityOfPage\":{\"@id\":\"https:\/\/www.pressenza.com\/it\/2023\/09\/costruire-la-pace-un-laboratorio-di-formazione-al-centro-studi-sereno-regis\/\"},\"wordCount\":851,\"publisher\":{\"@id\":\"https:\/\/www.pressenza.com\/it\/#organization\"},\"image\":{\"@id\":\"https:\/\/www.pressenza.com\/it\/2023\/09\/costruire-la-pace-un-laboratorio-di-formazione-al-centro-studi-sereno-regis\/#primaryimage\"},\"thumbnailUrl\":\"https:\/\/www.pressenza.com\/wp-content\/uploads\/2023\/09\/50th-anniversary-of-International-Womens-Day-March-8-1960-public-domain.jpg\",\"keywords\":[\"Centro Sereno Regis\",\"eventi\",\"Pace\"],\"articleSection\":[\"contenuti originali\",\"Pace e Disarmo\"],\"inLanguage\":\"it-IT\"},{\"@type\":\"WebPage\",\"@id\":\"https:\/\/www.pressenza.com\/it\/2023\/09\/costruire-la-pace-un-laboratorio-di-formazione-al-centro-studi-sereno-regis\/\",\"url\":\"https:\/\/www.pressenza.com\/it\/2023\/09\/costruire-la-pace-un-laboratorio-di-formazione-al-centro-studi-sereno-regis\/\",\"name\":\"Costruire la pace, un laboratorio di formazione al Centro Studi Sereno Regis\",\"isPartOf\":{\"@id\":\"https:\/\/www.pressenza.com\/it\/#website\"},\"primaryImageOfPage\":{\"@id\":\"https:\/\/www.pressenza.com\/it\/2023\/09\/costruire-la-pace-un-laboratorio-di-formazione-al-centro-studi-sereno-regis\/#primaryimage\"},\"image\":{\"@id\":\"https:\/\/www.pressenza.com\/it\/2023\/09\/costruire-la-pace-un-laboratorio-di-formazione-al-centro-studi-sereno-regis\/#primaryimage\"},\"thumbnailUrl\":\"https:\/\/www.pressenza.com\/wp-content\/uploads\/2023\/09\/50th-anniversary-of-International-Womens-Day-March-8-1960-public-domain.jpg\",\"datePublished\":\"2023-09-29T13:05:57+00:00\",\"description\":\"Spesso descritta come un\u2019utopia, la pace \u00e8, in realt\u00e0, un itinerario sociale, politico, culturale, tutto da costruire. Non si tratta, solo, di una nobile\",\"breadcrumb\":{\"@id\":\"https:\/\/www.pressenza.com\/it\/2023\/09\/costruire-la-pace-un-laboratorio-di-formazione-al-centro-studi-sereno-regis\/#breadcrumb\"},\"inLanguage\":\"it-IT\",\"potentialAction\":[{\"@type\":\"ReadAction\",\"target\":[\"https:\/\/www.pressenza.com\/it\/2023\/09\/costruire-la-pace-un-laboratorio-di-formazione-al-centro-studi-sereno-regis\/\"]}]},{\"@type\":\"ImageObject\",\"inLanguage\":\"it-IT\",\"@id\":\"https:\/\/www.pressenza.com\/it\/2023\/09\/costruire-la-pace-un-laboratorio-di-formazione-al-centro-studi-sereno-regis\/#primaryimage\",\"url\":\"https:\/\/www.pressenza.com\/wp-content\/uploads\/2023\/09\/50th-anniversary-of-International-Womens-Day-March-8-1960-public-domain.jpg\",\"contentUrl\":\"https:\/\/www.pressenza.com\/wp-content\/uploads\/2023\/09\/50th-anniversary-of-International-Womens-Day-March-8-1960-public-domain.jpg\",\"width\":850,\"height\":581},{\"@type\":\"BreadcrumbList\",\"@id\":\"https:\/\/www.pressenza.com\/it\/2023\/09\/costruire-la-pace-un-laboratorio-di-formazione-al-centro-studi-sereno-regis\/#breadcrumb\",\"itemListElement\":[{\"@type\":\"ListItem\",\"position\":1,\"name\":\"Accueil\",\"item\":\"https:\/\/www.pressenza.com\/it\/\"},{\"@type\":\"ListItem\",\"position\":2,\"name\":\"Costruire la pace, un laboratorio di formazione al Centro Studi Sereno Regis\"}]},{\"@type\":\"WebSite\",\"@id\":\"https:\/\/www.pressenza.com\/it\/#website\",\"url\":\"https:\/\/www.pressenza.com\/it\/\",\"name\":\"Pressenza\",\"description\":\"Agenzia di Stampa Internazionale\",\"publisher\":{\"@id\":\"https:\/\/www.pressenza.com\/it\/#organization\"},\"potentialAction\":[{\"@type\":\"SearchAction\",\"target\":{\"@type\":\"EntryPoint\",\"urlTemplate\":\"https:\/\/www.pressenza.com\/it\/?s={search_term_string}\"},\"query-input\":{\"@type\":\"PropertyValueSpecification\",\"valueRequired\":true,\"valueName\":\"search_term_string\"}}],\"inLanguage\":\"it-IT\"},{\"@type\":\"Organization\",\"@id\":\"https:\/\/www.pressenza.com\/it\/#organization\",\"name\":\"Pressenza\",\"url\":\"https:\/\/www.pressenza.com\/it\/\",\"logo\":{\"@type\":\"ImageObject\",\"inLanguage\":\"it-IT\",\"@id\":\"https:\/\/www.pressenza.com\/it\/#\/schema\/logo\/image\/\",\"url\":\"https:\/\/www.pressenza.com\/wp-content\/uploads\/2022\/10\/pressenza_logo_200x200.jpg\",\"contentUrl\":\"https:\/\/www.pressenza.com\/wp-content\/uploads\/2022\/10\/pressenza_logo_200x200.jpg\",\"width\":200,\"height\":200,\"caption\":\"Pressenza\"},\"image\":{\"@id\":\"https:\/\/www.pressenza.com\/it\/#\/schema\/logo\/image\/\"},\"sameAs\":[\"https:\/\/www.facebook.com\/PressenzaItalia\",\"https:\/\/x.com\/PressenzaIPA\"]},{\"@type\":\"Person\",\"@id\":\"https:\/\/www.pressenza.com\/it\/#\/schema\/person\/065812a20954baed70c01f7c30620d66\",\"name\":\"Gianmarco Pisa\",\"url\":\"https:\/\/www.pressenza.com\/it\/author\/gianmarco-pisa\/\"}]}<\/script>\n<!-- \/ Yoast SEO plugin. -->","yoast_head_json":{"title":"Costruire la pace, un laboratorio di formazione al Centro Studi Sereno Regis","description":"Spesso descritta come un\u2019utopia, la pace \u00e8, in realt\u00e0, un itinerario sociale, politico, culturale, tutto da costruire. Non si tratta, solo, di una nobile","robots":{"index":"index","follow":"follow","max-snippet":"max-snippet:-1","max-image-preview":"max-image-preview:large","max-video-preview":"max-video-preview:-1"},"canonical":"https:\/\/www.pressenza.com\/it\/2023\/09\/costruire-la-pace-un-laboratorio-di-formazione-al-centro-studi-sereno-regis\/","og_locale":"it_IT","og_type":"article","og_title":"Costruire la pace, un laboratorio di formazione al Centro Studi Sereno Regis","og_description":"Spesso descritta come un\u2019utopia, la pace \u00e8, in realt\u00e0, un itinerario sociale, politico, culturale, tutto da costruire. Non si tratta, solo, di una nobile","og_url":"https:\/\/www.pressenza.com\/it\/2023\/09\/costruire-la-pace-un-laboratorio-di-formazione-al-centro-studi-sereno-regis\/","og_site_name":"Pressenza","article_publisher":"https:\/\/www.facebook.com\/PressenzaItalia","article_published_time":"2023-09-29T13:05:57+00:00","og_image":[{"width":850,"height":581,"url":"https:\/\/www.pressenza.com\/wp-content\/uploads\/2023\/09\/50th-anniversary-of-International-Womens-Day-March-8-1960-public-domain.jpg","type":"image\/jpeg"}],"author":"Gianmarco Pisa","twitter_card":"summary_large_image","twitter_creator":"@PressenzaIPA","twitter_site":"@PressenzaIPA","twitter_misc":{"Scritto da":"Gianmarco Pisa","Tempo di lettura stimato":"5 minuti"},"schema":{"@context":"https:\/\/schema.org","@graph":[{"@type":"Article","@id":"https:\/\/www.pressenza.com\/it\/2023\/09\/costruire-la-pace-un-laboratorio-di-formazione-al-centro-studi-sereno-regis\/#article","isPartOf":{"@id":"https:\/\/www.pressenza.com\/it\/2023\/09\/costruire-la-pace-un-laboratorio-di-formazione-al-centro-studi-sereno-regis\/"},"author":{"name":"Gianmarco Pisa","@id":"https:\/\/www.pressenza.com\/it\/#\/schema\/person\/065812a20954baed70c01f7c30620d66"},"headline":"Costruire la pace, un laboratorio di formazione al Centro Studi Sereno Regis","datePublished":"2023-09-29T13:05:57+00:00","mainEntityOfPage":{"@id":"https:\/\/www.pressenza.com\/it\/2023\/09\/costruire-la-pace-un-laboratorio-di-formazione-al-centro-studi-sereno-regis\/"},"wordCount":851,"publisher":{"@id":"https:\/\/www.pressenza.com\/it\/#organization"},"image":{"@id":"https:\/\/www.pressenza.com\/it\/2023\/09\/costruire-la-pace-un-laboratorio-di-formazione-al-centro-studi-sereno-regis\/#primaryimage"},"thumbnailUrl":"https:\/\/www.pressenza.com\/wp-content\/uploads\/2023\/09\/50th-anniversary-of-International-Womens-Day-March-8-1960-public-domain.jpg","keywords":["Centro Sereno Regis","eventi","Pace"],"articleSection":["contenuti originali","Pace e Disarmo"],"inLanguage":"it-IT"},{"@type":"WebPage","@id":"https:\/\/www.pressenza.com\/it\/2023\/09\/costruire-la-pace-un-laboratorio-di-formazione-al-centro-studi-sereno-regis\/","url":"https:\/\/www.pressenza.com\/it\/2023\/09\/costruire-la-pace-un-laboratorio-di-formazione-al-centro-studi-sereno-regis\/","name":"Costruire la pace, un laboratorio di formazione al Centro Studi Sereno Regis","isPartOf":{"@id":"https:\/\/www.pressenza.com\/it\/#website"},"primaryImageOfPage":{"@id":"https:\/\/www.pressenza.com\/it\/2023\/09\/costruire-la-pace-un-laboratorio-di-formazione-al-centro-studi-sereno-regis\/#primaryimage"},"image":{"@id":"https:\/\/www.pressenza.com\/it\/2023\/09\/costruire-la-pace-un-laboratorio-di-formazione-al-centro-studi-sereno-regis\/#primaryimage"},"thumbnailUrl":"https:\/\/www.pressenza.com\/wp-content\/uploads\/2023\/09\/50th-anniversary-of-International-Womens-Day-March-8-1960-public-domain.jpg","datePublished":"2023-09-29T13:05:57+00:00","description":"Spesso descritta come un\u2019utopia, la pace \u00e8, in realt\u00e0, un itinerario sociale, politico, culturale, tutto da costruire. Non si tratta, solo, di una nobile","breadcrumb":{"@id":"https:\/\/www.pressenza.com\/it\/2023\/09\/costruire-la-pace-un-laboratorio-di-formazione-al-centro-studi-sereno-regis\/#breadcrumb"},"inLanguage":"it-IT","potentialAction":[{"@type":"ReadAction","target":["https:\/\/www.pressenza.com\/it\/2023\/09\/costruire-la-pace-un-laboratorio-di-formazione-al-centro-studi-sereno-regis\/"]}]},{"@type":"ImageObject","inLanguage":"it-IT","@id":"https:\/\/www.pressenza.com\/it\/2023\/09\/costruire-la-pace-un-laboratorio-di-formazione-al-centro-studi-sereno-regis\/#primaryimage","url":"https:\/\/www.pressenza.com\/wp-content\/uploads\/2023\/09\/50th-anniversary-of-International-Womens-Day-March-8-1960-public-domain.jpg","contentUrl":"https:\/\/www.pressenza.com\/wp-content\/uploads\/2023\/09\/50th-anniversary-of-International-Womens-Day-March-8-1960-public-domain.jpg","width":850,"height":581},{"@type":"BreadcrumbList","@id":"https:\/\/www.pressenza.com\/it\/2023\/09\/costruire-la-pace-un-laboratorio-di-formazione-al-centro-studi-sereno-regis\/#breadcrumb","itemListElement":[{"@type":"ListItem","position":1,"name":"Accueil","item":"https:\/\/www.pressenza.com\/it\/"},{"@type":"ListItem","position":2,"name":"Costruire la pace, un laboratorio di formazione al Centro Studi Sereno Regis"}]},{"@type":"WebSite","@id":"https:\/\/www.pressenza.com\/it\/#website","url":"https:\/\/www.pressenza.com\/it\/","name":"Pressenza","description":"Agenzia di Stampa Internazionale","publisher":{"@id":"https:\/\/www.pressenza.com\/it\/#organization"},"potentialAction":[{"@type":"SearchAction","target":{"@type":"EntryPoint","urlTemplate":"https:\/\/www.pressenza.com\/it\/?s={search_term_string}"},"query-input":{"@type":"PropertyValueSpecification","valueRequired":true,"valueName":"search_term_string"}}],"inLanguage":"it-IT"},{"@type":"Organization","@id":"https:\/\/www.pressenza.com\/it\/#organization","name":"Pressenza","url":"https:\/\/www.pressenza.com\/it\/","logo":{"@type":"ImageObject","inLanguage":"it-IT","@id":"https:\/\/www.pressenza.com\/it\/#\/schema\/logo\/image\/","url":"https:\/\/www.pressenza.com\/wp-content\/uploads\/2022\/10\/pressenza_logo_200x200.jpg","contentUrl":"https:\/\/www.pressenza.com\/wp-content\/uploads\/2022\/10\/pressenza_logo_200x200.jpg","width":200,"height":200,"caption":"Pressenza"},"image":{"@id":"https:\/\/www.pressenza.com\/it\/#\/schema\/logo\/image\/"},"sameAs":["https:\/\/www.facebook.com\/PressenzaItalia","https:\/\/x.com\/PressenzaIPA"]},{"@type":"Person","@id":"https:\/\/www.pressenza.com\/it\/#\/schema\/person\/065812a20954baed70c01f7c30620d66","name":"Gianmarco Pisa","url":"https:\/\/www.pressenza.com\/it\/author\/gianmarco-pisa\/"}]}},"place":"Torino","original_article_url":"","_links":{"self":[{"href":"https:\/\/www.pressenza.com\/it\/wp-json\/wp\/v2\/posts\/1768150","targetHints":{"allow":["GET"]}}],"collection":[{"href":"https:\/\/www.pressenza.com\/it\/wp-json\/wp\/v2\/posts"}],"about":[{"href":"https:\/\/www.pressenza.com\/it\/wp-json\/wp\/v2\/types\/post"}],"author":[{"embeddable":true,"href":"https:\/\/www.pressenza.com\/it\/wp-json\/wp\/v2\/users\/986"}],"replies":[{"embeddable":true,"href":"https:\/\/www.pressenza.com\/it\/wp-json\/wp\/v2\/comments?post=1768150"}],"version-history":[{"count":0,"href":"https:\/\/www.pressenza.com\/it\/wp-json\/wp\/v2\/posts\/1768150\/revisions"}],"wp:featuredmedia":[{"embeddable":true,"href":"https:\/\/www.pressenza.com\/it\/wp-json\/wp\/v2\/media\/1768151"}],"wp:attachment":[{"href":"https:\/\/www.pressenza.com\/it\/wp-json\/wp\/v2\/media?parent=1768150"}],"wp:term":[{"taxonomy":"category","embeddable":true,"href":"https:\/\/www.pressenza.com\/it\/wp-json\/wp\/v2\/categories?post=1768150"},{"taxonomy":"post_tag","embeddable":true,"href":"https:\/\/www.pressenza.com\/it\/wp-json\/wp\/v2\/tags?post=1768150"}],"curies":[{"name":"wp","href":"https:\/\/api.w.org\/{rel}","templated":true}]}}