{"id":1768148,"date":"2023-09-29T13:11:30","date_gmt":"2023-09-29T12:11:30","guid":{"rendered":"https:\/\/www.pressenza.com\/?p=1768148"},"modified":"2023-09-29T13:11:30","modified_gmt":"2023-09-29T12:11:30","slug":"prorogata-lentrata-in-vigore-della-legge-contro-il-consumo-di-suolo-a-causa-dellalluvione-il-folle-paradosso-dellemilia-romagna","status":"publish","type":"post","link":"https:\/\/www.pressenza.com\/it\/2023\/09\/prorogata-lentrata-in-vigore-della-legge-contro-il-consumo-di-suolo-a-causa-dellalluvione-il-folle-paradosso-dellemilia-romagna\/","title":{"rendered":"Prorogata l&#8217;entrata in vigore della legge contro il consumo di suolo, &#8220;a causa dell&#8217;alluvione&#8221;. Il folle paradosso dell&#8217;Emilia Romagna"},"content":{"rendered":"<p>&#8220;Con la motivazione dell&#8217;emergenza causata dall&#8217;alluvione, in Emilia Romagna \u00e8 stata nuovamente rinviata l\u2019entrata in vigore della legge urbanistica\u00a0 LR 24\/2017 che avrebbe dovuto porre un argine al consumo di suolo, e stoppare quantomeno la realizzazione di interventi dei vecchi piani&#8221; la denuncia arriva da Reca, Rete Emergenza Climatica Ambientale dell&#8217;Emilia Romagna, che unisce decine di associazioni ambientaliste in tutta le Regione.<\/p>\n<p>Non \u00e8 passato neppure un mese da quando Stefano Bonaccini, presidente della Regione nello studio di Presa Diretta, (&#8220;Stato di calamit\u00e0 permanente&#8221; puntata 4 settembre 2023) aveva assicurato che non ci sarebbero state proroghe alla legge e un assoluto pugno di ferro contro il consumo di suolo. Consumo di suolo che avanza impietoso in tutta la regione, tra nuove autostrade, passanti, poli logistici, supermercati, edilizia, ecc&#8230; rendendo il terreno sempre pi\u00f9 impermeabile, incapace di trattenere l&#8217;acqua e quindi sempre pi\u00f9 vulnerabile.<\/p>\n<p>&#8220;Il lupo perde il pelo ma non il vizio&#8221; commentano le associazioni, che spiegano: &#8220;Mentre in consiglio regionale, l\u2019assessore Calvano rassicurava l\u2019assemblea dichiarando che il periodo di applicazione transitoria della L.R 24\/2017 sarebbe cessato alla fine del corrente anno, la mano tecnica della Regione emanava un \u201cChiarimento&#8221; circa gli effetti del DL 61\/2023 (decreto Alluvione) sulle tempistiche indicate dalla legge urbanistica. In sostanza l\u2019intervento \u201ctecnico\u201d rinnova la proroga assimilandola come motivazioni, a quelle che giustificarono un provvedimento similare durante la pandemia: cause di forza maggiore. Ma, prendendo a riferimento il \u201cdecreto alluvione\u201d, allarga l\u2019applicazione dello stesso agli interi territori comunali degli 80 Comuni elencati dal decreto, non solo alle frazioni e localit\u00e0 direttamente colpite. Cos\u00ec, per tutti gli 80 comuni di due province (Ravenna e Forl\u00ec-Cesena) e mezza (Rimini) e la parte est della Citt\u00e0 Metropolitana di Bologna, dell\u2019Allegato 1 del Decreto Alluvione, l\u2019entrata in vigore della legge, viene nuovamente rimandata dal gennaio al maggio del 2024&#8243;.<\/p>\n<p>In questo modo ci saranno altri 4 mesi per avviare iter di realizzazione di interventi urbanistici previsti da vecchie pianificazioni. Insomma, un regalo ai palazzinari in tempo di crisi climatica e ecologica, con la paradossale motivazione proprio dell&#8217;emergenza in corso.<\/p>\n<p>&#8220;Dove \u00e8 lo stop al consumo di suolo di cui si sono tutti riempiti la bocca dopo le alluvioni di maggio? Conta forse pi\u00f9 il business che la sicurezza delle popolazioni?&#8221; si chiedono le associazioni aderenti a Reca: &#8220;E\u2019 ora di finirla con questo transitorio infinito di una legge urbanistica che, secondo le dichiarazioni di Bonaccini e della sua giunta non aveva un transitorio e i cui termini temporali dovevano essere tutti perentori, mentre sono passati sei anni \u2013 e cos\u00ec ne passer\u00e0 un altro &#8211; prima che per i comuni scatti veramente l\u2019obbligo di dotarsi di nuovi piani urbanistici, azzerando le previsioni urbanistiche dei piani degli ultimi 50 anni&#8221;.<\/p>\n<p>Una legge che comunque, come fatto osservare gi\u00e0 da pi\u00f9 parti, presenta notevoli criticit\u00e0 e permette ad esempio di continuare a cementificare il 3% del territorio gi\u00e0 urbanizzato, in una spirale che si auto alimenta. Una legge che considera progetti &#8220;di interesse pubblico&#8221; (in deroga) le tante nuove strade e autostrade, passanti e poli logistici che andranno a devastare (e impermeabilizzare) un suolo gi\u00e0 martoriato. Per questo la Reca da ormai un anno ha raccolto le firme e presentato una proposta di legge alternativa contro il consumo di suolo, che per\u00f2 \u00e8 ferma nei cassetti della Regione e non \u00e8 stata ancora discussa in Commissione.<\/p>\n<p>&#8220;Qualsiasi scusa e occasione, persino le pi\u00f9 tragiche, diventano ottime per giustificare la prosecuzione dello stupro dei territori e la cementificazione tra le pi\u00f9 aggressive d\u2019Italia. Sconcerta dover constatare che, nonostante i fiumi di parole e di lacrime di coccodrillo versati dopo la tragedia della scorsa primavera, in realt\u00e0 dall\u2019alluvione la Regione non ha tratto le necessarie conseguenze, accelerando \u2013 come ci si sarebbe aspettato \u2013 l\u2019applicazione di norme pianificatorie pi\u00f9 stringenti sull\u2019uso del suolo, ma invece persegua la massimizzazione dei profitti per pochi, anche in quelle aree cos\u00ec duramente colpite. Purtroppo, l\u2019emergenza climatica chiama, ma pare che non ci sia nessuno all\u2019ascolto. Sicuramente non in viale Aldo Moro&#8221; conclude la nota della Rete Emergenza Climatica e Ambientale.<\/p>\n","protected":false},"excerpt":{"rendered":"<p>&#8220;Con la motivazione dell&#8217;emergenza causata dall&#8217;alluvione, in Emilia Romagna \u00e8 stata nuovamente rinviata l\u2019entrata in vigore della legge urbanistica\u00a0 LR 24\/2017 che avrebbe dovuto porre un argine al consumo di suolo, e stoppare quantomeno la realizzazione di interventi dei vecchi&hellip;<\/p>\n","protected":false},"author":2063,"featured_media":1740071,"comment_status":"closed","ping_status":"closed","sticky":false,"template":"","format":"standard","meta":{"footnotes":""},"categories":[11388,59,55],"tags":[64151,108554,74293,74292],"class_list":["post-1768148","post","type-post","status-publish","format-standard","has-post-thumbnail","hentry","category-contenuti-originali","category-ambiente-ecologia","category-politica","tag-consumo-di-suolo","tag-reca","tag-regione-emilia-romagna","tag-stefano-bonaccini"],"yoast_head":"<!-- This site is optimized with the Yoast SEO plugin v27.1.1 - https:\/\/yoast.com\/product\/yoast-seo-wordpress\/ -->\n<title>Prorogata l&#039;entrata in vigore della legge contro il consumo di suolo, &quot;a causa dell&#039;alluvione&quot;. Il folle paradosso dell&#039;Emilia Romagna<\/title>\n<meta name=\"description\" content=\"&quot;Con la motivazione dell&#039;emergenza causata dall&#039;alluvione, in Emilia Romagna \u00e8 stata nuovamente rinviata l\u2019entrata in vigore della legge urbanistica\u00a0 LR\" \/>\n<meta name=\"robots\" content=\"index, follow, max-snippet:-1, max-image-preview:large, max-video-preview:-1\" \/>\n<link rel=\"canonical\" href=\"https:\/\/www.pressenza.com\/it\/2023\/09\/prorogata-lentrata-in-vigore-della-legge-contro-il-consumo-di-suolo-a-causa-dellalluvione-il-folle-paradosso-dellemilia-romagna\/\" \/>\n<meta property=\"og:locale\" content=\"it_IT\" \/>\n<meta property=\"og:type\" content=\"article\" \/>\n<meta property=\"og:title\" content=\"Prorogata l&#039;entrata in vigore della legge contro il consumo di suolo, &quot;a causa dell&#039;alluvione&quot;. Il folle paradosso dell&#039;Emilia Romagna\" \/>\n<meta property=\"og:description\" content=\"&quot;Con la motivazione dell&#039;emergenza causata dall&#039;alluvione, in Emilia Romagna \u00e8 stata nuovamente rinviata l\u2019entrata in vigore della legge urbanistica\u00a0 LR\" \/>\n<meta property=\"og:url\" content=\"https:\/\/www.pressenza.com\/it\/2023\/09\/prorogata-lentrata-in-vigore-della-legge-contro-il-consumo-di-suolo-a-causa-dellalluvione-il-folle-paradosso-dellemilia-romagna\/\" \/>\n<meta property=\"og:site_name\" content=\"Pressenza\" \/>\n<meta property=\"article:publisher\" content=\"https:\/\/www.facebook.com\/PressenzaItalia\" \/>\n<meta property=\"article:published_time\" content=\"2023-09-29T12:11:30+00:00\" \/>\n<meta property=\"og:image\" content=\"https:\/\/www.pressenza.com\/wp-content\/uploads\/2023\/05\/alluvione-Forli.jpg\" \/>\n\t<meta property=\"og:image:width\" content=\"1920\" \/>\n\t<meta property=\"og:image:height\" content=\"1081\" \/>\n\t<meta property=\"og:image:type\" content=\"image\/jpeg\" \/>\n<meta name=\"author\" content=\"Linda Maggiori\" \/>\n<meta name=\"twitter:card\" content=\"summary_large_image\" \/>\n<meta name=\"twitter:creator\" content=\"@PressenzaIPA\" \/>\n<meta name=\"twitter:site\" content=\"@PressenzaIPA\" \/>\n<meta name=\"twitter:label1\" content=\"Scritto da\" \/>\n\t<meta name=\"twitter:data1\" content=\"Linda Maggiori\" \/>\n\t<meta name=\"twitter:label2\" content=\"Tempo di lettura stimato\" \/>\n\t<meta name=\"twitter:data2\" content=\"4 minuti\" \/>\n<script type=\"application\/ld+json\" class=\"yoast-schema-graph\">{\"@context\":\"https:\/\/schema.org\",\"@graph\":[{\"@type\":\"Article\",\"@id\":\"https:\/\/www.pressenza.com\/it\/2023\/09\/prorogata-lentrata-in-vigore-della-legge-contro-il-consumo-di-suolo-a-causa-dellalluvione-il-folle-paradosso-dellemilia-romagna\/#article\",\"isPartOf\":{\"@id\":\"https:\/\/www.pressenza.com\/it\/2023\/09\/prorogata-lentrata-in-vigore-della-legge-contro-il-consumo-di-suolo-a-causa-dellalluvione-il-folle-paradosso-dellemilia-romagna\/\"},\"author\":{\"name\":\"Linda Maggiori\",\"@id\":\"https:\/\/www.pressenza.com\/it\/#\/schema\/person\/a1e211621fbb260f6ee4ab772b010f01\"},\"headline\":\"Prorogata l&#8217;entrata in vigore della legge contro il consumo di suolo, &#8220;a causa dell&#8217;alluvione&#8221;. Il folle paradosso dell&#8217;Emilia Romagna\",\"datePublished\":\"2023-09-29T12:11:30+00:00\",\"mainEntityOfPage\":{\"@id\":\"https:\/\/www.pressenza.com\/it\/2023\/09\/prorogata-lentrata-in-vigore-della-legge-contro-il-consumo-di-suolo-a-causa-dellalluvione-il-folle-paradosso-dellemilia-romagna\/\"},\"wordCount\":696,\"publisher\":{\"@id\":\"https:\/\/www.pressenza.com\/it\/#organization\"},\"image\":{\"@id\":\"https:\/\/www.pressenza.com\/it\/2023\/09\/prorogata-lentrata-in-vigore-della-legge-contro-il-consumo-di-suolo-a-causa-dellalluvione-il-folle-paradosso-dellemilia-romagna\/#primaryimage\"},\"thumbnailUrl\":\"https:\/\/www.pressenza.com\/wp-content\/uploads\/2023\/05\/alluvione-Forli.jpg\",\"keywords\":[\"Consumo di suolo\",\"RECA\",\"Regione Emilia-Romagna\",\"Stefano Bonaccini\"],\"articleSection\":[\"contenuti originali\",\"Ecologia ed Ambiente\",\"Politica\"],\"inLanguage\":\"it-IT\"},{\"@type\":\"WebPage\",\"@id\":\"https:\/\/www.pressenza.com\/it\/2023\/09\/prorogata-lentrata-in-vigore-della-legge-contro-il-consumo-di-suolo-a-causa-dellalluvione-il-folle-paradosso-dellemilia-romagna\/\",\"url\":\"https:\/\/www.pressenza.com\/it\/2023\/09\/prorogata-lentrata-in-vigore-della-legge-contro-il-consumo-di-suolo-a-causa-dellalluvione-il-folle-paradosso-dellemilia-romagna\/\",\"name\":\"Prorogata l'entrata in vigore della legge contro il consumo di suolo, \\\"a causa dell'alluvione\\\". Il folle paradosso dell'Emilia Romagna\",\"isPartOf\":{\"@id\":\"https:\/\/www.pressenza.com\/it\/#website\"},\"primaryImageOfPage\":{\"@id\":\"https:\/\/www.pressenza.com\/it\/2023\/09\/prorogata-lentrata-in-vigore-della-legge-contro-il-consumo-di-suolo-a-causa-dellalluvione-il-folle-paradosso-dellemilia-romagna\/#primaryimage\"},\"image\":{\"@id\":\"https:\/\/www.pressenza.com\/it\/2023\/09\/prorogata-lentrata-in-vigore-della-legge-contro-il-consumo-di-suolo-a-causa-dellalluvione-il-folle-paradosso-dellemilia-romagna\/#primaryimage\"},\"thumbnailUrl\":\"https:\/\/www.pressenza.com\/wp-content\/uploads\/2023\/05\/alluvione-Forli.jpg\",\"datePublished\":\"2023-09-29T12:11:30+00:00\",\"description\":\"\\\"Con la motivazione dell'emergenza causata dall'alluvione, in Emilia Romagna \u00e8 stata nuovamente rinviata l\u2019entrata in vigore della legge urbanistica\u00a0 LR\",\"breadcrumb\":{\"@id\":\"https:\/\/www.pressenza.com\/it\/2023\/09\/prorogata-lentrata-in-vigore-della-legge-contro-il-consumo-di-suolo-a-causa-dellalluvione-il-folle-paradosso-dellemilia-romagna\/#breadcrumb\"},\"inLanguage\":\"it-IT\",\"potentialAction\":[{\"@type\":\"ReadAction\",\"target\":[\"https:\/\/www.pressenza.com\/it\/2023\/09\/prorogata-lentrata-in-vigore-della-legge-contro-il-consumo-di-suolo-a-causa-dellalluvione-il-folle-paradosso-dellemilia-romagna\/\"]}]},{\"@type\":\"ImageObject\",\"inLanguage\":\"it-IT\",\"@id\":\"https:\/\/www.pressenza.com\/it\/2023\/09\/prorogata-lentrata-in-vigore-della-legge-contro-il-consumo-di-suolo-a-causa-dellalluvione-il-folle-paradosso-dellemilia-romagna\/#primaryimage\",\"url\":\"https:\/\/www.pressenza.com\/wp-content\/uploads\/2023\/05\/alluvione-Forli.jpg\",\"contentUrl\":\"https:\/\/www.pressenza.com\/wp-content\/uploads\/2023\/05\/alluvione-Forli.jpg\",\"width\":1920,\"height\":1081},{\"@type\":\"BreadcrumbList\",\"@id\":\"https:\/\/www.pressenza.com\/it\/2023\/09\/prorogata-lentrata-in-vigore-della-legge-contro-il-consumo-di-suolo-a-causa-dellalluvione-il-folle-paradosso-dellemilia-romagna\/#breadcrumb\",\"itemListElement\":[{\"@type\":\"ListItem\",\"position\":1,\"name\":\"Accueil\",\"item\":\"https:\/\/www.pressenza.com\/it\/\"},{\"@type\":\"ListItem\",\"position\":2,\"name\":\"Prorogata l&#8217;entrata in vigore della legge contro il consumo di suolo, &#8220;a causa dell&#8217;alluvione&#8221;. Il folle paradosso dell&#8217;Emilia Romagna\"}]},{\"@type\":\"WebSite\",\"@id\":\"https:\/\/www.pressenza.com\/it\/#website\",\"url\":\"https:\/\/www.pressenza.com\/it\/\",\"name\":\"Pressenza\",\"description\":\"Agenzia di Stampa Internazionale\",\"publisher\":{\"@id\":\"https:\/\/www.pressenza.com\/it\/#organization\"},\"potentialAction\":[{\"@type\":\"SearchAction\",\"target\":{\"@type\":\"EntryPoint\",\"urlTemplate\":\"https:\/\/www.pressenza.com\/it\/?s={search_term_string}\"},\"query-input\":{\"@type\":\"PropertyValueSpecification\",\"valueRequired\":true,\"valueName\":\"search_term_string\"}}],\"inLanguage\":\"it-IT\"},{\"@type\":\"Organization\",\"@id\":\"https:\/\/www.pressenza.com\/it\/#organization\",\"name\":\"Pressenza\",\"url\":\"https:\/\/www.pressenza.com\/it\/\",\"logo\":{\"@type\":\"ImageObject\",\"inLanguage\":\"it-IT\",\"@id\":\"https:\/\/www.pressenza.com\/it\/#\/schema\/logo\/image\/\",\"url\":\"https:\/\/www.pressenza.com\/wp-content\/uploads\/2022\/10\/pressenza_logo_200x200.jpg\",\"contentUrl\":\"https:\/\/www.pressenza.com\/wp-content\/uploads\/2022\/10\/pressenza_logo_200x200.jpg\",\"width\":200,\"height\":200,\"caption\":\"Pressenza\"},\"image\":{\"@id\":\"https:\/\/www.pressenza.com\/it\/#\/schema\/logo\/image\/\"},\"sameAs\":[\"https:\/\/www.facebook.com\/PressenzaItalia\",\"https:\/\/x.com\/PressenzaIPA\"]},{\"@type\":\"Person\",\"@id\":\"https:\/\/www.pressenza.com\/it\/#\/schema\/person\/a1e211621fbb260f6ee4ab772b010f01\",\"name\":\"Linda Maggiori\",\"description\":\"Sono nata a Recanati nel 1981, fin da piccola ho sempre adorato scrivere e lottare contro le ingiustizie. Laureata in Scienze dell\u2019Educazione e Servizio sociale ho fatto varie esperienze come educatrice. Ho scritto vari libri per adulti e bambini sull'ambiente, sono blogger per il Fatto Quotidiano, collaboro come giornalista con Terra Nuova, il Manifesto, e con la testata di comunicazione ambientale Envi.info. Vivo a Faenza (Ra), con mio marito e i nostri quatto figli, dove da 10 anni sperimentiamo e testimoniamo uno stile di vita sostenibile: senz\u2019auto, a rifiuti (quasi) zero, con solo energia rinnovabile.\",\"url\":\"https:\/\/www.pressenza.com\/it\/author\/linda-maggiori\/\"}]}<\/script>\n<!-- \/ Yoast SEO plugin. -->","yoast_head_json":{"title":"Prorogata l'entrata in vigore della legge contro il consumo di suolo, \"a causa dell'alluvione\". Il folle paradosso dell'Emilia Romagna","description":"\"Con la motivazione dell'emergenza causata dall'alluvione, in Emilia Romagna \u00e8 stata nuovamente rinviata l\u2019entrata in vigore della legge urbanistica\u00a0 LR","robots":{"index":"index","follow":"follow","max-snippet":"max-snippet:-1","max-image-preview":"max-image-preview:large","max-video-preview":"max-video-preview:-1"},"canonical":"https:\/\/www.pressenza.com\/it\/2023\/09\/prorogata-lentrata-in-vigore-della-legge-contro-il-consumo-di-suolo-a-causa-dellalluvione-il-folle-paradosso-dellemilia-romagna\/","og_locale":"it_IT","og_type":"article","og_title":"Prorogata l'entrata in vigore della legge contro il consumo di suolo, \"a causa dell'alluvione\". Il folle paradosso dell'Emilia Romagna","og_description":"\"Con la motivazione dell'emergenza causata dall'alluvione, in Emilia Romagna \u00e8 stata nuovamente rinviata l\u2019entrata in vigore della legge urbanistica\u00a0 LR","og_url":"https:\/\/www.pressenza.com\/it\/2023\/09\/prorogata-lentrata-in-vigore-della-legge-contro-il-consumo-di-suolo-a-causa-dellalluvione-il-folle-paradosso-dellemilia-romagna\/","og_site_name":"Pressenza","article_publisher":"https:\/\/www.facebook.com\/PressenzaItalia","article_published_time":"2023-09-29T12:11:30+00:00","og_image":[{"width":1920,"height":1081,"url":"https:\/\/www.pressenza.com\/wp-content\/uploads\/2023\/05\/alluvione-Forli.jpg","type":"image\/jpeg"}],"author":"Linda Maggiori","twitter_card":"summary_large_image","twitter_creator":"@PressenzaIPA","twitter_site":"@PressenzaIPA","twitter_misc":{"Scritto da":"Linda Maggiori","Tempo di lettura stimato":"4 minuti"},"schema":{"@context":"https:\/\/schema.org","@graph":[{"@type":"Article","@id":"https:\/\/www.pressenza.com\/it\/2023\/09\/prorogata-lentrata-in-vigore-della-legge-contro-il-consumo-di-suolo-a-causa-dellalluvione-il-folle-paradosso-dellemilia-romagna\/#article","isPartOf":{"@id":"https:\/\/www.pressenza.com\/it\/2023\/09\/prorogata-lentrata-in-vigore-della-legge-contro-il-consumo-di-suolo-a-causa-dellalluvione-il-folle-paradosso-dellemilia-romagna\/"},"author":{"name":"Linda Maggiori","@id":"https:\/\/www.pressenza.com\/it\/#\/schema\/person\/a1e211621fbb260f6ee4ab772b010f01"},"headline":"Prorogata l&#8217;entrata in vigore della legge contro il consumo di suolo, &#8220;a causa dell&#8217;alluvione&#8221;. Il folle paradosso dell&#8217;Emilia Romagna","datePublished":"2023-09-29T12:11:30+00:00","mainEntityOfPage":{"@id":"https:\/\/www.pressenza.com\/it\/2023\/09\/prorogata-lentrata-in-vigore-della-legge-contro-il-consumo-di-suolo-a-causa-dellalluvione-il-folle-paradosso-dellemilia-romagna\/"},"wordCount":696,"publisher":{"@id":"https:\/\/www.pressenza.com\/it\/#organization"},"image":{"@id":"https:\/\/www.pressenza.com\/it\/2023\/09\/prorogata-lentrata-in-vigore-della-legge-contro-il-consumo-di-suolo-a-causa-dellalluvione-il-folle-paradosso-dellemilia-romagna\/#primaryimage"},"thumbnailUrl":"https:\/\/www.pressenza.com\/wp-content\/uploads\/2023\/05\/alluvione-Forli.jpg","keywords":["Consumo di suolo","RECA","Regione Emilia-Romagna","Stefano Bonaccini"],"articleSection":["contenuti originali","Ecologia ed Ambiente","Politica"],"inLanguage":"it-IT"},{"@type":"WebPage","@id":"https:\/\/www.pressenza.com\/it\/2023\/09\/prorogata-lentrata-in-vigore-della-legge-contro-il-consumo-di-suolo-a-causa-dellalluvione-il-folle-paradosso-dellemilia-romagna\/","url":"https:\/\/www.pressenza.com\/it\/2023\/09\/prorogata-lentrata-in-vigore-della-legge-contro-il-consumo-di-suolo-a-causa-dellalluvione-il-folle-paradosso-dellemilia-romagna\/","name":"Prorogata l'entrata in vigore della legge contro il consumo di suolo, \"a causa dell'alluvione\". Il folle paradosso dell'Emilia Romagna","isPartOf":{"@id":"https:\/\/www.pressenza.com\/it\/#website"},"primaryImageOfPage":{"@id":"https:\/\/www.pressenza.com\/it\/2023\/09\/prorogata-lentrata-in-vigore-della-legge-contro-il-consumo-di-suolo-a-causa-dellalluvione-il-folle-paradosso-dellemilia-romagna\/#primaryimage"},"image":{"@id":"https:\/\/www.pressenza.com\/it\/2023\/09\/prorogata-lentrata-in-vigore-della-legge-contro-il-consumo-di-suolo-a-causa-dellalluvione-il-folle-paradosso-dellemilia-romagna\/#primaryimage"},"thumbnailUrl":"https:\/\/www.pressenza.com\/wp-content\/uploads\/2023\/05\/alluvione-Forli.jpg","datePublished":"2023-09-29T12:11:30+00:00","description":"\"Con la motivazione dell'emergenza causata dall'alluvione, in Emilia Romagna \u00e8 stata nuovamente rinviata l\u2019entrata in vigore della legge urbanistica\u00a0 LR","breadcrumb":{"@id":"https:\/\/www.pressenza.com\/it\/2023\/09\/prorogata-lentrata-in-vigore-della-legge-contro-il-consumo-di-suolo-a-causa-dellalluvione-il-folle-paradosso-dellemilia-romagna\/#breadcrumb"},"inLanguage":"it-IT","potentialAction":[{"@type":"ReadAction","target":["https:\/\/www.pressenza.com\/it\/2023\/09\/prorogata-lentrata-in-vigore-della-legge-contro-il-consumo-di-suolo-a-causa-dellalluvione-il-folle-paradosso-dellemilia-romagna\/"]}]},{"@type":"ImageObject","inLanguage":"it-IT","@id":"https:\/\/www.pressenza.com\/it\/2023\/09\/prorogata-lentrata-in-vigore-della-legge-contro-il-consumo-di-suolo-a-causa-dellalluvione-il-folle-paradosso-dellemilia-romagna\/#primaryimage","url":"https:\/\/www.pressenza.com\/wp-content\/uploads\/2023\/05\/alluvione-Forli.jpg","contentUrl":"https:\/\/www.pressenza.com\/wp-content\/uploads\/2023\/05\/alluvione-Forli.jpg","width":1920,"height":1081},{"@type":"BreadcrumbList","@id":"https:\/\/www.pressenza.com\/it\/2023\/09\/prorogata-lentrata-in-vigore-della-legge-contro-il-consumo-di-suolo-a-causa-dellalluvione-il-folle-paradosso-dellemilia-romagna\/#breadcrumb","itemListElement":[{"@type":"ListItem","position":1,"name":"Accueil","item":"https:\/\/www.pressenza.com\/it\/"},{"@type":"ListItem","position":2,"name":"Prorogata l&#8217;entrata in vigore della legge contro il consumo di suolo, &#8220;a causa dell&#8217;alluvione&#8221;. Il folle paradosso dell&#8217;Emilia Romagna"}]},{"@type":"WebSite","@id":"https:\/\/www.pressenza.com\/it\/#website","url":"https:\/\/www.pressenza.com\/it\/","name":"Pressenza","description":"Agenzia di Stampa Internazionale","publisher":{"@id":"https:\/\/www.pressenza.com\/it\/#organization"},"potentialAction":[{"@type":"SearchAction","target":{"@type":"EntryPoint","urlTemplate":"https:\/\/www.pressenza.com\/it\/?s={search_term_string}"},"query-input":{"@type":"PropertyValueSpecification","valueRequired":true,"valueName":"search_term_string"}}],"inLanguage":"it-IT"},{"@type":"Organization","@id":"https:\/\/www.pressenza.com\/it\/#organization","name":"Pressenza","url":"https:\/\/www.pressenza.com\/it\/","logo":{"@type":"ImageObject","inLanguage":"it-IT","@id":"https:\/\/www.pressenza.com\/it\/#\/schema\/logo\/image\/","url":"https:\/\/www.pressenza.com\/wp-content\/uploads\/2022\/10\/pressenza_logo_200x200.jpg","contentUrl":"https:\/\/www.pressenza.com\/wp-content\/uploads\/2022\/10\/pressenza_logo_200x200.jpg","width":200,"height":200,"caption":"Pressenza"},"image":{"@id":"https:\/\/www.pressenza.com\/it\/#\/schema\/logo\/image\/"},"sameAs":["https:\/\/www.facebook.com\/PressenzaItalia","https:\/\/x.com\/PressenzaIPA"]},{"@type":"Person","@id":"https:\/\/www.pressenza.com\/it\/#\/schema\/person\/a1e211621fbb260f6ee4ab772b010f01","name":"Linda Maggiori","description":"Sono nata a Recanati nel 1981, fin da piccola ho sempre adorato scrivere e lottare contro le ingiustizie. Laureata in Scienze dell\u2019Educazione e Servizio sociale ho fatto varie esperienze come educatrice. Ho scritto vari libri per adulti e bambini sull'ambiente, sono blogger per il Fatto Quotidiano, collaboro come giornalista con Terra Nuova, il Manifesto, e con la testata di comunicazione ambientale Envi.info. Vivo a Faenza (Ra), con mio marito e i nostri quatto figli, dove da 10 anni sperimentiamo e testimoniamo uno stile di vita sostenibile: senz\u2019auto, a rifiuti (quasi) zero, con solo energia rinnovabile.","url":"https:\/\/www.pressenza.com\/it\/author\/linda-maggiori\/"}]}},"place":"Bologna","original_article_url":"","_links":{"self":[{"href":"https:\/\/www.pressenza.com\/it\/wp-json\/wp\/v2\/posts\/1768148","targetHints":{"allow":["GET"]}}],"collection":[{"href":"https:\/\/www.pressenza.com\/it\/wp-json\/wp\/v2\/posts"}],"about":[{"href":"https:\/\/www.pressenza.com\/it\/wp-json\/wp\/v2\/types\/post"}],"author":[{"embeddable":true,"href":"https:\/\/www.pressenza.com\/it\/wp-json\/wp\/v2\/users\/2063"}],"replies":[{"embeddable":true,"href":"https:\/\/www.pressenza.com\/it\/wp-json\/wp\/v2\/comments?post=1768148"}],"version-history":[{"count":0,"href":"https:\/\/www.pressenza.com\/it\/wp-json\/wp\/v2\/posts\/1768148\/revisions"}],"wp:featuredmedia":[{"embeddable":true,"href":"https:\/\/www.pressenza.com\/it\/wp-json\/wp\/v2\/media\/1740071"}],"wp:attachment":[{"href":"https:\/\/www.pressenza.com\/it\/wp-json\/wp\/v2\/media?parent=1768148"}],"wp:term":[{"taxonomy":"category","embeddable":true,"href":"https:\/\/www.pressenza.com\/it\/wp-json\/wp\/v2\/categories?post=1768148"},{"taxonomy":"post_tag","embeddable":true,"href":"https:\/\/www.pressenza.com\/it\/wp-json\/wp\/v2\/tags?post=1768148"}],"curies":[{"name":"wp","href":"https:\/\/api.w.org\/{rel}","templated":true}]}}