{"id":1767812,"date":"2023-09-27T16:21:08","date_gmt":"2023-09-27T15:21:08","guid":{"rendered":"https:\/\/www.pressenza.com\/?p=1767812"},"modified":"2023-09-29T08:39:52","modified_gmt":"2023-09-29T07:39:52","slug":"23netzinesud-%d3%8eeriggio-n-36","status":"publish","type":"post","link":"https:\/\/www.pressenza.com\/it\/2023\/09\/23netzinesud-%d3%8eeriggio-n-36\/","title":{"rendered":"23@netzineSud \u2013 \u04cderiggio \\ n. 36"},"content":{"rendered":"<p><em>&gt; \u00a0rassegnanews sulle soggettiv\u20b3zioni del meticciato meridioglocal \u00a0&lt;<\/em><\/p>\n<p><em>\u00a0<\/em><\/p>\n<p><strong>APPELLO <em>La Via Maestra &#8211; Roma 7 ottobre Manifestazione nazionale <\/em>PER il reddito e il lavoro contro la precariet\u00e0, per la difesa e la piena attuazione dei diritti costituzionalmente tutelati (pace, sanit\u00e0, ambiente, diversit\u00e0) CONTRO l\u2019autonomia differenziata e lo stravolgimento della Carta fondamentale antifascista<\/strong><\/p>\n<p>La Costituzione italiana \u2013 nata dalla Resistenza \u2013 delinea <em>un modello di democrazia e di societ\u00e0 che pone alla base della Repubblica il lavoro, l\u2019uguaglianza di tutte le persone, i diritti civili e sociali fondamentali<\/em> che lo Stato, nella sua articolazione istituzionale unitaria, ha il dovere primario di promuovere attivamente rimuovendo \u201c<em>gli ostacoli di ordine economico e sociale, che, limitando di fatto la libert\u00e0 e l&#8217;eguaglianza dei cittadini, impediscono il pieno sviluppo della persona umana e l&#8217;effettiva partecipazione di tutti i lavoratori all&#8217;organizzazione politica, economica e sociale del Paese<\/em>\u201d.\u00a0Per questo rivendichiamo che <em>i diritti fondamentali sanciti dalla Costituzione tornino ad essere pienamente riconosciuti e siano resi concretamente esigibili ad ogni latitudine del Paese<\/em> (da nord a sud, dalle grandi citt\u00e0 alle periferie, dai centri urbani alle aree interne), a partire da:\u00a0 il diritto al <strong>lavoro <\/strong>stabile, libero, di qualit\u00e0; il diritto alla <strong>salute <\/strong>e un Servizio Sanitario Nazionale e un sistema socio sanitario pubblico, solidale e universale; il diritto all\u2019<strong>istruzione<\/strong>, dall\u2019infanzia ai pi\u00f9 alti gradi, e alla formazione permanente e continua; il contrasto a <strong>povert\u00e0 <\/strong>e diseguaglianze e la promozione della giustizia sociale, garantendo il diritto all\u2019abitare e un reddito per una vita dignitosa; il diritto a un <strong>ambiente sano e sicuro <\/strong>in cui vengono tutelati acqua, suolo, biodiversit\u00e0 ed ecosistemi; una politica di <strong>pace <\/strong>intesa come ripudio della guerra e con la costruzione di un sistema di difesa integrato con la dimensione civile e nonviolenta<strong>.\u00a0<\/strong>Questi diritti possono essere riaffermati e rafforzati solo attraverso una redistribuzione delle risorse e della ricchezza che chieda di pi\u00f9 a chi ha di pi\u00f9 per garantire a tutti e a tutte: <strong><em>un<\/em> <em>sistema di welfare pubblico e universalistico; <\/em><\/strong><strong><em>una riforma fiscale basata sui principi di equit\u00e0, generalit\u00e0 e progressivit\u00e0; <\/em><\/strong>\u00a0<strong>una giustizia sociale e giustizia ambientale <\/strong><strong>e climatica <\/strong>\u201cnell\u2019interesse delle future generazioni\u201d.\u00a0 Questo modello sociale \u2013 fondato su uguaglianza, solidariet\u00e0, accoglienza, e partecipazione \u2013 costituisce <strong>l\u2019antitesi del modello che vuole realizzare l\u2019attuale maggioranza di Governo <\/strong>con le prime scelte che ha gi\u00e0 compiuto e che si appresta a varare destinate a scardinare le fondamenta stesse dell\u2019impianto della Repubblica, come:\u00a0 l\u2019<strong>autonomia differenziata e<\/strong> l\u2019<strong>elezione diretta del capo dell\u2019 esecutivo. La Costituzione antifascista nata dalla Resistenza <\/strong>\u2013 nel riconoscere il lavoro come elemento fondativo, la sovranit\u00e0 del popolo, la responsabilit\u00e0 delle istituzioni pubbliche di garantire l\u2019uguaglianza sostanziale delle persone, i diritti delle donne, il dovere della solidariet\u00e0, la centralit\u00e0 della <strong>tutela dell\u2019ambiente e degli ecosistemi<\/strong>, il <strong>ripudio della guerra <\/strong>come strumento di risoluzione delle controversie internazionali \u2013 ha delineato un assetto istituzionale che, attraverso la <strong>centralit\u00e0 del Parlamento<\/strong>, fosse il pi\u00f9 idoneo ad assicurare questi principi costitutivi e a realizzare un <strong>rapporto tra cittadini\/e e istituzioni <\/strong>che non si esaurisce nel solo esercizio periodico del voto ma si sviluppa quotidianamente nella dialettica democratica e nella costante partecipazione collettiva della rappresentanza in tutte le sue declinazioni politiche, sociali e civili.\u00a0Per contrastare la deriva in corso e riaffermare la <strong>necessit\u00e0 di un modello sociale e di\u00a0 sviluppo che riparta dall\u2019attuazione della Costituzione, non dal suo\u00a0 stravolgimento<\/strong>, ci impegniamo in un <strong>percorso di confronto, iniziativa e mobilitazione\u00a0 comune <\/strong>che \u2013 a partire dai territori e nel pieno rispetto delle prerogative di ciascuno \u2013 rimetta al\u00a0 centro la necessit\u00e0 di garantire a tutte le persone e in tutto il Paese i diritti fondamentali e di\u00a0 salvaguardare la centralit\u00e0 del Parlamento contro ogni deriva di natura plebiscitaria fondata\u00a0 sull\u2019uomo o sulla donna soli al comando.<\/p>\n<h6><strong><a href=\"https:\/\/binaries.cgil.it\/pdf\/2023\/08\/04\/121937837-ea0459f3-f207-4401-94f2-124e5c7abc96.pdf\">Scarica l\u2019appello integrale [Pdf]<\/a><\/strong><strong>\\ Per tutto il materiale<\/strong><b><span style=\"font-size: 8.0pt; font-family: 'Arial','sans-serif'; color: black;\">: <\/span><a href=\"http:\/\/www.collettiva.it\/speciali\/la-via-maestra\"><span style=\"-webkit-text-decoration-skip: none; text-decoration-skip-ink: none; white-space: pre-wrap;\">www.collettiva.it\/speciali\/la-via-maestra<\/span><\/a><\/b><strong>\\ <\/strong><strong>Per aderire: <\/strong><strong><u><a href=\"mailto:adesioni7ottobre@collettiva.it\">adesioni7ottobre@collettiva.it\u00a0<\/a><\/u><\/strong><\/h6>\n<p>&nbsp;<\/p>\n<p><strong>La strada del nucleare \u00e8 un modello\u00a0 di transizione energetica che non ha nulla di \u00a0sostenibile. Per le associazioni ambientaliste le fonti rinnovabili costituiscono il vero volano per lo sviluppo del Paese e per la lotta alla crisi climatica<\/strong><\/p>\n<p>Lo scorso 21 settembre l\u2019esecutivo in carica ha convocato istituzioni ed imprese per affrontare il tema della transizione energetica, mettendo al centro l\u2019opzione nucleare, gi\u00e0 sdogata dal precedente governo Draghi, equiparata a fonte di energia pulita pi\u00f9 efficace e sostenibile rispetto alle rinnovabili. Sollevata di scudi da parte delle associazioni ambientaliste che hanno criticato la strada intrapresa dal governo Meloni, chiedendo parimenti un incontro per un confronto serio sulla <em>transizione ecologica<\/em>, puntando sulle fonti alternative. Inoltre hanno voluto ricordando alla premier i referendum del 1987 e del 2011, con i quali\u00a0 gli italiano hanno\u00a0 gi\u00e0 espresso un netto e deciso \u00a0NO al nucleare. Per\u00a0<strong>Legambiente, WWF Italia, Greenpeace Italia, e Kyoto Club<\/strong>\u00a0\u00abil Governo Meloni sta totalmente sbagliando strada.\u00a0Si ostina a credere che quello del \u201cnucleare sostenibile\u201d sia un futuro energetico percorribile e realizzabile in tempi brevi, ma si tratta di una scelta sbagliata e insensata. Il nucleare di quarta generazione o nei mini-reattori modulari nucleari (Small Modular\u00a0Reactor),\u00a0la cui realizzabilit\u00e0 \u00e8 tutta da dimostrare,\u00a0ha costi alti, tempi lunghi e non elimina l\u2019annoso problema delle scorie, uno dei principali ostacoli ancora irrisolti del settore. Investire in questa forma di produzione di energia, come contributo alla lotta alla crisi climatica, sarebbe una scelta assolutamente contraddittoria con l\u2019urgenza negli interventi di riduzione delle emissioni climalteranti, ribaditi anche nei rapporti dell\u2019IPCC, per contenere l\u2019aumento della temperatura media terrestre entro 1,5\u00b0C rispetto all\u2019era preindustriale. Cos\u00ec facendo si rischia di traghettare l\u2019Italia verso una transizione energetica che non ha nulla di sostenibile e che non guarda al bene del Paese e dell\u2019ambiente\u00bb.<\/p>\n<h6><a href=\"https:\/\/www.legambiente.it\/news-storie\/clima\/sul-nucleare-il-governo-sta-totalmente-sbagliando-strada\/?_gl=1*e3sp7p*_up*MQ..*_ga*MTM0NDIwNDE0NS4xNjk1Nzk5NzQ2*_ga_LX7CNT6SDN*MTY5NTc5OTc0My4xLjAuMTY5NTgwMDA1OS4wLjAuMA\">leggi news<\/a><\/h6>\n<p>&nbsp;<\/p>\n<p><strong>Attac-Italia sulla lotta al surriscaldamento climatico: la trappola del debito inchioda ai combustibili fossili il Sud <em>del mondo <\/em>\u00a0<\/strong><\/p>\n<p>Secondo quanto ha rivelato dalla inglese <em>Debt Justice<\/em> &#8211; in uno\u00a0 studio \u00a0(<em>The Debt Fossil Fuel Trap <sup>[scarica il \u00a0<\/sup><\/em><sup><a href=\"https:\/\/debtjustice.org.uk\/wp-content\/uploads\/2023\/08\/Debt-Fossil-Fuel-Trap-Report_2023.pdf\">pdf<\/a>]<\/sup>) pubblicato recentemente &#8211; emerge chiaramente come in ben pi\u00f9 di 50 paesi del <em>sud del mondo<\/em> &#8211; nel poco oltre ultimo decennio &#8211; il debito sia aumentato nell\u2019ordine del 150%, costringendo gli stati indebitati a far leva su proventi derivanti dallo sfruttamento delle materie prime fossili per adempiere alle scadenze debitorie. \u00abIl meccanismo, come al solito, \u00e8 strutturato come una trappola che si autoriproduce\u00bb, commenta Marco Bersani su Attac-Italia. Inoltre, sulla base dei dati Ocse, fa rilevare che: \u00aboltre il 70% dei finanziamenti finalizzati al contrasto dei cambiamenti climatici (utilizzo delle energie rinnovabili) sono erogati sotto forma di prestiti, ma quando un Paese si trova in crisi debitoria non pu\u00f2 accedervi ed \u00e8 quindi costretto a ricorrere all\u2019aumento delle trivellazioni per lo sfruttamento di carbone, petrolio e gas. Ma anche quando un Paese ha ancora la possibilit\u00e0 di accesso al credito, spesso trova sulla sua strada contratti \u201ccapestro\u201d, che rispondono a meccanismi legati all\u2019andamento del mercato, con forte penalizzazione dei Paesi che li contraggono\u00bb. Ovviamente quel che non viene mai sottolineato dal <em>mainstream<\/em> \u00e8 la perversione generata dalla commistione sistemica del modello economico dominante sul piano globale (<em>la<\/em> <em>finta competizione sui mercati, in stretta alleanza contro il pianeta, <\/em>come si sottolinea nell&#8217;articolo su Attac). Infatti: \u00abbanche e imprese petrolifere non sono solo due settori multinazionali all\u2019apice della ricchezza mondiale, ma sono intimamente legate da intrecci societari fra loro\u00bb. Quanto precede, scrive ancora Bersani, \u00e8 dimostrato dal Rapporto del Transnational Institute <sup>(<a href=\"https:\/\/www.tni.org\/en\/publication\/state-of-power-2013\">tni<\/a>)<\/sup>, rapporto che \u00ablega indissolubilmente da una parte Deutsche Bank, BNP Paribas, Royal Bank of Scotland, JP Morgan Chase, Bank of America e Citigroup; dall\u2019altra Royal Dutch Sell, Exxon Mobil, British Petroleum, Chevron, Total, Eni e Lukoil. In finta competizione sui mercati, in stretta alleanza contro il pianeta\u00bb. Premesso quanto sopra, concordando con le conclusioni di Bersani, appare del tutto evidente che soltanto la lotta per la giustizia climatica, in uno con la cancellazione del debito possa portare ad un qualche risultato positivo <em>per la definanziarizzazione della natura e per la riappropriazione sociale dei beni comuni e della democrazia.<\/em><\/p>\n<p>&nbsp;<\/p>\n<p><strong>Torna <em>Urban Nature 2023<\/em>, il 7 e l\u20198 ottobre la festa WWF della Natura in citt\u00e0: \u00abLe aree urbane nel \u00a0mondo sono fondamentali per la salute e la sicurezza delle persone e per fermare il declino della natura\u00bb<\/strong><\/p>\n<p>Numerosi appuntamenti e iniziative saranno realizzati in tutta Italia, dove nelle piazze sar\u00e0 possibile regalarsi una felce per aiutare il WWF a creare Oasi in ospedale per i piccoli pazienti delle strutture pediatriche. Di seguito alcune note estratte dal <strong>REPORT URBAN NATURE 2023<\/strong>:<\/p>\n<ul>\n<li><em>AREE VERDI <\/em>rappresentano sempre di pi\u00f9 una risorsa fondamentale per la sostenibilit\u00e0 e la qualit\u00e0 della vita delle persone in citt\u00e0. Lo dimostrano numerose ricerche scientifiche sulla relazione tra spazi verdi, qualit\u00e0 della vita e mortalit\u00e0 nelle aree urbane, confermando l\u2019effetto positivo degli spazi verdi sulla salute mentale dei cittadini e sulla riduzione della mortalit\u00e0;<\/li>\n<li><em>AREE URBANE<\/em> nel mondo ospitano pi\u00f9 della met\u00e0 della popolazione, di conseguenza sono e saranno sempre pi\u00f9 al centro dei temi legati alle sfide globali, acquisendo un ruolo fondamentale per la salute e la sicurezza delle persone e per fermare il declino della natura\u2026 L\u2019espansione urbana cresce a dismisura in tutto il mondo a scapito della Natura e della salute e sicurezza delle persone,\u00a0tanto che oggi c\u2019\u00e8 una correlazione negativa tra la densit\u00e0 di popolazione e gli spazi verdi.\u00a0In Italia, ad esempio, cresce pi\u00f9 il cemento della popolazione: impermeabilizzazione e cementificazione sono progredite negli ultimi 3 anni con una media di 19 ettari al giorno (l\u2019equivalente di 26,5 campi da calcio!), con importanti trasformazioni ed effetti collaterali negativi sul territorio, tra cui la perdita spesso irreversibile non solo di aree naturali selvatiche, ma anche di aree agricole, con seri rischi per la sicurezza alimentare<\/li>\n<li><em>NATURA CITT\u00c0<\/em> inquinamento di aria, terra e acqua, stress, depressione e alienazione sono i principali effetti gravi della mancanza di natura nelle citt\u00e0.<strong>Le aree urbane coprono oggi quasi il 3% della superficie del Pianeta, producono oltre il 70% delle emissioni di carbonio e pi\u00f9 del 50% dei rifiuti a livello globale, consumano tra il 60% e l\u201980% dell\u2019energia e il 75% delle risorse natural<\/strong>i (alimenti e acqua). Cifre per altro destinate ad aumentare. L\u2019enorme impronta ecologica delle citt\u00e0 e l\u2019elevata concertazione di vite umane, attivit\u00e0 e beni in una superficie ristretta rendono le citt\u00e0 sempre pi\u00f9 deboli e vulnerabili di fronte alle sfide del futuro come il cambiamento climatico. Ne sono un esempio le citt\u00e0 italiane, in cui\u00a0<strong>negli ultimi 43 anni gli eventi meteorologici estremi hanno portato oltre 22.000 morti complessivi e 100 miliardi di euro di danni economici. <\/strong><\/li>\n<\/ul>\n<p><strong><em>Per il WWF, serve un piano nazionale del verde urbano per la riforestazione delle citt\u00e0 che preveda una progettazione sostenibile e adeguati programmi di manutenzione, dove tutti devono fare la loro parte: istituzioni, aziende e cittadini<\/em><\/strong><strong><em>.<\/em><\/strong> La creazione di spazi verdi ben progettati, ben curati e lo stimolo all\u2019uso da parte delle persone possono effettivamente portare ad una triplice vittoria: sostenibilit\u00e0 ambientale, salute pubblica ed equit\u00e0 sociale.<\/p>\n<h6><a href=\"https:\/\/www.wwf.it\/cosa-facciamo\/pubblicazioni\/report-urban-nature-2023\/\"><strong>Qu\u00ec il <\/strong><\/a><a href=\"https:\/\/www.wwf.it\/pandanews\/ambiente\/piu-natura-in-citta-per-la-salute-e-la-sicurezza-delle-persone\/\">Report-WWF<\/a><\/h6>\n<p>&nbsp;<\/p>\n<p><strong>Il nord Italia \u00e8 la zona pi\u00f9 inquinata d\u2019Europa.<\/strong> <strong> Il <em>particolato <\/em>\u00e8 u<\/strong><strong>n agente inquinante fra i pi\u00f9\u00a0 dannosi: causa patologie respiratorie e circolatorie. Il 18,2% di italiani \u00e8 esposto ad una concentrazione di Pm2.5 superiore ai 20 \u00b5g\/m\u00b3<\/strong><\/p>\n<p>Secondo l\u2019<a href=\"https:\/\/www.who.int\/europe\/news-room\/fact-sheets\/item\/air-quality\">Oms<\/a>, l\u2019inquinamento atmosferico \u00e8 il principale fattore di rischio per la salute in Europa. Come stima la <a href=\"https:\/\/environment.ec.europa.eu\/topics\/air_en\">commissione europea<\/a>, il suo costo \u00e8 pari ad almeno 330 miliardi di euro l\u2019anno e grava fortemente sul sistema sanitario. Tra le varie sostanze presenti nell\u2019atmosfera, il <em>particolato<\/em> \u00e8 uno dei pi\u00f9 pericolosi. L\u2019esposizione prolungata a questo agente causa infatti danni a molti apparati del corpo umano come quello circolatorio e respiratorio, ma provoca anche l\u2019insorgere di patologie del sistema centrale e di quello riproduttivo. Tra le relazioni pi\u00f9 frequentemente attestate ci sono i tumori ai polmoni, le ischemie e gli attacchi cardiaci, ma anche disturbi respiratori cronici come l\u2019asma. La tossicit\u00e0 \u00e8 ancora pi\u00f9 elevata nel caso del Pm2.5, ovvero quello con il diametro pi\u00f9 ridotto (2,5 micrometri), che permette alle particelle di intrufolarsi in profondit\u00e0 nei meandri del corpo umano. In Italia ci sono concentrazioni molto alte in diverse zone del paese. Quasi un quinto della popolazione (pi\u00f9 di 10 milioni di persone) respira aria con una concentrazione di particolato fine superiore ai 20 microgrammi, detenendo cos\u00ec il primato negativo in Europa. Infatti &#8211; fra gli stati membri dell\u2019Ue \u2013 siamo i primi in graduatoria: soltanto la Polonia si trova a livelli di esposizione di inquinamento atmosferico analoghi; ma si tratta in totale di meno di 1 milione di polacchi, una quota di gran lunga inferiore (pari a 2,2% della popolazione). In sostanza, dalla ricerca emerge chiaramente che sono tutte italiane le province pi\u00f9 inquinate dell\u2019Ue (8 su 10), fra queste svettano in alto: Milano, Monza e Cremona.<\/p>\n<h6><em><strong><a href=\"https:\/\/www.openpolis.it\/il-nord-italia-e-la-zona-piu-inquinata-deuropa\/#10-milioni-di-italiani-respirano-aria-con-pm2-5-oltre-i-20-%C2%B5g-m%C2%B3-solo-in-polonia-ci-sono-persone-nella-stessa\">per approfondimenti vai sulla ricerca di Openpolis<\/a><\/strong><\/em><\/h6>\n<p><em><strong>\u00a0<\/strong><\/em><\/p>\n<p style=\"text-align: right;\"><em><strong>\u00a0<\/strong><\/em><em><strong>Commenti \\ Inchieste \\ Rapporti \\ Conflitti \\ Altermeridionalismo<\/strong><\/em><\/p>\n<h6 style=\"text-align: right;\"><em><strong>\u00a0<\/strong><\/em><a href=\"mailto:toni.casano@pressenza.com\">toni.casano@pressenza.com<\/a><\/h6>\n","protected":false},"excerpt":{"rendered":"<p>&gt; \u00a0rassegnanews sulle soggettiv\u20b3zioni del meticciato meridioglocal \u00a0&lt; \u00a0 APPELLO La Via Maestra &#8211; Roma 7 ottobre Manifestazione nazionale PER il reddito e il lavoro contro la precariet\u00e0, per la difesa e la piena attuazione dei diritti costituzionalmente tutelati (pace,&hellip;<\/p>\n","protected":false},"author":1734,"featured_media":1767815,"comment_status":"closed","ping_status":"closed","sticky":false,"template":"","format":"standard","meta":{"footnotes":""},"categories":[150,56,59,1259],"tags":[49173,26359,4339,116262,53944,116480,116481],"class_list":["post-1767812","post","type-post","status-publish","format-standard","has-post-thumbnail","hentry","category-comunicati-stampa","category-cultura","category-ambiente-ecologia","category-salute-argomento","tag-appelli","tag-climate-change-it","tag-eventi","tag-la-via-maestra","tag-openpolis","tag-opzione-nucleare","tag-urban-nature-2023"],"yoast_head":"<!-- This site is optimized with the Yoast SEO plugin v27.1.1 - https:\/\/yoast.com\/product\/yoast-seo-wordpress\/ -->\n<title>23@netzineSud \u2013 \u04cderiggio \\ n. 36<\/title>\n<meta name=\"description\" content=\"&gt; \u00a0rassegnanews sulle soggettiv\u20b3zioni del meticciato meridioglocal \u00a0&lt; \u00a0 APPELLO La Via Maestra - Roma 7 ottobre Manifestazione nazionale PER il\" \/>\n<meta name=\"robots\" content=\"index, follow, max-snippet:-1, max-image-preview:large, max-video-preview:-1\" \/>\n<link rel=\"canonical\" href=\"https:\/\/www.pressenza.com\/it\/2023\/09\/23netzinesud-%d3%8eeriggio-n-36\/\" \/>\n<meta property=\"og:locale\" content=\"it_IT\" \/>\n<meta property=\"og:type\" content=\"article\" \/>\n<meta property=\"og:title\" content=\"23@netzineSud \u2013 \u04cderiggio \\ n. 36\" \/>\n<meta property=\"og:description\" content=\"&gt; \u00a0rassegnanews sulle soggettiv\u20b3zioni del meticciato meridioglocal \u00a0&lt; \u00a0 APPELLO La Via Maestra - Roma 7 ottobre Manifestazione nazionale PER il\" \/>\n<meta property=\"og:url\" content=\"https:\/\/www.pressenza.com\/it\/2023\/09\/23netzinesud-%d3%8eeriggio-n-36\/\" \/>\n<meta property=\"og:site_name\" content=\"Pressenza\" \/>\n<meta property=\"article:publisher\" content=\"https:\/\/www.facebook.com\/PressenzaItalia\" \/>\n<meta property=\"article:published_time\" content=\"2023-09-27T15:21:08+00:00\" \/>\n<meta property=\"article:modified_time\" content=\"2023-09-29T07:39:52+00:00\" \/>\n<meta property=\"og:image\" content=\"https:\/\/www.pressenza.com\/wp-content\/uploads\/2023\/09\/59745939_10217888722239989_2136736445824499712_n-3.jpg\" \/>\n\t<meta property=\"og:image:width\" content=\"572\" \/>\n\t<meta property=\"og:image:height\" content=\"362\" \/>\n\t<meta property=\"og:image:type\" content=\"image\/jpeg\" \/>\n<meta name=\"author\" content=\"Toni Casano\" \/>\n<meta name=\"twitter:card\" content=\"summary_large_image\" \/>\n<meta name=\"twitter:creator\" content=\"@PressenzaIPA\" \/>\n<meta name=\"twitter:site\" content=\"@PressenzaIPA\" \/>\n<meta name=\"twitter:label1\" content=\"Scritto da\" \/>\n\t<meta name=\"twitter:data1\" content=\"Toni Casano\" \/>\n\t<meta name=\"twitter:label2\" content=\"Tempo di lettura stimato\" \/>\n\t<meta name=\"twitter:data2\" content=\"12 minuti\" \/>\n<script type=\"application\/ld+json\" class=\"yoast-schema-graph\">{\"@context\":\"https:\/\/schema.org\",\"@graph\":[{\"@type\":\"Article\",\"@id\":\"https:\/\/www.pressenza.com\/it\/2023\/09\/23netzinesud-%d3%8eeriggio-n-36\/#article\",\"isPartOf\":{\"@id\":\"https:\/\/www.pressenza.com\/it\/2023\/09\/23netzinesud-%d3%8eeriggio-n-36\/\"},\"author\":{\"name\":\"Toni Casano\",\"@id\":\"https:\/\/www.pressenza.com\/it\/#\/schema\/person\/96f237719a2b94ddc64a123d009ffc86\"},\"headline\":\"23@netzineSud \u2013 \u04cderiggio \\\\ n. 36\",\"datePublished\":\"2023-09-27T15:21:08+00:00\",\"dateModified\":\"2023-09-29T07:39:52+00:00\",\"mainEntityOfPage\":{\"@id\":\"https:\/\/www.pressenza.com\/it\/2023\/09\/23netzinesud-%d3%8eeriggio-n-36\/\"},\"wordCount\":2130,\"publisher\":{\"@id\":\"https:\/\/www.pressenza.com\/it\/#organization\"},\"image\":{\"@id\":\"https:\/\/www.pressenza.com\/it\/2023\/09\/23netzinesud-%d3%8eeriggio-n-36\/#primaryimage\"},\"thumbnailUrl\":\"https:\/\/www.pressenza.com\/wp-content\/uploads\/2023\/09\/59745939_10217888722239989_2136736445824499712_n-3.jpg\",\"keywords\":[\"appelli\",\"Climate Change\",\"eventi\",\"la via maestra\",\"Openpolis\",\"opzione nucleare\",\"Urban Nature 2023\"],\"articleSection\":[\"Comunicati Stampa\",\"Cultura e Media\",\"Ecologia ed Ambiente\",\"Salute\"],\"inLanguage\":\"it-IT\"},{\"@type\":\"WebPage\",\"@id\":\"https:\/\/www.pressenza.com\/it\/2023\/09\/23netzinesud-%d3%8eeriggio-n-36\/\",\"url\":\"https:\/\/www.pressenza.com\/it\/2023\/09\/23netzinesud-%d3%8eeriggio-n-36\/\",\"name\":\"23@netzineSud \u2013 \u04cderiggio \\\\ n. 36\",\"isPartOf\":{\"@id\":\"https:\/\/www.pressenza.com\/it\/#website\"},\"primaryImageOfPage\":{\"@id\":\"https:\/\/www.pressenza.com\/it\/2023\/09\/23netzinesud-%d3%8eeriggio-n-36\/#primaryimage\"},\"image\":{\"@id\":\"https:\/\/www.pressenza.com\/it\/2023\/09\/23netzinesud-%d3%8eeriggio-n-36\/#primaryimage\"},\"thumbnailUrl\":\"https:\/\/www.pressenza.com\/wp-content\/uploads\/2023\/09\/59745939_10217888722239989_2136736445824499712_n-3.jpg\",\"datePublished\":\"2023-09-27T15:21:08+00:00\",\"dateModified\":\"2023-09-29T07:39:52+00:00\",\"description\":\"&gt; \u00a0rassegnanews sulle soggettiv\u20b3zioni del meticciato meridioglocal \u00a0&lt; \u00a0 APPELLO La Via Maestra - Roma 7 ottobre Manifestazione nazionale PER il\",\"breadcrumb\":{\"@id\":\"https:\/\/www.pressenza.com\/it\/2023\/09\/23netzinesud-%d3%8eeriggio-n-36\/#breadcrumb\"},\"inLanguage\":\"it-IT\",\"potentialAction\":[{\"@type\":\"ReadAction\",\"target\":[\"https:\/\/www.pressenza.com\/it\/2023\/09\/23netzinesud-%d3%8eeriggio-n-36\/\"]}]},{\"@type\":\"ImageObject\",\"inLanguage\":\"it-IT\",\"@id\":\"https:\/\/www.pressenza.com\/it\/2023\/09\/23netzinesud-%d3%8eeriggio-n-36\/#primaryimage\",\"url\":\"https:\/\/www.pressenza.com\/wp-content\/uploads\/2023\/09\/59745939_10217888722239989_2136736445824499712_n-3.jpg\",\"contentUrl\":\"https:\/\/www.pressenza.com\/wp-content\/uploads\/2023\/09\/59745939_10217888722239989_2136736445824499712_n-3.jpg\",\"width\":572,\"height\":362,\"caption\":\"neiSudelMondo\"},{\"@type\":\"BreadcrumbList\",\"@id\":\"https:\/\/www.pressenza.com\/it\/2023\/09\/23netzinesud-%d3%8eeriggio-n-36\/#breadcrumb\",\"itemListElement\":[{\"@type\":\"ListItem\",\"position\":1,\"name\":\"Accueil\",\"item\":\"https:\/\/www.pressenza.com\/it\/\"},{\"@type\":\"ListItem\",\"position\":2,\"name\":\"23@netzineSud \u2013 \u04cderiggio \\\\ n. 36\"}]},{\"@type\":\"WebSite\",\"@id\":\"https:\/\/www.pressenza.com\/it\/#website\",\"url\":\"https:\/\/www.pressenza.com\/it\/\",\"name\":\"Pressenza\",\"description\":\"Agenzia di Stampa Internazionale\",\"publisher\":{\"@id\":\"https:\/\/www.pressenza.com\/it\/#organization\"},\"potentialAction\":[{\"@type\":\"SearchAction\",\"target\":{\"@type\":\"EntryPoint\",\"urlTemplate\":\"https:\/\/www.pressenza.com\/it\/?s={search_term_string}\"},\"query-input\":{\"@type\":\"PropertyValueSpecification\",\"valueRequired\":true,\"valueName\":\"search_term_string\"}}],\"inLanguage\":\"it-IT\"},{\"@type\":\"Organization\",\"@id\":\"https:\/\/www.pressenza.com\/it\/#organization\",\"name\":\"Pressenza\",\"url\":\"https:\/\/www.pressenza.com\/it\/\",\"logo\":{\"@type\":\"ImageObject\",\"inLanguage\":\"it-IT\",\"@id\":\"https:\/\/www.pressenza.com\/it\/#\/schema\/logo\/image\/\",\"url\":\"https:\/\/www.pressenza.com\/wp-content\/uploads\/2022\/10\/pressenza_logo_200x200.jpg\",\"contentUrl\":\"https:\/\/www.pressenza.com\/wp-content\/uploads\/2022\/10\/pressenza_logo_200x200.jpg\",\"width\":200,\"height\":200,\"caption\":\"Pressenza\"},\"image\":{\"@id\":\"https:\/\/www.pressenza.com\/it\/#\/schema\/logo\/image\/\"},\"sameAs\":[\"https:\/\/www.facebook.com\/PressenzaItalia\",\"https:\/\/x.com\/PressenzaIPA\"]},{\"@type\":\"Person\",\"@id\":\"https:\/\/www.pressenza.com\/it\/#\/schema\/person\/96f237719a2b94ddc64a123d009ffc86\",\"name\":\"Toni Casano\",\"url\":\"https:\/\/www.pressenza.com\/it\/author\/toni-casano\/\"}]}<\/script>\n<!-- \/ Yoast SEO plugin. -->","yoast_head_json":{"title":"23@netzineSud \u2013 \u04cderiggio \\ n. 36","description":"&gt; \u00a0rassegnanews sulle soggettiv\u20b3zioni del meticciato meridioglocal \u00a0&lt; \u00a0 APPELLO La Via Maestra - Roma 7 ottobre Manifestazione nazionale PER il","robots":{"index":"index","follow":"follow","max-snippet":"max-snippet:-1","max-image-preview":"max-image-preview:large","max-video-preview":"max-video-preview:-1"},"canonical":"https:\/\/www.pressenza.com\/it\/2023\/09\/23netzinesud-%d3%8eeriggio-n-36\/","og_locale":"it_IT","og_type":"article","og_title":"23@netzineSud \u2013 \u04cderiggio \\ n. 36","og_description":"&gt; \u00a0rassegnanews sulle soggettiv\u20b3zioni del meticciato meridioglocal \u00a0&lt; \u00a0 APPELLO La Via Maestra - Roma 7 ottobre Manifestazione nazionale PER il","og_url":"https:\/\/www.pressenza.com\/it\/2023\/09\/23netzinesud-%d3%8eeriggio-n-36\/","og_site_name":"Pressenza","article_publisher":"https:\/\/www.facebook.com\/PressenzaItalia","article_published_time":"2023-09-27T15:21:08+00:00","article_modified_time":"2023-09-29T07:39:52+00:00","og_image":[{"width":572,"height":362,"url":"https:\/\/www.pressenza.com\/wp-content\/uploads\/2023\/09\/59745939_10217888722239989_2136736445824499712_n-3.jpg","type":"image\/jpeg"}],"author":"Toni Casano","twitter_card":"summary_large_image","twitter_creator":"@PressenzaIPA","twitter_site":"@PressenzaIPA","twitter_misc":{"Scritto da":"Toni Casano","Tempo di lettura stimato":"12 minuti"},"schema":{"@context":"https:\/\/schema.org","@graph":[{"@type":"Article","@id":"https:\/\/www.pressenza.com\/it\/2023\/09\/23netzinesud-%d3%8eeriggio-n-36\/#article","isPartOf":{"@id":"https:\/\/www.pressenza.com\/it\/2023\/09\/23netzinesud-%d3%8eeriggio-n-36\/"},"author":{"name":"Toni Casano","@id":"https:\/\/www.pressenza.com\/it\/#\/schema\/person\/96f237719a2b94ddc64a123d009ffc86"},"headline":"23@netzineSud \u2013 \u04cderiggio \\ n. 36","datePublished":"2023-09-27T15:21:08+00:00","dateModified":"2023-09-29T07:39:52+00:00","mainEntityOfPage":{"@id":"https:\/\/www.pressenza.com\/it\/2023\/09\/23netzinesud-%d3%8eeriggio-n-36\/"},"wordCount":2130,"publisher":{"@id":"https:\/\/www.pressenza.com\/it\/#organization"},"image":{"@id":"https:\/\/www.pressenza.com\/it\/2023\/09\/23netzinesud-%d3%8eeriggio-n-36\/#primaryimage"},"thumbnailUrl":"https:\/\/www.pressenza.com\/wp-content\/uploads\/2023\/09\/59745939_10217888722239989_2136736445824499712_n-3.jpg","keywords":["appelli","Climate Change","eventi","la via maestra","Openpolis","opzione nucleare","Urban Nature 2023"],"articleSection":["Comunicati Stampa","Cultura e Media","Ecologia ed Ambiente","Salute"],"inLanguage":"it-IT"},{"@type":"WebPage","@id":"https:\/\/www.pressenza.com\/it\/2023\/09\/23netzinesud-%d3%8eeriggio-n-36\/","url":"https:\/\/www.pressenza.com\/it\/2023\/09\/23netzinesud-%d3%8eeriggio-n-36\/","name":"23@netzineSud \u2013 \u04cderiggio \\ n. 36","isPartOf":{"@id":"https:\/\/www.pressenza.com\/it\/#website"},"primaryImageOfPage":{"@id":"https:\/\/www.pressenza.com\/it\/2023\/09\/23netzinesud-%d3%8eeriggio-n-36\/#primaryimage"},"image":{"@id":"https:\/\/www.pressenza.com\/it\/2023\/09\/23netzinesud-%d3%8eeriggio-n-36\/#primaryimage"},"thumbnailUrl":"https:\/\/www.pressenza.com\/wp-content\/uploads\/2023\/09\/59745939_10217888722239989_2136736445824499712_n-3.jpg","datePublished":"2023-09-27T15:21:08+00:00","dateModified":"2023-09-29T07:39:52+00:00","description":"&gt; \u00a0rassegnanews sulle soggettiv\u20b3zioni del meticciato meridioglocal \u00a0&lt; \u00a0 APPELLO La Via Maestra - Roma 7 ottobre Manifestazione nazionale PER il","breadcrumb":{"@id":"https:\/\/www.pressenza.com\/it\/2023\/09\/23netzinesud-%d3%8eeriggio-n-36\/#breadcrumb"},"inLanguage":"it-IT","potentialAction":[{"@type":"ReadAction","target":["https:\/\/www.pressenza.com\/it\/2023\/09\/23netzinesud-%d3%8eeriggio-n-36\/"]}]},{"@type":"ImageObject","inLanguage":"it-IT","@id":"https:\/\/www.pressenza.com\/it\/2023\/09\/23netzinesud-%d3%8eeriggio-n-36\/#primaryimage","url":"https:\/\/www.pressenza.com\/wp-content\/uploads\/2023\/09\/59745939_10217888722239989_2136736445824499712_n-3.jpg","contentUrl":"https:\/\/www.pressenza.com\/wp-content\/uploads\/2023\/09\/59745939_10217888722239989_2136736445824499712_n-3.jpg","width":572,"height":362,"caption":"neiSudelMondo"},{"@type":"BreadcrumbList","@id":"https:\/\/www.pressenza.com\/it\/2023\/09\/23netzinesud-%d3%8eeriggio-n-36\/#breadcrumb","itemListElement":[{"@type":"ListItem","position":1,"name":"Accueil","item":"https:\/\/www.pressenza.com\/it\/"},{"@type":"ListItem","position":2,"name":"23@netzineSud \u2013 \u04cderiggio \\ n. 36"}]},{"@type":"WebSite","@id":"https:\/\/www.pressenza.com\/it\/#website","url":"https:\/\/www.pressenza.com\/it\/","name":"Pressenza","description":"Agenzia di Stampa Internazionale","publisher":{"@id":"https:\/\/www.pressenza.com\/it\/#organization"},"potentialAction":[{"@type":"SearchAction","target":{"@type":"EntryPoint","urlTemplate":"https:\/\/www.pressenza.com\/it\/?s={search_term_string}"},"query-input":{"@type":"PropertyValueSpecification","valueRequired":true,"valueName":"search_term_string"}}],"inLanguage":"it-IT"},{"@type":"Organization","@id":"https:\/\/www.pressenza.com\/it\/#organization","name":"Pressenza","url":"https:\/\/www.pressenza.com\/it\/","logo":{"@type":"ImageObject","inLanguage":"it-IT","@id":"https:\/\/www.pressenza.com\/it\/#\/schema\/logo\/image\/","url":"https:\/\/www.pressenza.com\/wp-content\/uploads\/2022\/10\/pressenza_logo_200x200.jpg","contentUrl":"https:\/\/www.pressenza.com\/wp-content\/uploads\/2022\/10\/pressenza_logo_200x200.jpg","width":200,"height":200,"caption":"Pressenza"},"image":{"@id":"https:\/\/www.pressenza.com\/it\/#\/schema\/logo\/image\/"},"sameAs":["https:\/\/www.facebook.com\/PressenzaItalia","https:\/\/x.com\/PressenzaIPA"]},{"@type":"Person","@id":"https:\/\/www.pressenza.com\/it\/#\/schema\/person\/96f237719a2b94ddc64a123d009ffc86","name":"Toni Casano","url":"https:\/\/www.pressenza.com\/it\/author\/toni-casano\/"}]}},"place":"a cura di","original_article_url":"","_links":{"self":[{"href":"https:\/\/www.pressenza.com\/it\/wp-json\/wp\/v2\/posts\/1767812","targetHints":{"allow":["GET"]}}],"collection":[{"href":"https:\/\/www.pressenza.com\/it\/wp-json\/wp\/v2\/posts"}],"about":[{"href":"https:\/\/www.pressenza.com\/it\/wp-json\/wp\/v2\/types\/post"}],"author":[{"embeddable":true,"href":"https:\/\/www.pressenza.com\/it\/wp-json\/wp\/v2\/users\/1734"}],"replies":[{"embeddable":true,"href":"https:\/\/www.pressenza.com\/it\/wp-json\/wp\/v2\/comments?post=1767812"}],"version-history":[{"count":0,"href":"https:\/\/www.pressenza.com\/it\/wp-json\/wp\/v2\/posts\/1767812\/revisions"}],"wp:featuredmedia":[{"embeddable":true,"href":"https:\/\/www.pressenza.com\/it\/wp-json\/wp\/v2\/media\/1767815"}],"wp:attachment":[{"href":"https:\/\/www.pressenza.com\/it\/wp-json\/wp\/v2\/media?parent=1767812"}],"wp:term":[{"taxonomy":"category","embeddable":true,"href":"https:\/\/www.pressenza.com\/it\/wp-json\/wp\/v2\/categories?post=1767812"},{"taxonomy":"post_tag","embeddable":true,"href":"https:\/\/www.pressenza.com\/it\/wp-json\/wp\/v2\/tags?post=1767812"}],"curies":[{"name":"wp","href":"https:\/\/api.w.org\/{rel}","templated":true}]}}