{"id":1766778,"date":"2023-09-22T10:42:46","date_gmt":"2023-09-22T09:42:46","guid":{"rendered":"https:\/\/www.pressenza.com\/?p=1766778"},"modified":"2023-09-26T19:56:38","modified_gmt":"2023-09-26T18:56:38","slug":"non-bestemmiare-il-tempo-don-milani-nei-ricordi-dei-discepoli","status":"publish","type":"post","link":"https:\/\/www.pressenza.com\/it\/2023\/09\/non-bestemmiare-il-tempo-don-milani-nei-ricordi-dei-discepoli\/","title":{"rendered":"Non bestemmiare il tempo: Don Milani nei ricordi dei discepoli"},"content":{"rendered":"<p>Abbiamo un ricordo di Don Milani nelle sue attivit\u00e0 topiche di prete antimilitarista, di maestro dei poveri, di critico dell&#8217;educazione ma ci rendiamo conto che non abbiamo molte testimonianze dirette della sua opera quotidiana di persona.<\/p>\n<p>Nelle numerose pubblicazioni che giustamente celebrano i 100 anni dalla nascita del priore di Barbiana ci viene incontro questo libro pubblicato in una nuova edizione per il centenarioda Dissensi e scritto da Sandra Passerotti in base alle testimonianze di Fabio Fabbiani: <em>Non bestemmiare il tempo, l&#8217;ultimo insegnamento di Don Milani<\/em>.<\/p>\n<p>Il libro, racconta l&#8217;autrice\/curatrice, ha una genesi particolare, la prima edizione pubblicata in Francia prima che in Italia, un libro scritto a due mani, fino alla morte di Fabio nel 2017, sull&#8217;esigenza di lasciare un ricordo alle nuove generazioni di una realt\u00e0 che ancora il mondo non ha accettato pienamente. Un libro scritto da persone e non professionisti della letteratura.<\/p>\n<p>Al proliferare di scuole intitolate a Don Milani non ha corrisposto una reale e profonda comprensione del messaggio pedagogico di Barbiana e men che mai la sua applicazione nella pedagogia contemporanea.<\/p>\n<p>In questo senso alcuni dei messaggi educativi essenziali sono perfettamente leggibili in un libro scritto in forma di diario da Fabio, allievo tardivo, direi dell&#8217;ultima generazione che vive il declino fisico ma non spirituale di Don Lorenzo, soffre con lui per la tremenda ingiustizia di un processo che ci appare dolorosamente anacronistico.<\/p>\n<p>Barbiana \u00e8 concretamente la scuola degli ultimi, basata sulla carit\u00e0 cristiana e sul riscatto del popolo; \u00e8 la scuola che si fa insieme, esaltata dalla figura carismatica ma sempre accogliente del priore; \u00e8 la scuola che prende posizione contro l&#8217;ingiustizia, che scrive ai potenti, che si ribella contro l&#8217;ordine stabilito. Il libro d\u00e0 testimonianza di tutto questo e lo fa con gli occhi di un ragazzo che riscopre il piacere dello studio, di quello vero, alieno dai programmi ministeriali e dalle convenzioni pedagogiche del momento; un ragazzo che fa del suo riscatto educativo una bandiera positiva, una concreta realizzazione del <em>i care<\/em>.<\/p>\n<p>Leggere questo libro, scritto con l&#8217;amore per il compagno, per i nipoti e per l&#8217;Umanit\u00e0 da Sandra, riporta alla mente quel mondo, ancora cos\u00ec attuale, delle aspirazioni per una rivoluzione profonda, sociale, spirituale che ha animato le migliori menti del XX secolo e lo ha reso, oltre che un secolo di tragedie, anche un secolo di grandi ispirazioni che \u00e8 necessario ricordare e opportuno mettere in pratica.<\/p>\n","protected":false},"excerpt":{"rendered":"<p>Abbiamo un ricordo di Don Milani nelle sue attivit\u00e0 topiche di prete antimilitarista, di maestro dei poveri, di critico dell&#8217;educazione ma ci rendiamo conto che non abbiamo molte testimonianze dirette della sua opera quotidiana di persona. Nelle numerose pubblicazioni che&hellip;<\/p>\n","protected":false},"author":10,"featured_media":1766792,"comment_status":"closed","ping_status":"closed","sticky":false,"template":"","format":"standard","meta":{"footnotes":""},"categories":[56,1262],"tags":[17676,1311,1552],"class_list":["post-1766778","post","type-post","status-publish","format-standard","has-post-thumbnail","hentry","category-cultura","category-nonviolenza-argomento","tag-don-milani","tag-libro","tag-recensione"],"yoast_head":"<!-- This site is optimized with the Yoast SEO plugin v27.1.1 - https:\/\/yoast.com\/product\/yoast-seo-wordpress\/ -->\n<title>Non bestemmiare il tempo: Don Milani nei ricordi dei discepoli<\/title>\n<meta name=\"description\" content=\"Abbiamo un ricordo di Don Milani nelle sue attivit\u00e0 topiche di prete antimilitarista, di maestro dei poveri, di critico dell&#039;educazione ma ci rendiamo\" \/>\n<meta name=\"robots\" content=\"index, follow, max-snippet:-1, max-image-preview:large, max-video-preview:-1\" \/>\n<link rel=\"canonical\" href=\"https:\/\/www.pressenza.com\/it\/2023\/09\/non-bestemmiare-il-tempo-don-milani-nei-ricordi-dei-discepoli\/\" \/>\n<meta property=\"og:locale\" content=\"it_IT\" \/>\n<meta property=\"og:type\" content=\"article\" \/>\n<meta property=\"og:title\" content=\"Non bestemmiare il tempo: Don Milani nei ricordi dei discepoli\" \/>\n<meta property=\"og:description\" content=\"Abbiamo un ricordo di Don Milani nelle sue attivit\u00e0 topiche di prete antimilitarista, di maestro dei poveri, di critico dell&#039;educazione ma ci rendiamo\" \/>\n<meta property=\"og:url\" content=\"https:\/\/www.pressenza.com\/it\/2023\/09\/non-bestemmiare-il-tempo-don-milani-nei-ricordi-dei-discepoli\/\" \/>\n<meta property=\"og:site_name\" content=\"Pressenza\" \/>\n<meta property=\"article:publisher\" content=\"https:\/\/www.facebook.com\/PressenzaItalia\" \/>\n<meta property=\"article:published_time\" content=\"2023-09-22T09:42:46+00:00\" \/>\n<meta property=\"article:modified_time\" content=\"2023-09-26T18:56:38+00:00\" \/>\n<meta property=\"og:image\" content=\"https:\/\/www.pressenza.com\/wp-content\/uploads\/2023\/09\/non-bestemmiare-il-tempo.jpg\" \/>\n\t<meta property=\"og:image:width\" content=\"536\" \/>\n\t<meta property=\"og:image:height\" content=\"752\" \/>\n\t<meta property=\"og:image:type\" content=\"image\/jpeg\" \/>\n<meta name=\"author\" content=\"Olivier Turquet\" \/>\n<meta name=\"twitter:card\" content=\"summary_large_image\" \/>\n<meta name=\"twitter:creator\" content=\"@PressenzaIPA\" \/>\n<meta name=\"twitter:site\" content=\"@PressenzaIPA\" \/>\n<meta name=\"twitter:label1\" content=\"Scritto da\" \/>\n\t<meta name=\"twitter:data1\" content=\"Olivier Turquet\" \/>\n\t<meta name=\"twitter:label2\" content=\"Tempo di lettura stimato\" \/>\n\t<meta name=\"twitter:data2\" content=\"3 minuti\" \/>\n<script type=\"application\/ld+json\" class=\"yoast-schema-graph\">{\"@context\":\"https:\/\/schema.org\",\"@graph\":[{\"@type\":\"Article\",\"@id\":\"https:\/\/www.pressenza.com\/it\/2023\/09\/non-bestemmiare-il-tempo-don-milani-nei-ricordi-dei-discepoli\/#article\",\"isPartOf\":{\"@id\":\"https:\/\/www.pressenza.com\/it\/2023\/09\/non-bestemmiare-il-tempo-don-milani-nei-ricordi-dei-discepoli\/\"},\"author\":{\"name\":\"Olivier Turquet\",\"@id\":\"https:\/\/www.pressenza.com\/it\/#\/schema\/person\/636f8feb51f63f34e7378d5fcdd1de53\"},\"headline\":\"Non bestemmiare il tempo: Don Milani nei ricordi dei discepoli\",\"datePublished\":\"2023-09-22T09:42:46+00:00\",\"dateModified\":\"2023-09-26T18:56:38+00:00\",\"mainEntityOfPage\":{\"@id\":\"https:\/\/www.pressenza.com\/it\/2023\/09\/non-bestemmiare-il-tempo-don-milani-nei-ricordi-dei-discepoli\/\"},\"wordCount\":412,\"publisher\":{\"@id\":\"https:\/\/www.pressenza.com\/it\/#organization\"},\"image\":{\"@id\":\"https:\/\/www.pressenza.com\/it\/2023\/09\/non-bestemmiare-il-tempo-don-milani-nei-ricordi-dei-discepoli\/#primaryimage\"},\"thumbnailUrl\":\"https:\/\/www.pressenza.com\/wp-content\/uploads\/2023\/09\/non-bestemmiare-il-tempo.jpg\",\"keywords\":[\"Don Milani\",\"libro\",\"recensione\"],\"articleSection\":[\"Cultura e Media\",\"Nonviolenza\"],\"inLanguage\":\"it-IT\"},{\"@type\":\"WebPage\",\"@id\":\"https:\/\/www.pressenza.com\/it\/2023\/09\/non-bestemmiare-il-tempo-don-milani-nei-ricordi-dei-discepoli\/\",\"url\":\"https:\/\/www.pressenza.com\/it\/2023\/09\/non-bestemmiare-il-tempo-don-milani-nei-ricordi-dei-discepoli\/\",\"name\":\"Non bestemmiare il tempo: Don Milani nei ricordi dei discepoli\",\"isPartOf\":{\"@id\":\"https:\/\/www.pressenza.com\/it\/#website\"},\"primaryImageOfPage\":{\"@id\":\"https:\/\/www.pressenza.com\/it\/2023\/09\/non-bestemmiare-il-tempo-don-milani-nei-ricordi-dei-discepoli\/#primaryimage\"},\"image\":{\"@id\":\"https:\/\/www.pressenza.com\/it\/2023\/09\/non-bestemmiare-il-tempo-don-milani-nei-ricordi-dei-discepoli\/#primaryimage\"},\"thumbnailUrl\":\"https:\/\/www.pressenza.com\/wp-content\/uploads\/2023\/09\/non-bestemmiare-il-tempo.jpg\",\"datePublished\":\"2023-09-22T09:42:46+00:00\",\"dateModified\":\"2023-09-26T18:56:38+00:00\",\"description\":\"Abbiamo un ricordo di Don Milani nelle sue attivit\u00e0 topiche di prete antimilitarista, di maestro dei poveri, di critico dell'educazione ma ci rendiamo\",\"breadcrumb\":{\"@id\":\"https:\/\/www.pressenza.com\/it\/2023\/09\/non-bestemmiare-il-tempo-don-milani-nei-ricordi-dei-discepoli\/#breadcrumb\"},\"inLanguage\":\"it-IT\",\"potentialAction\":[{\"@type\":\"ReadAction\",\"target\":[\"https:\/\/www.pressenza.com\/it\/2023\/09\/non-bestemmiare-il-tempo-don-milani-nei-ricordi-dei-discepoli\/\"]}]},{\"@type\":\"ImageObject\",\"inLanguage\":\"it-IT\",\"@id\":\"https:\/\/www.pressenza.com\/it\/2023\/09\/non-bestemmiare-il-tempo-don-milani-nei-ricordi-dei-discepoli\/#primaryimage\",\"url\":\"https:\/\/www.pressenza.com\/wp-content\/uploads\/2023\/09\/non-bestemmiare-il-tempo.jpg\",\"contentUrl\":\"https:\/\/www.pressenza.com\/wp-content\/uploads\/2023\/09\/non-bestemmiare-il-tempo.jpg\",\"width\":536,\"height\":752},{\"@type\":\"BreadcrumbList\",\"@id\":\"https:\/\/www.pressenza.com\/it\/2023\/09\/non-bestemmiare-il-tempo-don-milani-nei-ricordi-dei-discepoli\/#breadcrumb\",\"itemListElement\":[{\"@type\":\"ListItem\",\"position\":1,\"name\":\"Accueil\",\"item\":\"https:\/\/www.pressenza.com\/it\/\"},{\"@type\":\"ListItem\",\"position\":2,\"name\":\"Non bestemmiare il tempo: Don Milani nei ricordi dei discepoli\"}]},{\"@type\":\"WebSite\",\"@id\":\"https:\/\/www.pressenza.com\/it\/#website\",\"url\":\"https:\/\/www.pressenza.com\/it\/\",\"name\":\"Pressenza\",\"description\":\"Agenzia di Stampa Internazionale\",\"publisher\":{\"@id\":\"https:\/\/www.pressenza.com\/it\/#organization\"},\"potentialAction\":[{\"@type\":\"SearchAction\",\"target\":{\"@type\":\"EntryPoint\",\"urlTemplate\":\"https:\/\/www.pressenza.com\/it\/?s={search_term_string}\"},\"query-input\":{\"@type\":\"PropertyValueSpecification\",\"valueRequired\":true,\"valueName\":\"search_term_string\"}}],\"inLanguage\":\"it-IT\"},{\"@type\":\"Organization\",\"@id\":\"https:\/\/www.pressenza.com\/it\/#organization\",\"name\":\"Pressenza\",\"url\":\"https:\/\/www.pressenza.com\/it\/\",\"logo\":{\"@type\":\"ImageObject\",\"inLanguage\":\"it-IT\",\"@id\":\"https:\/\/www.pressenza.com\/it\/#\/schema\/logo\/image\/\",\"url\":\"https:\/\/www.pressenza.com\/wp-content\/uploads\/2022\/10\/pressenza_logo_200x200.jpg\",\"contentUrl\":\"https:\/\/www.pressenza.com\/wp-content\/uploads\/2022\/10\/pressenza_logo_200x200.jpg\",\"width\":200,\"height\":200,\"caption\":\"Pressenza\"},\"image\":{\"@id\":\"https:\/\/www.pressenza.com\/it\/#\/schema\/logo\/image\/\"},\"sameAs\":[\"https:\/\/www.facebook.com\/PressenzaItalia\",\"https:\/\/x.com\/PressenzaIPA\"]},{\"@type\":\"Person\",\"@id\":\"https:\/\/www.pressenza.com\/it\/#\/schema\/person\/636f8feb51f63f34e7378d5fcdd1de53\",\"name\":\"Olivier Turquet\",\"description\":\"Takes care of writing to tell the reality for about 40 years. He has worked with paper publications, radio and electronic He founded the electronic news agency humanist Good News. He was press secretary to various events such as: the International Humanist, Florence Play, the World March for Peace and Nonviolence. Currently coordinates the Italian team of Pressenza. olivierturquet.wordpress.com\",\"sameAs\":[\"http:\/\/olivierturquet.wordpress.com\"],\"url\":\"https:\/\/www.pressenza.com\/it\/author\/olivier-turquet\/\"}]}<\/script>\n<!-- \/ Yoast SEO plugin. -->","yoast_head_json":{"title":"Non bestemmiare il tempo: Don Milani nei ricordi dei discepoli","description":"Abbiamo un ricordo di Don Milani nelle sue attivit\u00e0 topiche di prete antimilitarista, di maestro dei poveri, di critico dell'educazione ma ci rendiamo","robots":{"index":"index","follow":"follow","max-snippet":"max-snippet:-1","max-image-preview":"max-image-preview:large","max-video-preview":"max-video-preview:-1"},"canonical":"https:\/\/www.pressenza.com\/it\/2023\/09\/non-bestemmiare-il-tempo-don-milani-nei-ricordi-dei-discepoli\/","og_locale":"it_IT","og_type":"article","og_title":"Non bestemmiare il tempo: Don Milani nei ricordi dei discepoli","og_description":"Abbiamo un ricordo di Don Milani nelle sue attivit\u00e0 topiche di prete antimilitarista, di maestro dei poveri, di critico dell'educazione ma ci rendiamo","og_url":"https:\/\/www.pressenza.com\/it\/2023\/09\/non-bestemmiare-il-tempo-don-milani-nei-ricordi-dei-discepoli\/","og_site_name":"Pressenza","article_publisher":"https:\/\/www.facebook.com\/PressenzaItalia","article_published_time":"2023-09-22T09:42:46+00:00","article_modified_time":"2023-09-26T18:56:38+00:00","og_image":[{"width":536,"height":752,"url":"https:\/\/www.pressenza.com\/wp-content\/uploads\/2023\/09\/non-bestemmiare-il-tempo.jpg","type":"image\/jpeg"}],"author":"Olivier Turquet","twitter_card":"summary_large_image","twitter_creator":"@PressenzaIPA","twitter_site":"@PressenzaIPA","twitter_misc":{"Scritto da":"Olivier Turquet","Tempo di lettura stimato":"3 minuti"},"schema":{"@context":"https:\/\/schema.org","@graph":[{"@type":"Article","@id":"https:\/\/www.pressenza.com\/it\/2023\/09\/non-bestemmiare-il-tempo-don-milani-nei-ricordi-dei-discepoli\/#article","isPartOf":{"@id":"https:\/\/www.pressenza.com\/it\/2023\/09\/non-bestemmiare-il-tempo-don-milani-nei-ricordi-dei-discepoli\/"},"author":{"name":"Olivier Turquet","@id":"https:\/\/www.pressenza.com\/it\/#\/schema\/person\/636f8feb51f63f34e7378d5fcdd1de53"},"headline":"Non bestemmiare il tempo: Don Milani nei ricordi dei discepoli","datePublished":"2023-09-22T09:42:46+00:00","dateModified":"2023-09-26T18:56:38+00:00","mainEntityOfPage":{"@id":"https:\/\/www.pressenza.com\/it\/2023\/09\/non-bestemmiare-il-tempo-don-milani-nei-ricordi-dei-discepoli\/"},"wordCount":412,"publisher":{"@id":"https:\/\/www.pressenza.com\/it\/#organization"},"image":{"@id":"https:\/\/www.pressenza.com\/it\/2023\/09\/non-bestemmiare-il-tempo-don-milani-nei-ricordi-dei-discepoli\/#primaryimage"},"thumbnailUrl":"https:\/\/www.pressenza.com\/wp-content\/uploads\/2023\/09\/non-bestemmiare-il-tempo.jpg","keywords":["Don Milani","libro","recensione"],"articleSection":["Cultura e Media","Nonviolenza"],"inLanguage":"it-IT"},{"@type":"WebPage","@id":"https:\/\/www.pressenza.com\/it\/2023\/09\/non-bestemmiare-il-tempo-don-milani-nei-ricordi-dei-discepoli\/","url":"https:\/\/www.pressenza.com\/it\/2023\/09\/non-bestemmiare-il-tempo-don-milani-nei-ricordi-dei-discepoli\/","name":"Non bestemmiare il tempo: Don Milani nei ricordi dei discepoli","isPartOf":{"@id":"https:\/\/www.pressenza.com\/it\/#website"},"primaryImageOfPage":{"@id":"https:\/\/www.pressenza.com\/it\/2023\/09\/non-bestemmiare-il-tempo-don-milani-nei-ricordi-dei-discepoli\/#primaryimage"},"image":{"@id":"https:\/\/www.pressenza.com\/it\/2023\/09\/non-bestemmiare-il-tempo-don-milani-nei-ricordi-dei-discepoli\/#primaryimage"},"thumbnailUrl":"https:\/\/www.pressenza.com\/wp-content\/uploads\/2023\/09\/non-bestemmiare-il-tempo.jpg","datePublished":"2023-09-22T09:42:46+00:00","dateModified":"2023-09-26T18:56:38+00:00","description":"Abbiamo un ricordo di Don Milani nelle sue attivit\u00e0 topiche di prete antimilitarista, di maestro dei poveri, di critico dell'educazione ma ci rendiamo","breadcrumb":{"@id":"https:\/\/www.pressenza.com\/it\/2023\/09\/non-bestemmiare-il-tempo-don-milani-nei-ricordi-dei-discepoli\/#breadcrumb"},"inLanguage":"it-IT","potentialAction":[{"@type":"ReadAction","target":["https:\/\/www.pressenza.com\/it\/2023\/09\/non-bestemmiare-il-tempo-don-milani-nei-ricordi-dei-discepoli\/"]}]},{"@type":"ImageObject","inLanguage":"it-IT","@id":"https:\/\/www.pressenza.com\/it\/2023\/09\/non-bestemmiare-il-tempo-don-milani-nei-ricordi-dei-discepoli\/#primaryimage","url":"https:\/\/www.pressenza.com\/wp-content\/uploads\/2023\/09\/non-bestemmiare-il-tempo.jpg","contentUrl":"https:\/\/www.pressenza.com\/wp-content\/uploads\/2023\/09\/non-bestemmiare-il-tempo.jpg","width":536,"height":752},{"@type":"BreadcrumbList","@id":"https:\/\/www.pressenza.com\/it\/2023\/09\/non-bestemmiare-il-tempo-don-milani-nei-ricordi-dei-discepoli\/#breadcrumb","itemListElement":[{"@type":"ListItem","position":1,"name":"Accueil","item":"https:\/\/www.pressenza.com\/it\/"},{"@type":"ListItem","position":2,"name":"Non bestemmiare il tempo: Don Milani nei ricordi dei discepoli"}]},{"@type":"WebSite","@id":"https:\/\/www.pressenza.com\/it\/#website","url":"https:\/\/www.pressenza.com\/it\/","name":"Pressenza","description":"Agenzia di Stampa Internazionale","publisher":{"@id":"https:\/\/www.pressenza.com\/it\/#organization"},"potentialAction":[{"@type":"SearchAction","target":{"@type":"EntryPoint","urlTemplate":"https:\/\/www.pressenza.com\/it\/?s={search_term_string}"},"query-input":{"@type":"PropertyValueSpecification","valueRequired":true,"valueName":"search_term_string"}}],"inLanguage":"it-IT"},{"@type":"Organization","@id":"https:\/\/www.pressenza.com\/it\/#organization","name":"Pressenza","url":"https:\/\/www.pressenza.com\/it\/","logo":{"@type":"ImageObject","inLanguage":"it-IT","@id":"https:\/\/www.pressenza.com\/it\/#\/schema\/logo\/image\/","url":"https:\/\/www.pressenza.com\/wp-content\/uploads\/2022\/10\/pressenza_logo_200x200.jpg","contentUrl":"https:\/\/www.pressenza.com\/wp-content\/uploads\/2022\/10\/pressenza_logo_200x200.jpg","width":200,"height":200,"caption":"Pressenza"},"image":{"@id":"https:\/\/www.pressenza.com\/it\/#\/schema\/logo\/image\/"},"sameAs":["https:\/\/www.facebook.com\/PressenzaItalia","https:\/\/x.com\/PressenzaIPA"]},{"@type":"Person","@id":"https:\/\/www.pressenza.com\/it\/#\/schema\/person\/636f8feb51f63f34e7378d5fcdd1de53","name":"Olivier Turquet","description":"Takes care of writing to tell the reality for about 40 years. He has worked with paper publications, radio and electronic He founded the electronic news agency humanist Good News. He was press secretary to various events such as: the International Humanist, Florence Play, the World March for Peace and Nonviolence. Currently coordinates the Italian team of Pressenza. olivierturquet.wordpress.com","sameAs":["http:\/\/olivierturquet.wordpress.com"],"url":"https:\/\/www.pressenza.com\/it\/author\/olivier-turquet\/"}]}},"place":"","original_article_url":"","_links":{"self":[{"href":"https:\/\/www.pressenza.com\/it\/wp-json\/wp\/v2\/posts\/1766778","targetHints":{"allow":["GET"]}}],"collection":[{"href":"https:\/\/www.pressenza.com\/it\/wp-json\/wp\/v2\/posts"}],"about":[{"href":"https:\/\/www.pressenza.com\/it\/wp-json\/wp\/v2\/types\/post"}],"author":[{"embeddable":true,"href":"https:\/\/www.pressenza.com\/it\/wp-json\/wp\/v2\/users\/10"}],"replies":[{"embeddable":true,"href":"https:\/\/www.pressenza.com\/it\/wp-json\/wp\/v2\/comments?post=1766778"}],"version-history":[{"count":0,"href":"https:\/\/www.pressenza.com\/it\/wp-json\/wp\/v2\/posts\/1766778\/revisions"}],"wp:featuredmedia":[{"embeddable":true,"href":"https:\/\/www.pressenza.com\/it\/wp-json\/wp\/v2\/media\/1766792"}],"wp:attachment":[{"href":"https:\/\/www.pressenza.com\/it\/wp-json\/wp\/v2\/media?parent=1766778"}],"wp:term":[{"taxonomy":"category","embeddable":true,"href":"https:\/\/www.pressenza.com\/it\/wp-json\/wp\/v2\/categories?post=1766778"},{"taxonomy":"post_tag","embeddable":true,"href":"https:\/\/www.pressenza.com\/it\/wp-json\/wp\/v2\/tags?post=1766778"}],"curies":[{"name":"wp","href":"https:\/\/api.w.org\/{rel}","templated":true}]}}