{"id":1766349,"date":"2023-09-20T11:06:43","date_gmt":"2023-09-20T10:06:43","guid":{"rendered":"https:\/\/www.pressenza.com\/?p=1766349"},"modified":"2023-09-20T11:10:02","modified_gmt":"2023-09-20T10:10:02","slug":"migranti-a-ventimiglia-intervista-al-medico-carlo-pellegrino","status":"publish","type":"post","link":"https:\/\/www.pressenza.com\/it\/2023\/09\/migranti-a-ventimiglia-intervista-al-medico-carlo-pellegrino\/","title":{"rendered":"Migranti a Ventimiglia. Intervista al medico Carlo Pellegrino"},"content":{"rendered":"<p>In questi mesi, come capita ancora di pi\u00f9 nella stagione estiva, al centro dell\u2019attenzione ci sono gli sbarchi a Lampedusa, di fronte ai quali il governo sta rispondendo con provvedimenti estremamente gravi, oltre la solita retorica, \u00a0falsa e truffaldina, sull\u2019\u201cinvasione\u201d. Ma c\u2019\u00e8 un altro confine, di cui si sta parlando poco, dove da molto tempo esiste uno scenario pesantissimo, in cui i migranti vivono in condizioni indegne, sottoposti a soprusi e violenze. Le forze dell\u2019associazionismo e del volontariato cercano di rispondere portando il loro sostegno alle centinaia di giovani provenienti da vari parti del mondo che gravitano a ridosso del confine francese, cercando di oltrepassarlo nei modi pi\u00f9 disparati.<\/p>\n<p>Su questa situazione abbiamo intervistato Carlo Pellegrino, medico romano che esercita la professione da 40 anni, con una lunga esperienza in vari ospedali della capitale, poi nella provincia di Rieti e non solo. Da sempre impegnato nel sociale, anche nell\u2019ambito lavorativo si \u00e8 contraddistinto nel seguire le persone emarginate, in primis i migranti.<\/p>\n<p>Al Policlinico avevano attaccato un cartello con scritto \u201cQui non esistono clandestini, ma solo cittadini\u201d. E l\u2019ultima fase della sua vita lavorativa, andr\u00e0 in pensione a dicembre e a giugno si \u00e8 trasferito a Ventimiglia, dove si adopera per portare aiuto ai tanti migranti presenti nella zona.<\/p>\n<p><img loading=\"lazy\" decoding=\"async\" class=\"aligncenter wp-image-1766350 size-full\" src=\"https:\/\/www.pressenza.com\/wp-content\/uploads\/2023\/09\/Carlo-Pellegrino-rit.jpg\" alt=\"\" width=\"464\" height=\"433\" srcset=\"https:\/\/www.pressenza.com\/wp-content\/uploads\/2023\/09\/Carlo-Pellegrino-rit.jpg 464w, https:\/\/www.pressenza.com\/wp-content\/uploads\/2023\/09\/Carlo-Pellegrino-rit-300x280.jpg 300w\" sizes=\"auto, (max-width: 464px) 100vw, 464px\" \/><\/p>\n<p><strong>Come nasce l\u2019idea di andare a Ventimiglia?<\/strong><\/p>\n<p>In Liguria, come altrove, con i noti \u201cnumeri chiusi\u201d, hanno fatto i conti senza l\u2019oste. Pensavano, come \u00e8 accaduto in \u00a0altri Paesi, di prendersi medici dall\u2019est europeo o dal sud del mondo, ma in Italia c\u2019\u00e8 il grosso problema della burocrazia e qui vengono pagati molto di meno di quanto guadagnino i colleghi europei, per cui chi arrivava e arriva da Paesi pi\u00f9 poveri, giustamente si reca in Germania, Francia o Nord Europa. Io mi sono trasferito da giugno con contratto temporaneo all\u2019ospedale Saint Charles di Bordighera, che \u00e8 in una fase di rilancio.<\/p>\n<p><strong>Veniamo alla situazione dei migranti<\/strong><\/p>\n<p>Diciamo subito che sono trattati come corpi estranei. Il sindaco di Ventimiglia, leghista, ha fatto la sua battaglia per rendere loro la vita estremamente difficile e invece di investire i soldi per un minimo di sostegno umanitario, li ha impiegati in vigilantes, che stanno anche davanti alle fontane pubbliche per evitare che i migranti possano utilizzarle. E questo la dice lunga sul personaggio e sulla situazione. Inoltre ha creato un clima di terrore tra la cittadinanza. C\u2019\u00e8 da tenere presente che chi arriva a Ventimiglia non vuole rimanere, ma raggiungere amici e parenti in Francia, come i magrebini, o negli altri Paesi del Nord Europa. Inoltre gira voce che il sindaco voglia realizzare un Centro di detenzione.<\/p>\n<p><strong>Per quanto riguarda l\u2019associazionismo che forze esistono?<\/strong><\/p>\n<p>C\u2019\u00e8 un collettivo locale da tempo impegnato su questo fronte, anche aiutando i migranti a passare il confine con la Francia. con cui per\u00f2 non sono ancora riuscito ad entrare in contatto. E\u2019 ben presente la Caritas, con la quale collaboro, ed \u00e8 molto affidabile. Siamo riusciti a ricoverare alcuni migranti che finalmente hanno potuto beneficiare di assistenza, anche dal punto di vista umano.<\/p>\n<p><strong>Quali interventi fate dal punto di vista medico?<\/strong><\/p>\n<p>Un migrante aveva problemi respiratori, un ragazzo aveva un diabete giovanile, un altro ancora una ferita da accoltellamento, perch\u00e9 va detto che all\u2019interno di questo universo esistono certe dinamiche. In questo caso era stato taglieggiato da una banda di magrebini, ma sono dinamiche circoscritte, non bisogna generalizzare.<\/p>\n<p><strong>Quanti migranti si riesce ad assistere?<\/strong><\/p>\n<p>Al pronto soccorso di Bordighera mediamente c\u2019\u00e8 un afflusso che va dai 5 ai 10 al giorno, con il prevalere di patologie respiratorie, traumi, distorsioni, un po\u2019 di tutto, conseguenze di condizioni materiali molto pesanti. Ci sono diversi casi di malnutrizione perch\u00e9 cibarsi \u00e8 complicato. E\u2019 un contesto terribile. Da quando sono arrivato abbiamo avuto\u00a0 il decesso di un eritreo di circa 40 anni e nonostante il ricovero in rianimazione non c\u2019\u00e8 stato nulla da fare. E\u2019 da considerare che anche da parte della polizia di frontiera francese c\u2019\u00e8 una crudelt\u00e0 notevole. Quando li prendono gli tolgono le scarpe e li rimandano indietro. Potete immaginare le conseguenze su un sentiero di montagna, durante la stagione invernale.<\/p>\n<p><strong>E la popolazione locale come reagisce a questo contesto?<\/strong><\/p>\n<p>E\u2019 molto divisa, una parte consistente segue il sindaco, ma c\u2019\u00e8 anche chi aiuta i migranti, tanto \u00e8 vero che alcuni ragazzi fortunatamente e per loro capacit\u00e0 sono riusciti ad inserirsi, lavorando nell\u2019edilizia e nell\u2019artigianato come falegnami e marmisti. Si \u00e8 capito che l\u2019inclusione d\u00e0 una possibilit\u00e0 di integrarsi nel tessuto locale e nello stesso tempo diventa anche una risorsa in un contesto dove la popolazione \u00e8 molto anziana.<\/p>\n<p>&nbsp;<\/p>\n<p>&nbsp;<\/p>\n","protected":false},"excerpt":{"rendered":"<p>In questi mesi, come capita ancora di pi\u00f9 nella stagione estiva, al centro dell\u2019attenzione ci sono gli sbarchi a Lampedusa, di fronte ai quali il governo sta rispondendo con provvedimenti estremamente gravi, oltre la solita retorica, \u00a0falsa e truffaldina, sull\u2019\u201cinvasione\u201d.&hellip;<\/p>\n","protected":false},"author":2112,"featured_media":677228,"comment_status":"closed","ping_status":"closed","sticky":false,"template":"","format":"standard","meta":{"footnotes":""},"categories":[11388,47,157,54572,1259],"tags":[116254,116253,46832,27613],"class_list":["post-1766349","post","type-post","status-publish","format-standard","has-post-thumbnail","hentry","category-contenuti-originali","category-europa","category-interviste","category-migranti","category-salute-argomento","tag-aiuto-ai-migranti","tag-carlo-pellgrino","tag-confine-italia-francia","tag-ventimiglia"],"yoast_head":"<!-- This site is optimized with the Yoast SEO plugin v27.1.1 - https:\/\/yoast.com\/product\/yoast-seo-wordpress\/ -->\n<title>Migranti a Ventimiglia. Intervista al medico Carlo Pellegrino<\/title>\n<meta name=\"description\" content=\"In questi mesi, come capita ancora di pi\u00f9 nella stagione estiva, al centro dell\u2019attenzione ci sono gli sbarchi a Lampedusa, di fronte ai quali il governo\" \/>\n<meta name=\"robots\" content=\"index, follow, max-snippet:-1, max-image-preview:large, max-video-preview:-1\" \/>\n<link rel=\"canonical\" href=\"https:\/\/www.pressenza.com\/it\/2023\/09\/migranti-a-ventimiglia-intervista-al-medico-carlo-pellegrino\/\" \/>\n<meta property=\"og:locale\" content=\"it_IT\" \/>\n<meta property=\"og:type\" content=\"article\" \/>\n<meta property=\"og:title\" content=\"Migranti a Ventimiglia. Intervista al medico Carlo Pellegrino\" \/>\n<meta property=\"og:description\" content=\"In questi mesi, come capita ancora di pi\u00f9 nella stagione estiva, al centro dell\u2019attenzione ci sono gli sbarchi a Lampedusa, di fronte ai quali il governo\" \/>\n<meta property=\"og:url\" content=\"https:\/\/www.pressenza.com\/it\/2023\/09\/migranti-a-ventimiglia-intervista-al-medico-carlo-pellegrino\/\" \/>\n<meta property=\"og:site_name\" content=\"Pressenza\" \/>\n<meta property=\"article:publisher\" content=\"https:\/\/www.facebook.com\/PressenzaItalia\" \/>\n<meta property=\"article:published_time\" content=\"2023-09-20T10:06:43+00:00\" \/>\n<meta property=\"article:modified_time\" content=\"2023-09-20T10:10:02+00:00\" \/>\n<meta property=\"og:image\" content=\"https:\/\/www.pressenza.com\/wp-content\/uploads\/2018\/07\/Ventimiglia-citt---aperta-melting-pot.jpg\" \/>\n\t<meta property=\"og:image:width\" content=\"1600\" \/>\n\t<meta property=\"og:image:height\" content=\"1200\" \/>\n\t<meta property=\"og:image:type\" content=\"image\/jpeg\" \/>\n<meta name=\"author\" content=\"Sergio Sinigaglia\" \/>\n<meta name=\"twitter:card\" content=\"summary_large_image\" \/>\n<meta name=\"twitter:creator\" content=\"@PressenzaIPA\" \/>\n<meta name=\"twitter:site\" content=\"@PressenzaIPA\" \/>\n<meta name=\"twitter:label1\" content=\"Scritto da\" \/>\n\t<meta name=\"twitter:data1\" content=\"Sergio Sinigaglia\" \/>\n\t<meta name=\"twitter:label2\" content=\"Tempo di lettura stimato\" \/>\n\t<meta name=\"twitter:data2\" content=\"5 minuti\" \/>\n<script type=\"application\/ld+json\" class=\"yoast-schema-graph\">{\"@context\":\"https:\/\/schema.org\",\"@graph\":[{\"@type\":\"Article\",\"@id\":\"https:\/\/www.pressenza.com\/it\/2023\/09\/migranti-a-ventimiglia-intervista-al-medico-carlo-pellegrino\/#article\",\"isPartOf\":{\"@id\":\"https:\/\/www.pressenza.com\/it\/2023\/09\/migranti-a-ventimiglia-intervista-al-medico-carlo-pellegrino\/\"},\"author\":{\"name\":\"Sergio Sinigaglia\",\"@id\":\"https:\/\/www.pressenza.com\/it\/#\/schema\/person\/a1e9a2c1532b36b29d4776bb9701d842\"},\"headline\":\"Migranti a Ventimiglia. Intervista al medico Carlo Pellegrino\",\"datePublished\":\"2023-09-20T10:06:43+00:00\",\"dateModified\":\"2023-09-20T10:10:02+00:00\",\"mainEntityOfPage\":{\"@id\":\"https:\/\/www.pressenza.com\/it\/2023\/09\/migranti-a-ventimiglia-intervista-al-medico-carlo-pellegrino\/\"},\"wordCount\":769,\"publisher\":{\"@id\":\"https:\/\/www.pressenza.com\/it\/#organization\"},\"image\":{\"@id\":\"https:\/\/www.pressenza.com\/it\/2023\/09\/migranti-a-ventimiglia-intervista-al-medico-carlo-pellegrino\/#primaryimage\"},\"thumbnailUrl\":\"https:\/\/www.pressenza.com\/wp-content\/uploads\/2018\/07\/Ventimiglia-citt---aperta-melting-pot.jpg\",\"keywords\":[\"aiuto ai migranti\",\"Carlo Pellgrino\",\"confine Italia-Francia\",\"Ventimiglia\"],\"articleSection\":[\"contenuti originali\",\"Europa\",\"Interviste\",\"Migranti\",\"Salute\"],\"inLanguage\":\"it-IT\"},{\"@type\":\"WebPage\",\"@id\":\"https:\/\/www.pressenza.com\/it\/2023\/09\/migranti-a-ventimiglia-intervista-al-medico-carlo-pellegrino\/\",\"url\":\"https:\/\/www.pressenza.com\/it\/2023\/09\/migranti-a-ventimiglia-intervista-al-medico-carlo-pellegrino\/\",\"name\":\"Migranti a Ventimiglia. Intervista al medico Carlo Pellegrino\",\"isPartOf\":{\"@id\":\"https:\/\/www.pressenza.com\/it\/#website\"},\"primaryImageOfPage\":{\"@id\":\"https:\/\/www.pressenza.com\/it\/2023\/09\/migranti-a-ventimiglia-intervista-al-medico-carlo-pellegrino\/#primaryimage\"},\"image\":{\"@id\":\"https:\/\/www.pressenza.com\/it\/2023\/09\/migranti-a-ventimiglia-intervista-al-medico-carlo-pellegrino\/#primaryimage\"},\"thumbnailUrl\":\"https:\/\/www.pressenza.com\/wp-content\/uploads\/2018\/07\/Ventimiglia-citt---aperta-melting-pot.jpg\",\"datePublished\":\"2023-09-20T10:06:43+00:00\",\"dateModified\":\"2023-09-20T10:10:02+00:00\",\"description\":\"In questi mesi, come capita ancora di pi\u00f9 nella stagione estiva, al centro dell\u2019attenzione ci sono gli sbarchi a Lampedusa, di fronte ai quali il governo\",\"breadcrumb\":{\"@id\":\"https:\/\/www.pressenza.com\/it\/2023\/09\/migranti-a-ventimiglia-intervista-al-medico-carlo-pellegrino\/#breadcrumb\"},\"inLanguage\":\"it-IT\",\"potentialAction\":[{\"@type\":\"ReadAction\",\"target\":[\"https:\/\/www.pressenza.com\/it\/2023\/09\/migranti-a-ventimiglia-intervista-al-medico-carlo-pellegrino\/\"]}]},{\"@type\":\"ImageObject\",\"inLanguage\":\"it-IT\",\"@id\":\"https:\/\/www.pressenza.com\/it\/2023\/09\/migranti-a-ventimiglia-intervista-al-medico-carlo-pellegrino\/#primaryimage\",\"url\":\"https:\/\/www.pressenza.com\/wp-content\/uploads\/2018\/07\/Ventimiglia-citt---aperta-melting-pot.jpg\",\"contentUrl\":\"https:\/\/www.pressenza.com\/wp-content\/uploads\/2018\/07\/Ventimiglia-citt---aperta-melting-pot.jpg\",\"width\":1600,\"height\":1200},{\"@type\":\"BreadcrumbList\",\"@id\":\"https:\/\/www.pressenza.com\/it\/2023\/09\/migranti-a-ventimiglia-intervista-al-medico-carlo-pellegrino\/#breadcrumb\",\"itemListElement\":[{\"@type\":\"ListItem\",\"position\":1,\"name\":\"Accueil\",\"item\":\"https:\/\/www.pressenza.com\/it\/\"},{\"@type\":\"ListItem\",\"position\":2,\"name\":\"Migranti a Ventimiglia. Intervista al medico Carlo Pellegrino\"}]},{\"@type\":\"WebSite\",\"@id\":\"https:\/\/www.pressenza.com\/it\/#website\",\"url\":\"https:\/\/www.pressenza.com\/it\/\",\"name\":\"Pressenza\",\"description\":\"Agenzia di Stampa Internazionale\",\"publisher\":{\"@id\":\"https:\/\/www.pressenza.com\/it\/#organization\"},\"potentialAction\":[{\"@type\":\"SearchAction\",\"target\":{\"@type\":\"EntryPoint\",\"urlTemplate\":\"https:\/\/www.pressenza.com\/it\/?s={search_term_string}\"},\"query-input\":{\"@type\":\"PropertyValueSpecification\",\"valueRequired\":true,\"valueName\":\"search_term_string\"}}],\"inLanguage\":\"it-IT\"},{\"@type\":\"Organization\",\"@id\":\"https:\/\/www.pressenza.com\/it\/#organization\",\"name\":\"Pressenza\",\"url\":\"https:\/\/www.pressenza.com\/it\/\",\"logo\":{\"@type\":\"ImageObject\",\"inLanguage\":\"it-IT\",\"@id\":\"https:\/\/www.pressenza.com\/it\/#\/schema\/logo\/image\/\",\"url\":\"https:\/\/www.pressenza.com\/wp-content\/uploads\/2022\/10\/pressenza_logo_200x200.jpg\",\"contentUrl\":\"https:\/\/www.pressenza.com\/wp-content\/uploads\/2022\/10\/pressenza_logo_200x200.jpg\",\"width\":200,\"height\":200,\"caption\":\"Pressenza\"},\"image\":{\"@id\":\"https:\/\/www.pressenza.com\/it\/#\/schema\/logo\/image\/\"},\"sameAs\":[\"https:\/\/www.facebook.com\/PressenzaItalia\",\"https:\/\/x.com\/PressenzaIPA\"]},{\"@type\":\"Person\",\"@id\":\"https:\/\/www.pressenza.com\/it\/#\/schema\/person\/a1e9a2c1532b36b29d4776bb9701d842\",\"name\":\"Sergio Sinigaglia\",\"url\":\"https:\/\/www.pressenza.com\/it\/author\/sergio-sinigaglia\/\"}]}<\/script>\n<!-- \/ Yoast SEO plugin. -->","yoast_head_json":{"title":"Migranti a Ventimiglia. Intervista al medico Carlo Pellegrino","description":"In questi mesi, come capita ancora di pi\u00f9 nella stagione estiva, al centro dell\u2019attenzione ci sono gli sbarchi a Lampedusa, di fronte ai quali il governo","robots":{"index":"index","follow":"follow","max-snippet":"max-snippet:-1","max-image-preview":"max-image-preview:large","max-video-preview":"max-video-preview:-1"},"canonical":"https:\/\/www.pressenza.com\/it\/2023\/09\/migranti-a-ventimiglia-intervista-al-medico-carlo-pellegrino\/","og_locale":"it_IT","og_type":"article","og_title":"Migranti a Ventimiglia. Intervista al medico Carlo Pellegrino","og_description":"In questi mesi, come capita ancora di pi\u00f9 nella stagione estiva, al centro dell\u2019attenzione ci sono gli sbarchi a Lampedusa, di fronte ai quali il governo","og_url":"https:\/\/www.pressenza.com\/it\/2023\/09\/migranti-a-ventimiglia-intervista-al-medico-carlo-pellegrino\/","og_site_name":"Pressenza","article_publisher":"https:\/\/www.facebook.com\/PressenzaItalia","article_published_time":"2023-09-20T10:06:43+00:00","article_modified_time":"2023-09-20T10:10:02+00:00","og_image":[{"width":1600,"height":1200,"url":"https:\/\/www.pressenza.com\/wp-content\/uploads\/2018\/07\/Ventimiglia-citt---aperta-melting-pot.jpg","type":"image\/jpeg"}],"author":"Sergio Sinigaglia","twitter_card":"summary_large_image","twitter_creator":"@PressenzaIPA","twitter_site":"@PressenzaIPA","twitter_misc":{"Scritto da":"Sergio Sinigaglia","Tempo di lettura stimato":"5 minuti"},"schema":{"@context":"https:\/\/schema.org","@graph":[{"@type":"Article","@id":"https:\/\/www.pressenza.com\/it\/2023\/09\/migranti-a-ventimiglia-intervista-al-medico-carlo-pellegrino\/#article","isPartOf":{"@id":"https:\/\/www.pressenza.com\/it\/2023\/09\/migranti-a-ventimiglia-intervista-al-medico-carlo-pellegrino\/"},"author":{"name":"Sergio Sinigaglia","@id":"https:\/\/www.pressenza.com\/it\/#\/schema\/person\/a1e9a2c1532b36b29d4776bb9701d842"},"headline":"Migranti a Ventimiglia. Intervista al medico Carlo Pellegrino","datePublished":"2023-09-20T10:06:43+00:00","dateModified":"2023-09-20T10:10:02+00:00","mainEntityOfPage":{"@id":"https:\/\/www.pressenza.com\/it\/2023\/09\/migranti-a-ventimiglia-intervista-al-medico-carlo-pellegrino\/"},"wordCount":769,"publisher":{"@id":"https:\/\/www.pressenza.com\/it\/#organization"},"image":{"@id":"https:\/\/www.pressenza.com\/it\/2023\/09\/migranti-a-ventimiglia-intervista-al-medico-carlo-pellegrino\/#primaryimage"},"thumbnailUrl":"https:\/\/www.pressenza.com\/wp-content\/uploads\/2018\/07\/Ventimiglia-citt---aperta-melting-pot.jpg","keywords":["aiuto ai migranti","Carlo Pellgrino","confine Italia-Francia","Ventimiglia"],"articleSection":["contenuti originali","Europa","Interviste","Migranti","Salute"],"inLanguage":"it-IT"},{"@type":"WebPage","@id":"https:\/\/www.pressenza.com\/it\/2023\/09\/migranti-a-ventimiglia-intervista-al-medico-carlo-pellegrino\/","url":"https:\/\/www.pressenza.com\/it\/2023\/09\/migranti-a-ventimiglia-intervista-al-medico-carlo-pellegrino\/","name":"Migranti a Ventimiglia. Intervista al medico Carlo Pellegrino","isPartOf":{"@id":"https:\/\/www.pressenza.com\/it\/#website"},"primaryImageOfPage":{"@id":"https:\/\/www.pressenza.com\/it\/2023\/09\/migranti-a-ventimiglia-intervista-al-medico-carlo-pellegrino\/#primaryimage"},"image":{"@id":"https:\/\/www.pressenza.com\/it\/2023\/09\/migranti-a-ventimiglia-intervista-al-medico-carlo-pellegrino\/#primaryimage"},"thumbnailUrl":"https:\/\/www.pressenza.com\/wp-content\/uploads\/2018\/07\/Ventimiglia-citt---aperta-melting-pot.jpg","datePublished":"2023-09-20T10:06:43+00:00","dateModified":"2023-09-20T10:10:02+00:00","description":"In questi mesi, come capita ancora di pi\u00f9 nella stagione estiva, al centro dell\u2019attenzione ci sono gli sbarchi a Lampedusa, di fronte ai quali il governo","breadcrumb":{"@id":"https:\/\/www.pressenza.com\/it\/2023\/09\/migranti-a-ventimiglia-intervista-al-medico-carlo-pellegrino\/#breadcrumb"},"inLanguage":"it-IT","potentialAction":[{"@type":"ReadAction","target":["https:\/\/www.pressenza.com\/it\/2023\/09\/migranti-a-ventimiglia-intervista-al-medico-carlo-pellegrino\/"]}]},{"@type":"ImageObject","inLanguage":"it-IT","@id":"https:\/\/www.pressenza.com\/it\/2023\/09\/migranti-a-ventimiglia-intervista-al-medico-carlo-pellegrino\/#primaryimage","url":"https:\/\/www.pressenza.com\/wp-content\/uploads\/2018\/07\/Ventimiglia-citt---aperta-melting-pot.jpg","contentUrl":"https:\/\/www.pressenza.com\/wp-content\/uploads\/2018\/07\/Ventimiglia-citt---aperta-melting-pot.jpg","width":1600,"height":1200},{"@type":"BreadcrumbList","@id":"https:\/\/www.pressenza.com\/it\/2023\/09\/migranti-a-ventimiglia-intervista-al-medico-carlo-pellegrino\/#breadcrumb","itemListElement":[{"@type":"ListItem","position":1,"name":"Accueil","item":"https:\/\/www.pressenza.com\/it\/"},{"@type":"ListItem","position":2,"name":"Migranti a Ventimiglia. Intervista al medico Carlo Pellegrino"}]},{"@type":"WebSite","@id":"https:\/\/www.pressenza.com\/it\/#website","url":"https:\/\/www.pressenza.com\/it\/","name":"Pressenza","description":"Agenzia di Stampa Internazionale","publisher":{"@id":"https:\/\/www.pressenza.com\/it\/#organization"},"potentialAction":[{"@type":"SearchAction","target":{"@type":"EntryPoint","urlTemplate":"https:\/\/www.pressenza.com\/it\/?s={search_term_string}"},"query-input":{"@type":"PropertyValueSpecification","valueRequired":true,"valueName":"search_term_string"}}],"inLanguage":"it-IT"},{"@type":"Organization","@id":"https:\/\/www.pressenza.com\/it\/#organization","name":"Pressenza","url":"https:\/\/www.pressenza.com\/it\/","logo":{"@type":"ImageObject","inLanguage":"it-IT","@id":"https:\/\/www.pressenza.com\/it\/#\/schema\/logo\/image\/","url":"https:\/\/www.pressenza.com\/wp-content\/uploads\/2022\/10\/pressenza_logo_200x200.jpg","contentUrl":"https:\/\/www.pressenza.com\/wp-content\/uploads\/2022\/10\/pressenza_logo_200x200.jpg","width":200,"height":200,"caption":"Pressenza"},"image":{"@id":"https:\/\/www.pressenza.com\/it\/#\/schema\/logo\/image\/"},"sameAs":["https:\/\/www.facebook.com\/PressenzaItalia","https:\/\/x.com\/PressenzaIPA"]},{"@type":"Person","@id":"https:\/\/www.pressenza.com\/it\/#\/schema\/person\/a1e9a2c1532b36b29d4776bb9701d842","name":"Sergio Sinigaglia","url":"https:\/\/www.pressenza.com\/it\/author\/sergio-sinigaglia\/"}]}},"place":"","original_article_url":"","_links":{"self":[{"href":"https:\/\/www.pressenza.com\/it\/wp-json\/wp\/v2\/posts\/1766349","targetHints":{"allow":["GET"]}}],"collection":[{"href":"https:\/\/www.pressenza.com\/it\/wp-json\/wp\/v2\/posts"}],"about":[{"href":"https:\/\/www.pressenza.com\/it\/wp-json\/wp\/v2\/types\/post"}],"author":[{"embeddable":true,"href":"https:\/\/www.pressenza.com\/it\/wp-json\/wp\/v2\/users\/2112"}],"replies":[{"embeddable":true,"href":"https:\/\/www.pressenza.com\/it\/wp-json\/wp\/v2\/comments?post=1766349"}],"version-history":[{"count":0,"href":"https:\/\/www.pressenza.com\/it\/wp-json\/wp\/v2\/posts\/1766349\/revisions"}],"wp:featuredmedia":[{"embeddable":true,"href":"https:\/\/www.pressenza.com\/it\/wp-json\/wp\/v2\/media\/677228"}],"wp:attachment":[{"href":"https:\/\/www.pressenza.com\/it\/wp-json\/wp\/v2\/media?parent=1766349"}],"wp:term":[{"taxonomy":"category","embeddable":true,"href":"https:\/\/www.pressenza.com\/it\/wp-json\/wp\/v2\/categories?post=1766349"},{"taxonomy":"post_tag","embeddable":true,"href":"https:\/\/www.pressenza.com\/it\/wp-json\/wp\/v2\/tags?post=1766349"}],"curies":[{"name":"wp","href":"https:\/\/api.w.org\/{rel}","templated":true}]}}