{"id":1766331,"date":"2023-09-20T10:44:54","date_gmt":"2023-09-20T09:44:54","guid":{"rendered":"https:\/\/www.pressenza.com\/?p=1766331"},"modified":"2023-09-20T10:55:25","modified_gmt":"2023-09-20T09:55:25","slug":"23netzinesud-%d3%8eeriggio-n-34-2","status":"publish","type":"post","link":"https:\/\/www.pressenza.com\/it\/2023\/09\/23netzinesud-%d3%8eeriggio-n-34-2\/","title":{"rendered":"23@netzineSud \u2013 \u04cderiggio \\ n. 35"},"content":{"rendered":"<p><em>&gt; \u00a0rassegnanews sulle soggettiv\u20b3zioni del meticciato meridioglocal \u00a0&lt;<\/em><\/p>\n<p><em>\u00a0<\/em><\/p>\n<p><strong>Preparare l\u2019Europa ai cambiamenti climatici. Una nuova realt\u00e0: pi\u00f9 calda, pi\u00f9 secca, pi\u00f9 la umida che richiede una preparazione sociale. La piattaforma europea Climate-ADAPT per l\u2019adattamento ai cambiamenti climatici offre oltre 100 casi di studio per pianificare gli interventi<\/strong><\/p>\n<p>Dagli incendi alle inondazioni disastrose in tutta l\u2019Europa meridionale, l\u2019estate del 2023 sar\u00e0 ricordata da condizioni meteorologiche estreme.\u00a0Quanto siamo preparati a tali eventi e al loro impatto?\u00a0Le incessanti ondate di caldo che colpiscono milioni di europei in tutto il continente, gli incendi e le inondazioni improvvise che colpiscono molte comunit\u00e0 richiedono azioni ancora pi\u00f9 ambiziose per preparare una nuova realt\u00e0 accelerando al tempo stesso la transizione verso la sostenibilit\u00e0. Quest\u2019estate \u00e8 stata l\u2019 estate\u00a0<a href=\"https:\/\/climate.copernicus.eu\/summer-2023-hottest-record\">pi\u00f9 calda<\/a>\u00a0mai registrata a livello globale e la quinta pi\u00f9 calda per l\u2019Europa.\u00a0Quest\u2019anno\u00a0gli incendi\u00a0nell\u2019Ue hanno bruciato oltre\u00a0<a href=\"https:\/\/joint-research-centre.ec.europa.eu\/jrc-news-and-updates\/wildfires-2023-41-burnt-area-eu-within-natura-2000-protected-sites-2023-09-08_en\">468.000 ettari , molti dei quali hanno colpito destinazioni turistiche nel sud e colpito l\u2019economia locale.\u00a0<\/a>Dopo lunghi periodi di\u00a0caldo intenso e siccit\u00e0. intere comunit\u00e0 e i loro mezzi di sussistenza sono stati duramente colpiti nel giro di poche ore a Rodi e Corf\u00f9. Anche la natura \u00e8 stata colpita.\u00a0Oltre\u00a0<a href=\"https:\/\/joint-research-centre.ec.europa.eu\/jrc-news-and-updates\/wildfires-2023-41-burnt-area-eu-within-natura-2000-protected-sites-2023-09-08_en\">il 40% dell\u2019area bruciata<\/a>\u00a0quest\u2019anno era costituita da aree\u00a0Natura 2000, con un impatto sugli habitat e sulle specie dipendenti da questi ecosistemi.\u00a0Le ondate di caldo hanno coinciso con piogge torrenziali e inondazioni improvvise in Bulgaria, Grecia, Slovenia e Turchia, provocando\u00a0perdite di vite umane e ingenti perdite economiche.\u00a0Negli ultimi 42 anni, le<strong style=\"font-style: inherit;\">\u00a0<a href=\"https:\/\/www.eea.europa.eu\/ims\/economic-losses-from-climate-related\">perdite economiche e i danni<\/a>\u00a0<\/strong>causati da condizioni meteorologiche e climatiche estreme sono ammontati complessivamente ad almeno 560 miliardi di euro, con perdite annuali superiori a 50 miliardi di euro nel 2021 e nel 2022. Nel 2023 possiamo aspettarci stime di perdite simili. Anno dopo anno, siamo sorpresi dalla\u00a0crescente gravit\u00e0\u00a0di questi eventi e rattristati dall\u2019entit\u00e0 delle perdite che causano.\u00a0Ma questi eventi meteorologici estremi non dovrebbero pi\u00f9 coglierci di sorpresa.\u00a0Sfortunatamente, stiamo vivendo uno scenario climatico dal quale gli scienziati ci mettono in guardia da decenni.<\/p>\n<h6><a href=\"https:\/\/greenreport.it\/news\/clima\/preparare-leuropa-ai-cambiamenti-climatici\/\">comunicato integrale su greenreport\u00a0<\/a><\/h6>\n<p>&nbsp;<\/p>\n<p><strong>\u201cDecreto Sud\u201d, ennesima raffica repressiva: i CPR non si chiudono, anzi si moltiplicano <\/strong><\/p>\n<p>Il Consiglio dei ministri ha inasprito le gi\u00e0 disumane leggi italiane in materia di immigrazione: si parla infatti di nuovi CPR (Centri di permanenza per il rimpatrio) uno per Regione e di prolungamenti dei tempi di trattenimento (detenzione) che si svilupperanno in \u201climite massimo di trattenimento dei richiedenti asilo entrati illegalmente che rester\u00e0 di 12 mesi effettivi mentre quello delle persone presenti irregolarmente in Italia passer\u00e0 dagli attuali 3 mesi ai 6 estendibili fino a 18\u201d. Quei luoghi, che sono la negazione di ogni tipo di diritto ed all\u2019interno dei quali non si contano pi\u00f9 i tentativi di suicidio e gli atti di autolesionismo vanno chiusi, non ampliati. Ancora una volta quindi si criminalizzano delle Persone che non hanno commesso reati ma che a detta del governo \u201csono illegali\u201d facendo capo alla vergognosa legge \u201cBossi-Fini\u201d del 2002 ed alla legge n. 94 del 2009, che, nel Testo Unico delle norme sugli stranieri extracomunitari, introduce il cosiddetto \u201creato di clandestinit\u00e0\u201d, il tutto mentre si continuano a stringere memorandum con \u201cstati \u2013 non stati\u201d come Libia e Tunisia al solo scopo di esternalizzare le frontiere finanziando luoghi di detenzione e guardie costiere pi\u00f9 simili a bande che nel Mediterraneo mettono in atto delle vere e proprie cacce all\u2019uomo.<\/p>\n<h6><a href=\"https:\/\/ecoinformazioni.com\/author\/ecoinformazioni\/\">comunicato su ecoinformazioni<\/a><\/h6>\n<p>&nbsp;<\/p>\n<p><strong>Smantellare la fortezza-Europa e la sua deriva autoritaria. Il <em>Forum per Cambiare l\u2019Ordine delle Cose<\/em> propone una roadmap dal basso per un Patto su Migrazioni e Asilo<\/strong><\/p>\n<p>L\u2019 ECRE (<a href=\"https:\/\/ecre.org\/ecre-policy-paper-reforming-eu-asylum-law-the-final-stage\/\">Consiglio europeo per i rifugiati e gli esuli<\/a>)\u00a0ha pubblicato alla fine dell\u2019estate un\u00a0<a href=\"https:\/\/ecre.org\/wp-content\/uploads\/2023\/08\/Policy-Parper-Reforming-EU-Asylum-Law-the-Final-Stage-August-2023.pdf\"> rapporto<\/a>\u00a0in cui formula una serie di raccomandazioni ai due co-legislatori dell\u2019Unione Europea, il Parlamento e il Consiglio, in vista della fase finale dei negoziati che si stanno svolgendo sul Patto europeo Migrazioni e Asilo. Pi\u00f9 nello specifico, rispetto al nuovo regolamento procedure, ECRE ritiene che debba essere introdotta la proposta avanzata dal Parlamento, cio\u00e8 l\u2019obbligo per l\u2019autorit\u00e0 di un paese di registrare la domanda e di fornire al richiedente informazioni su dove e come presentarla. Rispetto allo\u00a0<strong>stato di primo ingresso\u00a0<\/strong>(ex regolamento Dublino) dovrebbero poter permanere le condizioni che consentono ai richiedenti, in alcune circostanze, le condizioni di accoglienza, anche se presenti, in via temporanea, in uno Stato membro diverso da quello competente per la loro richiesta. ECRE chiede di vietare la proposta avanzata dalla Commissione, e anche dal Consiglio, sullo screening, ritenendo che tali procedure possano incoraggiare attivit\u00e0 di polizia discriminatorie. Anche il Forum chiede di fermare questa deriva autoritaria che in tutta Europa sta mettendo a rischio la tutela dei diritti umani e di cittadinanza attraverso il Patto Europeo per le Migrazioni. Ed \u00e8 per questo che, al fine di\u00a0<strong><em>smantellare l\u2019Europa Fortezza<\/em><\/strong>, un continente fatto di procedure di frontiera per i richiedenti asilo e di un sistema di accoglienza che diviene strumento di sorveglianza e di controllo, stiamo costruendo una Roadmap per ragionare ed approfondire insieme, dal basso con momenti pubblici cittadini, le politiche europee che fondano il Patto Per Le Migrazioni e l\u2019Asilo e promuovere una visione comune e una narrazione alternativa. Vogliamo rendere evidente la strategia profondamente sbagliata che da anni sta muovendo anche la politica europea e che si fonda sull\u2019inasprimento delle azioni di chiusura e di aumento dei muri, fisici ed elettronici, e di nuovi e pi\u00f9 violenti respingimenti. Se approvati questi testi produrranno crisi periodiche che renderanno l\u2019Europa una cupa fortezza che sta minando stato di diritto e del livello di democrazia interna. Per maggiori informazioni scrivi a:\u00a0info@cambiarelordinedellecose.eu<\/p>\n<h6><a href=\"https:\/\/comune-info.net\/autori\/forum-per-cambiare-lordine-delle-cose\/\"><strong>abstract nota &#8220;Forum per Cambiare l\u2019Ordine delle Cose&#8221;<\/strong><\/a><\/h6>\n<p>&nbsp;<\/p>\n<p><strong>I migranti e gli isolani: dalla cronache di un\u2019attivista sulla settimana di sbarchi a Lampedusa<\/strong><\/p>\n<p>Gli sbarchi continuano giorno dopo giorno. Stremati dal viaggio e affamati, i profughi non hanno alcuna idea di dove andare. Qualcuno chiede indicazioni per\u00a0Palermo<strong>,<\/strong>\u00a0non sanno di essere su un\u2019isola. Sono in mare da quattro giorni. I mediatori presenti fanno quello che possono, riescono a dare risposte a una piccolissima parte della folla, il cibo \u00e8 poco e la distribuzione \u00e8 lenta. Il sistema di trasferimento veloce via bus \u00e8 totalmente insufficiente, nonostante un aumento degli sbarchi fosse ampiamente prevedibile non sono state prese misure adeguate. Tra i nuovi arrivati, chi pu\u00f2 scappa dall\u2019hotspot, in tanti bussano alle porte degli isolani in cerca di cibo, le persone aprono le loro case e qualcuno organizza una spaghettata. Gli abitanti di\u00a0Lampedusa\u00a0mettono frettolosamente insieme vestiti, giocattoli, cibo, cercano di supportare i profughi. Ognuno fa quel che pu\u00f2: i volontari delle associazioni danno manforte agli operatori della\u00a0Croce Rossa<strong>,<\/strong> i ristoratori danno fondo alle riserve alimentari, gli isolani tentano di comunicare in lingue sconosciute e persino qualcuno tra i turisti prova a rendersi utile comprando e portando in giro vettovaglie. La strada \u00e8 piena di ragazzi che corrono senza meta, cercando di sfuggire ai controlli e all\u2019idea che qualcuno gli dica cosa fare senza avere a sua volta alcun programma di gestione della situazione. Quando i poliziotti e i finanzieri intercettano i giovani in fuga li fanno sedere per terra per controllarli. Anche i bambini sono tanti, le madri sono giovanissime, \u00e8 a loro che il sistema di supporto allo sbarco d\u00e0 la priorit\u00e0. Arriva il via libera perch\u00e9 alcune persone lascino l\u2019isola. Sono appena settecento. L\u2019animo dei lampedusani sembra contrastato. Vivono di turismo, sono preoccupati perch\u00e9 alle strutture ricettive cominciano ad arrivare disdette, \u00e8 un colpo duro per chi lavora solo pochi mesi l\u2019anno. Dagli occhi di alcuni tra loro si percepisce quasi un senso di colpa, davanti a una sofferenza che non \u00e8 paragonabile a nulla, ma allo stesso tempo denunciano solitudine e stanchezza.\u00a0(<a href=\"https:\/\/napolimonitor.it\/claudia-gallinaro\/\"><em>claudia gallinaro<\/em><\/a>)<\/p>\n<h6><a href=\"https:\/\/napolimonitor.it\/lampedusa-i-migranti-e-gli-isolani-cronache-di-una-settimana-di-sbarchi\/\">versione articolo Napolimonitor<\/a><\/h6>\n<p>&nbsp;<\/p>\n<p><strong>Presentata la <\/strong><em><strong>position paper<\/strong><\/em><strong> dell\u2019<\/strong><em><strong>Alleanza contro la povert\u00e0:<\/strong><\/em><em><strong>\u00a0&#8220;<\/strong><\/em><strong>Urgente riaprire il dibattito per la reintroduzione di una misura universale di reddito&#8221;. Si<\/strong><strong>\u00a0stima che con i nuovi strumenti sostitutivi, Assegno di Inclusione e Supporto per Formazione <em>e<\/em> Lavoro, <\/strong><strong>la platea dei beneficiari del vecchio RdC si dimezzer\u00e0 del 50%<\/strong><\/p>\n<p>Indispensabile e pregiudiziale \u00e8 per noi \u2013 precisa l\u2019<em>Alleanza <\/em>nella sua <em>position paper,<\/em> \u00a0presentata gioved\u00ec scorso al Senato &#8211; un ritorno ad una misura universalistica e non categoriale. Una serie di ragioni sostengono questa posizione, che sembrava quasi incardinata nel nostro ordinamento gi\u00e0 dal 2018, con l\u2019introduzione del Reddito di inclusione e con le successive misure fino al Reddito di cittadinanza. Quel principio \u00e8 una delle ragioni fondative dell\u2019<em>Alleanza contro la povert\u00e0<\/em>, che gi\u00e0 nella proposta originaria sostenne l\u2019introduzione nell\u2019ordinamento di una misura diretta alla povert\u00e0 che fosse connotata dal vincolo universalistico. La spinta di quella intuizione raccolta all\u2019epoca dal legislatore ci aiut\u00f2 a liberarci dal triste primato, che condividevamo con la Grecia, di essere gli unici due Paesi europei a non avere un reddito minimo. Quindi quel vincolo aveva allora e ha oggi, per noi, un suo valore specifico. Da ci\u00f2 che ci suggerisce la nostra esperienza, vivere in una condizione di disagio sociale, quanto non di povert\u00e0, prescinde dall\u2019et\u00e0, dal luogo dove si vive o dalle origini etniche: banalmente chi \u00e8 povero, \u00e8 semplicemente povero. La fragilit\u00e0 sociale, per quanto viva nelle persone, \u00e8 oggettiva. E i motivi per i quali ci si trova in una situazione di soggezione e disagio, prevalentemente non dipendono dalla volont\u00e0 di chi in quella situazione si \u00e8 trovato: forse solo un anno e mezzo prima lavorava e aveva una vita dignitosa; oppure lavora e ha una famiglia e due figli da far crescere <em>(working poor<\/em>), o \u00e8 un lavoratore sottopagato; o, ancora, ha dei figli maggiorenni da mandare all\u2019universit\u00e0, o forse in questa condizione si \u00e8 trovato a seguito del fallimento della sua impresa artigiana o commerciale, o per condizioni che non hanno direttamente a che fare con il lavoro o per una situazione non riconducibile alla solo assenza di occupazione, come un problema sanitario o anche la crescita del costo della vita. Perch\u00e9 \u2013 lo ricordiamo &#8211; l\u2019inflazione colpisce soprattutto i pi\u00f9 economicamente fragili o, come in questi mesi, la variazione delle rate di mutuo, che ha un forte impatto sulla condizione di famiglie e singoli.\u00a0 A volte basta davvero poco per scivolare nella solitudine drammatica di chi non ce la fa. In altre parole,\u00a0<em>chi vive in povert\u00e0 non pu\u00f2 essere considerato colpevole della propria condizione<\/em><em>\u201d.<\/em><\/p>\n<h6><strong><a href=\"https:\/\/www.redattoresociale.it\/article\/notiziario\/poverta_l_alleanza_indispensabile_un_ritorno_a_una_misura_universalistica_e_non_categoriale_?UA-11580724-2\">versione articolo Redattore Sociale <\/a><\/strong><\/h6>\n<p><strong>\u00a0<\/strong><\/p>\n<p><strong>Teatro greco Siracusa, un bene da tutelare o da consumare? Politecnico di Torino e le Universit\u00e0 di Trieste e Palermo studieranno lo stato di salute del monumento e i protocolli per la salvaguardia<\/strong><\/p>\n<p>Un contesto unico, estremamente suggestivo e carico di storia, il teatro greco di Siracusa, il monumento pi\u00f9 famoso della citt\u00e0, costituisce da oltre un secolo lo scenario in cui vengono realizzate le\u00a0<em>rappresentazioni classiche<\/em>, che attirano anche turisti stranieri di ogni parte del mondo. Eppure il teatro soffre da anni una situazione di<em>crescente degrado<\/em>, nei confronti della quale bisognerebbe intervenire per evitare che il danno cresca in maniera esponenziale. Lo sanno bene gli esperti, non solo locali, lo sanno gli archeologi della Soprintendenza, a cui spetta il ruolo di tutela, e il personale del\u00a0Parco archeologico, diretto attualmente da Carmelo Bennardo, a cui compete il controllo della fruizione del monumento. In concreto, poco e\u00a0nulla si \u00e8 fatto\u00a0per avviare una stagione di interventi di manutenzione ordinaria e straordinaria, o di restauro e consolidamento. Di recente, qualcosa sembra si stia muovendo. Soprattutto da quando il teatro greco \u00e8 diventato anche una location prestigiosa e unica per spettacoli di tipo diverso da quelli classici,\u00a0<strong>concerti musicali di noti e acclamati cantanti pop e rock.\u00a0<\/strong>Eventi che hanno richiamato un pubblico molto numeroso ma hanno esposto il monumento a rischi ulteriori, legati ai numeri alti di afflusso e probabilmente anche alle emissioni sonore particolarmente elevate. <strong>Un grido di allarme<\/strong>\u00a0\u00e8 stato lanciato da vari archeologi, ma anche dalla <em>Consulta<\/em> <em>universitaria per l\u2019archeologia del mondo classico<\/em> e dalla <em>F\u00e9d\u00e9ration<\/em> <em>internationale des associations d\u2019etudes classiques<\/em>, che hanno rivolto un appello al Governo nazionale, alla presidenza della Regione ed al sindaco di Siracusa.\u00a0Nel frattempo\u00a0<strong>tre universit\u00e0<\/strong> sono state coinvolte per studiare lo stato di salute del monumento e gli interventi per salvaguardarlo. Hanno ricevuto incarichi il Politecnico di Torino, l\u2019Universit\u00e0 di Trieste e sta per riceverlo l\u2019Universit\u00e0 di Palermo. Ognuno di questi Atenei, con i loro specialisti, si occuper\u00e0 di uno degli aspetti del deterioramento del bene.\u00a0Per la prima volta pare che si voglia fare sul serio. Ci auguriamo che sia davvero cos\u00ec e che non accada che, a spettacoli conclusi, la questione venga accantonata.<\/p>\n<h6><strong><a href=\"https:\/\/www.argocatania.it\/2023\/09\/16\/teatro-greco-siracusa-un-bene-da-preservare-o-da-consumare\/\">per maggiori informazioni si rinvia su ARGO Catania<\/a><\/strong><\/h6>\n<p>&nbsp;<\/p>\n<p style=\"text-align: right;\"><em><strong>Commenti \\ Inchieste \\ Rapporti \\ Conflitti \\ Altermeridionalismo<\/strong><\/em><\/p>\n<p><em><strong>\u00a0<\/strong><\/em><\/p>\n","protected":false},"excerpt":{"rendered":"<p>&gt; \u00a0rassegnanews sulle soggettiv\u20b3zioni del meticciato meridioglocal \u00a0&lt; \u00a0 Preparare l\u2019Europa ai cambiamenti climatici. Una nuova realt\u00e0: pi\u00f9 calda, pi\u00f9 secca, pi\u00f9 la umida che richiede una preparazione sociale. La piattaforma europea Climate-ADAPT per l\u2019adattamento ai cambiamenti climatici offre oltre&hellip;<\/p>\n","protected":false},"author":1734,"featured_media":1766342,"comment_status":"closed","ping_status":"closed","sticky":false,"template":"","format":"standard","meta":{"footnotes":""},"categories":[150,56,60,47,54572],"tags":[107528,6933,34377,4339,1488,31149,116252],"class_list":["post-1766331","post","type-post","status-publish","format-standard","has-post-thumbnail","hentry","category-comunicati-stampa","category-cultura","category-diritti-umani","category-europa","category-migranti","tag-alleanza-contro-la-poverta","tag-cambiamenti-climatici","tag-cpr","tag-eventi","tag-lampedusa","tag-reddito-di-base-universale","tag-teatro-greco-siracusa"],"yoast_head":"<!-- This site is optimized with the Yoast SEO plugin v27.1.1 - https:\/\/yoast.com\/product\/yoast-seo-wordpress\/ -->\n<title>23@netzineSud \u2013 \u04cderiggio \\ n. 35<\/title>\n<meta name=\"description\" content=\"&gt; \u00a0rassegnanews sulle soggettiv\u20b3zioni del meticciato meridioglocal \u00a0&lt; \u00a0 Preparare l\u2019Europa ai cambiamenti climatici. Una nuova realt\u00e0: pi\u00f9 calda,\" \/>\n<meta name=\"robots\" content=\"index, follow, max-snippet:-1, max-image-preview:large, max-video-preview:-1\" \/>\n<link rel=\"canonical\" href=\"https:\/\/www.pressenza.com\/it\/2023\/09\/23netzinesud-%d3%8eeriggio-n-34-2\/\" \/>\n<meta property=\"og:locale\" content=\"it_IT\" \/>\n<meta property=\"og:type\" content=\"article\" \/>\n<meta property=\"og:title\" content=\"23@netzineSud \u2013 \u04cderiggio \\ n. 35\" \/>\n<meta property=\"og:description\" content=\"&gt; \u00a0rassegnanews sulle soggettiv\u20b3zioni del meticciato meridioglocal \u00a0&lt; \u00a0 Preparare l\u2019Europa ai cambiamenti climatici. Una nuova realt\u00e0: pi\u00f9 calda,\" \/>\n<meta property=\"og:url\" content=\"https:\/\/www.pressenza.com\/it\/2023\/09\/23netzinesud-%d3%8eeriggio-n-34-2\/\" \/>\n<meta property=\"og:site_name\" content=\"Pressenza\" \/>\n<meta property=\"article:publisher\" content=\"https:\/\/www.facebook.com\/PressenzaItalia\" \/>\n<meta property=\"article:published_time\" content=\"2023-09-20T09:44:54+00:00\" \/>\n<meta property=\"article:modified_time\" content=\"2023-09-20T09:55:25+00:00\" \/>\n<meta property=\"og:image\" content=\"https:\/\/www.pressenza.com\/wp-content\/uploads\/2023\/09\/59745939_10217888722239989_2136736445824499712_n-2.jpg\" \/>\n\t<meta property=\"og:image:width\" content=\"572\" \/>\n\t<meta property=\"og:image:height\" content=\"362\" \/>\n\t<meta property=\"og:image:type\" content=\"image\/jpeg\" \/>\n<meta name=\"author\" content=\"Toni Casano\" \/>\n<meta name=\"twitter:card\" content=\"summary_large_image\" \/>\n<meta name=\"twitter:creator\" content=\"@PressenzaIPA\" \/>\n<meta name=\"twitter:site\" content=\"@PressenzaIPA\" \/>\n<meta name=\"twitter:label1\" content=\"Scritto da\" \/>\n\t<meta name=\"twitter:data1\" content=\"Toni Casano\" \/>\n\t<meta name=\"twitter:label2\" content=\"Tempo di lettura stimato\" \/>\n\t<meta name=\"twitter:data2\" content=\"12 minuti\" \/>\n<script type=\"application\/ld+json\" class=\"yoast-schema-graph\">{\"@context\":\"https:\/\/schema.org\",\"@graph\":[{\"@type\":\"Article\",\"@id\":\"https:\/\/www.pressenza.com\/it\/2023\/09\/23netzinesud-%d3%8eeriggio-n-34-2\/#article\",\"isPartOf\":{\"@id\":\"https:\/\/www.pressenza.com\/it\/2023\/09\/23netzinesud-%d3%8eeriggio-n-34-2\/\"},\"author\":{\"name\":\"Toni Casano\",\"@id\":\"https:\/\/www.pressenza.com\/it\/#\/schema\/person\/96f237719a2b94ddc64a123d009ffc86\"},\"headline\":\"23@netzineSud \u2013 \u04cderiggio \\\\ n. 35\",\"datePublished\":\"2023-09-20T09:44:54+00:00\",\"dateModified\":\"2023-09-20T09:55:25+00:00\",\"mainEntityOfPage\":{\"@id\":\"https:\/\/www.pressenza.com\/it\/2023\/09\/23netzinesud-%d3%8eeriggio-n-34-2\/\"},\"wordCount\":2100,\"publisher\":{\"@id\":\"https:\/\/www.pressenza.com\/it\/#organization\"},\"image\":{\"@id\":\"https:\/\/www.pressenza.com\/it\/2023\/09\/23netzinesud-%d3%8eeriggio-n-34-2\/#primaryimage\"},\"thumbnailUrl\":\"https:\/\/www.pressenza.com\/wp-content\/uploads\/2023\/09\/59745939_10217888722239989_2136736445824499712_n-2.jpg\",\"keywords\":[\"alleanza contro la povert\u00e0\",\"cambiamenti climatici\",\"CPR\",\"eventi\",\"Lampedusa\",\"Reddito di Base Universale\",\"teatro greco Siracusa\"],\"articleSection\":[\"Comunicati Stampa\",\"Cultura e Media\",\"Diritti Umani\",\"Europa\",\"Migranti\"],\"inLanguage\":\"it-IT\"},{\"@type\":\"WebPage\",\"@id\":\"https:\/\/www.pressenza.com\/it\/2023\/09\/23netzinesud-%d3%8eeriggio-n-34-2\/\",\"url\":\"https:\/\/www.pressenza.com\/it\/2023\/09\/23netzinesud-%d3%8eeriggio-n-34-2\/\",\"name\":\"23@netzineSud \u2013 \u04cderiggio \\\\ n. 35\",\"isPartOf\":{\"@id\":\"https:\/\/www.pressenza.com\/it\/#website\"},\"primaryImageOfPage\":{\"@id\":\"https:\/\/www.pressenza.com\/it\/2023\/09\/23netzinesud-%d3%8eeriggio-n-34-2\/#primaryimage\"},\"image\":{\"@id\":\"https:\/\/www.pressenza.com\/it\/2023\/09\/23netzinesud-%d3%8eeriggio-n-34-2\/#primaryimage\"},\"thumbnailUrl\":\"https:\/\/www.pressenza.com\/wp-content\/uploads\/2023\/09\/59745939_10217888722239989_2136736445824499712_n-2.jpg\",\"datePublished\":\"2023-09-20T09:44:54+00:00\",\"dateModified\":\"2023-09-20T09:55:25+00:00\",\"description\":\"&gt; \u00a0rassegnanews sulle soggettiv\u20b3zioni del meticciato meridioglocal \u00a0&lt; \u00a0 Preparare l\u2019Europa ai cambiamenti climatici. Una nuova realt\u00e0: pi\u00f9 calda,\",\"breadcrumb\":{\"@id\":\"https:\/\/www.pressenza.com\/it\/2023\/09\/23netzinesud-%d3%8eeriggio-n-34-2\/#breadcrumb\"},\"inLanguage\":\"it-IT\",\"potentialAction\":[{\"@type\":\"ReadAction\",\"target\":[\"https:\/\/www.pressenza.com\/it\/2023\/09\/23netzinesud-%d3%8eeriggio-n-34-2\/\"]}]},{\"@type\":\"ImageObject\",\"inLanguage\":\"it-IT\",\"@id\":\"https:\/\/www.pressenza.com\/it\/2023\/09\/23netzinesud-%d3%8eeriggio-n-34-2\/#primaryimage\",\"url\":\"https:\/\/www.pressenza.com\/wp-content\/uploads\/2023\/09\/59745939_10217888722239989_2136736445824499712_n-2.jpg\",\"contentUrl\":\"https:\/\/www.pressenza.com\/wp-content\/uploads\/2023\/09\/59745939_10217888722239989_2136736445824499712_n-2.jpg\",\"width\":572,\"height\":362,\"caption\":\"#iSudcontano\"},{\"@type\":\"BreadcrumbList\",\"@id\":\"https:\/\/www.pressenza.com\/it\/2023\/09\/23netzinesud-%d3%8eeriggio-n-34-2\/#breadcrumb\",\"itemListElement\":[{\"@type\":\"ListItem\",\"position\":1,\"name\":\"Accueil\",\"item\":\"https:\/\/www.pressenza.com\/it\/\"},{\"@type\":\"ListItem\",\"position\":2,\"name\":\"23@netzineSud \u2013 \u04cderiggio \\\\ n. 35\"}]},{\"@type\":\"WebSite\",\"@id\":\"https:\/\/www.pressenza.com\/it\/#website\",\"url\":\"https:\/\/www.pressenza.com\/it\/\",\"name\":\"Pressenza\",\"description\":\"Agenzia di Stampa Internazionale\",\"publisher\":{\"@id\":\"https:\/\/www.pressenza.com\/it\/#organization\"},\"potentialAction\":[{\"@type\":\"SearchAction\",\"target\":{\"@type\":\"EntryPoint\",\"urlTemplate\":\"https:\/\/www.pressenza.com\/it\/?s={search_term_string}\"},\"query-input\":{\"@type\":\"PropertyValueSpecification\",\"valueRequired\":true,\"valueName\":\"search_term_string\"}}],\"inLanguage\":\"it-IT\"},{\"@type\":\"Organization\",\"@id\":\"https:\/\/www.pressenza.com\/it\/#organization\",\"name\":\"Pressenza\",\"url\":\"https:\/\/www.pressenza.com\/it\/\",\"logo\":{\"@type\":\"ImageObject\",\"inLanguage\":\"it-IT\",\"@id\":\"https:\/\/www.pressenza.com\/it\/#\/schema\/logo\/image\/\",\"url\":\"https:\/\/www.pressenza.com\/wp-content\/uploads\/2022\/10\/pressenza_logo_200x200.jpg\",\"contentUrl\":\"https:\/\/www.pressenza.com\/wp-content\/uploads\/2022\/10\/pressenza_logo_200x200.jpg\",\"width\":200,\"height\":200,\"caption\":\"Pressenza\"},\"image\":{\"@id\":\"https:\/\/www.pressenza.com\/it\/#\/schema\/logo\/image\/\"},\"sameAs\":[\"https:\/\/www.facebook.com\/PressenzaItalia\",\"https:\/\/x.com\/PressenzaIPA\"]},{\"@type\":\"Person\",\"@id\":\"https:\/\/www.pressenza.com\/it\/#\/schema\/person\/96f237719a2b94ddc64a123d009ffc86\",\"name\":\"Toni Casano\",\"url\":\"https:\/\/www.pressenza.com\/it\/author\/toni-casano\/\"}]}<\/script>\n<!-- \/ Yoast SEO plugin. -->","yoast_head_json":{"title":"23@netzineSud \u2013 \u04cderiggio \\ n. 35","description":"&gt; \u00a0rassegnanews sulle soggettiv\u20b3zioni del meticciato meridioglocal \u00a0&lt; \u00a0 Preparare l\u2019Europa ai cambiamenti climatici. Una nuova realt\u00e0: pi\u00f9 calda,","robots":{"index":"index","follow":"follow","max-snippet":"max-snippet:-1","max-image-preview":"max-image-preview:large","max-video-preview":"max-video-preview:-1"},"canonical":"https:\/\/www.pressenza.com\/it\/2023\/09\/23netzinesud-%d3%8eeriggio-n-34-2\/","og_locale":"it_IT","og_type":"article","og_title":"23@netzineSud \u2013 \u04cderiggio \\ n. 35","og_description":"&gt; \u00a0rassegnanews sulle soggettiv\u20b3zioni del meticciato meridioglocal \u00a0&lt; \u00a0 Preparare l\u2019Europa ai cambiamenti climatici. Una nuova realt\u00e0: pi\u00f9 calda,","og_url":"https:\/\/www.pressenza.com\/it\/2023\/09\/23netzinesud-%d3%8eeriggio-n-34-2\/","og_site_name":"Pressenza","article_publisher":"https:\/\/www.facebook.com\/PressenzaItalia","article_published_time":"2023-09-20T09:44:54+00:00","article_modified_time":"2023-09-20T09:55:25+00:00","og_image":[{"width":572,"height":362,"url":"https:\/\/www.pressenza.com\/wp-content\/uploads\/2023\/09\/59745939_10217888722239989_2136736445824499712_n-2.jpg","type":"image\/jpeg"}],"author":"Toni Casano","twitter_card":"summary_large_image","twitter_creator":"@PressenzaIPA","twitter_site":"@PressenzaIPA","twitter_misc":{"Scritto da":"Toni Casano","Tempo di lettura stimato":"12 minuti"},"schema":{"@context":"https:\/\/schema.org","@graph":[{"@type":"Article","@id":"https:\/\/www.pressenza.com\/it\/2023\/09\/23netzinesud-%d3%8eeriggio-n-34-2\/#article","isPartOf":{"@id":"https:\/\/www.pressenza.com\/it\/2023\/09\/23netzinesud-%d3%8eeriggio-n-34-2\/"},"author":{"name":"Toni Casano","@id":"https:\/\/www.pressenza.com\/it\/#\/schema\/person\/96f237719a2b94ddc64a123d009ffc86"},"headline":"23@netzineSud \u2013 \u04cderiggio \\ n. 35","datePublished":"2023-09-20T09:44:54+00:00","dateModified":"2023-09-20T09:55:25+00:00","mainEntityOfPage":{"@id":"https:\/\/www.pressenza.com\/it\/2023\/09\/23netzinesud-%d3%8eeriggio-n-34-2\/"},"wordCount":2100,"publisher":{"@id":"https:\/\/www.pressenza.com\/it\/#organization"},"image":{"@id":"https:\/\/www.pressenza.com\/it\/2023\/09\/23netzinesud-%d3%8eeriggio-n-34-2\/#primaryimage"},"thumbnailUrl":"https:\/\/www.pressenza.com\/wp-content\/uploads\/2023\/09\/59745939_10217888722239989_2136736445824499712_n-2.jpg","keywords":["alleanza contro la povert\u00e0","cambiamenti climatici","CPR","eventi","Lampedusa","Reddito di Base Universale","teatro greco Siracusa"],"articleSection":["Comunicati Stampa","Cultura e Media","Diritti Umani","Europa","Migranti"],"inLanguage":"it-IT"},{"@type":"WebPage","@id":"https:\/\/www.pressenza.com\/it\/2023\/09\/23netzinesud-%d3%8eeriggio-n-34-2\/","url":"https:\/\/www.pressenza.com\/it\/2023\/09\/23netzinesud-%d3%8eeriggio-n-34-2\/","name":"23@netzineSud \u2013 \u04cderiggio \\ n. 35","isPartOf":{"@id":"https:\/\/www.pressenza.com\/it\/#website"},"primaryImageOfPage":{"@id":"https:\/\/www.pressenza.com\/it\/2023\/09\/23netzinesud-%d3%8eeriggio-n-34-2\/#primaryimage"},"image":{"@id":"https:\/\/www.pressenza.com\/it\/2023\/09\/23netzinesud-%d3%8eeriggio-n-34-2\/#primaryimage"},"thumbnailUrl":"https:\/\/www.pressenza.com\/wp-content\/uploads\/2023\/09\/59745939_10217888722239989_2136736445824499712_n-2.jpg","datePublished":"2023-09-20T09:44:54+00:00","dateModified":"2023-09-20T09:55:25+00:00","description":"&gt; \u00a0rassegnanews sulle soggettiv\u20b3zioni del meticciato meridioglocal \u00a0&lt; \u00a0 Preparare l\u2019Europa ai cambiamenti climatici. Una nuova realt\u00e0: pi\u00f9 calda,","breadcrumb":{"@id":"https:\/\/www.pressenza.com\/it\/2023\/09\/23netzinesud-%d3%8eeriggio-n-34-2\/#breadcrumb"},"inLanguage":"it-IT","potentialAction":[{"@type":"ReadAction","target":["https:\/\/www.pressenza.com\/it\/2023\/09\/23netzinesud-%d3%8eeriggio-n-34-2\/"]}]},{"@type":"ImageObject","inLanguage":"it-IT","@id":"https:\/\/www.pressenza.com\/it\/2023\/09\/23netzinesud-%d3%8eeriggio-n-34-2\/#primaryimage","url":"https:\/\/www.pressenza.com\/wp-content\/uploads\/2023\/09\/59745939_10217888722239989_2136736445824499712_n-2.jpg","contentUrl":"https:\/\/www.pressenza.com\/wp-content\/uploads\/2023\/09\/59745939_10217888722239989_2136736445824499712_n-2.jpg","width":572,"height":362,"caption":"#iSudcontano"},{"@type":"BreadcrumbList","@id":"https:\/\/www.pressenza.com\/it\/2023\/09\/23netzinesud-%d3%8eeriggio-n-34-2\/#breadcrumb","itemListElement":[{"@type":"ListItem","position":1,"name":"Accueil","item":"https:\/\/www.pressenza.com\/it\/"},{"@type":"ListItem","position":2,"name":"23@netzineSud \u2013 \u04cderiggio \\ n. 35"}]},{"@type":"WebSite","@id":"https:\/\/www.pressenza.com\/it\/#website","url":"https:\/\/www.pressenza.com\/it\/","name":"Pressenza","description":"Agenzia di Stampa Internazionale","publisher":{"@id":"https:\/\/www.pressenza.com\/it\/#organization"},"potentialAction":[{"@type":"SearchAction","target":{"@type":"EntryPoint","urlTemplate":"https:\/\/www.pressenza.com\/it\/?s={search_term_string}"},"query-input":{"@type":"PropertyValueSpecification","valueRequired":true,"valueName":"search_term_string"}}],"inLanguage":"it-IT"},{"@type":"Organization","@id":"https:\/\/www.pressenza.com\/it\/#organization","name":"Pressenza","url":"https:\/\/www.pressenza.com\/it\/","logo":{"@type":"ImageObject","inLanguage":"it-IT","@id":"https:\/\/www.pressenza.com\/it\/#\/schema\/logo\/image\/","url":"https:\/\/www.pressenza.com\/wp-content\/uploads\/2022\/10\/pressenza_logo_200x200.jpg","contentUrl":"https:\/\/www.pressenza.com\/wp-content\/uploads\/2022\/10\/pressenza_logo_200x200.jpg","width":200,"height":200,"caption":"Pressenza"},"image":{"@id":"https:\/\/www.pressenza.com\/it\/#\/schema\/logo\/image\/"},"sameAs":["https:\/\/www.facebook.com\/PressenzaItalia","https:\/\/x.com\/PressenzaIPA"]},{"@type":"Person","@id":"https:\/\/www.pressenza.com\/it\/#\/schema\/person\/96f237719a2b94ddc64a123d009ffc86","name":"Toni Casano","url":"https:\/\/www.pressenza.com\/it\/author\/toni-casano\/"}]}},"place":"a cura di","original_article_url":"","_links":{"self":[{"href":"https:\/\/www.pressenza.com\/it\/wp-json\/wp\/v2\/posts\/1766331","targetHints":{"allow":["GET"]}}],"collection":[{"href":"https:\/\/www.pressenza.com\/it\/wp-json\/wp\/v2\/posts"}],"about":[{"href":"https:\/\/www.pressenza.com\/it\/wp-json\/wp\/v2\/types\/post"}],"author":[{"embeddable":true,"href":"https:\/\/www.pressenza.com\/it\/wp-json\/wp\/v2\/users\/1734"}],"replies":[{"embeddable":true,"href":"https:\/\/www.pressenza.com\/it\/wp-json\/wp\/v2\/comments?post=1766331"}],"version-history":[{"count":0,"href":"https:\/\/www.pressenza.com\/it\/wp-json\/wp\/v2\/posts\/1766331\/revisions"}],"wp:featuredmedia":[{"embeddable":true,"href":"https:\/\/www.pressenza.com\/it\/wp-json\/wp\/v2\/media\/1766342"}],"wp:attachment":[{"href":"https:\/\/www.pressenza.com\/it\/wp-json\/wp\/v2\/media?parent=1766331"}],"wp:term":[{"taxonomy":"category","embeddable":true,"href":"https:\/\/www.pressenza.com\/it\/wp-json\/wp\/v2\/categories?post=1766331"},{"taxonomy":"post_tag","embeddable":true,"href":"https:\/\/www.pressenza.com\/it\/wp-json\/wp\/v2\/tags?post=1766331"}],"curies":[{"name":"wp","href":"https:\/\/api.w.org\/{rel}","templated":true}]}}